{"id":23181,"date":"2018-10-22T13:05:52","date_gmt":"2018-10-22T10:05:52","guid":{"rendered":"http:\/\/balcilar-blog.com\/?p=23181"},"modified":"2018-10-22T13:05:52","modified_gmt":"2018-10-22T10:05:52","slug":"gecen-haftanin-15-21-ekim-2018-en-cok-izlenen-dizileri","status":"publish","type":"post","link":"https:\/\/balcilar-blog.com\/?p=23181","title":{"rendered":"Ge\u00e7en Haftan\u0131n (15 &#8211; 21 Ekim 2018) En \u00c7ok \u0130zlenen Dizileri!"},"content":{"rendered":"<p><img loading=\"lazy\" decoding=\"async\" class=\"alignnone size-full wp-image-23190\" src=\"http:\/\/balcilar-blog.com\/wp-content\/uploads\/2018\/10\/cats-22-EK\u0130M.jpg\" alt=\"\" width=\"640\" height=\"363\" srcset=\"https:\/\/balcilar-blog.com\/wp-content\/uploads\/2018\/10\/cats-22-EK\u0130M.jpg 640w, https:\/\/balcilar-blog.com\/wp-content\/uploads\/2018\/10\/cats-22-EK\u0130M-300x170.jpg 300w\" sizes=\"auto, (max-width: 640px) 100vw, 640px\" \/><\/p>\n<p><strong>TNS \u00f6l\u00e7\u00fcmleri<\/strong>ne g\u00f6re haz\u0131rlad\u0131\u011f\u0131m <strong>15\u00a0&#8211; 21 Ekim 2018\u00a0<\/strong>Tarihleri aras\u0131nda en \u00e7ok seyredilen alt\u0131 Ulusal kanallar\u0131m\u0131zda ekranlar\u0131m\u0131za gelen 30 dizi aras\u0131nda, Total\u2019de ve AB\u2019de ilk ona giren, \u00d6ne \u00e7\u0131kan dizilerin, haftan\u0131n dizi karnesini a\u015fa\u011f\u0131da bilgilerinize sunuyorum.<\/p>\n<p><strong>GE\u00c7EN HAFTA G\u00d6STER\u0130MDEK\u0130 D\u0130Z\u0130LER :<\/strong><\/p>\n<p>\u00c7ukur (Show), S\u00f6z (Star), Yasak Elma (Fox), Egenin Hamsisi (TRT1), Can K\u0131r\u0131klar\u0131. E\u015fk\u0131ya D\u00fcnyaya H\u00fck\u00fcmdar Olmaz (ATV), Ufak Tefek Cinayetler (Star Tv), Kad\u0131n (Fox),\u00a0 Koca Koca Yalanlar (Kanal D), Sen Anlat Karadeniz (Atv), \u00c7ocuklar Duymas\u0131n (Kanal D), Jet Sosyete (TV8),\u00a0 Bizim Hikaye (Fox), Avlu (Star), Bir Zamanlar \u00c7ukurova (Atv), Arka Sokaklar (Kanal D), G\u00fclperi (Show Tv), K\u0131z\u0131m (Tv8), \u0130stanbullu Gelin (Star),\u00a0 A\u015fk ve Mavi (Atv), Payitaht Abd\u00fclhamid (TRT1), Erkenci Ku\u015f (Star Tv), Bir Deli R\u00fczgar &#8211; Final ( Fox Tv), Bir Umut Yeter (Kanal D), Kalk Gidelim (TRT1),Yeni Gelin (Show Tv), Elimi B\u0131rakma (TRT), A\u011flama Anne (Atv), Bir Litre G\u00f6zya\u015f\u0131 (Kanal D) ve Sava\u015f\u00e7\u0131 (Fox Tv) dizilerinin yeni b\u00f6l\u00fcmleri yay\u0131nland\u0131.<\/p>\n<p><strong>HAFTANIN D\u0130Z\u0130LER\u0130NDE ;<\/strong><\/p>\n<p><strong>Total\u2019in ilk s\u0131ras\u0131nda<\/strong> ATV&#8217;nin sevilen dizisi\u00a0 Sen Anlat Karadeniz 14,80 ile bu hafta da birinci s\u0131rada yer ald\u0131.\u00a0 Total&#8217;in 10.s\u0131ras\u0131nda Fox Tv&#8217;in &#8220;Bizim Hikaye&#8221; dizisi 6,26 ile yer al\u0131yor.<\/p>\n<p><strong>AB\u2019nin ilk s\u0131ras\u0131nda;<\/strong> yeni karakterlerin ilavesiyle &#8220;\u00c7ukur&#8221; 11,59 puanla yer al\u0131yor. TRT1&#8217;nin Payitaht Abd\u00fclhamid dizisi, AB&#8217;de ald\u0131\u011f\u0131 5,22 puan ile 10.s\u0131rada yer al\u0131yor.<\/p>\n<p>&nbsp;<\/p>\n<p><strong>BU HAFTA EN \u00c7OK \u0130ZLENEN \u0130LK ONA G\u0130REN D\u0130Z\u0130LERE G\u00d6Z ATALIM!<\/strong><\/p>\n<p>Bu s\u0131ralama sadece dizilerin reytingler y\u00fczdesine g\u00f6re en \u00e7ok izlenen dizilerin ilk 10\u2019da yer alanlar\u0131n\u0131 s\u0131ralamaya koyuyorum. Yar\u0131\u015fma, e\u011flence ve haber programlar\u0131 y\u00fczdeleri y\u00fcksek olsa da bu s\u0131ralamaya koymuyorum. Bu sadece dizilerin yar\u0131\u015f\u0131d\u0131r, en \u00e7ok izlenen dizilerin s\u0131ralamas\u0131d\u0131r. Bir nevi dizilerin karnesidir.<\/p>\n<p>&nbsp;<\/p>\n<p><strong>GE\u00c7EN HAFTA EN \u00c7OK \u0130ZLENEN D\u0130Z\u0130LER\u0130NDE:<\/strong><\/p>\n<p><strong>Total ilk 10 :<\/strong><\/p>\n<p>1.Sen Anlat Karadeniz 26.B\u00f6l\u00fcm (Atv)&#8230;&#8230;&#8230;&#8230;&#8230;&#8230;&#8230;..14,80 &#8211; 37,71<\/p>\n<p>2.Bir Zamanlar \u00c7ukurova 6.B\u00f6l\u00fcm (Atv)&#8230;&#8230;&#8230;&#8230;&#8230;&#8230;..12,51 &#8211; 31,55<\/p>\n<p>3.Kad\u0131n 35.B\u00f6l\u00fcm (Fox Tv)&#8230;&#8230;&#8230;&#8230;&#8230;&#8230;&#8230;&#8230;&#8230;&#8230;&#8230;&#8230;&#8230;..10,94 &#8211; 28,23<\/p>\n<p>4.\u00c7ukur 38.B\u00f6l\u00fcm (Show Tv)&#8230;&#8230;&#8230;&#8230;&#8230;&#8230;&#8230;&#8230;&#8230;&#8230;&#8230;&#8230;..10,78 &#8211; 26,29<\/p>\n<p>5.E\u015fk\u0131ya D\u00fcnyaya H\u00fck\u00fcmdar Olmaz 111.Bl.(Atv)&#8230;&#8230;.7,97 &#8211; 20,37<\/p>\n<p>6.G\u00fclperi 6.B\u00f6l\u00fcm (Show Tv)&#8230;&#8230;&#8230;&#8230;&#8230;&#8230;&#8230;&#8230;&#8230;&#8230;&#8230;&#8230;..7,49 &#8211; 18,25<\/p>\n<p>7.S\u00f6z 55.B\u00f6l\u00fcm (Star Tv)&#8230;&#8230;&#8230;&#8230;&#8230;&#8230;&#8230;&#8230;&#8230;&#8230;&#8230;&#8230;&#8230;&#8230;&#8230;.7,41 &#8211; 17,83<\/p>\n<p>8.Arka Sokaklar 491.B\u00f6l\u00fcm (Kanal D)&#8230;&#8230;&#8230;&#8230;&#8230;&#8230;&#8230;&#8230;6,95 &#8211; 16,77<\/p>\n<p>9.Sava\u015f\u00e7\u0131 51.B\u00f6l\u00fcm (Fox Tv)&#8230;&#8230;&#8230;&#8230;&#8230;&#8230;&#8230;&#8230;&#8230;&#8230;&#8230;&#8230;&#8230;..6,80 &#8211; 17,36<\/p>\n<p>10.Bizim Hikaye 43.B\u00f6l\u00fcm (Fox Tv)&#8230;&#8230;&#8230;&#8230;&#8230;&#8230;&#8230;&#8230;&#8230;.6,26 &#8211; 14,22<\/p>\n<p>&nbsp;<\/p>\n<p><strong>AB\u2019de ilk 10 :<\/strong><\/p>\n<p>1.\u00c7ukur 38.B\u00f6l\u00fcm (Show Tv)&#8230;&#8230;&#8230;&#8230;&#8230;&#8230;&#8230;&#8230;&#8230;&#8230;&#8230;&#8230;.11,59 &#8211; 28,34<\/p>\n<p>2.Bir Zamanlar \u00c7ukurova 6.B\u00f6l\u00fcm (Atv)&#8230;&#8230;&#8230;&#8230;&#8230;&#8230;.10,85 &#8211; 29,41<\/p>\n<p>3.Kad\u0131n 35.B\u00f6l\u00fcm (Fox Tv)&#8230;&#8230;&#8230;&#8230;&#8230;&#8230;&#8230;&#8230;&#8230;&#8230;&#8230;&#8230;&#8230;..9,11 &#8211; 23,99<\/p>\n<p>4.Sen Anlat Karadeniz 26.B\u00f6l\u00fcm (Atv)&#8230;&#8230;&#8230;&#8230;&#8230;&#8230;&#8230;..9,06 &#8211; 25,84<\/p>\n<p>5.E\u015fk\u0131ya D\u00fcnyaya H\u00fck\u00fcmdar Olmaz 111.Bl.(Atv)&#8230;&#8230;.8,21 &#8211; 21,61<\/p>\n<p>6.Elimi B\u0131rakma 13.B\u00f6l\u00fcm (TRT1)&#8230;&#8230;&#8230;&#8230;&#8230;&#8230;&#8230;&#8230;&#8230;&#8230;6,69 &#8211; 16,85<\/p>\n<p>7.Erkenci Ku\u015f 16.B\u00f6l\u00fcm (Star Tv)&#8230;&#8230;&#8230;&#8230;&#8230;&#8230;&#8230;&#8230;&#8230;&#8230;.6,16 &#8211; 16,66<\/p>\n<p>8.\u0130stanbullu Gelin 58.B\u00f6l\u00fcm (Star Tv)&#8230;&#8230;&#8230;&#8230;&#8230;&#8230;&#8230;&#8230;6,09 &#8211; 16,15<\/p>\n<p>9.Ufak Tefek cinayetler 37.B\u00f6l\u00fcm (Star)&#8230;&#8230;&#8230;&#8230;&#8230;&#8230;&#8230;5,26 &#8211; 14,69<\/p>\n<p>10.Payitaht Abd\u00fclhamid 57.B\u00f6l\u00fcm (TRT1)&#8230;&#8230;&#8230;&#8230;&#8230;&#8230;5,22 &#8211; 13,69<\/p>\n<p>&nbsp;<\/p>\n<p><strong>TOTAL ve AB Grubunda reytingleri en y\u00fcksek olan Haftan\u0131n ilk 5 s\u0131ralamas\u0131 :<\/strong><\/p>\n<p><strong>1.SEN ANLAT KARADEN\u0130Z<\/strong>\u00a0: ATV&#8217;nin iddial\u0131 dizisi 26.b\u00f6l\u00fcm\u00fcnde TOTAL&#8217;de ald\u0131\u011f\u0131 14,80 puanla haftan\u0131n dizileri aras\u0131nda bu hafta da ilk s\u0131rda yer al\u0131yor.<\/p>\n<p><strong>Nefes&#8217;in en zorlu s\u0131nav\u0131!<\/strong><\/p>\n<p><img loading=\"lazy\" decoding=\"async\" class=\"alignnone size-full wp-image-23184\" src=\"http:\/\/balcilar-blog.com\/wp-content\/uploads\/2018\/10\/0x0-26-bolum-foto-galeri-1539684119016-1.jpg\" alt=\"\" width=\"640\" height=\"427\" srcset=\"https:\/\/balcilar-blog.com\/wp-content\/uploads\/2018\/10\/0x0-26-bolum-foto-galeri-1539684119016-1.jpg 640w, https:\/\/balcilar-blog.com\/wp-content\/uploads\/2018\/10\/0x0-26-bolum-foto-galeri-1539684119016-1-300x200.jpg 300w\" sizes=\"auto, (max-width: 640px) 100vw, 640px\" \/><\/p>\n<p>Vedat&#8217;\u0131n kur\u015funu Tahir&#8217;in merhametsizli\u011finin bedeli olurken, Nefes can \u00e7eki\u015fiyor. Vedat demir parmakl\u0131klar ard\u0131nda duvarlara, Tahir Karadeniz&#8217;e Nefes diye a\u011fl\u0131yor. Nefes Tahir&#8217;in yakar\u0131\u015flar\u0131n\u0131 duyup sevdi\u011fine tekrar yol olacak m\u0131? Bunca i\u015fkenceye ra\u011fmen hayata tutunmay\u0131 asla b\u0131rakmam\u0131\u015f olan Nefes, bug\u00fcne kadar hep ba\u015fkalar\u0131na nefes oldu. \u015eimdi kim ona nefes olacak, kim can verecek? Nefes ya\u015fam sava\u015f\u0131 verirken Yi\u011fit annesinin zor durumda oldu\u011funu hissetti. Anne ve o\u011flu birbirine ba\u011flayan kuvvetli ba\u011f Nefes&#8217;in hayatta kalmas\u0131n\u0131 sa\u011flarken, Yi\u011fit i\u00e7in de ayn\u0131 \u015fey ge\u00e7erli olacak m\u0131? Ay I\u015f\u0131\u011f\u0131nda Uluyan Kurt, Mavi T\u00fcyl\u00fc Geyik olmadan hayatta kalmay\u0131 ba\u015farabilecek mi?<\/p>\n<p>&nbsp;<\/p>\n<p><strong>2.B\u0130R ZAMANLAR \u00c7UKUROVA<\/strong>\u00a0: Atv&#8217;nin 70&#8217;li y\u0131llarda ge\u00e7en bir olay\u0131 anlatan &#8216;Bir Zamanlar \u00c7ukurova&#8217; bu hafta bir basamak y\u00fckselerek Total&#8217;de ald\u0131\u011f\u0131 12,51 reyting puan\u0131 ile 2.s\u0131raya y\u00fckseldi.<\/p>\n<p><strong>Y\u0131lmaz intikam pe\u015finde!<\/strong><\/p>\n<p><img loading=\"lazy\" decoding=\"async\" class=\"alignnone size-full wp-image-23183\" src=\"http:\/\/balcilar-blog.com\/wp-content\/uploads\/2018\/10\/0x0-6-bolum-foto-galeri-1539691980163.jpg\" alt=\"\" width=\"640\" height=\"427\" srcset=\"https:\/\/balcilar-blog.com\/wp-content\/uploads\/2018\/10\/0x0-6-bolum-foto-galeri-1539691980163.jpg 640w, https:\/\/balcilar-blog.com\/wp-content\/uploads\/2018\/10\/0x0-6-bolum-foto-galeri-1539691980163-300x200.jpg 300w\" sizes=\"auto, (max-width: 640px) 100vw, 640px\" \/><\/p>\n<p>Bir Zamanlar \u00c7ukurova&#8217;da heyecan her hafta daha da art\u0131yor. Y\u0131lmaz&#8217;\u0131n \u00f6ld\u00fc\u011f\u00fcn\u00fc zanneden Z\u00fcleyha, sevdi\u011fi adam i\u00e7in dua ederken aftan yararlanan Y\u0131lmaz cezaevinden \u00e7\u0131k\u0131p Demir&#8217;den intikam almak istiyor. Z\u00fcleyha ile evlenen Demir&#8217;in, Y\u0131lmaz&#8217;a duydu\u011fu \u00f6fkenin nedeni ise belli oldu! Demir&#8217;in Z\u00fcleyha ve Y\u0131lmaz ger\u00e7e\u011fini bilerek evlendi\u011fi ortaya \u00e7\u0131kt\u0131. \u015eimdi merak edilen ise bebekle ilgili ger\u00e7e\u011fi \u00f6\u011frenip \u00f6\u011frenmeyece\u011fi\u2026 Yeni b\u00f6l\u00fcmde Bir Zamanlar \u00c7ukurova&#8217;da t\u00fcm dengeleri de\u011fi\u015ftirecek olan Ali Fekeli ortaya \u00e7\u0131k\u0131yor. Hangi tarafta olaca\u011f\u0131 merak edilen Fekeli, yeni b\u00f6l\u00fcme adeta damgas\u0131n\u0131 vuracak.<\/p>\n<p>&nbsp;<\/p>\n<p><strong>3.\u00c7UKUR\u00a0<\/strong>: Show Tv&#8217;nin sevilen, heyecan veren dizisi \u00c7ukur AB&#8217;de ald\u0131\u011f\u0131 11,59 reyting puan\u0131 ile ikinci s\u0131radan \u00fc\u00e7\u00fcnc\u00fc s\u0131raya geriledi.<\/p>\n<p>&nbsp;<\/p>\n<p><img loading=\"lazy\" decoding=\"async\" class=\"alignnone size-full wp-image-23187\" src=\"http:\/\/balcilar-blog.com\/wp-content\/uploads\/2018\/10\/b2c9a5fb2ce5497fa857a97e588a85c2_840.jpg\" alt=\"\" width=\"640\" height=\"416\" srcset=\"https:\/\/balcilar-blog.com\/wp-content\/uploads\/2018\/10\/b2c9a5fb2ce5497fa857a97e588a85c2_840.jpg 640w, https:\/\/balcilar-blog.com\/wp-content\/uploads\/2018\/10\/b2c9a5fb2ce5497fa857a97e588a85c2_840-300x195.jpg 300w\" sizes=\"auto, (max-width: 640px) 100vw, 640px\" \/><\/p>\n<p>\u00c7ukur&#8217;un 38. B\u00f6l\u00fcm\u00fcnde;\u00a0Karakuzular\u0131n bozgununa u\u011frayan Ko\u00e7oval\u0131lar, h\u0131zl\u0131ca toparlan\u0131p yeniden ata\u011fa ge\u00e7ecekler. Selim, ne pahas\u0131na olursa olsun babas\u0131 \u0130dris\u2019le ba\u011flant\u0131 kurabilmek i\u00e7in \u00e7abalayacak. Ali\u00e7o\u2019nun \u0130dris\u2019in kap\u0131s\u0131n\u0131 \u00e7almas\u0131 gelecekteki f\u0131rt\u0131nan\u0131n ilk sinyallerini verecek. Sultan\u2019\u0131n yan\u0131nda \u0130dris\u2019in ge\u00e7mi\u015fte \u00e2\u015f\u0131k oldu\u011fu Meliha\u2019n\u0131n ad\u0131n\u0131n s\u00f6ylenmesi tansiyonu t\u0131rmand\u0131racak.<\/p>\n<p><img loading=\"lazy\" decoding=\"async\" class=\"alignnone size-full wp-image-23186\" src=\"http:\/\/balcilar-blog.com\/wp-content\/uploads\/2018\/10\/808fe21cbdae3df985c29a1b391c0925_840.jpg\" alt=\"\" width=\"640\" height=\"376\" srcset=\"https:\/\/balcilar-blog.com\/wp-content\/uploads\/2018\/10\/808fe21cbdae3df985c29a1b391c0925_840.jpg 640w, https:\/\/balcilar-blog.com\/wp-content\/uploads\/2018\/10\/808fe21cbdae3df985c29a1b391c0925_840-300x176.jpg 300w\" sizes=\"auto, (max-width: 640px) 100vw, 640px\" \/><\/p>\n<p>Cumali\u2019nin Y\u0131ld\u0131z\u2019la bulu\u015fmas\u0131 merakla beklenecek. Bu s\u0131rada Ko\u00e7oval\u0131lar\u0131n kar\u015f\u0131s\u0131na yeni bir tehdit unsuru \u00e7\u0131karken tehlike ve aksiyonun dozu da artacak.<\/p>\n<p><strong>4.KADIN\u00a0<\/strong>: Fox Tv&#8217;nin sezon dizisi Kad\u0131n 35.b\u00f6l\u00fcmde Total&#8217;de 10,94 reyting puan\u0131 ile haftan\u0131n dizileri aras\u0131nda, ge\u00e7en hafta oldu\u011fu gibi 4.s\u0131rada yer al\u0131yor.<\/p>\n<p><img loading=\"lazy\" decoding=\"async\" class=\"alignnone size-full wp-image-23188\" src=\"http:\/\/balcilar-blog.com\/wp-content\/uploads\/2018\/10\/Kadin-4619-galeri-resmp.jpg\" alt=\"\" width=\"640\" height=\"360\" srcset=\"https:\/\/balcilar-blog.com\/wp-content\/uploads\/2018\/10\/Kadin-4619-galeri-resmp.jpg 640w, https:\/\/balcilar-blog.com\/wp-content\/uploads\/2018\/10\/Kadin-4619-galeri-resmp-300x169.jpg 300w\" sizes=\"auto, (max-width: 640px) 100vw, 640px\" \/><\/p>\n<p>Enver ile kavgas\u0131ndan sonra evi terk eden \u015eirin solu\u011fu Suat\u2019\u0131n yan\u0131nda al\u0131r. Ona kalacak yer ayarlamas\u0131n\u0131 isteyen \u015eirin\u2019in akl\u0131nda \u00e7ok farkl\u0131 planlar vard\u0131r. Bir anda Enver\u2019in kap\u0131s\u0131na giden Sarp ise art\u0131k kafas\u0131ndaki soru i\u015faretlerinin a\u00e7\u0131kl\u0131\u011fa kavu\u015fmas\u0131n\u0131 istemektedir.<\/p>\n<p>Hastal\u0131\u011f\u0131 ilerleyen Bahar, ani bir \u015fekilde hastaneye kald\u0131r\u0131l\u0131r. Hatice de k\u0131z\u0131n\u0131 kaybetme korkusuyla ba\u015f ba\u015fa kalm\u0131\u015ft\u0131r. Arif\u2019in Bahar\u2019a a\u015f\u0131k oldu\u011funu anlayan Hatice, k\u0131z\u0131n\u0131n art\u0131k mutlu olmas\u0131n\u0131 istemektedir. Hatice\u2019ye olan itiraf\u0131ndan sonra Arif de Bahar\u2019a kar\u015f\u0131 kartlar\u0131n\u0131 daha a\u00e7\u0131k oynamaya karar vermi\u015ftir.<\/p>\n<p>&nbsp;<\/p>\n<p><strong>5.E\u015eKIYA D\u00dcNYAYA H\u00dcK\u00dcMDAR OLMAZ<\/strong> : Atv&#8217;de yer alan Oktay Karnarca&#8217;n\u0131n mafyavari dizisi AB&#8217;de ald\u0131\u011f\u0131 8,21 reyting puan\u0131 ile bu hafta ge\u00e7en hafta oldu\u011fu gibi aynen 5.s\u0131rada yer al\u0131yor.<\/p>\n<p><strong>\u00c7ak\u0131rbeyliler, Muzi&#8217;nin tuza\u011f\u0131 kar\u015f\u0131s\u0131nda!<\/strong><\/p>\n<p><img loading=\"lazy\" decoding=\"async\" class=\"alignnone size-full wp-image-23185\" src=\"http:\/\/balcilar-blog.com\/wp-content\/uploads\/2018\/10\/0x0-111-bolum-foto-galeri-1539588601062.jpg\" alt=\"\" width=\"640\" height=\"360\" srcset=\"https:\/\/balcilar-blog.com\/wp-content\/uploads\/2018\/10\/0x0-111-bolum-foto-galeri-1539588601062.jpg 640w, https:\/\/balcilar-blog.com\/wp-content\/uploads\/2018\/10\/0x0-111-bolum-foto-galeri-1539588601062-300x169.jpg 300w\" sizes=\"auto, (max-width: 640px) 100vw, 640px\" \/><\/p>\n<p>\u00c7ak\u0131rbeyliler, Muzi&#8217;nin tuza\u011f\u0131 kar\u015f\u0131s\u0131nda \u00f6l\u00fcmle burun buruna gelmi\u015f, hem devleti hem ailesi i\u00e7in can vermeye haz\u0131r olan Alparslan kendini amcalar\u0131n\u0131n \u00f6n\u00fcne atm\u0131\u015ft\u0131r. Bir yerlerde kendisini bekledi\u011fini d\u00fc\u015f\u00fcnd\u00fc\u011f\u00fc \u00d6zlem&#8217;e kavu\u015fmas\u0131 an meselesidir. \u00c7ekti\u011fi ac\u0131lar ya\u015f\u0131ndan b\u00fcy\u00fck olan H\u0131z\u0131r&#8217;\u0131n ise aileden birini daha kaybedecek g\u00fcc\u00fc yoktur. Bir yandan \u00e7ok g\u00fc\u00e7l\u00fc d\u00fc\u015fmanlarla sava\u015f\u0131rken di\u011fer yandan i\u00e7lerinden birinin hain oldu\u011fu d\u00fc\u015f\u00fcncesi onu \u00e7ok y\u0131pratm\u0131\u015ft\u0131r. Bu s\u00fcre\u00e7te kimseye soluk ald\u0131rmadan ba\u015flad\u0131\u011f\u0131 i\u015fi bitirmeye \u00e7al\u0131\u015fan Muzi de h\u0131rs\u0131yla Ate\u015f&#8217;in hayat\u0131n\u0131 tehlikeye atmaktad\u0131r. Gelinen son noktada, hain ile ilgili b\u00fcy\u00fck s\u0131rr\u0131n ortaya \u00e7\u0131kmamas\u0131 i\u00e7in tek bir yol vard\u0131r; Davut&#8217;un \u00f6l\u00fcm\u00fc&#8230; Ate\u015f&#8217;in vakit kaybetmeden yapt\u0131\u011f\u0131 plan, ba\u015f\u0131na geleceklerden habersiz bir caniyi evine kadar davet eden Davut&#8217;un sonunu h\u0131zland\u0131r\u0131r. \u00d6ng\u00f6r\u00fcleri sayesinde olacaklar\u0131 tahmin eden \u00dcnal Kaplan dahi bu b\u00fcy\u00fck kayb\u0131n \u00f6n\u00fcne ge\u00e7emeyecektir.<\/p>\n<p><strong>KANALLARA G\u00d6RE SIRALAMA :<\/strong><\/p>\n<p><strong>Total grubunda ilk on<\/strong>: Atv 3 dizi\u00a0 ve Fox Tv 3 dizi ile yer al\u0131yor. Show Tv 2 dizisi ile s\u0131ralamada.. Star Tv ve Kanal D. birer dizi ile yer al\u0131yor.<\/p>\n<p><strong>AB\u2019de ilk on:<\/strong> Atv 3 dizi ve Star Tv 3. dizi yer al\u0131yor.\u00a0 TRT1 2 dizi. Show Tv ve\u00a0 Fox Tv\u00a0 birer dizi yer alm\u0131\u015ft\u0131r.<\/p>\n<p><strong>Bu haftan\u0131n kanal\u0131<\/strong>;<strong> ATV<\/strong>\u00a0 Total 3 dizi, AB&#8217;de 3 dizi ile bu hafta da haftan\u0131n kanal\u0131 olmu\u015ftur.<\/p>\n<p>&nbsp;<\/p>\n<p><img loading=\"lazy\" decoding=\"async\" class=\"size-full wp-image-23189\" src=\"http:\/\/balcilar-blog.com\/wp-content\/uploads\/2018\/10\/dirilis-ertugrul-5sezon-122-bolum-i.jpeg\" alt=\"\" width=\"640\" height=\"360\" srcset=\"https:\/\/balcilar-blog.com\/wp-content\/uploads\/2018\/10\/dirilis-ertugrul-5sezon-122-bolum-i.jpeg 640w, https:\/\/balcilar-blog.com\/wp-content\/uploads\/2018\/10\/dirilis-ertugrul-5sezon-122-bolum-i-300x169.jpeg 300w\" sizes=\"auto, (max-width: 640px) 100vw, 640px\" \/><\/p>\n<p>Ekim ay\u0131n\u0131n sonlar\u0131na yakla\u015ft\u0131\u011f\u0131m\u0131z \u015fu g\u00fcnlerde, TRT1&#8217;in <strong>Dirili\u015f Ertu\u011frul<\/strong> dizisi 5.sezonun yeni b\u00f6l\u00fcm\u00fc ba\u015flamad\u0131.\u00a0 122 b\u00f6l\u00fcm tan\u0131t\u0131m fragman\u0131 yay\u0131nland\u0131, ama \u00e7ok yak\u0131nda denmesine ra\u011fmen net bir tarih yok.<\/p>\n<p>Keyifli Seyirler.<\/p>\n<p>Sayg\u0131lar ve sevgiler.<\/p>\n<p>Abdurrahman Balc\u0131lar<\/p>\n<p>Twitter : <a href=\"https:\/\/twitter.com\/abbalcilar\">abdurrahman balc\u0131lar<\/a><a href=\"https:\/\/twitter.com\/abbalcilar\"><strong>@abbalcilar<\/strong><\/a><\/p>\n<p>Mail :\u00a0<a href=\"mailto:ab.balcilar@hotmail.com\">ab.balcilar@hotmail.com<\/a><\/p>\n<p>Blog:\u00a0<a href=\"http:\/\/t.co\/znqmIZgIqn\">blog.milliyet.com.tr\/cansever<\/a><\/p>\n<p>\u015eahsi Blog:\u00a0<a href=\"http:\/\/balcilar-blog.com\/\">Abdurrahman Balc\u0131lar Blog Sayfas\u0131<\/a><\/p>\n<p>Not: Total ve AB Reyting \u00f6l\u00e7\u00fcmleri MedyaRadar sayfas\u0131ndan al\u0131nm\u0131\u015ft\u0131r.<\/p>\n<p>*\u015eahsi Blog sayfamda ve Milliyet Blog\u2019da yay\u0131nlanan blog yaz\u0131lar\u0131 b\u00fcy\u00fck bir \u00e7al\u0131\u015fman\u0131n \u00fcr\u00fcn\u00fc olup, izinsiz ya da kaynak g\u00f6stermeden al\u0131nt\u0131 yap\u0131lamaz. Aksi halde kanuni i\u015flem yap\u0131l\u0131r.<\/p>\n","protected":false},"excerpt":{"rendered":"<p>TNS \u00f6l\u00e7\u00fcmlerine g\u00f6re haz\u0131rlad\u0131\u011f\u0131m 15\u00a0&#8211; 21 Ekim 2018\u00a0Tarihleri aras\u0131nda en \u00e7ok seyredilen alt\u0131 Ulusal kanallar\u0131m\u0131zda ekranlar\u0131m\u0131za gelen 30 dizi aras\u0131nda, Total\u2019de ve AB\u2019de ilk ona giren, \u00d6ne \u00e7\u0131kan dizilerin, haftan\u0131n dizi karnesini a\u015fa\u011f\u0131da bilgilerinize sunuyorum. GE\u00c7EN HAFTA G\u00d6STER\u0130MDEK\u0130 D\u0130Z\u0130LER : \u00c7ukur (Show), S\u00f6z (Star), Yasak Elma (Fox), Egenin Hamsisi (TRT1), Can K\u0131r\u0131klar\u0131. E\u015fk\u0131ya D\u00fcnyaya H\u00fck\u00fcmdar [&hellip;]<\/p>\n","protected":false},"author":3,"featured_media":23190,"comment_status":"open","ping_status":"open","sticky":false,"template":"","format":"standard","meta":{"footnotes":""},"categories":[2],"tags":[48,1770,1555,570,712,801,1656,1635,530],"class_list":["post-23181","post","type-post","status-publish","format-standard","has-post-thumbnail","hentry","category-tv-programlari","tag-atv","tag-bir-zamanlar-cukurova","tag-cukur","tag-dirilis-ertugrul","tag-dizi-reytingleri","tag-eskiya-dunyaya-hukumdar-olmaz","tag-kadin","tag-sen-anlat-karadeniz","tag-tns-olcumleri"],"views":4562,"blog_post_layout_featured_media_urls":{"thumbnail":["https:\/\/balcilar-blog.com\/wp-content\/uploads\/2018\/10\/cats-22-EK\u0130M-150x150.jpg",150,150,true],"full":["https:\/\/balcilar-blog.com\/wp-content\/uploads\/2018\/10\/cats-22-EK\u0130M.jpg",640,363,false]},"categories_names":{"2":{"name":"TV Programlar\u0131","link":"https:\/\/balcilar-blog.com\/?cat=2"}},"tags_names":{"48":{"name":"ATV","link":"https:\/\/balcilar-blog.com\/?tag=atv"},"1770":{"name":"Bir Zamanlar \u00c7ukurova","link":"https:\/\/balcilar-blog.com\/?tag=bir-zamanlar-cukurova"},"1555":{"name":"\u00c7ukur","link":"https:\/\/balcilar-blog.com\/?tag=cukur"},"570":{"name":"dirili\u015f Ertu\u011frul","link":"https:\/\/balcilar-blog.com\/?tag=dirilis-ertugrul"},"712":{"name":"Dizi reytingleri","link":"https:\/\/balcilar-blog.com\/?tag=dizi-reytingleri"},"801":{"name":"E\u015fk\u0131ya D\u00fcnya'ya H\u00fck\u00fcmdar Olmaz","link":"https:\/\/balcilar-blog.com\/?tag=eskiya-dunyaya-hukumdar-olmaz"},"1656":{"name":"Kad\u0131n","link":"https:\/\/balcilar-blog.com\/?tag=kadin"},"1635":{"name":"Sen Anlat Karadeniz","link":"https:\/\/balcilar-blog.com\/?tag=sen-anlat-karadeniz"},"530":{"name":"TNS \u00f6l\u00e7\u00fcmleri","link":"https:\/\/balcilar-blog.com\/?tag=tns-olcumleri"}},"comments_number":"0","wpmagazine_modules_lite_featured_media_urls":{"thumbnail":["https:\/\/balcilar-blog.com\/wp-content\/uploads\/2018\/10\/cats-22-EK\u0130M-150x150.jpg",150,150,true],"cvmm-medium":["https:\/\/balcilar-blog.com\/wp-content\/uploads\/2018\/10\/cats-22-EK\u0130M.jpg",300,170,false],"cvmm-medium-plus":["https:\/\/balcilar-blog.com\/wp-content\/uploads\/2018\/10\/cats-22-EK\u0130M.jpg",305,173,false],"cvmm-portrait":["https:\/\/balcilar-blog.com\/wp-content\/uploads\/2018\/10\/cats-22-EK\u0130M.jpg",400,227,false],"cvmm-medium-square":["https:\/\/balcilar-blog.com\/wp-content\/uploads\/2018\/10\/cats-22-EK\u0130M.jpg",600,340,false],"cvmm-large":["https:\/\/balcilar-blog.com\/wp-content\/uploads\/2018\/10\/cats-22-EK\u0130M.jpg",640,363,false],"cvmm-small":["https:\/\/balcilar-blog.com\/wp-content\/uploads\/2018\/10\/cats-22-EK\u0130M.jpg",130,74,false],"full":["https:\/\/balcilar-blog.com\/wp-content\/uploads\/2018\/10\/cats-22-EK\u0130M.jpg",640,363,false]},"_links":{"self":[{"href":"https:\/\/balcilar-blog.com\/index.php?rest_route=\/wp\/v2\/posts\/23181","targetHints":{"allow":["GET"]}}],"collection":[{"href":"https:\/\/balcilar-blog.com\/index.php?rest_route=\/wp\/v2\/posts"}],"about":[{"href":"https:\/\/balcilar-blog.com\/index.php?rest_route=\/wp\/v2\/types\/post"}],"author":[{"embeddable":true,"href":"https:\/\/balcilar-blog.com\/index.php?rest_route=\/wp\/v2\/users\/3"}],"replies":[{"embeddable":true,"href":"https:\/\/balcilar-blog.com\/index.php?rest_route=%2Fwp%2Fv2%2Fcomments&post=23181"}],"version-history":[{"count":1,"href":"https:\/\/balcilar-blog.com\/index.php?rest_route=\/wp\/v2\/posts\/23181\/revisions"}],"predecessor-version":[{"id":23191,"href":"https:\/\/balcilar-blog.com\/index.php?rest_route=\/wp\/v2\/posts\/23181\/revisions\/23191"}],"wp:featuredmedia":[{"embeddable":true,"href":"https:\/\/balcilar-blog.com\/index.php?rest_route=\/wp\/v2\/media\/23190"}],"wp:attachment":[{"href":"https:\/\/balcilar-blog.com\/index.php?rest_route=%2Fwp%2Fv2%2Fmedia&parent=23181"}],"wp:term":[{"taxonomy":"category","embeddable":true,"href":"https:\/\/balcilar-blog.com\/index.php?rest_route=%2Fwp%2Fv2%2Fcategories&post=23181"},{"taxonomy":"post_tag","embeddable":true,"href":"https:\/\/balcilar-blog.com\/index.php?rest_route=%2Fwp%2Fv2%2Ftags&post=23181"}],"curies":[{"name":"wp","href":"https:\/\/api.w.org\/{rel}","templated":true}]}}