{"id":23067,"date":"2018-10-03T14:17:41","date_gmt":"2018-10-03T11:17:41","guid":{"rendered":"http:\/\/balcilar-blog.com\/?p=23067"},"modified":"2018-11-06T12:44:56","modified_gmt":"2018-11-06T10:44:56","slug":"cagatay-ulusoy-yeni-dizisi-muhafizin-fragmani-yayinlandi-dunyayi-salladi","status":"publish","type":"post","link":"https:\/\/balcilar-blog.com\/?p=23067","title":{"rendered":"\u00c7a\u011fatay Ulusoy; Yeni Dizisi Muhaf\u0131z&#8217;\u0131n Fragman\u0131 Yay\u0131nland\u0131. D\u00fcnyay\u0131 Sallad\u0131!"},"content":{"rendered":"<p>&nbsp;<\/p>\n<p><img loading=\"lazy\" decoding=\"async\" class=\"alignnone size-full wp-image-23072\" src=\"http:\/\/balcilar-blog.com\/wp-content\/uploads\/2018\/10\/DobuTYRXUAAkyTl.jpg\" alt=\"\" width=\"480\" height=\"509\" srcset=\"https:\/\/balcilar-blog.com\/wp-content\/uploads\/2018\/10\/DobuTYRXUAAkyTl.jpg 480w, https:\/\/balcilar-blog.com\/wp-content\/uploads\/2018\/10\/DobuTYRXUAAkyTl-283x300.jpg 283w\" sizes=\"auto, (max-width: 480px) 100vw, 480px\" \/><\/p>\n<p><span style=\"color: #ff0000;\"><strong>\u00c7a\u011fatay Ulusoy<\/strong><\/span>, D\u00fcnya&#8217;y\u0131 sallayan adam&#8230; Son bir y\u0131ld\u0131r en \u00e7ok konu\u015fulan sanat\u00e7\u0131.\u00a0 <span style=\"color: #0000ff;\"><strong>Netflix<\/strong><\/span> taraf\u0131ndan finanse edilen dizisi <span style=\"color: #ff0000;\"><strong>The Protector &#8211; Muhaf\u0131z<\/strong><\/span>&#8216;\u0131n \u00f6nceki g\u00fcn ilk tan\u0131t\u0131m fragman\u0131 yay\u0131nland\u0131. Tabiri yerindeyse hani S\u00fcpermen filmleri i\u00e7in s\u00f6ylenir ya.. D\u00fcnyay\u0131 sallayan adam, aynen \u00f6yle. Dizinin ilk 5 b\u00f6l\u00fcm\u00fc \u00e7ok yak\u0131nda internette yay\u0131nlanacak. Netflix 190 \u00fclkedeki 118 milyon \u00fcyesinden en az 10 milyonu sab\u0131rs\u0131zl\u0131kla bu diziyi bekliyor.<\/p>\n<p>D\u00fcn Beyaz Tv. &#8220;S\u00f6ylemezsemolmaz&#8221; program\u0131nda Ece Erken, fragman\u0131 en az 20 kez izledi\u011fini s\u00f6yledi ve arkas\u0131ndan &#8220;Ne oluyor&#8230; yabanc\u0131 dizi bile&#8230; Ona bile laf edenler var. Kopyac\u0131 taklit\u00e7i vs. vars\u0131n kopyac\u0131 olsun, taklit\u00e7i olsun. Y\u0131-k\u0131-l\u0131-yorr&#8230; Diyerek konu\u015fup \u00f6vg\u00fcler ya\u011fd\u0131rd\u0131.<\/p>\n<p>D\u00fcn ak\u015famki Yunan Tv haberlerinde; #Protector\u00a0 ve \u00c7a\u011fatay Ulusoy bir r\u00f6portaj ve dizinin tan\u0131t\u0131m\u0131 yay\u0131nlanm\u0131\u015f.\u00a0 1.21 dakika haberde Ulusoy&#8217;a \u00f6vg\u00fcler ya\u011fd\u0131r\u0131lm\u0131\u015ft\u0131r.<\/p>\n<p>Daha 3 g\u00fcn \u00f6nce dizinin ilk 5 b\u00f6l\u00fcm\u00fcn\u00fcn be\u011fenilmedi\u011fi gibi \u00e7eli\u015fkili haberler yay\u0131nlanm\u0131\u015ft\u0131. Di\u011fer taraftan dizinin ilk be\u015f b\u00f6l\u00fcn\u00fc seyreden Amerikal\u0131lar en \u00e7ok \u00c7a\u011fatay Ulusoy&#8217;un performans\u0131ndan memnun kalm\u0131\u015flar&#8230; Hatta ba\u015fka bir projede de \u00e7al\u0131\u015fmak istemi\u015fler.<\/p>\n<p><strong>Gelen olumlu tepkiler ve \u00f6vg\u00fclere kar\u015f\u0131l\u0131k; \u00c7a\u011fatay Ulusoy, T\u00fcrk\u00e7e-\u0130ngilizce te\u015fekk\u00fcr mesaj\u0131 yay\u0131nlam\u0131\u015ft\u0131r.<\/strong><\/p>\n<div class=\"stream-item-header\"><a class=\"account-group js-account-group js-action-profile js-user-profile-link js-nav\" href=\"https:\/\/twitter.com\/cagatayulusoyy\" data-user-id=\"1545689918\"><span class=\"FullNameGroup\"><strong class=\"fullname show-popup-with-id u-textTruncate \" data-aria-label-part=\"\">\u00c7a\u011fatay Ulusoy<\/strong>\u200f<span class=\"UserBadges\"><span class=\"Icon Icon--verified\"><span class=\"u-hiddenVisually\">Onaylanm\u0131\u015f hesap<\/span><\/span><\/span><span class=\"UserNameBreak\">\u00a0<\/span><\/span><span class=\"username u-dir u-textTruncate\" dir=\"ltr\" data-aria-label-part=\"\">@<b>cagatayulusoyy<\/b><\/span><\/a><small class=\"time\">\u00a0<span class=\"_timestamp js-short-timestamp \" data-aria-label-part=\"last\" data-time=\"1538473349\" data-time-ms=\"1538473349000\" data-long-form=\"true\"><a class=\"tweet-timestamp js-permalink js-nav js-tooltip\" title=\"12:42 - 2 Eki 2018\" href=\"https:\/\/twitter.com\/cagatayulusoyy\/status\/1047059235278860288\" data-conversation-id=\"1047059235278860288\">2 Eki<\/a><\/span><\/small><\/div>\n<div class=\"js-tweet-text-container\">\n<p class=\"TweetTextSize js-tweet-text tweet-text\" lang=\"tr\" data-aria-label-part=\"0\">En heyecanl\u0131 s\u00fcre\u00e7 ba\u015fl\u0131yor! Hepimizin, t\u00fcm ekibin eline ve eme\u011fine sa\u011fl\u0131k!! \u2014\u2014 Now the most exciting part begins! A huge thank you to everyone who has been and is a part of this project! <a class=\"twitter-hashtag pretty-link js-nav\" dir=\"ltr\" href=\"https:\/\/twitter.com\/hashtag\/theprotector?src=hash\" data-query-source=\"hashtag_click\"><s>#<\/s><b>theprotector<\/b><\/a> <a class=\"twitter-atreply pretty-link js-nav\" dir=\"ltr\" href=\"https:\/\/twitter.com\/netflixturkiye\" data-mentioned-user-id=\"4736304015\"><s>@<\/s><b>netflixturkiye<\/b><\/a> <a class=\"twitter-atreply pretty-link js-nav\" dir=\"ltr\" href=\"https:\/\/twitter.com\/theprotector\" data-mentioned-user-id=\"987367001789222912\"><s>@<\/s><b>theprotector<\/b><\/a> <a class=\"twitter-timeline-link\" dir=\"ltr\" title=\"https:\/\/m.youtube.com\/watch?v=7tT8q0Vov8E\" href=\"https:\/\/t.co\/mp2o9Hb7SQ\" target=\"_blank\" rel=\"nofollow noopener\" data-expanded-url=\"https:\/\/m.youtube.com\/watch?v=7tT8q0Vov8E\"><span class=\"invisible\">https:\/\/<\/span><span class=\"js-display-url\">m.youtube.com\/watch?v=7tT8q0<\/span><span class=\"invisible\">Vov8E<\/span><span class=\"tco-ellipsis\"><span class=\"invisible\">\u00a0<\/span>\u2026<\/span><\/a><\/p>\n<\/div>\n<div class=\"d-none d-md-block in-view-ads\">\n<div class=\"adsbox adsbox--square\" data-adreal-selector=\"0\" data-adreal-hashes=\"0fb90c9088,8c66326928\" data-adreal-imp-node=\"1\">\n<div class=\"adsbox__item\">\n<div id=\"medyanet\/9927946\/posta\/magazin\/300x250_2\" data-size=\"[[300, 250], [200, 200]]\" data-size-mapping=\"[992, 100]:[300, 250]|[768, 100]:[200, 200]|[0, 0]:[]\" data-lazy=\"true\" data-platform=\"desktop\" data-google-query-id=\"CJ3k2vmB6t0CFQaGmgodwtEAbw\">\n<div>https:\/\/www.youtube.com\/watch?v=3eyP4x1iS3o<\/div>\n<div><\/div>\n<div id=\"onetag-wrapper-0\" class=\"sovrn-onetag-ad\"><strong>D\u0130Z\u0130N\u0130N KONUSU :<\/strong><\/div>\n<\/div>\n<\/div>\n<\/div>\n<\/div>\n<p><strong>\u00c7a\u011fatay Ulusoy<\/strong>, \u2018Hakan\u2019 adl\u0131 bir \u00fcniversite \u00f6\u011frencisiyken 1400\u2019l\u00fc y\u0131llarda Tavas&#8217;ta ya\u015fam\u0131\u015f bir dokumac\u0131 ustas\u0131 taraf\u0131ndan dikilen t\u0131ls\u0131ml\u0131 g\u00f6mle\u011fi giyip s\u00fcper g\u00fc\u00e7lere kavu\u015fuyor. \u0130stanbul\u2019u d\u00fc\u015fmanlardan kurtaran Osmanl\u0131 sava\u015f\u00e7\u0131s\u0131 \u2018Muhaf\u0131z\u2019a d\u00f6n\u00fc\u015f\u00fcyor.<\/p>\n<p><img loading=\"lazy\" decoding=\"async\" class=\"alignnone size-full wp-image-23068\" src=\"http:\/\/balcilar-blog.com\/wp-content\/uploads\/2018\/10\/DobodENXgAATDBB.jpg\" alt=\"\" width=\"488\" height=\"480\" srcset=\"https:\/\/balcilar-blog.com\/wp-content\/uploads\/2018\/10\/DobodENXgAATDBB.jpg 488w, https:\/\/balcilar-blog.com\/wp-content\/uploads\/2018\/10\/DobodENXgAATDBB-300x295.jpg 300w\" sizes=\"auto, (max-width: 488px) 100vw, 488px\" \/><\/p>\n<p class=\"ql-align-justify\">Dizide s\u0131radan bir hayat s\u00fcren Hakan, tarihte kendisine verilmi\u015f gizli bir g\u00f6revle \u0130stanbul\u2019u korumak zorunda oldu\u011funu \u00f6\u011frenerek b\u00fcy\u00fck bir maceraya ad\u0131m at\u0131yor.<\/p>\n<p>\u00c7a\u011fatay Ulusoy&#8217;un dizideki yeni imaj\u0131 hayli ilgi \u00e7ekici idi.<\/p>\n<p><img loading=\"lazy\" decoding=\"async\" class=\"alignnone size-full wp-image-23073\" src=\"http:\/\/balcilar-blog.com\/wp-content\/uploads\/2018\/10\/DobZOGmX0AAHKl0.jpg\" alt=\"\" width=\"480\" height=\"480\" srcset=\"https:\/\/balcilar-blog.com\/wp-content\/uploads\/2018\/10\/DobZOGmX0AAHKl0.jpg 480w, https:\/\/balcilar-blog.com\/wp-content\/uploads\/2018\/10\/DobZOGmX0AAHKl0-150x150.jpg 150w, https:\/\/balcilar-blog.com\/wp-content\/uploads\/2018\/10\/DobZOGmX0AAHKl0-300x300.jpg 300w\" sizes=\"auto, (max-width: 480px) 100vw, 480px\" \/><\/p>\n<p class=\"ql-align-justify\">Ge\u00e7mi\u015fle gelece\u011fin, do\u011fuyla bat\u0131n\u0131n bulu\u015ftu\u011fu 15 milyonluk \u0130stanbul\u2019da Hakan asl\u0131nda hikayenin ba\u015f\u0131nda Kapal\u0131 \u00c7ars\u0131\u2019daki bir esnaftan farks\u0131z herhangi bir gen\u00e7. Oysaki \u00e7ok k\u0131sa zamanda do\u011fdu\u011fu ve b\u00fcy\u00fcd\u00fc\u011f\u00fc \u015fehrin gizemli g\u00fc\u00e7lerin tehdidi alt\u0131nda oldu\u011funu \u00f6\u011frenmesiyle onu \u00e7ok ba\u015fka bir d\u00fcnya bekliyor olacak!<\/p>\n<p>Yavuz Sultan Selim i\u00e7in dokunan g\u00f6mle\u011fin ikizini giyince s\u00fcper g\u00fc\u00e7 ona ge\u00e7iyor.<\/p>\n<p><img loading=\"lazy\" decoding=\"async\" class=\"alignnone size-full wp-image-23071\" src=\"http:\/\/balcilar-blog.com\/wp-content\/uploads\/2018\/10\/DobfxOmXcAI-i6D.jpg\" alt=\"\" width=\"640\" height=\"385\" srcset=\"https:\/\/balcilar-blog.com\/wp-content\/uploads\/2018\/10\/DobfxOmXcAI-i6D.jpg 640w, https:\/\/balcilar-blog.com\/wp-content\/uploads\/2018\/10\/DobfxOmXcAI-i6D-300x180.jpg 300w\" sizes=\"auto, (max-width: 640px) 100vw, 640px\" \/><\/p>\n<p>Ba\u015frol\u00fcn\u00fc \u00c7a\u011fatay Ulusoy\u2019un \u00fcstlendi\u011fi fantastik drama t\u00fcr\u00fcndeki dizinin kadrosunda, \u00fcnl\u00fc oyuncular Ay\u00e7a Ay\u015fin Turan, Hazar Erg\u00fc\u00e7l\u00fc, Okan Yalab\u0131k, Mehmet Kurtulu\u015f, Sayg\u0131n Soysal ve Bur\u00e7in Terzio\u011flu yer al\u0131yor. The Protector &#8211; Hakan: Muhaf\u0131z\u2019\u0131n yap\u0131mc\u0131l\u0131\u011f\u0131n\u0131 Netflix ad\u0131na O3 Medya kurucu orta\u011f\u0131 Onur G\u00fcvenatam \u00fcstleniyor.<\/p>\n<p>Dizinin ilk be\u015f b\u00f6l\u00fcm\u00fc \u00e7ok yak\u0131nda Internette Netflix sayfas\u0131nda olacak! <span style=\"color: #ff0000;\">(<strong>Bir habere g\u00f6re 12 Aral\u0131k 2018 tarihinde t\u00fcm b\u00f6l\u00fcmler yay\u0131nlanacakt\u0131r.<\/strong>)<\/span><\/p>\n<p>\u00c7a\u011fatay Ulusoy; Dizinin tamam\u0131 20 b\u00f6l\u00fcm\u00fcn yay\u0131nlanmas\u0131 ile gelecek \u00f6vg\u00fc ve ele\u015ftirilerle ad\u0131n\u0131 d\u00fcnya sanat\u00e7\u0131lar\u0131 aras\u0131na yazd\u0131racak, o zaman ger\u00e7ekten d\u00fcnyay\u0131 sallay\u0131p, sallamad\u0131\u011f\u0131n\u0131 g\u00f6rece\u011fiz.<\/p>\n<p><span style=\"color: #0000ff;\"><strong>Ba\u015far\u0131lar \u00c7a\u011fatay, sonraki hedefin Hollywood seni bekliyor!<\/strong><\/span><\/p>\n<p><strong>Dip Not:<\/strong> Bu dizinin teaser\u0131n\u0131 ilk 48 saatte 2 milyon 700 bin ki\u015fi izlemi\u015ftir. Kas\u0131m ay\u0131 ba\u015f\u0131ndan itibaren Netflix te yay\u0131nlanmaya ba\u015flayaca\u011f\u0131 bekleniyor.<\/p>\n<p>Sayg\u0131lar ve sevgiler.<\/p>\n<p>Abdurrahman Balc\u0131lar<\/p>\n<p>Twitter : <a href=\"https:\/\/twitter.com\/abbalcilar\">abdurrahman balc\u0131lar<\/a><a href=\"https:\/\/twitter.com\/abbalcilar\"><strong>@abbalcilar<\/strong><\/a><\/p>\n<p>Mail :\u00a0<a href=\"mailto:ab.balcilar@hotmail.com\">ab.balcilar@hotmail.com<\/a><\/p>\n<p>Blog:\u00a0<a href=\"http:\/\/t.co\/znqmIZgIqn\">blog.milliyet.com.tr\/cansever<\/a><\/p>\n<p>\u015eahsi Blog:\u00a0<a href=\"http:\/\/balcilar-blog.com\/\">Abdurrahman Balc\u0131lar Blog Sayfas\u0131<\/a><\/p>\n<p><strong>\u00a0<\/strong><\/p>\n<p><strong>*\u015eahsi Blog sayfamda ve Milliyet Blog\u2019da yay\u0131nlanan blog yaz\u0131lar\u0131 b\u00fcy\u00fck bir \u00e7al\u0131\u015fman\u0131n \u00fcr\u00fcn\u00fc olup, izinsiz ya da kaynak g\u00f6stermeden al\u0131nt\u0131 yap\u0131lamaz. Aksi halde kanuni i\u015flem yap\u0131l\u0131r.<\/strong><\/p>\n","protected":false},"excerpt":{"rendered":"<p>&nbsp; \u00c7a\u011fatay Ulusoy, D\u00fcnya&#8217;y\u0131 sallayan adam&#8230; Son bir y\u0131ld\u0131r en \u00e7ok konu\u015fulan sanat\u00e7\u0131.\u00a0 Netflix taraf\u0131ndan finanse edilen dizisi The Protector &#8211; Muhaf\u0131z&#8216;\u0131n \u00f6nceki g\u00fcn ilk tan\u0131t\u0131m fragman\u0131 yay\u0131nland\u0131. Tabiri yerindeyse hani S\u00fcpermen filmleri i\u00e7in s\u00f6ylenir ya.. D\u00fcnyay\u0131 sallayan adam, aynen \u00f6yle. Dizinin ilk 5 b\u00f6l\u00fcm\u00fc \u00e7ok yak\u0131nda internette yay\u0131nlanacak. Netflix 190 \u00fclkedeki 118 milyon \u00fcyesinden [&hellip;]<\/p>\n","protected":false},"author":3,"featured_media":23072,"comment_status":"open","ping_status":"open","sticky":false,"template":"","format":"standard","meta":{"footnotes":""},"categories":[2],"tags":[897,15,1810,1811,1813,1660,1812,1483],"class_list":["post-23067","post","type-post","status-publish","format-standard","has-post-thumbnail","hentry","category-tv-programlari","tag-03-medya","tag-cagatay-ulusoy","tag-hakan","tag-muhafiz","tag-onur-guvenatam","tag-the-protector","tag-tilsimli-gomlek","tag-yavuz-sultan-selim"],"views":5795,"blog_post_layout_featured_media_urls":{"thumbnail":["https:\/\/balcilar-blog.com\/wp-content\/uploads\/2018\/10\/DobuTYRXUAAkyTl-150x150.jpg",150,150,true],"full":["https:\/\/balcilar-blog.com\/wp-content\/uploads\/2018\/10\/DobuTYRXUAAkyTl.jpg",480,509,false]},"categories_names":{"2":{"name":"TV Programlar\u0131","link":"https:\/\/balcilar-blog.com\/?cat=2"}},"tags_names":{"897":{"name":"03 Medya","link":"https:\/\/balcilar-blog.com\/?tag=03-medya"},"15":{"name":"\u00e7a\u011fatay ulusoy","link":"https:\/\/balcilar-blog.com\/?tag=cagatay-ulusoy"},"1810":{"name":"Hakan","link":"https:\/\/balcilar-blog.com\/?tag=hakan"},"1811":{"name":"Muhaf\u0131z","link":"https:\/\/balcilar-blog.com\/?tag=muhafiz"},"1813":{"name":"Onur G\u00fcvenatam","link":"https:\/\/balcilar-blog.com\/?tag=onur-guvenatam"},"1660":{"name":"The Protector","link":"https:\/\/balcilar-blog.com\/?tag=the-protector"},"1812":{"name":"T\u0131ls\u0131ml\u0131 G\u00f6mlek","link":"https:\/\/balcilar-blog.com\/?tag=tilsimli-gomlek"},"1483":{"name":"Yavuz Sultan Selim","link":"https:\/\/balcilar-blog.com\/?tag=yavuz-sultan-selim"}},"comments_number":"0","wpmagazine_modules_lite_featured_media_urls":{"thumbnail":["https:\/\/balcilar-blog.com\/wp-content\/uploads\/2018\/10\/DobuTYRXUAAkyTl-150x150.jpg",150,150,true],"cvmm-medium":["https:\/\/balcilar-blog.com\/wp-content\/uploads\/2018\/10\/DobuTYRXUAAkyTl.jpg",283,300,false],"cvmm-medium-plus":["https:\/\/balcilar-blog.com\/wp-content\/uploads\/2018\/10\/DobuTYRXUAAkyTl.jpg",195,207,false],"cvmm-portrait":["https:\/\/balcilar-blog.com\/wp-content\/uploads\/2018\/10\/DobuTYRXUAAkyTl.jpg",400,424,false],"cvmm-medium-square":["https:\/\/balcilar-blog.com\/wp-content\/uploads\/2018\/10\/DobuTYRXUAAkyTl.jpg",480,509,false],"cvmm-large":["https:\/\/balcilar-blog.com\/wp-content\/uploads\/2018\/10\/DobuTYRXUAAkyTl.jpg",480,509,false],"cvmm-small":["https:\/\/balcilar-blog.com\/wp-content\/uploads\/2018\/10\/DobuTYRXUAAkyTl.jpg",90,95,false],"full":["https:\/\/balcilar-blog.com\/wp-content\/uploads\/2018\/10\/DobuTYRXUAAkyTl.jpg",480,509,false]},"_links":{"self":[{"href":"https:\/\/balcilar-blog.com\/index.php?rest_route=\/wp\/v2\/posts\/23067","targetHints":{"allow":["GET"]}}],"collection":[{"href":"https:\/\/balcilar-blog.com\/index.php?rest_route=\/wp\/v2\/posts"}],"about":[{"href":"https:\/\/balcilar-blog.com\/index.php?rest_route=\/wp\/v2\/types\/post"}],"author":[{"embeddable":true,"href":"https:\/\/balcilar-blog.com\/index.php?rest_route=\/wp\/v2\/users\/3"}],"replies":[{"embeddable":true,"href":"https:\/\/balcilar-blog.com\/index.php?rest_route=%2Fwp%2Fv2%2Fcomments&post=23067"}],"version-history":[{"count":10,"href":"https:\/\/balcilar-blog.com\/index.php?rest_route=\/wp\/v2\/posts\/23067\/revisions"}],"predecessor-version":[{"id":23297,"href":"https:\/\/balcilar-blog.com\/index.php?rest_route=\/wp\/v2\/posts\/23067\/revisions\/23297"}],"wp:featuredmedia":[{"embeddable":true,"href":"https:\/\/balcilar-blog.com\/index.php?rest_route=\/wp\/v2\/media\/23072"}],"wp:attachment":[{"href":"https:\/\/balcilar-blog.com\/index.php?rest_route=%2Fwp%2Fv2%2Fmedia&parent=23067"}],"wp:term":[{"taxonomy":"category","embeddable":true,"href":"https:\/\/balcilar-blog.com\/index.php?rest_route=%2Fwp%2Fv2%2Fcategories&post=23067"},{"taxonomy":"post_tag","embeddable":true,"href":"https:\/\/balcilar-blog.com\/index.php?rest_route=%2Fwp%2Fv2%2Ftags&post=23067"}],"curies":[{"name":"wp","href":"https:\/\/api.w.org\/{rel}","templated":true}]}}