{"id":22887,"date":"2018-09-05T16:35:48","date_gmt":"2018-09-05T13:35:48","guid":{"rendered":"http:\/\/balcilar-blog.com\/?p=22887"},"modified":"2018-09-05T21:47:54","modified_gmt":"2018-09-05T18:47:54","slug":"yasamayanlar-dizisinin-gorkemli-gala-gecesi-yapildi","status":"publish","type":"post","link":"https:\/\/balcilar-blog.com\/?p=22887","title":{"rendered":"&#8220;Ya\u015famayanlar&#8221; Dizisinin G\u00f6rkemli Gala Gecesi Yap\u0131ld\u0131!"},"content":{"rendered":"<div class=\"_n_n3\">\n<div class=\"conductorContent\" tabindex=\"-1\" role=\"presentation\">\n<div id=\"primaryContainer\" class=\"_n_e\">\n<div class=\"conductorContent\" tabindex=\"-1\" role=\"presentation\">\n<div class=\"_n_T\">\n<div class=\"_n_X\" role=\"main\" aria-label=\"Posta\">\n<div class=\"_n_X\">\n<div class=\"_n_X\">\n<div class=\"_n_Y\" tabindex=\"-1\">\n<div class=\"allowTextSelection\" role=\"document\">\n<div class=\"conductorContent\" role=\"presentation\">\n<div class=\"_rp_s5 ShowReferenceAttachmentsLinks ShowConsesusSchedulingLink\" tabindex=\"-1\" role=\"region\" aria-label=\"Okuma B\u00f6lmesi\">\n<div class=\"_rp_s5 disableTextSelection\">\n<div class=\"_rp_v5 disableTextSelection customScrollBar scrollContainer\">\n<div class=\"_rp_E5\">\n<div class=\"_rp_B5\">\n<div class=\"_rp_C5 rpHighlightAllClass rpHighlightBodyClass allowTextSelection\">\n<div id=\"Item.MessageNormalizedBody\" class=\"_rp_D5 ms-font-weight-regular ms-font-color-neutralDark\" tabindex=\"-1\" role=\"presentation\">\n<div class=\"rps_53d6\">\n<div dir=\"ltr\">\n<div dir=\"ltr\">\n<div dir=\"ltr\">\n<div dir=\"ltr\">\n<div class=\"x_gmail_quote\">\n<div dir=\"ltr\">\n<div dir=\"ltr\">\n<div class=\"x_gmail_quote\">\n<div dir=\"auto\">\n<blockquote>\n<div dir=\"ltr\">\n<div class=\"x_gmail_quote\">\n<blockquote>\n<div dir=\"ltr\">\n<div class=\"x_gmail_quote\">\n<div dir=\"ltr\">\u00a0<img loading=\"lazy\" decoding=\"async\" class=\"alignnone size-full wp-image-22890\" src=\"http:\/\/balcilar-blog.com\/wp-content\/uploads\/2018\/09\/Kerem-Bu\u0308rsin_Birkan-Sokullu_Selma-Ergec\u0327_Elc\u0327in-Sangu.jpg\" alt=\"\" width=\"640\" height=\"456\" srcset=\"https:\/\/balcilar-blog.com\/wp-content\/uploads\/2018\/09\/Kerem-Bu\u0308rsin_Birkan-Sokullu_Selma-Ergec\u0327_Elc\u0327in-Sangu.jpg 640w, https:\/\/balcilar-blog.com\/wp-content\/uploads\/2018\/09\/Kerem-Bu\u0308rsin_Birkan-Sokullu_Selma-Ergec\u0327_Elc\u0327in-Sangu-300x214.jpg 300w\" sizes=\"auto, (max-width: 640px) 100vw, 640px\" \/><\/div>\n<\/div>\n<\/div>\n<\/blockquote>\n<blockquote>\n<div dir=\"ltr\">\n<div class=\"x_gmail_quote\">\n<div dir=\"ltr\">\n<p>BluTV&#8217;N\u0130N HEYECANLA BEKLENEN &#8216;YA\u015eAMAYANLAR&#8217; D\u0130Z\u0130S\u0130N\u0130N<\/p>\n<p>ETK\u0130LEY\u0130C\u0130 GALA GECES\u0130 GER\u00c7EKLE\u015eT\u0130!<\/p>\n<p>&nbsp;<\/p>\n<p>BluTV&#8217;nin ba\u015frollerini El\u00e7in Sangu, Kerem B\u00fcrsin, Birkan Sokullu ve Selma Erge\u00e7&#8217;in payla\u015ft\u0131\u011f\u0131, Alphan E\u015feli\u2019nin hikayesini yaz\u0131p proje tasar\u0131m\u0131 ve y\u00f6netmenli\u011fini \u00fcstlendi\u011fi yeni vampir dizisi &#8220;Ya\u015famayanlar&#8221;\u0131n gala gecesi 4 Eyl\u00fcl Sal\u0131 gecesi Hask\u00f6y Y\u00fcn \u0130plik Fabrikas\u0131\u2019nda yap\u0131lan g\u00f6rkemli bir davetle ger\u00e7ekle\u015ftirildi.<\/p>\n<p><strong>GALA GECES\u0130N\u0130N T\u00dcM FOTO\u011eRAFLARI:\u00a0<\/strong><\/p>\n<p><img loading=\"lazy\" decoding=\"async\" class=\"alignnone size-full wp-image-22889\" src=\"http:\/\/balcilar-blog.com\/wp-content\/uploads\/2018\/09\/Ayd\u0131n-Dog\u0306an-Yalc\u0327\u0131ndag\u0306_Alphan-Es\u0327eli_.jpg\" alt=\"\" width=\"480\" height=\"627\" srcset=\"https:\/\/balcilar-blog.com\/wp-content\/uploads\/2018\/09\/Ayd\u0131n-Dog\u0306an-Yalc\u0327\u0131ndag\u0306_Alphan-Es\u0327eli_.jpg 480w, https:\/\/balcilar-blog.com\/wp-content\/uploads\/2018\/09\/Ayd\u0131n-Dog\u0306an-Yalc\u0327\u0131ndag\u0306_Alphan-Es\u0327eli_-230x300.jpg 230w\" sizes=\"auto, (max-width: 480px) 100vw, 480px\" \/><\/p>\n<p><img loading=\"lazy\" decoding=\"async\" class=\"alignnone size-full wp-image-22890\" src=\"http:\/\/balcilar-blog.com\/wp-content\/uploads\/2018\/09\/Kerem-Bu\u0308rsin_Birkan-Sokullu_Selma-Ergec\u0327_Elc\u0327in-Sangu.jpg\" alt=\"\" width=\"640\" height=\"456\" srcset=\"https:\/\/balcilar-blog.com\/wp-content\/uploads\/2018\/09\/Kerem-Bu\u0308rsin_Birkan-Sokullu_Selma-Ergec\u0327_Elc\u0327in-Sangu.jpg 640w, https:\/\/balcilar-blog.com\/wp-content\/uploads\/2018\/09\/Kerem-Bu\u0308rsin_Birkan-Sokullu_Selma-Ergec\u0327_Elc\u0327in-Sangu-300x214.jpg 300w\" sizes=\"auto, (max-width: 640px) 100vw, 640px\" \/><\/p>\n<p>Ba\u015frollerini\u00a0El\u00e7in Sangu, Kerem B\u00fcrsin, Birkan Sokullu ve Selma Erge\u00e7&#8217;in payla\u015ft\u0131\u011f\u0131 T\u00fcrk\u00fc Turan, Nilperi \u015eahinkaya, Efecan \u015eenolsun, Edip Tepeli, Elit \u0130\u015fcan, Oral \u00d6zer, Erdeniz Kurucan, Selahattin Erg\u00fcn, Beril Acar ve Birce Kirkova\u00a0gibi ba\u015far\u0131l\u0131 oyuncular\u0131n yer ald\u0131\u011f\u0131 BluTV&#8217;nin merakla beklenen vampir dizisinin \u00f6n g\u00f6steriminin yap\u0131ld\u0131\u011f\u0131 gecede\u00a0&#8220;Ya\u015famayanlar&#8221;\u00a0dizisi oyuncular\u0131 \u201cVampirler\u201d ve \u201cVampir Avc\u0131lar\u0131\u201d ekibi olarak tam kadro k\u0131rm\u0131z\u0131 hal\u0131da y\u00f6netmen\u00a0Alphan E\u015feli\u00a0ile birlikte poz verdi.<\/p>\n<p>\u0130stanbul 74\u2019\u00fcn d\u00fczenledi\u011fi, sanat, medya ve i\u015f d\u00fcnyas\u0131ndan pek \u00e7ok siman\u0131n bir araya geldi\u011fi geceye;\u00a0Serenay Sar\u0131kaya, Berrak T\u00fcz\u00fcnata\u00e7, Dilan \u00c7i\u00e7ek Deniz, Furkan And\u0131\u00e7, Melisa \u015eenolsun, Ozan Dolunay, Ahu Ya\u011ftu, Sema \u00d6zt\u00fcrk\u00a0gibi isimler kat\u0131ld\u0131.<\/p>\n<p><img loading=\"lazy\" decoding=\"async\" class=\"alignnone size-full wp-image-22896\" src=\"http:\/\/balcilar-blog.com\/wp-content\/uploads\/2018\/09\/Yas\u0327amayanlar-Ekip.jpg\" alt=\"\" width=\"640\" height=\"372\" srcset=\"https:\/\/balcilar-blog.com\/wp-content\/uploads\/2018\/09\/Yas\u0327amayanlar-Ekip.jpg 640w, https:\/\/balcilar-blog.com\/wp-content\/uploads\/2018\/09\/Yas\u0327amayanlar-Ekip-300x174.jpg 300w\" sizes=\"auto, (max-width: 640px) 100vw, 640px\" \/><\/p>\n<p>Hask\u00f6y Y\u00fcn \u0130plik Fabrikas\u0131\u2019nda ger\u00e7ekle\u015fen galan\u0131n atmosferi dizinin konseptine uygun dekorasyonu ile misafirleri b\u00fcy\u00fcledi. Dokuma makinelerinin oldu\u011fu alanda dizide kullan\u0131lan t\u00fcm kost\u00fcmler sergilendi. Bir grafiti sanat\u00e7\u0131s\u0131n\u0131n duvara vampir \u00e7izdi\u011fi gecede mekanda dizinin dekorunda kullan\u0131lan detaylar da b\u00fcy\u00fck be\u011feni toplad\u0131.<\/p>\n<p>Dizinin 1. b\u00f6l\u00fcm\u00fcn\u00fcn izlendi\u011fi ve yo\u011fun kat\u0131l\u0131m\u0131n oldu\u011fu gecede sahne alan\u00a0Kad\u0131k\u00f6y Acil, Kamufle\u00a0ve\u00a0Da Poetadl\u0131 gruplar konuklar\u0131 \u015fark\u0131lar\u0131yla e\u011flendirdi.<\/p>\n<figure id=\"attachment_22879\" aria-describedby=\"caption-attachment-22879\" style=\"width: 640px\" class=\"wp-caption alignnone\"><img loading=\"lazy\" decoding=\"async\" class=\"size-full wp-image-22879\" src=\"http:\/\/balcilar-blog.com\/wp-content\/uploads\/2018\/09\/Kerem-Bu\u0308rsin_Dmitry-1.jpg\" alt=\"\" width=\"640\" height=\"430\" srcset=\"https:\/\/balcilar-blog.com\/wp-content\/uploads\/2018\/09\/Kerem-Bu\u0308rsin_Dmitry-1.jpg 640w, https:\/\/balcilar-blog.com\/wp-content\/uploads\/2018\/09\/Kerem-Bu\u0308rsin_Dmitry-1-300x202.jpg 300w\" sizes=\"auto, (max-width: 640px) 100vw, 640px\" \/><figcaption id=\"caption-attachment-22879\" class=\"wp-caption-text\">YASAMAYANLAR<\/figcaption><\/figure>\n<p>Heyecanla beklenen \u201cYa\u015famayanlar\u201d alternatif i\u015flere imza atarak T\u00fcrkiye\u2019nin en sevilen dijital platformlar\u0131ndan biri haline gelen\u00a0BluTV\u2019de\u00a06 Eyl\u00fcl Per\u015fembe\u00a0saat\u00a019:00\u2019da izleyicisiyle bulu\u015facak.<\/p>\n<p>Ben kendi ad\u0131ma BluTV ba\u015f\u0131na oturup ilk b\u00f6l\u00fcm\u00fc seyredece\u011fim.<\/p>\n<\/div>\n<\/div>\n<\/div>\n<p>Sayg\u0131lar ve sevgiler.<\/p>\n<p>Abdurrahman Balc\u0131lar<\/p>\n<p>Twitter : <a href=\"https:\/\/twitter.com\/abbalcilar\">abdurrahman balc\u0131lar<\/a><a href=\"https:\/\/twitter.com\/abbalcilar\"><strong>@abbalcilar<\/strong><\/a><\/p>\n<p>Mail :\u00a0<a href=\"mailto:ab.balcilar@hotmail.com\">ab.balcilar@hotmail.com<\/a><\/p>\n<p>Blog:\u00a0<a href=\"http:\/\/t.co\/znqmIZgIqn\">blog.milliyet.com.tr\/cansever<\/a><\/p>\n<p>\u015eahsi Blog:\u00a0<a href=\"http:\/\/balcilar-blog.com\/\">Abdurrahman Balc\u0131lar Blog Sayfas\u0131<\/a><\/p>\n<p><strong>\u00a0<\/strong><strong>*\u015eahsi Blog sayfamda ve Milliyet Blog\u2019da yay\u0131nlanan blog yaz\u0131lar\u0131 b\u00fcy\u00fck bir \u00e7al\u0131\u015fman\u0131n \u00fcr\u00fcn\u00fc olup, izinsiz ya da kaynak g\u00f6stermeden al\u0131nt\u0131 yap\u0131lamaz. Aksi halde kanuni i\u015flem yap\u0131l\u0131r.<\/strong><\/p>\n<div dir=\"ltr\">\n<div class=\"x_gmail_quote\">\n<div dir=\"ltr\">\n<p class=\"x_MsoNormal\"><b>Not: Kaynak haber ve fotolar Bas\u0131n \u0130leti\u015fim:<\/b><\/p>\n<p class=\"x_MsoNormal\"><b>\u0130leti\u015fim Deposu\u00a0<\/b>Z\u00fcmr\u00fct Burul &#8211; \u0130rem T\u00fcmer<\/p>\n<\/div>\n<\/div>\n<\/div>\n<\/blockquote>\n<\/div>\n<\/div>\n<\/blockquote>\n<\/div>\n<\/div>\n<\/div>\n<\/div>\n<\/div>\n<\/div>\n<\/div>\n<\/div>\n<\/div>\n<\/div>\n<\/div>\n<\/div>\n<\/div>\n<\/div>\n<\/div>\n<\/div>\n<\/div>\n<\/div>\n<\/div>\n<\/div>\n<\/div>\n<\/div>\n<\/div>\n<\/div>\n<\/div>\n<\/div>\n<\/div>\n<\/div>\n","protected":false},"excerpt":{"rendered":"<p>\u00a0 BluTV&#8217;N\u0130N HEYECANLA BEKLENEN &#8216;YA\u015eAMAYANLAR&#8217; D\u0130Z\u0130S\u0130N\u0130N ETK\u0130LEY\u0130C\u0130 GALA GECES\u0130 GER\u00c7EKLE\u015eT\u0130! &nbsp; BluTV&#8217;nin ba\u015frollerini El\u00e7in Sangu, Kerem B\u00fcrsin, Birkan Sokullu ve Selma Erge\u00e7&#8217;in payla\u015ft\u0131\u011f\u0131, Alphan E\u015feli\u2019nin hikayesini yaz\u0131p proje tasar\u0131m\u0131 ve y\u00f6netmenli\u011fini \u00fcstlendi\u011fi yeni vampir dizisi &#8220;Ya\u015famayanlar&#8221;\u0131n gala gecesi 4 Eyl\u00fcl Sal\u0131 gecesi Hask\u00f6y Y\u00fcn \u0130plik Fabrikas\u0131\u2019nda yap\u0131lan g\u00f6rkemli bir davetle ger\u00e7ekle\u015ftirildi. GALA GECES\u0130N\u0130N T\u00dcM FOTO\u011eRAFLARI:\u00a0 [&hellip;]<\/p>\n","protected":false},"author":3,"featured_media":22890,"comment_status":"open","ping_status":"open","sticky":false,"template":"","format":"standard","meta":{"footnotes":""},"categories":[2],"tags":[235,1791,1793,1008,673,1792,27,1789],"class_list":["post-22887","post","type-post","status-publish","format-standard","has-post-thumbnail","hentry","category-tv-programlari","tag-birkan-sokullu","tag-bluetv","tag-dilan-cicek","tag-furkan-andic","tag-kerem-bursin","tag-selma-ergegec","tag-serenay-sarikaya","tag-yasamayanlar"],"views":3652,"blog_post_layout_featured_media_urls":{"thumbnail":["https:\/\/balcilar-blog.com\/wp-content\/uploads\/2018\/09\/Kerem-Bu\u0308rsin_Birkan-Sokullu_Selma-Ergec\u0327_Elc\u0327in-Sangu-150x150.jpg",150,150,true],"full":["https:\/\/balcilar-blog.com\/wp-content\/uploads\/2018\/09\/Kerem-Bu\u0308rsin_Birkan-Sokullu_Selma-Ergec\u0327_Elc\u0327in-Sangu.jpg",640,456,false]},"categories_names":{"2":{"name":"TV Programlar\u0131","link":"https:\/\/balcilar-blog.com\/?cat=2"}},"tags_names":{"235":{"name":"Birkan Sokullu","link":"https:\/\/balcilar-blog.com\/?tag=birkan-sokullu"},"1791":{"name":"BlueTV","link":"https:\/\/balcilar-blog.com\/?tag=bluetv"},"1793":{"name":"Dilan \u00c7i\u00e7ek","link":"https:\/\/balcilar-blog.com\/?tag=dilan-cicek"},"1008":{"name":"Furkan And\u0131\u00e7","link":"https:\/\/balcilar-blog.com\/?tag=furkan-andic"},"673":{"name":"Kerem Bursin","link":"https:\/\/balcilar-blog.com\/?tag=kerem-bursin"},"1792":{"name":"Selma Ergege\u00e7","link":"https:\/\/balcilar-blog.com\/?tag=selma-ergegec"},"27":{"name":"Serenay Sar\u0131kaya","link":"https:\/\/balcilar-blog.com\/?tag=serenay-sarikaya"},"1789":{"name":"Ya\u015famayanlar","link":"https:\/\/balcilar-blog.com\/?tag=yasamayanlar"}},"comments_number":"0","wpmagazine_modules_lite_featured_media_urls":{"thumbnail":["https:\/\/balcilar-blog.com\/wp-content\/uploads\/2018\/09\/Kerem-Bu\u0308rsin_Birkan-Sokullu_Selma-Ergec\u0327_Elc\u0327in-Sangu-150x150.jpg",150,150,true],"cvmm-medium":["https:\/\/balcilar-blog.com\/wp-content\/uploads\/2018\/09\/Kerem-Bu\u0308rsin_Birkan-Sokullu_Selma-Ergec\u0327_Elc\u0327in-Sangu.jpg",300,214,false],"cvmm-medium-plus":["https:\/\/balcilar-blog.com\/wp-content\/uploads\/2018\/09\/Kerem-Bu\u0308rsin_Birkan-Sokullu_Selma-Ergec\u0327_Elc\u0327in-Sangu.jpg",291,207,false],"cvmm-portrait":["https:\/\/balcilar-blog.com\/wp-content\/uploads\/2018\/09\/Kerem-Bu\u0308rsin_Birkan-Sokullu_Selma-Ergec\u0327_Elc\u0327in-Sangu.jpg",400,285,false],"cvmm-medium-square":["https:\/\/balcilar-blog.com\/wp-content\/uploads\/2018\/09\/Kerem-Bu\u0308rsin_Birkan-Sokullu_Selma-Ergec\u0327_Elc\u0327in-Sangu.jpg",600,428,false],"cvmm-large":["https:\/\/balcilar-blog.com\/wp-content\/uploads\/2018\/09\/Kerem-Bu\u0308rsin_Birkan-Sokullu_Selma-Ergec\u0327_Elc\u0327in-Sangu.jpg",640,456,false],"cvmm-small":["https:\/\/balcilar-blog.com\/wp-content\/uploads\/2018\/09\/Kerem-Bu\u0308rsin_Birkan-Sokullu_Selma-Ergec\u0327_Elc\u0327in-Sangu.jpg",130,93,false],"full":["https:\/\/balcilar-blog.com\/wp-content\/uploads\/2018\/09\/Kerem-Bu\u0308rsin_Birkan-Sokullu_Selma-Ergec\u0327_Elc\u0327in-Sangu.jpg",640,456,false]},"_links":{"self":[{"href":"https:\/\/balcilar-blog.com\/index.php?rest_route=\/wp\/v2\/posts\/22887","targetHints":{"allow":["GET"]}}],"collection":[{"href":"https:\/\/balcilar-blog.com\/index.php?rest_route=\/wp\/v2\/posts"}],"about":[{"href":"https:\/\/balcilar-blog.com\/index.php?rest_route=\/wp\/v2\/types\/post"}],"author":[{"embeddable":true,"href":"https:\/\/balcilar-blog.com\/index.php?rest_route=\/wp\/v2\/users\/3"}],"replies":[{"embeddable":true,"href":"https:\/\/balcilar-blog.com\/index.php?rest_route=%2Fwp%2Fv2%2Fcomments&post=22887"}],"version-history":[{"count":5,"href":"https:\/\/balcilar-blog.com\/index.php?rest_route=\/wp\/v2\/posts\/22887\/revisions"}],"predecessor-version":[{"id":22893,"href":"https:\/\/balcilar-blog.com\/index.php?rest_route=\/wp\/v2\/posts\/22887\/revisions\/22893"}],"wp:featuredmedia":[{"embeddable":true,"href":"https:\/\/balcilar-blog.com\/index.php?rest_route=\/wp\/v2\/media\/22890"}],"wp:attachment":[{"href":"https:\/\/balcilar-blog.com\/index.php?rest_route=%2Fwp%2Fv2%2Fmedia&parent=22887"}],"wp:term":[{"taxonomy":"category","embeddable":true,"href":"https:\/\/balcilar-blog.com\/index.php?rest_route=%2Fwp%2Fv2%2Fcategories&post=22887"},{"taxonomy":"post_tag","embeddable":true,"href":"https:\/\/balcilar-blog.com\/index.php?rest_route=%2Fwp%2Fv2%2Ftags&post=22887"}],"curies":[{"name":"wp","href":"https:\/\/api.w.org\/{rel}","templated":true}]}}