{"id":22868,"date":"2018-08-30T16:53:18","date_gmt":"2018-08-30T13:53:18","guid":{"rendered":"http:\/\/balcilar-blog.com\/?p=22868"},"modified":"2018-09-13T12:40:21","modified_gmt":"2018-09-13T09:40:21","slug":"en-cok-seyredilen-diziler-yeni-sezona-ne-zaman-baslayacak","status":"publish","type":"post","link":"https:\/\/balcilar-blog.com\/?p=22868","title":{"rendered":"En \u00c7ok Seyredilen Diziler, Yeni Sezona Ne Zaman Ba\u015flayacak?"},"content":{"rendered":"<p>&nbsp;<\/p>\n<p><img loading=\"lazy\" decoding=\"async\" class=\"alignnone size-full wp-image-22872\" src=\"http:\/\/balcilar-blog.com\/wp-content\/uploads\/2018\/08\/KAPAK.jpg\" alt=\"\" width=\"640\" height=\"362\" srcset=\"https:\/\/balcilar-blog.com\/wp-content\/uploads\/2018\/08\/KAPAK.jpg 640w, https:\/\/balcilar-blog.com\/wp-content\/uploads\/2018\/08\/KAPAK-300x170.jpg 300w\" sizes=\"auto, (max-width: 640px) 100vw, 640px\" \/><\/p>\n<p>Ge\u00e7ti\u011fimiz Haziran ay\u0131nda en \u00e7ok seyredilen diziler, sezon finali yapm\u0131\u015f yaz tatiline girmi\u015flerdi. A\u011fustos sonuna geldik, tatil bitti. Sevilen diler har\u0131l har\u0131l yeni sezona haz\u0131rlan\u0131yor. Kald\u0131klar\u0131 yerden yeni b\u00f6l\u00fcmlerini \u00e7ekiyor. Bu yeni b\u00f6l\u00fcm tan\u0131t\u0131m fragmanlar\u0131n\u0131 \u00e7ekiyor. Baz\u0131 dizilerin yeni b\u00f6l\u00fcm an\u0131t\u0131m fragmanlar\u0131 kanallarda d\u00f6nmeye ba\u015flad\u0131.<\/p>\n<p>Yapt\u0131\u011f\u0131m ara\u015ft\u0131rmaya g\u00f6re sezon dizilerinin ba\u015flama tarihlerini a\u015fa\u011f\u0131da veriyorum.<\/p>\n<p><strong>EN \u00c7OK SEYRED\u0130LEN D\u0130Z\u0130LER YEN\u0130 SEZONA NE ZAMAN BA\u015eLIYOR?<\/strong><\/p>\n<p><strong>D\u0130R\u0130L\u0130\u015e ERTU\u011eRUL (TRT1)<\/strong><\/p>\n<p><img loading=\"lazy\" decoding=\"async\" class=\"alignnone size-full wp-image-21354\" src=\"http:\/\/balcilar-blog.com\/wp-content\/uploads\/2018\/01\/dirilis-ertugrul-100-bol.png\" sizes=\"auto, (max-width: 640px) 100vw, 640px\" srcset=\"http:\/\/balcilar-blog.com\/wp-content\/uploads\/2018\/01\/dirilis-ertugrul-100-bol.png 640w, http:\/\/balcilar-blog.com\/wp-content\/uploads\/2018\/01\/dirilis-ertugrul-100-bol-300x169.png 300w\" alt=\"\" width=\"640\" height=\"360\" \/><\/p>\n<p>TRT1\u2019in sevilen iddial\u0131 dizisi Dirili\u015f Ertu\u011frul 5.sezona (122.B\u00f6l\u00fcm) kald\u0131\u011f\u0131 yerden ba\u015flayacak. Engin Altan D\u00fczyatan ve\u00a0 Oya Unustas\u0131 ba\u015frol\u00fc oynuyor. TRT1&#8217;den net bir a\u00e7\u0131klama gelmedi ama, 12 Eyl\u00fcl \u00c7ar\u015famba g\u00fcn\u00fc yada en ge\u00e7 19 Eyl\u00fcl g\u00fcn\u00fc yeni sezon ba\u015flayacak. Enteresand\u0131r yap\u0131mc\u0131 firmadan 122.b\u00f6l\u00fcm tan\u0131t\u0131m fragman\u0131 da yay\u0131nlanmad\u0131!<\/p>\n<p>&nbsp;<\/p>\n<p><strong>SEN ANLAT KARADEN\u0130Z (ATV<\/strong><\/p>\n<p><img loading=\"lazy\" decoding=\"async\" class=\"alignnone size-full wp-image-22445\" src=\"http:\/\/balcilar-blog.com\/wp-content\/uploads\/2018\/06\/0x0-19-bolum-fot-2.jpg\" alt=\"\" width=\"640\" height=\"427\" srcset=\"https:\/\/balcilar-blog.com\/wp-content\/uploads\/2018\/06\/0x0-19-bolum-fot-2.jpg 640w, https:\/\/balcilar-blog.com\/wp-content\/uploads\/2018\/06\/0x0-19-bolum-fot-2-300x200.jpg 300w\" sizes=\"auto, (max-width: 640px) 100vw, 640px\" \/><\/p>\n<p>Sen Anlat Karadeniz 2.sezonu 22.b\u00f6l\u00fcm\u00fc heyecanla bekleniyor. Ula\u015f Tuna Astepe dizide (Deli Tahir) beline tak\u0131lan a\u011f\u0131rl\u0131klarla, eli-aya\u011f\u0131 ba\u011fl\u0131 denizin derinliklerine atlat\u0131lm\u0131\u015ft\u0131. Denizin derinliklerinden kurtulabilecek mi? Yeni b\u00f6l\u00fcm ilk tan\u0131t\u0131m fragman\u0131 yay\u0131nland\u0131. Tahir ayak ba\u011f\u0131 iplerini kesemiyor, elindeki b\u0131\u00e7ak denizin derinlerine d\u00fc\u015f\u00fcyor. Kar\u0131s\u0131 Nefes (\u0130rem Helvac\u0131o\u011flu) teknede onu heyecanla bekliyor.<\/p>\n<p>Yeni b\u00f6l\u00fcm tarihi net olarak verilmese de, 12 Eyl\u00fcl \u00c7ar\u015famba yada 19 Eyl\u00fcl g\u00fcn\u00fc ekranlar\u0131n\u0131zda olacak.<\/p>\n<p>&nbsp;<\/p>\n<p><strong>KADIN (FOX)<\/strong><\/p>\n<p><img loading=\"lazy\" decoding=\"async\" class=\"alignnone size-full wp-image-21962\" src=\"http:\/\/balcilar-blog.com\/wp-content\/uploads\/2018\/03\/Kadin-21-bl..jpg\" sizes=\"auto, (max-width: 640px) 100vw, 640px\" srcset=\"http:\/\/balcilar-blog.com\/wp-content\/uploads\/2018\/03\/Kadin-21-bl..jpg 640w, http:\/\/balcilar-blog.com\/wp-content\/uploads\/2018\/03\/Kadin-21-bl.-300x169.jpg 300w\" alt=\"\" width=\"640\" height=\"360\" \/><\/p>\n<p>Ba\u015frollerini \u00d6zge \u00d6zpirin\u00e7ci ve Caner Cindoruk oynad\u0131\u011f\u0131 dizi beklenmedik \u015fekilde tutuldu. Haftan\u0131n dizileri aras\u0131nda 3.s\u0131rada yer almay\u0131 ba\u015far\u0131yor. Orjinali Japon dizisi \u00e7ok k\u0131sayd\u0131 ama bizim uyarlama Kad\u0131n Eyl\u00fclde\u00a0 kald\u0131\u011f\u0131 32.b\u00f6l\u00fcmden devam edecek. Yapacak bir \u015fey yok, bekleyece\u011fiz.<\/p>\n<p>&nbsp;<\/p>\n<p><strong>\u00c7UKUR (SHOW TV)<\/strong><\/p>\n<p><img loading=\"lazy\" decoding=\"async\" class=\"alignnone size-full wp-image-21318\" src=\"http:\/\/balcilar-blog.com\/wp-content\/uploads\/2017\/12\/cukur10bolum.jpg\" sizes=\"auto, (max-width: 640px) 100vw, 640px\" srcset=\"http:\/\/balcilar-blog.com\/wp-content\/uploads\/2017\/12\/cukur10bolum.jpg 640w, http:\/\/balcilar-blog.com\/wp-content\/uploads\/2017\/12\/cukur10bolum-300x206.jpg 300w\" alt=\"\" width=\"640\" height=\"440\" \/><\/p>\n<p>Ay Yap\u0131m\u2019\u0131n \u00c7ukur dizisi g\u00fc\u00e7l\u00fc oyuncular\u0131, Aras Bulut \u0130ynemli, Dilan \u00c7i\u00e7ek Deniz, Erkan Kol\u00e7ak K\u00f6stendil, Ercan Kesal, Perihan Sava\u015f, \u00d6ner Erkan, R\u0131za Kocao\u011flu, Nebil Say\u0131n, Kubilay Aka ve Alperen Duymaz gibi g\u00fc\u00e7l\u00fc oyuncu kadrosu mevcuttur. 11 Haziran tarihinde 33.b\u00f6l\u00fcmde sezon finali yapt\u0131. Show Tv\u2019nin fenomen dizisi Eyl\u00fcl ay\u0131nda 3.sezona giriyor. 51.b\u00f6l\u00fcm 1.fragman\u0131 yay\u0131nland\u0131. 17 Eyl\u00fcl Pazartesi ak\u015fam\u0131 yeni b\u00f6l\u00fcm\u00fc ile sezona ba\u015fl\u0131yor.<\/p>\n<p>&nbsp;<\/p>\n<p><strong>S\u00d6Z (STAR TV)<\/strong><\/p>\n<p><img loading=\"lazy\" decoding=\"async\" class=\"alignnone size-full wp-image-21355\" src=\"http:\/\/balcilar-blog.com\/wp-content\/uploads\/2018\/01\/s%C3%B6z-27.bl_..jpg\" sizes=\"auto, (max-width: 640px) 100vw, 640px\" srcset=\"http:\/\/balcilar-blog.com\/wp-content\/uploads\/2018\/01\/s\u00f6z-27.bl_..jpg 640w, http:\/\/balcilar-blog.com\/wp-content\/uploads\/2018\/01\/s\u00f6z-27.bl_.-300x208.jpg 300w\" alt=\"\" width=\"640\" height=\"443\" \/><\/p>\n<p>Pazartesi geceleri ilgi ile izlenen S\u00f6z&#8217;\u00fcn yap\u0131mc\u0131s\u0131 Tims B, 3.sezonda da iddial\u0131 olacaklar\u0131n\u0131 a\u00e7\u0131klad\u0131. 11 Haziran Pazartesi ak\u015fam\u0131 50.b\u00f6l\u00fcm\u00fc ile sezon finali yapt\u0131. Mine \u00c7ay\u0131ro\u011flu S\u00f6z&#8217;\u00fcn kadrosuna dahil oldu. Star Tv. dizinin yeni tan\u0131t\u0131m fragman\u0131n\u0131 yay\u0131nlamad\u0131 ama, 17 Eyl\u00fcl ak\u015fam\u0131 ekranlara gelmesi bekleniyor.<\/p>\n<p>&nbsp;<\/p>\n<p><strong>\u0130STANBULLU GEL\u0130N (STAR TV)<\/strong><\/p>\n<p><img loading=\"lazy\" decoding=\"async\" class=\"alignnone size-full wp-image-20873\" src=\"http:\/\/balcilar-blog.com\/wp-content\/uploads\/2017\/11\/cropped_content_istanbullu-gelin-23-bolum-fragmani-yayinlandi-mi-video_tkezPVnPhXtWYGv.jpeg\" sizes=\"auto, (max-width: 640px) 100vw, 640px\" srcset=\"http:\/\/balcilar-blog.com\/wp-content\/uploads\/2017\/11\/cropped_content_istanbullu-gelin-23-bolum-fragmani-yayinlandi-mi-video_tkezPVnPhXtWYGv.jpeg 640w, http:\/\/balcilar-blog.com\/wp-content\/uploads\/2017\/11\/cropped_content_istanbullu-gelin-23-bolum-fragmani-yayinlandi-mi-video_tkezPVnPhXtWYGv-300x176.jpeg 300w\" alt=\"\" width=\"640\" height=\"376\" \/><\/p>\n<p>\u00d6zcan Deniz ve Asl\u0131 Enver\u2019in ba\u015frol oynad\u0131\u011f\u0131 Sevilen dizi, Eyl\u00fcl\u2019de 3.sezona ba\u015flayacak. 8 Haziranda 53.b\u00f6l\u00fcm\u00fc ile sezon finali yapm\u0131\u015ft\u0131. 03 Medya&#8217;n\u0131n yap\u0131mc\u0131s\u0131 oldu\u011fu diziye yeni sezonda, Meral \u00c7etinkya, Nihal Yal\u00e7\u0131n, Kaan \u00c7ak\u0131r ve Ahsen Ero\u011flu kadroya dahil oluyor. Yeni 54.b\u00f6l\u00fcm 21 Eyl\u00fcl, ya da 28 Eyl\u00fcl Cuma tarihlerinde ekranlara gelecek.<\/p>\n<p>&nbsp;<\/p>\n<p><strong>E\u015eKIYA D\u00dcNYAYA H\u00dcK\u00dcMDAR OLMAZ (ATV)<\/strong><\/p>\n<p><img loading=\"lazy\" decoding=\"async\" class=\"alignnone size-full wp-image-16083\" src=\"http:\/\/balcilar-blog.com\/wp-content\/uploads\/2016\/10\/3_d-e%C5%9Fk%C4%B1ya-d%C3%BCnyaya-44.b%C3%B6l%C3%BCm.jpg\" sizes=\"auto, (max-width: 640px) 100vw, 640px\" srcset=\"http:\/\/balcilar-blog.com\/wp-content\/uploads\/2016\/10\/3_d-e\u015fk\u0131ya-d\u00fcnyaya-44.b\u00f6l\u00fcm.jpg 640w, http:\/\/balcilar-blog.com\/wp-content\/uploads\/2016\/10\/3_d-e\u015fk\u0131ya-d\u00fcnyaya-44.b\u00f6l\u00fcm-300x190.jpg 300w\" alt=\"\" width=\"640\" height=\"405\" \/><\/p>\n<p>Oktay Kaynarca\u2019n\u0131n dizisi &#8220;E\u015fk\u0131ya D\u00fcnyaya H\u00fck\u00fcmdar Olmaz&#8221; 107.b\u00f6l\u00fcmde sezon finali yapm\u0131\u015ft\u0131. Eyl\u00fcl ay\u0131 i\u00e7inde kald\u0131\u011f\u0131 b\u00f6l\u00fcmden devem edecek. Hen\u00fcz a\u00e7\u0131klama gelmedi ama yine Sal\u0131 geceleri ekranlarda olacak.<\/p>\n<p>&nbsp;<\/p>\n<p><strong>ARKA SOKAKLAR (KANAL D)<\/strong><\/p>\n<p><img loading=\"lazy\" decoding=\"async\" class=\"alignnone size-full wp-image-22291\" src=\"http:\/\/balcilar-blog.com\/wp-content\/uploads\/2018\/05\/arka-sokaklar.jpg\" sizes=\"auto, (max-width: 640px) 100vw, 640px\" srcset=\"http:\/\/balcilar-blog.com\/wp-content\/uploads\/2018\/05\/arka-sokaklar.jpg 640w, http:\/\/balcilar-blog.com\/wp-content\/uploads\/2018\/05\/arka-sokaklar-300x169.jpg 300w\" alt=\"\" width=\"640\" height=\"361\" \/><\/p>\n<p>Arka Sokaklar 13.sezonu ile Eyl\u00fcl ay\u0131nda tekrar ekranlar\u0131n\u0131zda olacak. 481 b\u00f6l\u00fcm\u00fc ekranlara gelecek. Polisiye, Aksiyon, Dram, Komedi ve Macera unsurlar\u0131n\u0131 b\u00fcnyesinde bar\u0131nd\u0131r\u0131yor. Erler Film T\u00fcrker \u0130nano\u011flu dizinin yap\u0131mc\u0131s\u0131. Hen\u00fcz kesin olmasa sa 14 Eyl\u00fcl Cuma ak\u015fam\u0131 Kanal D ekranlar\u0131nda olacak.<\/p>\n<p>&nbsp;<\/p>\n<p><strong>UFAK TEFEK C\u0130NAYETLER (STAR TV)<\/strong><\/p>\n<p><img loading=\"lazy\" decoding=\"async\" class=\"alignnone size-full wp-image-21814\" src=\"http:\/\/balcilar-blog.com\/wp-content\/uploads\/2018\/03\/ufak-tefek-cin-19..jpg\" sizes=\"auto, (max-width: 640px) 100vw, 640px\" srcset=\"http:\/\/balcilar-blog.com\/wp-content\/uploads\/2018\/03\/ufak-tefek-cin-19..jpg 640w, http:\/\/balcilar-blog.com\/wp-content\/uploads\/2018\/03\/ufak-tefek-cin-19.-300x200.jpg 300w\" alt=\"\" width=\"640\" height=\"426\" \/><\/p>\n<p>Ay Yap\u0131m\u2019\u0131n be\u011fenilen dizisi Ufak Tefek Cinayetler Eyl\u00fcl ay\u0131nda 2.sezon devam edecek. 5 Haziran 32.b\u00f6l\u00fcmde sezon finali yapm\u0131\u015ft\u0131. G\u00f6k\u00e7e Bahad\u0131r, Asl\u0131han G\u00fcrb\u00fcz, T\u00fclin \u00d6zen, Bade \u0130\u015fcil ve Mert F\u0131rat g\u00fc\u00e7l\u00fc oyuncular oynuyor. Bu nedenle sal\u0131 ak\u015famlar\u0131 en \u00e7ok izlenen dizilerden biri&#8230; 33.yeni b\u00f6l\u00fcm ile kald\u0131\u011f\u0131 yerden devam edecek. ne zaman ekranlara gelecek hen\u00fcz a\u00e7\u0131klanmad\u0131 ama 18 Eyl\u00fcl Sal\u0131 gecesi yeni b\u00f6l\u00fcm gelebilir.<\/p>\n<p>&nbsp;<\/p>\n<p><strong>B\u0130Z\u0130M H\u0130KAYE (FOX TV)<\/strong><\/p>\n<p><img loading=\"lazy\" decoding=\"async\" class=\"alignnone size-full wp-image-22292\" src=\"http:\/\/balcilar-blog.com\/wp-content\/uploads\/2018\/05\/bizim-hikaye.jpg\" sizes=\"auto, (max-width: 640px) 100vw, 640px\" srcset=\"http:\/\/balcilar-blog.com\/wp-content\/uploads\/2018\/05\/bizim-hikaye.jpg 640w, http:\/\/balcilar-blog.com\/wp-content\/uploads\/2018\/05\/bizim-hikaye-300x169.jpg 300w\" alt=\"\" width=\"640\" height=\"361\" \/><\/p>\n<p>&nbsp;<\/p>\n<p>Hazal Kaya ve Burak Deniz ba\u015frol\u00fc oynad\u0131\u011f\u0131 Bizim Hikaye&#8217;de\u00a0 yeni sezonda da sizlerle olacak.\u00a0<strong>Ay\u015fen Gruda\u00a0<\/strong>\u2018Yedi Bela Aysel\u2019 karakteri olarak devam ediyor.<\/p>\n<div id=\"alan\" class=\"article-body\">\n<p>Filiz elleri kelep\u00e7esi hapse g\u00f6nderilmi\u015fti. Bar\u0131\u015f ise Filiz\u2019i temize \u00e7\u0131karmak i\u00e7in babas\u0131ndan yard\u0131m ister. Bar\u0131\u015f\u2019la aras\u0131ndaki buzlar\u0131 eritmeye \u00e7al\u0131\u015f\u0131yormu\u015f gibi g\u00f6r\u00fcnen ve bunun i\u00e7in bir aile yeme\u011fi tertip eden Servet ise bir \u015feyler pe\u015findedir. Bar\u0131\u015f Filiz\u2019i bu korkun\u00e7 komplodan kurtarabilecek midir? Filiz hapisten \u00e7\u0131kacak m\u0131? 38.B\u00f6l\u00fcm muhtemelen 13 Eyl\u00fcl Per\u015fembe ak\u015fam\u0131 fox Tv. ekranlar\u0131nda olacak.<\/p>\n<\/div>\n<p>&nbsp;<\/p>\n<p><strong>Ekranlarda en \u00e7ok seyredilen dizileri almaya \u00e7al\u0131\u015ft\u0131m<\/strong>.<\/p>\n<p>Mesut Yar Posta Gazetesindeki k\u00f6\u015fesinde en \u00e7ok seyredilen dizilerle ilgili bir anket yapm\u0131\u015f. \u00c7ukur (%53), \u0130stanbullu Gelin (%25), Dirili\u015f Ertu\u011frul (%16) ve Yasak Elma (%6) \u015feklinde s\u0131ralanm\u0131\u015flar.<\/p>\n<p>Sizlere sevilen en \u00e7ok sevilen dizilerin yeni yay\u0131n d\u00f6nemine ne zaman ba\u015flayaca\u011f\u0131n\u0131 vermeye \u00e7al\u0131\u015ft\u0131m. Hen\u00fcz hava dumanl\u0131, net bilgiler yok. B\u00fct\u00fcn tan\u0131t\u0131m fragmanlar\u0131nda Eyl\u00fcl de diye yuvarlak laflarla ge\u00e7i\u015ftiriyorlar.<\/p>\n<p>Yeni d\u00f6nemde (2018 &#8211; 2019) keyifli seyirler.<\/p>\n<p>Sayg\u0131lar ve sevgiler.<\/p>\n<p>Abdurrahman Balc\u0131lar<\/p>\n<p>Twitter : <a href=\"https:\/\/twitter.com\/abbalcilar\">abdurrahman balc\u0131lar<\/a><a href=\"https:\/\/twitter.com\/abbalcilar\"><strong>@abbalcilar<\/strong><\/a><\/p>\n<p>Mail :\u00a0<a href=\"mailto:ab.balcilar@hotmail.com\">ab.balcilar@hotmail.com<\/a><\/p>\n<p>Blog:\u00a0<a href=\"http:\/\/t.co\/znqmIZgIqn\">blog.milliyet.com.tr\/cansever<\/a><\/p>\n<p>\u015eahsi Blog:\u00a0<a href=\"http:\/\/balcilar-blog.com\/\">Abdurrahman Balc\u0131lar Blog Sayfas\u0131<\/a><\/p>\n<p><strong>\u00a0<\/strong><\/p>\n<p><strong>*\u015eahsi Blog sayfamda ve Milliyet Blog\u2019da yay\u0131nlanan blog yaz\u0131lar\u0131 b\u00fcy\u00fck bir \u00e7al\u0131\u015fman\u0131n \u00fcr\u00fcn\u00fc olup, izinsiz ya da kaynak g\u00f6stermeden al\u0131nt\u0131 yap\u0131lamaz. Aksi halde kanuni i\u015flem yap\u0131l\u0131r.<\/strong><\/p>\n","protected":false},"excerpt":{"rendered":"<p>&nbsp; Ge\u00e7ti\u011fimiz Haziran ay\u0131nda en \u00e7ok seyredilen diziler, sezon finali yapm\u0131\u015f yaz tatiline girmi\u015flerdi. A\u011fustos sonuna geldik, tatil bitti. Sevilen diler har\u0131l har\u0131l yeni sezona haz\u0131rlan\u0131yor. Kald\u0131klar\u0131 yerden yeni b\u00f6l\u00fcmlerini \u00e7ekiyor. Bu yeni b\u00f6l\u00fcm tan\u0131t\u0131m fragmanlar\u0131n\u0131 \u00e7ekiyor. Baz\u0131 dizilerin yeni b\u00f6l\u00fcm an\u0131t\u0131m fragmanlar\u0131 kanallarda d\u00f6nmeye ba\u015flad\u0131. Yapt\u0131\u011f\u0131m ara\u015ft\u0131rmaya g\u00f6re sezon dizilerinin ba\u015flama tarihlerini a\u015fa\u011f\u0131da veriyorum. [&hellip;]<\/p>\n","protected":false},"author":3,"featured_media":22872,"comment_status":"open","ping_status":"open","sticky":false,"template":"","format":"standard","meta":{"footnotes":""},"categories":[2],"tags":[1104,1520,1555,570,1375,1656,1635,1151,1416,1588],"class_list":["post-22868","post","type-post","status-publish","format-standard","has-post-thumbnail","hentry","category-tv-programlari","tag-arka-sokaklar","tag-bizim-hikaye","tag-cukur","tag-dirilis-ertugrul","tag-istanbullu-gelin","tag-kadin","tag-sen-anlat-karadeniz","tag-sezon-dizileri","tag-soz","tag-ufak-tefek-cinayetler"],"views":2686,"blog_post_layout_featured_media_urls":{"thumbnail":["https:\/\/balcilar-blog.com\/wp-content\/uploads\/2018\/08\/KAPAK-150x150.jpg",150,150,true],"full":["https:\/\/balcilar-blog.com\/wp-content\/uploads\/2018\/08\/KAPAK.jpg",640,362,false]},"categories_names":{"2":{"name":"TV Programlar\u0131","link":"https:\/\/balcilar-blog.com\/?cat=2"}},"tags_names":{"1104":{"name":"Arka Sokaklar","link":"https:\/\/balcilar-blog.com\/?tag=arka-sokaklar"},"1520":{"name":"Bizim Hikaye","link":"https:\/\/balcilar-blog.com\/?tag=bizim-hikaye"},"1555":{"name":"\u00c7ukur","link":"https:\/\/balcilar-blog.com\/?tag=cukur"},"570":{"name":"dirili\u015f Ertu\u011frul","link":"https:\/\/balcilar-blog.com\/?tag=dirilis-ertugrul"},"1375":{"name":"\u0130stanbullu Gelin","link":"https:\/\/balcilar-blog.com\/?tag=istanbullu-gelin"},"1656":{"name":"Kad\u0131n","link":"https:\/\/balcilar-blog.com\/?tag=kadin"},"1635":{"name":"Sen Anlat Karadeniz","link":"https:\/\/balcilar-blog.com\/?tag=sen-anlat-karadeniz"},"1151":{"name":"Sezon Dizileri","link":"https:\/\/balcilar-blog.com\/?tag=sezon-dizileri"},"1416":{"name":"S\u00f6z","link":"https:\/\/balcilar-blog.com\/?tag=soz"},"1588":{"name":"Ufak Tefek Cinayetler","link":"https:\/\/balcilar-blog.com\/?tag=ufak-tefek-cinayetler"}},"comments_number":"0","wpmagazine_modules_lite_featured_media_urls":{"thumbnail":["https:\/\/balcilar-blog.com\/wp-content\/uploads\/2018\/08\/KAPAK-150x150.jpg",150,150,true],"cvmm-medium":["https:\/\/balcilar-blog.com\/wp-content\/uploads\/2018\/08\/KAPAK.jpg",300,170,false],"cvmm-medium-plus":["https:\/\/balcilar-blog.com\/wp-content\/uploads\/2018\/08\/KAPAK.jpg",305,173,false],"cvmm-portrait":["https:\/\/balcilar-blog.com\/wp-content\/uploads\/2018\/08\/KAPAK.jpg",400,226,false],"cvmm-medium-square":["https:\/\/balcilar-blog.com\/wp-content\/uploads\/2018\/08\/KAPAK.jpg",600,339,false],"cvmm-large":["https:\/\/balcilar-blog.com\/wp-content\/uploads\/2018\/08\/KAPAK.jpg",640,362,false],"cvmm-small":["https:\/\/balcilar-blog.com\/wp-content\/uploads\/2018\/08\/KAPAK.jpg",130,74,false],"full":["https:\/\/balcilar-blog.com\/wp-content\/uploads\/2018\/08\/KAPAK.jpg",640,362,false]},"_links":{"self":[{"href":"https:\/\/balcilar-blog.com\/index.php?rest_route=\/wp\/v2\/posts\/22868","targetHints":{"allow":["GET"]}}],"collection":[{"href":"https:\/\/balcilar-blog.com\/index.php?rest_route=\/wp\/v2\/posts"}],"about":[{"href":"https:\/\/balcilar-blog.com\/index.php?rest_route=\/wp\/v2\/types\/post"}],"author":[{"embeddable":true,"href":"https:\/\/balcilar-blog.com\/index.php?rest_route=\/wp\/v2\/users\/3"}],"replies":[{"embeddable":true,"href":"https:\/\/balcilar-blog.com\/index.php?rest_route=%2Fwp%2Fv2%2Fcomments&post=22868"}],"version-history":[{"count":7,"href":"https:\/\/balcilar-blog.com\/index.php?rest_route=\/wp\/v2\/posts\/22868\/revisions"}],"predecessor-version":[{"id":22927,"href":"https:\/\/balcilar-blog.com\/index.php?rest_route=\/wp\/v2\/posts\/22868\/revisions\/22927"}],"wp:featuredmedia":[{"embeddable":true,"href":"https:\/\/balcilar-blog.com\/index.php?rest_route=\/wp\/v2\/media\/22872"}],"wp:attachment":[{"href":"https:\/\/balcilar-blog.com\/index.php?rest_route=%2Fwp%2Fv2%2Fmedia&parent=22868"}],"wp:term":[{"taxonomy":"category","embeddable":true,"href":"https:\/\/balcilar-blog.com\/index.php?rest_route=%2Fwp%2Fv2%2Fcategories&post=22868"},{"taxonomy":"post_tag","embeddable":true,"href":"https:\/\/balcilar-blog.com\/index.php?rest_route=%2Fwp%2Fv2%2Ftags&post=22868"}],"curies":[{"name":"wp","href":"https:\/\/api.w.org\/{rel}","templated":true}]}}