{"id":22854,"date":"2018-08-29T12:40:51","date_gmt":"2018-08-29T09:40:51","guid":{"rendered":"http:\/\/balcilar-blog.com\/?p=22854"},"modified":"2018-08-29T13:09:24","modified_gmt":"2018-08-29T10:09:24","slug":"meteorolojinin-yanilgisi-aydinli-incircilere-kirbac-etkisi-yapti","status":"publish","type":"post","link":"https:\/\/balcilar-blog.com\/?p=22854","title":{"rendered":"Meteorolojinin Yan\u0131lg\u0131s\u0131 Ayd\u0131n&#8217;l\u0131 \u0130ncirci&#8217;lere K\u0131rba\u00e7 Etkisi Yapt\u0131!"},"content":{"rendered":"<p><img loading=\"lazy\" decoding=\"async\" class=\"alignnone size-full wp-image-22863\" src=\"http:\/\/balcilar-blog.com\/wp-content\/uploads\/2018\/08\/kuru-incir.jpg\" alt=\"\" width=\"656\" height=\"666\" srcset=\"https:\/\/balcilar-blog.com\/wp-content\/uploads\/2018\/08\/kuru-incir.jpg 656w, https:\/\/balcilar-blog.com\/wp-content\/uploads\/2018\/08\/kuru-incir-295x300.jpg 295w\" sizes=\"auto, (max-width: 656px) 100vw, 656px\" \/><\/p>\n<p>Ayd\u0131n \u0130ncirliova ve Germencik, bilhassa da\u011f k\u00f6yleri en kaliteli kuru incir \u00fcreticisidir. \u015eu g\u00fcnler tam sezon ortas\u0131. Kuru incirler ya\u011fmur ya\u011fmamas\u0131, \u0131slanmamas\u0131 laz\u0131md\u0131r. Islanan incirin kalitesi bozulur. Bu nedenle \u00e7ift\u00e7inin g\u00f6z\u00fc havada, kula\u011f\u0131 meteoroloji&#8217;dedir.<\/p>\n<p>Ge\u00e7en hafta Meteoroloji haftal\u0131k hava tahminlerinde 28 A\u011fustos Sal\u0131 g\u00fcn\u00fcn Germencik ve havalesinde \u015fiddetli sa\u011fanak ya\u011f\u0131\u015f verdi. Bu tahmin Kuru \u0130ncir \u00dcreticisine k\u0131rba\u00e7 etkisi yapt\u0131. Hani ata binince bir k\u0131rba\u00e7 \u015faklat\u0131rs\u0131n, at d\u00f6rtnala ko\u015far ya&#8230; Aynen \u00f6yle. Herkes ar\u0131 gibi gece-g\u00fcnd\u00fcz \u00e7al\u0131\u015farak yere d\u00f6k\u00fclen kuru incirleri toplad\u0131. Hatta a\u011fa\u00e7 ba\u015f\u0131nda olgunla\u015fan Kuru \u0130ncirler de topland\u0131.<\/p>\n<p><img loading=\"lazy\" decoding=\"async\" class=\"alignnone size-full wp-image-22864\" src=\"http:\/\/balcilar-blog.com\/wp-content\/uploads\/2018\/08\/indir-k.incir_.jpg\" alt=\"\" width=\"640\" height=\"395\" srcset=\"https:\/\/balcilar-blog.com\/wp-content\/uploads\/2018\/08\/indir-k.incir_.jpg 640w, https:\/\/balcilar-blog.com\/wp-content\/uploads\/2018\/08\/indir-k.incir_-300x185.jpg 300w\" sizes=\"auto, (max-width: 640px) 100vw, 640px\" \/><\/p>\n<p>D\u00fcn beklenen o ya\u011fmur ya\u011fmad\u0131. \u00c7\u0131kan poyraz ya\u011fmur bulutlar\u0131n\u0131 da\u011f\u0131tt\u0131. \u00c7ift\u00e7i derin bir nefes ald\u0131, oh dedi. Bu g\u00fcn de meteoroloji sa\u011fanak ya\u011fmur g\u00f6steriyor ama, poyraz var, ya\u011fmur ya\u011facak gibi g\u00f6z\u00fckm\u00fcyor. Genellikle bizim meteoroloji hava tahminlerinde yan\u0131lmaz ama, d\u00fcn yan\u0131ld\u0131. \u00c7ift\u00e7i i\u00e7in iyi oldu, bir haftada toplayaca\u011f\u0131 inciri 2 g\u00fcnde toplad\u0131.<\/p>\n<p><img loading=\"lazy\" decoding=\"async\" class=\"alignnone size-full wp-image-22861\" src=\"http:\/\/balcilar-blog.com\/wp-content\/uploads\/2018\/08\/aydinnin-germencik-.jpg\" alt=\"\" width=\"640\" height=\"317\" srcset=\"https:\/\/balcilar-blog.com\/wp-content\/uploads\/2018\/08\/aydinnin-germencik-.jpg 640w, https:\/\/balcilar-blog.com\/wp-content\/uploads\/2018\/08\/aydinnin-germencik--300x149.jpg 300w\" sizes=\"auto, (max-width: 640px) 100vw, 640px\" \/><br \/>\nAyd\u0131n bilhassa Germencik da\u011flar\u0131nda (Da\u011fyeni, Selatin, \u00c7amk\u00f6y, Damp\u0131nar ve Habipler) yeti\u015ftirilen kuru incirler, olduk\u00e7a kalitelidir.<\/p>\n<p><img loading=\"lazy\" decoding=\"async\" class=\"alignnone size-full wp-image-22857\" src=\"http:\/\/balcilar-blog.com\/wp-content\/uploads\/2018\/08\/426686-3-4-ed269.jpg\" alt=\"\" width=\"640\" height=\"461\" srcset=\"https:\/\/balcilar-blog.com\/wp-content\/uploads\/2018\/08\/426686-3-4-ed269.jpg 640w, https:\/\/balcilar-blog.com\/wp-content\/uploads\/2018\/08\/426686-3-4-ed269-300x216.jpg 300w\" sizes=\"auto, (max-width: 640px) 100vw, 640px\" \/><\/p>\n<p>Yere d\u00f6k\u00fclen ve a\u011fa\u00e7ta d\u00fc\u015f\u00fcr\u00fclen incirler sergilerde kurutulur.<\/p>\n<p><img loading=\"lazy\" decoding=\"async\" class=\"size-full wp-image-22860\" src=\"http:\/\/balcilar-blog.com\/wp-content\/uploads\/2018\/08\/aydin-inciri-kurutulm.jpg\" alt=\"\" width=\"640\" height=\"333\" srcset=\"https:\/\/balcilar-blog.com\/wp-content\/uploads\/2018\/08\/aydin-inciri-kurutulm.jpg 640w, https:\/\/balcilar-blog.com\/wp-content\/uploads\/2018\/08\/aydin-inciri-kurutulm-300x156.jpg 300w\" sizes=\"auto, (max-width: 640px) 100vw, 640px\" \/><\/p>\n<p>Kuruyan incirler sergiden al\u0131n\u0131r, se\u00e7ilir, kalitesine g\u00f6re ayr\u0131l\u0131r. Birinci, Natrol, \u00c7atlak ve Hurda olarak ayr\u0131l\u0131r.<\/p>\n<p><img loading=\"lazy\" decoding=\"async\" class=\"alignnone size-full wp-image-22859\" src=\"http:\/\/balcilar-blog.com\/wp-content\/uploads\/2018\/08\/1253969917e709b82d93e96c5220a605.jpg\" alt=\"\" width=\"640\" height=\"426\" srcset=\"https:\/\/balcilar-blog.com\/wp-content\/uploads\/2018\/08\/1253969917e709b82d93e96c5220a605.jpg 640w, https:\/\/balcilar-blog.com\/wp-content\/uploads\/2018\/08\/1253969917e709b82d93e96c5220a605-300x200.jpg 300w\" sizes=\"auto, (max-width: 640px) 100vw, 640px\" \/><\/p>\n<p>Bu y\u0131l kaliteli incir, toptan t\u00fcccar taraf\u0131ndan 15 &#8211; 20 Lira aras\u0131nda al\u0131n\u0131yor. Yemeklik kaliteli incir 30 &#8211; 35 TL civar\u0131nda.<\/p>\n<p><img loading=\"lazy\" decoding=\"async\" class=\"alignnone size-medium wp-image-22855\" src=\"http:\/\/balcilar-blog.com\/wp-content\/uploads\/2018\/08\/fig-kru-incir-300x175.jpg\" alt=\"\" width=\"300\" height=\"175\" srcset=\"https:\/\/balcilar-blog.com\/wp-content\/uploads\/2018\/08\/fig-kru-incir-300x175.jpg 300w, https:\/\/balcilar-blog.com\/wp-content\/uploads\/2018\/08\/fig-kru-incir.jpg 640w\" sizes=\"auto, (max-width: 300px) 100vw, 300px\" \/>\u00a0<img loading=\"lazy\" decoding=\"async\" class=\"alignnone size-medium wp-image-22858\" src=\"http:\/\/balcilar-blog.com\/wp-content\/uploads\/2018\/08\/686779_w640_h640_incirsayfaresmi2-300x200.jpg\" alt=\"\" width=\"300\" height=\"200\" srcset=\"https:\/\/balcilar-blog.com\/wp-content\/uploads\/2018\/08\/686779_w640_h640_incirsayfaresmi2-300x200.jpg 300w, https:\/\/balcilar-blog.com\/wp-content\/uploads\/2018\/08\/686779_w640_h640_incirsayfaresmi2.jpg 450w\" sizes=\"auto, (max-width: 300px) 100vw, 300px\" \/><\/p>\n<p>&nbsp;<\/p>\n<p>Ayd\u0131n Lokumu diye tabir edilir kuru incirler. K\u0131\u015f\u0131n insana enerji veren \u00e7ok g\u00fczel bir besindir. Hele ceviz ya da susam d\u00f6vmesi ile yerseniz tad\u0131na doyum olmaz.<\/p>\n<p>Netice itibariyle kuruyan incirler \u0131slanmadan toplanmas\u0131 laz\u0131m. Bu nedenle \u00e7ift\u00e7i incir mevsiminde ya\u011fmur istemez.<\/p>\n<p>15-20 G\u00fcn ya\u011fmur ya\u011fmaz ise \u00e7ifti t\u00fcm \u00fcr\u00fcn\u00fc toplam\u0131\u015f olacak.<\/p>\n<p>Bol bereketli, Ayd\u0131n y\u00f6resinde ya\u011fmursuz g\u00fcnler dilerim.<\/p>\n<p>Sayg\u0131lar ve sevgiler.<\/p>\n<p>Abdurrahman Balc\u0131lar<\/p>\n<p>Twitter : <a href=\"https:\/\/twitter.com\/abbalcilar\">abdurrahman balc\u0131lar<\/a><a href=\"https:\/\/twitter.com\/abbalcilar\"><strong>@abbalcilar<\/strong><\/a><\/p>\n<p>Mail :\u00a0<a href=\"mailto:ab.balcilar@hotmail.com\">ab.balcilar@hotmail.com<\/a><\/p>\n<p>Blog:\u00a0<a href=\"http:\/\/t.co\/znqmIZgIqn\">blog.milliyet.com.tr\/cansever<\/a><\/p>\n<p>\u015eahsi Blog:\u00a0<a href=\"http:\/\/balcilar-blog.com\/\">Abdurrahman Balc\u0131lar Blog Sayfas\u0131<\/a><\/p>\n<p><strong>\u00a0<\/strong><\/p>\n<p><strong>*\u015eahsi Blog sayfamda ve Milliyet Blog\u2019da yay\u0131nlanan blog yaz\u0131lar\u0131 b\u00fcy\u00fck bir \u00e7al\u0131\u015fman\u0131n \u00fcr\u00fcn\u00fc olup, izinsiz ya da kaynak g\u00f6stermeden al\u0131nt\u0131 yap\u0131lamaz. Aksi halde kanuni i\u015flem yap\u0131l\u0131r.<\/strong><\/p>\n<p>&nbsp;<\/p>\n","protected":false},"excerpt":{"rendered":"<p>Ayd\u0131n \u0130ncirliova ve Germencik, bilhassa da\u011f k\u00f6yleri en kaliteli kuru incir \u00fcreticisidir. \u015eu g\u00fcnler tam sezon ortas\u0131. Kuru incirler ya\u011fmur ya\u011fmamas\u0131, \u0131slanmamas\u0131 laz\u0131md\u0131r. Islanan incirin kalitesi bozulur. Bu nedenle \u00e7ift\u00e7inin g\u00f6z\u00fc havada, kula\u011f\u0131 meteoroloji&#8217;dedir. Ge\u00e7en hafta Meteoroloji haftal\u0131k hava tahminlerinde 28 A\u011fustos Sal\u0131 g\u00fcn\u00fcn Germencik ve havalesinde \u015fiddetli sa\u011fanak ya\u011f\u0131\u015f verdi. Bu tahmin Kuru \u0130ncir [&hellip;]<\/p>\n","protected":false},"author":3,"featured_media":22863,"comment_status":"open","ping_status":"open","sticky":false,"template":"","format":"standard","meta":{"footnotes":""},"categories":[8],"tags":[72,1786,125,77,313,1787],"class_list":["post-22854","post","type-post","status-publish","format-standard","has-post-thumbnail","hentry","category-guncel","tag-aydin","tag-aydin-lokumu","tag-dagyeni","tag-germencik","tag-kuru-incir","tag-meteroloji-hava-tahmini"],"views":3196,"blog_post_layout_featured_media_urls":{"thumbnail":["https:\/\/balcilar-blog.com\/wp-content\/uploads\/2018\/08\/kuru-incir-150x150.jpg",150,150,true],"full":["https:\/\/balcilar-blog.com\/wp-content\/uploads\/2018\/08\/kuru-incir.jpg",656,666,false]},"categories_names":{"8":{"name":"G\u00fcncel","link":"https:\/\/balcilar-blog.com\/?cat=8"}},"tags_names":{"72":{"name":"Ayd\u0131n","link":"https:\/\/balcilar-blog.com\/?tag=aydin"},"1786":{"name":"Ayd\u0131n Lokumu","link":"https:\/\/balcilar-blog.com\/?tag=aydin-lokumu"},"125":{"name":"Da\u011fyeni","link":"https:\/\/balcilar-blog.com\/?tag=dagyeni"},"77":{"name":"Germencik","link":"https:\/\/balcilar-blog.com\/?tag=germencik"},"313":{"name":"Kuru \u0130ncir","link":"https:\/\/balcilar-blog.com\/?tag=kuru-incir"},"1787":{"name":"Meteroloji hava tahmini","link":"https:\/\/balcilar-blog.com\/?tag=meteroloji-hava-tahmini"}},"comments_number":"0","wpmagazine_modules_lite_featured_media_urls":{"thumbnail":["https:\/\/balcilar-blog.com\/wp-content\/uploads\/2018\/08\/kuru-incir-150x150.jpg",150,150,true],"cvmm-medium":["https:\/\/balcilar-blog.com\/wp-content\/uploads\/2018\/08\/kuru-incir.jpg",295,300,false],"cvmm-medium-plus":["https:\/\/balcilar-blog.com\/wp-content\/uploads\/2018\/08\/kuru-incir.jpg",204,207,false],"cvmm-portrait":["https:\/\/balcilar-blog.com\/wp-content\/uploads\/2018\/08\/kuru-incir.jpg",400,406,false],"cvmm-medium-square":["https:\/\/balcilar-blog.com\/wp-content\/uploads\/2018\/08\/kuru-incir.jpg",591,600,false],"cvmm-large":["https:\/\/balcilar-blog.com\/wp-content\/uploads\/2018\/08\/kuru-incir.jpg",656,666,false],"cvmm-small":["https:\/\/balcilar-blog.com\/wp-content\/uploads\/2018\/08\/kuru-incir.jpg",94,95,false],"full":["https:\/\/balcilar-blog.com\/wp-content\/uploads\/2018\/08\/kuru-incir.jpg",656,666,false]},"_links":{"self":[{"href":"https:\/\/balcilar-blog.com\/index.php?rest_route=\/wp\/v2\/posts\/22854","targetHints":{"allow":["GET"]}}],"collection":[{"href":"https:\/\/balcilar-blog.com\/index.php?rest_route=\/wp\/v2\/posts"}],"about":[{"href":"https:\/\/balcilar-blog.com\/index.php?rest_route=\/wp\/v2\/types\/post"}],"author":[{"embeddable":true,"href":"https:\/\/balcilar-blog.com\/index.php?rest_route=\/wp\/v2\/users\/3"}],"replies":[{"embeddable":true,"href":"https:\/\/balcilar-blog.com\/index.php?rest_route=%2Fwp%2Fv2%2Fcomments&post=22854"}],"version-history":[{"count":3,"href":"https:\/\/balcilar-blog.com\/index.php?rest_route=\/wp\/v2\/posts\/22854\/revisions"}],"predecessor-version":[{"id":22867,"href":"https:\/\/balcilar-blog.com\/index.php?rest_route=\/wp\/v2\/posts\/22854\/revisions\/22867"}],"wp:featuredmedia":[{"embeddable":true,"href":"https:\/\/balcilar-blog.com\/index.php?rest_route=\/wp\/v2\/media\/22863"}],"wp:attachment":[{"href":"https:\/\/balcilar-blog.com\/index.php?rest_route=%2Fwp%2Fv2%2Fmedia&parent=22854"}],"wp:term":[{"taxonomy":"category","embeddable":true,"href":"https:\/\/balcilar-blog.com\/index.php?rest_route=%2Fwp%2Fv2%2Fcategories&post=22854"},{"taxonomy":"post_tag","embeddable":true,"href":"https:\/\/balcilar-blog.com\/index.php?rest_route=%2Fwp%2Fv2%2Ftags&post=22854"}],"curies":[{"name":"wp","href":"https:\/\/api.w.org\/{rel}","templated":true}]}}