{"id":22844,"date":"2018-08-28T21:45:21","date_gmt":"2018-08-28T18:45:21","guid":{"rendered":"http:\/\/balcilar-blog.com\/?p=22844"},"modified":"2018-08-28T22:43:43","modified_gmt":"2018-08-28T19:43:43","slug":"show-tvnin-bombasi-keske-hic-buyumeseydik-yakinda","status":"publish","type":"post","link":"https:\/\/balcilar-blog.com\/?p=22844","title":{"rendered":"Show Tv&#8217;nin Bombas\u0131; &#8220;Ke\u015fke Hi\u00e7 B\u00fcy\u00fcmeseydik&#8221; Yak\u0131nda.!"},"content":{"rendered":"<p><img loading=\"lazy\" decoding=\"async\" class=\"alignnone size-full wp-image-22852\" src=\"http:\/\/balcilar-blog.com\/wp-content\/uploads\/2018\/08\/b0a5b97f1f3a4d0edc5657326873159e_840.jpg\" alt=\"\" width=\"640\" height=\"427\" srcset=\"https:\/\/balcilar-blog.com\/wp-content\/uploads\/2018\/08\/b0a5b97f1f3a4d0edc5657326873159e_840.jpg 640w, https:\/\/balcilar-blog.com\/wp-content\/uploads\/2018\/08\/b0a5b97f1f3a4d0edc5657326873159e_840-300x200.jpg 300w\" sizes=\"auto, (max-width: 640px) 100vw, 640px\" \/><\/p>\n<p>\u00c7ukur ve Yeni Gelin gibi ba\u015far\u0131l\u0131 dizileri ile ekran ba\u015f\u0131na izleyicisini oturtan Show Tv. \u015fimdi de yeni bir iddial\u0131 dizi ile yeni sezonda olacak. Yap\u0131mc\u0131l\u0131\u011f\u0131n\u0131 MinT Prod\u00fcksiyon&#8217;un \u00fcstlendi\u011fi &#8220;Ke\u015fke Hi\u00e7 B\u00fcy\u00fcmeseydik&#8221; dizisi ekranlar\u0131n\u0131zda olacak!<\/p>\n<p>Yak\u0131nda Show TV\u2019de izleyicisi ile bulu\u015facak olan Ke\u015fke Hi\u00e7 B\u00fcy\u00fcmeseydik dizisinin \u00e7ekimleri ba\u015flad\u0131. 30 y\u0131ll\u0131k bir zaman diliminin konu edilece\u011fi diziden ilk kareler de geldi. Babalar\u0131n\u0131n \u00f6l\u00fcm\u00fcyle \u00e7ocukluk an\u0131lar\u0131n\u0131, gen\u00e7lik bunal\u0131mlar\u0131n\u0131, ilk a\u015fklar\u0131n\u0131 ve kavgalar\u0131n\u0131 ya\u015fad\u0131klar\u0131 yere y\u0131llar sonra geri d\u00f6nen karde\u015flerin hikayesi izleyicileriyle bulu\u015fmak i\u00e7in g\u00fcn say\u0131yor.<\/p>\n<p><img loading=\"lazy\" decoding=\"async\" class=\"alignnone size-full wp-image-22851\" src=\"http:\/\/balcilar-blog.com\/wp-content\/uploads\/2018\/08\/2097352_b507bec179365be3156bad4c11aa644f_640x640.jpg\" alt=\"\" width=\"640\" height=\"427\" srcset=\"https:\/\/balcilar-blog.com\/wp-content\/uploads\/2018\/08\/2097352_b507bec179365be3156bad4c11aa644f_640x640.jpg 640w, https:\/\/balcilar-blog.com\/wp-content\/uploads\/2018\/08\/2097352_b507bec179365be3156bad4c11aa644f_640x640-300x200.jpg 300w\" sizes=\"auto, (max-width: 640px) 100vw, 640px\" \/><\/p>\n<p><strong>Ke\u015fke Hi\u00e7 B\u00fcy\u00fcmeseydik Dizisi Hikayesi ;<\/strong><\/p>\n<p>\u0130nsan sevdiklerini kaybedince erteledi\u011fi zamanlar de\u011ferli olur. Ama \u015fimdi \u00e7ok ge\u00e7tir. K\u00fc\u00e7\u00fckken birbirlerini nedensiz seven karde\u015fler, b\u00fcy\u00fcd\u00fck\u00e7e k\u00fc\u00e7\u00fck nedenlerle birbirlerine nas\u0131l d\u00fc\u015ferler? Hulusi (Ege Aydan) hayat\u0131n\u0131n son g\u00fcnlerini kendi evinde yaln\u0131z ve tek ba\u015f\u0131na ge\u00e7irmi\u015ftir. Hulusi ya\u015farken yapamad\u0131\u011f\u0131n\u0131 \u00f6ld\u00fckten sonra ba\u015farabilecek midir? Miras olarak b\u0131rakt\u0131\u011f\u0131 bu eski ev bir m\u00fclk gibi payla\u015f\u0131lacak m\u0131 yoksa bu aileyi tekrar bir arada m\u0131 tutacakt\u0131r?<\/p>\n<p><img loading=\"lazy\" decoding=\"async\" class=\"alignnone size-full wp-image-22848\" src=\"http:\/\/balcilar-blog.com\/wp-content\/uploads\/2018\/08\/2097352_d6d1a8432d6bebfdfa35fa1f62592e99_640x640.jpg\" alt=\"\" width=\"640\" height=\"427\" srcset=\"https:\/\/balcilar-blog.com\/wp-content\/uploads\/2018\/08\/2097352_d6d1a8432d6bebfdfa35fa1f62592e99_640x640.jpg 640w, https:\/\/balcilar-blog.com\/wp-content\/uploads\/2018\/08\/2097352_d6d1a8432d6bebfdfa35fa1f62592e99_640x640-300x200.jpg 300w\" sizes=\"auto, (max-width: 640px) 100vw, 640px\" \/><\/p>\n<p>&nbsp;<\/p>\n<p><strong>Ke\u015fke Hi\u00e7 B\u00fcy\u00fcmeseydik Dizisi Oyuncular\u0131<\/strong><\/p>\n<p>Yap\u0131m\u0131n\u0131 MinT Prod\u00fcksiyon\u2019un ger\u00e7ekle\u015ftirdi\u011fi, yap\u0131mc\u0131l\u0131\u011f\u0131n\u0131 Birol G\u00fcven\u2019in \u00fcstlendi\u011fi, senaryosunu Birol G\u00fcven &#8211; Murat Aras &#8211; Eray Yasin I\u015f\u0131k\u2019\u0131n yazd\u0131\u011f\u0131 dizinin y\u00f6netmen koltu\u011funda Mustafa U\u011fur Ya\u011fc\u0131o\u011flu otururken; oyuncu kadrosunda Ege Aydan, Burcu Kara, A\u00e7elya Akkoyun, Murat K\u0131l\u0131\u00e7, Deniz Celilo\u011flu, \u0130rfan Kang\u0131, Yeliz Kuvanc\u0131, Demet G\u00fcl, Arda Esen, Melisa Do\u011fu, G\u00fclin \u0130yig\u00fcn, Sadri Al\u0131\u015f\u0131k, \u00d6zge Akdeniz, Erkan Baylav, Rabia Toprak, Caner Nalbanto\u011flu, Y\u0131lmaz G\u00f6kg\u00f6z, Eda Akal\u0131n, Eray Yasin I\u015f\u0131k, Ersin Ar\u0131c\u0131, Seymen Ayd\u0131n, Zeynep Anacan, Sebahat Adalar ve Kevork T\u00fcrker gibi g\u00fc\u00e7l\u00fc isimler yer al\u0131yor.<\/p>\n<p><img loading=\"lazy\" decoding=\"async\" class=\"alignnone size-full wp-image-22850\" src=\"http:\/\/balcilar-blog.com\/wp-content\/uploads\/2018\/08\/2097352_5be2d5cd36dbfd6454341fe4ba5ac089_640x640.jpg\" alt=\"\" width=\"640\" height=\"427\" srcset=\"https:\/\/balcilar-blog.com\/wp-content\/uploads\/2018\/08\/2097352_5be2d5cd36dbfd6454341fe4ba5ac089_640x640.jpg 640w, https:\/\/balcilar-blog.com\/wp-content\/uploads\/2018\/08\/2097352_5be2d5cd36dbfd6454341fe4ba5ac089_640x640-300x200.jpg 300w\" sizes=\"auto, (max-width: 640px) 100vw, 640px\" \/><\/p>\n<p>&nbsp;<\/p>\n<p>Sepil Uluk\u0131\u015f &#8211; (Burcu Kara)<\/p>\n<p><img loading=\"lazy\" decoding=\"async\" class=\"alignnone size-full wp-image-22847\" src=\"http:\/\/balcilar-blog.com\/wp-content\/uploads\/2018\/08\/burcu-kara-500x500.png\" alt=\"\" width=\"500\" height=\"500\" srcset=\"https:\/\/balcilar-blog.com\/wp-content\/uploads\/2018\/08\/burcu-kara-500x500.png 500w, https:\/\/balcilar-blog.com\/wp-content\/uploads\/2018\/08\/burcu-kara-500x500-150x150.png 150w, https:\/\/balcilar-blog.com\/wp-content\/uploads\/2018\/08\/burcu-kara-500x500-300x300.png 300w\" sizes=\"auto, (max-width: 500px) 100vw, 500px\" \/><\/p>\n<p>&nbsp;<\/p>\n<p>Hulusi Kand\u0131r\u0131 &#8211;\u00a0 (Ege Aydan)<\/p>\n<p><img loading=\"lazy\" decoding=\"async\" class=\"alignnone size-full wp-image-22845\" src=\"http:\/\/balcilar-blog.com\/wp-content\/uploads\/2018\/08\/ege-aydan-500x500.png\" alt=\"\" width=\"500\" height=\"500\" srcset=\"https:\/\/balcilar-blog.com\/wp-content\/uploads\/2018\/08\/ege-aydan-500x500.png 500w, https:\/\/balcilar-blog.com\/wp-content\/uploads\/2018\/08\/ege-aydan-500x500-150x150.png 150w, https:\/\/balcilar-blog.com\/wp-content\/uploads\/2018\/08\/ege-aydan-500x500-300x300.png 300w\" sizes=\"auto, (max-width: 500px) 100vw, 500px\" \/><\/p>\n<p>&nbsp;<\/p>\n<p>Mukaddes Kand\u0131r\u0131 &#8211; (A\u00e7elya Akkoyun)<\/p>\n<p><img loading=\"lazy\" decoding=\"async\" class=\"alignnone size-full wp-image-22846\" src=\"http:\/\/balcilar-blog.com\/wp-content\/uploads\/2018\/08\/acelya-akkoyun-500x500.png\" alt=\"\" width=\"500\" height=\"500\" srcset=\"https:\/\/balcilar-blog.com\/wp-content\/uploads\/2018\/08\/acelya-akkoyun-500x500.png 500w, https:\/\/balcilar-blog.com\/wp-content\/uploads\/2018\/08\/acelya-akkoyun-500x500-150x150.png 150w, https:\/\/balcilar-blog.com\/wp-content\/uploads\/2018\/08\/acelya-akkoyun-500x500-300x300.png 300w\" sizes=\"auto, (max-width: 500px) 100vw, 500px\" \/><\/p>\n<p>&#8220;Ke\u015fke Hi\u00e7 B\u00fcy\u00fcmeseydik&#8221; \u00e7ok yak\u0131nda Show Tv ekranlar\u0131nda&#8230;<\/p>\n<p>Keyifli seyirler&#8230;<\/p>\n<p>Sayg\u0131lar ve sevgiler.<\/p>\n<p>Abdurrahman Balc\u0131lar<\/p>\n<p>Twitter : <a href=\"https:\/\/twitter.com\/abbalcilar\">abdurrahman balc\u0131lar<\/a><a href=\"https:\/\/twitter.com\/abbalcilar\"><strong>@abbalcilar<\/strong><\/a><\/p>\n<p>Mail :\u00a0<a href=\"mailto:ab.balcilar@hotmail.com\">ab.balcilar@hotmail.com<\/a><\/p>\n<p>Blog:\u00a0<a href=\"http:\/\/t.co\/znqmIZgIqn\">blog.milliyet.com.tr\/cansever<\/a><\/p>\n<p>\u015eahsi Blog:\u00a0<a href=\"http:\/\/balcilar-blog.com\/\">Abdurrahman Balc\u0131lar Blog Sayfas\u0131<\/a><\/p>\n<p><strong>\u00a0Not: Kaynak ve g\u00f6rseller Show Tv diziler sayfas\u0131ndan.<\/strong><\/p>\n<p><strong>*\u015eahsi Blog sayfamda ve Milliyet Blog\u2019da yay\u0131nlanan blog yaz\u0131lar\u0131 b\u00fcy\u00fck bir \u00e7al\u0131\u015fman\u0131n \u00fcr\u00fcn\u00fc olup, izinsiz ya da kaynak g\u00f6stermeden al\u0131nt\u0131 yap\u0131lamaz. Aksi halde kanuni i\u015flem yap\u0131l\u0131r.<\/strong><\/p>\n","protected":false},"excerpt":{"rendered":"<p>\u00c7ukur ve Yeni Gelin gibi ba\u015far\u0131l\u0131 dizileri ile ekran ba\u015f\u0131na izleyicisini oturtan Show Tv. \u015fimdi de yeni bir iddial\u0131 dizi ile yeni sezonda olacak. Yap\u0131mc\u0131l\u0131\u011f\u0131n\u0131 MinT Prod\u00fcksiyon&#8217;un \u00fcstlendi\u011fi &#8220;Ke\u015fke Hi\u00e7 B\u00fcy\u00fcmeseydik&#8221; dizisi ekranlar\u0131n\u0131zda olacak! Yak\u0131nda Show TV\u2019de izleyicisi ile bulu\u015facak olan Ke\u015fke Hi\u00e7 B\u00fcy\u00fcmeseydik dizisinin \u00e7ekimleri ba\u015flad\u0131. 30 y\u0131ll\u0131k bir zaman diliminin konu edilece\u011fi diziden [&hellip;]<\/p>\n","protected":false},"author":3,"featured_media":22852,"comment_status":"open","ping_status":"open","sticky":false,"template":"","format":"standard","meta":{"footnotes":""},"categories":[2],"tags":[1783,1780,1782,1781,1779,1785,1784,35],"class_list":["post-22844","post","type-post","status-publish","format-standard","has-post-thumbnail","hentry","category-tv-programlari","tag-acelya-akkoyun","tag-birol-guven","tag-burcu-kara","tag-ege-aydan","tag-keske-hic-buyumeseydik","tag-mint-produksiyon","tag-murat-kilic","tag-show-tv"],"views":2722,"blog_post_layout_featured_media_urls":{"thumbnail":["https:\/\/balcilar-blog.com\/wp-content\/uploads\/2018\/08\/b0a5b97f1f3a4d0edc5657326873159e_840-150x150.jpg",150,150,true],"full":["https:\/\/balcilar-blog.com\/wp-content\/uploads\/2018\/08\/b0a5b97f1f3a4d0edc5657326873159e_840.jpg",640,427,false]},"categories_names":{"2":{"name":"TV Programlar\u0131","link":"https:\/\/balcilar-blog.com\/?cat=2"}},"tags_names":{"1783":{"name":"A\u00e7elya Akkoyun","link":"https:\/\/balcilar-blog.com\/?tag=acelya-akkoyun"},"1780":{"name":"Birol G\u00fcven","link":"https:\/\/balcilar-blog.com\/?tag=birol-guven"},"1782":{"name":"Burcu Kara","link":"https:\/\/balcilar-blog.com\/?tag=burcu-kara"},"1781":{"name":"Ege Aydan","link":"https:\/\/balcilar-blog.com\/?tag=ege-aydan"},"1779":{"name":"Ke\u015fke Hi\u00e7 B\u00fcy\u00fcmeseydik","link":"https:\/\/balcilar-blog.com\/?tag=keske-hic-buyumeseydik"},"1785":{"name":"MinT Prod\u00fcksiyon","link":"https:\/\/balcilar-blog.com\/?tag=mint-produksiyon"},"1784":{"name":"Murat K\u0131l\u0131\u00e7","link":"https:\/\/balcilar-blog.com\/?tag=murat-kilic"},"35":{"name":"Show Tv","link":"https:\/\/balcilar-blog.com\/?tag=show-tv"}},"comments_number":"0","wpmagazine_modules_lite_featured_media_urls":{"thumbnail":["https:\/\/balcilar-blog.com\/wp-content\/uploads\/2018\/08\/b0a5b97f1f3a4d0edc5657326873159e_840-150x150.jpg",150,150,true],"cvmm-medium":["https:\/\/balcilar-blog.com\/wp-content\/uploads\/2018\/08\/b0a5b97f1f3a4d0edc5657326873159e_840.jpg",300,200,false],"cvmm-medium-plus":["https:\/\/balcilar-blog.com\/wp-content\/uploads\/2018\/08\/b0a5b97f1f3a4d0edc5657326873159e_840.jpg",305,203,false],"cvmm-portrait":["https:\/\/balcilar-blog.com\/wp-content\/uploads\/2018\/08\/b0a5b97f1f3a4d0edc5657326873159e_840.jpg",400,267,false],"cvmm-medium-square":["https:\/\/balcilar-blog.com\/wp-content\/uploads\/2018\/08\/b0a5b97f1f3a4d0edc5657326873159e_840.jpg",600,400,false],"cvmm-large":["https:\/\/balcilar-blog.com\/wp-content\/uploads\/2018\/08\/b0a5b97f1f3a4d0edc5657326873159e_840.jpg",640,427,false],"cvmm-small":["https:\/\/balcilar-blog.com\/wp-content\/uploads\/2018\/08\/b0a5b97f1f3a4d0edc5657326873159e_840.jpg",130,87,false],"full":["https:\/\/balcilar-blog.com\/wp-content\/uploads\/2018\/08\/b0a5b97f1f3a4d0edc5657326873159e_840.jpg",640,427,false]},"_links":{"self":[{"href":"https:\/\/balcilar-blog.com\/index.php?rest_route=\/wp\/v2\/posts\/22844","targetHints":{"allow":["GET"]}}],"collection":[{"href":"https:\/\/balcilar-blog.com\/index.php?rest_route=\/wp\/v2\/posts"}],"about":[{"href":"https:\/\/balcilar-blog.com\/index.php?rest_route=\/wp\/v2\/types\/post"}],"author":[{"embeddable":true,"href":"https:\/\/balcilar-blog.com\/index.php?rest_route=\/wp\/v2\/users\/3"}],"replies":[{"embeddable":true,"href":"https:\/\/balcilar-blog.com\/index.php?rest_route=%2Fwp%2Fv2%2Fcomments&post=22844"}],"version-history":[{"count":1,"href":"https:\/\/balcilar-blog.com\/index.php?rest_route=\/wp\/v2\/posts\/22844\/revisions"}],"predecessor-version":[{"id":22853,"href":"https:\/\/balcilar-blog.com\/index.php?rest_route=\/wp\/v2\/posts\/22844\/revisions\/22853"}],"wp:featuredmedia":[{"embeddable":true,"href":"https:\/\/balcilar-blog.com\/index.php?rest_route=\/wp\/v2\/media\/22852"}],"wp:attachment":[{"href":"https:\/\/balcilar-blog.com\/index.php?rest_route=%2Fwp%2Fv2%2Fmedia&parent=22844"}],"wp:term":[{"taxonomy":"category","embeddable":true,"href":"https:\/\/balcilar-blog.com\/index.php?rest_route=%2Fwp%2Fv2%2Fcategories&post=22844"},{"taxonomy":"post_tag","embeddable":true,"href":"https:\/\/balcilar-blog.com\/index.php?rest_route=%2Fwp%2Fv2%2Ftags&post=22844"}],"curies":[{"name":"wp","href":"https:\/\/api.w.org\/{rel}","templated":true}]}}