{"id":22765,"date":"2018-08-12T21:26:44","date_gmt":"2018-08-12T18:26:44","guid":{"rendered":"http:\/\/balcilar-blog.com\/?p=22765"},"modified":"2018-08-19T23:54:43","modified_gmt":"2018-08-19T20:54:43","slug":"cagatay-ulusoyun-netflix-yapimi-dev-projesinin-cekimleri-bitti","status":"publish","type":"post","link":"https:\/\/balcilar-blog.com\/?p=22765","title":{"rendered":"\u00c7a\u011fatay Ulusoy&#8217;un Netflix Yap\u0131m\u0131 Dev Projesinin \u00c7ekimleri Bitti!"},"content":{"rendered":"<p><img loading=\"lazy\" decoding=\"async\" class=\"alignnone size-full wp-image-22792\" src=\"http:\/\/balcilar-blog.com\/wp-content\/uploads\/2018\/08\/Gzthvkhy_400x400.jpg\" alt=\"\" width=\"480\" height=\"480\" srcset=\"https:\/\/balcilar-blog.com\/wp-content\/uploads\/2018\/08\/Gzthvkhy_400x400.jpg 480w, https:\/\/balcilar-blog.com\/wp-content\/uploads\/2018\/08\/Gzthvkhy_400x400-150x150.jpg 150w, https:\/\/balcilar-blog.com\/wp-content\/uploads\/2018\/08\/Gzthvkhy_400x400-300x300.jpg 300w\" sizes=\"auto, (max-width: 480px) 100vw, 480px\" \/><\/p>\n<p><strong><span style=\"color: #ff0000;\">\u00c7a\u011fatay Ulusoy<\/span><\/strong>&#8216;un t\u00fcm d\u00fcnya \u00fclkelerinde ses getiren dizisi <strong><span style=\"color: #ff0000;\">The Protector<\/span><\/strong> \u00e7ekimleri bitti. \u00c7ok yak\u0131nda fragman\u0131 izleyicisi ile bulu\u015facak.<\/p>\n<p>Netflix ge\u00e7en y\u0131l 2017 May\u0131s ay\u0131nda hen\u00fcz \u0130\u00e7erde dizisi bitmeden bu rol i\u00e7in teklif g\u00f6t\u00fcr\u00fcld\u00fc. Uzunca bir g\u00f6r\u00fc\u015fmelerden sonra 2017 A\u011fustos ay\u0131nda anla\u015fma imzaland\u0131.<\/p>\n<p>\u00c7a\u011fatay Ulusoy Netflix&#8217;in T\u00fcrkiye&#8217;de \u00e7ekece\u011fi dizinin ilk T\u00fcrk akt\u00f6r\u00fc oldu. Bildi\u011finiz gibi Netflix \u015fu anda 190 dan fazla \u00fclkede yay\u0131nlan\u0131yor ve yakla\u015f\u0131k 118 milyon \u00fcyesi bulunuyor.<\/p>\n<p><img loading=\"lazy\" decoding=\"async\" class=\"alignnone size-full wp-image-22772\" src=\"http:\/\/balcilar-blog.com\/wp-content\/uploads\/2018\/08\/DhIhqgiW0AEWSj0.jpg\" alt=\"\" width=\"480\" height=\"480\" srcset=\"https:\/\/balcilar-blog.com\/wp-content\/uploads\/2018\/08\/DhIhqgiW0AEWSj0.jpg 480w, https:\/\/balcilar-blog.com\/wp-content\/uploads\/2018\/08\/DhIhqgiW0AEWSj0-150x150.jpg 150w, https:\/\/balcilar-blog.com\/wp-content\/uploads\/2018\/08\/DhIhqgiW0AEWSj0-300x300.jpg 300w\" sizes=\"auto, (max-width: 480px) 100vw, 480px\" \/><\/p>\n<p><strong><span style=\"color: #000080;\">N. \u0130pek G\u00f6kdel<\/span><\/strong>&#8216;in &#8220;<span style=\"color: #0000ff;\"><strong>Karakalem Ve Bir Delikanl\u0131n\u0131n Tuhaf Hikayesi<\/strong> <\/span>&#8221; roman\u0131ndan uyarlan\u0131yor. Bu roman elden ge\u00e7irildi, DEX etiketiyle yeniden bas\u0131ld\u0131.<\/p>\n<p><img loading=\"lazy\" decoding=\"async\" class=\"alignnone size-full wp-image-22767\" src=\"http:\/\/balcilar-blog.com\/wp-content\/uploads\/2018\/08\/Db3L1NVX0AA27_l.jpg\" alt=\"\" width=\"640\" height=\"380\" srcset=\"https:\/\/balcilar-blog.com\/wp-content\/uploads\/2018\/08\/Db3L1NVX0AA27_l.jpg 640w, https:\/\/balcilar-blog.com\/wp-content\/uploads\/2018\/08\/Db3L1NVX0AA27_l-300x178.jpg 300w\" sizes=\"auto, (max-width: 640px) 100vw, 640px\" \/><\/p>\n<p>Ba\u015frollerinde \u00c7a\u011fatay Ulusoy (Hakan) ve Ay\u00e7a Ay\u015fin Turan (Leyla) canland\u0131r\u0131yor. S\u00fcper kahraman \u00c7a\u011fatay Ulusoy. Hazar Erg\u00fc\u00e7l\u00fc (Zeynep), Okan Yalab\u0131k (Faysal), 2.b\u00f6l\u00fcm\u00fcnden itibaren diziye Bur\u00e7in Terzio\u011flu (R\u00fcya), Soysal Sayg\u0131n (Meren) ve Engin \u00d6zt\u00fcrk kat\u0131lm\u0131\u015ft\u0131r. Dizinin s\u00fcper kahraman\u0131 sembol\u00fc bir karga olacak. (Ayn\u0131 \u00d6r\u00fcmcek adam filmimdeki \u00f6r\u00fcmcek gibi.<\/p>\n<p><img loading=\"lazy\" decoding=\"async\" class=\"alignnone size-full wp-image-22777\" src=\"http:\/\/balcilar-blog.com\/wp-content\/uploads\/2018\/08\/Dja_s6qXsAAUtbg-1.jpg\" alt=\"\" width=\"480\" height=\"480\" srcset=\"https:\/\/balcilar-blog.com\/wp-content\/uploads\/2018\/08\/Dja_s6qXsAAUtbg-1.jpg 480w, https:\/\/balcilar-blog.com\/wp-content\/uploads\/2018\/08\/Dja_s6qXsAAUtbg-1-150x150.jpg 150w, https:\/\/balcilar-blog.com\/wp-content\/uploads\/2018\/08\/Dja_s6qXsAAUtbg-1-300x300.jpg 300w\" sizes=\"auto, (max-width: 480px) 100vw, 480px\" \/><\/p>\n<p>2017 y\u0131l\u0131n\u0131n Mart ay\u0131nda ilk 10 b\u00f6l\u00fcml\u00fck \u00e7ekimler i\u00e7in motor dendi ve h\u0131zla \u00e7ekimler ba\u015flad\u0131. Ulusoy, \u0130stanbul&#8217;u ele ge\u00e7irmek isteyen ve 500 y\u0131ld\u0131r devam eden k\u00f6t\u00fc emeli olanlardan koruma (Muhaf\u0131z) g\u00f6revi verilir.<\/p>\n<p><img loading=\"lazy\" decoding=\"async\" class=\"alignnone size-full wp-image-22776\" src=\"http:\/\/balcilar-blog.com\/wp-content\/uploads\/2018\/08\/Dja_ja7WwAEORzi.jpg\" alt=\"\" width=\"480\" height=\"480\" srcset=\"https:\/\/balcilar-blog.com\/wp-content\/uploads\/2018\/08\/Dja_ja7WwAEORzi.jpg 480w, https:\/\/balcilar-blog.com\/wp-content\/uploads\/2018\/08\/Dja_ja7WwAEORzi-150x150.jpg 150w, https:\/\/balcilar-blog.com\/wp-content\/uploads\/2018\/08\/Dja_ja7WwAEORzi-300x300.jpg 300w\" sizes=\"auto, (max-width: 480px) 100vw, 480px\" \/><\/p>\n<p>Genellikle bir diziyi tek bir y\u00f6netmene verilir \u00f6yle olmad\u0131. The Protector&#8217;\u00fcn kamera arkas\u0131na gen\u00e7 ve ba\u015far\u0131l\u0131 y\u00f6netmenimiz Umut Aral, G\u00f6nen\u00e7 Uyan\u0131k, Can Evrenol ve \u00f6d\u00fcll\u00fc g\u00f6r\u00fcnt\u00fc y\u00f6netmeni G\u00f6khan Tiryaki&#8217;yi g\u00f6r\u00fcyoruz.<\/p>\n<p>&nbsp;<\/p>\n<p><img loading=\"lazy\" decoding=\"async\" class=\"alignnone size-full wp-image-22733\" src=\"http:\/\/balcilar-blog.com\/wp-content\/uploads\/2018\/08\/DjTNOdCXcAYV7Bu.jpg\" alt=\"\" width=\"496\" height=\"480\" srcset=\"https:\/\/balcilar-blog.com\/wp-content\/uploads\/2018\/08\/DjTNOdCXcAYV7Bu.jpg 496w, https:\/\/balcilar-blog.com\/wp-content\/uploads\/2018\/08\/DjTNOdCXcAYV7Bu-300x290.jpg 300w\" sizes=\"auto, (max-width: 496px) 100vw, 496px\" \/><\/p>\n<p>The Protector, \u00fclkemizde \u00e7ekilen bir s\u00fcper kahraman dizisidir. Burada konu T\u00fcrkiye&#8217;nin politikas\u0131 de\u011fil, \u0130stanbul&#8217;un \u00fclkemiz i\u00e7in nas\u0131l bir \u00f6neme sahip oldu\u011fu g\u00f6sterilmek istenmi\u015ftir.<\/p>\n<p><img loading=\"lazy\" decoding=\"async\" class=\"alignnone size-full wp-image-22791\" src=\"http:\/\/balcilar-blog.com\/wp-content\/uploads\/2018\/08\/DkWTr1LX0AM4Vsf.jpg\" alt=\"\" width=\"480\" height=\"480\" srcset=\"https:\/\/balcilar-blog.com\/wp-content\/uploads\/2018\/08\/DkWTr1LX0AM4Vsf.jpg 480w, https:\/\/balcilar-blog.com\/wp-content\/uploads\/2018\/08\/DkWTr1LX0AM4Vsf-150x150.jpg 150w, https:\/\/balcilar-blog.com\/wp-content\/uploads\/2018\/08\/DkWTr1LX0AM4Vsf-300x300.jpg 300w\" sizes=\"auto, (max-width: 480px) 100vw, 480px\" \/><\/p>\n<p>\u00c7ocuklu\u011funda Denizli&#8217;nin bir kasabas\u0131nda y\u00fczy\u0131llar \u00f6nce ailesinin \u00f6ld\u00fcr\u00fcld\u00fc\u011f\u00fcn\u00fc \u00f6\u011frenmi\u015ftir. \u00c7a\u011fatay Ulusoy; &#8220;\u00d6l\u00fcms\u00fczlerin var oldu\u011funu \u00f6\u011frendikten sonra \u00e7ok b\u00fcy\u00fck sorumluluk alan Hakan art\u0131k eskisi gibi hayat\u0131 olmayacak ve k\u00f6t\u00fc niyetli ki\u015filere kar\u015f\u0131 \u0130stanbul&#8217;u koruyacak.&#8221;<\/p>\n<p><img loading=\"lazy\" decoding=\"async\" class=\"alignnone size-full wp-image-22785\" src=\"http:\/\/balcilar-blog.com\/wp-content\/uploads\/2018\/08\/DjTpKZvW4AEQ45T.jpg\" alt=\"\" width=\"480\" height=\"480\" srcset=\"https:\/\/balcilar-blog.com\/wp-content\/uploads\/2018\/08\/DjTpKZvW4AEQ45T.jpg 480w, https:\/\/balcilar-blog.com\/wp-content\/uploads\/2018\/08\/DjTpKZvW4AEQ45T-150x150.jpg 150w, https:\/\/balcilar-blog.com\/wp-content\/uploads\/2018\/08\/DjTpKZvW4AEQ45T-300x300.jpg 300w\" sizes=\"auto, (max-width: 480px) 100vw, 480px\" \/><\/p>\n<p>Netflix \u0130stanbul&#8217;un \u00e7ekim yap\u0131lacak yerlerde platolar\u0131n\u0131 kurdu, \u00e7ekimler h\u0131zla devam etti.<\/p>\n<p><img loading=\"lazy\" decoding=\"async\" class=\"alignnone size-full wp-image-22779\" src=\"http:\/\/balcilar-blog.com\/wp-content\/uploads\/2018\/08\/Djf3XXkX0AAyGIN.jpg\" alt=\"\" width=\"480\" height=\"541\" srcset=\"https:\/\/balcilar-blog.com\/wp-content\/uploads\/2018\/08\/Djf3XXkX0AAyGIN.jpg 480w, https:\/\/balcilar-blog.com\/wp-content\/uploads\/2018\/08\/Djf3XXkX0AAyGIN-266x300.jpg 266w\" sizes=\"auto, (max-width: 480px) 100vw, 480px\" \/><\/p>\n<p>Kahraman\u0131m\u0131z 500 y\u0131ll\u0131k \u015fehrin karanl\u0131k dehlizlerinde k\u00f6t\u00fclerle m\u00fccadele etmi\u015f,<\/p>\n<p><img loading=\"lazy\" decoding=\"async\" class=\"alignnone size-full wp-image-22783\" src=\"http:\/\/balcilar-blog.com\/wp-content\/uploads\/2018\/08\/DjgmMmqWwAAZtQJ.jpg\" alt=\"\" width=\"360\" height=\"640\" srcset=\"https:\/\/balcilar-blog.com\/wp-content\/uploads\/2018\/08\/DjgmMmqWwAAZtQJ.jpg 360w, https:\/\/balcilar-blog.com\/wp-content\/uploads\/2018\/08\/DjgmMmqWwAAZtQJ-169x300.jpg 169w\" sizes=\"auto, (max-width: 360px) 100vw, 360px\" \/><\/p>\n<p>yerin metrelerce alt\u0131nda eski \u0130stanbul kal\u0131nt\u0131lar\u0131 alt\u0131nda m\u00fccadelesini s\u00fcrd\u00fcrm\u00fc\u015ft\u00fcr.<\/p>\n<p><img loading=\"lazy\" decoding=\"async\" class=\"alignnone size-full wp-image-22780\" src=\"http:\/\/balcilar-blog.com\/wp-content\/uploads\/2018\/08\/DjgckjGX0AA5dDq.jpg\" alt=\"\" width=\"360\" height=\"640\" srcset=\"https:\/\/balcilar-blog.com\/wp-content\/uploads\/2018\/08\/DjgckjGX0AA5dDq.jpg 360w, https:\/\/balcilar-blog.com\/wp-content\/uploads\/2018\/08\/DjgckjGX0AA5dDq-169x300.jpg 169w\" sizes=\"auto, (max-width: 360px) 100vw, 360px\" \/><\/p>\n<p>Yer yer bo\u011fazdaki surlarda, bo\u011faz\u0131n derin ve so\u011fuk sular\u0131 alt\u0131nda dalarak m\u00fccadelesini s\u00fcrd\u00fcrm\u00fc\u015ft\u00fcr.<\/p>\n<p><img loading=\"lazy\" decoding=\"async\" class=\"alignnone size-full wp-image-22781\" src=\"http:\/\/balcilar-blog.com\/wp-content\/uploads\/2018\/08\/DjgctCsXgAAzqNY.jpg\" alt=\"\" width=\"360\" height=\"640\" srcset=\"https:\/\/balcilar-blog.com\/wp-content\/uploads\/2018\/08\/DjgctCsXgAAzqNY.jpg 360w, https:\/\/balcilar-blog.com\/wp-content\/uploads\/2018\/08\/DjgctCsXgAAzqNY-169x300.jpg 169w\" sizes=\"auto, (max-width: 360px) 100vw, 360px\" \/><\/p>\n<p>Yer yer \u00e7\u00f6kme tehlikesi olan yerin metrelerce alt\u0131nda m\u00fccadelesini devam etmi\u015ftir.<\/p>\n<p><img loading=\"lazy\" decoding=\"async\" class=\"alignnone size-full wp-image-22782\" src=\"http:\/\/balcilar-blog.com\/wp-content\/uploads\/2018\/08\/DjgmHhtW0AE4Lsf.jpg\" alt=\"\" width=\"360\" height=\"640\" srcset=\"https:\/\/balcilar-blog.com\/wp-content\/uploads\/2018\/08\/DjgmHhtW0AE4Lsf.jpg 360w, https:\/\/balcilar-blog.com\/wp-content\/uploads\/2018\/08\/DjgmHhtW0AE4Lsf-169x300.jpg 169w\" sizes=\"auto, (max-width: 360px) 100vw, 360px\" \/><\/p>\n<p>\u00c7a\u011fatay Ulusoy, Netflix&#8217;in Roma&#8217;da d\u00fczenledi\u011fi &#8220;See What&#8217;s Next&#8221; etkinli\u011fine kat\u0131lm\u0131\u015f, rol\u00fcn\u00fc ve kendisini ve Hakan&#8217;\u0131 anlatm\u0131\u015ft\u0131r.<\/p>\n<p><img loading=\"lazy\" decoding=\"async\" class=\"alignnone size-full wp-image-22672\" src=\"http:\/\/balcilar-blog.com\/wp-content\/uploads\/2018\/07\/maxresdefault.jpg\" alt=\"\" width=\"640\" height=\"360\" srcset=\"https:\/\/balcilar-blog.com\/wp-content\/uploads\/2018\/07\/maxresdefault.jpg 640w, https:\/\/balcilar-blog.com\/wp-content\/uploads\/2018\/07\/maxresdefault-300x169.jpg 300w\" sizes=\"auto, (max-width: 640px) 100vw, 640px\" \/><\/p>\n<p>Kat\u0131l\u0131mc\u0131lar Roma&#8217;da toplu halde poz vermi\u015flerdir.<\/p>\n<p>&nbsp;<\/p>\n<p><img loading=\"lazy\" decoding=\"async\" class=\"alignnone size-full wp-image-22769\" src=\"http:\/\/balcilar-blog.com\/wp-content\/uploads\/2018\/08\/DbuFD4wX4AYcq3w.jpg\" alt=\"\" width=\"640\" height=\"456\" srcset=\"https:\/\/balcilar-blog.com\/wp-content\/uploads\/2018\/08\/DbuFD4wX4AYcq3w.jpg 640w, https:\/\/balcilar-blog.com\/wp-content\/uploads\/2018\/08\/DbuFD4wX4AYcq3w-300x214.jpg 300w\" sizes=\"auto, (max-width: 640px) 100vw, 640px\" \/><\/p>\n<p>Netflix starlar\u0131 ile \u00e7ekilen resimde yer alm\u0131\u015f olan bizim yerli oyuncumuz\u00a0 \u00c7a\u011fatay Ulusoy&#8217;da foto\u011frafta yerini alm\u0131\u015ft\u0131r. Oyuncular aras\u0131nda en yak\u0131\u015f\u0131kl\u0131 ve karizmatik duran \u00c7a\u011fatay oldu\u011funu g\u00f6r\u00fcyorsunuz.<\/p>\n<p><img loading=\"lazy\" decoding=\"async\" class=\"alignnone size-full wp-image-22778\" src=\"http:\/\/balcilar-blog.com\/wp-content\/uploads\/2018\/08\/Djcp7JlXgAEXrUd.jpg\" alt=\"\" width=\"480\" height=\"480\" srcset=\"https:\/\/balcilar-blog.com\/wp-content\/uploads\/2018\/08\/Djcp7JlXgAEXrUd.jpg 480w, https:\/\/balcilar-blog.com\/wp-content\/uploads\/2018\/08\/Djcp7JlXgAEXrUd-150x150.jpg 150w, https:\/\/balcilar-blog.com\/wp-content\/uploads\/2018\/08\/Djcp7JlXgAEXrUd-300x300.jpg 300w\" sizes=\"auto, (max-width: 480px) 100vw, 480px\" \/><\/p>\n<p>Gerek \u00c7a\u011fatay Ulusoy&#8217;a ve dizinin di\u011fer oyunculara \u00c7a\u011fda\u015f Argun d\u00f6v\u00fc\u015f dersleri vermi\u015ftir.<\/p>\n<p>\u0130lk 10 b\u00f6l\u00fcm \u00e7ekimlerin bitmesinden sonra, h\u0131zla ikinci 10 b\u00f6l\u00fcml\u00fck k\u0131sm\u0131n \u00e7ekimlerine ge\u00e7ilmi\u015ftir. Ulusoy, Ad\u0131n\u0131 Feriha Koydum, Medcezir ve \u0130\u00e7erde ve de Sinema filmi Delibal filminde kazand\u0131\u011f\u0131 deneyimlerle, rol\u00fcn\u00fc ba\u015far\u0131 ile yerine getirmi\u015ftir.<\/p>\n<p><img loading=\"lazy\" decoding=\"async\" class=\"alignnone size-full wp-image-22773\" src=\"http:\/\/balcilar-blog.com\/wp-content\/uploads\/2018\/08\/DhQ-RGX0AIvWxD.jpg\" alt=\"\" width=\"480\" height=\"480\" srcset=\"https:\/\/balcilar-blog.com\/wp-content\/uploads\/2018\/08\/DhQ-RGX0AIvWxD.jpg 480w, https:\/\/balcilar-blog.com\/wp-content\/uploads\/2018\/08\/DhQ-RGX0AIvWxD-150x150.jpg 150w, https:\/\/balcilar-blog.com\/wp-content\/uploads\/2018\/08\/DhQ-RGX0AIvWxD-300x300.jpg 300w\" sizes=\"auto, (max-width: 480px) 100vw, 480px\" \/><\/p>\n<p>H\u0131zla devam eden ikinci b\u00f6l\u00fcm \u00e7ekimlerinde sona yakla\u015f\u0131lm\u0131\u015ft\u0131r.<\/p>\n<p><img loading=\"lazy\" decoding=\"async\" class=\"alignnone size-full wp-image-22771\" src=\"http:\/\/balcilar-blog.com\/wp-content\/uploads\/2018\/08\/DhCWuKAXkAIUIJt.jpg\" alt=\"\" width=\"480\" height=\"480\" srcset=\"https:\/\/balcilar-blog.com\/wp-content\/uploads\/2018\/08\/DhCWuKAXkAIUIJt.jpg 480w, https:\/\/balcilar-blog.com\/wp-content\/uploads\/2018\/08\/DhCWuKAXkAIUIJt-150x150.jpg 150w, https:\/\/balcilar-blog.com\/wp-content\/uploads\/2018\/08\/DhCWuKAXkAIUIJt-300x300.jpg 300w\" sizes=\"auto, (max-width: 480px) 100vw, 480px\" \/><\/p>\n<p><img loading=\"lazy\" decoding=\"async\" class=\"alignnone size-full wp-image-22775\" src=\"http:\/\/balcilar-blog.com\/wp-content\/uploads\/2018\/08\/Dj7p15bXsAUuWp4.jpg\" alt=\"\" width=\"480\" height=\"480\" srcset=\"https:\/\/balcilar-blog.com\/wp-content\/uploads\/2018\/08\/Dj7p15bXsAUuWp4.jpg 480w, https:\/\/balcilar-blog.com\/wp-content\/uploads\/2018\/08\/Dj7p15bXsAUuWp4-150x150.jpg 150w, https:\/\/balcilar-blog.com\/wp-content\/uploads\/2018\/08\/Dj7p15bXsAUuWp4-300x300.jpg 300w\" sizes=\"auto, (max-width: 480px) 100vw, 480px\" \/><\/p>\n<p>Ve beklenen an gelmi\u015ftir.<\/p>\n<p><img loading=\"lazy\" decoding=\"async\" class=\"alignnone size-full wp-image-22788\" src=\"http:\/\/balcilar-blog.com\/wp-content\/uploads\/2018\/08\/DkFEyRHXsAA3MoT.jpg\" alt=\"\" width=\"480\" height=\"480\" srcset=\"https:\/\/balcilar-blog.com\/wp-content\/uploads\/2018\/08\/DkFEyRHXsAA3MoT.jpg 480w, https:\/\/balcilar-blog.com\/wp-content\/uploads\/2018\/08\/DkFEyRHXsAA3MoT-150x150.jpg 150w, https:\/\/balcilar-blog.com\/wp-content\/uploads\/2018\/08\/DkFEyRHXsAA3MoT-300x300.jpg 300w\" sizes=\"auto, (max-width: 480px) 100vw, 480px\" \/><\/p>\n<p>2 sezonluk \u00e7ekimler,\u00a0 toplam 20 b\u00f6l\u00fcm olmu\u015ftur. 241 g\u00fcn sonra \u00e7ekimler toplamda 114 g\u00fcn s\u00fcrm\u00fc\u015ft\u00fcr.<\/p>\n<p><img loading=\"lazy\" decoding=\"async\" class=\"alignnone size-full wp-image-22790\" src=\"http:\/\/balcilar-blog.com\/wp-content\/uploads\/2018\/08\/DkK8X7gWsAAPiyx.jpg\" alt=\"\" width=\"480\" height=\"480\" srcset=\"https:\/\/balcilar-blog.com\/wp-content\/uploads\/2018\/08\/DkK8X7gWsAAPiyx.jpg 480w, https:\/\/balcilar-blog.com\/wp-content\/uploads\/2018\/08\/DkK8X7gWsAAPiyx-150x150.jpg 150w, https:\/\/balcilar-blog.com\/wp-content\/uploads\/2018\/08\/DkK8X7gWsAAPiyx-300x300.jpg 300w\" sizes=\"auto, (max-width: 480px) 100vw, 480px\" \/><\/p>\n<p>\u00c7ekimlere kat\u0131lan oyuncular ve kamera arkas\u0131 \u00e7al\u0131\u015fanlar\u0131 toplu halde.<\/p>\n<p><img loading=\"lazy\" decoding=\"async\" class=\"alignnone size-full wp-image-22787\" src=\"http:\/\/balcilar-blog.com\/wp-content\/uploads\/2018\/08\/DkAJVcZXsAAXe9d.jpg\" alt=\"\" width=\"640\" height=\"423\" srcset=\"https:\/\/balcilar-blog.com\/wp-content\/uploads\/2018\/08\/DkAJVcZXsAAXe9d.jpg 640w, https:\/\/balcilar-blog.com\/wp-content\/uploads\/2018\/08\/DkAJVcZXsAAXe9d-300x198.jpg 300w\" sizes=\"auto, (max-width: 640px) 100vw, 640px\" \/><\/p>\n<p>Ba\u015f rol oyuncumuz \u00c7a\u011fatay Ulusoy&#8217;u set haricinde \u00e7ekilen foto\u011fraflarda \u015fapkas\u0131z olarak onu g\u00f6rmek pek m\u00fcmk\u00fcn olmad\u0131. \u0130lk defa bir hayran\u0131 ile onu \u015fapkas\u0131z g\u00f6r\u00fcyoruz.<\/p>\n<p><img loading=\"lazy\" decoding=\"async\" class=\"alignnone size-full wp-image-22789\" src=\"http:\/\/balcilar-blog.com\/wp-content\/uploads\/2018\/08\/DkGycycX4AQV3Ti.jpg\" alt=\"\" width=\"521\" height=\"480\" srcset=\"https:\/\/balcilar-blog.com\/wp-content\/uploads\/2018\/08\/DkGycycX4AQV3Ti.jpg 521w, https:\/\/balcilar-blog.com\/wp-content\/uploads\/2018\/08\/DkGycycX4AQV3Ti-300x276.jpg 300w\" sizes=\"auto, (max-width: 521px) 100vw, 521px\" \/><\/p>\n<p>S\u00f6ylentilere g\u00f6re The Protector&#8217;\u00fcn ilk k\u0131sa fragman\u0131 23 Eyl\u00fcl&#8217;de yay\u0131nlanacak deniyordu!<\/p>\n<p><img loading=\"lazy\" decoding=\"async\" class=\"alignnone size-full wp-image-22774\" src=\"http:\/\/balcilar-blog.com\/wp-content\/uploads\/2018\/08\/Dj_RVU6XsAEw4AJ.jpg\" alt=\"\" width=\"480\" height=\"480\" srcset=\"https:\/\/balcilar-blog.com\/wp-content\/uploads\/2018\/08\/Dj_RVU6XsAEw4AJ.jpg 480w, https:\/\/balcilar-blog.com\/wp-content\/uploads\/2018\/08\/Dj_RVU6XsAEw4AJ-150x150.jpg 150w, https:\/\/balcilar-blog.com\/wp-content\/uploads\/2018\/08\/Dj_RVU6XsAEw4AJ-300x300.jpg 300w\" sizes=\"auto, (max-width: 480px) 100vw, 480px\" \/><\/p>\n<p><span style=\"color: #ff0000;\"><strong>The Protector 23 Eyl\u00fcl&#8217;de vizyona girecek, zira o g\u00fcn kahraman\u0131m\u0131z \u00c7a\u011fatay&#8217;\u0131n do\u011fum g\u00fcn\u00fc.<\/strong><\/span><\/p>\n<p><img loading=\"lazy\" decoding=\"async\" class=\"alignnone size-full wp-image-22784\" src=\"http:\/\/balcilar-blog.com\/wp-content\/uploads\/2018\/08\/DjOfT0HWwAESrUk.jpg\" alt=\"\" width=\"480\" height=\"480\" srcset=\"https:\/\/balcilar-blog.com\/wp-content\/uploads\/2018\/08\/DjOfT0HWwAESrUk.jpg 480w, https:\/\/balcilar-blog.com\/wp-content\/uploads\/2018\/08\/DjOfT0HWwAESrUk-150x150.jpg 150w, https:\/\/balcilar-blog.com\/wp-content\/uploads\/2018\/08\/DjOfT0HWwAESrUk-300x300.jpg 300w\" sizes=\"auto, (max-width: 480px) 100vw, 480px\" \/><\/p>\n<p>Kahraman\u0131m\u0131z Hakan ile t\u00fcm D\u00fcnya \u00fclkeleriyle ayn\u0131 anda u\u00e7maya haz\u0131r m\u0131s\u0131n\u0131z?<\/p>\n<p><img loading=\"lazy\" decoding=\"async\" class=\"alignnone size-full wp-image-22770\" src=\"http:\/\/balcilar-blog.com\/wp-content\/uploads\/2018\/08\/DcEJaKMXcAEHRHM.jpg\" alt=\"\" width=\"480\" height=\"480\" srcset=\"https:\/\/balcilar-blog.com\/wp-content\/uploads\/2018\/08\/DcEJaKMXcAEHRHM.jpg 480w, https:\/\/balcilar-blog.com\/wp-content\/uploads\/2018\/08\/DcEJaKMXcAEHRHM-150x150.jpg 150w, https:\/\/balcilar-blog.com\/wp-content\/uploads\/2018\/08\/DcEJaKMXcAEHRHM-300x300.jpg 300w\" sizes=\"auto, (max-width: 480px) 100vw, 480px\" \/><\/p>\n<p>Bu D\u00fcnya \u00e7ap\u0131ndaki Netflix dizisiyle \u00c7a\u011fatay Ulusoy \u00fcn\u00fcne \u00fcn katacak, t\u00fcm D\u00fcnya&#8217;daki Netflix \u00fcyeleri ile ayn\u0131 anda seyredeceksiniz.<\/p>\n<p>Hadi \u00c7a\u011fatay bundan sonraki son dura\u011f\u0131n Hollywood sinema filmi olacak! Ba\u015far\u0131lar\u0131n\u0131 t\u00fcm sevenlerin alk\u0131\u015flayacak!<\/p>\n<p>YouTube&#8217;de izlemek istermisiniz :<\/p>\n<p>https:\/\/www.youtube.com\/watch?v=aA7iZWb1i6o<\/p>\n<p>Sayg\u0131lar ve sevgiler.<\/p>\n<p>Abdurrahman Balc\u0131lar<\/p>\n<p>Twitter : <a href=\"https:\/\/twitter.com\/abbalcilar\">abdurrahman balc\u0131lar<\/a><a href=\"https:\/\/twitter.com\/abbalcilar\"><strong>@abbalcilar<\/strong><\/a><\/p>\n<p>Mail :\u00a0<a href=\"mailto:ab.balcilar@hotmail.com\">ab.balcilar@hotmail.com<\/a><\/p>\n<p>Blog:\u00a0<a href=\"http:\/\/t.co\/znqmIZgIqn\">blog.milliyet.com.tr\/cansever<\/a><\/p>\n<p>\u015eahsi Blog:\u00a0<a href=\"http:\/\/balcilar-blog.com\/\">Abdurrahman Balc\u0131lar Blog Sayfas\u0131<\/a><\/p>\n<p><strong>\u00a0Not:Kaynak ve g\u00f6rseller The Protector Twitter sayfas\u0131.<\/strong><\/p>\n<p><strong>*\u015eahsi Blog sayfamda ve Milliyet Blog\u2019da yay\u0131nlanan blog yaz\u0131lar\u0131 b\u00fcy\u00fck bir \u00e7al\u0131\u015fman\u0131n \u00fcr\u00fcn\u00fc olup, izinsiz ya da kaynak g\u00f6stermeden al\u0131nt\u0131 yap\u0131lamaz. Aksi halde kanuni i\u015flem yap\u0131l\u0131r.<\/strong><\/p>\n<p>&nbsp;<\/p>\n","protected":false},"excerpt":{"rendered":"<p>\u00c7a\u011fatay Ulusoy&#8216;un t\u00fcm d\u00fcnya \u00fclkelerinde ses getiren dizisi The Protector \u00e7ekimleri bitti. \u00c7ok yak\u0131nda fragman\u0131 izleyicisi ile bulu\u015facak. Netflix ge\u00e7en y\u0131l 2017 May\u0131s ay\u0131nda hen\u00fcz \u0130\u00e7erde dizisi bitmeden bu rol i\u00e7in teklif g\u00f6t\u00fcr\u00fcld\u00fc. Uzunca bir g\u00f6r\u00fc\u015fmelerden sonra 2017 A\u011fustos ay\u0131nda anla\u015fma imzaland\u0131. \u00c7a\u011fatay Ulusoy Netflix&#8217;in T\u00fcrkiye&#8217;de \u00e7ekece\u011fi dizinin ilk T\u00fcrk akt\u00f6r\u00fc oldu. Bildi\u011finiz gibi Netflix [&hellip;]<\/p>\n","protected":false},"author":3,"featured_media":22792,"comment_status":"open","ping_status":"open","sticky":false,"template":"","format":"standard","meta":{"footnotes":""},"categories":[2],"tags":[607,15,30,1481,1478,797,1671],"class_list":["post-22765","post","type-post","status-publish","format-standard","has-post-thumbnail","hentry","category-tv-programlari","tag-ayca-aysin-turan","tag-cagatay-ulusoy","tag-hazar-erguclu","tag-n-ipek-gokdel","tag-netflix","tag-okan-yalabik","tag-the-prodector"],"views":3831,"blog_post_layout_featured_media_urls":{"thumbnail":["https:\/\/balcilar-blog.com\/wp-content\/uploads\/2018\/08\/Gzthvkhy_400x400-150x150.jpg",150,150,true],"full":["https:\/\/balcilar-blog.com\/wp-content\/uploads\/2018\/08\/Gzthvkhy_400x400.jpg",480,480,false]},"categories_names":{"2":{"name":"TV Programlar\u0131","link":"https:\/\/balcilar-blog.com\/?cat=2"}},"tags_names":{"607":{"name":"Ay\u00e7a Ay\u015fin Turan","link":"https:\/\/balcilar-blog.com\/?tag=ayca-aysin-turan"},"15":{"name":"\u00e7a\u011fatay ulusoy","link":"https:\/\/balcilar-blog.com\/?tag=cagatay-ulusoy"},"30":{"name":"Hazar Erg\u00fc\u00e7l\u00fc","link":"https:\/\/balcilar-blog.com\/?tag=hazar-erguclu"},"1481":{"name":"N.\u0130pek G\u00f6kdel","link":"https:\/\/balcilar-blog.com\/?tag=n-ipek-gokdel"},"1478":{"name":"Netflix","link":"https:\/\/balcilar-blog.com\/?tag=netflix"},"797":{"name":"Okan Yalab\u0131k","link":"https:\/\/balcilar-blog.com\/?tag=okan-yalabik"},"1671":{"name":"The Prodector","link":"https:\/\/balcilar-blog.com\/?tag=the-prodector"}},"comments_number":"0","wpmagazine_modules_lite_featured_media_urls":{"thumbnail":["https:\/\/balcilar-blog.com\/wp-content\/uploads\/2018\/08\/Gzthvkhy_400x400-150x150.jpg",150,150,true],"cvmm-medium":["https:\/\/balcilar-blog.com\/wp-content\/uploads\/2018\/08\/Gzthvkhy_400x400.jpg",300,300,false],"cvmm-medium-plus":["https:\/\/balcilar-blog.com\/wp-content\/uploads\/2018\/08\/Gzthvkhy_400x400.jpg",207,207,false],"cvmm-portrait":["https:\/\/balcilar-blog.com\/wp-content\/uploads\/2018\/08\/Gzthvkhy_400x400.jpg",400,400,false],"cvmm-medium-square":["https:\/\/balcilar-blog.com\/wp-content\/uploads\/2018\/08\/Gzthvkhy_400x400.jpg",480,480,false],"cvmm-large":["https:\/\/balcilar-blog.com\/wp-content\/uploads\/2018\/08\/Gzthvkhy_400x400.jpg",480,480,false],"cvmm-small":["https:\/\/balcilar-blog.com\/wp-content\/uploads\/2018\/08\/Gzthvkhy_400x400.jpg",95,95,false],"full":["https:\/\/balcilar-blog.com\/wp-content\/uploads\/2018\/08\/Gzthvkhy_400x400.jpg",480,480,false]},"_links":{"self":[{"href":"https:\/\/balcilar-blog.com\/index.php?rest_route=\/wp\/v2\/posts\/22765","targetHints":{"allow":["GET"]}}],"collection":[{"href":"https:\/\/balcilar-blog.com\/index.php?rest_route=\/wp\/v2\/posts"}],"about":[{"href":"https:\/\/balcilar-blog.com\/index.php?rest_route=\/wp\/v2\/types\/post"}],"author":[{"embeddable":true,"href":"https:\/\/balcilar-blog.com\/index.php?rest_route=\/wp\/v2\/users\/3"}],"replies":[{"embeddable":true,"href":"https:\/\/balcilar-blog.com\/index.php?rest_route=%2Fwp%2Fv2%2Fcomments&post=22765"}],"version-history":[{"count":6,"href":"https:\/\/balcilar-blog.com\/index.php?rest_route=\/wp\/v2\/posts\/22765\/revisions"}],"predecessor-version":[{"id":22810,"href":"https:\/\/balcilar-blog.com\/index.php?rest_route=\/wp\/v2\/posts\/22765\/revisions\/22810"}],"wp:featuredmedia":[{"embeddable":true,"href":"https:\/\/balcilar-blog.com\/index.php?rest_route=\/wp\/v2\/media\/22792"}],"wp:attachment":[{"href":"https:\/\/balcilar-blog.com\/index.php?rest_route=%2Fwp%2Fv2%2Fmedia&parent=22765"}],"wp:term":[{"taxonomy":"category","embeddable":true,"href":"https:\/\/balcilar-blog.com\/index.php?rest_route=%2Fwp%2Fv2%2Fcategories&post=22765"},{"taxonomy":"post_tag","embeddable":true,"href":"https:\/\/balcilar-blog.com\/index.php?rest_route=%2Fwp%2Fv2%2Ftags&post=22765"}],"curies":[{"name":"wp","href":"https:\/\/api.w.org\/{rel}","templated":true}]}}