{"id":22683,"date":"2018-07-27T18:18:09","date_gmt":"2018-07-27T15:18:09","guid":{"rendered":"http:\/\/balcilar-blog.com\/?p=22683"},"modified":"2019-06-11T14:54:33","modified_gmt":"2019-06-11T11:54:33","slug":"22683","status":"publish","type":"post","link":"https:\/\/balcilar-blog.com\/?p=22683","title":{"rendered":"\u0130lk K\u0131sa Metrajl\u0131 Filmimizi ger\u00e7ekle\u015ftirdik!"},"content":{"rendered":"<p><img loading=\"lazy\" decoding=\"async\" class=\"alignnone size-full wp-image-22691\" src=\"http:\/\/balcilar-blog.com\/wp-content\/uploads\/2018\/07\/DSCN0876.jpg\" alt=\"\" width=\"522\" height=\"480\" srcset=\"https:\/\/balcilar-blog.com\/wp-content\/uploads\/2018\/07\/DSCN0876.jpg 522w, https:\/\/balcilar-blog.com\/wp-content\/uploads\/2018\/07\/DSCN0876-300x276.jpg 300w\" sizes=\"auto, (max-width: 522px) 100vw, 522px\" \/><\/p>\n<p>1.Da\u011fyeni K\u00f6y Festivali \u00e7er\u00e7evesinde ilk k\u0131sa metrajl\u0131 filmimizi ger\u00e7ekle\u015ftirdik. A\u015fa\u011f\u0131daki YouTube Linkinden seyredebilirsiniz (1)<\/p>\n<p>Ge\u00e7ti\u011fimiz hafta i\u00e7inde 400 y\u0131ll\u0131k k\u00f6y\u00fcm\u00fczde ilk defa bir festival ger\u00e7ekle\u015ftirdik. Germencik Belediyesi deste\u011fi ile b\u00fcy\u00fck bir oganizasyonu ba\u015fard\u0131k. Giri\u015fim, Belediye K\u00fclt\u00fcr M\u00fcd\u00fcrl\u00fc\u011f\u00fc b\u00fcnyesinde \u00e7al\u0131\u015fan Halk Oyunlar\u0131 \u00f6\u011fretmeni Serkan \u00c7a\u011fatay&#8217;\u0131n k\u00f6y\u00fcm\u00fcz gen\u00e7lerine folkl\u00f6r e\u011fitim te\u015febb\u00fcs\u00fc ile ba\u015flad\u0131. 18 gen\u00e7 (10-20 ya\u015f aras\u0131) 2 ayl\u0131k e\u011fitim (8-10 ders) yapt\u0131lar. Harmandal\u0131, Y\u00f6r\u00fckali, Kocaarap, Ayd\u0131n Zeybe\u011fi ve Kerimo\u011flu Zeybe\u011fini \u00f6\u011fretti. Bu \u00e7al\u0131\u015fmalar\u0131n sonucunu k\u00f6y halk\u0131 ve \u00e7evreden gelenlere g\u00f6stermek gerekliydi.<\/p>\n<p><img loading=\"lazy\" decoding=\"async\" class=\"alignnone size-full wp-image-22685\" src=\"http:\/\/balcilar-blog.com\/wp-content\/uploads\/2018\/07\/efe-ekibi.jpg\" alt=\"\" width=\"640\" height=\"333\" srcset=\"https:\/\/balcilar-blog.com\/wp-content\/uploads\/2018\/07\/efe-ekibi.jpg 640w, https:\/\/balcilar-blog.com\/wp-content\/uploads\/2018\/07\/efe-ekibi-300x156.jpg 300w\" sizes=\"auto, (max-width: 640px) 100vw, 640px\" \/><\/p>\n<p>Afi\u015fler haz\u0131rland\u0131 ve bas\u0131ld\u0131.<\/p>\n<p><img loading=\"lazy\" decoding=\"async\" class=\"alignnone size-full wp-image-22684\" src=\"http:\/\/balcilar-blog.com\/wp-content\/uploads\/2018\/07\/36741547_10209529217986027_3051996974489272320_n.jpg\" alt=\"\" width=\"457\" height=\"640\" srcset=\"https:\/\/balcilar-blog.com\/wp-content\/uploads\/2018\/07\/36741547_10209529217986027_3051996974489272320_n.jpg 457w, https:\/\/balcilar-blog.com\/wp-content\/uploads\/2018\/07\/36741547_10209529217986027_3051996974489272320_n-214x300.jpg 214w\" sizes=\"auto, (max-width: 457px) 100vw, 457px\" \/><\/p>\n<p>B\u00fcy\u00fck organizasyonu giri\u015ftik. Ayd\u0131n B\u00fcy\u00fck \u015eehir, Ayd\u0131n Efeler Belediyesi, Germencik Belediyesi Sponsorlu\u011fu ile bu i\u015fi ba\u015fard\u0131k. Germencik Kaymakam\u0131 ve Belediye Ba\u015fkan\u0131 te\u015frif ettiler.<\/p>\n<p>Bir\u00e7ok etkinli\u011fin yan\u0131nda benim \u00e7ocuklu\u011fumda unutamad\u0131\u011f\u0131m, 54 y\u0131l geride kalan Arap Oyunu g\u00fcn\u00fcm\u00fcze ta\u015f\u0131makt\u0131. \u00d6yle de yapt\u0131m. Orta Okul y\u0131llar\u0131nda son kez seyretti\u011fim oyunun \u00f6nce dilimin d\u00f6nd\u00fc\u011f\u00fc, hat\u0131rlad\u0131\u011f\u0131m kadar senaryosunu yazd\u0131m. Gen\u00e7lerimiz aras\u0131ndan, hayatlar\u0131nda hi\u00e7 g\u00f6rmedikleri bu oyunu oynatt\u0131m. 2-3 provadan sonra \u00e7ekime ge\u00e7tik. Bu oyun tamamen k\u00f6y\u00fcm\u00fczde oynanm\u0131\u015ft\u0131r. O y\u0131llarda elektrik yoktu. Ramazan ve Kurban Bayram gecelerinde halk\u0131m\u0131za seyirlik oyun ve e\u011flence olarak oynat\u0131lm\u0131\u015ft\u0131r.<\/p>\n<p><strong>\u00a0\u00a0 \u00a0\u00a0\u00a0\u00a0\u00a0\u00a0\u00a0\u00a0\u00a0\u00a0\u00a0OYUNCULAR<\/strong><\/p>\n<p><strong>ARAP\u00a0 BA\u015eI :\u00a0 \u00a0 \u00a0 \u00a0 \u00a0 \u00a0 \u00a0 \u00a0:\u00a0 MEHMET\u00a0 AKDEM\u0130R<\/strong><\/p>\n<p><strong>1.ARAP\u00a0\u00a0\u00a0\u00a0\u00a0\u00a0\u00a0\u00a0\u00a0\u00a0\u00a0\u00a0 \u00a0\u00a0\u00a0\u00a0\u00a0\u00a0\u00a0\u00a0\u00a0\u00a0\u00a0\u00a0\u00a0\u00a0:\u00a0 \u015eEVKET YILDIRIM<\/strong><\/p>\n<p><strong>2.ARAP\u00a0 \u00a0 \u00a0 \u00a0 \u00a0 \u00a0 \u00a0 \u00a0 \u00a0 \u00a0 \u00a0 \u00a0 \u00a0 \u00a0:\u00a0 FEHM\u0130 BALCILAR<\/strong><\/p>\n<p><strong>1.GEL\u0130N\u00a0 \u00a0 \u00a0 \u00a0 \u00a0 \u00a0 \u00a0 \u00a0 \u00a0 \u00a0 \u00a0 \u00a0 \u00a0 : \u00a0N\u0130YAZ\u0130 VAROL<\/strong><\/p>\n<p><strong>2.GEL\u0130N\u00a0 \u00a0 \u00a0 \u00a0 \u00a0 \u00a0 \u00a0 \u00a0 \u00a0 \u00a0 \u00a0 \u00a0 \u00a0 :\u00a0 ADEM\u00a0 AYDIN\u00a0\u00a0\u00a0 <\/strong><\/p>\n<p><strong>TURPOT\u00c7U DEDE\u00a0 \u00a0 \u00a0 \u00a0:\u00a0 M\u0130THAT\u00a0 YILMAZ<\/strong><\/p>\n<p><strong>TURPOT\u00c7U\u00a0 N\u0130NE\u00a0 \u00a0 \u00a0 \u00a0:\u00a0 \u0130BRAH\u0130M KUNDAK<\/strong><\/p>\n<p><strong>A\u015eIK EFE\u00a0 \u00a0 \u00a0 \u00a0 \u00a0 \u00a0 \u00a0 \u00a0 \u00a0 \u00a0 \u00a0 \u00a0 :\u00a0 MUHS\u0130N G\u00d6K\u00c7EN <\/strong><\/p>\n<p><strong>\u00a0<\/strong><\/p>\n<p><strong>M\u00dcZ\u0130SYENLER : <\/strong><\/p>\n<p><strong>KEMEN\u00c7E\u00a0\u00a0\u00a0\u00a0\u00a0\u00a0\u00a0\u00a0\u00a0\u00a0\u00a0\u00a0\u00a0\u00a0\u00a0\u00a0\u00a0\u00a0\u00a0\u00a0 : MESTAN YILDIZ<\/strong><\/p>\n<p><strong>KABAK KEMANE\u00a0 \u00a0\u00a0\u00a0\u00a0\u00a0\u00a0\u00a0: CAFER CEM G\u00dcLSEVER<\/strong><\/p>\n<p><strong>BA\u011eLAMA\u00a0\u00a0\u00a0\u00a0\u00a0\u00a0\u00a0\u00a0\u00a0\u00a0\u00a0\u00a0\u00a0\u00a0\u00a0\u00a0\u00a0\u00a0\u00a0 : MEHMET YAMAN<\/strong><\/p>\n<p><strong>DARBUKA\u00a0\u00a0\u00a0\u00a0\u00a0\u00a0\u00a0\u00a0\u00a0\u00a0\u00a0\u00a0\u00a0\u00a0\u00a0\u00a0\u00a0\u00a0\u00a0 :\u00a0 MUZAFER EFE<\/strong><\/p>\n<p><strong>TEF\u00a0\u00a0\u00a0\u00a0\u00a0\u00a0\u00a0\u00a0\u00a0\u00a0\u00a0\u00a0\u00a0\u00a0\u00a0\u00a0\u00a0\u00a0\u00a0\u00a0\u00a0\u00a0\u00a0\u00a0\u00a0\u00a0\u00a0\u00a0\u00a0\u00a0 :\u00a0 B\u00dcLENT ASLAN<\/strong><\/p>\n<p><strong>\u00a0<\/strong><\/p>\n<p><strong>SENARYO\u00a0 &amp;\u00a0 YAPIM\u00a0\u00a0\u00a0\u00a0 <\/strong><\/p>\n<p><strong>ABDURRAHMAN BALCILAR<\/strong><\/p>\n<p>&nbsp;<\/p>\n<p><strong>KAMERA\u00a0 &amp; Y\u00d6NETMEN\u00a0 <\/strong><\/p>\n<p><strong>\u00a0\u00a0SERKAN \u00c7A\u011eATAY<\/strong><\/p>\n<p>\u0130\u015fte bu 17 dakikal\u0131k k\u0131sa metrajl\u0131 filmimizi be\u011fenilerinize sunuyorum.<\/p>\n<p>Sayg\u0131lar ve sevgiler.<\/p>\n<p>Abdurrahman Balc\u0131lar<\/p>\n<p>Twitter : <a href=\"https:\/\/twitter.com\/abbalcilar\">abdurrahman balc\u0131lar<\/a><a href=\"https:\/\/twitter.com\/abbalcilar\"><strong>@abbalcilar<\/strong><\/a><\/p>\n<p>Mail :\u00a0<a href=\"mailto:ab.balcilar@hotmail.com\">ab.balcilar@hotmail.com<\/a><\/p>\n<p>Blog:\u00a0<a href=\"http:\/\/t.co\/znqmIZgIqn\">blog.milliyet.com.tr\/cansever<\/a><\/p>\n<p>\u015eahsi Blog:\u00a0<a href=\"http:\/\/balcilar-blog.com\/\">Abdurrahman Balc\u0131lar Blog Sayfas\u0131<\/a><\/p>\n<p><strong>\u00a0(1) K\u0131sa metrajl\u0131 Fimlimiz Arap Oyunu:<a href=\"https:\/\/www.youtube.com\/watch?v=ot2BuOU1B30&amp;t=127s\" target=\"_blank\" rel=\"nofollow noopener\">https:\/\/www.youtube.com\/watch?v=ot2BuOU1B30&amp;t=127s\u00a0<\/a><\/strong><\/p>\n","protected":false},"excerpt":{"rendered":"<p>1.Da\u011fyeni K\u00f6y Festivali \u00e7er\u00e7evesinde ilk k\u0131sa metrajl\u0131 filmimizi ger\u00e7ekle\u015ftirdik. A\u015fa\u011f\u0131daki YouTube Linkinden seyredebilirsiniz (1) Ge\u00e7ti\u011fimiz hafta i\u00e7inde 400 y\u0131ll\u0131k k\u00f6y\u00fcm\u00fczde ilk defa bir festival ger\u00e7ekle\u015ftirdik. Germencik Belediyesi deste\u011fi ile b\u00fcy\u00fck bir oganizasyonu ba\u015fard\u0131k. Giri\u015fim, Belediye K\u00fclt\u00fcr M\u00fcd\u00fcrl\u00fc\u011f\u00fc b\u00fcnyesinde \u00e7al\u0131\u015fan Halk Oyunlar\u0131 \u00f6\u011fretmeni Serkan \u00c7a\u011fatay&#8217;\u0131n k\u00f6y\u00fcm\u00fcz gen\u00e7lerine folkl\u00f6r e\u011fitim te\u015febb\u00fcs\u00fc ile ba\u015flad\u0131. 18 gen\u00e7 (10-20 ya\u015f [&hellip;]<\/p>\n","protected":false},"author":3,"featured_media":22691,"comment_status":"open","ping_status":"open","sticky":false,"template":"","format":"standard","meta":{"footnotes":""},"categories":[3],"tags":[1764,457,72,73,1733,1765],"class_list":["post-22683","post","type-post","status-publish","format-standard","has-post-thumbnail","hentry","category-gelenekler","tag-abdurrahman-balcilar","tag-arap-oyunu","tag-aydin","tag-dagyeni-koyu","tag-germencik-belediyesi","tag-serkan-cagatay"],"views":3393,"blog_post_layout_featured_media_urls":{"thumbnail":["https:\/\/balcilar-blog.com\/wp-content\/uploads\/2018\/07\/DSCN0876-150x150.jpg",150,150,true],"full":["https:\/\/balcilar-blog.com\/wp-content\/uploads\/2018\/07\/DSCN0876.jpg",522,480,false]},"categories_names":{"3":{"name":"Gelenekler","link":"https:\/\/balcilar-blog.com\/?cat=3"}},"tags_names":{"1764":{"name":"Abdurrahman Balc\u0131lar","link":"https:\/\/balcilar-blog.com\/?tag=abdurrahman-balcilar"},"457":{"name":"Arap Oyunu","link":"https:\/\/balcilar-blog.com\/?tag=arap-oyunu"},"72":{"name":"Ayd\u0131n","link":"https:\/\/balcilar-blog.com\/?tag=aydin"},"73":{"name":"Da\u011fyeni K\u00f6y\u00fc","link":"https:\/\/balcilar-blog.com\/?tag=dagyeni-koyu"},"1733":{"name":"Germencik Belediyesi","link":"https:\/\/balcilar-blog.com\/?tag=germencik-belediyesi"},"1765":{"name":"Serkan \u00c7a\u011fatay","link":"https:\/\/balcilar-blog.com\/?tag=serkan-cagatay"}},"comments_number":"0","wpmagazine_modules_lite_featured_media_urls":{"thumbnail":["https:\/\/balcilar-blog.com\/wp-content\/uploads\/2018\/07\/DSCN0876-150x150.jpg",150,150,true],"cvmm-medium":["https:\/\/balcilar-blog.com\/wp-content\/uploads\/2018\/07\/DSCN0876.jpg",300,276,false],"cvmm-medium-plus":["https:\/\/balcilar-blog.com\/wp-content\/uploads\/2018\/07\/DSCN0876.jpg",225,207,false],"cvmm-portrait":["https:\/\/balcilar-blog.com\/wp-content\/uploads\/2018\/07\/DSCN0876.jpg",400,368,false],"cvmm-medium-square":["https:\/\/balcilar-blog.com\/wp-content\/uploads\/2018\/07\/DSCN0876.jpg",522,480,false],"cvmm-large":["https:\/\/balcilar-blog.com\/wp-content\/uploads\/2018\/07\/DSCN0876.jpg",522,480,false],"cvmm-small":["https:\/\/balcilar-blog.com\/wp-content\/uploads\/2018\/07\/DSCN0876.jpg",103,95,false],"full":["https:\/\/balcilar-blog.com\/wp-content\/uploads\/2018\/07\/DSCN0876.jpg",522,480,false]},"_links":{"self":[{"href":"https:\/\/balcilar-blog.com\/index.php?rest_route=\/wp\/v2\/posts\/22683","targetHints":{"allow":["GET"]}}],"collection":[{"href":"https:\/\/balcilar-blog.com\/index.php?rest_route=\/wp\/v2\/posts"}],"about":[{"href":"https:\/\/balcilar-blog.com\/index.php?rest_route=\/wp\/v2\/types\/post"}],"author":[{"embeddable":true,"href":"https:\/\/balcilar-blog.com\/index.php?rest_route=\/wp\/v2\/users\/3"}],"replies":[{"embeddable":true,"href":"https:\/\/balcilar-blog.com\/index.php?rest_route=%2Fwp%2Fv2%2Fcomments&post=22683"}],"version-history":[{"count":8,"href":"https:\/\/balcilar-blog.com\/index.php?rest_route=\/wp\/v2\/posts\/22683\/revisions"}],"predecessor-version":[{"id":24825,"href":"https:\/\/balcilar-blog.com\/index.php?rest_route=\/wp\/v2\/posts\/22683\/revisions\/24825"}],"wp:featuredmedia":[{"embeddable":true,"href":"https:\/\/balcilar-blog.com\/index.php?rest_route=\/wp\/v2\/media\/22691"}],"wp:attachment":[{"href":"https:\/\/balcilar-blog.com\/index.php?rest_route=%2Fwp%2Fv2%2Fmedia&parent=22683"}],"wp:term":[{"taxonomy":"category","embeddable":true,"href":"https:\/\/balcilar-blog.com\/index.php?rest_route=%2Fwp%2Fv2%2Fcategories&post=22683"},{"taxonomy":"post_tag","embeddable":true,"href":"https:\/\/balcilar-blog.com\/index.php?rest_route=%2Fwp%2Fv2%2Ftags&post=22683"}],"curies":[{"name":"wp","href":"https:\/\/api.w.org\/{rel}","templated":true}]}}