{"id":22653,"date":"2018-07-09T10:24:00","date_gmt":"2018-07-09T07:24:00","guid":{"rendered":"http:\/\/balcilar-blog.com\/?p=22653"},"modified":"2018-07-09T15:20:48","modified_gmt":"2018-07-09T12:20:48","slug":"cagatay-ulusoy-ve-serenay-sarikayanin-efsane-dizisi-medcezir-tekrar-ekranlarinda","status":"publish","type":"post","link":"https:\/\/balcilar-blog.com\/?p=22653","title":{"rendered":"\u00c7a\u011fatay Ulusoy ve Serenay Sar\u0131kaya&#8217;n\u0131n Efsane Dizisi Medcezir Tekrar Ekranlarda!"},"content":{"rendered":"<div class=\"desc-title\"><img loading=\"lazy\" decoding=\"async\" class=\"alignnone size-full wp-image-20359\" src=\"http:\/\/balcilar-blog.com\/wp-content\/uploads\/2017\/07\/medcezir.jpg\" alt=\"\" width=\"640\" height=\"372\" srcset=\"https:\/\/balcilar-blog.com\/wp-content\/uploads\/2017\/07\/medcezir.jpg 640w, https:\/\/balcilar-blog.com\/wp-content\/uploads\/2017\/07\/medcezir-300x174.jpg 300w\" sizes=\"auto, (max-width: 640px) 100vw, 640px\" \/><\/div>\n<div class=\"desc-info nano has-scrollbar\">\n<div tabindex=\"0\"><\/div>\n<\/div>\n<div tabindex=\"0\">Daha \u00f6nce Star Tv ekrenlar\u0131nda 13 Eyl\u00fcl 2013 ba\u015flad\u0131, 12 Haziran 2015 y\u0131l\u0131nda bitmi\u015f, 2 sezon devam eden dizi. 77 b\u00f6l\u00fcm yay\u0131nlanm\u0131\u015ft\u0131r. Bir gen\u00e7lik dizisi olan Medcezir izleyici taraf\u0131ndan \u00e7ok sevilmi\u015f ve tutulmu\u015ftur. Ba\u015frollerini \u00c7a\u011fatay Ulusoy (Yaman Koper) ve Serenay Sar\u0131kaya (Mira Beylice) oynam\u0131\u015ft\u0131r.<\/div>\n<div class=\"desc-info nano has-scrollbar\">\n<div class=\"nano-content\" tabindex=\"0\">\n<p>Di\u011fer rollerde; Hazar Erg\u00fc\u00e7l\u00fc &#8211; Eyl\u00fcl, Taner \u00d6lmez &#8211; Mert, Bar\u0131\u015f Falay &#8211; Selim, \u015eebnem D\u00f6nmez &#8211; Sude, Murat Aygen, &#8211; Faruk, Can G\u00fcrzap &#8211; As\u0131m \u015eekip Kaya, Defne Kayalar &#8211; Sedef, Metin Akd\u00fclger\u00a0 &#8211; Orkun,\u00a0\u00a0Ali Aks\u00f6z &#8211; Kenan, Bar\u0131\u015f Alpaykut &#8211; Uzay,\u00a0Miray Daner &#8211; Beren, Meri\u00e7 Aral\u00a0 &#8211; Hale, Ecem Akbin &#8211; Tu\u011f\u00e7e, Batuhan Ek\u015fi &#8211; Doruk, Batuhan Begimgil &#8211; Burak, Ezgi S\u00f6z\u00fcer &#8211; Eda, Hare S\u00fcrel &#8211; Leyla, Sibel Ta\u015f\u00e7\u0131o\u011flu &#8211; Nevin,\u00a0Cenk Kang\u00f6z &#8211; Hasan, Serhat Par\u0131l &#8211; Giray, K\u00fcr\u015fat Aln\u0131a\u00e7\u0131k &#8211; Turun\u00e7 Nadir, P\u0131nar Tuncegil &#8211; Ay\u015fe,\u00a0 Asl\u0131 Orcan &#8211; Deniz, Ayb\u00fcke Pusat &#8211; Elif di\u011fer rollerde oynam\u0131\u015ft\u0131r.<\/p>\n<p>Serez ailesinin sakin ve g\u00f6steri\u015fli hayat\u0131, Yaman&#8217;\u0131n evlerine beklenmedik \u015fekilde geli\u015fiyle birlikte de\u011fi\u015fir. O g\u00fcnden sonra, art\u0131k hi\u00e7bir \u015fey kimse i\u00e7in eskisi gibi olmayacakt\u0131r.<br \/>\nTozludere mahallesinden bir delikanl\u0131 olan Yaman Koper, a\u011fabeyi Kenan\u2019la kar\u0131\u015ft\u0131\u011f\u0131 h\u0131rs\u0131zl\u0131k su\u00e7undan sonra pavyonda \u015fark\u0131c\u0131l\u0131k yapan annesi Nevin ve onun kocas\u0131 Hasan taraf\u0131ndan evden kovulunca ona evini a\u00e7an avukat Selim Serez\u2019le birlikte zengin ve d\u0131\u015far\u0131 kapal\u0131 bir hayat\u0131n s\u00fcr\u00fcp gitti\u011fi Alt\u0131nkoy&#8217;daki villaya gelmekten ba\u015fka \u00e7aresi kalmaz.\u00a0 Ender\u2019in itirazlar\u0131na kar\u015f\u0131n eve gelen Yaman\u2019la ailenin tek o\u011flu i\u00e7ine kapan\u0131k bir gen\u00e7 olan Mert \u00e7ok iyi anla\u015f\u0131rlar. Mert, siteye yeni geldi\u011fi i\u00e7in b\u00fcy\u00fck ilgi g\u00f6ren Yaman sayesinde \u00e7ocukluk a\u015fk\u0131 Eyl\u00fcl\u2019le konu\u015fma f\u0131rsat\u0131 bulur. Yaman da Eyl\u00fcl\u2019\u00fcn en yak\u0131n arkada\u015f\u0131 ve Mert\u2019lerin yan kom\u015fusu Mira\u2019yla tan\u0131\u015f\u0131r.<\/p>\n<p><img loading=\"lazy\" decoding=\"async\" class=\"alignnone size-full wp-image-22659\" src=\"http:\/\/balcilar-blog.com\/wp-content\/uploads\/2018\/07\/indir-medcezir-1.bl_.jpg\" alt=\"\" width=\"640\" height=\"360\" srcset=\"https:\/\/balcilar-blog.com\/wp-content\/uploads\/2018\/07\/indir-medcezir-1.bl_.jpg 640w, https:\/\/balcilar-blog.com\/wp-content\/uploads\/2018\/07\/indir-medcezir-1.bl_-300x169.jpg 300w\" sizes=\"auto, (max-width: 640px) 100vw, 640px\" \/><\/p>\n<p>Mira\u2019n\u0131n babas\u0131 Faruk m\u00fc\u015fterilerinin paras\u0131n\u0131 bat\u0131rm\u0131\u015f ve bunu gizlemek i\u00e7in tefecilere bula\u015fm\u0131\u015f bir yat\u0131r\u0131m uzman\u0131d\u0131r ve Ender\u2019le gen\u00e7ken bir ili\u015fkileri olmu\u015ftur. Ender \u00f6nceleri Yaman\u2019\u0131n onlarla ya\u015famas\u0131 konusunda isteksiz davransa da annesinin de hapse girmesiyle evlerinde kalmas\u0131na raz\u0131 olur. Mira ile Yaman ilk kar\u015f\u0131la\u015fmalar\u0131yla birbirlerinden etkilenmi\u015flerdir.<\/p>\n<p><img loading=\"lazy\" decoding=\"async\" class=\"alignnone size-full wp-image-22655\" src=\"http:\/\/balcilar-blog.com\/wp-content\/uploads\/2018\/07\/medcezir-1-bolum-yaman-mira-tanisma.jpg\" alt=\"\" width=\"640\" height=\"360\" srcset=\"https:\/\/balcilar-blog.com\/wp-content\/uploads\/2018\/07\/medcezir-1-bolum-yaman-mira-tanisma.jpg 640w, https:\/\/balcilar-blog.com\/wp-content\/uploads\/2018\/07\/medcezir-1-bolum-yaman-mira-tanisma-300x169.jpg 300w\" sizes=\"auto, (max-width: 640px) 100vw, 640px\" \/><\/p>\n<p>Fakat Mira uzun zamand\u0131r Orkun\u2019la birliktedir ve ailesi bu birlikteli\u011fi desteklemektedir. Mira\u2019n\u0131n zenginlik ve l\u00fcks d\u00fc\u015fk\u00fcn\u00fc annesi Sude, Faruk\u2019un batt\u0131\u011f\u0131n\u0131 \u00f6\u011frenince onu terk eder. Mira ise hem ailesinin par\u00e7alanmas\u0131 hem de Orkun taraf\u0131ndan aldat\u0131ld\u0131\u011f\u0131n\u0131 \u00f6\u011frenmesinin ard\u0131ndan depresyona girer. Bu s\u0131rada Mert ve Eyl\u00fcl aras\u0131nda da yak\u0131nla\u015fmalar olur ve Mert \u015f\u0131mar\u0131k Eyl\u00fcl\u2019le kafa dengi Tu\u011f\u00e7e aras\u0131nda se\u00e7im yapmak zorunda kal\u0131r. Ender\u2019in babas\u0131 As\u0131m \u015eekip Kaya, Yaman\u2019\u0131n yanlar\u0131na yerle\u015fmesine s\u0131cak bakmaz. Mira\u2019\u0131n annesi Sude de ayn\u0131 fikirdedir ve k\u0131z\u0131n\u0131n bunal\u0131mlar\u0131ndan Yaman\u2019\u0131 sorumlu tutar. Her\u015feye ra\u011fmen Mira ile Yaman birbirlerini a\u015f\u0131k olurlar.<\/p>\n<p><img loading=\"lazy\" decoding=\"async\" class=\"alignnone size-full wp-image-22656\" src=\"http:\/\/balcilar-blog.com\/wp-content\/uploads\/2018\/07\/5b3f7e6849678304280b186c.jpg\" alt=\"\" width=\"640\" height=\"348\" srcset=\"https:\/\/balcilar-blog.com\/wp-content\/uploads\/2018\/07\/5b3f7e6849678304280b186c.jpg 640w, https:\/\/balcilar-blog.com\/wp-content\/uploads\/2018\/07\/5b3f7e6849678304280b186c-300x163.jpg 300w\" sizes=\"auto, (max-width: 640px) 100vw, 640px\" \/><\/p>\n<p>Yaman\u2019\u0131n abisi Kenan\u2019\u0131n ortaya \u00e7\u0131kmas\u0131 i\u015fleri daha da zorla\u015ft\u0131r\u0131r. Ender ve Selim ise Selim\u2019e gelen yeni i\u015f teklifi konusunda anla\u015fmazl\u0131k ya\u015farlar. Selim\u2019in i\u015fi kabul etmesi ve eski arkada\u015f\u0131 Selda ile tekrar \u00e7al\u0131\u015fmaya ba\u015flamas\u0131 aralar\u0131ndaki gerilimi artt\u0131racakt\u0131r. Yaman, Mert\u2019in okuluna kabul edilmek i\u00e7in s\u0131navlara girerken Sude de Mira\u2019y\u0131 psikolojik tedavi g\u00f6rmesi i\u00e7in zorlamaktad\u0131r. Yaman okula kabul edilse de kendini oraya ait hissetmez, Orkun da hayat\u0131n\u0131 zorla\u015ft\u0131rmaya devam etmektedir. Yaman gitar \u00e7alar ve beste yapar, birlikte \u015fark\u0131 s\u00f6ylerler. Mira onunla \u00e7ok mutludur.<\/p>\n<p><img loading=\"lazy\" decoding=\"async\" class=\"alignnone size-full wp-image-22657\" src=\"http:\/\/balcilar-blog.com\/wp-content\/uploads\/2018\/07\/5b3f7ee040201130d8ae7738.jpg\" alt=\"\" width=\"640\" height=\"338\" srcset=\"https:\/\/balcilar-blog.com\/wp-content\/uploads\/2018\/07\/5b3f7ee040201130d8ae7738.jpg 640w, https:\/\/balcilar-blog.com\/wp-content\/uploads\/2018\/07\/5b3f7ee040201130d8ae7738-300x158.jpg 300w\" sizes=\"auto, (max-width: 640px) 100vw, 640px\" \/><\/p>\n<p>Medcezir \u00e7ok yak\u0131nda teve 2 ekranlar\u0131nda olacak.<\/p>\n<p>Seyretmeyenler yada tekrar seyretmek isteyenler i\u00e7in ekran ba\u015f\u0131na&#8230;<\/p>\n<p>Keyifli Seyirler.<\/p>\n<p>Sayg\u0131lar ve sevgiler.<\/p>\n<p>Abdurrahman Balc\u0131lar<\/p>\n<p>Twitter : <a href=\"https:\/\/twitter.com\/abbalcilar\">abdurrahman balc\u0131lar<\/a><a href=\"https:\/\/twitter.com\/abbalcilar\"><strong>@abbalcilar<\/strong><\/a><\/p>\n<p>Mail :\u00a0<a href=\"mailto:ab.balcilar@hotmail.com\">ab.balcilar@hotmail.com<\/a><\/p>\n<p>Blog:\u00a0<a href=\"http:\/\/t.co\/znqmIZgIqn\">blog.milliyet.com.tr\/cansever<\/a><\/p>\n<p>\u015eahsi Blog:\u00a0<a href=\"http:\/\/balcilar-blog.com\/\">Abdurrahman Balc\u0131lar Blog Sayfas\u0131<\/a><\/p>\n<p><strong>\u00a0Not: Kaynak Haber ve g\u00f6rseller teve 2 tan\u0131t\u0131m sayfas\u0131ndan.<\/strong><\/p>\n<p><strong>*\u015eahsi Blog sayfamda ve Milliyet Blog\u2019da yay\u0131nlanan blog yaz\u0131lar\u0131 b\u00fcy\u00fck bir \u00e7al\u0131\u015fman\u0131n \u00fcr\u00fcn\u00fc olup, izinsiz ya da kaynak g\u00f6stermeden al\u0131nt\u0131 yap\u0131lamaz. Aksi halde kanuni i\u015flem yap\u0131l\u0131r.<\/strong><\/p>\n<\/div>\n<\/div>\n","protected":false},"excerpt":{"rendered":"<p>Daha \u00f6nce Star Tv ekrenlar\u0131nda 13 Eyl\u00fcl 2013 ba\u015flad\u0131, 12 Haziran 2015 y\u0131l\u0131nda bitmi\u015f, 2 sezon devam eden dizi. 77 b\u00f6l\u00fcm yay\u0131nlanm\u0131\u015ft\u0131r. Bir gen\u00e7lik dizisi olan Medcezir izleyici taraf\u0131ndan \u00e7ok sevilmi\u015f ve tutulmu\u015ftur. Ba\u015frollerini \u00c7a\u011fatay Ulusoy (Yaman Koper) ve Serenay Sar\u0131kaya (Mira Beylice) oynam\u0131\u015ft\u0131r. Di\u011fer rollerde; Hazar Erg\u00fc\u00e7l\u00fc &#8211; Eyl\u00fcl, Taner \u00d6lmez &#8211; Mert, Bar\u0131\u015f [&hellip;]<\/p>\n","protected":false},"author":3,"featured_media":20359,"comment_status":"open","ping_status":"open","sticky":false,"template":"","format":"standard","meta":{"footnotes":""},"categories":[2],"tags":[15,30,16,27,25,28,1758],"class_list":["post-22653","post","type-post","status-publish","format-standard","has-post-thumbnail","hentry","category-tv-programlari","tag-cagatay-ulusoy","tag-hazar-erguclu","tag-medcezir","tag-serenay-sarikaya","tag-star-tv","tag-taner-olmez","tag-teve-2"],"views":3531,"blog_post_layout_featured_media_urls":{"thumbnail":["https:\/\/balcilar-blog.com\/wp-content\/uploads\/2017\/07\/medcezir-150x150.jpg",150,150,true],"full":["https:\/\/balcilar-blog.com\/wp-content\/uploads\/2017\/07\/medcezir.jpg",640,372,false]},"categories_names":{"2":{"name":"TV Programlar\u0131","link":"https:\/\/balcilar-blog.com\/?cat=2"}},"tags_names":{"15":{"name":"\u00e7a\u011fatay ulusoy","link":"https:\/\/balcilar-blog.com\/?tag=cagatay-ulusoy"},"30":{"name":"Hazar Erg\u00fc\u00e7l\u00fc","link":"https:\/\/balcilar-blog.com\/?tag=hazar-erguclu"},"16":{"name":"medcezir","link":"https:\/\/balcilar-blog.com\/?tag=medcezir"},"27":{"name":"Serenay Sar\u0131kaya","link":"https:\/\/balcilar-blog.com\/?tag=serenay-sarikaya"},"25":{"name":"Star Tv","link":"https:\/\/balcilar-blog.com\/?tag=star-tv"},"28":{"name":"Taner \u00d6lmez","link":"https:\/\/balcilar-blog.com\/?tag=taner-olmez"},"1758":{"name":"teve 2","link":"https:\/\/balcilar-blog.com\/?tag=teve-2"}},"comments_number":"0","wpmagazine_modules_lite_featured_media_urls":{"thumbnail":["https:\/\/balcilar-blog.com\/wp-content\/uploads\/2017\/07\/medcezir-150x150.jpg",150,150,true],"cvmm-medium":["https:\/\/balcilar-blog.com\/wp-content\/uploads\/2017\/07\/medcezir.jpg",300,174,false],"cvmm-medium-plus":["https:\/\/balcilar-blog.com\/wp-content\/uploads\/2017\/07\/medcezir.jpg",305,177,false],"cvmm-portrait":["https:\/\/balcilar-blog.com\/wp-content\/uploads\/2017\/07\/medcezir.jpg",400,233,false],"cvmm-medium-square":["https:\/\/balcilar-blog.com\/wp-content\/uploads\/2017\/07\/medcezir.jpg",600,349,false],"cvmm-large":["https:\/\/balcilar-blog.com\/wp-content\/uploads\/2017\/07\/medcezir.jpg",640,372,false],"cvmm-small":["https:\/\/balcilar-blog.com\/wp-content\/uploads\/2017\/07\/medcezir.jpg",130,76,false],"full":["https:\/\/balcilar-blog.com\/wp-content\/uploads\/2017\/07\/medcezir.jpg",640,372,false]},"_links":{"self":[{"href":"https:\/\/balcilar-blog.com\/index.php?rest_route=\/wp\/v2\/posts\/22653","targetHints":{"allow":["GET"]}}],"collection":[{"href":"https:\/\/balcilar-blog.com\/index.php?rest_route=\/wp\/v2\/posts"}],"about":[{"href":"https:\/\/balcilar-blog.com\/index.php?rest_route=\/wp\/v2\/types\/post"}],"author":[{"embeddable":true,"href":"https:\/\/balcilar-blog.com\/index.php?rest_route=\/wp\/v2\/users\/3"}],"replies":[{"embeddable":true,"href":"https:\/\/balcilar-blog.com\/index.php?rest_route=%2Fwp%2Fv2%2Fcomments&post=22653"}],"version-history":[{"count":7,"href":"https:\/\/balcilar-blog.com\/index.php?rest_route=\/wp\/v2\/posts\/22653\/revisions"}],"predecessor-version":[{"id":22665,"href":"https:\/\/balcilar-blog.com\/index.php?rest_route=\/wp\/v2\/posts\/22653\/revisions\/22665"}],"wp:featuredmedia":[{"embeddable":true,"href":"https:\/\/balcilar-blog.com\/index.php?rest_route=\/wp\/v2\/media\/20359"}],"wp:attachment":[{"href":"https:\/\/balcilar-blog.com\/index.php?rest_route=%2Fwp%2Fv2%2Fmedia&parent=22653"}],"wp:term":[{"taxonomy":"category","embeddable":true,"href":"https:\/\/balcilar-blog.com\/index.php?rest_route=%2Fwp%2Fv2%2Fcategories&post=22653"},{"taxonomy":"post_tag","embeddable":true,"href":"https:\/\/balcilar-blog.com\/index.php?rest_route=%2Fwp%2Fv2%2Ftags&post=22653"}],"curies":[{"name":"wp","href":"https:\/\/api.w.org\/{rel}","templated":true}]}}