{"id":22611,"date":"2018-06-29T12:35:41","date_gmt":"2018-06-29T09:35:41","guid":{"rendered":"http:\/\/balcilar-blog.com\/?p=22611"},"modified":"2018-07-03T17:26:24","modified_gmt":"2018-07-03T14:26:24","slug":"feriha-sarrafoglunun-6-olum-yil-donumu","status":"publish","type":"post","link":"https:\/\/balcilar-blog.com\/?p=22611","title":{"rendered":"Feriha Sarrafo\u011flu&#8217;nun 6.\u00d6l\u00fcm Y\u0131l D\u00f6n\u00fcm\u00fc!"},"content":{"rendered":"<p>&nbsp;<\/p>\n<p><img loading=\"lazy\" decoding=\"async\" class=\"alignnone size-full wp-image-22612\" src=\"http:\/\/balcilar-blog.com\/wp-content\/uploads\/2018\/06\/MV5BYWQzO.jpg\" alt=\"\" width=\"560\" height=\"480\" srcset=\"https:\/\/balcilar-blog.com\/wp-content\/uploads\/2018\/06\/MV5BYWQzO.jpg 560w, https:\/\/balcilar-blog.com\/wp-content\/uploads\/2018\/06\/MV5BYWQzO-300x257.jpg 300w\" sizes=\"auto, (max-width: 560px) 100vw, 560px\" \/><\/p>\n<p><strong>&#8220;Ad\u0131n\u0131 Feriha Koydum&#8221;<\/strong> dizisinin unutulmaz karakteri <strong>Feriha Sarrafo\u011flu 29 Haziran 2012<\/strong> tarihinde at\u0131lan 2 el kur\u015funla \u00f6ld\u00fcr\u00fclm\u00fc\u015ft\u00fc. 29 Haziran 2018 Emir (\u00c7a\u011fatay Ulusoy&#8217;un) biricik kar\u0131s\u0131 &#8216;Feriha Sarrafo\u011flu&#8217;nun 6.\u00f6l\u00fcm y\u0131l d\u00f6n\u00fcm\u00fc.<\/p>\n<p>Emir ile Feriha&#8217;y\u0131 son olarak, AFK dizisinin 67.B\u00f6l\u00fcm final b\u00f6l\u00fcm\u00fcnde izledik. Unutulmaz dizinin Emir-Feriha karakterlerini can veren <strong>\u00c7a\u011fatay Ulusoy<\/strong> ve <strong>Hazal Kaya<\/strong>&#8216;y\u0131 dizinin daha ilk b\u00f6l\u00fcm\u00fcnde tan\u0131m\u0131\u015f, izleyici onlar\u0131 \u00e7ok sevmi\u015fti. Her Cuma Show Tv. ekranlar\u0131nda oynayan dizi reytinglerin tepesinde yer ald\u0131. Ya\u015fad\u0131klar\u0131 imkans\u0131z a\u015fk onlar\u0131 fenomen yapt\u0131. Y\u0131llar ge\u00e7ti \u00fclkemiz ve bir \u00e7ok d\u00fcnya \u00fclkesinde unutulmaz oldular, hala milyonlar\u0131n kalbinde ya\u015f\u0131yorlar.<\/p>\n<p>\u00dc\u00e7 y\u0131l ayr\u0131l\u0131ktan sonra y\u00fczle\u015firler. Feriha, Emir&#8217;i yanl\u0131\u015f anlam\u0131\u015f bu y\u00fczden ayr\u0131 kalm\u0131\u015flar. Tekrar parkta bir araya gelirler. Feriha; Emir&#8217;e sorar? &#8220;Benimle misin? Emir dayanamaz boynuna sar\u0131l\u0131r.<\/p>\n<p><img loading=\"lazy\" decoding=\"async\" class=\"alignnone size-full wp-image-22619\" src=\"http:\/\/balcilar-blog.com\/wp-content\/uploads\/2018\/06\/Ekran-Al\u0131nt\u0131s\u0131-EM\u0130R-1.jpg\" alt=\"\" width=\"640\" height=\"412\" srcset=\"https:\/\/balcilar-blog.com\/wp-content\/uploads\/2018\/06\/Ekran-Al\u0131nt\u0131s\u0131-EM\u0130R-1.jpg 640w, https:\/\/balcilar-blog.com\/wp-content\/uploads\/2018\/06\/Ekran-Al\u0131nt\u0131s\u0131-EM\u0130R-1-300x193.jpg 300w\" sizes=\"auto, (max-width: 640px) 100vw, 640px\" \/><\/p>\n<p>2. Evlili\u011fe karar verirler. S\u0131k s\u0131k bir araya geldikleri parkta yeniden nikahlar\u0131 k\u0131y\u0131l\u0131r.<\/p>\n<p>Feriha ile Parka nikaha gelirken.<\/p>\n<p><img loading=\"lazy\" decoding=\"async\" class=\"alignnone size-full wp-image-22620\" src=\"http:\/\/balcilar-blog.com\/wp-content\/uploads\/2018\/06\/Ekran-Al\u0131nt\u0131s\u0131EM\u0130R-FER\u0130HA.jpg\" alt=\"\" width=\"640\" height=\"406\" srcset=\"https:\/\/balcilar-blog.com\/wp-content\/uploads\/2018\/06\/Ekran-Al\u0131nt\u0131s\u0131EM\u0130R-FER\u0130HA.jpg 640w, https:\/\/balcilar-blog.com\/wp-content\/uploads\/2018\/06\/Ekran-Al\u0131nt\u0131s\u0131EM\u0130R-FER\u0130HA-300x190.jpg 300w\" sizes=\"auto, (max-width: 640px) 100vw, 640px\" \/><\/p>\n<p>&nbsp;<\/p>\n<p>Can dostlar\u0131 Koray ve Hande&#8217;nin \u015fahitli\u011finde tekrar nikahlar\u0131 k\u0131y\u0131l\u0131r, imzalar at\u0131l\u0131r.<\/p>\n<figure id=\"attachment_22615\" aria-describedby=\"caption-attachment-22615\" style=\"width: 640px\" class=\"wp-caption alignnone\"><img loading=\"lazy\" decoding=\"async\" class=\"size-full wp-image-22615\" src=\"http:\/\/balcilar-blog.com\/wp-content\/uploads\/2018\/06\/23995-4-8-602ea.jpg\" alt=\"\" width=\"640\" height=\"349\" srcset=\"https:\/\/balcilar-blog.com\/wp-content\/uploads\/2018\/06\/23995-4-8-602ea.jpg 640w, https:\/\/balcilar-blog.com\/wp-content\/uploads\/2018\/06\/23995-4-8-602ea-300x164.jpg 300w\" sizes=\"auto, (max-width: 640px) 100vw, 640px\" \/><figcaption id=\"caption-attachment-22615\" class=\"wp-caption-text\"><span style=\"font-size: 16px;\">\u0130lk dansa kalkarlar.<\/span><\/figcaption><\/figure>\n<p><img loading=\"lazy\" decoding=\"async\" class=\"alignnone size-full wp-image-22612\" src=\"http:\/\/balcilar-blog.com\/wp-content\/uploads\/2018\/06\/MV5BYWQzO.jpg\" alt=\"\" width=\"560\" height=\"480\" srcset=\"https:\/\/balcilar-blog.com\/wp-content\/uploads\/2018\/06\/MV5BYWQzO.jpg 560w, https:\/\/balcilar-blog.com\/wp-content\/uploads\/2018\/06\/MV5BYWQzO-300x257.jpg 300w\" sizes=\"auto, (max-width: 560px) 100vw, 560px\" \/><\/p>\n<p>O s\u0131rada bir el tabanca sesi ile Feriha irkilir. Arkas\u0131ndan 2.silah sesi gelir. Feriha&#8217;n\u0131n elindeki nikah c\u00fczdan\u0131 yere d\u00fc\u015fer. Sezen Aksu&#8217;nun duygulu sesi ile Dua \u015fark\u0131s\u0131 \u00e7alar.<\/p>\n<p>Emir ile Feriha g\u00f6z ya\u015flar\u0131 i\u00e7inde birbirlerine bakarlar.<\/p>\n<p><img loading=\"lazy\" decoding=\"async\" class=\"alignnone size-medium wp-image-22623\" src=\"http:\/\/balcilar-blog.com\/wp-content\/uploads\/2018\/06\/Ekran-Al\u0131nt\u0131s\u0131N\u0130KAH23-300x190.jpg\" alt=\"\" width=\"300\" height=\"190\" srcset=\"https:\/\/balcilar-blog.com\/wp-content\/uploads\/2018\/06\/Ekran-Al\u0131nt\u0131s\u0131N\u0130KAH23-300x190.jpg 300w, https:\/\/balcilar-blog.com\/wp-content\/uploads\/2018\/06\/Ekran-Al\u0131nt\u0131s\u0131N\u0130KAH23.jpg 448w\" sizes=\"auto, (max-width: 300px) 100vw, 300px\" \/>\u00a0<img loading=\"lazy\" decoding=\"async\" class=\"alignnone size-medium wp-image-22622\" src=\"http:\/\/balcilar-blog.com\/wp-content\/uploads\/2018\/06\/Ekran-Al\u0131nt\u0131s\u0131N\u0130KAH3-300x190.jpg\" alt=\"\" width=\"300\" height=\"190\" srcset=\"https:\/\/balcilar-blog.com\/wp-content\/uploads\/2018\/06\/Ekran-Al\u0131nt\u0131s\u0131N\u0130KAH3-300x190.jpg 300w, https:\/\/balcilar-blog.com\/wp-content\/uploads\/2018\/06\/Ekran-Al\u0131nt\u0131s\u0131N\u0130KAH3.jpg 448w\" sizes=\"auto, (max-width: 300px) 100vw, 300px\" \/><\/p>\n<p><strong>Emir; Bize \u015fahit olan yerdeyiz Feriha&#8230; Her \u015feyin ba\u015flad\u0131\u011f\u0131 yerdeyiz. Seni \u00e7ok seviyorum.<\/strong><\/p>\n<p><strong>Feriha; Her \u015feyin ba\u015flad\u0131\u011f\u0131 yerdeyiz. Seni \u00e7ok seviyorum.<\/strong><\/p>\n<p><img loading=\"lazy\" decoding=\"async\" class=\"alignnone size-full wp-image-22624\" src=\"http:\/\/balcilar-blog.com\/wp-content\/uploads\/2018\/06\/Ekran-Al\u0131nt\u0131s\u0131final.jpg\" alt=\"\" width=\"640\" height=\"370\" srcset=\"https:\/\/balcilar-blog.com\/wp-content\/uploads\/2018\/06\/Ekran-Al\u0131nt\u0131s\u0131final.jpg 640w, https:\/\/balcilar-blog.com\/wp-content\/uploads\/2018\/06\/Ekran-Al\u0131nt\u0131s\u0131final-300x173.jpg 300w\" sizes=\"auto, (max-width: 640px) 100vw, 640px\" \/><\/p>\n<p>Sezon Finali yazsa da, Feriha \u00f6lm\u00fc\u015ft\u00fcr. Dizi ac\u0131 sonla bitmi\u015ftir. Bu duygu dolu sahneler izleyenleri g\u00f6z ya\u015flar\u0131na bo\u011far. Feriha Hakk\u0131n rahmetine kavu\u015fmu\u015ftur.<\/p>\n<p><img loading=\"lazy\" decoding=\"async\" class=\"alignnone size-full wp-image-22617\" src=\"http:\/\/balcilar-blog.com\/wp-content\/uploads\/2018\/06\/emir-feriha.jpg\" alt=\"\" width=\"640\" height=\"408\" srcset=\"https:\/\/balcilar-blog.com\/wp-content\/uploads\/2018\/06\/emir-feriha.jpg 640w, https:\/\/balcilar-blog.com\/wp-content\/uploads\/2018\/06\/emir-feriha-300x191.jpg 300w\" sizes=\"auto, (max-width: 640px) 100vw, 640px\" \/><\/p>\n<p>Geride onlar\u0131n \u00f6l\u00fcms\u00fcz a\u015fklar\u0131 ve kulaklar\u0131n\u0131 f\u0131s\u0131ldad\u0131klar\u0131 kelimeler kalm\u0131\u015ft\u0131r. O g\u00fcnden bu g\u00fcne tam 6 y\u0131l ge\u00e7ti. <strong>Feriha Sarrafo\u011flu&#8217;nun 6.\u00d6l\u00fcm y\u0131l d\u00f6n\u00fcm\u00fcndeyiz.<\/strong> \u00dclkemizde ve g\u00f6sterime giren t\u00fcm d\u00fcnya \u00fclkelerinde hala g\u00f6n\u00fcllerde ya\u015f\u0131yorlar ve y\u0131llar ge\u00e7se de unutulmayacaklar.<\/p>\n<p>&nbsp;<\/p>\n<p>Sayg\u0131lar ve sevgiler.<\/p>\n<p>Abdurrahman Balc\u0131lar<\/p>\n<p>Twitter : <a href=\"https:\/\/twitter.com\/abbalcilar\">abdurrahman balc\u0131lar<\/a><a href=\"https:\/\/twitter.com\/abbalcilar\"><strong>@abbalcilar<\/strong><\/a><\/p>\n<p>Mail :\u00a0<a href=\"mailto:ab.balcilar@hotmail.com\">ab.balcilar@hotmail.com<\/a><\/p>\n<p>Blog:\u00a0<a href=\"http:\/\/t.co\/znqmIZgIqn\">blog.milliyet.com.tr\/cansever<\/a><\/p>\n<p>\u015eahsi Blog:\u00a0<a href=\"http:\/\/balcilar-blog.com\/\">Abdurrahman Balc\u0131lar Blog Sayfas\u0131<\/a><\/p>\n<p><strong>\u00a0Not: Kaynak ve g\u00f6rseller AFK 67.final b\u00f6l\u00fcm\u00fcnden al\u0131nm\u0131\u015ft\u0131r.<\/strong><\/p>\n<p><strong>*\u015eahsi Blog sayfamda ve Milliyet Blog\u2019da yay\u0131nlanan blog yaz\u0131lar\u0131 b\u00fcy\u00fck bir \u00e7al\u0131\u015fman\u0131n \u00fcr\u00fcn\u00fc olup, izinsiz ya da kaynak g\u00f6stermeden al\u0131nt\u0131 yap\u0131lamaz. Aksi halde kanuni i\u015flem yap\u0131l\u0131r.<\/strong><\/p>\n","protected":false},"excerpt":{"rendered":"<p>&nbsp; &#8220;Ad\u0131n\u0131 Feriha Koydum&#8221; dizisinin unutulmaz karakteri Feriha Sarrafo\u011flu 29 Haziran 2012 tarihinde at\u0131lan 2 el kur\u015funla \u00f6ld\u00fcr\u00fclm\u00fc\u015ft\u00fc. 29 Haziran 2018 Emir (\u00c7a\u011fatay Ulusoy&#8217;un) biricik kar\u0131s\u0131 &#8216;Feriha Sarrafo\u011flu&#8217;nun 6.\u00f6l\u00fcm y\u0131l d\u00f6n\u00fcm\u00fc. Emir ile Feriha&#8217;y\u0131 son olarak, AFK dizisinin 67.B\u00f6l\u00fcm final b\u00f6l\u00fcm\u00fcnde izledik. Unutulmaz dizinin Emir-Feriha karakterlerini can veren \u00c7a\u011fatay Ulusoy ve Hazal Kaya&#8216;y\u0131 dizinin daha [&hellip;]<\/p>\n","protected":false},"author":3,"featured_media":22612,"comment_status":"open","ping_status":"open","sticky":false,"template":"","format":"standard","meta":{"footnotes":""},"categories":[2],"tags":[42,128,15,19,237],"class_list":["post-22611","post","type-post","status-publish","format-standard","has-post-thumbnail","hentry","category-tv-programlari","tag-adini-feriha-koydum","tag-afk","tag-cagatay-ulusoy","tag-hazal-kaya","tag-sezen-aksu"],"views":4035,"blog_post_layout_featured_media_urls":{"thumbnail":["https:\/\/balcilar-blog.com\/wp-content\/uploads\/2018\/06\/MV5BYWQzO-150x150.jpg",150,150,true],"full":["https:\/\/balcilar-blog.com\/wp-content\/uploads\/2018\/06\/MV5BYWQzO.jpg",560,480,false]},"categories_names":{"2":{"name":"TV Programlar\u0131","link":"https:\/\/balcilar-blog.com\/?cat=2"}},"tags_names":{"42":{"name":"Ad\u0131n\u0131 Feriha Koydum","link":"https:\/\/balcilar-blog.com\/?tag=adini-feriha-koydum"},"128":{"name":"AFK","link":"https:\/\/balcilar-blog.com\/?tag=afk"},"15":{"name":"\u00e7a\u011fatay ulusoy","link":"https:\/\/balcilar-blog.com\/?tag=cagatay-ulusoy"},"19":{"name":"Hazal Kaya","link":"https:\/\/balcilar-blog.com\/?tag=hazal-kaya"},"237":{"name":"Sezen Aksu","link":"https:\/\/balcilar-blog.com\/?tag=sezen-aksu"}},"comments_number":"0","wpmagazine_modules_lite_featured_media_urls":{"thumbnail":["https:\/\/balcilar-blog.com\/wp-content\/uploads\/2018\/06\/MV5BYWQzO-150x150.jpg",150,150,true],"cvmm-medium":["https:\/\/balcilar-blog.com\/wp-content\/uploads\/2018\/06\/MV5BYWQzO.jpg",300,257,false],"cvmm-medium-plus":["https:\/\/balcilar-blog.com\/wp-content\/uploads\/2018\/06\/MV5BYWQzO.jpg",242,207,false],"cvmm-portrait":["https:\/\/balcilar-blog.com\/wp-content\/uploads\/2018\/06\/MV5BYWQzO.jpg",400,343,false],"cvmm-medium-square":["https:\/\/balcilar-blog.com\/wp-content\/uploads\/2018\/06\/MV5BYWQzO.jpg",560,480,false],"cvmm-large":["https:\/\/balcilar-blog.com\/wp-content\/uploads\/2018\/06\/MV5BYWQzO.jpg",560,480,false],"cvmm-small":["https:\/\/balcilar-blog.com\/wp-content\/uploads\/2018\/06\/MV5BYWQzO.jpg",111,95,false],"full":["https:\/\/balcilar-blog.com\/wp-content\/uploads\/2018\/06\/MV5BYWQzO.jpg",560,480,false]},"_links":{"self":[{"href":"https:\/\/balcilar-blog.com\/index.php?rest_route=\/wp\/v2\/posts\/22611","targetHints":{"allow":["GET"]}}],"collection":[{"href":"https:\/\/balcilar-blog.com\/index.php?rest_route=\/wp\/v2\/posts"}],"about":[{"href":"https:\/\/balcilar-blog.com\/index.php?rest_route=\/wp\/v2\/types\/post"}],"author":[{"embeddable":true,"href":"https:\/\/balcilar-blog.com\/index.php?rest_route=\/wp\/v2\/users\/3"}],"replies":[{"embeddable":true,"href":"https:\/\/balcilar-blog.com\/index.php?rest_route=%2Fwp%2Fv2%2Fcomments&post=22611"}],"version-history":[{"count":9,"href":"https:\/\/balcilar-blog.com\/index.php?rest_route=\/wp\/v2\/posts\/22611\/revisions"}],"predecessor-version":[{"id":22644,"href":"https:\/\/balcilar-blog.com\/index.php?rest_route=\/wp\/v2\/posts\/22611\/revisions\/22644"}],"wp:featuredmedia":[{"embeddable":true,"href":"https:\/\/balcilar-blog.com\/index.php?rest_route=\/wp\/v2\/media\/22612"}],"wp:attachment":[{"href":"https:\/\/balcilar-blog.com\/index.php?rest_route=%2Fwp%2Fv2%2Fmedia&parent=22611"}],"wp:term":[{"taxonomy":"category","embeddable":true,"href":"https:\/\/balcilar-blog.com\/index.php?rest_route=%2Fwp%2Fv2%2Fcategories&post=22611"},{"taxonomy":"post_tag","embeddable":true,"href":"https:\/\/balcilar-blog.com\/index.php?rest_route=%2Fwp%2Fv2%2Ftags&post=22611"}],"curies":[{"name":"wp","href":"https:\/\/api.w.org\/{rel}","templated":true}]}}