{"id":22564,"date":"2018-06-21T15:56:15","date_gmt":"2018-06-21T12:56:15","guid":{"rendered":"http:\/\/balcilar-blog.com\/?p=22564"},"modified":"2018-06-21T16:05:27","modified_gmt":"2018-06-21T13:05:27","slug":"2018-sezon-dizileri-final-yapanlar-eylul-2018-yeni-sezonda-devam-edecekler","status":"publish","type":"post","link":"https:\/\/balcilar-blog.com\/?p=22564","title":{"rendered":"2018 Sezon dizileri Final Yapanlar, Eyl\u00fcl 2018 Yeni Sezonda Devam Edecekler!"},"content":{"rendered":"<p><img loading=\"lazy\" decoding=\"async\" class=\"alignnone size-full wp-image-22594\" src=\"http:\/\/balcilar-blog.com\/wp-content\/uploads\/2018\/06\/2018-D\u0130Z\u0130LER\u0130.jpg\" alt=\"\" width=\"638\" height=\"480\" srcset=\"https:\/\/balcilar-blog.com\/wp-content\/uploads\/2018\/06\/2018-D\u0130Z\u0130LER\u0130.jpg 638w, https:\/\/balcilar-blog.com\/wp-content\/uploads\/2018\/06\/2018-D\u0130Z\u0130LER\u0130-300x226.jpg 300w\" sizes=\"auto, (max-width: 638px) 100vw, 638px\" \/><\/p>\n<p><strong>2017 &#8211; 2018<\/strong>\u00a0dizi sezonu Eyl\u00fcl ay\u0131nda ba\u015flam\u0131\u015ft\u0131. Y\u00fcz\u00fcn \u00fcst\u00fcnde dizi ekranlara gelmi\u015f, bir k\u0131sm\u0131 sezon sonunu getiremeden ekranlara veda edip, final yapm\u0131\u015flard\u0131r. Ayakta kalan sezon sonuna getiren dizileri sizlere sunuyorum.<\/p>\n<p>Sezon boyunca onlarca dizi reyting kurban\u0131 olmu\u015f, erken final yapmak zorunda kalm\u0131\u015f ve yay\u0131ndan kald\u0131r\u0131lm\u0131\u015ft\u0131r.<\/p>\n<p>2017 &#8211; 2018 dizi sezonun en ba\u015far\u0131l\u0131 dizileri her hafta sizler sunmu\u015f, Totatl&#8217;de ve AB&#8217;de reyting alanlar\u0131 s\u0131ralam\u0131\u015ft\u0131m. 8 ay boyunca \u00f6ne \u00e7\u0131kan diziler ; TRT1&#8217;in Dirili\u015f Ertu\u011frul, Show Tv&#8217;nin\u00a0 Kalp At\u0131\u015f\u0131, Kanal D&#8217;nin Meryem, Fox Tv&#8217;nin \u015eevkat Yerimdar, Star Tv Dolunay, Kanal D Arka Sokaklar, Star Tv S\u00f6z, Atv E\u015fk\u0131ya D\u00fcnyaya H\u00fck\u00fcmdar Olmaz, Star tv \u0130stanbullu Gelin, Fox Tv Bizim Hikaye, Show Tv Yeni Gelin, Kanal D Vatan\u0131m Sensin, Star Tv Ufak Tefek Cinayetler, Fox Tv Sava\u015f\u00e7\u0131, Show Tv \u00c7ukur, Atv Sen Anlat Karadeniz ve Fox Tv Kad\u0131n dizileri haftan\u0131n dizilerinde yer alan diziler olmu\u015ftur.<\/p>\n<p>2017-2018 T\u00fcm dizi sezonunda ad\u0131ndan en \u00e7ok s\u00f6z edilen pop\u00fcler dizi \u00c7ukur, Vatan\u0131m Sensin ve Sen Anlat Karadeniz olmu\u015ftur.<\/p>\n<p>Kanallar Atv, Fox, Kanal D, Star, Show ve TRT1 alfabetik s\u0131raya g\u00f6re al\u0131nm\u0131\u015f, \u015fu g\u00fcnlerde neredeyse b\u00fct\u00fcn sezon dizileri Sezon Finali yapm\u0131\u015flard\u0131r.<\/p>\n<p><strong>2017 &#8211; 2018 Sezon Dizilerinin Ulusal kanaldaki durumlar\u0131na bakal\u0131m:<\/strong><\/p>\n<p><strong>\u00a0<img loading=\"lazy\" decoding=\"async\" class=\"alignnone size-medium wp-image-14146\" src=\"http:\/\/balcilar-blog.com\/wp-content\/uploads\/2016\/06\/atv-tv-logo--300x231.jpg\" alt=\"atv-tv-logo-\" width=\"300\" height=\"231\" srcset=\"https:\/\/balcilar-blog.com\/wp-content\/uploads\/2016\/06\/atv-tv-logo--300x231.jpg 300w, https:\/\/balcilar-blog.com\/wp-content\/uploads\/2016\/06\/atv-tv-logo-.jpg 437w\" sizes=\"auto, (max-width: 300px) 100vw, 300px\" \/><\/strong><\/p>\n<p><strong>A\u015eK VE MAV\u0130 :<\/strong><\/p>\n<p><img loading=\"lazy\" decoding=\"async\" class=\"alignnone size-full wp-image-22570\" src=\"http:\/\/balcilar-blog.com\/wp-content\/uploads\/2018\/06\/A\u015fk-ve-Mavi-Dizisi-oyuncular\u0131-310x250.jpg\" alt=\"\" width=\"417\" height=\"336\" srcset=\"https:\/\/balcilar-blog.com\/wp-content\/uploads\/2018\/06\/A\u015fk-ve-Mavi-Dizisi-oyuncular\u0131-310x250.jpg 417w, https:\/\/balcilar-blog.com\/wp-content\/uploads\/2018\/06\/A\u015fk-ve-Mavi-Dizisi-oyuncular\u0131-310x250-300x242.jpg 300w\" sizes=\"auto, (max-width: 417px) 100vw, 417px\" \/><\/p>\n<p>Emrah&#8217;\u0131n A\u015fk ve Mavi dizisi bu sezon 2.sezonunu oynad\u0131. Karakterleri ile olduk\u00e7a tutuldu. 69. b\u00f6l\u00fcm\u00fc ile sezon finali yapt\u0131. Eyl\u00fcl 2018&#8217;de 3.sezonunda devam edecek. NTC Medya yap\u0131mc\u0131s\u0131 oldu\u011fu dizinin y\u00f6netmeni Hakan Arslan ekibine te\u015fekk\u00fcr ederek, sezon finalinde e\u011flence tertip edildi.<\/p>\n<p>&nbsp;<\/p>\n<p><strong>E\u015eKIYA D\u00dcNYAYA H\u00dcK\u00dcMDAR OLMAZ :<\/strong><\/p>\n<p><img loading=\"lazy\" decoding=\"async\" class=\"alignnone size-full wp-image-22571\" src=\"http:\/\/balcilar-blog.com\/wp-content\/uploads\/2018\/06\/eskiya-dizi2.jpg\" alt=\"\" width=\"448\" height=\"299\" srcset=\"https:\/\/balcilar-blog.com\/wp-content\/uploads\/2018\/06\/eskiya-dizi2.jpg 448w, https:\/\/balcilar-blog.com\/wp-content\/uploads\/2018\/06\/eskiya-dizi2-300x200.jpg 300w\" sizes=\"auto, (max-width: 448px) 100vw, 448px\" \/><\/p>\n<p>Oktay Kaynarca&#8217;n\u0131n Kurtlar Vadisi \u00e7izgisindeki mafya-vari dizisi Sal\u0131 gecelerinin reyting birincisi. 12 Haziran ak\u015fam\u0131 107.de\u00a0 b\u00f6l\u00fcmde sezon finali yapt\u0131. Eyl\u00fcl yeni sezonda kald\u0131\u011f\u0131 yerden devam edecek.<\/p>\n<p>&nbsp;<\/p>\n<p>&nbsp;<\/p>\n<p><strong>KIRGIN \u00c7\u0130\u00c7EKLER :<\/strong><\/p>\n<p><img loading=\"lazy\" decoding=\"async\" class=\"alignnone size-full wp-image-22569\" src=\"http:\/\/balcilar-blog.com\/wp-content\/uploads\/2018\/06\/1792-kirgin-cicekler-kadrosu_10-600.jpg\" alt=\"\" width=\"448\" height=\"297\" srcset=\"https:\/\/balcilar-blog.com\/wp-content\/uploads\/2018\/06\/1792-kirgin-cicekler-kadrosu_10-600.jpg 448w, https:\/\/balcilar-blog.com\/wp-content\/uploads\/2018\/06\/1792-kirgin-cicekler-kadrosu_10-600-300x199.jpg 300w\" sizes=\"auto, (max-width: 448px) 100vw, 448px\" \/><\/p>\n<p>NTC Medyan\u0131n yap\u0131mc\u0131s\u0131 oldu\u011fu dizi 4 sezona ge\u00e7ti. 12 Mart 2018 tarihinde 113. b\u00f6l\u00fcm\u00fcnde fianal yaparak ekranlara veda etti. Sezon sonunu g\u00f6remedi. Sevilen dizinin ba\u015frollerinde \u00d6zg\u00fcr \u00c7evik, \u0130pek Karap\u0131nar, Biran Damla Y\u0131lmaz, G\u00f6k\u00e7e Aky\u0131ld\u0131z, Hazar Motan, \u00c7a\u011fla Irmak ve Aleyna Solaker oynad\u0131. G\u00fczel heyecan dolu bir diziydi.<\/p>\n<p>&nbsp;<\/p>\n<p><strong>CENNET\u0130N G\u00d6Z YA\u015eLARI :<\/strong><\/p>\n<p><img loading=\"lazy\" decoding=\"async\" class=\"alignnone size-full wp-image-22568\" src=\"http:\/\/balcilar-blog.com\/wp-content\/uploads\/2018\/06\/291901CENNET\u0130N-G\u00d6Z-YA\u015eLARI.jpg\" alt=\"\" width=\"448\" height=\"279\" srcset=\"https:\/\/balcilar-blog.com\/wp-content\/uploads\/2018\/06\/291901CENNET\u0130N-G\u00d6Z-YA\u015eLARI.jpg 448w, https:\/\/balcilar-blog.com\/wp-content\/uploads\/2018\/06\/291901CENNET\u0130N-G\u00d6Z-YA\u015eLARI-300x187.jpg 300w\" sizes=\"auto, (max-width: 448px) 100vw, 448px\" \/><\/p>\n<p>Yap\u0131mc\u0131l\u0131\u011f\u0131n\u0131 S\u00fcre\u00e7 Film \u2013 Ali G\u00fcndo\u011fdu&#8217;nun \u00fcstlendi\u011fi, y\u00f6netmen koltu\u011funda Aysun Aky\u00fcz Mehdiabbas&#8217;\u0131n oturdu\u011fu ve bir Kore format\u0131ndan uyarlanan dizinin ba\u015frollerini Esra Ronabar, Berk Atan ve Almila Ada payla\u015f\u0131yor. Ayr\u0131ca Zehra Y\u0131lmaz, G\u00fcler \u00d6kten, Yusuf Akg\u00fcn, Ebru Destan, Haz\u0131m K\u00f6rm\u00fck\u00e7\u00fc, \u00c7i\u00e7ek Acar, Ali \u0130pin, Sencan G\u00fclery\u00fcz, S\u00fceda \u00c7il, Ebru Nil Ayd\u0131n, Sude Nur Yaz\u0131c\u0131 ve Oktay \u00c7ubuk gibi ba\u015far\u0131l\u0131 isimler rol ald\u0131. 17 Haziran 2018 tarihinde 36.b\u00f6l\u00fcmde kesin final yapt\u0131 ve ekranlara veda etti.<\/p>\n<p>&nbsp;<\/p>\n<p><strong>SEN ANLAT KARADEN\u0130Z :<\/strong><\/p>\n<p>&nbsp;<\/p>\n<p><img loading=\"lazy\" decoding=\"async\" class=\"size-full wp-image-22567\" src=\"http:\/\/balcilar-blog.com\/wp-content\/uploads\/2018\/06\/SEN-ANLAT-KARADEN\u0130Z.jpg\" alt=\"\" width=\"448\" height=\"296\" srcset=\"https:\/\/balcilar-blog.com\/wp-content\/uploads\/2018\/06\/SEN-ANLAT-KARADEN\u0130Z.jpg 448w, https:\/\/balcilar-blog.com\/wp-content\/uploads\/2018\/06\/SEN-ANLAT-KARADEN\u0130Z-300x198.jpg 300w\" sizes=\"auto, (max-width: 448px) 100vw, 448px\" \/><\/p>\n<p>Ge\u00e7mi\u015fte para kar\u015f\u0131l\u0131\u011f\u0131 sat\u0131ld\u0131\u011f\u0131 adam\u0131n zulm\u00fcnden ka\u00e7\u0131p \u00e7ocu\u011fuyla birlikte Karadeniz&#8217;e s\u0131\u011f\u0131nan Nefes&#8217;le, onu korudu\u011fu i\u00e7in ailesinin b\u00fcy\u00fck tepkisiyle kar\u015f\u0131la\u015fan Tahir&#8217;in imkans\u0131z a\u015fk\u0131n\u0131n anlat\u0131ld\u0131\u011f\u0131 dizinin y\u00f6netmen koltu\u011funda Osman S\u0131nav, Emre Kabaku\u015fak ve Yusuf \u00d6mer S\u0131nav oturuyor. Dizinin senaristli\u011fini ise Ay\u015fe Ferda Ery\u0131lmaz ve Nehir Erdem \u00fcstleniyor. Oynad\u0131\u011f\u0131 2.b\u00f6l\u00fcmden itibaren haftan\u0131n dizilerinde yer ald\u0131. \u00c7ok sevildi ve 13 Haziran ak\u015fam\u0131 21.b\u00f6l\u00fcm\u00fc ile sezon finali yapt\u0131. \u0130zleyicisi Eyl\u00fcl ay\u0131na sab\u0131rs\u0131zl\u0131kla bekleyecek!<\/p>\n<p>&nbsp;<\/p>\n<p>&nbsp;<\/p>\n<p>&nbsp;<\/p>\n<p>&nbsp;<\/p>\n<p><img loading=\"lazy\" decoding=\"async\" class=\"alignnone size-medium wp-image-14147\" src=\"http:\/\/balcilar-blog.com\/wp-content\/uploads\/2016\/06\/fox_logo_1-300x173.jpg\" alt=\"fox_logo_1\" width=\"300\" height=\"173\" srcset=\"https:\/\/balcilar-blog.com\/wp-content\/uploads\/2016\/06\/fox_logo_1-300x173.jpg 300w, https:\/\/balcilar-blog.com\/wp-content\/uploads\/2016\/06\/fox_logo_1.jpg 448w\" sizes=\"auto, (max-width: 300px) 100vw, 300px\" \/><\/p>\n<p><strong>B\u0130Z\u0130M H\u0130KAYE :<\/strong><\/p>\n<p><img loading=\"lazy\" decoding=\"async\" class=\"alignnone size-full wp-image-22572\" src=\"http:\/\/balcilar-blog.com\/wp-content\/uploads\/2018\/06\/bizim-hikaye.jpg\" alt=\"\" width=\"448\" height=\"299\" srcset=\"https:\/\/balcilar-blog.com\/wp-content\/uploads\/2018\/06\/bizim-hikaye.jpg 448w, https:\/\/balcilar-blog.com\/wp-content\/uploads\/2018\/06\/bizim-hikaye-300x200.jpg 300w\" sizes=\"auto, (max-width: 448px) 100vw, 448px\" \/><\/p>\n<p>Hazal Kaya&#8217;n\u0131n uzun bir aradan sonra bir Amerikan dizi olan Shameless uyarlamas\u0131 olan Bizim hikaye, Filizin gen\u00e7 ya\u015fta 5 karde\u015fini bakmaya ve ya\u015fam \u00f6yk\u00fcs\u00fcn\u00fc anlat\u0131yor. Ayya\u015f baba her \u015feyi bo\u015f vermi\u015f, kendini alkole vermi\u015f, aile i\u00e7inde bile asalak ya\u015famaktad\u0131r. Burak Deniz, Hazal Kaya ile iyi bir partner olmu\u015ftur. Usta oyuncu Ay\u015fen Gruda&#8217;n\u0131n diziye kat\u0131lmas\u0131 ile renk gelmi\u015ftir. 7 Haziran 37.b\u00f6l\u00fcm\u00fcnde eyl\u00fclde izleyicisi ile tekrar bulu\u015fmak \u00fczere sezon finali yapm\u0131\u015ft\u0131r.<\/p>\n<p>&nbsp;<\/p>\n<p>&nbsp;<\/p>\n<p><strong>KALB\u0130MDEK\u0130 DEN\u0130Z :<\/strong><\/p>\n<p><img loading=\"lazy\" decoding=\"async\" class=\"alignnone size-full wp-image-22573\" src=\"http:\/\/balcilar-blog.com\/wp-content\/uploads\/2018\/06\/1847990-m5xVn6.gif\" alt=\"\" width=\"448\" height=\"281\" \/><\/p>\n<p>Kutsi ve \u00d6zge \u00d6zberk&#8217;in ba\u015frol\u00fc payla\u015ft\u0131\u011f\u0131 dizi ve Cumartesi gecesinde Pazartesi gecesine al\u0131nd\u0131. Pazartesi gecesi tutunamad\u0131 reytingleri d\u00fc\u015ft\u00fc. Haziran ay\u0131 sezon sonunu g\u00f6remeden 12 Mart ak\u015fam\u0131 final yaprak ekranlara veda etti. Ekran maceras\u0131 60 b\u00f6l\u00fcm s\u00fcrm\u00fc\u015f oldu.<\/p>\n<p>&nbsp;<\/p>\n<p><strong>YASAK ELMA :<\/strong><\/p>\n<p><img loading=\"lazy\" decoding=\"async\" class=\"alignnone size-full wp-image-22574\" src=\"http:\/\/balcilar-blog.com\/wp-content\/uploads\/2018\/06\/Yasak-Elma-c.jpg\" alt=\"\" width=\"448\" height=\"252\" srcset=\"https:\/\/balcilar-blog.com\/wp-content\/uploads\/2018\/06\/Yasak-Elma-c.jpg 448w, https:\/\/balcilar-blog.com\/wp-content\/uploads\/2018\/06\/Yasak-Elma-c-300x169.jpg 300w\" sizes=\"auto, (max-width: 448px) 100vw, 448px\" \/><\/p>\n<p>Med Yap\u0131m\u0131n yap\u0131mc\u0131s\u0131 oldu\u011fu, Talat Bulut ve \u015eevval Sam&#8217;\u0131n ba\u015frol\u00fc oynad\u0131\u011f\u0131 Yasak Elma pazartesi ak\u015famlar\u0131 ekranlara geldi. 12.b\u00f6l\u00fcmde 4 Haziran ak\u015fam\u0131 sezon finali yapt\u0131. Eyl\u00fcl ay\u0131nda tekrar Fox Tv ekranlar\u0131nda kald\u0131\u011f\u0131 yerden devam edecektir.<\/p>\n<p>&nbsp;<\/p>\n<p><strong>\u015eEVKAT YER\u0130MDAR :<\/strong><\/p>\n<p><img loading=\"lazy\" decoding=\"async\" class=\"alignnone size-full wp-image-22575\" src=\"http:\/\/balcilar-blog.com\/wp-content\/uploads\/2018\/06\/\u015fevkat-yerimdar.jpg\" alt=\"\" width=\"448\" height=\"252\" srcset=\"https:\/\/balcilar-blog.com\/wp-content\/uploads\/2018\/06\/\u015fevkat-yerimdar.jpg 448w, https:\/\/balcilar-blog.com\/wp-content\/uploads\/2018\/06\/\u015fevkat-yerimdar-300x169.jpg 300w\" sizes=\"auto, (max-width: 448px) 100vw, 448px\" \/><\/p>\n<p>G\u00fczel bir komedi dizisi olan \u015eevkat Yerimdar Sezon sonunu g\u00f6rmeden. 44.b\u00f6l\u00fcm\u00fcne 30 Mart ak\u015fam\u0131 ekranlara veda etti kesin Final yapt\u0131.<\/p>\n<p>\u00d6zg\u00fcrcan \u015eevik ile Ba\u015fak Parlak&#8217;\u0131n rolleri payla\u015f\u0131yor. \u00d6zg\u00fcr bir insan nas\u0131l ya\u015fayaca\u011f\u0131n\u0131 hi\u00e7 d\u00fc\u015f\u00fcnmez; \u00e7\u00fcnk\u00fc nas\u0131l ya\u015fanmayaca\u011f\u0131n\u0131 zaten bilir. Gerisi hikayedir.<\/p>\n<p>Asi ruhlu bir mahalle delikanl\u0131s\u0131d\u0131r \u015eevkat. Adaletsizli\u011fe, haks\u0131zl\u0131\u011fa ve ay\u0131r\u0131mc\u0131l\u0131\u011fa zerre tahamm\u00fcl\u00fc yoktur. En b\u00fcy\u00fck sorunu da \u00f6fke kontrol\u00fcd\u00fcr. Bu sorundan \u00f6t\u00fcr\u00fc s\u0131rad\u0131\u015f\u0131d\u0131r, sevimlidir ve mahallenin afili kahraman\u0131d\u0131r.<\/p>\n<p>\u015eevkat harbidir, samimidir, s\u00f6z\u00fcn\u00fcn eri, \u00f6fkesinin esiridir. Ancak y\u00fcre\u011fi pamuk kadar yumu\u015fakt\u0131r ve hayat\u0131 hep pamuk ipli\u011findedir. Halden anlar, hat\u0131r sayar, zorda kalana yard\u0131m elini uzat\u0131r. Velhas\u0131l\u0131, nesli t\u00fckenmi\u015f bir mahalle delikanl\u0131s\u0131d\u0131r o.<\/p>\n<p>&nbsp;<\/p>\n<p><strong>SAVA\u015e\u00c7I :<\/strong><\/p>\n<p><img loading=\"lazy\" decoding=\"async\" class=\"alignnone size-full wp-image-22576\" src=\"http:\/\/balcilar-blog.com\/wp-content\/uploads\/2018\/06\/Savasci-cover-phot.jpg\" alt=\"\" width=\"448\" height=\"252\" srcset=\"https:\/\/balcilar-blog.com\/wp-content\/uploads\/2018\/06\/Savasci-cover-phot.jpg 448w, https:\/\/balcilar-blog.com\/wp-content\/uploads\/2018\/06\/Savasci-cover-phot-300x169.jpg 300w\" sizes=\"auto, (max-width: 448px) 100vw, 448px\" \/><\/p>\n<p>Limon Film&#8217;in asker dizisi olan Sava\u015f\u00e7\u0131 10 Haziran Pazar ak\u015fam\u0131 48. b\u00f6l\u00fcm\u00fcnde sezon finali yapt\u0131. Berk Oktay ve Y\u0131ld\u0131z \u00c7a\u011fr\u0131 At\u0131ksoy&#8217;un ba\u015frol\u00fc oynad\u0131\u011f\u0131 dizi, Eyl\u00fcl yeni sezonda kald\u0131\u011f\u0131 yerden devam edecektir.<\/p>\n<p>&nbsp;<\/p>\n<p><strong>KADIN :<\/strong><\/p>\n<p><img loading=\"lazy\" decoding=\"async\" class=\"alignnone size-full wp-image-22578\" src=\"http:\/\/balcilar-blog.com\/wp-content\/uploads\/2018\/06\/Kadin-cov.jpg\" alt=\"\" width=\"448\" height=\"252\" srcset=\"https:\/\/balcilar-blog.com\/wp-content\/uploads\/2018\/06\/Kadin-cov.jpg 448w, https:\/\/balcilar-blog.com\/wp-content\/uploads\/2018\/06\/Kadin-cov-300x169.jpg 300w\" sizes=\"auto, (max-width: 448px) 100vw, 448px\" \/><\/p>\n<p>&nbsp;<\/p>\n<p>Med Yap\u0131m ile MF yap\u0131m\u0131n yap\u0131mc\u0131l\u0131\u011f\u0131 \u00fcstlendi\u011fi drama dizisinde, \u00d6zge \u00d6zprin\u00e7ci, Caner Cindoruk, Bennu Y\u0131ld\u0131r\u0131mlar ve Seray Kaya oynuyorlar.\u00a0Kocas\u0131 Sarp\u2019\u0131n \u00f6l\u00fcm\u00fcnden sonra Bahar\u2019\u0131 hayata ba\u011flayan iki \u015fey vard\u0131r: \u00c7ocuklar\u0131 Nisan(7) ve Doruk(4). Onlarla elele verip hayat\u0131 bir oyuna, fakirli\u011fi e\u011flenceye, yoklu\u011fu ne\u015feye \u00e7evirmeyi ba\u015far\u0131r. \u0130nsan\u0131n y\u00fcz\u00fc g\u00fcld\u00fc\u011f\u00fcnde kalbinin de onunla birlikte g\u00fcl\u00fcmseyece\u011fine inan\u0131r. 5 Haziran ak\u015fam\u0131 32.B\u00f6l\u00fcmde sezon finali yapt\u0131 ve Eyl\u00fcl ay\u0131nda kald\u0131\u011f\u0131 yerden devam edecek.<\/p>\n<p>&nbsp;<\/p>\n<p><img loading=\"lazy\" decoding=\"async\" class=\"alignnone size-full wp-image-2611\" src=\"http:\/\/balcilar-blog.com\/wp-content\/uploads\/2014\/07\/untitled-kanal-d.png\" alt=\"untitled kanal d\" width=\"200\" height=\"200\" srcset=\"https:\/\/balcilar-blog.com\/wp-content\/uploads\/2014\/07\/untitled-kanal-d.png 200w, https:\/\/balcilar-blog.com\/wp-content\/uploads\/2014\/07\/untitled-kanal-d-150x150.png 150w\" sizes=\"auto, (max-width: 200px) 100vw, 200px\" \/><\/p>\n<p><strong>ARKA SOKAKLAR :<\/strong><\/p>\n<p><img loading=\"lazy\" decoding=\"async\" class=\"alignnone size-full wp-image-22579\" src=\"http:\/\/balcilar-blog.com\/wp-content\/uploads\/2018\/06\/cropped_content_arka-sokaklarin-.png\" alt=\"\" width=\"448\" height=\"264\" srcset=\"https:\/\/balcilar-blog.com\/wp-content\/uploads\/2018\/06\/cropped_content_arka-sokaklarin-.png 448w, https:\/\/balcilar-blog.com\/wp-content\/uploads\/2018\/06\/cropped_content_arka-sokaklarin--300x177.png 300w\" sizes=\"auto, (max-width: 448px) 100vw, 448px\" \/><\/p>\n<p>Y\u00fczy\u0131llara meydan okuyan, b\u00fcy\u00fcl\u00fc, kocaman bir \u015fehir ;<strong>\u0130stanbul<\/strong>. Ve bu \u015fehrin her soka\u011f\u0131n\u0131, herkes i\u00e7in daha g\u00fczel, daha \u2018ya\u015fan\u0131r\u2019 bir yer yapmak u\u011fruna her t\u00fcrl\u00fc k\u00f6t\u00fcl\u00fc\u011fe ve s\u0131k\u0131nt\u0131ya meydan okuyan y\u00fcrekli polislerimiz\u2026<\/p>\n<p>485 b\u00f6l\u00fcm\u00fcnde sezon finali yapacakt\u0131r. Ba\u015frollerini Zafer Ergin, \u00d6zg\u00fcr Ozan, Oya Akar, Alp Korkmaz ve \u015eevket \u00c7oruh\u2019un payla\u015ft\u0131\u011f\u0131 dizide her b\u00f6l\u00fcmde ayr\u0131 bir olay ele al\u0131n\u0131yor, daha \u00e7ok erkek seyirciler izliyormu\u015f. Yeni oyuncular ile takviye eden dizi devaml\u0131 kendisini yeniliyor. Merak ediyorum 2018-2019 sezonunu da bitirebilecek mi?<\/p>\n<p>&nbsp;<\/p>\n<p><strong>\u0130S\u0130MS\u0130ZLER :<\/strong><\/p>\n<p><img loading=\"lazy\" decoding=\"async\" class=\"alignnone size-full wp-image-22580\" src=\"http:\/\/balcilar-blog.com\/wp-content\/uploads\/2018\/06\/isimsizler_icin_final_karari_isimsizler_neden_bitiyor_1512718032_1425.jpg\" alt=\"\" width=\"448\" height=\"251\" srcset=\"https:\/\/balcilar-blog.com\/wp-content\/uploads\/2018\/06\/isimsizler_icin_final_karari_isimsizler_neden_bitiyor_1512718032_1425.jpg 448w, https:\/\/balcilar-blog.com\/wp-content\/uploads\/2018\/06\/isimsizler_icin_final_karari_isimsizler_neden_bitiyor_1512718032_1425-300x168.jpg 300w\" sizes=\"auto, (max-width: 448px) 100vw, 448px\" \/><\/p>\n<p>&nbsp;<\/p>\n<p>Kanal ile yap\u0131mc\u0131 aras\u0131nda 13 b\u00f6l\u00fcml\u00fck s\u00f6zle\u015fme imzalanan \u0130simsizler, 8 b\u00f6l\u00fcm ekranlara geldi. Reytinglerde ortalarda. 13.b\u00f6l\u00fcm\u00fc muhtemelen sezon finali yapacakt\u0131r. Eyl\u00fcl 2017 yeni sezonda kald\u0131\u011f\u0131 yerden devam eden dizi, 27 b\u00f6lme kadar geldi ve 16 Aral\u0131k ak\u015fam\u0131 final taparak ekranlara veda etti.<\/p>\n<p>&nbsp;<\/p>\n<p><strong>VATANIM SENS\u0130N :<\/strong><\/p>\n<p><img loading=\"lazy\" decoding=\"async\" class=\"alignnone size-full wp-image-22581\" src=\"http:\/\/balcilar-blog.com\/wp-content\/uploads\/2018\/06\/vatan\u0131m-sensin.jpg\" alt=\"\" width=\"448\" height=\"253\" srcset=\"https:\/\/balcilar-blog.com\/wp-content\/uploads\/2018\/06\/vatan\u0131m-sensin.jpg 448w, https:\/\/balcilar-blog.com\/wp-content\/uploads\/2018\/06\/vatan\u0131m-sensin-300x169.jpg 300w\" sizes=\"auto, (max-width: 448px) 100vw, 448px\" \/><\/p>\n<p>Kurtulu\u015f sava\u015f\u0131 ve Atat\u00fcrk temalar\u0131 ile dizinin reytinglerini y\u00fckseltmeye \u00e7al\u0131\u015fan dizide, Halit Ergen\u00e7 ve Berg\u00fczar Korel ba\u015frolde oynuyorlar. Dizinin yap\u0131mc\u0131yla olan 50 b\u00f6l\u00fcml\u00fck s\u00f6zle\u015fmesi var. 27 B\u00f6l\u00fcm ekranlara geldi. Dizinin senaristleri iki d\u00fc\u015fman Leon ile Hilal a\u015fk\u0131, ile reyting kazand\u0131. 7 Haziran ak\u015fam\u0131 59.b\u00f6l\u00fcm\u00fcmde final yapt\u0131 ve bitti.<\/p>\n<p>&nbsp;<\/p>\n<p><strong>JET SOSYETE :<\/strong><\/p>\n<p><img loading=\"lazy\" decoding=\"async\" class=\"alignnone size-full wp-image-22592\" src=\"http:\/\/balcilar-blog.com\/wp-content\/uploads\/2018\/06\/jet-sostey.jpg\" alt=\"\" width=\"448\" height=\"253\" srcset=\"https:\/\/balcilar-blog.com\/wp-content\/uploads\/2018\/06\/jet-sostey.jpg 448w, https:\/\/balcilar-blog.com\/wp-content\/uploads\/2018\/06\/jet-sostey-300x169.jpg 300w\" sizes=\"auto, (max-width: 448px) 100vw, 448px\" \/><\/p>\n<div class=\"description\"><strong>Jet Sosyete<\/strong>; G\u00fclse Birsel&#8217;in senaristli\u011fini yapaca\u011f\u0131 sitcom dizisi \u015eubat ay\u0131nda seyircisiyle bulu\u015ftu. Dizinin y\u00f6netmenli\u011fini Hakan Alg\u00fcl, yap\u0131mc\u0131l\u0131\u011f\u0131n\u0131 ise BKM \u00fcstleniyor. 10 Haziran 2018 tarihinde 15.b\u00f6l\u00fcmde sezon finali yapt\u0131. Eyl\u00fclde kald\u0131\u011f\u0131 yerden devam edecek.<\/div>\n<p>&nbsp;<\/p>\n<p>&nbsp;<\/p>\n<p><img loading=\"lazy\" decoding=\"async\" class=\"alignnone size-medium wp-image-9155\" src=\"http:\/\/balcilar-blog.com\/wp-content\/uploads\/2015\/05\/hqdefault-STAR-TV1-300x187.jpg\" alt=\"hqdefault STAR TV\" width=\"300\" height=\"187\" srcset=\"https:\/\/balcilar-blog.com\/wp-content\/uploads\/2015\/05\/hqdefault-STAR-TV1-300x187.jpg 300w, https:\/\/balcilar-blog.com\/wp-content\/uploads\/2015\/05\/hqdefault-STAR-TV1.jpg 314w\" sizes=\"auto, (max-width: 300px) 100vw, 300px\" \/><\/p>\n<p>&nbsp;<\/p>\n<p><strong>FAZ\u0130LET HANIM VE KIZLARI :<\/strong><\/p>\n<p><img loading=\"lazy\" decoding=\"async\" class=\"alignnone size-full wp-image-22582\" src=\"http:\/\/balcilar-blog.com\/wp-content\/uploads\/2018\/06\/cropped_content_fazilet-hanim-ve-kizlari-.jpg\" alt=\"\" width=\"448\" height=\"264\" srcset=\"https:\/\/balcilar-blog.com\/wp-content\/uploads\/2018\/06\/cropped_content_fazilet-hanim-ve-kizlari-.jpg 448w, https:\/\/balcilar-blog.com\/wp-content\/uploads\/2018\/06\/cropped_content_fazilet-hanim-ve-kizlari--300x177.jpg 300w\" sizes=\"auto, (max-width: 448px) 100vw, 448px\" \/><\/p>\n<p>Yeni dizilerden Fazilet Han\u0131m ve K\u0131zlar\u0131 8 b\u00f6l\u00fcm oynad\u0131. Yaz dizisi olarak devam etti ve Eyl\u00fcl ay\u0131ndan bu yana sezon dizisi olarak devam etti. Kendine g\u00f6re izleyicisi olan dizi reytinglerde ba\u015far\u0131l\u0131 oldu. 9 Haziran 2018 50.b\u00f6l\u00fcm final yapt\u0131.<\/p>\n<p>&nbsp;<\/p>\n<p><strong>\u0130STANBULLU GEL\u0130N :<\/strong><\/p>\n<p><img loading=\"lazy\" decoding=\"async\" class=\"alignnone size-full wp-image-22583\" src=\"http:\/\/balcilar-blog.com\/wp-content\/uploads\/2018\/06\/istanbullu_gelin_36.bolum_mobil_1920x1080.jpg\" alt=\"\" width=\"448\" height=\"252\" srcset=\"https:\/\/balcilar-blog.com\/wp-content\/uploads\/2018\/06\/istanbullu_gelin_36.bolum_mobil_1920x1080.jpg 448w, https:\/\/balcilar-blog.com\/wp-content\/uploads\/2018\/06\/istanbullu_gelin_36.bolum_mobil_1920x1080-300x169.jpg 300w\" sizes=\"auto, (max-width: 448px) 100vw, 448px\" \/><\/p>\n<p>&nbsp;<\/p>\n<p>\u00d6zcan Deniz&#8217;in Asl\u0131 Enver ile birlikte oynad\u0131\u011f\u0131 \u0130stanbullu Gelin, ele\u015ftiri almas\u0131na ra\u011fmen ba\u015far\u0131l\u0131 oldu. Eyl\u00fcl yeni sezonda kald\u0131\u011f\u0131 yerden devam etti. Baz\u0131 b\u00f6l\u00fcmlerinde ba\u015far\u0131l\u0131 oldu, haftan\u0131n dizileri aras\u0131nda ilk be\u015fe girdi. Sezon sonuna getirdi. 9 Haziran ak\u015fam\u0131 53.b\u00f6l\u00fcmde sezon finali yapt\u0131. Eyl\u00fcl ay\u0131 yeni sezonda kald\u0131\u011f\u0131 yerden devam edecektir.<\/p>\n<p>&nbsp;<\/p>\n<p><strong>UFAK TEFEK C\u0130NAYETLER :<\/strong><\/p>\n<p><img loading=\"lazy\" decoding=\"async\" class=\"alignnone size-full wp-image-22593\" src=\"http:\/\/balcilar-blog.com\/wp-content\/uploads\/2018\/06\/ufak-tefek-cinayetler-54.jpg\" alt=\"\" width=\"448\" height=\"256\" srcset=\"https:\/\/balcilar-blog.com\/wp-content\/uploads\/2018\/06\/ufak-tefek-cinayetler-54.jpg 448w, https:\/\/balcilar-blog.com\/wp-content\/uploads\/2018\/06\/ufak-tefek-cinayetler-54-300x171.jpg 300w\" sizes=\"auto, (max-width: 448px) 100vw, 448px\" \/><\/p>\n<p>Ba\u015f rollerini G\u00f6k\u00e7e Bahad\u0131r, Mert F\u0131rat, Asl\u0131han G\u00fcrb\u00fcz, T\u00fclin \u00d6zen, Y\u0131ld\u0131ray \u015eahinler, Bade \u0130\u015f\u00e7il, Ferit Aktu\u011f, Selim Bayraktar, Tansu Bi\u00e7er, Duygu Sar\u0131\u015f\u0131n ve Hayal K\u00f6seo\u011flu payla\u015f\u0131yor. Ufak Tefek Cinayetler&#8217;in y\u00f6netmenli\u011fini Ali Bilgin ve Deniz Yorulmazer&#8217;in \u00fcstlendi\u011fi, senaryosunu Meri\u00e7 Acemi&#8217;nin yazd\u0131\u011f\u0131, sezonun iddial\u0131 dizisi \u201cUfak Tefek Cinayetler\u201d 24 Ekim Sal\u0131\u00a0 Star Tv ekranlar\u0131nda ba\u015flad\u0131. 5 Haziran 2018 32.b\u00f6l\u00fcmde sezon finali yapt\u0131. Eyl\u00fcl&#8217;de yeni b\u00f6l\u00fcmleri ile tekrar ekranlar\u0131n\u0131zda olacak.<\/p>\n<p>&nbsp;<\/p>\n<p><strong>S\u00d6Z :<\/strong><\/p>\n<p><img loading=\"lazy\" decoding=\"async\" class=\"alignnone size-full wp-image-22584\" src=\"http:\/\/balcilar-blog.com\/wp-content\/uploads\/2018\/06\/s\u00f6z.jpg\" alt=\"\" width=\"448\" height=\"252\" srcset=\"https:\/\/balcilar-blog.com\/wp-content\/uploads\/2018\/06\/s\u00f6z.jpg 448w, https:\/\/balcilar-blog.com\/wp-content\/uploads\/2018\/06\/s\u00f6z-300x169.jpg 300w\" sizes=\"auto, (max-width: 448px) 100vw, 448px\" \/><\/p>\n<p>Timur Savc\u0131 ve Burak Sa\u011fya\u015far&#8217;\u0131n yap\u0131m \u015firketlerinin birle\u015fmesi ile olu\u015fan TIMS&amp;B Yap\u0131m&#8217;\u0131n Star Tv ekranlar\u0131nda \u00d6zel Kuvvetler de g\u00f6revli bir timin hikayesinin anlat\u0131yor.\u00a0 ba\u015frollerinde Ayb\u00fcke Pusat ve Tolga Sar\u0131ta\u015f oynad\u0131\u011f\u0131 S\u00f6z, Star Tv&#8217;nin yeni g\u00f6zdesi bir yap\u0131m. 7 B\u00f6l\u00fcm ekranlara geldi. Haziran ay\u0131 sonlar\u0131na do\u011fru sezon finali yapacak ve Eyl\u00fcl&#8217;de b\u00fct\u00fcn h\u0131z\u0131yla 2.sezona devam edecektir.<\/p>\n<p><img loading=\"lazy\" decoding=\"async\" class=\"alignnone size-medium wp-image-14148\" src=\"http:\/\/balcilar-blog.com\/wp-content\/uploads\/2016\/06\/Logo-ShowTV_web-300x293.jpg\" alt=\"Logo-ShowTV_web\" width=\"300\" height=\"293\" srcset=\"https:\/\/balcilar-blog.com\/wp-content\/uploads\/2016\/06\/Logo-ShowTV_web-300x293.jpg 300w, https:\/\/balcilar-blog.com\/wp-content\/uploads\/2016\/06\/Logo-ShowTV_web.jpg 344w\" sizes=\"auto, (max-width: 300px) 100vw, 300px\" \/><\/p>\n<p><b>\u00c7UKUR :<\/b><\/p>\n<p><img loading=\"lazy\" decoding=\"async\" class=\"alignnone size-full wp-image-22585\" src=\"http:\/\/balcilar-blog.com\/wp-content\/uploads\/2018\/06\/cukur_dizisi_7subat2018.jpg\" alt=\"\" width=\"448\" height=\"252\" srcset=\"https:\/\/balcilar-blog.com\/wp-content\/uploads\/2018\/06\/cukur_dizisi_7subat2018.jpg 448w, https:\/\/balcilar-blog.com\/wp-content\/uploads\/2018\/06\/cukur_dizisi_7subat2018-300x169.jpg 300w\" sizes=\"auto, (max-width: 448px) 100vw, 448px\" \/><\/p>\n<p>Show Tv&#8217;nin fenomen dizisi &#8220;\u00c7ukur&#8221; ba\u015flamas\u0131 ile b\u00fcy\u00fck k\u00fc\u00e7\u00fck herkesi \u00c7ukur&#8217;a \u00e7ekti, \u00e7ok sevildi. Aras Bulut \u0130ynemli, Dilan \u00c7i\u00e7ek Deni, Ercan Kesal, Perihan Sava\u015f, Erkan Kol\u00e7ak K\u00f6stendil, Kubilay Aka ve R\u0131za Kocao\u011flu gibi g\u00fc\u00e7l\u00fc kadrosunu devaml\u0131 yeni oyuncular katarak devem etti. Pazartesi ak\u015famlar\u0131 reytiglerde bilhassa AB Grubunda zirveyi kimseye b\u0131rakmad\u0131. 11\u00a0 Haziran ak\u015fam\u0131 33.b\u00f6l\u00fcm\u00fcnde g\u00f6rkemli bir sezon finali yapt\u0131, tatile \u00e7\u0131kt\u0131. Eyl\u00fcl\u00a0 yeni sezonda tekrar ekranlar\u0131n\u0131zda olacak.<\/p>\n<p>&nbsp;<\/p>\n<p>&nbsp;<\/p>\n<p><strong>YEN\u0130 GEL\u0130N :<\/strong><\/p>\n<p><img loading=\"lazy\" decoding=\"async\" class=\"alignnone size-full wp-image-22587\" src=\"http:\/\/balcilar-blog.com\/wp-content\/uploads\/2018\/06\/yeni-gelin.png\" alt=\"\" width=\"448\" height=\"252\" srcset=\"https:\/\/balcilar-blog.com\/wp-content\/uploads\/2018\/06\/yeni-gelin.png 448w, https:\/\/balcilar-blog.com\/wp-content\/uploads\/2018\/06\/yeni-gelin-300x169.png 300w\" sizes=\"auto, (max-width: 448px) 100vw, 448px\" \/><\/p>\n<p>&nbsp;<\/p>\n<p>&nbsp;<\/p>\n<p>S\u00fcre\u00e7 Film&#8217;in 11 Mart tarihinde ekranlara gelen ba\u015frollerini Tolga Mendi ve Jessica May Yeni Gelin tahminlerin \u00fcst\u00fcnde tutulan bir romantik komedi dizisi oldu. 10 b\u00f6l\u00fcm ekranlara geldi. Eyl\u00fcl 2017\u00a0 yeni sezonda devam etti. Sezon boyunca iyi bir performans sergileyen dizi komedi dizisi olarak devam etti. 9 Haziranda 53.b\u00f6l\u00fcm\u00fcnde sezon finali yapt\u0131. Eyl\u00fcl de tekrar ekranlar\u0131n\u0131zda olacak.<\/p>\n<p>&nbsp;<\/p>\n<p><img loading=\"lazy\" decoding=\"async\" class=\"alignnone size-full wp-image-2610\" src=\"http:\/\/balcilar-blog.com\/wp-content\/uploads\/2014\/07\/untitled-trt.png\" alt=\"untitled trt\" width=\"240\" height=\"160\" \/><\/p>\n<p><strong>D\u0130R\u0130L\u0130\u015e ERTU\u011eRUL :<\/strong><\/p>\n<p>&nbsp;<\/p>\n<p><img loading=\"lazy\" decoding=\"async\" class=\"alignnone size-full wp-image-22588\" src=\"http:\/\/balcilar-blog.com\/wp-content\/uploads\/2018\/06\/cropped_content_dirilis-ertugrul-yen.jpg\" alt=\"\" width=\"448\" height=\"264\" srcset=\"https:\/\/balcilar-blog.com\/wp-content\/uploads\/2018\/06\/cropped_content_dirilis-ertugrul-yen.jpg 448w, https:\/\/balcilar-blog.com\/wp-content\/uploads\/2018\/06\/cropped_content_dirilis-ertugrul-yen-300x177.jpg 300w\" sizes=\"auto, (max-width: 448px) 100vw, 448px\" \/><\/p>\n<p>121 b\u00f6l\u00fcm\u00fc geride b\u0131rakan haftan\u0131n en \u00e7ok seyredilen dizisi olma \u00f6zelli\u011fini ta\u015f\u0131yan Dirili\u015f Ertu\u011frul 6 Haziran&#8217;da sezon finali yapt\u0131. Eyl\u00fcl ay\u0131nda\u00a0 4.sezon olarak devem edecek. 2019 y\u0131l sezon sonunda kesin final yap\u0131p bitecek. Engin Altan D\u00fczyatan bu dizi ile damgas\u0131n\u0131 vurdu.<\/p>\n<p>&nbsp;<\/p>\n<p>PAY\u0130TAHT ABD\u00dcLHAM\u0130D :<\/p>\n<p><img loading=\"lazy\" decoding=\"async\" class=\"alignnone size-full wp-image-22589\" src=\"http:\/\/balcilar-blog.com\/wp-content\/uploads\/2018\/06\/payitaht.png\" alt=\"\" width=\"386\" height=\"336\" srcset=\"https:\/\/balcilar-blog.com\/wp-content\/uploads\/2018\/06\/payitaht.png 386w, https:\/\/balcilar-blog.com\/wp-content\/uploads\/2018\/06\/payitaht-300x261.png 300w\" sizes=\"auto, (max-width: 386px) 100vw, 386px\" \/><\/p>\n<p>1896 y\u0131l\u0131 Sultan Abd\u00fclhamit&#8217;in tahttaki 20. y\u0131l\u0131d\u0131r, Yunan Harbi&#8217;nden, Filistin, Hicaz Demiryolu \u00e7al\u0131\u015fmalar\u0131na kadar, pek \u00e7ok sorunla m\u00fccadele etmesi gerekecektir. Sevilen dizide 54 b\u00f6l\u00fcm geride kald\u0131. 8 Haziran&#8217;da sezon finali yapt\u0131. Yeni sezonda kald\u0131\u011f\u0131 yerden devam edecektir.<\/p>\n<p>&nbsp;<\/p>\n<p><strong>MEHMET\u00c7\u0130K KUT&#8217;\u00dcL AMARE :<\/strong><\/p>\n<p><img loading=\"lazy\" decoding=\"async\" class=\"alignnone size-full wp-image-22590\" src=\"http:\/\/balcilar-blog.com\/wp-content\/uploads\/2018\/06\/mehmetcik-kut-ul-amare-.jpeg\" alt=\"\" width=\"448\" height=\"237\" srcset=\"https:\/\/balcilar-blog.com\/wp-content\/uploads\/2018\/06\/mehmetcik-kut-ul-amare-.jpeg 448w, https:\/\/balcilar-blog.com\/wp-content\/uploads\/2018\/06\/mehmetcik-kut-ul-amare--300x159.jpeg 300w\" sizes=\"auto, (max-width: 448px) 100vw, 448px\" \/><\/p>\n<p>&nbsp;<\/p>\n<p>Mehmet\u00e7ik K\u00fbt&#8217;\u00fcl am\u00e2re dizisi, Birinci Cihan Harbi\u2019ne haz\u0131rlanan Osmanl\u0131 devletinde, tek hayalleri devletin yeniden dirili\u015fi ve kurtulu\u015fu olan, g\u00f6nl\u00fcnde vatan sevdas\u0131ndan ba\u015fka bir \u015fey bulunmayan Mehmet ve arkada\u015flar\u0131n\u0131n destans\u0131 hik\u00e2yesini konu al\u0131yor. 7 Haziran ak\u015fam\u0131 19.b\u00f6l\u00fcm\u00fcnde sezon finali yapt\u0131. Yeni sezonda kald\u0131\u011f\u0131 yerden devam edecek.<\/p>\n<p>&nbsp;<\/p>\n<p><strong>KALK G\u0130DEL\u0130M :<\/strong><\/p>\n<p><img loading=\"lazy\" decoding=\"async\" class=\"alignnone size-full wp-image-22591\" src=\"http:\/\/balcilar-blog.com\/wp-content\/uploads\/2018\/06\/kalk-gidelim-1.jpg\" alt=\"\" width=\"448\" height=\"321\" srcset=\"https:\/\/balcilar-blog.com\/wp-content\/uploads\/2018\/06\/kalk-gidelim-1.jpg 448w, https:\/\/balcilar-blog.com\/wp-content\/uploads\/2018\/06\/kalk-gidelim-1-300x215.jpg 300w\" sizes=\"auto, (max-width: 448px) 100vw, 448px\" \/><\/p>\n<p>Staff Filmin yap\u0131mc\u0131s\u0131 oldu\u011fu Kalk Gidelim dizisi\u00a0Kas\u0131m ay\u0131nda izleyicisi kar\u015f\u0131s\u0131na \u00e7\u0131kt\u0131 ve oyuncu kadrosunda\u00a0Ufuk \u00d6zkan, Erkan Sever ve Kerem Kupac\u0131 gibi isimler yer al\u0131yor. \u00a0Mustafa Ali gen\u00e7 ya\u015f\u0131nda \u0130stanbul\u2019a gelmi\u015f ve \u00e7ok zengin olmu\u015ftur. Ailesinin kar\u015f\u0131 koymas\u0131na ra\u011fmen \u0130stanbullu sosyetik bir g\u00fczelle evlenmi\u015ftir, \u00fcstelik anne-babas\u0131n\u0131n gelin aday\u0131 Meryem\u2019i g\u00f6z\u00fc ya\u015fl\u0131 ard\u0131nda b\u0131rakarak.<\/p>\n<p>Sevilen dizi 9 Haziran 2018 29.b\u00f6l\u00fcm\u00fcnde sezon finali yapt\u0131 ve eyl\u00fcl yeni sezonda kald\u0131\u011f\u0131 yerden devam edecektir.<\/p>\n<p>&nbsp;<\/p>\n<p>2017 &#8211; 2018 sezonunun favori dizileri. s\u0131n\u0131f\u0131 ge\u00e7enler ve s\u0131n\u0131fta kalanlar\u0131 sizler sundum. Onlar\u0131 da oynad\u0131klar\u0131 kanala g\u00f6re, tek tek durumlar\u0131n\u0131 irdeleyip, final mi yapacaklar, sezon finali mi yap\u0131p 2018 Eyl\u00fcl yeni sezonda devam edecekleri sunmaya \u00e7al\u0131\u015ft\u0131m.<\/p>\n<p>Keyifli Seyirler<\/p>\n<p>Sayg\u0131lar ve sevgiler.<\/p>\n<p>Abdurrahman Balc\u0131lar<\/p>\n<p>Twitter:\u00a0<a href=\"https:\/\/twitter.com\/abbalcilar\">abdurrahman balc\u0131lar<\/a><a href=\"https:\/\/twitter.com\/abbalcilar\"><strong>@abbalcilar<\/strong><\/a><\/p>\n<p>Mail :\u00a0<a href=\"mailto:ab.balcilar@hotmail.com\">ab.balcilar@hotmail.com<\/a><\/p>\n<p>Blog:\u00a0<a href=\"http:\/\/t.co\/znqmIZgIqn\">blog.milliyet.com.tr\/cansever<\/a><\/p>\n<p>Blog:\u00a0<a href=\"http:\/\/balcilar-blog.com\/\">Abdurrahman Balc\u0131lar Blog Sayfas\u0131<\/a><\/p>\n<p>Not: Dizler hakk\u0131nda bilgi kanallar\u0131n ana sayfalar\u0131ndan, g\u00f6rseller internetten al\u0131nm\u0131\u015ft\u0131r.<\/p>\n<p>*\u015eahsi Blog sayfamda ve Milliyet Blog&#8217;da yay\u0131nlanan blog yaz\u0131lar\u0131 b\u00fcy\u00fck bir \u00e7al\u0131\u015fman\u0131n \u00fcr\u00fcn\u00fc olup, izinsiz ya da kaynak g\u00f6stermeden al\u0131nt\u0131 yap\u0131lamaz. Aksi halde kanuni i\u015flem yap\u0131l\u0131r.<\/p>\n","protected":false},"excerpt":{"rendered":"<p>2017 &#8211; 2018\u00a0dizi sezonu Eyl\u00fcl ay\u0131nda ba\u015flam\u0131\u015ft\u0131. Y\u00fcz\u00fcn \u00fcst\u00fcnde dizi ekranlara gelmi\u015f, bir k\u0131sm\u0131 sezon sonunu getiremeden ekranlara veda edip, final yapm\u0131\u015flard\u0131r. Ayakta kalan sezon sonuna getiren dizileri sizlere sunuyorum. Sezon boyunca onlarca dizi reyting kurban\u0131 olmu\u015f, erken final yapmak zorunda kalm\u0131\u015f ve yay\u0131ndan kald\u0131r\u0131lm\u0131\u015ft\u0131r. 2017 &#8211; 2018 dizi sezonun en ba\u015far\u0131l\u0131 dizileri her hafta [&hellip;]<\/p>\n","protected":false},"author":3,"featured_media":22594,"comment_status":"open","ping_status":"open","sticky":false,"template":"","format":"standard","meta":{"footnotes":""},"categories":[2],"tags":[1737,1520,1555,570,1375,1396,1635,1416],"class_list":["post-22564","post","type-post","status-publish","format-standard","has-post-thumbnail","hentry","category-tv-programlari","tag-2018-dizi","tag-bizim-hikaye","tag-cukur","tag-dirilis-ertugrul","tag-istanbullu-gelin","tag-savasci","tag-sen-anlat-karadeniz","tag-soz"],"views":4082,"blog_post_layout_featured_media_urls":{"thumbnail":["https:\/\/balcilar-blog.com\/wp-content\/uploads\/2018\/06\/2018-D\u0130Z\u0130LER\u0130-150x150.jpg",150,150,true],"full":["https:\/\/balcilar-blog.com\/wp-content\/uploads\/2018\/06\/2018-D\u0130Z\u0130LER\u0130.jpg",638,480,false]},"categories_names":{"2":{"name":"TV Programlar\u0131","link":"https:\/\/balcilar-blog.com\/?cat=2"}},"tags_names":{"1737":{"name":"2018 D\u0130Z\u0130","link":"https:\/\/balcilar-blog.com\/?tag=2018-dizi"},"1520":{"name":"Bizim Hikaye","link":"https:\/\/balcilar-blog.com\/?tag=bizim-hikaye"},"1555":{"name":"\u00c7ukur","link":"https:\/\/balcilar-blog.com\/?tag=cukur"},"570":{"name":"dirili\u015f Ertu\u011frul","link":"https:\/\/balcilar-blog.com\/?tag=dirilis-ertugrul"},"1375":{"name":"\u0130stanbullu Gelin","link":"https:\/\/balcilar-blog.com\/?tag=istanbullu-gelin"},"1396":{"name":"Sava\u015f\u00e7\u0131","link":"https:\/\/balcilar-blog.com\/?tag=savasci"},"1635":{"name":"Sen Anlat Karadeniz","link":"https:\/\/balcilar-blog.com\/?tag=sen-anlat-karadeniz"},"1416":{"name":"S\u00f6z","link":"https:\/\/balcilar-blog.com\/?tag=soz"}},"comments_number":"0","wpmagazine_modules_lite_featured_media_urls":{"thumbnail":["https:\/\/balcilar-blog.com\/wp-content\/uploads\/2018\/06\/2018-D\u0130Z\u0130LER\u0130-150x150.jpg",150,150,true],"cvmm-medium":["https:\/\/balcilar-blog.com\/wp-content\/uploads\/2018\/06\/2018-D\u0130Z\u0130LER\u0130.jpg",300,226,false],"cvmm-medium-plus":["https:\/\/balcilar-blog.com\/wp-content\/uploads\/2018\/06\/2018-D\u0130Z\u0130LER\u0130.jpg",275,207,false],"cvmm-portrait":["https:\/\/balcilar-blog.com\/wp-content\/uploads\/2018\/06\/2018-D\u0130Z\u0130LER\u0130.jpg",400,301,false],"cvmm-medium-square":["https:\/\/balcilar-blog.com\/wp-content\/uploads\/2018\/06\/2018-D\u0130Z\u0130LER\u0130.jpg",600,451,false],"cvmm-large":["https:\/\/balcilar-blog.com\/wp-content\/uploads\/2018\/06\/2018-D\u0130Z\u0130LER\u0130.jpg",638,480,false],"cvmm-small":["https:\/\/balcilar-blog.com\/wp-content\/uploads\/2018\/06\/2018-D\u0130Z\u0130LER\u0130.jpg",126,95,false],"full":["https:\/\/balcilar-blog.com\/wp-content\/uploads\/2018\/06\/2018-D\u0130Z\u0130LER\u0130.jpg",638,480,false]},"_links":{"self":[{"href":"https:\/\/balcilar-blog.com\/index.php?rest_route=\/wp\/v2\/posts\/22564","targetHints":{"allow":["GET"]}}],"collection":[{"href":"https:\/\/balcilar-blog.com\/index.php?rest_route=\/wp\/v2\/posts"}],"about":[{"href":"https:\/\/balcilar-blog.com\/index.php?rest_route=\/wp\/v2\/types\/post"}],"author":[{"embeddable":true,"href":"https:\/\/balcilar-blog.com\/index.php?rest_route=\/wp\/v2\/users\/3"}],"replies":[{"embeddable":true,"href":"https:\/\/balcilar-blog.com\/index.php?rest_route=%2Fwp%2Fv2%2Fcomments&post=22564"}],"version-history":[{"count":2,"href":"https:\/\/balcilar-blog.com\/index.php?rest_route=\/wp\/v2\/posts\/22564\/revisions"}],"predecessor-version":[{"id":22595,"href":"https:\/\/balcilar-blog.com\/index.php?rest_route=\/wp\/v2\/posts\/22564\/revisions\/22595"}],"wp:featuredmedia":[{"embeddable":true,"href":"https:\/\/balcilar-blog.com\/index.php?rest_route=\/wp\/v2\/media\/22594"}],"wp:attachment":[{"href":"https:\/\/balcilar-blog.com\/index.php?rest_route=%2Fwp%2Fv2%2Fmedia&parent=22564"}],"wp:term":[{"taxonomy":"category","embeddable":true,"href":"https:\/\/balcilar-blog.com\/index.php?rest_route=%2Fwp%2Fv2%2Fcategories&post=22564"},{"taxonomy":"post_tag","embeddable":true,"href":"https:\/\/balcilar-blog.com\/index.php?rest_route=%2Fwp%2Fv2%2Ftags&post=22564"}],"curies":[{"name":"wp","href":"https:\/\/api.w.org\/{rel}","templated":true}]}}