{"id":22503,"date":"2018-06-12T14:51:02","date_gmt":"2018-06-12T11:51:02","guid":{"rendered":"http:\/\/balcilar-blog.com\/?p=22503"},"modified":"2018-06-12T14:57:26","modified_gmt":"2018-06-12T11:57:26","slug":"gecen-haftanin-04-10-haziran-2018-en-cok-izlenen-dizileri","status":"publish","type":"post","link":"https:\/\/balcilar-blog.com\/?p=22503","title":{"rendered":"Ge\u00e7en Haftan\u0131n (04 &#8211; 10 Haziran 2018) En \u00c7ok \u0130zlenen Dizileri!"},"content":{"rendered":"<div class=\"ic\">\n<div class=\"o-a\">\n<div class=\"icerik\"><\/div>\n<\/div>\n<\/div>\n<div class=\"ustk\">\n<div class=\"baslik\">\n<p><img loading=\"lazy\" decoding=\"async\" class=\"alignnone size-full wp-image-22534\" src=\"http:\/\/balcilar-blog.com\/wp-content\/uploads\/2018\/06\/KAPAK-12-HAZ\u0130RAN.jpg\" alt=\"\" width=\"640\" height=\"320\" srcset=\"https:\/\/balcilar-blog.com\/wp-content\/uploads\/2018\/06\/KAPAK-12-HAZ\u0130RAN.jpg 640w, https:\/\/balcilar-blog.com\/wp-content\/uploads\/2018\/06\/KAPAK-12-HAZ\u0130RAN-300x150.jpg 300w\" sizes=\"auto, (max-width: 640px) 100vw, 640px\" \/><\/p>\n<p>TNS \u00f6l\u00e7\u00fcmlerine g\u00f6re haz\u0131rlad\u0131\u011f\u0131m\u00a0\u00a004 &#8211; 10 Haziran 2018\u00a0Tarihleri aras\u0131nda en \u00e7ok seyredilen alt\u0131 Ulusal kanallar\u0131m\u0131zda ekranlar\u0131m\u0131za gelen 24 dizi aras\u0131nda, Total\u2019de ve AB\u2019de ilk ona giren, \u00d6ne \u00e7\u0131kan dizilerin, haftan\u0131n dizi karnesini a\u015fa\u011f\u0131da bilgilerinize sunuyorum.<\/p>\n<p><strong>GE\u00c7EN HAFTA G\u00d6STER\u0130MDEK\u0130 D\u0130Z\u0130LER :<\/strong><\/p>\n<p>\u00c7ukur (Show), S\u00f6z (Star), Yasak Elma (Fox), Kad\u0131n (Fox), E\u015fk\u0131ya D\u00fcnyaya H\u00fck\u00fcmdar Olmaz (Atv), Ufak Tefek Cinayetler (Star), Sen Anlat Karadeniz (Atv), Dirili\u015f Ertu\u011frul (TRT1), Bizim Hikaye (Fox), Avlu (Star), Mehmetcik Kut\u2019\u00fcl Amare (TRT1), Vatan\u0131m Senin (Kanal D), Kocaman Ailem (Atv),\u00a0 Arka Sokaklar (Kanal D), A\u015fk ve Mavi (Atv), Payitaht Abd\u00fclhamid (TRT1), \u0130stanbullu Gelin (Star), \u015eahsiyet (Puhu Tv), Yeni Gelin (Show), Fazilet Han\u0131m ve K\u0131zlar\u0131 (Star), Kalk Gidelim (TRT1),\u00a0 Sava\u015f\u00e7\u0131 (Fox), \u00c7ocuklar Duymas\u0131n (Kanal D) ve Jet Sosyete (Star) dizilerinin yeni b\u00f6l\u00fcmleri yay\u0131nland\u0131.<\/p>\n<p><strong>HAFTANIN D\u0130Z\u0130LER\u0130NDE ;<\/strong><\/p>\n<p><strong>Total\u2019in ilk s\u0131ras\u0131nda bu hafta<\/strong> ge\u00e7en hafta oldu\u011fu gibi \u201cSen Anlat Karadeniz\u201d dizisi birinci s\u0131rada. Total\u2019de 11,96 reyting puan\u0131 ile bu hafta ilk s\u0131rada yer al\u0131yor. Total\u2019in 10.s\u0131ras\u0131nda Fox Tv\u2019nin dizisi \u2018Bizim Hikaye\u201d bu hafta 37.b\u00f6l\u00fcmde ald\u0131\u011f\u0131 5,44 puanla yer ald\u0131.<\/p>\n<p><strong>AB\u2019nin ilk s\u0131ras\u0131nda;<\/strong>\u00a0 Bu hafta \u201cDirili\u015f Ertu\u011frul\u201d 121.b\u00f6l\u00fcm\u00fcnde ald\u0131\u011f\u0131 11,46 reyting puan\u0131 ile AB\u2019nin birinci s\u0131rada bu hafta da yer al\u0131yor. Star Tv\u2019nin \u201cE\u015fk\u0131ya D\u00fcnyaya H\u00fck\u00fcmdar Olamaz\u201d dizisi AB\u2019de ald\u0131\u011f\u0131 6,02 puanla 10.s\u0131rada bu yer al\u0131yor.<\/p>\n<p>&nbsp;<\/p>\n<p><strong>BU HAFTA EN \u00c7OK \u0130ZLENEN \u0130LK ONA G\u0130REN D\u0130Z\u0130LER\u0130 G\u00d6Z ATALIM!<\/strong><\/p>\n<p>Bu s\u0131ralama sadece dizilerin reytingler y\u00fczdesine g\u00f6re en \u00e7ok izlenen dizilerin ilk 10\u2019da yer alanlar\u0131n\u0131 s\u0131ralamaya koyuyorum. Yar\u0131\u015fma, e\u011flence ve haber programlar\u0131 y\u00fczdeleri y\u00fcksek olsa da bu s\u0131ralamaya koymuyorum. Bu sadece dizilerin yar\u0131\u015f\u0131d\u0131r, en \u00e7ok izlenen dizilerin s\u0131ralamas\u0131d\u0131r. Bir nevi dizilerin karnesidir.<\/p>\n<p>&nbsp;<\/p>\n<p><strong>GE\u00c7EN HAFTA EN \u00c7OK \u0130ZLENEN D\u0130Z\u0130LER\u0130NDE:<\/strong><\/p>\n<p><strong>Total ilk 10 :<\/strong><\/p>\n<p>1.Sen Anlat Karadeniz (Atv) 20.B\u00f6l\u00fcm\u2026\u2026\u2026\u2026\u2026\u2026\u2026\u2026\u2026&#8230;.11,96 &#8211; 29,95<\/p>\n<p>2.Kad\u0131n 32.B\u00f6l\u00fcm (Fox Tv)\u2026\u2026\u2026\u2026\u2026\u2026\u2026\u2026\u2026\u2026\u2026\u2026\u2026\u2026&#8230;&#8230;10,53 &#8211; 28,29<\/p>\n<p>3.Dirili\u015f Ertu\u011frul (TRT1) 121.B\u00f6l\u00fcm\u2026\u2026\u2026\u2026\u2026\u2026\u2026\u2026\u2026&#8230;&#8230;..9,69 &#8211; 24,21<\/p>\n<p>4.S\u00f6z 49.B\u00f6l\u00fcm (Star Tv)\u2026\u2026\u2026\u2026\u2026\u2026\u2026\u2026\u2026\u2026\u2026\u2026\u2026\u2026\u2026&#8230;&#8230;7,64 &#8211; 20,08<\/p>\n<p>5.Avlu 11.B\u00f6l\u00fcm (Star Tv)\u2026\u2026\u2026\u2026\u2026\u2026\u2026\u2026\u2026\u2026\u2026\u2026\u2026\u2026\u2026&#8230;&#8230;6,63 &#8211; 18,61<\/p>\n<p>6.Yasak Elma 12.B\u00f6l\u00fcm (Fox Tv)\u2026\u2026\u2026\u2026\u2026\u2026\u2026\u2026\u2026\u2026\u2026\u2026&#8230;.6,53 &#8211; 17,21<\/p>\n<p>7.Arka Sokaklar 484.B\u00f6l\u00fcm (Kanal D)\u2026\u2026\u2026\u2026\u2026\u2026\u2026\u2026\u2026&#8230;.5,88 &#8211; 17,27<\/p>\n<p>8.\u00c7ukur 32.B\u00f6l\u00fcm (Show Tv)\u2026\u2026\u2026\u2026\u2026\u2026\u2026\u2026\u2026\u2026\u2026\u2026\u2026\u2026&#8230;5,85 &#8211; 15,42<\/p>\n<p>9.E\u015fk\u0131ya D\u00fcnyaya H\u00fck\u00fcmdar Olmaz 106.B\u00f6l\u00fcm (Atv)\u2026..5,49 &#8211; 14,54<\/p>\n<p>10.Bizim Hikaye 37.B\u00f6l\u00fcm (Fox)\u2026\u2026\u2026\u2026\u2026\u2026\u2026\u2026\u2026\u2026\u2026\u2026&#8230;.5,44 &#8211; 15,21<\/p>\n<p>&nbsp;<\/p>\n<p><strong>AB\u2019de ilk 10 :<\/strong><\/p>\n<p>1.Dirili\u015f Ertu\u011frul (TRT1) 121.B\u00f6l\u00fcm\u2026\u2026\u2026\u2026\u2026\u2026\u2026\u2026\u2026\u2026..11,46 &#8211; 28,12<\/p>\n<p>2.Kad\u0131n 32.B\u00f6l\u00fcm (Fox Tv)\u2026\u2026\u2026\u2026\u2026\u2026\u2026\u2026\u2026\u2026\u2026\u2026\u2026\u2026\u202611,02 &#8211; 26,96<\/p>\n<p>3.\u0130stanbullu Gelin 53.B\u00f6l\u00fcm (Star Tv)\u2026\u2026\u2026\u2026\u2026\u2026\u2026\u2026\u2026&#8230;7,53 &#8211; 21,37<\/p>\n<p>4.Ufak Tefek Cinayetler 32.B\u00f6l\u00fcm (Star Tv)\u2026\u2026\u2026\u2026\u2026\u2026..7,42 &#8211; 18,22<\/p>\n<p>5.Sen Anlat Karadeniz 20.B\u00f6l\u00fcm (Atv)\u2026\u2026\u2026\u2026\u2026\u2026\u2026\u2026\u2026.7,39 &#8211; 18,18<\/p>\n<p>6.\u00c7ukur 32.B\u00f6l\u00fcm (Show Tv)\u2026\u2026\u2026\u2026\u2026\u2026\u2026\u2026\u2026\u2026\u2026\u2026\u2026\u2026..7,13 &#8211; 18,59<\/p>\n<p>7.Avlu 11.B\u00f6l\u00fcm (Star Tv)\u2026\u2026\u2026\u2026\u2026\u2026\u2026\u2026\u2026\u2026\u2026\u2026\u2026\u2026\u2026&#8230;..6,54 &#8211; 18,15<\/p>\n<p>8.Yasak Elma 12.B\u00f6l\u00fcm (Fox Tv)\u2026\u2026\u2026\u2026\u2026\u2026\u2026\u2026\u2026\u2026\u2026\u2026.6,50 &#8211; 16,95<\/p>\n<p>9.S\u00f6z 49.B\u00f6l\u00fcm (Star Tv)\u2026\u2026\u2026\u2026\u2026\u2026\u2026\u2026\u2026\u2026\u2026\u2026\u2026\u2026\u2026\u2026..6,13 &#8211; 15,93<\/p>\n<p>10.E\u015fk\u0131ya D\u00fcnyaya H\u00fck\u00fcmdar Olmaz 106.B\u00f6l\u00fcm (Atv)&#8230;6,02 &#8211; 14,71<\/p>\n<p>&nbsp;<\/p>\n<p><strong>TOTAL ve AB Grubunda reytingleri en y\u00fcksek olan Haftan\u0131n ilk 5 s\u0131ralamas\u0131 :<\/strong><\/p>\n<p><strong>1.SEN ANLAT KARADEN\u0130Z<\/strong> :\u00a0Atv\u2019nin sevilen iddial\u0131 dizisi\u00a0 bu hafta da 20.b\u00f6l\u00fcm\u00fc ile haftan\u0131n dizileri aras\u0131nda Total\u2019de ald\u0131\u011f\u0131 11,96 puanla birinci s\u0131radaki liderli\u011fini s\u00fcrd\u00fcrd\u00fcr\u00fcyor.<\/p>\n<p>&nbsp;<\/p>\n<p><strong>Vedat\u2019\u0131n da\u00a0Nefes\u2019i ihbar etmesi an meselesidir.<\/strong><\/p>\n<p><img loading=\"lazy\" decoding=\"async\" class=\"alignnone size-full wp-image-22530\" src=\"http:\/\/balcilar-blog.com\/wp-content\/uploads\/2018\/06\/sen-anlat-20-bolum-fo.jpg\" alt=\"\" width=\"640\" height=\"360\" srcset=\"https:\/\/balcilar-blog.com\/wp-content\/uploads\/2018\/06\/sen-anlat-20-bolum-fo.jpg 640w, https:\/\/balcilar-blog.com\/wp-content\/uploads\/2018\/06\/sen-anlat-20-bolum-fo-300x169.jpg 300w\" sizes=\"auto, (max-width: 640px) 100vw, 640px\" \/><\/p>\n<p>Geri d\u00f6n\u00fc\u015f\u00fc olmayan yola girilmi\u015ftir bir kere.\u00a0Tahir, can\u0131n\u0131 hi\u00e7e say\u0131p itiraf\u0131 Mithat&#8217;a vermi\u015ftir. Vedat&#8217;\u0131n da\u00a0Nefes&#8217;i ihbar etmesi an meselesidir art\u0131k.\u00a0Tahir&#8217;in,\u00a0Nefes\u00a0ve \u00e7ocuklarla olabilmesinin tek yolu kalm\u0131\u015ft\u0131r. Karadeniz&#8217;den gitmek\u2026\u00a0Tahir&#8217;in deli hamlesi, Kaleli Kona\u011f\u0131&#8217;na kor gibi d\u00fc\u015fm\u00fc\u015ft\u00fcr.\u00a0Tahir&#8217;in, kendisine haber vermeden, hayat\u0131n\u0131 sonsuza kadar de\u011fi\u015ftirecek kararlar almas\u0131na sinirlenen\u00a0Nefes\u00a0bir yanda, ailesi da\u011f\u0131lmas\u0131n diye her fedakarl\u0131\u011f\u0131 yapan Mustafa di\u011fer yanda Tahir&#8217;e kar\u015f\u0131 \u00e7\u0131karlar. Onu destekleyen tek ki\u015fi, Nazar konusunda hala can\u0131 ac\u0131yan Murat&#8217;tan ba\u015fkas\u0131 de\u011fildir. Velayet zaferinin keyfini s\u00fcren Vedat, Kalelilere ikinci darbeyi indirmek i\u00e7in Nazar&#8217;la evlilik haz\u0131rl\u0131\u011f\u0131ndad\u0131r.<\/p>\n<p><img loading=\"lazy\" decoding=\"async\" class=\"alignnone size-full wp-image-22531\" src=\"http:\/\/balcilar-blog.com\/wp-content\/uploads\/2018\/06\/sen-anlat-20.bl_.jpg\" alt=\"\" width=\"640\" height=\"360\" srcset=\"https:\/\/balcilar-blog.com\/wp-content\/uploads\/2018\/06\/sen-anlat-20.bl_.jpg 640w, https:\/\/balcilar-blog.com\/wp-content\/uploads\/2018\/06\/sen-anlat-20.bl_-300x169.jpg 300w\" sizes=\"auto, (max-width: 640px) 100vw, 640px\" \/><\/p>\n<p>Bilmedi\u011fi \u015feyse mutluluk dakikalar\u0131n\u0131n say\u0131l\u0131 oldu\u011fudur, herkes i\u00e7in son ba\u015flam\u0131\u015ft\u0131r art\u0131k. Kaybedecek hi\u00e7bir \u015feyi kalmayan Vedat&#8217;\u0131n \u00f6fkesi kimleri yakacakt\u0131r? Tahir ve\u00a0Nefes, Karadeniz&#8217;den sonsuza kadar kopacaklar m\u0131d\u0131r?<\/p>\n<p>&nbsp;<\/p>\n<p><strong>2.D\u0130R\u0130L\u0130\u015e ERTU\u011eRUL\u00a0<\/strong>: Engin Altan D\u00fczyatan\u2019\u0131n sevilen dizisi Dirili\u015f Ertu\u011frul 2.S\u0131radaki yerini korumu\u015ftur..s\u0131raya gerilemi\u015ftir.\u00a0 121.B\u00f6l\u00fcm\u00fcnde AB\u2019de 11,46 puan alm\u0131\u015ft\u0131r.<\/p>\n<p><img loading=\"lazy\" decoding=\"async\" class=\"size-full wp-image-22532\" src=\"http:\/\/balcilar-blog.com\/wp-content\/uploads\/2018\/06\/dirilis-ertu\u011frul-121-bl..jpg\" alt=\"\" width=\"640\" height=\"319\" srcset=\"https:\/\/balcilar-blog.com\/wp-content\/uploads\/2018\/06\/dirilis-ertu\u011frul-121-bl..jpg 640w, https:\/\/balcilar-blog.com\/wp-content\/uploads\/2018\/06\/dirilis-ertu\u011frul-121-bl.-300x150.jpg 300w\" sizes=\"auto, (max-width: 640px) 100vw, 640px\" \/><\/p>\n<p>Ertu\u011frul Bey, \u00d6geday Han\u2019a tabi olmay\u0131 kabul etmi\u015f ve \u00d6geday, beklenmedik bir \u015fekilde Ertu\u011frul\u2019dan Sel\u00e7uklu\u2019nun sultan\u0131 olmas\u0131n\u0131 istemi\u015fti. Alm\u0131la ise Hayme\u2019nin g\u00f6z\u00fcnde iyice yer edinmi\u015f ve art\u0131k obaya yerle\u015fmi\u015fti. Mo\u011fol kararg\u00e2h\u0131nda ise \u00d6geday Han\u2019\u0131n beklenmedik bir \u015fekilde \u00f6l\u00fcm\u00fc herkesi sarsm\u0131\u015ft\u0131. Ertu\u011frul, bunun \u00fczerine gelen tehlikeyi sezmi\u015f ve kararg\u00e2htan ka\u00e7m\u0131\u015ft\u0131. B\u00f6ylece Ertu\u011frul ve onun pe\u015fine d\u00fc\u015fen Noyan aras\u0131nda amans\u0131z bir kovalamaca ba\u015flam\u0131\u015ft\u0131. G\u00fcnalp ise Mo\u011fol casuslar\u0131n\u0131 yakalam\u0131\u015f ve konu\u015fturmay\u0131 ba\u015farm\u0131\u015ft\u0131. Turgut ve Bams\u0131, Alm\u0131la\u2019n\u0131n asl\u0131nda Noyan\u2019\u0131n karde\u015fi Alangoya oldu\u011funu \u00f6\u011frenmi\u015f ve bunu Ertu\u011frul\u2019a s\u00f6ylemi\u015flerdi. Bunun \u00fczerine hep birlikte d\u00f6rtnala Kay\u0131 Obas\u0131\u2019na do\u011fru yola koyulmu\u015flard\u0131\u2026<\/p>\n<p><img loading=\"lazy\" decoding=\"async\" class=\"alignnone size-full wp-image-22526\" src=\"http:\/\/balcilar-blog.com\/wp-content\/uploads\/2018\/06\/3b374c6b0-1-121.jpg\" alt=\"\" width=\"640\" height=\"300\" srcset=\"https:\/\/balcilar-blog.com\/wp-content\/uploads\/2018\/06\/3b374c6b0-1-121.jpg 640w, https:\/\/balcilar-blog.com\/wp-content\/uploads\/2018\/06\/3b374c6b0-1-121-300x141.jpg 300w\" sizes=\"auto, (max-width: 640px) 100vw, 640px\" \/><br \/>\nErtu\u011frul ve alplar, Noyan\u2019dan yakas\u0131n\u0131 kurtar\u0131p sa\u011f salim Kay\u0131 Obas\u0131\u2019na gelebilecekler mi? Osman\u2019\u0131 \u00f6ld\u00fcrmek i\u00e7in harekete ge\u00e7en Alm\u0131la, Osman\u2019a zarar vermeden Ertu\u011frul ve alplar onun cezas\u0131n\u0131 kesmeyi ba\u015farabilecekler mi? \u00d6geday\u2019\u0131n \u00f6l\u00fcm\u00fcnden sonra Noyan nas\u0131l bir hamle yapacak?<\/p>\n<p>&nbsp;<\/p>\n<p><strong>3.KADIN\u00a0<\/strong>:\u00a0Fox Tv\u2019nin ilgi \u00e7eken dizisi Kad\u0131n, bu hafta AB\u2019de ald\u0131\u011f\u0131 11,02 reyting puan\u0131 ile haftan\u0131n dizileri aras\u0131nda 3.s\u0131rada yer al\u0131yor.<\/p>\n<p><img loading=\"lazy\" decoding=\"async\" class=\"alignnone size-full wp-image-22533\" src=\"http:\/\/balcilar-blog.com\/wp-content\/uploads\/2018\/06\/Kadin-32.-bl..jpg\" alt=\"\" width=\"640\" height=\"360\" srcset=\"https:\/\/balcilar-blog.com\/wp-content\/uploads\/2018\/06\/Kadin-32.-bl..jpg 640w, https:\/\/balcilar-blog.com\/wp-content\/uploads\/2018\/06\/Kadin-32.-bl.-300x169.jpg 300w\" sizes=\"auto, (max-width: 640px) 100vw, 640px\" \/><\/p>\n<p>Enver\u2019in hastaneye kald\u0131r\u0131ld\u0131\u011f\u0131n\u0131 \u00f6\u011frenen Bahar b\u00fcy\u00fck bir pani\u011fe kap\u0131l\u0131r. Sarp ile kar\u015f\u0131la\u015fan Hatice ise b\u00fct\u00fcn su\u00e7un Sarp\u2019ta oldu\u011funu d\u00fc\u015f\u00fcnmektedir. Bahar, Arif\u2019in itiraf\u0131ndan sonra ona daha yak\u0131n davranmaya ba\u015flar. Arif\u2019in ise Bahar\u2019a olan sevgisi ise her ge\u00e7en g\u00fcn daha da artmaktad\u0131r. \u015eirin babas\u0131n\u0131n ba\u015f\u0131na gelenlerden dolay\u0131 kendini su\u00e7lar. Sarp\u2019\u0131 kaybetmekten korkan P\u0131r\u0131l, t\u00fcm olanlardan sonra Sarp\u2019\u0131 tekrar Amerika\u2019ya gitmek i\u00e7in ikna etmeye \u00e7al\u0131\u015f\u0131r. Sarp\u2019\u0131 ise b\u00fcy\u00fck bir s\u00fcrpriz beklemektedir&#8230;<\/p>\n<p>&nbsp;<\/p>\n<p><strong>4.S\u00d6Z<\/strong>\u00a0: Star Tv\u2019nin iddial\u0131 dizisi S\u00f6z bu hafta 48.b\u00f6l\u00fcm\u00fcnde AB\u2019de ald\u0131\u011f\u0131 7,64 reyting puan\u0131 ile haftan\u0131n dizileri aras\u0131nda 4.s\u0131rada yer al\u0131yor.<\/p>\n<p><img loading=\"lazy\" decoding=\"async\" class=\"alignnone size-full wp-image-22528\" src=\"http:\/\/balcilar-blog.com\/wp-content\/uploads\/2018\/06\/78641-49.jpg\" alt=\"\" width=\"640\" height=\"428\" srcset=\"https:\/\/balcilar-blog.com\/wp-content\/uploads\/2018\/06\/78641-49.jpg 640w, https:\/\/balcilar-blog.com\/wp-content\/uploads\/2018\/06\/78641-49-300x201.jpg 300w\" sizes=\"auto, (max-width: 640px) 100vw, 640px\" \/><\/p>\n<p>Ter\u00f6r eylemini engellemek i\u00e7in Tim\u2019in birka\u00e7 saati var&#8230;<br \/>\nTorpidonun f\u0131rlat\u0131lmas\u0131yla \u00f6l\u00fcmle burun buruna gelen Bahar, Su, Nazl\u0131 ve G\u00fcler\u2019i kurtarmak i\u00e7in Tim\u2019in sadece birka\u00e7 saati vard\u0131r. Aksi bir durumda geminin imha edilmesi gerekti\u011fi i\u00e7in bu durum onlar\u0131n sonu olacakt\u0131r.<\/p>\n<p>Art\u0131k sadece Derman\u2019\u0131n kontrol\u00fcnde olan b\u00fcy\u00fck ter\u00f6r eyleminin \u015fehirlerdeki yap\u0131lanmas\u0131n\u0131 \u00e7\u00f6kertmek i\u00e7in Ata\u015fe\u2019den edinilen bilgiyle Eylem, Avc\u0131 ve A\u015f\u0131k harekete ge\u00e7erken, Tim\u2019in kalan\u0131 da Erdem \u00f6nderli\u011finde ortak bir operasyonla \u00fclke sular\u0131nda seyreden bomba y\u00fckl\u00fc gemiye \u00e7\u0131kartma yapar.<\/p>\n<p><img loading=\"lazy\" decoding=\"async\" class=\"alignnone size-full wp-image-22527\" src=\"http:\/\/balcilar-blog.com\/wp-content\/uploads\/2018\/06\/78640-s\u00f6z-49.jpg\" alt=\"\" width=\"640\" height=\"426\" srcset=\"https:\/\/balcilar-blog.com\/wp-content\/uploads\/2018\/06\/78640-s\u00f6z-49.jpg 640w, https:\/\/balcilar-blog.com\/wp-content\/uploads\/2018\/06\/78640-s\u00f6z-49-300x200.jpg 300w\" sizes=\"auto, (max-width: 640px) 100vw, 640px\" \/><\/p>\n<p>Derman, b\u00fcy\u00fck ter\u00f6r eylemini ger\u00e7ekle\u015ftirmek i\u00e7in art\u0131k son dakikalara girdi\u011finde hem milyonlarca vatanda\u015f\u0131m\u0131z\u0131n hayat\u0131 hem de Bahar, Su, Nazl\u0131 ve G\u00fcler\u2019in hayat\u0131 Tim\u2019in ba\u015far\u0131l\u0131 olmas\u0131na ba\u011fl\u0131d\u0131r.<\/p>\n<p>&nbsp;<\/p>\n<p><strong>5.\u0130STANBULLU GEL\u0130N<\/strong> : Star Tv&#8217;nin sevilen dizisi \u0130stanbullu Gelin&#8217;in 53.b\u00f6l\u00fcm\u00fcnde AB&#8217;de ald\u0131\u011f\u0131 7,53 puanla 5.s\u0131rada yer al\u0131yor.<\/p>\n<p><img loading=\"lazy\" decoding=\"async\" class=\"alignnone size-full wp-image-22529\" src=\"http:\/\/balcilar-blog.com\/wp-content\/uploads\/2018\/06\/78675-ist-geln.jpg\" alt=\"\" width=\"640\" height=\"427\" srcset=\"https:\/\/balcilar-blog.com\/wp-content\/uploads\/2018\/06\/78675-ist-geln.jpg 640w, https:\/\/balcilar-blog.com\/wp-content\/uploads\/2018\/06\/78675-ist-geln-300x200.jpg 300w\" sizes=\"auto, (max-width: 640px) 100vw, 640px\" \/><\/p>\n<p>Boranlar\u2019\u0131 zor g\u00fcnler bekliyor!<br \/>\nFikret u\u00e7a\u011f\u0131n korgo b\u00f6l\u00fcm\u00fcnde bulunan uyu\u015fturucu nedeniyle tutuklan\u0131r. Bu durum Boran \u015eirketler grubunun hisse kaybetmesine sebep olmaktad\u0131r. Faruk detayl\u0131 bir ara\u015ft\u0131rma ile komployu yapan\u0131 bulmaya \u00e7al\u0131\u015fmaktad\u0131r. Adem ise Fikret\u2019e kar\u015f\u0131 oynamaya devam etmektedir. S\u00fcreyya\u2019n\u0131n kanamas\u0131n\u0131n olmas\u0131 ise Boranlar\u2019a bir \u015fok daha ya\u015fatacakt\u0131r. Faruk, \u0130pek\u2019in deste\u011fi ile komployu yapan\u0131n Adem oldu\u011funu \u00f6\u011frenir ve \u00f6nemli bir karar vererek Adem\u2019in kar\u015f\u0131s\u0131na bir se\u00e7imle \u00e7\u0131kar.<\/p>\n<p>&nbsp;<\/p>\n<p><strong>HER \u0130K\u0130 GRUPTA \u0130LK BE\u015eTE YER ALAN D\u0130Z\u0130LER:<\/strong><\/p>\n<p>Bu hafta sadece 8 dizi her iki kategoride yer alabilmi\u015ftir. \u00c7ukur (Show Tv), S\u00f6z (Star), Yasak Elma (Fox) Kad\u0131n (Fox),\u00a0 E\u015fk\u0131ya D\u00fcnyaya H\u00fck\u00fcmdar Olmaz (Atv) Dirili\u015f Ertu\u011frul (TRT1), Sen Anlat Karadeniz (Atv) ve Avlu (Star) her iki grupta yer alan diziler olmu\u015ftur.<\/p>\n<p>&nbsp;<\/p>\n<p><strong>KANALLARA G\u00d6RE SIRALAMAYA G\u00d6Z ATARSAK:<\/strong><\/p>\n<p><strong>Total grubunda ilk on<\/strong>:\u00a0Fox\u00a0 Tv 3 dizi.\u00a0 Atv ve Star tv 2\u2019er dizi. TRT1, Show Tv ve Kanal D birer dizi ile yer alm\u0131\u015ft\u0131r.<\/p>\n<p><strong>AB\u2019de ilk on:<\/strong>\u00a0Star Tv\u00a0 4 dizi. Atv\u00a0 ve Fox Tv\u00a0 2 dizi. TRT1 ve Show Tv birer dizi yer alm\u0131\u015ft\u0131r.<\/p>\n<p><strong>Bu haftan\u0131n kanal\u0131; Star Tv<\/strong> Total\u2019de 2 ve AB\u2019de 4 dizi ile bu hafta da haftan\u0131n kanal\u0131 olmu\u015ftur.<\/p>\n<p>&nbsp;<\/p>\n<p><strong>GE\u00c7EN HAFTA D\u0130Z\u0130LERDE SEZON F\u0130NAL\u0130 YA\u011eMURU YA\u015eANDI<\/strong><\/p>\n<p>Yasak Elma &#8211; Fox Tv (12.B\u00f6l\u00fcm). Kad\u0131n &#8211; Fox Tv (32.B\u00f6l\u00fcm). Ufak Tefek Cinayetler &#8211; Star Tv\u00a0 (32.B\u00f6l\u00fcm). Dirili\u015f Ertu\u011frul &#8211; TRT1 (12.B\u00f6l\u00fcm).\u00a0 Avlu &#8211; Star (11.B\u00f6l\u00fcm). Bizim Hikaye &#8211; Fox Tv (37.B\u00f6l\u00fcm). Mehmet\u00e7ik &#8211; TRT1 (19.B\u00f6l\u00fcm). A\u015fk ve Mavi &#8211; Atv (69.B\u00f6l\u00fcm). Payityaht Abd\u00fclhamid &#8211; TRT1 (54.B\u00f6l\u00fcm). Yeni Gelin &#8211; Show Tv. (53.B\u00f6l\u00fcm). Kalk Gidelim &#8211; TRT1 (29.B\u00f6l\u00fcm). Sava\u015f\u00e7\u0131 &#8211; Fox Tv (48.B\u00f6l\u00fcm). \u00c7ocuklar Duymas\u0131n &#8211; Kanal D (44.B\u00f6l\u00fcm). Jet Sosyete &#8211; Star Tv. (15.B\u00f6l\u00fcm) sezon finali yapan diziler. Sadece Star Tv&#8217;nin Fazilet Han\u0131m ve K\u0131zlar\u0131 50.b\u00f6l\u00fcm\u00fcnde kesin final yaparak ekranlara veda etmi\u015ftir.<\/p>\n<p>\u00d6n\u00fcm\u00fczdeki g\u00fcnlerde bo\u015falan yerlere yaz dizileri gelecek, yada eski dizilerin b\u00f6l\u00fcm tekrarlar\u0131 gelecektir.<\/p>\n<p>Keyifli Seyirler.<\/p>\n<p>Sayg\u0131lar ve sevgiler.<\/p>\n<p>Abdurrahman Balc\u0131lar<\/p>\n<p>Twitter : <a href=\"https:\/\/twitter.com\/abbalcilar\">abdurrahman balc\u0131lar<\/a><a href=\"https:\/\/twitter.com\/abbalcilar\"><strong>@abbalcilar<\/strong><\/a><\/p>\n<p>Mail :\u00a0<a href=\"mailto:ab.balcilar@hotmail.com\">ab.balcilar@hotmail.com<\/a><\/p>\n<p>Blog:\u00a0<a href=\"http:\/\/t.co\/znqmIZgIqn\">blog.milliyet.com.tr\/cansever<\/a><\/p>\n<p>\u015eahsi Blog:\u00a0<a href=\"http:\/\/balcilar-blog.com\/\">Abdurrahman Balc\u0131lar Blog Sayfas\u0131<\/a><\/p>\n<p><strong>\u00a0<\/strong><\/p>\n<p><strong>*\u015eahsi Blog sayfamda ve Milliyet Blog\u2019da yay\u0131nlanan blog yaz\u0131lar\u0131 b\u00fcy\u00fck bir \u00e7al\u0131\u015fman\u0131n \u00fcr\u00fcn\u00fc olup, izinsiz ya da kaynak g\u00f6stermeden al\u0131nt\u0131 yap\u0131lamaz. Aksi halde kanuni i\u015flem yap\u0131l\u0131r.<\/strong><\/p>\n<\/div>\n<\/div>\n","protected":false},"excerpt":{"rendered":"<p>TNS \u00f6l\u00e7\u00fcmlerine g\u00f6re haz\u0131rlad\u0131\u011f\u0131m\u00a0\u00a004 &#8211; 10 Haziran 2018\u00a0Tarihleri aras\u0131nda en \u00e7ok seyredilen alt\u0131 Ulusal kanallar\u0131m\u0131zda ekranlar\u0131m\u0131za gelen 24 dizi aras\u0131nda, Total\u2019de ve AB\u2019de ilk ona giren, \u00d6ne \u00e7\u0131kan dizilerin, haftan\u0131n dizi karnesini a\u015fa\u011f\u0131da bilgilerinize sunuyorum. GE\u00c7EN HAFTA G\u00d6STER\u0130MDEK\u0130 D\u0130Z\u0130LER : \u00c7ukur (Show), S\u00f6z (Star), Yasak Elma (Fox), Kad\u0131n (Fox), E\u015fk\u0131ya D\u00fcnyaya H\u00fck\u00fcmdar Olmaz (Atv), Ufak [&hellip;]<\/p>\n","protected":false},"author":3,"featured_media":22534,"comment_status":"open","ping_status":"open","sticky":false,"template":"","format":"standard","meta":{"footnotes":""},"categories":[2],"tags":[570,1375,1656,375,1635,1416,1657,530],"class_list":["post-22503","post","type-post","status-publish","format-standard","has-post-thumbnail","hentry","category-tv-programlari","tag-dirilis-ertugrul","tag-istanbullu-gelin","tag-kadin","tag-reytingler","tag-sen-anlat-karadeniz","tag-soz","tag-tns-olcmleri","tag-tns-olcumleri"],"views":2759,"blog_post_layout_featured_media_urls":{"thumbnail":["https:\/\/balcilar-blog.com\/wp-content\/uploads\/2018\/06\/KAPAK-12-HAZ\u0130RAN-150x150.jpg",150,150,true],"full":["https:\/\/balcilar-blog.com\/wp-content\/uploads\/2018\/06\/KAPAK-12-HAZ\u0130RAN.jpg",640,320,false]},"categories_names":{"2":{"name":"TV Programlar\u0131","link":"https:\/\/balcilar-blog.com\/?cat=2"}},"tags_names":{"570":{"name":"dirili\u015f Ertu\u011frul","link":"https:\/\/balcilar-blog.com\/?tag=dirilis-ertugrul"},"1375":{"name":"\u0130stanbullu Gelin","link":"https:\/\/balcilar-blog.com\/?tag=istanbullu-gelin"},"1656":{"name":"Kad\u0131n","link":"https:\/\/balcilar-blog.com\/?tag=kadin"},"375":{"name":"Reytingler","link":"https:\/\/balcilar-blog.com\/?tag=reytingler"},"1635":{"name":"Sen Anlat Karadeniz","link":"https:\/\/balcilar-blog.com\/?tag=sen-anlat-karadeniz"},"1416":{"name":"S\u00f6z","link":"https:\/\/balcilar-blog.com\/?tag=soz"},"1657":{"name":"TNS \u00d6l\u00e7mleri","link":"https:\/\/balcilar-blog.com\/?tag=tns-olcmleri"},"530":{"name":"TNS \u00f6l\u00e7\u00fcmleri","link":"https:\/\/balcilar-blog.com\/?tag=tns-olcumleri"}},"comments_number":"0","wpmagazine_modules_lite_featured_media_urls":{"thumbnail":["https:\/\/balcilar-blog.com\/wp-content\/uploads\/2018\/06\/KAPAK-12-HAZ\u0130RAN-150x150.jpg",150,150,true],"cvmm-medium":["https:\/\/balcilar-blog.com\/wp-content\/uploads\/2018\/06\/KAPAK-12-HAZ\u0130RAN.jpg",300,150,false],"cvmm-medium-plus":["https:\/\/balcilar-blog.com\/wp-content\/uploads\/2018\/06\/KAPAK-12-HAZ\u0130RAN.jpg",305,153,false],"cvmm-portrait":["https:\/\/balcilar-blog.com\/wp-content\/uploads\/2018\/06\/KAPAK-12-HAZ\u0130RAN.jpg",400,200,false],"cvmm-medium-square":["https:\/\/balcilar-blog.com\/wp-content\/uploads\/2018\/06\/KAPAK-12-HAZ\u0130RAN.jpg",600,300,false],"cvmm-large":["https:\/\/balcilar-blog.com\/wp-content\/uploads\/2018\/06\/KAPAK-12-HAZ\u0130RAN.jpg",640,320,false],"cvmm-small":["https:\/\/balcilar-blog.com\/wp-content\/uploads\/2018\/06\/KAPAK-12-HAZ\u0130RAN.jpg",130,65,false],"full":["https:\/\/balcilar-blog.com\/wp-content\/uploads\/2018\/06\/KAPAK-12-HAZ\u0130RAN.jpg",640,320,false]},"_links":{"self":[{"href":"https:\/\/balcilar-blog.com\/index.php?rest_route=\/wp\/v2\/posts\/22503","targetHints":{"allow":["GET"]}}],"collection":[{"href":"https:\/\/balcilar-blog.com\/index.php?rest_route=\/wp\/v2\/posts"}],"about":[{"href":"https:\/\/balcilar-blog.com\/index.php?rest_route=\/wp\/v2\/types\/post"}],"author":[{"embeddable":true,"href":"https:\/\/balcilar-blog.com\/index.php?rest_route=\/wp\/v2\/users\/3"}],"replies":[{"embeddable":true,"href":"https:\/\/balcilar-blog.com\/index.php?rest_route=%2Fwp%2Fv2%2Fcomments&post=22503"}],"version-history":[{"count":3,"href":"https:\/\/balcilar-blog.com\/index.php?rest_route=\/wp\/v2\/posts\/22503\/revisions"}],"predecessor-version":[{"id":22535,"href":"https:\/\/balcilar-blog.com\/index.php?rest_route=\/wp\/v2\/posts\/22503\/revisions\/22535"}],"wp:featuredmedia":[{"embeddable":true,"href":"https:\/\/balcilar-blog.com\/index.php?rest_route=\/wp\/v2\/media\/22534"}],"wp:attachment":[{"href":"https:\/\/balcilar-blog.com\/index.php?rest_route=%2Fwp%2Fv2%2Fmedia&parent=22503"}],"wp:term":[{"taxonomy":"category","embeddable":true,"href":"https:\/\/balcilar-blog.com\/index.php?rest_route=%2Fwp%2Fv2%2Fcategories&post=22503"},{"taxonomy":"post_tag","embeddable":true,"href":"https:\/\/balcilar-blog.com\/index.php?rest_route=%2Fwp%2Fv2%2Ftags&post=22503"}],"curies":[{"name":"wp","href":"https:\/\/api.w.org\/{rel}","templated":true}]}}