{"id":22491,"date":"2018-06-10T20:17:25","date_gmt":"2018-06-10T17:17:25","guid":{"rendered":"http:\/\/balcilar-blog.com\/?p=22491"},"modified":"2018-06-11T00:12:03","modified_gmt":"2018-06-10T21:12:03","slug":"fenomen-dizi-cukur-sezon-finalinde-cukurdan-ilginc-notlar","status":"publish","type":"post","link":"https:\/\/balcilar-blog.com\/?p=22491","title":{"rendered":"Fenomen Dizi &#8216;\u00c7ukur&#8217; Sezon Finalinde&#8230; \u00c7ukur&#8217;dan \u0130lgin\u00e7 Notlar!"},"content":{"rendered":"<p><img loading=\"lazy\" decoding=\"async\" class=\"alignnone size-full wp-image-22492\" src=\"http:\/\/balcilar-blog.com\/wp-content\/uploads\/2018\/06\/C\u0327ukur-Afis\u0327.jpg\" alt=\"\" width=\"640\" height=\"333\" srcset=\"https:\/\/balcilar-blog.com\/wp-content\/uploads\/2018\/06\/C\u0327ukur-Afis\u0327.jpg 640w, https:\/\/balcilar-blog.com\/wp-content\/uploads\/2018\/06\/C\u0327ukur-Afis\u0327-300x156.jpg 300w\" sizes=\"auto, (max-width: 640px) 100vw, 640px\" \/><\/p>\n<p>\u00c7ukur, benim keyifle izledi\u011fim ve takip etti\u011fim dizilerden biri&#8230; 11 Haziran Pazartesi ak\u015fam\u0131 Sezon finali yap\u0131yor. \u0130zleyicide iz b\u0131rakan sahneleri, Yama\u00e7&#8217;\u0131, \u0130dris Baba&#8217;s\u0131 Varto&#8217;su, Sadi\u015f&#8217;i ve Ali\u00e7o&#8217;su ile kalplerimizi kazand\u0131. \u00c7ukur&#8217;u \u00c7ukur yapan Sat\u0131r ba\u015flar\u0131n\u0131 a\u015fa\u011f\u0131da aktar\u0131yorum.<\/p>\n<p><strong>\u2018\u00c7UKUR\u2019U FENOMEN KILAN UNUTULMAZLARLA SEZON F\u0130NAL\u0130NE GER\u0130 SAYIM!<\/strong><\/p>\n<p>&nbsp;<\/p>\n<p>Ay Yap\u0131m imzal\u0131 \u2018\u00c7ukur\u2019da b\u00fcy\u00fck sezon finali i\u00e7in nefesler tutuldu. 11 Haziran Pazartesi ak\u015fam\u0131 Tohum Otizm Vakf\u0131 yarar\u0131na Hali\u00e7 Kongre Merkezi\u2019nde ger\u00e7ekle\u015fecek \u00c7ukur Sezon Finali Gala \u00f6ncesi geri say\u0131m\u0131 diziyi fenomen k\u0131lan unutulmazlarla yap\u0131yoruz.<\/p>\n<p>&nbsp;<\/p>\n<p><strong>\u00c7UKUR OT\u0130ZM\u0130N FARKINDA!<\/strong><\/p>\n<p><img loading=\"lazy\" decoding=\"async\" class=\"alignnone size-full wp-image-22496\" src=\"http:\/\/balcilar-blog.com\/wp-content\/uploads\/2018\/06\/C\u0327ukur-Otizmin-Fark\u0131nda.jpg\" alt=\"\" width=\"427\" height=\"640\" srcset=\"https:\/\/balcilar-blog.com\/wp-content\/uploads\/2018\/06\/C\u0327ukur-Otizmin-Fark\u0131nda.jpg 427w, https:\/\/balcilar-blog.com\/wp-content\/uploads\/2018\/06\/C\u0327ukur-Otizmin-Fark\u0131nda-200x300.jpg 200w\" sizes=\"auto, (max-width: 427px) 100vw, 427px\" \/><\/p>\n<p>Ge\u00e7en y\u0131l \u2018Minik Kalpler \u0130\u00e7erde\u2019 ile unutulmaz bir sosyal sorumluluk projesine imza atan Ay Yap\u0131m, bu sene \u2018\u00c7ukur\u2019 ile \u201c\u00c7ukur otizmin fark\u0131nda\u201d dedi. Tohum Otizm Vakf\u0131 ve Show TV i\u015f birli\u011fiyle ger\u00e7ekle\u015ftirilen bu proje otizm konusunda fark\u0131ndal\u0131\u011f\u0131n artmas\u0131 i\u00e7in birbirinden \u00f6zel \u00e7al\u0131\u015fmalara imza att\u0131. R\u0131za Kocao\u011flu, Kubilay Aka, \u0130layda Ali\u015fan, Ece Ya\u015far, Dilan \u00c7i\u00e7ek Deniz, Erkan Kol\u00e7ak K\u00f6stendil ve son olarak Aras Bulut \u0130ynemli, Tohum Otizm Vakf\u0131\u2019n\u0131n okulunda otizmli \u00e7ocuklar\u0131 ziyaret edip onlarla \u00e7ok keyifli anlar ge\u00e7irdi. Bu unutulmaz anlarla birlikte dizinin oyuncular\u0131yla \u00e7ekilen videolar da otizm konusundaki bilin\u00e7lili\u011fin artmas\u0131n\u0131 destekledi.<\/p>\n<p>\u2018\u00c7ukur\u2019, 11 Haziran\u2019da bu i\u015f birli\u011fini bir ad\u0131m ileri ta\u015f\u0131yarak Hali\u00e7 Kongre Merkezi\u2019nde muhte\u015fem bir Sezon Finali Gala Gecesi\u2019ne ev sahipli\u011fi yapacak. Biletix\u2019ten biletlerin sat\u0131ld\u0131\u011f\u0131 bu unutulmaz gecede izleyiciler, sezon finalini oyuncularla birlikte izleme \u015fans\u0131 yakalarken, \u2018\u00c7ukur\u2019un unutulmaz \u015fark\u0131lar\u0131n\u0131 s\u00f6yleyen m\u00fczisyenler de sahneye \u00e7\u0131karak bir konser verecek. Biletlerden elde edilen gelirin tamam\u0131n\u0131n Tohum Otizm Vakf\u0131\u2019na aktar\u0131laca\u011f\u0131 geceye bilet alarak hala kat\u0131lma \u015fans\u0131n\u0131z var!<\/p>\n<p>&nbsp;<\/p>\n<p><strong>\u00c7UKUR\u2019UN ME\u015eHUR D\u00d6VMES\u0130 SOKAKLARDA!<\/strong><\/p>\n<p>Dizinin ba\u015flamas\u0131yla birlikte \u2018\u00c7ukur\u2019 d\u00f6vmesi de b\u00fcy\u00fck bir sembole d\u00f6n\u00fc\u015ft\u00fc. Hatta \u2018\u00c7ukur\u2019un takip\u00e7ileri b\u00fcy\u00fck bez bir afi\u015fe bu d\u00f6vmeyi sprey boyayla \u00e7izerek o afi\u015fi Karak\u00f6y\u2019de bir binan\u0131n d\u0131\u015f\u0131na ast\u0131.<\/p>\n<p><strong>M\u00dcZ\u0130K L\u0130STELER\u0130N\u0130N Z\u0130RVES\u0130NDE!<\/strong><\/p>\n<p>Eypio\u2019nun \u2018G\u00f6m\u00fcn Beni \u00c7ukura\u2019 adl\u0131 \u015fark\u0131s\u0131yla ba\u015flad\u0131 her \u015fey. Sonra onu Allame\u2019nin \u2018K\u0131s\u0131r D\u00f6ng\u00fc\u2019s\u00fc, Ceylan Ertem\u2019in \u2018Zal\u0131m Zal\u0131m\u2019 yorumu, Gazapizm ve Cem Adrian\u2019\u0131n \u2018Kalbim \u00c7ukurda\u2019s\u0131, No: 1 ve Melek Mosso\u2019nun \u2018Hi\u00e7 I\u015f\u0131k Yok\u2019u takip etti bu \u015fark\u0131y\u0131. Her biri de uzun s\u00fcre m\u00fczik listelerinin zirvesinde yer ald\u0131.<\/p>\n<p><strong>\u201cBU HAYATIN HEYECANI MEYCANI YOK\u201d<\/strong><\/p>\n<p>Gazapizm\u2019in \u2018Heyecan\u0131 Yok\u2019u sadece \u2018\u00c7ukur\u2019 izleyicilerinin de\u011fil, oyuncular\u0131n\u0131n da dillerine pelesenk oldu. Baykal\u2019\u0131 oyuna getiren Vartolu (Erkan Kol\u00e7ak K\u00f6stendil) ile Yama\u00e7\u2019\u0131n kar\u015f\u0131l\u0131kl\u0131 dans\u0131 dizinin en \u00e7ok konu\u015fulan sahneleri aras\u0131na ad\u0131n\u0131 yazd\u0131rd\u0131. Yama\u00e7\u2019\u0131n bu \u015fark\u0131ya e\u015flik ederek Kumburgazl\u0131 Serdar ile d\u00f6v\u00fc\u015ft\u00fc\u011f\u00fc an da b\u00fcy\u00fck be\u011feni toplad\u0131.<\/p>\n<p><strong>\u00c7ATIDAK\u0130 \u00c7OCUKLAR<\/strong><\/p>\n<p>\u00c7ukur mahallesinin \u00e7at\u0131lar\u0131ndan atlayarak Ko\u00e7oval\u0131 Ailesi\u2019ne haber u\u00e7uran \u00c7ukur \u00e7ocuklar\u0131 izleyiciyi derinden etkiledi. Bu, dizinin aksiyon y\u00f6netmeni; ayn\u0131 zamanda Kemal\u2019i U\u011fur Y\u0131ld\u0131ran\u2019\u0131n imzan\u0131 ta\u015f\u0131yan aksiyon sahnelerinin ba\u015flang\u0131c\u0131 oldu.<\/p>\n<p><strong>VARTOLU, \u2018M\u0130HR\u0130BAN\u2019LA DA\u011eILDI!<\/strong><\/p>\n<p>\u2018\u00c7ukur\u2019un 7\u2019nci b\u00f6l\u00fcm final sahnesinde Vartolu\u2019nun \u2018Mihriban\u2019 t\u00fcrk\u00fcs\u00fcn\u00fc duymas\u0131yla birlikte duygular\u0131na yenilip kontrol\u00fcn\u00fc kaybetti\u011fi an, dizinin unutulmazlar\u0131 aras\u0131na girdi. Sosyal medyada da \u00e7ok konu\u015fulan bu sahne hem \u00f6l\u00fcms\u00fcz bir t\u00fcrk\u00fc olan \u2018Mihriban\u2019\u0131 yeniden g\u00fcndeme getirirken hem de Youtube\u2019da sadece \u00fc\u00e7 g\u00fcnde iki milyon, Instagram\u2019da ise bir milyon kez izlenerek toplamda 3 milyon g\u00f6r\u00fcnt\u00fclenmeye ula\u015f\u0131p b\u00fcy\u00fck bir ba\u015far\u0131ya imza att\u0131.<\/p>\n<p><strong>\u00c7UKUR\u2019UN ANT\u0130-KAHRAMANI VARTOLU<\/strong><\/p>\n<p><img loading=\"lazy\" decoding=\"async\" class=\"alignnone size-full wp-image-22497\" src=\"http:\/\/balcilar-blog.com\/wp-content\/uploads\/2018\/06\/Vartolu.jpg\" alt=\"\" width=\"640\" height=\"400\" srcset=\"https:\/\/balcilar-blog.com\/wp-content\/uploads\/2018\/06\/Vartolu.jpg 640w, https:\/\/balcilar-blog.com\/wp-content\/uploads\/2018\/06\/Vartolu-300x188.jpg 300w\" sizes=\"auto, (max-width: 640px) 100vw, 640px\" \/><\/p>\n<p>Vartolu, \u00c7ukur\u2019u ele ge\u00e7irmek ve Ko\u00e7oval\u0131lar\u0131 yok etmek i\u00e7in harekete ge\u00e7se de sa\u011f kolu Medet ile olan konu\u015fmalar\u0131, Saadet\u2019e olan a\u015fk\u0131, ge\u00e7mi\u015ften kalan ve kapanmayan yaras\u0131yla \u2018\u00c7ukur\u2019 izleyicileri i\u00e7in y\u0131l\u0131n fenomen dizi karakterine d\u00f6n\u00fc\u015ft\u00fc.<\/p>\n<p><strong>PER\u0130HAN SAVA\u015e, YILLAR SONRA EKRANDA!<\/strong><\/p>\n<p>Duayen oyuncu Perihan Sava\u015f, Ko\u00e7oval\u0131 ailesinin bel kemi\u011fi, evin annesi Sultan ile y\u0131llar sonra ekranlara geri d\u00f6nd\u00fc. Sultan, \u201c\u00c7ukur evimiz, Sultan anam\u0131z\u201d sloganlar\u0131yla sezonun \u00e7ok konu\u015fulan karakterlerinden oldu.<\/p>\n<p><strong>YAMA\u00c7 VE SENA\u2019NIN A\u015eKI PAR\u0130S\u2019TE M\u00dcH\u00dcRLEND\u0130!<\/strong><\/p>\n<p><img loading=\"lazy\" decoding=\"async\" class=\"alignnone size-full wp-image-22395\" src=\"http:\/\/balcilar-blog.com\/wp-content\/uploads\/2018\/05\/b871f31d58b774277b39ade833bca07c_840-1.jpg\" alt=\"\" width=\"640\" height=\"389\" srcset=\"https:\/\/balcilar-blog.com\/wp-content\/uploads\/2018\/05\/b871f31d58b774277b39ade833bca07c_840-1.jpg 640w, https:\/\/balcilar-blog.com\/wp-content\/uploads\/2018\/05\/b871f31d58b774277b39ade833bca07c_840-1-300x182.jpg 300w\" sizes=\"auto, (max-width: 640px) 100vw, 640px\" \/><\/p>\n<p>\u2018\u00c7ukur\u2019un ilk b\u00f6l\u00fcm\u00fcnde Yama\u00e7 ile Sena\u2019n\u0131n nikah t\u00f6renine ev sahipli\u011fi yapan Paris sahneleri, izleyicileri de b\u00fcy\u00fcledi. Eyfel Kulesi\u2019nin etraf\u0131nda yap\u0131lan \u00e7ekimler s\u0131ras\u0131nda Aras Bulut \u0130ynemli ve Dilan \u00c7i\u00e7ek Deniz, orada ya\u015fayan T\u00fcrklerin ilgi oda\u011f\u0131 oldu.<\/p>\n<p><strong>KAHRAMAN\u2019IN \u015eOKE ED\u0130C\u0130 \u00d6L\u00dcM\u00dc<\/strong><\/p>\n<p>Ba\u015far\u0131l\u0131 oyuncu Mustafa \u00dcst\u00fcnda\u011f\u2019\u0131n hayat verdi\u011fi, \u0130dris Ko\u00e7oval\u0131\u2019n\u0131n o\u011fullar\u0131ndan Kahraman karakterinin ilk b\u00f6l\u00fcmdeki ani \u00f6l\u00fcm\u00fc ekran ba\u015f\u0131ndakileri derinden sarst\u0131. \u00dcst\u00fcnda\u011f, oyunculu\u011fuyla b\u00fcy\u00fck be\u011feni toplad\u0131 ve Kahraman\u2019\u0131n \u00f6l\u00fcm\u00fc sosyal medyada da uzun s\u00fcre \u00e7ok konu\u015fuldu.<\/p>\n<p><strong>D\u0130VA B\u00dcLENT ERSOY, \u0130LK DEFA B\u0130R D\u0130Z\u0130YE KONUK OLDU!<\/strong><\/p>\n<p>\u2018\u00c7ukur\u2019 hen\u00fcz ilk b\u00f6l\u00fcm\u00fcnden uzun y\u0131llar konu\u015fulacak b\u00fcy\u00fck bir \u2018ilk\u2019e imza att\u0131. T\u00fcrk Sanat M\u00fczi\u011fi\u2019nin Diva\u2019s\u0131 B\u00fclent Ersoy, \u2018\u00c7ukur\u2019 ile ilk defa bir diziye konuk oldu. Dizide kendisini canland\u0131ran Ersoy, \u0130dris Ko\u00e7oval\u0131\u2019y\u0131 k\u0131rmayarak ona \u00f6zel bir \u015fark\u0131 s\u00f6yledi.<\/p>\n<p><strong>\u201cSIKINTI YOKSA SIKINTI VAR DEMEKT\u0130R\u201d<\/strong><\/p>\n<p><img loading=\"lazy\" decoding=\"async\" class=\"alignnone size-full wp-image-22493\" src=\"http:\/\/balcilar-blog.com\/wp-content\/uploads\/2018\/06\/C\u0327ukur-Do\u0308vme.jpg\" alt=\"\" width=\"640\" height=\"427\" srcset=\"https:\/\/balcilar-blog.com\/wp-content\/uploads\/2018\/06\/C\u0327ukur-Do\u0308vme.jpg 640w, https:\/\/balcilar-blog.com\/wp-content\/uploads\/2018\/06\/C\u0327ukur-Do\u0308vme-300x200.jpg 300w\" sizes=\"auto, (max-width: 640px) 100vw, 640px\" \/><\/p>\n<p>\u2018\u00c7ukur\u2019da mahallenin duvarlar\u0131nda g\u00f6r\u00fclen duvar yaz\u0131lar\u0131 dizinin \u00f6nemli par\u00e7alar\u0131ndan birine d\u00f6n\u00fc\u015ft\u00fc. \u201c\u00c7ukur evimiz \u0130dris Babam\u0131z\u201d ile ba\u015flayan bu duvar yaz\u0131lar\u0131ndan \u201cS\u0131k\u0131nt\u0131 yoksa s\u0131k\u0131nt\u0131 var demektir\u201d, \u201cEn g\u00fczel yerindir gamzendeki \u00e7ukur\u201d, \u201c\u00c7ukurda 2+2 dert eder\u201d, \u201cSeni seviyorumdan sonra ama denmez\u201d, \u201c\u0130zler kal\u0131r izler kal\u0131rs\u0131n\u201d, \u201cHer romanda kahraman olursun da en \u00e7ok kendi hikayende yorulursun\u201d; unutulmazlar aras\u0131na girdi.<\/p>\n<p><strong>\u00c7UKUR, T\u00dcRK\u0130YE\u2019N\u0130N D\u00d6RT B\u0130R YANINDA<\/strong><\/p>\n<p>\u2018\u00c7ukur\u2019, sadece fenomen bir dizi olmad\u0131; ayn\u0131 zamanda sokak k\u00fclt\u00fcr\u00fcn\u00fcn bir par\u00e7as\u0131 da oldu. T\u00fcrkiye\u2019nin d\u00f6rt bir yan\u0131nda a\u00e7\u0131lan, hatta K\u0131br\u0131s\u2019a kadar da yay\u0131lan \u00c7ukur Cafe\u2019ler, Ay Yap\u0131m imzal\u0131 bu dizinin etkileyicili\u011fini bir kez daha g\u00f6sterdi. \u00c7ukur Cafe\u2019lerin yan\u0131nda \u00c7ukur sembol\u00fcn\u00fcn \u00fcn\u00fc de d\u00fcnyan\u0131n bir\u00e7ok \u00fclkesine yay\u0131larak sokak duvarlar\u0131na \u00e7izildi.<\/p>\n<p><img loading=\"lazy\" decoding=\"async\" class=\"alignnone size-full wp-image-22494\" src=\"http:\/\/balcilar-blog.com\/wp-content\/uploads\/2018\/06\/C\u0327ukur-Eypio-Klip.jpg\" alt=\"\" width=\"640\" height=\"399\" srcset=\"https:\/\/balcilar-blog.com\/wp-content\/uploads\/2018\/06\/C\u0327ukur-Eypio-Klip.jpg 640w, https:\/\/balcilar-blog.com\/wp-content\/uploads\/2018\/06\/C\u0327ukur-Eypio-Klip-300x187.jpg 300w\" sizes=\"auto, (max-width: 640px) 100vw, 640px\" \/><\/p>\n<p>\u00c7ukur geni\u015f kadrosu de\u011ferli oyuncular\u0131 ile g\u00f6z doldurdu. Yama\u00e7 karakteri ile Aras Bulut \u0130yinemli, Sena karakteri ile Dilan \u00c7i\u00e7ek Deniz, \u0130dris Baba karakteri ile Ercan Kesal, Perihan Sava\u015f (Sultan), \u00d6ner Erkan (Selim), Erkan Kol\u00e7ak K\u00f6stendil (Vartolu), R\u0131za Kocao\u011flu (Ali\u00e7o), Burak Sergen (Baykal), Nebil Say\u0131n (Berber Muhittin), Kubilay Aka (Celasun), Alperen Duymaz (Komiser Emrah), Ahmet Tansu Ta\u015fanlar (Avukat Naz\u0131m), \u00c7etin Sar\u0131kartal (Pa\u015fa), Kadir \u00c7ermik (Emmi), \u0130rem Altu\u011f (Ay\u015fe), Zeynep Kumral (Nedret), Burcu Y\u0131lmaz (Saadet), Cem Uslu (Metin), U\u011fur Y\u0131ld\u0131ran (Kemal), Ayta\u00e7 U\u015fun (Meke), \u0130layda Ali\u015fan (Ak\u015fin), Ece Ya\u015far (Karaca), Mustafa K\u0131rantepe (Medet) ve Do\u011fucan Sar\u0131kaya (Acar) \u00c7ukur&#8217;a ruh ve can veren unutulmaz karakterlerimiz.<\/p>\n<p>Bir fenomen dizi sezon finali ile tatile girdi. Show Tv&#8217;nin sevilen dizisi Eyl\u00fcl ay\u0131ndan itibaren tekrar 2.sezonunda izleyicisi ile bulu\u015facak!<\/p>\n<p>Sayg\u0131lar ve sevgiler.<\/p>\n<p>Abdurrahman Balc\u0131lar<\/p>\n<p>Twitter:\u00a0<a href=\"https:\/\/twitter.com\/abbalcilar\"><strong>@abbalcilar<\/strong><\/a><\/p>\n<p>Mail :\u00a0<a href=\"mailto:ab.balcilar@hotmail.com\">ab.balcilar@hotmail.com<\/a><\/p>\n<p>Blog:\u00a0<a href=\"http:\/\/t.co\/znqmIZgIqn\">blog.milliyet.com.tr\/cansever<\/a><\/p>\n<p>\u015eahsi Blog:\u00a0<a href=\"http:\/\/balcilar-blog.com\/\">Abdurrahman Balc\u0131lar Blog Sayfas\u0131<\/a><\/p>\n<p><strong>\u00a0Not: Kaynak Haber ve g\u00f6rseller Bas\u0131n \u0130leti\u015fim\u00a0Deposu &#8211;\u00a0Z\u00fcmr\u00fct Burul\u00a0 &#8211; \u0130rem T\u00fcmer<\/strong><\/p>\n<p><strong>*\u015eahsi Blog sayfamda ve Milliyet Blog\u2019da yay\u0131nlanan blog yaz\u0131lar\u0131 b\u00fcy\u00fck bir \u00e7al\u0131\u015fman\u0131n \u00fcr\u00fcn\u00fc olup, izinsiz ya da kaynak g\u00f6stermeden al\u0131nt\u0131 yap\u0131lamaz. Aksi halde kanuni i\u015flem yap\u0131l\u0131r.<\/strong><\/p>\n<p>&nbsp;<\/p>\n","protected":false},"excerpt":{"rendered":"<p>\u00c7ukur, benim keyifle izledi\u011fim ve takip etti\u011fim dizilerden biri&#8230; 11 Haziran Pazartesi ak\u015fam\u0131 Sezon finali yap\u0131yor. \u0130zleyicide iz b\u0131rakan sahneleri, Yama\u00e7&#8217;\u0131, \u0130dris Baba&#8217;s\u0131 Varto&#8217;su, Sadi\u015f&#8217;i ve Ali\u00e7o&#8217;su ile kalplerimizi kazand\u0131. \u00c7ukur&#8217;u \u00c7ukur yapan Sat\u0131r ba\u015flar\u0131n\u0131 a\u015fa\u011f\u0131da aktar\u0131yorum. \u2018\u00c7UKUR\u2019U FENOMEN KILAN UNUTULMAZLARLA SEZON F\u0130NAL\u0130NE GER\u0130 SAYIM! &nbsp; Ay Yap\u0131m imzal\u0131 \u2018\u00c7ukur\u2019da b\u00fcy\u00fck sezon finali i\u00e7in nefesler [&hellip;]<\/p>\n","protected":false},"author":3,"featured_media":22492,"comment_status":"open","ping_status":"open","sticky":false,"template":"","format":"standard","meta":{"footnotes":""},"categories":[2],"tags":[1729,1730,962,1555,1554,1699,35,1648,1649],"class_list":["post-22491","post","type-post","status-publish","format-standard","has-post-thumbnail","hentry","category-tv-programlari","tag-alico","tag-aras-bulut-iynem","tag-bulent-ersoy","tag-cukur","tag-dilan-cicek-deniz","tag-sadis","tag-show-tv","tag-vartolu","tag-yamac"],"views":3249,"blog_post_layout_featured_media_urls":{"thumbnail":["https:\/\/balcilar-blog.com\/wp-content\/uploads\/2018\/06\/C\u0327ukur-Afis\u0327-150x150.jpg",150,150,true],"full":["https:\/\/balcilar-blog.com\/wp-content\/uploads\/2018\/06\/C\u0327ukur-Afis\u0327.jpg",640,333,false]},"categories_names":{"2":{"name":"TV Programlar\u0131","link":"https:\/\/balcilar-blog.com\/?cat=2"}},"tags_names":{"1729":{"name":"Ali\u00e7o","link":"https:\/\/balcilar-blog.com\/?tag=alico"},"1730":{"name":"Aras Bulut \u0130ynem","link":"https:\/\/balcilar-blog.com\/?tag=aras-bulut-iynem"},"962":{"name":"B\u00fclent Ersoy","link":"https:\/\/balcilar-blog.com\/?tag=bulent-ersoy"},"1555":{"name":"\u00c7ukur","link":"https:\/\/balcilar-blog.com\/?tag=cukur"},"1554":{"name":"Dilan \u00c7i\u00e7ek Deniz","link":"https:\/\/balcilar-blog.com\/?tag=dilan-cicek-deniz"},"1699":{"name":"Sadi\u015f","link":"https:\/\/balcilar-blog.com\/?tag=sadis"},"35":{"name":"Show Tv","link":"https:\/\/balcilar-blog.com\/?tag=show-tv"},"1648":{"name":"Vartolu","link":"https:\/\/balcilar-blog.com\/?tag=vartolu"},"1649":{"name":"Yama\u00e7","link":"https:\/\/balcilar-blog.com\/?tag=yamac"}},"comments_number":"0","wpmagazine_modules_lite_featured_media_urls":{"thumbnail":["https:\/\/balcilar-blog.com\/wp-content\/uploads\/2018\/06\/C\u0327ukur-Afis\u0327-150x150.jpg",150,150,true],"cvmm-medium":["https:\/\/balcilar-blog.com\/wp-content\/uploads\/2018\/06\/C\u0327ukur-Afis\u0327.jpg",300,156,false],"cvmm-medium-plus":["https:\/\/balcilar-blog.com\/wp-content\/uploads\/2018\/06\/C\u0327ukur-Afis\u0327.jpg",305,159,false],"cvmm-portrait":["https:\/\/balcilar-blog.com\/wp-content\/uploads\/2018\/06\/C\u0327ukur-Afis\u0327.jpg",400,208,false],"cvmm-medium-square":["https:\/\/balcilar-blog.com\/wp-content\/uploads\/2018\/06\/C\u0327ukur-Afis\u0327.jpg",600,312,false],"cvmm-large":["https:\/\/balcilar-blog.com\/wp-content\/uploads\/2018\/06\/C\u0327ukur-Afis\u0327.jpg",640,333,false],"cvmm-small":["https:\/\/balcilar-blog.com\/wp-content\/uploads\/2018\/06\/C\u0327ukur-Afis\u0327.jpg",130,68,false],"full":["https:\/\/balcilar-blog.com\/wp-content\/uploads\/2018\/06\/C\u0327ukur-Afis\u0327.jpg",640,333,false]},"_links":{"self":[{"href":"https:\/\/balcilar-blog.com\/index.php?rest_route=\/wp\/v2\/posts\/22491","targetHints":{"allow":["GET"]}}],"collection":[{"href":"https:\/\/balcilar-blog.com\/index.php?rest_route=\/wp\/v2\/posts"}],"about":[{"href":"https:\/\/balcilar-blog.com\/index.php?rest_route=\/wp\/v2\/types\/post"}],"author":[{"embeddable":true,"href":"https:\/\/balcilar-blog.com\/index.php?rest_route=\/wp\/v2\/users\/3"}],"replies":[{"embeddable":true,"href":"https:\/\/balcilar-blog.com\/index.php?rest_route=%2Fwp%2Fv2%2Fcomments&post=22491"}],"version-history":[{"count":3,"href":"https:\/\/balcilar-blog.com\/index.php?rest_route=\/wp\/v2\/posts\/22491\/revisions"}],"predecessor-version":[{"id":22500,"href":"https:\/\/balcilar-blog.com\/index.php?rest_route=\/wp\/v2\/posts\/22491\/revisions\/22500"}],"wp:featuredmedia":[{"embeddable":true,"href":"https:\/\/balcilar-blog.com\/index.php?rest_route=\/wp\/v2\/media\/22492"}],"wp:attachment":[{"href":"https:\/\/balcilar-blog.com\/index.php?rest_route=%2Fwp%2Fv2%2Fmedia&parent=22491"}],"wp:term":[{"taxonomy":"category","embeddable":true,"href":"https:\/\/balcilar-blog.com\/index.php?rest_route=%2Fwp%2Fv2%2Fcategories&post=22491"},{"taxonomy":"post_tag","embeddable":true,"href":"https:\/\/balcilar-blog.com\/index.php?rest_route=%2Fwp%2Fv2%2Ftags&post=22491"}],"curies":[{"name":"wp","href":"https:\/\/api.w.org\/{rel}","templated":true}]}}