{"id":22342,"date":"2018-05-20T10:48:22","date_gmt":"2018-05-20T07:48:22","guid":{"rendered":"http:\/\/balcilar-blog.com\/?p=22342"},"modified":"2018-05-20T11:07:24","modified_gmt":"2018-05-20T08:07:24","slug":"cagatay-ulusoy-oyunculukta-zirve-yaptigi-noktada-mahkeme-sonucu-moralini-bozdu","status":"publish","type":"post","link":"https:\/\/balcilar-blog.com\/?p=22342","title":{"rendered":"\u00c7a\u011fatay Ulusoy Oyunculukta Zirve Yapt\u0131\u011f\u0131 Noktada Mahkeme Sonucu Moralini Bozdu!"},"content":{"rendered":"<p>&nbsp;<\/p>\n<p><img loading=\"lazy\" decoding=\"async\" class=\"alignnone size-full wp-image-22345\" src=\"http:\/\/balcilar-blog.com\/wp-content\/uploads\/2018\/05\/DdhOILtWAAA3zkg.jpg\" alt=\"\" width=\"492\" height=\"480\" srcset=\"https:\/\/balcilar-blog.com\/wp-content\/uploads\/2018\/05\/DdhOILtWAAA3zkg.jpg 492w, https:\/\/balcilar-blog.com\/wp-content\/uploads\/2018\/05\/DdhOILtWAAA3zkg-300x293.jpg 300w\" sizes=\"auto, (max-width: 492px) 100vw, 492px\" \/><\/p>\n<p>\u00c7a\u011fatay Ulusoy&#8217;un 5 y\u0131l \u00f6nceki mahkemesinde sona gelindi ve mahkeme karar\u0131n\u0131 verdi ve cezalar a\u00e7\u0131kland\u0131. Bu karar \u015f\u00fcphesiz \u00c7a\u011fatay kadar sevenlerini de \u00fczd\u00fc. Bir sanat\u00e7\u0131 i\u00e7in indirimli haliyle 1 y\u0131l 9 ay \u00e7ok uzun bir zaman. Ama \u00e7ere yok; \u015eeriat\u0131n (Kanun) kesti\u011fi parmak ac\u0131maz! \u00c7a\u011fatay Ulusoy&#8217;un avukat\u0131 \u015eeyda Y\u0131ld\u0131r\u0131m, mahkemenin gerek\u00e7eli karar\u0131n\u0131 a\u00e7\u0131klamas\u0131ndan sonra bu karar\u0131n bozulmas\u0131\u00a0amac\u0131yla\u00a0\u0130stanbul\u00a0B\u00f6lge Adliye Mahkemesi\u2019ne ba\u015fvuraca\u011f\u0131n\u0131 sonuca itiraz edeceklerini s\u00f6yledi. \u015eimdi \u00fcst mahkemenin verece\u011fi karar beklenecek. Yaz ortas\u0131nda adli tatil de ba\u015flayaca\u011f\u0131ndan bu itiraz\u0131n kesin sonucu Ekim-Kas\u0131m aylar\u0131na bulabilir. Her ne kadar i\u015flenen su\u00e7 af edilemez ise de, bu olay \u00c7a\u011fatay&#8217;\u0131 ziyadesiyle \u00fczm\u00fc\u015f, gerekli dersi vermi\u015ftir.<\/p>\n<p>Bu a\u011f\u0131r cezan\u0131n etkileri Sosyal Medyada ve D\u00fcnya \u00fclkelerinde oyuncunun sevenleri aras\u0131nda geni\u015f yank\u0131 uyand\u0131rd\u0131.<\/p>\n<p>\u00d6nceki ak\u015fam Latin Amerika&#8217;daki sevenlerin \u00f6nderli\u011finde, destek i\u00e7in TT yap\u0131ld\u0131. Kat\u0131l\u0131m y\u00fcksekti bir o kadar da dilek ve temenniler vard\u0131. At\u0131lan allofusCagatayUlusoy\u00a0(Hepimiz \u00c7a\u011fatay Ulusoy i\u00e7in) Hashtag etiketi ile at\u0131lan twittlerden a\u015fa\u011f\u0131daki Uruguay Fanlar\u0131n\u0131n resim \u00e7ok anlaml\u0131yd\u0131. D\u00f6nen D\u00fcnyada \u00c7a\u011fatay&#8217;\u0131 saran eller onun i\u00e7in dua eder gibiydi.<\/p>\n<blockquote class=\"twitter-tweet\" data-width=\"550\" data-dnt=\"true\">\n<p lang=\"es\" dir=\"ltr\"><a href=\"https:\/\/twitter.com\/hashtag\/CagatayUlusoy?src=hash&amp;ref_src=twsrc%5Etfw\">#CagatayUlusoy<\/a> <a href=\"https:\/\/twitter.com\/hashtag\/WeAreWithYouCa%C4%9FatayUlusoy?src=hash&amp;ref_src=twsrc%5Etfw\">#WeAreWithYouCa\u011fatayUlusoy<\/a> <br \/>Los turcos deben sentirse orgulloso de tener un actor tan inteligente como Cagatay , tan completo y una ser humano lleno de grandes cualidades . <a href=\"https:\/\/t.co\/1E3yzcNXw8\">pic.twitter.com\/1E3yzcNXw8<\/a><\/p>\n<p>&mdash; Yuyi Mercado Eguez (@eguez_yuyi) <a href=\"https:\/\/twitter.com\/eguez_yuyi\/status\/997294713840562176?ref_src=twsrc%5Etfw\">May 18, 2018<\/a><\/p><\/blockquote>\n<p><script async src=\"https:\/\/platform.twitter.com\/widgets.js\" charset=\"utf-8\"><\/script><\/p>\n<p>Sosyal medyada at\u0131lan twittler de \u00e7ok anlaml\u0131yd\u0131. \u0130\u015fte o twittlerden birka\u00e7\u0131 :<\/p>\n<p><strong>&#8220;F\u0131rt\u0131nadan sonra g\u00fcne\u015f her zaman tekrar parl\u0131yor. Sen de parlayacaks\u0131n, herkesi k\u00f6r etti\u011fin i\u00e7in \u00e7ok sert olacaks\u0131n&#8221;<\/strong><\/p>\n<p><strong>&#8220;Pes etme ve hatta s\u00fcresi doldu&#8221;<\/strong><\/p>\n<p><strong>&#8220;Y\u00fcr\u00fcmeye devam et, durma. Biz d\u00fcnyada ba\u015far\u0131l\u0131 g\u00f6receksiniz!&#8221;<\/strong><\/p>\n<p>G\u00f6r\u00fcld\u00fc\u011f\u00fc gibi at\u0131lan twittler \u00e7ok anlaml\u0131yd\u0131, bunlar sadece birka\u00e7\u0131.<\/p>\n<p>&nbsp;<\/p>\n<p><strong>NETFL\u0130X D\u0130Z\u0130S\u0130N\u0130N YARIDA KALIR MI?<\/strong><\/p>\n<p><img loading=\"lazy\" decoding=\"async\" class=\"alignnone size-full wp-image-21878\" src=\"http:\/\/balcilar-blog.com\/wp-content\/uploads\/2018\/03\/DYeSFebXkAAnHgC.jpg\" alt=\"\" width=\"480\" height=\"484\" srcset=\"https:\/\/balcilar-blog.com\/wp-content\/uploads\/2018\/03\/DYeSFebXkAAnHgC.jpg 480w, https:\/\/balcilar-blog.com\/wp-content\/uploads\/2018\/03\/DYeSFebXkAAnHgC-150x150.jpg 150w, https:\/\/balcilar-blog.com\/wp-content\/uploads\/2018\/03\/DYeSFebXkAAnHgC-298x300.jpg 298w\" sizes=\"auto, (max-width: 480px) 100vw, 480px\" \/><\/p>\n<p><strong>The Prodector (Koruyucu)<\/strong> dizisinin \u00e7ekimleri devam ediyor. \u015eayet anormal bir de\u011fi\u015fiklik olmaz ise, bu dava sonu\u00e7lana kadar dizi \u00e7ekimleri bitecektir. Netice itibariyle y\u0131l sonunda planland\u0131\u011f\u0131 gibi b\u00fct\u00fcn d\u00fcnya \u00fclkelerinde g\u00f6sterime girecektir.<\/p>\n<p>\u00c7a\u011fatay Ulusoy, 2013 y\u0131l\u0131nda ilk g\u00f6zalt\u0131 ile b\u00fcy\u00fck \u015fok ya\u015fam\u0131\u015f, gerekli dersleri alm\u0131\u015f, pi\u015fman olmu\u015ftur. Bu tarihten sonra &#8220;Medcezir&#8221; ve &#8220;\u0130\u00e7erde&#8221; dizilerini ve &#8220;Delibal&#8221; sinema filminde oynam\u0131\u015f, bu h\u0131rs onda \u00e7\u0131tay\u0131 iyice y\u00fckseltmesine sebep olmu\u015ftur. \u015eimdi de Oyunculukta zirve yapt\u0131\u011f\u0131 noktada Mahkeme sonucu moralini bozsa da, tan\u0131d\u0131\u011f\u0131m \u00c7a\u011fatay Ulusoy bunu atlatacak, Netflix&#8217;in The Prodector (Koruyucu) dizinde d\u00fcnya \u00fclkelerinde kendisini iyice g\u00f6sterecektir.<\/p>\n<p>Yolun a\u00e7\u0131k olsun \u00c7a\u011fatay; ama \u015f\u00f6yle, ama b\u00f6yle bu da ge\u00e7ecek, sen yoluna devam edeceksin. Sen de alt\u0131n gibi o kalp ve bu oyunculuk kabiliyeti oldu\u011fu m\u00fcddet\u00e7e D\u00fcnya Sanat\u00e7\u0131s\u0131 olacak ve Oscar dahil \u00f6d\u00fcller gelecektir!<\/p>\n<p>Sayg\u0131lar ve sevgiler.<\/p>\n<p>Abdurrahman Balc\u0131lar<\/p>\n<p>Twitter:\u00a0<a href=\"https:\/\/twitter.com\/abbalcilar\"><strong>@abbalcilar<\/strong><\/a><\/p>\n<p>Mail :\u00a0<a href=\"mailto:ab.balcilar@hotmail.com\">ab.balcilar@hotmail.com<\/a><\/p>\n<p>Blog:\u00a0<a href=\"http:\/\/t.co\/znqmIZgIqn\">blog.milliyet.com.tr\/cansever<\/a><\/p>\n<p>\u015eahsi Blog:\u00a0<a href=\"http:\/\/balcilar-blog.com\/\">Abdurrahman Balc\u0131lar Blog Sayfas\u0131<\/a><\/p>\n<p><strong>\u00a0<\/strong><\/p>\n<p><strong>*\u015eahsi Blog sayfamda ve Milliyet Blog\u2019da yay\u0131nlanan blog yaz\u0131lar\u0131 b\u00fcy\u00fck bir \u00e7al\u0131\u015fman\u0131n \u00fcr\u00fcn\u00fc olup, izinsiz ya da kaynak g\u00f6stermeden al\u0131nt\u0131 yap\u0131lamaz. Aksi halde kanuni i\u015flem yap\u0131l\u0131r.<\/strong><\/p>\n","protected":false},"excerpt":{"rendered":"<p>&nbsp; \u00c7a\u011fatay Ulusoy&#8217;un 5 y\u0131l \u00f6nceki mahkemesinde sona gelindi ve mahkeme karar\u0131n\u0131 verdi ve cezalar a\u00e7\u0131kland\u0131. Bu karar \u015f\u00fcphesiz \u00c7a\u011fatay kadar sevenlerini de \u00fczd\u00fc. Bir sanat\u00e7\u0131 i\u00e7in indirimli haliyle 1 y\u0131l 9 ay \u00e7ok uzun bir zaman. Ama \u00e7ere yok; \u015eeriat\u0131n (Kanun) kesti\u011fi parmak ac\u0131maz! \u00c7a\u011fatay Ulusoy&#8217;un avukat\u0131 \u015eeyda Y\u0131ld\u0131r\u0131m, mahkemenin gerek\u00e7eli karar\u0131n\u0131 a\u00e7\u0131klamas\u0131ndan sonra [&hellip;]<\/p>\n","protected":false},"author":3,"featured_media":22345,"comment_status":"open","ping_status":"open","sticky":false,"template":"","format":"standard","meta":{"footnotes":""},"categories":[2],"tags":[15,752,1715,1716,1219,1661,1371,16,1478,1717,1671],"class_list":["post-22342","post","type-post","status-publish","format-standard","has-post-thumbnail","hentry","category-tv-programlari","tag-cagatay-ulusoy","tag-delibal","tag-dunya-sanatcisi","tag-fanlar","tag-icerde","tag-koruyucu","tag-latin-amerika","tag-medcezir","tag-netflix","tag-sosyal-medya","tag-the-prodector"],"views":3746,"blog_post_layout_featured_media_urls":{"thumbnail":["https:\/\/balcilar-blog.com\/wp-content\/uploads\/2018\/05\/DdhOILtWAAA3zkg-150x150.jpg",150,150,true],"full":["https:\/\/balcilar-blog.com\/wp-content\/uploads\/2018\/05\/DdhOILtWAAA3zkg.jpg",492,480,false]},"categories_names":{"2":{"name":"TV Programlar\u0131","link":"https:\/\/balcilar-blog.com\/?cat=2"}},"tags_names":{"15":{"name":"\u00e7a\u011fatay ulusoy","link":"https:\/\/balcilar-blog.com\/?tag=cagatay-ulusoy"},"752":{"name":"Delibal","link":"https:\/\/balcilar-blog.com\/?tag=delibal"},"1715":{"name":"D\u00fcnya Sanat\u00e7\u0131s\u0131","link":"https:\/\/balcilar-blog.com\/?tag=dunya-sanatcisi"},"1716":{"name":"Fanlar","link":"https:\/\/balcilar-blog.com\/?tag=fanlar"},"1219":{"name":"\u0130\u00c7ERDE","link":"https:\/\/balcilar-blog.com\/?tag=icerde"},"1661":{"name":"Koruyucu","link":"https:\/\/balcilar-blog.com\/?tag=koruyucu"},"1371":{"name":"Latin Amerika","link":"https:\/\/balcilar-blog.com\/?tag=latin-amerika"},"16":{"name":"medcezir","link":"https:\/\/balcilar-blog.com\/?tag=medcezir"},"1478":{"name":"Netflix","link":"https:\/\/balcilar-blog.com\/?tag=netflix"},"1717":{"name":"Sosyal Medya","link":"https:\/\/balcilar-blog.com\/?tag=sosyal-medya"},"1671":{"name":"The Prodector","link":"https:\/\/balcilar-blog.com\/?tag=the-prodector"}},"comments_number":"0","wpmagazine_modules_lite_featured_media_urls":{"thumbnail":["https:\/\/balcilar-blog.com\/wp-content\/uploads\/2018\/05\/DdhOILtWAAA3zkg-150x150.jpg",150,150,true],"cvmm-medium":["https:\/\/balcilar-blog.com\/wp-content\/uploads\/2018\/05\/DdhOILtWAAA3zkg.jpg",300,293,false],"cvmm-medium-plus":["https:\/\/balcilar-blog.com\/wp-content\/uploads\/2018\/05\/DdhOILtWAAA3zkg.jpg",212,207,false],"cvmm-portrait":["https:\/\/balcilar-blog.com\/wp-content\/uploads\/2018\/05\/DdhOILtWAAA3zkg.jpg",400,390,false],"cvmm-medium-square":["https:\/\/balcilar-blog.com\/wp-content\/uploads\/2018\/05\/DdhOILtWAAA3zkg.jpg",492,480,false],"cvmm-large":["https:\/\/balcilar-blog.com\/wp-content\/uploads\/2018\/05\/DdhOILtWAAA3zkg.jpg",492,480,false],"cvmm-small":["https:\/\/balcilar-blog.com\/wp-content\/uploads\/2018\/05\/DdhOILtWAAA3zkg.jpg",97,95,false],"full":["https:\/\/balcilar-blog.com\/wp-content\/uploads\/2018\/05\/DdhOILtWAAA3zkg.jpg",492,480,false]},"_links":{"self":[{"href":"https:\/\/balcilar-blog.com\/index.php?rest_route=\/wp\/v2\/posts\/22342","targetHints":{"allow":["GET"]}}],"collection":[{"href":"https:\/\/balcilar-blog.com\/index.php?rest_route=\/wp\/v2\/posts"}],"about":[{"href":"https:\/\/balcilar-blog.com\/index.php?rest_route=\/wp\/v2\/types\/post"}],"author":[{"embeddable":true,"href":"https:\/\/balcilar-blog.com\/index.php?rest_route=\/wp\/v2\/users\/3"}],"replies":[{"embeddable":true,"href":"https:\/\/balcilar-blog.com\/index.php?rest_route=%2Fwp%2Fv2%2Fcomments&post=22342"}],"version-history":[{"count":5,"href":"https:\/\/balcilar-blog.com\/index.php?rest_route=\/wp\/v2\/posts\/22342\/revisions"}],"predecessor-version":[{"id":22348,"href":"https:\/\/balcilar-blog.com\/index.php?rest_route=\/wp\/v2\/posts\/22342\/revisions\/22348"}],"wp:featuredmedia":[{"embeddable":true,"href":"https:\/\/balcilar-blog.com\/index.php?rest_route=\/wp\/v2\/media\/22345"}],"wp:attachment":[{"href":"https:\/\/balcilar-blog.com\/index.php?rest_route=%2Fwp%2Fv2%2Fmedia&parent=22342"}],"wp:term":[{"taxonomy":"category","embeddable":true,"href":"https:\/\/balcilar-blog.com\/index.php?rest_route=%2Fwp%2Fv2%2Fcategories&post=22342"},{"taxonomy":"post_tag","embeddable":true,"href":"https:\/\/balcilar-blog.com\/index.php?rest_route=%2Fwp%2Fv2%2Ftags&post=22342"}],"curies":[{"name":"wp","href":"https:\/\/api.w.org\/{rel}","templated":true}]}}