{"id":22219,"date":"2018-05-06T16:15:41","date_gmt":"2018-05-06T13:15:41","guid":{"rendered":"http:\/\/balcilar-blog.com\/?p=22219"},"modified":"2018-05-06T18:44:07","modified_gmt":"2018-05-06T15:44:07","slug":"servet-olmadi-yusuf-cim-diziyi-sen-de-kurtaramadin","status":"publish","type":"post","link":"https:\/\/balcilar-blog.com\/?p=22219","title":{"rendered":"&#8216;Servet&#8217; Olmad\u0131 Yusuf \u00c7im, Diziyi Sen de Kurtaramad\u0131n!"},"content":{"rendered":"<div class=\"section-info\"><\/div>\n<div class=\"story-content\">\n<p><img loading=\"lazy\" decoding=\"async\" class=\"alignnone size-full wp-image-22241\" src=\"http:\/\/balcilar-blog.com\/wp-content\/uploads\/2018\/05\/servet-dizisi-oyunculari-kimler-kadrosu.jpg\" alt=\"\" width=\"640\" height=\"415\" srcset=\"https:\/\/balcilar-blog.com\/wp-content\/uploads\/2018\/05\/servet-dizisi-oyunculari-kimler-kadrosu.jpg 640w, https:\/\/balcilar-blog.com\/wp-content\/uploads\/2018\/05\/servet-dizisi-oyunculari-kimler-kadrosu-300x195.jpg 300w\" sizes=\"auto, (max-width: 640px) 100vw, 640px\" \/><\/p>\n<div class=\"story-description mCustomScrollbar _mCS_1\">\n<div id=\"mCSB_1\" class=\"mCustomScrollBox mCS-light mCSB_vertical mCSB_inside\" tabindex=\"0\">\n<div id=\"mCSB_1_container\" class=\"mCSB_container\" dir=\"ltr\">\n<p>Daha 4 hafta \u00f6nce &#8216;Servet&#8217; diye bir dizi ekranlara geldi, olduk\u00e7a klasik konu. Baz\u0131 izleyici diziyi be\u011fense de, \u00e7o\u011funluk bu dizi tutmaz, final yapar diye yorum yazm\u0131\u015flard\u0131. Ve \u00f6yle oldu, 4.b\u00f6l\u00fcmde final yapt\u0131, bitti gitti.<br \/>\nDizinin oyuncu kadrosuna bakarsak, gen\u00e7 oyuncu Yusuf \u00c7im romantik dizilerin adam\u0131 diyebiliriz. Ama burada olamam\u0131\u015f. Ferah (Bahar \u015eahin) da \u015firin bir k\u0131z\u0131m\u0131z. Kudret Fettah, Ali S\u00fcrmeli olduk\u00e7a ba\u015far\u0131l\u0131. Y\u00fcz\u00fcndeki, a\u011fz\u0131ndaki tiki pek anlayamad\u0131m, rol m\u00fc, ger\u00e7ek mi?<br \/>\nS\u00f6yleyecek pek fazla s\u00f6z yok. Bu dizi tamamen reyting kurban\u0131 oldu.<\/p>\n<p><strong>Reytinglerine g\u00f6z atarsak;<\/strong><br \/>\nTotal\u00a0 \u00a0 \u00a0 \u00a0 \u00a0 \u00a0 \u00a0AB<br \/>\n1.B\u00f6l\u00fcm\u00a0 \u00a025.s\u0131ra\u00a0 \u00a0 \u00a0 \u00a0 \u00a0 15.s\u0131ra<br \/>\n2.B\u00f6l\u00fcm\u00a0 \u00a028.s\u0131ra\u00a0 \u00a0 \u00a0 \u00a0 \u00a0 27.s\u0131ra<br \/>\n3.B\u00f6l\u00fcm\u00a0 \u00a039.s\u0131ra\u00a0 \u00a0 \u00a0 \u00a0 \u00a0 27.s\u0131ra<br \/>\n4.Final\u00a0 \u00a0 \u00a0 58.s\u0131ra\u00a0 \u00a0 \u00a0 \u00a0 \u00a0 ilk 100 de yok.<\/p>\n<p>G\u00f6r\u00fcld\u00fc\u011f\u00fc gibi ilk \u00fc\u00e7 b\u00f6l\u00fcmde al\u0131nan reytingler, dizinin be\u011fenilmedi\u011fini ve 4.B\u00f6l\u00fcmde finali getirdi\u011fini g\u00f6r\u00fcyoruz.<\/p>\n<p>Servet Dizisi Genel Hikayesi ve Oyuncular\u0131:<\/p>\n<p>Herkesin Servet\u2019inin pe\u015finde ko\u015ftu\u011fu \u015fu d\u00fcnyada ger\u00e7ek servet denilebilecek tek \u015fey; A\u015fk hakk\u0131nda bir hik\u00e2ye. Ferah Feza (Bahar \u015eahin) her y\u0131l 18 ya\u015f\u0131n\u0131 doldurup, kald\u0131klar\u0131 yeti\u015ftirme yurtlar\u0131ndan ayr\u0131lmak zorunda olan binlerce gen\u00e7ten biriydi. Ancak di\u011ferlerinden \u00f6nemli bir fark\u0131 vard\u0131, kimsesiz de\u011fildi. Hen\u00fcz bilmese de b\u00fcy\u00fck bir ailesi vard\u0131 ve hayalini bile kuramayaca\u011f\u0131 kadar zengindi. Can Yi\u011fit (Yusuf \u00c7im) 29 ya\u015f\u0131ndayd\u0131. T\u0131pk\u0131 Ferah gibi anne ve babas\u0131n\u0131 kaybetmi\u015fti. Evlatl\u0131k gibi b\u00fcy\u00fcm\u00fc\u015f olsa da \u00fclke \u00e7ap\u0131nda \u00f6nemli bir i\u015f adam\u0131n\u0131n kanatlar\u0131 alt\u0131nda, onun o\u011flundan farks\u0131z, her istedi\u011fini yapabilecek g\u00fc\u00e7teydi. Bu ya\u015fta kimsenin kolay sahip olamayaca\u011f\u0131 bir g\u00fcce ve paraya sahipti, bu b\u00fcy\u00fck aileyi y\u00f6netiyordu.<\/p>\n<p><img loading=\"lazy\" decoding=\"async\" class=\"alignnone size-full wp-image-22247\" src=\"http:\/\/balcilar-blog.com\/wp-content\/uploads\/2018\/05\/2366483-728xauto.jpg\" alt=\"\" width=\"640\" height=\"428\" srcset=\"https:\/\/balcilar-blog.com\/wp-content\/uploads\/2018\/05\/2366483-728xauto.jpg 640w, https:\/\/balcilar-blog.com\/wp-content\/uploads\/2018\/05\/2366483-728xauto-300x201.jpg 300w\" sizes=\"auto, (max-width: 640px) 100vw, 640px\" \/><\/p>\n<p>Fettah Holding\u2019in sahibi Kudret Fettah\u2019\u0131n (Ali S\u00fcrmeli) talimat\u0131yla as\u0131l kimli\u011fini bilmedi\u011fi Ferah\u2019a, hakk\u0131 olan serveti vermek i\u00e7in yola \u00e7\u0131kt\u0131\u011f\u0131nda bu yolun hem Ferah\u2019\u0131n hem de kendisinin s\u0131nav\u0131 olaca\u011f\u0131n\u0131 bilmiyordu. Can ve Ferah, payla\u015f\u0131lamayan dev bir servet\u00a0 i\u00e7in yap\u0131lan kavgan\u0131n ortas\u0131nda kald\u0131lar. Herkesin kendi servetini arad\u0131\u011f\u0131 bu hayatta zorlu s\u0131navlardan ge\u00e7eceklerdi; Can, Ferah i\u00e7in kendisinin bile tahmin edemeyece\u011fi kadar ileri gidecek her \u015feyi, herkesi kar\u015f\u0131s\u0131na alacakt\u0131. Birbirlerini ya\u015fatmak i\u00e7in saf a\u015fklar\u0131ndan vazge\u00e7meleri gerekiyordu. Bu kirli kavga servet pe\u015finde ko\u015fan herkesi i\u00e7ine \u00e7ekecek, temiz kalmay\u0131 ba\u015faranlar hayattaki servetlerine kavu\u015facakt\u0131.<\/p>\n<p>Yap\u0131m\u0131n\u0131 Ortaks Yap\u0131m\u2019\u0131n ger\u00e7ekle\u015ftirdi\u011fi, yap\u0131mc\u0131l\u0131\u011f\u0131n\u0131 M\u00fcge Tural\u0131 Pak, Melda Perahya Yal\u00e7\u0131n ve Mehmetcan Y\u00fcksel\u2019in \u00fcstlendi\u011fi, proje tasar\u0131m\u0131n\u0131 Birsel \u00c7\u0131k\u0131nc\u0131\u2019n\u0131n yapt\u0131\u011f\u0131 ve senaryosunu Murat Boyac\u0131o\u011flu\u2019nun yazd\u0131\u011f\u0131 dizinin y\u00f6netmen koltu\u011funda ise Emir Khalilzadeh oturuyor. Gen\u00e7 jenerasyonun g\u00f6zde oyuncular\u0131ndan Yusuf \u00c7im ve Bahar \u015eahin\u2019in ba\u015frollerini payla\u015ft\u0131\u011f\u0131 dizide Ali S\u00fcrmeli, Arsen G\u00fcrzap, T\u00fclay G\u00fcnal, Kanbolat G\u00f6rkem Arslan, Baran B\u00f6l\u00fckba\u015f\u0131, Cemre G\u00fcmeli, Alicia Kapuda\u011f, Bar\u0131\u015f Yal\u00e7\u0131n, Bora Cengiz, Evren Duyal, Bekir \u00c7i\u00e7ekdemir, Deniz Atam, Ahmet Kaynak, Kadim Ya\u015far, Selahattin T\u00f6z, Miray Akay gibi g\u00fc\u00e7l\u00fc isimler de yer al\u0131yordu.<\/p>\n<p><img loading=\"lazy\" decoding=\"async\" class=\"alignnone size-full wp-image-22242\" src=\"http:\/\/balcilar-blog.com\/wp-content\/uploads\/2018\/05\/Ekran-Al\u0131nt\u0131s\u0131-4.BL_.F\u0130NAL.jpg\" alt=\"\" width=\"640\" height=\"368\" srcset=\"https:\/\/balcilar-blog.com\/wp-content\/uploads\/2018\/05\/Ekran-Al\u0131nt\u0131s\u0131-4.BL_.F\u0130NAL.jpg 640w, https:\/\/balcilar-blog.com\/wp-content\/uploads\/2018\/05\/Ekran-Al\u0131nt\u0131s\u0131-4.BL_.F\u0130NAL-300x173.jpg 300w\" sizes=\"auto, (max-width: 640px) 100vw, 640px\" \/><\/p>\n<p>Ama olmad\u0131, reyting i\u00e7in seyirciyi be\u011fendirmek, daha ilk b\u00f6l\u00fcmden izleyici Tv. ba\u015f\u0131na \u00e7ivilemek \u015fart. Olmaz ise erken final ka\u00e7\u0131n\u0131lmaz oluyor. Yusuf \u00c7im d\u00fczg\u00fcn fizi\u011fi ile bu diziyi kurtaramad\u0131!<\/p>\n<p>Akl\u0131ma gelen bu dizi sezon dizisi de\u011fil de, yaz dizisi olarak ekranlara gelseydi daha ba\u015far\u0131l\u0131 olur muydu. Yak\u0131\u015f\u0131kl\u0131 Yusuf \u00c7im, okullar\u0131n kapanmas\u0131 ile ge\u00e7 k\u0131zlar\u0131n ilgisi ile dizi reyting al\u0131r dizi devam edebilirdi!<\/p>\n<p>Sayg\u0131lar ve sevgiler.<\/p>\n<p>Abdurrahman Balc\u0131lar<\/p>\n<p>Twitter:\u00a0<a href=\"https:\/\/twitter.com\/abbalcilar\"><strong>@abbalcilar<\/strong><\/a><\/p>\n<p>Mail :\u00a0<a href=\"mailto:ab.balcilar@hotmail.com\">ab.balcilar@hotmail.com<\/a><\/p>\n<p>Blog:\u00a0<a href=\"http:\/\/t.co\/znqmIZgIqn\">blog.milliyet.com.tr\/cansever<\/a><\/p>\n<p>\u015eahsi Blog:\u00a0balcilar-blog.com<\/p>\n<p>&nbsp;<\/p>\n<p><strong>*\u015eahsi Blog sayfamda ve Milliyet Blog\u2019da yay\u0131nlanan blog yaz\u0131lar\u0131 b\u00fcy\u00fck bir \u00e7al\u0131\u015fman\u0131n \u00fcr\u00fcn\u00fc olup, izinsiz ya da kaynak g\u00f6stermeden al\u0131nt\u0131 yap\u0131lamaz. Aksi halde kanuni i\u015flem yap\u0131l\u0131r.<\/strong><\/p>\n<p>&nbsp;<\/p>\n<\/div>\n<\/div>\n<\/div>\n<\/div>\n","protected":false},"excerpt":{"rendered":"<p>Daha 4 hafta \u00f6nce &#8216;Servet&#8217; diye bir dizi ekranlara geldi, olduk\u00e7a klasik konu. Baz\u0131 izleyici diziyi be\u011fense de, \u00e7o\u011funluk bu dizi tutmaz, final yapar diye yorum yazm\u0131\u015flard\u0131. Ve \u00f6yle oldu, 4.b\u00f6l\u00fcmde final yapt\u0131, bitti gitti. Dizinin oyuncu kadrosuna bakarsak, gen\u00e7 oyuncu Yusuf \u00c7im romantik dizilerin adam\u0131 diyebiliriz. Ama burada olamam\u0131\u015f. Ferah (Bahar \u015eahin) da \u015firin [&hellip;]<\/p>\n","protected":false},"author":3,"featured_media":22241,"comment_status":"open","ping_status":"open","sticky":false,"template":"","format":"standard","meta":{"footnotes":""},"categories":[2],"tags":[1685,1704,1703,1161,1684,1062],"class_list":["post-22219","post","type-post","status-publish","format-standard","has-post-thumbnail","hentry","category-tv-programlari","tag-bahar-sahin","tag-emir-khalilzadeh","tag-murat-boyacioglu","tag-ortaks-yapim","tag-servet","tag-yusuf-cim"],"views":3241,"blog_post_layout_featured_media_urls":{"thumbnail":["https:\/\/balcilar-blog.com\/wp-content\/uploads\/2018\/05\/servet-dizisi-oyunculari-kimler-kadrosu-150x150.jpg",150,150,true],"full":["https:\/\/balcilar-blog.com\/wp-content\/uploads\/2018\/05\/servet-dizisi-oyunculari-kimler-kadrosu.jpg",640,415,false]},"categories_names":{"2":{"name":"TV Programlar\u0131","link":"https:\/\/balcilar-blog.com\/?cat=2"}},"tags_names":{"1685":{"name":"Bahar \u015eahin","link":"https:\/\/balcilar-blog.com\/?tag=bahar-sahin"},"1704":{"name":"Emir Khalilzadeh","link":"https:\/\/balcilar-blog.com\/?tag=emir-khalilzadeh"},"1703":{"name":"Murat Boyac\u0131o\u011flu","link":"https:\/\/balcilar-blog.com\/?tag=murat-boyacioglu"},"1161":{"name":"Ortaks Yap\u0131m","link":"https:\/\/balcilar-blog.com\/?tag=ortaks-yapim"},"1684":{"name":"Servet","link":"https:\/\/balcilar-blog.com\/?tag=servet"},"1062":{"name":"Yusuf \u00c7im","link":"https:\/\/balcilar-blog.com\/?tag=yusuf-cim"}},"comments_number":"0","wpmagazine_modules_lite_featured_media_urls":{"thumbnail":["https:\/\/balcilar-blog.com\/wp-content\/uploads\/2018\/05\/servet-dizisi-oyunculari-kimler-kadrosu-150x150.jpg",150,150,true],"cvmm-medium":["https:\/\/balcilar-blog.com\/wp-content\/uploads\/2018\/05\/servet-dizisi-oyunculari-kimler-kadrosu.jpg",300,195,false],"cvmm-medium-plus":["https:\/\/balcilar-blog.com\/wp-content\/uploads\/2018\/05\/servet-dizisi-oyunculari-kimler-kadrosu.jpg",305,198,false],"cvmm-portrait":["https:\/\/balcilar-blog.com\/wp-content\/uploads\/2018\/05\/servet-dizisi-oyunculari-kimler-kadrosu.jpg",400,259,false],"cvmm-medium-square":["https:\/\/balcilar-blog.com\/wp-content\/uploads\/2018\/05\/servet-dizisi-oyunculari-kimler-kadrosu.jpg",600,389,false],"cvmm-large":["https:\/\/balcilar-blog.com\/wp-content\/uploads\/2018\/05\/servet-dizisi-oyunculari-kimler-kadrosu.jpg",640,415,false],"cvmm-small":["https:\/\/balcilar-blog.com\/wp-content\/uploads\/2018\/05\/servet-dizisi-oyunculari-kimler-kadrosu.jpg",130,84,false],"full":["https:\/\/balcilar-blog.com\/wp-content\/uploads\/2018\/05\/servet-dizisi-oyunculari-kimler-kadrosu.jpg",640,415,false]},"_links":{"self":[{"href":"https:\/\/balcilar-blog.com\/index.php?rest_route=\/wp\/v2\/posts\/22219","targetHints":{"allow":["GET"]}}],"collection":[{"href":"https:\/\/balcilar-blog.com\/index.php?rest_route=\/wp\/v2\/posts"}],"about":[{"href":"https:\/\/balcilar-blog.com\/index.php?rest_route=\/wp\/v2\/types\/post"}],"author":[{"embeddable":true,"href":"https:\/\/balcilar-blog.com\/index.php?rest_route=\/wp\/v2\/users\/3"}],"replies":[{"embeddable":true,"href":"https:\/\/balcilar-blog.com\/index.php?rest_route=%2Fwp%2Fv2%2Fcomments&post=22219"}],"version-history":[{"count":5,"href":"https:\/\/balcilar-blog.com\/index.php?rest_route=\/wp\/v2\/posts\/22219\/revisions"}],"predecessor-version":[{"id":22248,"href":"https:\/\/balcilar-blog.com\/index.php?rest_route=\/wp\/v2\/posts\/22219\/revisions\/22248"}],"wp:featuredmedia":[{"embeddable":true,"href":"https:\/\/balcilar-blog.com\/index.php?rest_route=\/wp\/v2\/media\/22241"}],"wp:attachment":[{"href":"https:\/\/balcilar-blog.com\/index.php?rest_route=%2Fwp%2Fv2%2Fmedia&parent=22219"}],"wp:term":[{"taxonomy":"category","embeddable":true,"href":"https:\/\/balcilar-blog.com\/index.php?rest_route=%2Fwp%2Fv2%2Fcategories&post=22219"},{"taxonomy":"post_tag","embeddable":true,"href":"https:\/\/balcilar-blog.com\/index.php?rest_route=%2Fwp%2Fv2%2Ftags&post=22219"}],"curies":[{"name":"wp","href":"https:\/\/api.w.org\/{rel}","templated":true}]}}