{"id":222,"date":"2014-02-22T17:06:49","date_gmt":"2014-02-22T15:06:49","guid":{"rendered":"http:\/\/balcilar-blog.com\/?p=222"},"modified":"2014-02-22T17:06:49","modified_gmt":"2014-02-22T15:06:49","slug":"medcezir-mira-artik-yamansiz-yapamiyor-bu-ask-bitmez","status":"publish","type":"post","link":"https:\/\/balcilar-blog.com\/?p=222","title":{"rendered":"Medcezir \/ Mira art\u0131k Yaman\u2019s\u0131z yapam\u0131yor, bu a\u015fk bitmez!"},"content":{"rendered":"<div>\n<h4>22 \u015eubat &#8217;14<\/h4>\n<\/div>\n<dl>\n<dt>Kategori<\/dt>\n<dd><a href=\"http:\/\/blog.milliyet.com.tr\/tv-programlari\/Kategori\/?KategoriNo=351\"><strong>TV Programlar\u0131<\/strong><\/a><\/dd>\n<\/dl>\n<div><\/div>\n<div>\n<div><img loading=\"lazy\" decoding=\"async\" alt=\"Medcezir \/ Mira art\u0131k Yaman\u2019s\u0131z yapam\u0131yor, bu a\u015fk bitmez!\" src=\"http:\/\/iblog.milliyet.com.tr\/imgroot\/blogv7\/Blog333\/2014\/02\/22\/09\/450076-3-4-8fbe2.jpg\" width=\"333\" height=\"240\" \/><\/p>\n<div><\/div>\n<p>&nbsp;<\/p>\n<\/div>\n<div id=\"BlogDetail\">\n<p><a href=\"http:\/\/blog.milliyet.com.tr\/AramaBlog\/?search=Star%20Tv\" rel=\"external nofollow\">Star Tv<\/a>.in fenomen dizisi \u201cMedcezir\u201d d\u00fcn ak\u015fam \u00e7ok tatl\u0131 bir b\u00f6l\u00fcmle ekranlar\u0131m\u0131zdayd\u0131. Art\u0131k Cuma ak\u015famlar\u0131 Medcezir izlemek herkesin vazge\u00e7ilmezi oldu. Reytinglerde AB\u2019de her zaman oldu\u011fu gibi 1.s\u0131rada, Total\u2019de Karag\u00fcl\u2019\u00fcn ard\u0131ndan 2.s\u0131rada yer ald\u0131.<\/p>\n<p>Ge\u00e7en hafta s\u00fcper Uluda\u011f tatil b\u00f6l\u00fcm\u00fcnden sonra bu b\u00f6l\u00fcm izleyiciye biraz vasat geldi. Her b\u00f6l\u00fcm s\u00fcper olamaz ya\u2026 Yaman, Uluda\u011f d\u00f6n\u00fc\u015f\u00fc annesinin bir mektup b\u0131rakarak onu terk etmesini \u00e7ok sinirlenmi\u015f ve \u00fcz\u00fclm\u00fc\u015ft\u00fc.<\/p>\n<p>Selim Serez, kar\u0131s\u0131 Ender\u2019in g\u00f6nl\u00fcn\u00fc almak i\u00e7in, sevgililer g\u00fcn\u00fc i\u00e7in evde \u00e7ok g\u00fczel bir s\u00fcrpriz haz\u0131rlam\u0131\u015f, g\u00fcl d\u00f6kt\u00fcm yollar\u0131na \u015fark\u0131s\u0131 var ya, salona g\u00fcl yapraklar\u0131 ile bezemi\u015f, a\u011fz\u0131ndan sundu\u011fu tek bir k\u0131rm\u0131z\u0131 g\u00fcl, Ender\u2019in kalbini fethetmi\u015ftir.<\/p>\n<p><img decoding=\"async\" alt=\"G\u00f6m\u00fcl\u00fc resim i\u00e7in kal\u0131c\u0131 ba\u011flant\u0131\" src=\"https:\/\/pbs.twimg.com\/media\/Bgi-ePNCcAA4g-d.jpg\" \/><\/p>\n<p>Mert ile Yaman\u2019\u0131n eve d\u00f6n\u00fc\u015flerini g\u00f6ren Serez \u00e7ifti, yanlar\u0131na gelir \u00e7ok sevinirler. Ender Han\u0131m, mektubu okur, s\u0131rf senim d\u00f6nmeni istedi\u011fi i\u00e7in gitmi\u015f. Olay\u0131 tart\u0131\u015f\u0131rlar, Selim Bey nas\u0131l olsa \u00f6\u011frenece\u011fiz der ve tatl\u0131ya ba\u011flar. Mira ile Beren de evde bir s\u00fcrpriz bekler, annelerinin ba\u015fucunda bo\u015f ila\u00e7 kutusu ile erkenden uyudu\u011funu g\u00f6r\u00fcnce, intihar etti\u011fini zannederek pani\u011fe kap\u0131l\u0131rlar. \u00c7ok \u00fcz\u00fcl\u00fcrler. Annelerinin bo\u015fand\u0131\u011f\u0131n\u0131 da \u00f6\u011frenirler.<\/p>\n<p><img decoding=\"async\" alt=\"G\u00f6m\u00fcl\u00fc resim i\u00e7in kal\u0131c\u0131 ba\u011flant\u0131\" src=\"https:\/\/pbs.twimg.com\/media\/BhE3UQwIAAAj2_n.jpg\" \/><\/p>\n<p>O s\u0131rada Mira da gelir, biz yokken bo\u015fanm\u0131\u015flar diyerek a\u011flar, Yaman\u2019a sar\u0131l\u0131r. Tam da sevgililer g\u00fcn\u00fcnde, \u015fu halimize bak. Mert, Eyl\u00fcl\u2019 \u00fc de \u00e7a\u011f\u0131ray\u0131m bu ak\u015fam hep birlikte olal\u0131m, yemek yiyelim.<\/p>\n<p>Hale, anne babas\u0131na s\u00fcrpriz yapar, Uluda\u011f\u2019da tan\u0131\u015ft\u0131\u011f\u0131 kendinden en az 20 ya\u015f b\u00fcy\u00fck Tolga bey ile evlenmeye karar verir.<\/p>\n<p>Hasan, Orkun\u2019un kap\u0131s\u0131na gelip, tekrar i\u015fe al\u0131nmas\u0131 i\u00e7in yalvar\u0131r. Ama Orkun oral\u0131 olmaz. Giray da hapishane d\u00f6n\u00fc\u015f\u00fc bir demet \u00e7i\u00e7ek ile Ay\u015fe\u2019ye gelir. Kap\u0131dan Faruk Beye \u00e7i\u00e7ek getiren \u00e7i\u00e7ek\u00e7i zanneder. Faruk Beyi Sedef yeni restorana \u00e7ok k\u00f6t\u00fc bir \u015fey oldu diye \u00e7a\u011f\u0131r\u0131r. Faruk Beye m\u00fckellef bir masa haz\u0131rlam\u0131\u015f, o da s\u00fcrpriz yapm\u0131\u015ft\u0131r.<\/p>\n<p>Giray, g\u00fcvenlik g\u00f6revlisinin m\u00fcdahalesi ile geri g\u00f6ndermek zorunda kal\u0131r. Giray bundan sonraki b\u00f6l\u00fcmlerde hem Ay\u015fe\u2019ye, hem de Yaman\u2019\u0131n ba\u015f\u0131na dert olacak gibi g\u00f6z\u00fck\u00fcyor.<\/p>\n<p><img decoding=\"async\" alt=\"\" src=\"http:\/\/www2.dizifilm.com\/newpics\/fotogaleri\/act\/4523_7548_19022014_8.jpg\" \/><\/p>\n<p>Yaman ile Mira sevgililer g\u00fcn\u00fcnde ba\u015f ba\u015fa yemek yerine, Serez\u2019 lerde Eyl\u00fcl ve Sude Han\u0131m\u0131n kat\u0131l\u0131m\u0131yla tam bir aile yeme\u011fi yerler. Mert kadere bak, her \u015fey k\u0131smet der. Eyl\u00fcl, sevgililer g\u00fcn\u00fc partisi i\u00e7in kul\u00fcbe gitmek ister. Ender ile Selim kald\u0131klar\u0131 yerden evde geceye devam ederler.<\/p>\n<p><img decoding=\"async\" alt=\"G\u00f6m\u00fcl\u00fc resim i\u00e7in kal\u0131c\u0131 ba\u011flant\u0131\" src=\"https:\/\/pbs.twimg.com\/media\/BhEb2AyCMAAzy0O.png\" \/><\/p>\n<p>Yaman ile Mira, Yaman\u2019\u0131n odas\u0131na \u00e7ekilirler. \u0130ki sevgili dertle\u015firler. Yaman, annesinin nerde oldu\u011funu merak etmektedir. Mira, sen bana sar\u0131l\u0131nca can\u0131m yan\u0131yorsa, art\u0131k yanm\u0131yor, korkuyorsam, art\u0131k korkmuyorum. Sende her \u015feyi bende olmak istiyorum, b\u00fct\u00fcn \u00fcz\u00fcnt\u00fclerimiz birlikteyken yok olup gitsin istiyorum. Doyas\u0131ya sar\u0131l\u0131rlar, kokla\u015f\u0131rlar. Yaman, sen benim hayat\u0131mda en g\u00fczel \u015feysin, der.<\/p>\n<p><img decoding=\"async\" alt=\"\" src=\"http:\/\/www2.dizifilm.com\/newpics\/fotogaleri\/act\/4523_7548_19022014_6.jpg\" \/><\/p>\n<p>Art\u0131k, Mira Yaman\u2019\u0131 hi\u00e7 yaln\u0131z b\u0131rakmamaya kararl\u0131, Yaman i\u00e7in her \u015feyi g\u00f6ze al\u0131yor. Annesi Sude Han\u0131m\u0131 bile t\u0131nlamaz oldu. \u0130zmir\u2019e de onunla gidebiliyorsa. A\u015fk sen nelere kadirsin yarabbi.<\/p>\n<p>Mert ile Eyl\u00fcl kul\u00fcpte garip bir durumla kar\u015f\u0131la\u015f\u0131rlar. Zil \u00e7alar, maslarda herkes arkada\u015f de\u011fi\u015ftirir. Mert\u2019in kar\u015f\u0131s\u0131na oturan kad\u0131n kalkmaz, Eyl\u00fcl ile tart\u0131\u015f\u0131rlar. Her zilde biri ile tan\u0131\u015fma fasl\u0131 ba\u015flar.<\/p>\n<p>Yaman ile Mira film seyrederken annesinin \u0130zmir\u2019e pavyona gitti\u011fini tahmin eder. \u0130nternetten bulur, telefon eder, Per\u015fembe a\u00e7\u0131laca\u011f\u0131n\u0131 \u00f6\u011frenir, ad\u0131na rezervasyon yapt\u0131r\u0131r.<\/p>\n<p><img decoding=\"async\" alt=\"G\u00f6m\u00fcl\u00fc resim i\u00e7in kal\u0131c\u0131 ba\u011flant\u0131\" src=\"https:\/\/pbs.twimg.com\/media\/BhD173eCIAAHlNy.jpg\" \/><\/p>\n<p>Yaman, darald\u0131m d\u0131\u015far\u0131 \u00e7\u0131kal\u0131m der ve Mert ile Eyl\u00fcl\u2019\u00fcn yan\u0131na gelirler. Mert, Bu\u011fra y\u00fcz\u00fcnden k\u0131z tavlama iddias\u0131na girer. B\u00fct\u00fcn sempatikli\u011fi ile yaln\u0131z oturan bir k\u0131z\u0131n masana oturur. G\u00fclerek,\u00a0 iddiay\u0131 a\u00e7\u0131l\u0131klar, yard\u0131m ister. Durumun vahametini g\u00f6ren Eyl\u00fcl \u00e7ok bozulur, k\u0131z\u0131n ger\u00e7ek arkada\u015f\u0131 gelir, Mert\u2019e bir yumruk indirir, yere d\u00fc\u015fer. Yaman imdad\u0131na ko\u015far. Mert, Allah&#8217;\u0131n sopas\u0131 yokmu\u015f, der.<\/p>\n<p><img decoding=\"async\" alt=\"G\u00f6m\u00fcl\u00fc resim i\u00e7in kal\u0131c\u0131 ba\u011flant\u0131\" src=\"https:\/\/pbs.twimg.com\/media\/BhEbWYzCQAAdtzm.jpg\" \/><\/p>\n<p>Yaman zil zurna sarho\u015f olur. Mert, karga tulumba eve getirir. Mira ile yata\u011f\u0131na yat\u0131r\u0131lar. Mert onlar\u0131 yaln\u0131z b\u0131rak\u0131r. Mira deli divane olur, ayakkab\u0131lar\u0131n\u0131, montunu \u00e7\u0131kar\u0131r. Yaman bu kadar i\u00e7kiyi s\u0131rf morali bozuk oldu\u011fu i\u00e7in i\u00e7mi\u015ftir. Mira, monttan d\u00fc\u015fen Nevin Han\u0131m\u0131n mektubunu okur. \u00c7ok \u00fcz\u00fcl\u00fcr, g\u00f6zya\u015flar\u0131n\u0131 tutamaz.\u00a0 Uyuyan Yaman\u2019\u0131 \u00f6per, yay\u0131na yatar, uyuya kal\u0131r. Sabah annesi, oday\u0131 basar, kar\u015f\u0131la\u015ft\u0131\u011f\u0131 tabloya \u00e7ok bozulur. Yaman, \u00f6z\u00fcr diler, durum d\u00fc\u015f\u00fcnd\u00fc\u011f\u00fcn gibi de\u011fil, der. Mira, annesine alttan al\u0131r, kendini af ettirmeye \u00e7al\u0131\u015f\u0131r.<\/p>\n<p><img decoding=\"async\" alt=\"G\u00f6m\u00fcl\u00fc resim i\u00e7in kal\u0131c\u0131 ba\u011flant\u0131\" src=\"https:\/\/pbs.twimg.com\/media\/BhE44RLCUAA5D7l.png\" \/><\/p>\n<p>Sedef Han\u0131m babas\u0131 ile konu\u015fur, Las Vegas\u2019ta bir adam ile evli oldu\u011funu, bo\u015fanamad\u0131\u011f\u0131n\u0131, para istedi\u011fini s\u00f6yler. As\u0131m Bey \u00e7ok sinirlenir. As\u0131m Bey, Selim beyden Sedef\u2019in bo\u015fanma konusunda yard\u0131m ister.<\/p>\n<p><img decoding=\"async\" alt=\"\" src=\"http:\/\/www2.dizifilm.com\/newpics\/fotogaleri\/act\/4523_7548_19022014_7.jpg\" \/><\/p>\n<p>Mira, sabah Eyl\u00fcl ile konu\u015fur,\u00a0 Mira olanlar\u0131 anlat\u0131r. Yaman ile \u0130zmir\u2019e gidece\u011fini s\u00f6yler. Annesi kap\u0131dan duyunca \u0130zmir\u2019e falan gitmiyorsun diye tavr\u0131n\u0131 koyar. Sude Han\u0131m, bu evde de bir dram ya\u015fan\u0131yor, bu d\u00fcnyada k\u00f6t\u00fc \u015feyler sadece Yaman\u2019\u0131n ba\u015f\u0131na gelmiyor. \u00d6z annenin de deste\u011fi ihtiyac\u0131 olaca\u011f\u0131n\u0131 g\u00f6r, der.<\/p>\n<p>Eyl\u00fcl, sabah kahvalt\u0131s\u0131nda ailesi ile beraber olur. \u00dcvey annesi Gamze\u2019nin hamile oldu\u011funu \u00f6\u011frenince \u015fok olur. Bir m\u00fchlet kendine gelemez. Mert, her zamanki gibi \u015faklabanl\u0131\u011f\u0131 \u00fcst\u00fcndedir. Babas\u0131 keyfin yerinde, Mert niye olmas\u0131n, en yak\u0131n arkada\u015f\u0131m eve d\u00f6nd\u00fc, okullar tatil, der. Mert, Yaman\u2019a bakay\u0131m, hizmetli Yaman market de al\u0131\u015fveri\u015fte. Yaman, markette Ay\u015fe\u2019den Giray\u2019\u0131n geldi\u011fini \u00f6\u011frenir. Tozludere\u2019 ye gider, Giray ile konu\u015fur. Ay\u015fe\u2019nin yerini annesinin s\u00f6yledi\u011fini \u00f6\u011frenir. Giray\u2019a benden de, Ay\u015fe\u2019den de uzak dur, akl\u0131n\u0131 ba\u015f\u0131na topla, sana o kadar s\u00f6yl\u00fcyorum.<\/p>\n<p><img decoding=\"async\" alt=\"\" src=\"http:\/\/www2.dizifilm.com\/newpics\/fotogaleri\/act\/4523_7548_19022014_4.jpg\" \/><\/p>\n<p>Mert, Eyl\u00fcl\u2019e karde\u015f geldi\u011fini \u00f6\u011frenir. Eyl\u00fcl\u2019\u00fcn moralini d\u00fczeltmek i\u00e7in \u00e7aba harcar. Herkese pizza s\u00f6yler, afiyetle yerler. Eyl\u00fcl, Yaman \u0130zmir\u2019e gidiyormu\u015f diye yumurtlar. Eyl\u00fcl ben de Mira\u2019y\u0131 yaln\u0131z b\u0131rakamam.<\/p>\n<p><img decoding=\"async\" alt=\"G\u00f6m\u00fcl\u00fc resim i\u00e7in kal\u0131c\u0131 ba\u011flant\u0131\" src=\"https:\/\/pbs.twimg.com\/media\/Bg0-wuRCIAAFPWd.png\" \/><\/p>\n<p>Mira ile Beren babalar\u0131 Faruk Beyle konu\u015furlar, bo\u015fanma konusunu tart\u0131\u015f\u0131rlar. Faruk bey, Sedef ile evlenme konusu \u015fimdilik g\u00fcndemde yok.<\/p>\n<p><img decoding=\"async\" alt=\"G\u00f6m\u00fcl\u00fc resim i\u00e7in kal\u0131c\u0131 ba\u011flant\u0131\" src=\"https:\/\/pbs.twimg.com\/media\/BhBDdECCYAANQvI.jpg\" \/><\/p>\n<p>Yaman, Ender Han\u0131m\u0131n b\u00fcrosunda i\u015fe ba\u015flar. Ender Han\u0131m yapaca\u011f\u0131 i\u015fleri s\u0131ralar. Orkun da o s\u0131rada Sude Han\u0131m ile konu\u015fuyordur. Orada Yaman\u2019\u0131 g\u00f6r\u00fcrler. Orkun \u00e7\u0131k\u0131\u015fta Yaman\u2019a, basar kah kay\u0131. \u015eimdi de burada m\u0131 \u00e7al\u0131\u015fmaya ba\u015flad\u0131n? Yaman, itiraz\u0131n m\u0131 var? Orkun, tepeden t\u0131rna\u011fa itiraz\u0131m var sana, in\u015fallah ne mal oldu\u011funu anlarlar da, ait oldu\u011fun yere bir an \u00f6nce d\u00f6nersin. Yaman, hadi git sen i\u015fine. Ender Han\u0131m, ne oldu diye sorar. Yaman yok bir \u015fey, benim \u0130zmir\u2019e gitmem laz\u0131m diye izin ister. Ender Han\u0131m, biliyorum, Mert s\u00f6yledi, hep beraber gidiyormu\u015fsunuz. Yaman, \u0130zmir benim \u00f6zel durumum olmaz, yaln\u0131z gidece\u011fim. Mira da olmaz yan\u0131nda olmak istiyoruz. Yaman, son karar\u0131m der ve gider.<\/p>\n<p><img decoding=\"async\" alt=\"\" src=\"http:\/\/www2.dizifilm.com\/newpics\/fotogaleri\/act\/4523_7548_19022014_9.jpg\" \/><\/p>\n<p>\u0130zmir\u2019de Pavyonda k\u0131vrak bir dans\u00f6z. Yaman, i\u00e7eri girer bir masaya oturur, beklemeye ba\u015flar. S\u0131ra Nevin Han\u0131ma gelir, anons edilir. O s\u0131ra kap\u0131ya taksi ile Mert, Mira ve Eyl\u00fcl gelir, i\u00e7eri girerler. \u201c\u00c7ok ge\u00e7 kalm\u0131\u015f\u0131z, eski radyolar gibi\u201d yan\u0131k bir \u015fark\u0131 olan lale devrini s\u00f6yleyerek sahneye \u00e7\u0131kar Nevin Koper.<\/p>\n<p><img decoding=\"async\" alt=\"G\u00f6m\u00fcl\u00fc resim i\u00e7in kal\u0131c\u0131 ba\u011flant\u0131\" src=\"https:\/\/pbs.twimg.com\/media\/BhEyQ3VIUAAHhX-.jpg\" \/><\/p>\n<p>Yaman, bir an kar\u015f\u0131s\u0131nda babas\u0131n\u0131 g\u00f6r\u00fcr, \u201cBaba\u201d diye seslenir. Babas\u0131 yar\u0131m tebess\u00fcmle kar\u015f\u0131lar y\u0131llard\u0131r g\u00f6rmedi\u011fi o\u011flu Yaman\u2019\u0131 ve 23.b\u00f6l\u00fcm burada sona erer.<\/p>\n<p><a href=\"http:\/\/blog.milliyet.com.tr\/AramaBlog\/?search=Ay%20Yap%C4%B1m\" rel=\"external nofollow\">Ay Yap\u0131m<\/a>\u2019\u0131n bu s\u00fcper dizisi bakal\u0131m ne gibi olaylara daha gebe. Yaman, Annesini g\u00f6t\u00fcrenin babas\u0131 oldu\u011funu \u00f6\u011frendi, \u015fimdi neler olacak, say\u0131n senaristimiz\u00a0<a href=\"http:\/\/blog.milliyet.com.tr\/AramaBlog\/?search=Ece%20Y%C3%B6ren%C3%A7\" rel=\"external nofollow\">Ece Y\u00f6ren\u00e7<\/a>, izleyicisine daha ne gibi s\u00fcrprizler yazacak, ilerleyen b\u00f6l\u00fcmlerde hep birlikte g\u00f6rece\u011fiz.<\/p>\n<p>Mira (<a href=\"http:\/\/blog.milliyet.com.tr\/AramaBlog\/?search=Serenay%20Sar%C4%B1kaya\" rel=\"external nofollow\">Serenay Sar\u0131kaya<\/a>) &#8211; Yaman (<a href=\"http:\/\/blog.milliyet.com.tr\/AramaBlog\/?search=%C3%87a%C4%9Fatay%20Ulusoy\" rel=\"external nofollow\">\u00c7a\u011fatay Ulusoy<\/a>) a\u015fk\u0131 Medcezi&#8217;de en az 4 y\u0131l devam edecek gibi geliyor bana, bu a\u015fk bitmez. \u00c7ok da tatl\u0131lar, \u00e7ok da ba\u015far\u0131l\u0131lar, kutluyorum her ikisini de.\u00a0Ayr\u0131ca deneyimli y\u00f6netmeniz\u00a0<a href=\"http:\/\/blog.milliyet.com.tr\/AramaBlog\/?search=Ali%20Bilgin\" rel=\"external nofollow\">Ali Bilgin<\/a>&#8216;e de ellerine sa\u011fl\u0131k diyorum, t\u00fcm izleyenlerin ad\u0131na.<\/p>\n<p>Medcezir \u00f6d\u00fcl toplamaya devam ediyor, 21.\u0130T\u00dc EM\u00d6S Ba\u015far\u0131 \u00d6d\u00fcllerinde, Y\u0131l\u0131n en ba\u015far\u0131l\u0131 dizisi \u201cMedcezir\u201d se\u00e7ildi.\u00a0 2014 Y\u0131l\u0131 i\u00e7inde arkas\u0131 daha da gelecek gibi g\u00f6z\u00fck\u00fcyor.<\/p>\n<p>Keyifli Seyirler.<\/p>\n<p>Sayg\u0131lar, sevgiler.<\/p>\n<p>Abdurrahman Balc\u0131lar<\/p>\n<p>Twitter: abdurrahman balc\u0131lar@abbalcilar<\/p>\n<p>Mail :\u00a0<a href=\"mailto:ab.balcilar@hotmail.com\" target=\"_blank\">ab.balcilar@hotmail.com<\/a><\/p>\n<div>\n<p>Blog: milliyet.com.tr\/Cansever<\/p>\n<p>Blog: balcilar-blog.com<\/p>\n<p>Not: G\u00f6rseller internetten, Medcezir Twitter sayfas\u0131ndan\u00a0al\u0131nm\u0131\u015ft\u0131r. Ayr\u0131ca, foto\u011fraflarda g\u00f6r\u00fclen Foto-shoplar\u0131 haz\u0131rlayanlar\u0131n emeklerine sa\u011fl\u0131k diyor, te\u015fekk\u00fcr ediyorum.<\/p>\n<\/div>\n<\/div>\n<p>&nbsp;<\/p>\n<\/div>\n","protected":false},"excerpt":{"rendered":"<p>22 \u015eubat &#8217;14 Kategori TV Programlar\u0131 &nbsp; Star Tv.in fenomen dizisi \u201cMedcezir\u201d d\u00fcn ak\u015fam \u00e7ok tatl\u0131 bir b\u00f6l\u00fcmle ekranlar\u0131m\u0131zdayd\u0131. Art\u0131k Cuma ak\u015famlar\u0131 Medcezir izlemek herkesin vazge\u00e7ilmezi oldu. Reytinglerde AB\u2019de her zaman oldu\u011fu gibi 1.s\u0131rada, Total\u2019de Karag\u00fcl\u2019\u00fcn ard\u0131ndan 2.s\u0131rada yer ald\u0131. Ge\u00e7en hafta s\u00fcper Uluda\u011f tatil b\u00f6l\u00fcm\u00fcnden sonra bu b\u00f6l\u00fcm izleyiciye biraz vasat geldi. Her b\u00f6l\u00fcm [&hellip;]<\/p>\n","protected":false},"author":3,"featured_media":0,"comment_status":"open","ping_status":"open","sticky":false,"template":"","format":"standard","meta":{"footnotes":""},"categories":[2],"tags":[31,142,15,29,16,27,25],"class_list":["post-222","post","type-post","status-publish","format-standard","hentry","category-tv-programlari","tag-ali-bilgin","tag-ay-ypim","tag-cagatay-ulusoy","tag-ece-yorenc","tag-medcezir","tag-serenay-sarikaya","tag-star-tv"],"views":5963,"blog_post_layout_featured_media_urls":{"thumbnail":"","full":""},"categories_names":{"2":{"name":"TV Programlar\u0131","link":"https:\/\/balcilar-blog.com\/?cat=2"}},"tags_names":{"31":{"name":"Ali Bilgin","link":"https:\/\/balcilar-blog.com\/?tag=ali-bilgin"},"142":{"name":"Ay Yp\u0131m","link":"https:\/\/balcilar-blog.com\/?tag=ay-ypim"},"15":{"name":"\u00e7a\u011fatay ulusoy","link":"https:\/\/balcilar-blog.com\/?tag=cagatay-ulusoy"},"29":{"name":"Ece Y\u00f6ren\u00e7","link":"https:\/\/balcilar-blog.com\/?tag=ece-yorenc"},"16":{"name":"medcezir","link":"https:\/\/balcilar-blog.com\/?tag=medcezir"},"27":{"name":"Serenay Sar\u0131kaya","link":"https:\/\/balcilar-blog.com\/?tag=serenay-sarikaya"},"25":{"name":"Star Tv","link":"https:\/\/balcilar-blog.com\/?tag=star-tv"}},"comments_number":"2","wpmagazine_modules_lite_featured_media_urls":{"thumbnail":"","cvmm-medium":"","cvmm-medium-plus":"","cvmm-portrait":"","cvmm-medium-square":"","cvmm-large":"","cvmm-small":"","full":""},"_links":{"self":[{"href":"https:\/\/balcilar-blog.com\/index.php?rest_route=\/wp\/v2\/posts\/222","targetHints":{"allow":["GET"]}}],"collection":[{"href":"https:\/\/balcilar-blog.com\/index.php?rest_route=\/wp\/v2\/posts"}],"about":[{"href":"https:\/\/balcilar-blog.com\/index.php?rest_route=\/wp\/v2\/types\/post"}],"author":[{"embeddable":true,"href":"https:\/\/balcilar-blog.com\/index.php?rest_route=\/wp\/v2\/users\/3"}],"replies":[{"embeddable":true,"href":"https:\/\/balcilar-blog.com\/index.php?rest_route=%2Fwp%2Fv2%2Fcomments&post=222"}],"version-history":[{"count":1,"href":"https:\/\/balcilar-blog.com\/index.php?rest_route=\/wp\/v2\/posts\/222\/revisions"}],"predecessor-version":[{"id":223,"href":"https:\/\/balcilar-blog.com\/index.php?rest_route=\/wp\/v2\/posts\/222\/revisions\/223"}],"wp:attachment":[{"href":"https:\/\/balcilar-blog.com\/index.php?rest_route=%2Fwp%2Fv2%2Fmedia&parent=222"}],"wp:term":[{"taxonomy":"category","embeddable":true,"href":"https:\/\/balcilar-blog.com\/index.php?rest_route=%2Fwp%2Fv2%2Fcategories&post=222"},{"taxonomy":"post_tag","embeddable":true,"href":"https:\/\/balcilar-blog.com\/index.php?rest_route=%2Fwp%2Fv2%2Ftags&post=222"}],"curies":[{"name":"wp","href":"https:\/\/api.w.org\/{rel}","templated":true}]}}