{"id":2202,"date":"2014-06-04T19:04:01","date_gmt":"2014-06-04T16:04:01","guid":{"rendered":"http:\/\/balcilar-blog.com\/?p=2202"},"modified":"2014-06-05T09:46:41","modified_gmt":"2014-06-05T06:46:41","slug":"beni-boyle-sev-evlenme-cuzdanlari-karisinca","status":"publish","type":"post","link":"https:\/\/balcilar-blog.com\/?p=2202","title":{"rendered":"Beni B\u00f6yle Sev \/ Evlenme c\u00fczdanlar\u0131 kar\u0131\u015f\u0131nca!"},"content":{"rendered":"<p>&nbsp;<\/p>\n<p><a href=\"http:\/\/balcilar-blog.com\/wp-content\/uploads\/2014\/06\/Ekran-Al\u0131nt\u0131s\u0131.PNG-63.d1.png\"><img loading=\"lazy\" decoding=\"async\" class=\"alignnone size-medium wp-image-2219\" src=\"http:\/\/balcilar-blog.com\/wp-content\/uploads\/2014\/06\/Ekran-Al\u0131nt\u0131s\u0131.PNG-63.d1-300x171.png\" alt=\"Ekran Al\u0131nt\u0131s\u0131.PNG 63.d\" width=\"300\" height=\"171\" srcset=\"https:\/\/balcilar-blog.com\/wp-content\/uploads\/2014\/06\/Ekran-Al\u0131nt\u0131s\u0131.PNG-63.d1-300x171.png 300w, https:\/\/balcilar-blog.com\/wp-content\/uploads\/2014\/06\/Ekran-Al\u0131nt\u0131s\u0131.PNG-63.d1.png 758w\" sizes=\"auto, (max-width: 300px) 100vw, 300px\" \/><\/a><\/p>\n<p>TRT 1.in \u00dcniversite Gen\u00e7lik Dizisi \u201cBeni B\u00f6yle Sev\u201d ge\u00e7ti\u011fimiz pazartesi ak\u015fam\u0131 62.B\u00f6l\u00fcm\u00fc ile ekranlar\u0131m\u0131zdayd\u0131. Haftaya 63.B\u00f6l\u00fcm sezon finali yapacak. \u00d6n\u00fcm\u00fczdeki Eyl\u00fcl\u2019de de 3.sezonuna girecek.<\/p>\n<p>Dizimizin reytinglerine g\u00f6z atarsak, AB\u2019de 15.s\u0131rada, Total\u2019de 27.s\u0131rada yer ald\u0131\u011f\u0131n\u0131 g\u00f6rd\u00fck.<\/p>\n<p>\u0130lyas Bey, o\u011flu Furkan\u2019a \u00e7al\u0131\u015f\u0131rken el \u015fakalar\u0131 yapar. Furkan sinirlenir, babas\u0131n\u0131n \u00e7ok yoruldu\u011funu, annesi ile Ak\u00e7aabat\u2019a tatile gitmesi gerekti\u011fini s\u00f6yler.<\/p>\n<p>Ay\u015fem evde bebe\u011fi ile ba\u015f ba\u015fad\u0131r, bir tarafta bebe\u011fi a\u011flar, di\u011fer taraftan ev i\u015fleri \u00fct\u00fc yaparken, sinirleri bozulur. Fahriye\u2019lerden bebek konu\u015fma arac\u0131 ile yard\u0131m ister. Fahriye ile Seda biz okula gidece\u011fiz diye kabul etmezler. Seda, iner a\u015fa\u011f\u0131 bebe\u011fi bakar. Ay\u015fem, biraz ders \u00e7al\u0131\u015f\u0131r.<\/p>\n<p><a href=\"http:\/\/balcilar-blog.com\/wp-content\/uploads\/2014\/06\/Ekran-Al\u0131nt\u0131s\u0131.PNG-BBS.62.2.png\"><img loading=\"lazy\" decoding=\"async\" class=\"alignnone size-medium wp-image-2213\" src=\"http:\/\/balcilar-blog.com\/wp-content\/uploads\/2014\/06\/Ekran-Al\u0131nt\u0131s\u0131.PNG-BBS.62.2-300x172.png\" alt=\"Ekran Al\u0131nt\u0131s\u0131.PNG BBS.62.2\" width=\"300\" height=\"172\" srcset=\"https:\/\/balcilar-blog.com\/wp-content\/uploads\/2014\/06\/Ekran-Al\u0131nt\u0131s\u0131.PNG-BBS.62.2-300x172.png 300w, https:\/\/balcilar-blog.com\/wp-content\/uploads\/2014\/06\/Ekran-Al\u0131nt\u0131s\u0131.PNG-BBS.62.2.png 736w\" sizes=\"auto, (max-width: 300px) 100vw, 300px\" \/><\/a><\/p>\n<p>Seda, Fahriye ile Reyhan\u2019\u0131 evden g\u00f6ndermek ister, ama ba\u015faramaz.<\/p>\n<p><img decoding=\"async\" src=\"http:\/\/www2.dizifilm.com\/newpics\/fotogaleri\/act\/4883_2081_02062014_3.jpg\" alt=\"\" \/><\/p>\n<p>Nadide Han\u0131m kocas\u0131 Reha Beyden bo\u015fanmaya karl\u0131d\u0131r. Reha Bey bo\u015fanmak isteyen bu evden gider. Ku\u015fadas\u0131\u2019na ablan\u0131n yan\u0131na gitmesini ister.<\/p>\n<p><img decoding=\"async\" src=\"http:\/\/www2.dizifilm.com\/newpics\/fotogaleri\/act\/4883_2081_02062014_11.jpg\" alt=\"\" \/><\/p>\n<p>Burak\u2019\u0131 adam \u00f6ld\u00fcrmeye te\u015febb\u00fcsten polis gelir, i\u015fyerinde tutuklar. O s\u0131rada gelen \u00d6mer\u2019den yard\u0131m ister. \u00d6mer, babas\u0131n\u0131 arar. \u00d6mer, baba neredesin, \u015firkete gelecek misin? Burak\u2019\u0131 polis tutuklay\u0131p g\u00f6t\u00fcrd\u00fcler. Reha Bey, kim al\u00e7ak ihbar etti. \u00d6mer, ben ihbar ettim. Reha Bey, kendi ye\u011fenini nas\u0131l ihbar edersin diyerek \u00e7ok sinirlenir.<\/p>\n<p>Furkan Seda\u2019y\u0131 arar, ne yapt\u0131n ayarlayabildin mi evi? Evlendik, kar\u0131ma sar\u0131lamad\u0131m? Ben de annemleri g\u00f6ndermeye \u00e7al\u0131\u015f\u0131yorum Ak\u00e7aabat&#8217;a. Eda Han\u0131m, konu\u015fmay\u0131 duyar. G\u00fcler, ge\u00e7er.<\/p>\n<p><a href=\"http:\/\/balcilar-blog.com\/wp-content\/uploads\/2014\/06\/Ekran-Al\u0131nt\u0131s\u0131.PNG-BBS.62.3-Kopya.png\"><img loading=\"lazy\" decoding=\"async\" class=\"alignnone size-medium wp-image-2214\" src=\"http:\/\/balcilar-blog.com\/wp-content\/uploads\/2014\/06\/Ekran-Al\u0131nt\u0131s\u0131.PNG-BBS.62.3-Kopya-300x168.png\" alt=\"Ekran Al\u0131nt\u0131s\u0131.PNG BBS.62.3 - Kopya\" width=\"300\" height=\"168\" srcset=\"https:\/\/balcilar-blog.com\/wp-content\/uploads\/2014\/06\/Ekran-Al\u0131nt\u0131s\u0131.PNG-BBS.62.3-Kopya-300x168.png 300w, https:\/\/balcilar-blog.com\/wp-content\/uploads\/2014\/06\/Ekran-Al\u0131nt\u0131s\u0131.PNG-BBS.62.3-Kopya.png 737w\" sizes=\"auto, (max-width: 300px) 100vw, 300px\" \/><\/a><\/p>\n<p>Eda Han\u0131m ile Nail Bey i\u015fleri oldu\u011fu bahanesiyle \u00f6\u011fleyin \u00e7\u0131karlar. Nikah dairesine gidip, herkesten gizlice nikahlan\u0131rlar. Eda, art\u0131k evliyiz, inanam\u0131yorum. Nail Bey, Ak\u00e7aabat\u2019tan getirdi\u011fi nikah y\u00fcz\u00fc\u011f\u00fcn\u00fc Eda Han\u0131m\u0131n parma\u011f\u0131na takar. Eda Han\u0131m, Nail Beye sar\u0131l\u0131r, \u00f6per. Eda Han\u0131m herkese nas\u0131l s\u00f6yleyece\u011fiz diyerek hay\u0131flan\u0131r. Sonra da Nail Beye bir \u00f6neride bulunur. Pazar g\u00fcn\u00fc herkesi toplayal\u0131m, ikimiz de birden s\u00f6yleye verelim. Takt\u0131klar\u0131 y\u00fcz\u00fckleri kimse anlamas\u0131n diye \u00e7\u0131kart\u0131rlar.<\/p>\n<p><a href=\"http:\/\/balcilar-blog.com\/wp-content\/uploads\/2014\/06\/Ekran-Al\u0131nt\u0131s\u0131.PNG-BBS-62.4-Kopya.png\"><img loading=\"lazy\" decoding=\"async\" class=\"alignnone size-medium wp-image-2212\" src=\"http:\/\/balcilar-blog.com\/wp-content\/uploads\/2014\/06\/Ekran-Al\u0131nt\u0131s\u0131.PNG-BBS-62.4-Kopya-300x169.png\" alt=\"Ekran Al\u0131nt\u0131s\u0131.PNG BBS 62.4 - Kopya\" width=\"300\" height=\"169\" srcset=\"https:\/\/balcilar-blog.com\/wp-content\/uploads\/2014\/06\/Ekran-Al\u0131nt\u0131s\u0131.PNG-BBS-62.4-Kopya-300x169.png 300w, https:\/\/balcilar-blog.com\/wp-content\/uploads\/2014\/06\/Ekran-Al\u0131nt\u0131s\u0131.PNG-BBS-62.4-Kopya.png 751w\" sizes=\"auto, (max-width: 300px) 100vw, 300px\" \/><\/a><\/p>\n<p>Fahriye ile Reyhan kavgalar\u0131n\u0131 okulda devam ederler. Mazhar ile Haluk Beyin dikkatini \u00e7ekerler. Mazhar, ben kendi ellerimle iki \u00e7ay g\u00f6t\u00fcr\u00fcp bir bak\u0131y\u0131m der. Kavgaya m\u00fcdahil olmaz. Yan masadaki k\u0131zlar Fahriye\u2019yi kendi evlerine davet ederler. Bu defa Reyhan kavgay\u0131 Mazhar ile devam eder.<\/p>\n<p>Eda Han\u0131m, Furkan\u2019a Pazar g\u00fcn\u00fc i\u015finiz var m\u0131 diye sorar, yemek i\u015fini s\u00f6yler. \u0130lyas Beyle, Safiye\u2019nin kar\u0131 koca kavgas\u0131 hi\u00e7 eksik olmaz devam eder.<\/p>\n<p>\u0130lyas Bey, o\u011flu Furkan\u2019a sorar. Bir s\u0131k\u0131nt\u0131 m\u0131 var? Bizi ikide bir memlekete sallamaya \u00e7al\u0131\u015f\u0131yorsun. O s\u0131rada Seda, Fahriye\u2019nin evi terk etti\u011fini haber verir.<\/p>\n<p><a href=\"http:\/\/balcilar-blog.com\/wp-content\/uploads\/2014\/06\/Ekran-Al\u0131nt\u0131s\u0131.PNG-62.6-Kopya.png\"><img loading=\"lazy\" decoding=\"async\" class=\"alignnone size-medium wp-image-2204\" src=\"http:\/\/balcilar-blog.com\/wp-content\/uploads\/2014\/06\/Ekran-Al\u0131nt\u0131s\u0131.PNG-62.6-Kopya-300x168.png\" alt=\"Ekran Al\u0131nt\u0131s\u0131.PNG 62.6 - Kopya\" width=\"300\" height=\"168\" srcset=\"https:\/\/balcilar-blog.com\/wp-content\/uploads\/2014\/06\/Ekran-Al\u0131nt\u0131s\u0131.PNG-62.6-Kopya-300x168.png 300w, https:\/\/balcilar-blog.com\/wp-content\/uploads\/2014\/06\/Ekran-Al\u0131nt\u0131s\u0131.PNG-62.6-Kopya.png 751w\" sizes=\"auto, (max-width: 300px) 100vw, 300px\" \/><\/a><\/p>\n<p>\u00d6mer okuldan gelmekte ge\u00e7 kal\u0131nca, Ay\u015fem bebe\u011fi ile imtihana girer. Yan\u0131ndaki s\u0131rada arkada\u015f\u0131 kuca\u011f\u0131nda bebe\u011fi bakar. \u00d6mer\u2019in Ay\u015fem\u2019in imtihana girdi\u011fini \u00f6\u011frenince, bebe\u011fi ne yapt\u0131 tela\u015f\u0131na d\u00fc\u015fer.<\/p>\n<p>Reha Bey, Burak\u2019\u0131n tutuklanmas\u0131nda o\u011flu \u00d6mer\u2019i su\u00e7lar. Okula gelir, herkesin \u00f6n\u00fcnde ba\u011f\u0131r\u0131r, \u00e7a\u011f\u0131r\u0131r. Haluk Bey de kavgaya kar\u0131\u015f\u0131r, \u00d6mer\u2019i korur. Reha Bey k\u00f6s, k\u00f6s, geri gider.<\/p>\n<p><img decoding=\"async\" src=\"http:\/\/www2.dizifilm.com\/newpics\/fotogaleri\/act\/4883_2081_02062014_8.jpg\" alt=\"\" \/><\/p>\n<p>Seda, evde Furkan i\u00e7in ak\u015fam yeme\u011fine sofra donat\u0131r. Furkan\u2019\u0131n elindeki \u00e7i\u00e7ekleri g\u00f6r\u00fcnce heyecandan, Furkan\u2019\u0131n ceketini asamaz.<\/p>\n<p><a href=\"http:\/\/balcilar-blog.com\/wp-content\/uploads\/2014\/06\/Ekran-Al\u0131nt\u0131s\u0131.PNG62.7.png\"><img loading=\"lazy\" decoding=\"async\" class=\"alignnone size-medium wp-image-2203\" src=\"http:\/\/balcilar-blog.com\/wp-content\/uploads\/2014\/06\/Ekran-Al\u0131nt\u0131s\u0131.PNG62.7-300x168.png\" alt=\"Ekran Al\u0131nt\u0131s\u0131.PNG62.7\" width=\"300\" height=\"168\" srcset=\"https:\/\/balcilar-blog.com\/wp-content\/uploads\/2014\/06\/Ekran-Al\u0131nt\u0131s\u0131.PNG62.7-300x168.png 300w, https:\/\/balcilar-blog.com\/wp-content\/uploads\/2014\/06\/Ekran-Al\u0131nt\u0131s\u0131.PNG62.7.png 876w\" sizes=\"auto, (max-width: 300px) 100vw, 300px\" \/><\/a><\/p>\n<p>Furkan, Seda\u2019n\u0131n yapt\u0131\u011f\u0131 yemekleri be\u011fenmez gibi g\u00f6z\u00fck\u00fcr. Yapt\u0131\u011f\u0131 buz gibi \u015fakalar Seda\u2019n\u0131n moralini bozar. B\u00f6yle giderse biz 15 g\u00fcn i\u00e7inde bo\u015fan\u0131r\u0131z deyince, Seda kendini toparlayamaz. Furkan\u2019\u0131n \u015fakalar\u0131 e\u015fek \u015fakas\u0131d\u0131r. Seda, Furkan\u2019\u0131 hen\u00fcz tam tan\u0131mam\u0131\u015f g\u00f6z\u00fck\u00fcyor.<\/p>\n<p>Deniz, evde Seda ile Furkan\u2019\u0131n evlenme c\u00fczdan\u0131n\u0131 g\u00f6r\u00fcr. Haluk Bey, bu yaza kadar bu s\u0131r, kimseye s\u00f6ylenmeyecek diye o\u011flunu tembihler.<\/p>\n<p><img decoding=\"async\" src=\"http:\/\/www2.dizifilm.com\/newpics\/fotogaleri\/act\/4883_2081_02062014_10.jpg\" alt=\"\" \/><\/p>\n<p>Safiye Han\u0131m lokantada uyuyakal\u0131r. \u0130lyas seslense de uyand\u0131ramaz. O s\u0131rada r\u00fcya g\u00f6r\u00fcr. Furkan annesini koltuktan kald\u0131r\u0131r. Seda oturur. Seda, senin annen \u00e7ok cadaloz der. Safiye\u2019yi uyand\u0131r\u0131r. \u0130lyas, maf olduk biz. Furkan ile Seda\u2019n\u0131n evlendikleri adeta i\u00e7ine do\u011fmu\u015ftur.<\/p>\n<p><img decoding=\"async\" src=\"http:\/\/www2.dizifilm.com\/newpics\/fotogaleri\/act\/4883_2081_02062014_13.jpg\" alt=\"\" \/><\/p>\n<p>Fahriye arkada\u015flar\u0131n\u0131n evinde rahat edemez. \u00d6nce yemek konusunda ben makarna ha\u015flayay\u0131m, der. Onlar deniz mahsull\u00fc pizza s\u00f6ylerler. Reyhan telefon eder. Fahriye Reyhan\u2019a kurtar beni diye telefon eder. Kalkar, beraber eve gelirler. Evde Seda ile Furkan\u2019\u0131 ba\u015f ba\u015fa koltukta g\u00f6r\u00fcnce \u00e7ok \u015fa\u015f\u0131r\u0131rlar. Pantolon yemekte ya\u011fland\u0131\u011f\u0131 i\u00e7in y\u0131kanm\u0131\u015f balkondad\u0131r. Reyhan ile Fahriye \u00e7ok utan\u0131rlar. Furkan \u00e7\u0131k\u0131\u015fta \u00e7ok s\u0131k\u0131\u015f\u0131rsan evlendi\u011fimizi s\u00f6yleye birsin, der.<\/p>\n<p><img decoding=\"async\" src=\"http:\/\/www2.dizifilm.com\/newpics\/fotogaleri\/act\/4883_2081_02062014_7.jpg\" alt=\"\" \/><\/p>\n<p>\u00d6mer, evde Ay\u015fem\u2019e olanlar\u0131 anlat\u0131r. Annesi ile babas\u0131n\u0131n bo\u015fanacak olmas\u0131n\u0131 \u00e7ok \u00fcz\u00fcld\u00fc\u011f\u00fcn\u00fc s\u00f6yler.<\/p>\n<p><img decoding=\"async\" src=\"http:\/\/www2.dizifilm.com\/newpics\/fotogaleri\/act\/4883_2081_02062014_9.jpg\" alt=\"\" \/><\/p>\n<p>\u00d6mer, parkta Burak\u2019\u0131 g\u00f6r\u00fcr. Tutuksuz yarg\u0131lanmak \u00fczere serbest b\u0131rak\u0131lm\u0131\u015ft\u0131r. Aralar\u0131nda tart\u0131\u015f\u0131rlar. Burak, baban beni seviyor diye sen beni k\u0131skan\u0131yorsun, der.<\/p>\n<p><a href=\"http:\/\/balcilar-blog.com\/wp-content\/uploads\/2014\/06\/Ekran-Al\u0131nt\u0131s\u0131.PNG62.8.png\"><img loading=\"lazy\" decoding=\"async\" class=\"alignnone size-medium wp-image-2215\" src=\"http:\/\/balcilar-blog.com\/wp-content\/uploads\/2014\/06\/Ekran-Al\u0131nt\u0131s\u0131.PNG62.8-300x173.png\" alt=\"Ekran Al\u0131nt\u0131s\u0131.PNG62.8\" width=\"300\" height=\"173\" srcset=\"https:\/\/balcilar-blog.com\/wp-content\/uploads\/2014\/06\/Ekran-Al\u0131nt\u0131s\u0131.PNG62.8-300x173.png 300w, https:\/\/balcilar-blog.com\/wp-content\/uploads\/2014\/06\/Ekran-Al\u0131nt\u0131s\u0131.PNG62.8.png 835w\" sizes=\"auto, (max-width: 300px) 100vw, 300px\" \/><\/a><\/p>\n<p>O s\u0131rada Furkan gelir. Tutar bir kafa atar. Burak\u2019\u0131n burnundan kan gelir. Burak, \u00e7ok fena \u00f6deyeceksin \u00d6mer. Furkan, \u00d6mer\u2019i makete g\u00f6t\u00fcr\u00fcr, bebe\u011fini s\u00fct al\u0131r.<\/p>\n<p>Seda, Furkan ile evlendiklerini s\u00f6ylemek zorunda kal\u0131r. Fahriye ile Reyhan kalk\u0131p tebrik ederler. Hay\u0131rl\u0131 olsun Seda, derler.<\/p>\n<p><a href=\"http:\/\/balcilar-blog.com\/wp-content\/uploads\/2014\/06\/Ekran-Al\u0131nt\u0131s\u0131.PNG-62.9-Kopya.png\"><img loading=\"lazy\" decoding=\"async\" class=\"alignnone size-medium wp-image-2205\" src=\"http:\/\/balcilar-blog.com\/wp-content\/uploads\/2014\/06\/Ekran-Al\u0131nt\u0131s\u0131.PNG-62.9-Kopya-300x171.png\" alt=\"Ekran Al\u0131nt\u0131s\u0131.PNG 62.9 - Kopya\" width=\"300\" height=\"171\" srcset=\"https:\/\/balcilar-blog.com\/wp-content\/uploads\/2014\/06\/Ekran-Al\u0131nt\u0131s\u0131.PNG-62.9-Kopya-300x171.png 300w, https:\/\/balcilar-blog.com\/wp-content\/uploads\/2014\/06\/Ekran-Al\u0131nt\u0131s\u0131.PNG-62.9-Kopya.png 836w\" sizes=\"auto, (max-width: 300px) 100vw, 300px\" \/><\/a><\/p>\n<p>Ay\u015fem ile \u00d6mer bebeklerini al\u0131r, lokantaya toplant\u0131ya giderler. Herkes bebe\u011fin ba\u015f\u0131na toplan\u0131r, sever. Fahriye, Reyhan, Haluk ve Deniz de gelirler. Haluk Bey, Furkan\u2019lar\u0131n evlenme c\u00fczdan\u0131n\u0131 gizlice verir. Furkan port mantodaki montunun cebine koyar.<\/p>\n<p><a href=\"http:\/\/balcilar-blog.com\/wp-content\/uploads\/2014\/06\/Ekran-Al\u0131nt\u0131s\u0131.PNG-62.11-Kopya.png\"><img loading=\"lazy\" decoding=\"async\" class=\"alignnone size-medium wp-image-2206\" src=\"http:\/\/balcilar-blog.com\/wp-content\/uploads\/2014\/06\/Ekran-Al\u0131nt\u0131s\u0131.PNG-62.11-Kopya-300x166.png\" alt=\"Ekran Al\u0131nt\u0131s\u0131.PNG 62.11 - Kopya\" width=\"300\" height=\"166\" srcset=\"https:\/\/balcilar-blog.com\/wp-content\/uploads\/2014\/06\/Ekran-Al\u0131nt\u0131s\u0131.PNG-62.11-Kopya-300x166.png 300w, https:\/\/balcilar-blog.com\/wp-content\/uploads\/2014\/06\/Ekran-Al\u0131nt\u0131s\u0131.PNG-62.11-Kopya.png 850w\" sizes=\"auto, (max-width: 300px) 100vw, 300px\" \/><\/a><\/p>\n<p>Yemek ba\u015flar, herkes masan\u0131n ba\u015f\u0131nda yerini al\u0131r. Furkan ile Seda yan yana otururlar. Safiye Han\u0131m kendi kendine s\u00f6ylenir. Nail Bey, kalkar bir konu\u015fma yapmak ister. Ceketinin cebinden evlenme c\u00fczdan\u0131n\u0131 alacakt\u0131r. Yanl\u0131\u015fl\u0131kla hepsini yere d\u00fc\u015f\u00fcr\u00fcr. Yere d\u00fc\u015fen evlenme c\u00fczdan\u0131 olarak Furkan\u2019lar\u0131nkini al\u0131r.\u00a0 Buldu\u011fu evlenme c\u00fczdan\u0131n\u0131, bak\u0131n ne buldum diyerek herkese g\u00f6sterir. C\u00fczdan\u0131 \u0130lyas Beye verir, \u0130lyas bakar, Furkan ile Seda\u2019y\u0131 c\u00fczdanda g\u00f6r\u00fcnce adeta dili tutulur.<\/p>\n<p><a href=\"http:\/\/balcilar-blog.com\/wp-content\/uploads\/2014\/06\/Ekran-Al\u0131nt\u0131s\u0131.PNG-62.12-Kopya.png\"><img loading=\"lazy\" decoding=\"async\" class=\"alignnone size-medium wp-image-2207\" src=\"http:\/\/balcilar-blog.com\/wp-content\/uploads\/2014\/06\/Ekran-Al\u0131nt\u0131s\u0131.PNG-62.12-Kopya-300x174.png\" alt=\"Ekran Al\u0131nt\u0131s\u0131.PNG 62.12 - Kopya\" width=\"300\" height=\"174\" srcset=\"https:\/\/balcilar-blog.com\/wp-content\/uploads\/2014\/06\/Ekran-Al\u0131nt\u0131s\u0131.PNG-62.12-Kopya-300x174.png 300w, https:\/\/balcilar-blog.com\/wp-content\/uploads\/2014\/06\/Ekran-Al\u0131nt\u0131s\u0131.PNG-62.12-Kopya.png 832w\" sizes=\"auto, (max-width: 300px) 100vw, 300px\" \/><\/a><\/p>\n<p>Hi\u00e7bir \u015fey s\u00f6yleyemez, c\u00fczdan\u0131n\u0131 Eda Han\u0131ma uzat\u0131r. Eda Han\u0131m, bu han\u0131mlar\u0131n i\u015fidir deyip bakar, o da sessiz kal\u0131r. Nail Beye sen a\u00e7\u0131kla diyerek ona uzat\u0131r. Nail Bey de bak\u0131nca donar kal\u0131r. Surat\u0131 ciddile\u015fir. \u00d6mer ne oldu bize s\u00f6yleyecek misin?<\/p>\n<p><a href=\"http:\/\/balcilar-blog.com\/wp-content\/uploads\/2014\/06\/Ekran-Al\u0131nt\u0131s\u0131.PNG-62.13-Kopya.png\"><img loading=\"lazy\" decoding=\"async\" class=\"alignnone size-medium wp-image-2208\" src=\"http:\/\/balcilar-blog.com\/wp-content\/uploads\/2014\/06\/Ekran-Al\u0131nt\u0131s\u0131.PNG-62.13-Kopya-300x167.png\" alt=\"Ekran Al\u0131nt\u0131s\u0131.PNG 62.13 - Kopya\" width=\"300\" height=\"167\" srcset=\"https:\/\/balcilar-blog.com\/wp-content\/uploads\/2014\/06\/Ekran-Al\u0131nt\u0131s\u0131.PNG-62.13-Kopya-300x167.png 300w, https:\/\/balcilar-blog.com\/wp-content\/uploads\/2014\/06\/Ekran-Al\u0131nt\u0131s\u0131.PNG-62.13-Kopya.png 844w\" sizes=\"auto, (max-width: 300px) 100vw, 300px\" \/><\/a><\/p>\n<p>\u0130lyas Bey \u015fa\u015fk\u0131n, Eda Han\u0131m \u015fa\u015fk\u0131n, Nail bey de yutkunur kal\u0131r. Furkan ile Seda yanl\u0131\u015fl\u0131\u011f\u0131 fark etmi\u015flerdir.<\/p>\n<p><a href=\"http:\/\/balcilar-blog.com\/wp-content\/uploads\/2014\/06\/Ekran-Al\u0131nt\u0131s\u0131.PNG-62.14.png\"><img loading=\"lazy\" decoding=\"async\" class=\"alignnone size-medium wp-image-2209\" src=\"http:\/\/balcilar-blog.com\/wp-content\/uploads\/2014\/06\/Ekran-Al\u0131nt\u0131s\u0131.PNG-62.14-300x167.png\" alt=\"Ekran Al\u0131nt\u0131s\u0131.PNG 62.14\" width=\"300\" height=\"167\" srcset=\"https:\/\/balcilar-blog.com\/wp-content\/uploads\/2014\/06\/Ekran-Al\u0131nt\u0131s\u0131.PNG-62.14-300x167.png 300w, https:\/\/balcilar-blog.com\/wp-content\/uploads\/2014\/06\/Ekran-Al\u0131nt\u0131s\u0131.PNG-62.14.png 843w\" sizes=\"auto, (max-width: 300px) 100vw, 300px\" \/><\/a><\/p>\n<p>Ve 62.b\u00f6l\u00fcm burada sona erer. Masada durumu herkes biliyordur. Bilmeyen sadece Safiye Han\u0131nd\u0131r. \u00d6\u011frenince nas\u0131l bir \u00e7\u0131\u011fl\u0131k ataca\u011f\u0131n\u0131 haftaya hep birlikte g\u00f6rece\u011fiz. Daha \u00f6nce s\u00f6yledi\u011fim gibi haftaya 63.b\u00f6l\u00fcm sezon finali daha ne gibi s\u00fcrprizler var bekleyip g\u00f6rece\u011fiz.<\/p>\n<p>BSK Yap\u0131m&#8217;\u0131n dizi ekibi bir arada. (Pardon, Nail Usta ile Eda Han\u0131m\u0131 g\u00f6remedim, nikaha gittiler herhalde.) Keyifli dakikalar i\u00e7in hepsine de te\u015fekk\u00fcrler.<\/p>\n<p><img decoding=\"async\" src=\"https:\/\/pbs.twimg.com\/media\/BojdjteCIAAqjru.jpg\" alt=\"G\u00f6m\u00fcl\u00fc resim i\u00e7in kal\u0131c\u0131 ba\u011flant\u0131\" \/><\/p>\n<p>\u0130yi seyirler.<\/p>\n<p>Sayg\u0131lar, sevgiler.<\/p>\n<p>Abdurrahman Balc\u0131lar<\/p>\n<p>Twitter: abdurrahman balc\u0131lar@abbalcilar<\/p>\n<p>Mail : <a href=\"mailto:ab.balcilar@hotmail.com\">ab.balcilar@hotmail.com<\/a><\/p>\n<p>Blog: milliyet.com.tr\/cansever<\/p>\n<p>Blog: balcilar-blog.com<\/p>\n<p>&nbsp;<\/p>\n<p>Not: G\u00f6rseller internetten, dizifilm.com\u2019dan\u00a0 ve taraf\u0131mdan diziden al\u0131nm\u0131\u015ft\u0131r.<\/p>\n<p>Not: Burada yaz\u0131lan t\u00fcm yaz\u0131lar\u0131n elektronik imza ve zaman damgas\u0131 g\u00fcvencesi alt\u0131nda yasal haklar\u0131 korunmaktad\u0131r. Hi\u00e7bir \u015fekilde bas\u0131l\u0131 ya da elektronik bir ortamda (CD, internet vs.) kaynak g\u00f6sterilmeksizin izin al\u0131nmadan kullan\u0131lmaz.<\/p>\n<p><strong>\u00a0<\/strong><\/p>\n","protected":false},"excerpt":{"rendered":"<p>&nbsp; TRT 1.in \u00dcniversite Gen\u00e7lik Dizisi \u201cBeni B\u00f6yle Sev\u201d ge\u00e7ti\u011fimiz pazartesi ak\u015fam\u0131 62.B\u00f6l\u00fcm\u00fc ile ekranlar\u0131m\u0131zdayd\u0131. Haftaya 63.B\u00f6l\u00fcm sezon finali yapacak. \u00d6n\u00fcm\u00fczdeki Eyl\u00fcl\u2019de de 3.sezonuna girecek. Dizimizin reytinglerine g\u00f6z atarsak, AB\u2019de 15.s\u0131rada, Total\u2019de 27.s\u0131rada yer ald\u0131\u011f\u0131n\u0131 g\u00f6rd\u00fck. \u0130lyas Bey, o\u011flu Furkan\u2019a \u00e7al\u0131\u015f\u0131rken el \u015fakalar\u0131 yapar. Furkan sinirlenir, babas\u0131n\u0131n \u00e7ok yoruldu\u011funu, annesi ile Ak\u00e7aabat\u2019a tatile gitmesi gerekti\u011fini [&hellip;]<\/p>\n","protected":false},"author":3,"featured_media":0,"comment_status":"open","ping_status":"open","sticky":false,"template":"","format":"standard","meta":{"footnotes":""},"categories":[2],"tags":[20,22,21],"class_list":["post-2202","post","type-post","status-publish","format-standard","hentry","category-tv-programlari","tag-beni-boyle-sev","tag-bsk-yapim","tag-trt-1"],"views":6118,"blog_post_layout_featured_media_urls":{"thumbnail":"","full":""},"categories_names":{"2":{"name":"TV Programlar\u0131","link":"https:\/\/balcilar-blog.com\/?cat=2"}},"tags_names":{"20":{"name":"Beni B\u00f6yle Sev","link":"https:\/\/balcilar-blog.com\/?tag=beni-boyle-sev"},"22":{"name":"BSK Yap\u0131m","link":"https:\/\/balcilar-blog.com\/?tag=bsk-yapim"},"21":{"name":"TRT 1","link":"https:\/\/balcilar-blog.com\/?tag=trt-1"}},"comments_number":"0","wpmagazine_modules_lite_featured_media_urls":{"thumbnail":"","cvmm-medium":"","cvmm-medium-plus":"","cvmm-portrait":"","cvmm-medium-square":"","cvmm-large":"","cvmm-small":"","full":""},"_links":{"self":[{"href":"https:\/\/balcilar-blog.com\/index.php?rest_route=\/wp\/v2\/posts\/2202","targetHints":{"allow":["GET"]}}],"collection":[{"href":"https:\/\/balcilar-blog.com\/index.php?rest_route=\/wp\/v2\/posts"}],"about":[{"href":"https:\/\/balcilar-blog.com\/index.php?rest_route=\/wp\/v2\/types\/post"}],"author":[{"embeddable":true,"href":"https:\/\/balcilar-blog.com\/index.php?rest_route=\/wp\/v2\/users\/3"}],"replies":[{"embeddable":true,"href":"https:\/\/balcilar-blog.com\/index.php?rest_route=%2Fwp%2Fv2%2Fcomments&post=2202"}],"version-history":[{"count":5,"href":"https:\/\/balcilar-blog.com\/index.php?rest_route=\/wp\/v2\/posts\/2202\/revisions"}],"predecessor-version":[{"id":2223,"href":"https:\/\/balcilar-blog.com\/index.php?rest_route=\/wp\/v2\/posts\/2202\/revisions\/2223"}],"wp:attachment":[{"href":"https:\/\/balcilar-blog.com\/index.php?rest_route=%2Fwp%2Fv2%2Fmedia&parent=2202"}],"wp:term":[{"taxonomy":"category","embeddable":true,"href":"https:\/\/balcilar-blog.com\/index.php?rest_route=%2Fwp%2Fv2%2Fcategories&post=2202"},{"taxonomy":"post_tag","embeddable":true,"href":"https:\/\/balcilar-blog.com\/index.php?rest_route=%2Fwp%2Fv2%2Ftags&post=2202"}],"curies":[{"name":"wp","href":"https:\/\/api.w.org\/{rel}","templated":true}]}}