{"id":22011,"date":"2018-04-03T23:00:13","date_gmt":"2018-04-03T20:00:13","guid":{"rendered":"http:\/\/balcilar-blog.com\/?p=22011"},"modified":"2018-04-05T13:50:19","modified_gmt":"2018-04-05T10:50:19","slug":"cukurda-tasfiyeler-basladi-baykal-ve-elvis-feci-sekilde-olduruldu","status":"publish","type":"post","link":"https:\/\/balcilar-blog.com\/?p=22011","title":{"rendered":"\u00c7ukur&#8217;da Tasfiyeler Ba\u015flad\u0131! Baykal ve Elvis Feci \u015eekilde \u00d6ld\u00fcr\u00fcld\u00fc!"},"content":{"rendered":"<p align=\"center\"><img loading=\"lazy\" decoding=\"async\" class=\"alignnone size-full wp-image-22019\" src=\"http:\/\/balcilar-blog.com\/wp-content\/uploads\/2018\/04\/C\u0327ukur-23.Bo\u0308lu\u0308m-4.jpg\" alt=\"\" width=\"640\" height=\"375\" srcset=\"https:\/\/balcilar-blog.com\/wp-content\/uploads\/2018\/04\/C\u0327ukur-23.Bo\u0308lu\u0308m-4.jpg 640w, https:\/\/balcilar-blog.com\/wp-content\/uploads\/2018\/04\/C\u0327ukur-23.Bo\u0308lu\u0308m-4-300x176.jpg 300w\" sizes=\"auto, (max-width: 640px) 100vw, 640px\" \/><\/p>\n<p>Ay Yap\u0131m imzal\u0131 fenomen dizi \u2018\u00c7ukur\u2019un d\u00fcn ak\u015fam ekranlara gelen b\u00f6l\u00fcm\u00fcne Baykal\u2019\u0131n ani vedas\u0131 damgas\u0131n\u0131 vurdu. B\u00f6l\u00fcm\u00fcn finalinde Yama\u00e7\u2019\u0131n, Emrah\u2019la ilgili ger\u00e7e\u011fi \u00f6\u011frendi\u011fi anlar ise gelecek b\u00f6l\u00fcmle ilgili merak ve heyecan\u0131 art\u0131rd\u0131.<\/p>\n<p>Pazartesi ak\u015famlar\u0131n\u0131 zirvede kapatan \u2018\u00c7ukur\u2019un d\u00fcn ak\u015fam yay\u0131nlanan b\u00f6l\u00fcm\u00fcnde Baykal\u2019\u0131n ani vedas\u0131 ekran ba\u015f\u0131ndakileri \u015foke etti. Naz\u0131m\u2019\u0131n tuza\u011f\u0131yla kendini b\u00fcy\u00fck bir \u00e7\u0131kmaz\u0131n i\u00e7inde bulan Baykal, t\u00fcm yapt\u0131klar\u0131 ortaya \u00e7\u0131k\u0131nca Elvis\u2019in adamlar\u0131 taraf\u0131ndan \u00f6ld\u00fcr\u00fcld\u00fc. Baykal\u2019\u0131 \u00f6l\u00fcme s\u00fcr\u00fcklemesinin ard\u0131ndan Emrah\u2019a babas\u0131n\u0131 Ko\u00e7oval\u0131lar\u0131n \u00f6ld\u00fcrd\u00fc\u011f\u00fcn\u00fc s\u00f6yleyen Naz\u0131m, yeni bir m\u00fccadeleyi tetikledi.<\/p>\n<p>&nbsp;<\/p>\n<p>T\u00dcM KATEGOR\u0130LERDE B\u0130R\u0130NC\u0130!<\/p>\n<p><img loading=\"lazy\" decoding=\"async\" class=\"alignnone size-full wp-image-22016\" src=\"http:\/\/balcilar-blog.com\/wp-content\/uploads\/2018\/04\/DZ14im7WAAAv_j_.jpg\" alt=\"\" width=\"480\" height=\"480\" srcset=\"https:\/\/balcilar-blog.com\/wp-content\/uploads\/2018\/04\/DZ14im7WAAAv_j_.jpg 480w, https:\/\/balcilar-blog.com\/wp-content\/uploads\/2018\/04\/DZ14im7WAAAv_j_-150x150.jpg 150w, https:\/\/balcilar-blog.com\/wp-content\/uploads\/2018\/04\/DZ14im7WAAAv_j_-300x300.jpg 300w\" sizes=\"auto, (max-width: 480px) 100vw, 480px\" \/><\/p>\n<p>\u00c7ukur, d\u00fcn ak\u015fam yay\u0131nlanan 23\u2019\u00fcnc\u00fc b\u00f6l\u00fcm\u00fcyle reyting s\u0131ralamas\u0131nda zirveye yerle\u015fti. \u00c7ukur,\u00a0AB\u2019de\u00a011.57\u00a0izlenme oran\u0131 (rating),\u00a024.84\u00a0izlenme pay\u0131 (share),\u00a0ABC1 20+&#8217;da11.64\u00a0izlenme oran\u0131 (rating),\u00a023.88izlenme pay\u0131 (share), Total\u2019de ise\u00a08.84\u00a0izlenme oran\u0131 (rating),\u00a019.55izlenme pay\u0131 (share) ile\u00a0birincili\u011fi g\u00f6\u011f\u00fcsledi. \u00c7ukur&#8217;un heyecanla beklenen 23\u2019\u00fcnc\u00fc b\u00f6l\u00fcm\u00fcn\u00fcn ba\u015flamas\u0131yla birlikte izleyiciler\u00a0#heyecan\u0131yoketiketi ile Twitter\u2019da yorumlar\u0131n\u0131 payla\u015ft\u0131.\u00a0#heyecan\u0131yok\u00a0etiketi\u00a0Twitter&#8217;\u0131n T\u00fcrkiye g\u00fcndeminde\u00a013 saat 40 dakika,\u00a0d\u00fcnyada\u00a06 saat 5 dakika\u00a0TT listesinde kald\u0131. Somera\u2019n\u0131n reyting analizine g\u00f6re\u00a02 Nisan Pazartesig\u00fcn\u00fc sosyal medyada en \u00e7ok konu\u015fulan programlar s\u0131ralamas\u0131nda birinci oldu.<\/p>\n<p>ELVIS TEHL\u0130KES\u0130 ORTADAN KALDIRILDI!<\/p>\n<p><img loading=\"lazy\" decoding=\"async\" class=\"alignnone size-full wp-image-22017\" src=\"http:\/\/balcilar-blog.com\/wp-content\/uploads\/2018\/04\/C\u0327ukur-23.Bo\u0308lu\u0308m-2.jpg\" alt=\"\" width=\"640\" height=\"383\" srcset=\"https:\/\/balcilar-blog.com\/wp-content\/uploads\/2018\/04\/C\u0327ukur-23.Bo\u0308lu\u0308m-2.jpg 640w, https:\/\/balcilar-blog.com\/wp-content\/uploads\/2018\/04\/C\u0327ukur-23.Bo\u0308lu\u0308m-2-300x180.jpg 300w\" sizes=\"auto, (max-width: 640px) 100vw, 640px\" \/><\/p>\n<p>Ko\u00e7oval\u0131 Kad\u0131nlar\u0131n\u0131, Elvis\u2019ten kurtaran Emrah, sevdiklerinin bir daha zarar g\u00f6rmemesi i\u00e7in Elvis\u2019le son kez hesapla\u015ft\u0131. Elvis\u2019i g\u00f6z\u00fcn\u00fc k\u0131rpmadan \u00f6ld\u00fcren Emrah, bu hamlesinin sonucu olarak Yama\u00e7\u2019a kendisiyle ilgili b\u00fcy\u00fck ger\u00e7e\u011fi itiraf etmek zorunda kald\u0131. Sena\u2019n\u0131n a\u011fabeyi oldu\u011funu s\u00f6yleyen Emrah ile Yama\u00e7 aras\u0131nda nelerin ya\u015fanaca\u011f\u0131 b\u00fcy\u00fck merakla beklenecek.<\/p>\n<p><img loading=\"lazy\" decoding=\"async\" class=\"alignnone size-full wp-image-22021\" src=\"http:\/\/balcilar-blog.com\/wp-content\/uploads\/2018\/04\/C\u0327ukur-24.Bo\u0308lu\u0308m-2-.jpg\" alt=\"\" width=\"640\" height=\"360\" srcset=\"https:\/\/balcilar-blog.com\/wp-content\/uploads\/2018\/04\/C\u0327ukur-24.Bo\u0308lu\u0308m-2-.jpg 640w, https:\/\/balcilar-blog.com\/wp-content\/uploads\/2018\/04\/C\u0327ukur-24.Bo\u0308lu\u0308m-2--300x169.jpg 300w\" sizes=\"auto, (max-width: 640px) 100vw, 640px\" \/><\/p>\n<p>\u0130dris Baba, Celesun ile hesapla\u015f\u0131r. G\u00f6nl\u00fcn\u00fc al\u0131r, onu evlad\u0131 olarak kabul eder.<\/p>\n<p>Yama\u00e7\u2019\u0131n ger\u00e7ekleri \u00f6\u011frendi\u011fi final sahnesi: (1)<\/p>\n<p>https:\/\/www.youtube.com\/watch?v=w41OqfTbZhM<\/p>\n<p>CELASUN \u0130LE VARTOLU\u2019NUN B\u00dcY\u00dcK Y\u00dcZLE\u015eMES\u0130<\/p>\n<p>&nbsp;<\/p>\n<p><img loading=\"lazy\" decoding=\"async\" class=\"alignnone size-full wp-image-22020\" src=\"http:\/\/balcilar-blog.com\/wp-content\/uploads\/2018\/04\/C\u0327ukur-24.Bo\u0308lu\u0308m-1.jpg\" alt=\"\" width=\"640\" height=\"360\" srcset=\"https:\/\/balcilar-blog.com\/wp-content\/uploads\/2018\/04\/C\u0327ukur-24.Bo\u0308lu\u0308m-1.jpg 640w, https:\/\/balcilar-blog.com\/wp-content\/uploads\/2018\/04\/C\u0327ukur-24.Bo\u0308lu\u0308m-1-300x169.jpg 300w\" sizes=\"auto, (max-width: 640px) 100vw, 640px\" \/><\/p>\n<p>Yeni b\u00f6l\u00fcmden yay\u0131nlanan ilk sahnede Celasun\u2019un Vartolu\u2019ya, \u0130dris\u2019in Medet\u2019i istedi\u011fini s\u00f6yledi\u011fi dakikalar tansiyonu y\u00fckseltiyor.<\/p>\n<p><img loading=\"lazy\" decoding=\"async\" class=\"alignnone size-full wp-image-22022\" src=\"http:\/\/balcilar-blog.com\/wp-content\/uploads\/2018\/04\/C\u0327ukur-24.Bo\u0308lu\u0308m-3.jpg\" alt=\"\" width=\"640\" height=\"360\" srcset=\"https:\/\/balcilar-blog.com\/wp-content\/uploads\/2018\/04\/C\u0327ukur-24.Bo\u0308lu\u0308m-3.jpg 640w, https:\/\/balcilar-blog.com\/wp-content\/uploads\/2018\/04\/C\u0327ukur-24.Bo\u0308lu\u0308m-3-300x169.jpg 300w\" sizes=\"auto, (max-width: 640px) 100vw, 640px\" \/><\/p>\n<p>Uzun zaman sonra Vartolu\u2019nun kar\u015f\u0131s\u0131na Ko\u00e7oval\u0131lar\u0131n adam\u0131 olarak \u00e7\u0131kan Celasun ile Vartolu aras\u0131nda ya\u015fanacaklar gerilimi t\u0131rmand\u0131racak.<\/p>\n<p>Aras Bulut \u0130ynemli oyunculu ile zirveye \u00e7\u0131k\u0131yor. Yama\u00e7 olarak, atarland\u0131\u011f\u0131 anlar tan\u0131nmaz bir ki\u015fili\u011fe b\u00fcr\u00fcn\u00fcyor. Kar\u0131s\u0131 Sena (Dilan \u00c7i\u00e7ek Deniz)\u00a0 kar\u015f\u0131s\u0131nda bamba\u015fka biri oluyor.<\/p>\n<p><img loading=\"lazy\" decoding=\"async\" class=\"alignnone size-full wp-image-22024\" src=\"http:\/\/balcilar-blog.com\/wp-content\/uploads\/2018\/04\/e8e76c87c2df25ba48868103d931d692_840.jpg\" alt=\"\" width=\"640\" height=\"365\" srcset=\"https:\/\/balcilar-blog.com\/wp-content\/uploads\/2018\/04\/e8e76c87c2df25ba48868103d931d692_840.jpg 640w, https:\/\/balcilar-blog.com\/wp-content\/uploads\/2018\/04\/e8e76c87c2df25ba48868103d931d692_840-300x171.jpg 300w\" sizes=\"auto, (max-width: 640px) 100vw, 640px\" \/><\/p>\n<p>Ai\u00e7o (R\u0131za Kocao\u011flu) yine oyunculu\u011fu ile d\u00f6kt\u00fcr\u00fcyor. Tek ba\u015f\u0131na sevdi\u011fi gazeteci Hale&#8217;nin katili olan Laz\u0131 bulur ve konu\u015fturur, \u00f6l\u00fcm emrini verenin Baykal oldu\u011funu \u00f6\u011frenir. Laz&#8217;\u0131n cezas\u0131n\u0131 verir.<\/p>\n<p>\u00c7ukur&#8217;da tasfiyeler ba\u015flad\u0131. Beyefendi lakapl\u0131 Baykal, o\u011flu Naz\u0131m&#8217;\u0131n gazab\u0131na u\u011frad\u0131. Elvisin adamlar\u0131 taraf\u0131ndan \u00f6ld\u00fcr\u00fcld\u00fc. Elvis&#8217;i de Emrah amir taraf\u0131ndan araban\u0131n bagaj\u0131nda infaz\u0131n\u0131 3 el tabanca kur\u015funu ile yapt\u0131.<\/p>\n<p>Yeni b\u00f6l\u00fcmden ekranlara gelen ilk sahne: (2)<\/p>\n<p><iframe loading=\"lazy\" title=\"C\u0327ukur 24. Bo\u0308lu\u0308m - Sneak Peek\" width=\"640\" height=\"360\" src=\"https:\/\/www.youtube.com\/embed\/2HseimLd_dM?feature=oembed\" frameborder=\"0\" allow=\"accelerometer; autoplay; clipboard-write; encrypted-media; gyroscope; picture-in-picture; web-share\" referrerpolicy=\"strict-origin-when-cross-origin\" allowfullscreen><\/iframe><\/p>\n<p><strong>\u2018\u00c7ukur\u2019un yeni b\u00f6l\u00fcm\u00fc 9 Nisan Pazartesi saat 20:00\u2019da Show TV\u2019de ekranlara gelecek.<\/strong><\/p>\n<p>\u00c7ukur kim ne derse desin! S\u00fcper bir dizi&#8230;<\/p>\n<p>&nbsp;<\/p>\n<p>\u0130yi Seyirler.<\/p>\n<p>Abdurrahman Balc\u0131lar<\/p>\n<p>Twitter:\u00a0<a href=\"https:\/\/twitter.com\/abbalcilar\"><strong>@abbalcilar<\/strong><\/a><\/p>\n<p>Mail :\u00a0<a href=\"mailto:ab.balcilar@hotmail.com\">ab.balcilar@hotmail.com<\/a><\/p>\n<p>Blog:\u00a0<a href=\"http:\/\/t.co\/znqmIZgIqn\">blog.milliyet.com.tr\/cansever<\/a><\/p>\n<p>\u015eahsi Blog:\u00a0<strong>balcilar-blog.com<\/strong><\/p>\n<p>(1)\u00a0https:\/\/www.youtube.com\/watch?v=w41OqfTbZhM<\/p>\n<p>(2)\u00a0https:\/\/www.youtube.com\/watch?v=2HseimLd_dM<\/p>\n<p>Not: Kaynak haber ve g\u00f6rseller Cansu Uras \u0130leti\u015fim Deposu bas\u0131n b\u00fclteni.<\/p>\n<p><strong>*\u015eahsi Blog sayfamda ve Milliyet Blog\u2019da yay\u0131nlanan blog yaz\u0131lar\u0131 b\u00fcy\u00fck bir \u00e7al\u0131\u015fman\u0131n \u00fcr\u00fcn\u00fc olup, izinsiz ya da kaynak g\u00f6stermeden al\u0131nt\u0131 yap\u0131lamaz. Aksi halde kanuni i\u015flem yap\u0131l\u0131r.<\/strong><\/p>\n<div class=\"x_gmail_signature\">\n<div dir=\"ltr\"><\/div>\n<\/div>\n","protected":false},"excerpt":{"rendered":"<p>Ay Yap\u0131m imzal\u0131 fenomen dizi \u2018\u00c7ukur\u2019un d\u00fcn ak\u015fam ekranlara gelen b\u00f6l\u00fcm\u00fcne Baykal\u2019\u0131n ani vedas\u0131 damgas\u0131n\u0131 vurdu. B\u00f6l\u00fcm\u00fcn finalinde Yama\u00e7\u2019\u0131n, Emrah\u2019la ilgili ger\u00e7e\u011fi \u00f6\u011frendi\u011fi anlar ise gelecek b\u00f6l\u00fcmle ilgili merak ve heyecan\u0131 art\u0131rd\u0131. Pazartesi ak\u015famlar\u0131n\u0131 zirvede kapatan \u2018\u00c7ukur\u2019un d\u00fcn ak\u015fam yay\u0131nlanan b\u00f6l\u00fcm\u00fcnde Baykal\u2019\u0131n ani vedas\u0131 ekran ba\u015f\u0131ndakileri \u015foke etti. Naz\u0131m\u2019\u0131n tuza\u011f\u0131yla kendini b\u00fcy\u00fck bir \u00e7\u0131kmaz\u0131n i\u00e7inde [&hellip;]<\/p>\n","protected":false},"author":3,"featured_media":22019,"comment_status":"open","ping_status":"open","sticky":false,"template":"","format":"standard","meta":{"footnotes":""},"categories":[2],"tags":[533,1555,1554,1255,779],"class_list":["post-22011","post","type-post","status-publish","format-standard","has-post-thumbnail","hentry","category-tv-programlari","tag-aras-bulut-iynemli","tag-cukur","tag-dilan-cicek-deniz","tag-riza-kocaoglu","tag-saygin-soysal"],"views":3304,"blog_post_layout_featured_media_urls":{"thumbnail":["https:\/\/balcilar-blog.com\/wp-content\/uploads\/2018\/04\/C\u0327ukur-23.Bo\u0308lu\u0308m-4-150x150.jpg",150,150,true],"full":["https:\/\/balcilar-blog.com\/wp-content\/uploads\/2018\/04\/C\u0327ukur-23.Bo\u0308lu\u0308m-4.jpg",640,375,false]},"categories_names":{"2":{"name":"TV Programlar\u0131","link":"https:\/\/balcilar-blog.com\/?cat=2"}},"tags_names":{"533":{"name":"Aras Bulut \u0130ynemli","link":"https:\/\/balcilar-blog.com\/?tag=aras-bulut-iynemli"},"1555":{"name":"\u00c7ukur","link":"https:\/\/balcilar-blog.com\/?tag=cukur"},"1554":{"name":"Dilan \u00c7i\u00e7ek Deniz","link":"https:\/\/balcilar-blog.com\/?tag=dilan-cicek-deniz"},"1255":{"name":"R\u0131za Kocao\u011flu","link":"https:\/\/balcilar-blog.com\/?tag=riza-kocaoglu"},"779":{"name":"Sayg\u0131n Soysal","link":"https:\/\/balcilar-blog.com\/?tag=saygin-soysal"}},"comments_number":"0","wpmagazine_modules_lite_featured_media_urls":{"thumbnail":["https:\/\/balcilar-blog.com\/wp-content\/uploads\/2018\/04\/C\u0327ukur-23.Bo\u0308lu\u0308m-4-150x150.jpg",150,150,true],"cvmm-medium":["https:\/\/balcilar-blog.com\/wp-content\/uploads\/2018\/04\/C\u0327ukur-23.Bo\u0308lu\u0308m-4.jpg",300,176,false],"cvmm-medium-plus":["https:\/\/balcilar-blog.com\/wp-content\/uploads\/2018\/04\/C\u0327ukur-23.Bo\u0308lu\u0308m-4.jpg",305,179,false],"cvmm-portrait":["https:\/\/balcilar-blog.com\/wp-content\/uploads\/2018\/04\/C\u0327ukur-23.Bo\u0308lu\u0308m-4.jpg",400,234,false],"cvmm-medium-square":["https:\/\/balcilar-blog.com\/wp-content\/uploads\/2018\/04\/C\u0327ukur-23.Bo\u0308lu\u0308m-4.jpg",600,352,false],"cvmm-large":["https:\/\/balcilar-blog.com\/wp-content\/uploads\/2018\/04\/C\u0327ukur-23.Bo\u0308lu\u0308m-4.jpg",640,375,false],"cvmm-small":["https:\/\/balcilar-blog.com\/wp-content\/uploads\/2018\/04\/C\u0327ukur-23.Bo\u0308lu\u0308m-4.jpg",130,76,false],"full":["https:\/\/balcilar-blog.com\/wp-content\/uploads\/2018\/04\/C\u0327ukur-23.Bo\u0308lu\u0308m-4.jpg",640,375,false]},"_links":{"self":[{"href":"https:\/\/balcilar-blog.com\/index.php?rest_route=\/wp\/v2\/posts\/22011","targetHints":{"allow":["GET"]}}],"collection":[{"href":"https:\/\/balcilar-blog.com\/index.php?rest_route=\/wp\/v2\/posts"}],"about":[{"href":"https:\/\/balcilar-blog.com\/index.php?rest_route=\/wp\/v2\/types\/post"}],"author":[{"embeddable":true,"href":"https:\/\/balcilar-blog.com\/index.php?rest_route=\/wp\/v2\/users\/3"}],"replies":[{"embeddable":true,"href":"https:\/\/balcilar-blog.com\/index.php?rest_route=%2Fwp%2Fv2%2Fcomments&post=22011"}],"version-history":[{"count":6,"href":"https:\/\/balcilar-blog.com\/index.php?rest_route=\/wp\/v2\/posts\/22011\/revisions"}],"predecessor-version":[{"id":22044,"href":"https:\/\/balcilar-blog.com\/index.php?rest_route=\/wp\/v2\/posts\/22011\/revisions\/22044"}],"wp:featuredmedia":[{"embeddable":true,"href":"https:\/\/balcilar-blog.com\/index.php?rest_route=\/wp\/v2\/media\/22019"}],"wp:attachment":[{"href":"https:\/\/balcilar-blog.com\/index.php?rest_route=%2Fwp%2Fv2%2Fmedia&parent=22011"}],"wp:term":[{"taxonomy":"category","embeddable":true,"href":"https:\/\/balcilar-blog.com\/index.php?rest_route=%2Fwp%2Fv2%2Fcategories&post=22011"},{"taxonomy":"post_tag","embeddable":true,"href":"https:\/\/balcilar-blog.com\/index.php?rest_route=%2Fwp%2Fv2%2Ftags&post=22011"}],"curies":[{"name":"wp","href":"https:\/\/api.w.org\/{rel}","templated":true}]}}