{"id":21997,"date":"2018-04-02T20:57:28","date_gmt":"2018-04-02T17:57:28","guid":{"rendered":"http:\/\/balcilar-blog.com\/?p=21997"},"modified":"2018-04-02T21:10:18","modified_gmt":"2018-04-02T18:10:18","slug":"gecen-haftanin-26-mart-01-nisan-2018-en-cok-izlenen-dizileri","status":"publish","type":"post","link":"https:\/\/balcilar-blog.com\/?p=21997","title":{"rendered":"Ge\u00e7en Haftan\u0131n (26 Mart &#8211; 01 Nisan 2018) En \u00c7ok \u0130zlenen Dizileri!"},"content":{"rendered":"<p>&nbsp;<\/p>\n<p><img loading=\"lazy\" decoding=\"async\" class=\"alignnone size-full wp-image-22009\" src=\"http:\/\/balcilar-blog.com\/wp-content\/uploads\/2018\/04\/cats-2-N\u0130SAN.jpg\" alt=\"\" width=\"640\" height=\"338\" srcset=\"https:\/\/balcilar-blog.com\/wp-content\/uploads\/2018\/04\/cats-2-N\u0130SAN.jpg 640w, https:\/\/balcilar-blog.com\/wp-content\/uploads\/2018\/04\/cats-2-N\u0130SAN-300x158.jpg 300w\" sizes=\"auto, (max-width: 640px) 100vw, 640px\" \/><\/p>\n<p>TNS \u00f6l\u00e7\u00fcmlerine g\u00f6re haz\u0131rlad\u0131\u011f\u0131m\u00a0<strong>26 Mart &#8211; 01 Nisan 2018\u00a0<\/strong>Tarihleri aras\u0131nda en \u00e7ok seyredilen alt\u0131 Ulusal kanallar\u0131m\u0131zda ekranlar\u0131m\u0131za gelen 35 dizi aras\u0131nda, Total\u2019de ve AB\u2019de ilk ona giren, \u00d6ne \u00e7\u0131kan dizilerin, haftan\u0131n dizi karnesini a\u015fa\u011f\u0131da bilgilerinize sunuyorum.<\/p>\n<p><strong>GE\u00c7EN HAFTA G\u00d6STER\u0130MDEK\u0130 D\u0130Z\u0130LER :<\/strong><\/p>\n<p>\u00c7ukur, S\u00f6z, Yasak Elma, Siyah Beyaz A\u015fk, 8.G\u00fcn, Kad\u0131n, E\u015fk\u0131ya D\u00fcnyaya H\u00fck\u00fcmdar Olmaz, Ufak Tefek Cinayetler, Mehmed &#8216;Bir Cihan Fatihi&#8217;, Dirili\u015f Ertu\u011frul, Sen Anlat Karadeniz, Bizim Hikaye, Kanats\u0131z Ku\u015flar, Vatan\u0131m Sensin, Fi, Avlu (Yeni), Mehmetcik Kut&#8217;\u00fcl Amare, Arka Sokaklar, A\u015fk ve Mavi, \u0130stanbullu Gelin, \u015eevkat Yerimdar (final), Payitaht Abd\u00fclhamid, \u0130nsanl\u0131k Su\u00e7u (Yeni), Masum De\u011filiz (Yeni), Yeni Gelin, Fazilet Han\u0131m ve K\u0131zlar\u0131, Kalk Gidelim, Ad\u0131 Zehra, Sava\u015f\u00e7\u0131, \u00c7ocuklar Duymas\u0131n, Cennetin G\u00f6z Ya\u015flar\u0131, Jet Sosyete, Tehlikeli Kar\u0131m ve Aslan Ailem dizilerinin yeni b\u00f6l\u00fcmleri yay\u0131nland\u0131.<\/p>\n<p><strong>HAFTANIN D\u0130Z\u0130LER\u0130NDE ;<\/strong><\/p>\n<p><img loading=\"lazy\" decoding=\"async\" class=\"alignnone size-full wp-image-22008\" src=\"http:\/\/balcilar-blog.com\/wp-content\/uploads\/2018\/04\/0x0-10-bolum-foto-galeri-1522135165165.jpg\" alt=\"\" width=\"640\" height=\"427\" srcset=\"https:\/\/balcilar-blog.com\/wp-content\/uploads\/2018\/04\/0x0-10-bolum-foto-galeri-1522135165165.jpg 640w, https:\/\/balcilar-blog.com\/wp-content\/uploads\/2018\/04\/0x0-10-bolum-foto-galeri-1522135165165-300x200.jpg 300w\" sizes=\"auto, (max-width: 640px) 100vw, 640px\" \/><\/p>\n<p>Total\u2019in ilk s\u0131ras\u0131nda bu hafta Sen Anlat Karadeniz 10.b\u00f6l\u00fcm\u00fcnde ald\u0131\u011f\u0131 16,85 reyting puan\u0131 ile bu haftada ilk s\u0131rada yer al\u0131yor. Total&#8217;in 10.s\u0131ras\u0131nda Kanal D&#8217;nin &#8220;Mehmed &#8220;Bir Cihan Fatihi&#8221; dizisi ald\u0131\u011f\u0131 6,33 puanla yer al\u0131yor.<\/p>\n<p>AB\u2019nin ilk s\u0131ras\u0131nda;\u00a0 Bu hafta &#8220;Dirili\u015f Ertu\u011frul&#8221; 112.b\u00f6l\u00fcm\u00fcnde ald\u0131\u011f\u0131 17,49 reyting puan\u0131 ile AB&#8217;nin birinci s\u0131rada bu hafta da yer al\u0131yor. Kanal D&#8217;nin &#8220;Vatan\u0131m Sensin&#8221; dizisi AB&#8217;de ald\u0131\u011f\u0131 6,48 puanla 10.s\u0131rada yer al\u0131yor.<\/p>\n<p><strong>BU HAFTA EN \u00c7OK \u0130ZLENEN \u0130LK ONA G\u0130REN D\u0130Z\u0130LERE G\u00d6Z ATALIM!<\/strong><\/p>\n<p>Bu s\u0131ralama sadece dizilerin reytingler y\u00fczdesine g\u00f6re en \u00e7ok izlenen dizilerin ilk 10\u2019da yer alanlar\u0131n\u0131 s\u0131ralamaya koyuyorum. Yar\u0131\u015fma, e\u011flence ve haber programlar\u0131 y\u00fczdeleri y\u00fcksek olsa da bu s\u0131ralamaya koymuyorum. Bu sadece dizilerin yar\u0131\u015f\u0131d\u0131r, en \u00e7ok izlenen dizilerin s\u0131ralamas\u0131d\u0131r. Bir nevi dizilerin karnesidir.<\/p>\n<p><strong>GE\u00c7EN HAFTA EN \u00c7OK \u0130ZLENEN D\u0130Z\u0130LER\u0130NDE:<\/strong><\/p>\n<p><strong>Total ilk 10 :<\/strong><\/p>\n<p>1.Sen Anlat Karadeniz (Atv) 10.B\u00f6l\u00fcm&#8230;&#8230;&#8230;&#8230;&#8230;&#8230;&#8230;&#8230;&#8230;.16,85 &#8211;\u00a0 35,35<\/p>\n<p>2.Dirili\u015f Ertu\u011frul\u00a0 112.B\u00f6l\u00fcm (TRT1)&#8230;&#8230;&#8230;&#8230;&#8230;&#8230;&#8230;&#8230;&#8230;&#8230;13,90 &#8211; 29,23<\/p>\n<p>3.Kad\u0131n 22.B\u00f6l\u00fcm (Fox Tv)&#8230;&#8230;&#8230;&#8230;&#8230;&#8230;&#8230;&#8230;&#8230;&#8230;&#8230;&#8230;&#8230;&#8230;..10,98 &#8211; 24,43<\/p>\n<p>4.\u00c7ukur 22.B\u00f6l\u00fcm (Show Tv)&#8230;&#8230;&#8230;&#8230;&#8230;&#8230;&#8230;&#8230;&#8230;&#8230;&#8230;&#8230;&#8230;&#8230;10,06 &#8211; 18,92<\/p>\n<p>5.S\u00f6z 39.B\u00f6l\u00fcm (Star Tv)&#8230;&#8230;&#8230;&#8230;&#8230;&#8230;&#8230;&#8230;&#8230;&#8230;&#8230;&#8230;&#8230;&#8230;&#8230;&#8230;.8,55 &#8211; 18,92<\/p>\n<p>6.Arka Sokaklar 475.B\u00f6l\u00fcm (Kanal D)&#8230;&#8230;&#8230;&#8230;&#8230;&#8230;&#8230;&#8230;&#8230;.7,43 &#8211; 16,40<\/p>\n<p>7.Bizim Hikaye 27.B\u00f6l\u00fcm (Fox Tv)&#8230;&#8230;&#8230;&#8230;&#8230;&#8230;&#8230;&#8230;&#8230;&#8230;&#8230;7,42 &#8211; 16,79<\/p>\n<p>8.E\u015fk\u0131ya D\u00fcnyaya H\u00fck\u00fcmdar Olmaz 96.B\u00f6l\u00fcm (Atv)&#8230;7,34 &#8211; 16,42<\/p>\n<p>9.Sava\u015f\u00e7\u0131 38.B\u00f6l\u00fcm (Fox Tv)&#8230;&#8230;&#8230;&#8230;&#8230;&#8230;&#8230;&#8230;&#8230;&#8230;&#8230;&#8230;&#8230;&#8230;.6,90 &#8211; 16,50<\/p>\n<p>10.Mehmed &#8216;Bir Cihan Fatihi&#8217; 2.B\u00f6l\u00fcm (Kanal D)&#8230;&#8230;&#8230;.6,33 &#8211; 13,51<\/p>\n<p>&nbsp;<\/p>\n<p><strong>AB\u2019de ilk 10 :<\/strong><\/p>\n<p>1-Dirili\u015f Ertu\u011frul 112.B\u00f6l\u00fcm (TRT1)&#8230;&#8230;&#8230;&#8230;&#8230;&#8230;&#8230;&#8230;&#8230;&#8230;.17,49 &#8211; 37,88<\/p>\n<p>2.\u00c7ukur 22.B\u00f6l\u00fcm (Show Tv)&#8230;&#8230;&#8230;&#8230;&#8230;&#8230;&#8230;&#8230;&#8230;&#8230;&#8230;&#8230;&#8230;&#8230;12,72 &#8211; 13,76<\/p>\n<p>3.Sen Anlat Karadeniz 10.B\u00f6l\u00fcm (Atv)&#8230;&#8230;&#8230;&#8230;&#8230;&#8230;&#8230;&#8230;&#8230;.12,02 &#8211; 25,94<\/p>\n<p>4.Kad\u0131n 22.B\u00f6l\u00fcm (Star Tv)&#8230;&#8230;&#8230;&#8230;&#8230;&#8230;&#8230;&#8230;&#8230;&#8230;&#8230;&#8230;&#8230;&#8230;&#8230;10,80 &#8211; 22,99<\/p>\n<p>5.\u0130stanbullu Gelin 43.B\u00f6l\u00fcm (Star Tv)&#8230;&#8230;&#8230;&#8230;&#8230;&#8230;&#8230;&#8230;&#8230;..9,17 &#8211; 20,94<\/p>\n<p>6.Ufak Tefek Cinayetler 22.B\u00f6l\u00fcm (Star Tv)&#8230;&#8230;&#8230;&#8230;&#8230;&#8230;..9,13 &#8211; 19,48<\/p>\n<p>7.Mehmed &#8216;Bir Cihan Fatihi&#8217; 2.B\u00f6l\u00fcm (Kanal D)&#8230;&#8230;&#8230;&#8230;.8,28 &#8211; 17,31<\/p>\n<p>8.Payitaht Abd\u00fclhamid 44.B\u00f6l\u00fcm (TRT1)&#8230;&#8230;&#8230;&#8230;&#8230;&#8230;&#8230;..7,25 &#8211; 16,50<\/p>\n<p>9.E\u015fk\u0131ya D\u00fcnyaya H\u00fck\u00fcmdar Olmaz 96.B\u00f6l\u00fcm (Atv)&#8230;.7,08 &#8211; 15,22<\/p>\n<p>10.Vatan\u0131m Sensin 50.B\u00f6l\u00fcm (Kanal D)&#8230;&#8230;&#8230;&#8230;&#8230;&#8230;&#8230;&#8230;..6,47 &#8211; 14,58<\/p>\n<p>&nbsp;<\/p>\n<p><strong>TOTAL ve AB Grubunda reytingleri en y\u00fcksek olan Haftan\u0131n ilk 5 s\u0131ralamas\u0131 :<\/strong><\/p>\n<p><strong>1.D\u0130R\u0130L\u0130\u015e ERTU\u011eRUL<\/strong> : TRT1&#8217;in sevilen dizisi AB&#8217;de ald\u0131\u011f\u0131 20,07 reyting puan\u0131 ile bu hafta tekrar\u00a0 1.s\u0131rada yer ald\u0131, birincili\u011fi Sen Anlat Karadeniz dizisinden geri ald\u0131.<\/p>\n<p><img loading=\"lazy\" decoding=\"async\" class=\"alignnone size-full wp-image-22006\" src=\"http:\/\/balcilar-blog.com\/wp-content\/uploads\/2018\/04\/dirilis-ertugrul-112-bolum-.jpg\" alt=\"\" width=\"640\" height=\"336\" srcset=\"https:\/\/balcilar-blog.com\/wp-content\/uploads\/2018\/04\/dirilis-ertugrul-112-bolum-.jpg 640w, https:\/\/balcilar-blog.com\/wp-content\/uploads\/2018\/04\/dirilis-ertugrul-112-bolum--300x158.jpg 300w\" sizes=\"auto, (max-width: 640px) 100vw, 640px\" \/><\/p>\n<p>Ertu\u011frul, bir oyun kurarak Ahmet\u2019in Kritos\u2019u kurtarmas\u0131n\u0131 sa\u011flam\u0131\u015f ve bu sayede Ahmet, Kritos\u2019un g\u00fcvenini kazanm\u0131\u015ft\u0131. Bu y\u00fczden Kritos, Ahmet\u2019i K\u00f6pek\u2019in yan\u0131na el\u00e7i olarak g\u00f6ndermi\u015fti. Ahmet ise K\u00f6pek\u2019in can\u0131n\u0131 kurtararak onun da g\u00fcvenini kazanm\u0131\u015ft\u0131. G\u00fcnalp, Ertu\u011frul\u2019un onu \u00f6ld\u00fcrece\u011fini d\u00fc\u015f\u00fcn\u00fcrken kendini onunla birlikte S\u00f6\u011f\u00fct\u2019te bulmu\u015ftu. K\u00f6pek, Ertu\u011frul\u2019un ipini \u00e7ekebilmek i\u00e7in sultan\u0131 Ertu\u011frul\u2019a kar\u015f\u0131 dolduru\u015fa getirmeye \u00e7al\u0131\u015fm\u0131\u015f ve devlet erkan\u0131n\u0131 da yan\u0131na alm\u0131\u015ft\u0131. Bu sayede de Ertu\u011frul\u2019un u\u00e7 beyli\u011finin elinden al\u0131nmas\u0131 i\u00e7in sultana ferman imzalatm\u0131\u015ft\u0131. Asl\u0131han\u2019\u0131n ve beylerin S\u00f6\u011f\u00fct\u2019e g\u00f6\u00e7me konusundaki endi\u015feleri ise artm\u0131\u015ft\u0131. Ertu\u011frul ve Kritos S\u00f6\u011f\u00fct\u2019te kar\u015f\u0131 kar\u015f\u0131ya gelmi\u015f ve Kritos, Ertu\u011frul\u2019un eline ge\u00e7mi\u015fti. Sonras\u0131nda saraydan gelen bir fermanla, Ertu\u011frul\u2019un u\u00e7 beyli\u011finin elinden al\u0131nd\u0131\u011f\u0131 ve G\u00fcnalp\u2019a verildi\u011fi anla\u015f\u0131lm\u0131\u015ft\u0131\u2026<\/p>\n<p>Ertu\u011frul, K\u00f6pek\u2019in kendisine kar\u015f\u0131 \u00e7evirdi\u011fi oyunlar\u0131n \u00fcstesinden gelebilecek mi? U\u00e7 beyli\u011finin Ertu\u011frul\u2019dan G\u00fcnalp\u2019a ge\u00e7mesiyle, bu ikili aras\u0131ndaki ili\u015fki nereye varacak? Ahmet, K\u00f6pek\u2019in yan\u0131nda neler yapacak? Marya\u2019n\u0131n ak\u0131beti ne olacak?<\/p>\n<p>U\u00e7 beyli\u011finin kaybedilmesinden sonra Kay\u0131 Obas\u0131\u2019nda ahval ne olacak? S\u00f6\u011f\u00fct\u2019e g\u00f6\u00e7me hususunda \u00c7avdarlar\u0131n tavr\u0131 ne olacak? K\u00f6pek\u2019in gitgide artan n\u00fcfuzu, devleti tamamen ele ge\u00e7irmesini sa\u011flayacak m\u0131? G\u00fcnalp\u2019\u0131 Ertu\u011frul\u2019a kar\u015f\u0131 k\u0131\u015fk\u0131rtmay\u0131 ba\u015farabilecek mi? K\u00f6pek, Altunaba\u2019dan sonra hedefine kimi alacak? Sultan G\u0131yaseddin\u2019in K\u00f6pek\u2019e kar\u015f\u0131 hamlesi ne olacak?<\/p>\n<p><strong>2.SEN ANLAT KARADEN\u0130Z<\/strong> : Atv&#8217;nin iddial\u0131 dizisi\u00a0 bu hafta da 6.b\u00f6l\u00fcm\u00fc ile haftan\u0131n dizileri aras\u0131na Total&#8217;de ald\u0131\u011f\u0131 19,25 puanla 2.s\u0131raya geriledi.<\/p>\n<p><img loading=\"lazy\" decoding=\"async\" class=\"alignnone size-full wp-image-22001\" src=\"http:\/\/balcilar-blog.com\/wp-content\/uploads\/2018\/04\/0x0-10-bolum-foto-galeri-1522135166454.jpg\" alt=\"\" width=\"640\" height=\"427\" srcset=\"https:\/\/balcilar-blog.com\/wp-content\/uploads\/2018\/04\/0x0-10-bolum-foto-galeri-1522135166454.jpg 640w, https:\/\/balcilar-blog.com\/wp-content\/uploads\/2018\/04\/0x0-10-bolum-foto-galeri-1522135166454-300x200.jpg 300w\" sizes=\"auto, (max-width: 640px) 100vw, 640px\" \/><\/p>\n<p>Tahir gemileri yakar ve onun sevdi\u011fi kad\u0131na zulmeden ailesiyle hesapla\u015f\u0131r. Vedat zulmedince bo\u011faz\u0131na sar\u0131lmaktad\u0131r ama \u00f6z anas\u0131, abisi yap\u0131nca gitmekten ba\u015fka \u00e7aresi kalmam\u0131\u015ft\u0131r. Tahir&#8217;in daha fazla can\u0131 yanmas\u0131n diye burdan g\u00f6t\u00fcrmek i\u00e7in \u0131srar etti\u011fi\u00a0Nefes&#8217;in ise akl\u0131n\u0131 kurcalayan b\u00fcy\u00fck bir soru vard\u0131r. Kaleli Kona\u011f\u0131&#8217;nda, Asiye&#8217;nin grevi vard\u0131r.<\/p>\n<p><img loading=\"lazy\" decoding=\"async\" class=\"alignnone size-full wp-image-22007\" src=\"http:\/\/balcilar-blog.com\/wp-content\/uploads\/2018\/04\/0x0-10-bolum-foto-galeri-1522135169953.jpg\" alt=\"\" width=\"640\" height=\"427\" srcset=\"https:\/\/balcilar-blog.com\/wp-content\/uploads\/2018\/04\/0x0-10-bolum-foto-galeri-1522135169953.jpg 640w, https:\/\/balcilar-blog.com\/wp-content\/uploads\/2018\/04\/0x0-10-bolum-foto-galeri-1522135169953-300x200.jpg 300w\" sizes=\"auto, (max-width: 640px) 100vw, 640px\" \/><\/p>\n<p>Asiye, kaynanas\u0131n\u0131 ve kocas\u0131n\u0131 cezaland\u0131rmak i\u00e7in ev i\u015fleri boykotuna gider. Ancak Mustafa&#8217;n\u0131n b\u00fct\u00fcn ailesine bir s\u00fcrprizi olacakt\u0131r. Vedat ise Truva at\u0131 misali kulland\u0131\u011f\u0131 Berrak&#8217;la, \u015fimdiye kadar ilmek ilmek haz\u0131rland\u0131\u011f\u0131 plan\u0131n\u0131 devreye sokar.\u00a0Nefes&#8217;i derinden sarsacak b\u00fcy\u00fck plan, nihayet ba\u015flamaktad\u0131r.<\/p>\n<p>&nbsp;<\/p>\n<p><strong>3.\u00c7UKUR\u00a0<\/strong>: Show Tv&#8217;nin fenomen dizisi bu hafta 19.b\u00f6l\u00fcm\u00fcnde 3.s\u0131radan 4.s\u0131raya d\u00fc\u015ft\u00fc. Haftan\u0131n dizileri aras\u0131nda AB&#8217;de ald\u0131\u011f\u0131 12,73 reyting puan\u0131 ile 3.s\u0131rada yer ald\u0131.<\/p>\n<p><img loading=\"lazy\" decoding=\"async\" class=\"alignnone size-full wp-image-22002\" src=\"http:\/\/balcilar-blog.com\/wp-content\/uploads\/2018\/04\/6ad1318782ac2da9da6342d329a68394_840.jpg\" alt=\"\" width=\"640\" height=\"406\" srcset=\"https:\/\/balcilar-blog.com\/wp-content\/uploads\/2018\/04\/6ad1318782ac2da9da6342d329a68394_840.jpg 640w, https:\/\/balcilar-blog.com\/wp-content\/uploads\/2018\/04\/6ad1318782ac2da9da6342d329a68394_840-300x190.jpg 300w\" sizes=\"auto, (max-width: 640px) 100vw, 640px\" \/><\/p>\n<p>\u00c7ukur&#8217;un 22. B\u00f6l\u00fcm\u00fcnde Vartolu\u2019nun, Ko\u00e7oval\u0131larla birlikte Baykal\u2019a oynad\u0131\u011f\u0131 oyunun beklenmedik ve a\u011f\u0131r bir bedeli olacakt\u0131r. As\u0131l m\u00fccadelenin yeni ba\u015flad\u0131\u011f\u0131 \u00c7ukur\u2019da Yama\u00e7 ve \u0130dris\u2019i di\u015fli bir d\u00fc\u015fman beklemektedir. Baykal\u2019\u0131 kurtarmak i\u00e7in Ko\u00e7oval\u0131lar\u0131n kar\u015f\u0131s\u0131na ge\u00e7en Elvis yeni bir f\u0131rt\u0131naya sebep olacakt\u0131r.<\/p>\n<p><img loading=\"lazy\" decoding=\"async\" class=\"alignnone size-full wp-image-21987\" src=\"http:\/\/balcilar-blog.com\/wp-content\/uploads\/2018\/03\/C\u0327ukur-22.Bo\u0308lu\u0308m-6.jpg\" alt=\"\" width=\"640\" height=\"358\" srcset=\"https:\/\/balcilar-blog.com\/wp-content\/uploads\/2018\/03\/C\u0327ukur-22.Bo\u0308lu\u0308m-6.jpg 640w, https:\/\/balcilar-blog.com\/wp-content\/uploads\/2018\/03\/C\u0327ukur-22.Bo\u0308lu\u0308m-6-300x168.jpg 300w\" sizes=\"auto, (max-width: 640px) 100vw, 640px\" \/><\/p>\n<p>Ali\u00e7o, Hale\u2019nin intikam\u0131 pe\u015finde ko\u015farken ge\u00e7mi\u015fi ile y\u00fczle\u015fecek, Naz\u0131m ise k\u0131r\u0131lan gururunu onarmak i\u00e7in kurdu\u011fu plan\u0131 emin ad\u0131mlarla ilerletecektir. \u00c7ukur\u2019un yeni b\u00f6l\u00fcm\u00fcnde gerilim doruk noktas\u0131na \u00e7\u0131kt\u0131.<\/p>\n<p>&nbsp;<\/p>\n<p><strong>4.KADIN<\/strong>\u00a0: Fox Tv&#8217;nin ilgi \u00e7eken dizisi Kad\u0131n, bir basamak y\u00fckselerek 4.s\u0131rada yer ald\u0131. AB&#8217;de ald\u0131\u011f\u0131 11,90 reyting puan\u0131 ile haftan\u0131n dizileri aras\u0131na bu hafta 4.s\u0131rada yer al\u0131yor.<\/p>\n<p><img loading=\"lazy\" decoding=\"async\" class=\"alignnone size-full wp-image-21999\" src=\"http:\/\/balcilar-blog.com\/wp-content\/uploads\/2018\/04\/Kadin-22-bl..jpg\" alt=\"\" width=\"640\" height=\"360\" srcset=\"https:\/\/balcilar-blog.com\/wp-content\/uploads\/2018\/04\/Kadin-22-bl..jpg 640w, https:\/\/balcilar-blog.com\/wp-content\/uploads\/2018\/04\/Kadin-22-bl.-300x169.jpg 300w\" sizes=\"auto, (max-width: 640px) 100vw, 640px\" \/><\/p>\n<p>\u015eirin ile y\u00fczle\u015fen Bahar ona kar\u015f\u0131 nefretle doludur. \u015eirin ise her zamanki gibi t\u00fcm so\u011fuklu\u011fuyla Bahar\u2019\u0131n kar\u015f\u0131s\u0131ndad\u0131r. Olanlardan sonra herkese kar\u015f\u0131 g\u00fcvenini yitiren Bahar, etraf\u0131ndakileri affetmemekte de kararl\u0131d\u0131r. Sadece Bahar\u2019\u0131n iyili\u011fini istedi\u011fi i\u00e7in susan Arif ise bunu daha fazla kabullenemez ve i\u00e7indeki hisleri a\u00e7\u0131k\u00e7a Bahar\u2019a s\u00f6yler. Bahar ve \u00e7ocuklar\u0131n ya\u015fad\u0131\u011f\u0131n\u0131 \u00f6\u011frenen P\u0131r\u0131l ise bir \u015fekilde onlar\u0131 g\u00f6rmek ister. Ama Bahar hi\u00e7 d\u00fc\u015f\u00fcnd\u00fc\u011f\u00fc gibi bir kad\u0131n \u00e7\u0131kmayacak ve Alp\u2019i kaybetme korkusu daha da artacakt\u0131r.<\/p>\n<p>&nbsp;<\/p>\n<p><strong>5.\u0130STANBULLU GEL\u0130N\u00a0<\/strong>: Star Tv\u2019nin &#8220;\u0130stanbullu Gelin&#8221; 43.b\u00f6l\u00fcm\u00fcnde AB\u2019de ald\u0131\u011f\u0131 9,17 reyting puan\u0131 ile haftan\u0131n dizileri aras\u0131nda bu hafta 5.s\u0131rada yer al\u0131yor.<\/p>\n<p><img loading=\"lazy\" decoding=\"async\" class=\"alignnone size-full wp-image-22003\" src=\"http:\/\/balcilar-blog.com\/wp-content\/uploads\/2018\/04\/77999-ist-gelin.jpg\" alt=\"\" width=\"640\" height=\"427\" srcset=\"https:\/\/balcilar-blog.com\/wp-content\/uploads\/2018\/04\/77999-ist-gelin.jpg 640w, https:\/\/balcilar-blog.com\/wp-content\/uploads\/2018\/04\/77999-ist-gelin-300x200.jpg 300w\" sizes=\"auto, (max-width: 640px) 100vw, 640px\" \/><\/p>\n<p>S\u00fcreyya ile Dilara\u2019n\u0131n arkada\u015fl\u0131\u011f\u0131 s\u0131navda!<br \/>\nFaruk, Fikret\u2019in havayolu \u015firketi hamlesini \u00f6fkeyle kar\u015f\u0131lar. Bunun d\u0131\u015f\u0131nda Osman nedeniyle ya\u015fad\u0131\u011f\u0131 hayal k\u0131r\u0131kl\u0131\u011f\u0131 ile m\u00fccadele etmektedir. Adem\u2019in annesi ile g\u00f6r\u00fc\u015fmeyi reddetmesi Reyhan\u2019\u0131n Boranlara kar\u015f\u0131 \u00f6fkesini y\u00fckseltir. S\u00fcreyya ile Dilara\u2019n\u0131n arkada\u015fl\u0131\u011f\u0131 ise hala s\u0131navdad\u0131r. S\u00fcreyya, Dilara y\u00fcz\u00fcnden kendi ger\u00e7e\u011fi ile y\u00fczle\u015fmek zorunda kal\u0131r.\u00a0S\u00fcreyya \u0130pek, Esra \u00fczerinden kurdu\u011fu plan\u0131 i\u015fletir ve amac\u0131na bir ad\u0131m daha yakla\u015f\u0131r. Fakat bu sefer hi\u00e7 beklemedi\u011fi bir haber ile kar\u015f\u0131 kar\u015f\u0131ya kalacakt\u0131r.<\/p>\n<p><strong>\u0130LK BE\u015eTE HER \u0130K\u0130 GRUPTA YER ALAN D\u0130Z\u0130LER:<\/strong><\/p>\n<p>\u00c7ukur (Show), Kad\u0131n (Fox), E\u015fk\u0131ya D\u00fcnyaya H\u00fck\u00fcmdar Olmaz, Mehmed &#8216;Bir cihan Fatihi&#8217; (Kanal D), Dirili\u015f Ertu\u011frul (TRT1) ve Sen Anlat Karadeniz (Atv) her iki grupta yer alan diziler olmu\u015ftur.<\/p>\n<p><strong>KANALLARA G\u00d6RE SIRALAMAYA G\u00d6Z ATARSAK:<\/strong><\/p>\n<p>Total grubunda ilk onda: Fox Tv. 3 dizi. Atv ve Kanal D 2 dizi.\u00a0 TRT1, Show ve Star Tv bir dizi ile yer alm\u0131\u015ft\u0131r.<\/p>\n<p>AB\u2019de ilk onda: Star Tv AB&#8217;de 3 dizi.\u00a0 Atv, TRT1 ve Kanal D 2 dizi. Kanal D 2 dizi. Show Tv bir dizi ile yer alm\u0131\u015ft\u0131r<\/p>\n<p><strong>Bu haftan\u0131n kanal\u0131; Star Tv\u00a0\u00a0Total&#8217;de\u00a0 bir ve AB&#8217;de 3&#8217;er dizi ile\u00a0haftan\u0131n kanal\u0131 olmu\u015ftur.<\/strong><\/p>\n<p>Haftan\u0131n dizileri fire vererek devam ediyor. Bo\u015falan yerler yeni dizilerle dolduruluyor.<\/p>\n<p>Keyifli Seyirler&#8230;<\/p>\n<p>Sayg\u0131lar ve sevgiler.<\/p>\n<div id=\"mCSB_1_container\" class=\"mCSB_container\" dir=\"ltr\">\n<div class=\"etiket\">\n<p>Abdurrahman Balc\u0131lar<\/p>\n<p>Twitter:\u00a0<a href=\"https:\/\/twitter.com\/abbalcilar\">abdurrahman balc\u0131lar<\/a><a href=\"https:\/\/twitter.com\/abbalcilar\"><strong>@abbalcilar<\/strong><\/a><\/p>\n<p>Mail :\u00a0<a href=\"mailto:ab.balcilar@hotmail.com\">ab.balcilar@hotmail.com<\/a><\/p>\n<p>Blog:\u00a0<a href=\"http:\/\/t.co\/znqmIZgIqn\">blog.milliyet.com.tr\/cansever<\/a><\/p>\n<p>Blog:\u00a0<a href=\"http:\/\/balcilar-blog.com\/\">Abdurrahman Balc\u0131lar Blog Sayfas\u0131<\/a><\/p>\n<p>Not: Dizi reytingleri TNS \u00f6l\u00e7\u00fcmlerinden, g\u00f6rseller ve diziler hakk\u0131nda bilgi dizi tan\u0131t\u0131m sayfalar\u0131ndan al\u0131nm\u0131\u015ft\u0131r.<\/p>\n<p><strong>*\u015eahsi Blog sayfamda ve Milliyet Blog\u2019da yay\u0131nlanan blog yaz\u0131lar\u0131 b\u00fcy\u00fck bir \u00e7al\u0131\u015fman\u0131n \u00fcr\u00fcn\u00fc olup, izinsiz ya da kaynak g\u00f6stermeden al\u0131nt\u0131 yap\u0131lamaz. Aksi halde kanuni i\u015flem yap\u0131l\u0131r.<\/strong><\/p>\n<\/div>\n<\/div>\n","protected":false},"excerpt":{"rendered":"<p>&nbsp; TNS \u00f6l\u00e7\u00fcmlerine g\u00f6re haz\u0131rlad\u0131\u011f\u0131m\u00a026 Mart &#8211; 01 Nisan 2018\u00a0Tarihleri aras\u0131nda en \u00e7ok seyredilen alt\u0131 Ulusal kanallar\u0131m\u0131zda ekranlar\u0131m\u0131za gelen 35 dizi aras\u0131nda, Total\u2019de ve AB\u2019de ilk ona giren, \u00d6ne \u00e7\u0131kan dizilerin, haftan\u0131n dizi karnesini a\u015fa\u011f\u0131da bilgilerinize sunuyorum. GE\u00c7EN HAFTA G\u00d6STER\u0130MDEK\u0130 D\u0130Z\u0130LER : \u00c7ukur, S\u00f6z, Yasak Elma, Siyah Beyaz A\u015fk, 8.G\u00fcn, Kad\u0131n, E\u015fk\u0131ya D\u00fcnyaya H\u00fck\u00fcmdar Olmaz, [&hellip;]<\/p>\n","protected":false},"author":3,"featured_media":22009,"comment_status":"open","ping_status":"open","sticky":false,"template":"","format":"standard","meta":{"footnotes":""},"categories":[2],"tags":[1555,570,1678,1375,1635,1657],"class_list":["post-21997","post","type-post","status-publish","format-standard","has-post-thumbnail","hentry","category-tv-programlari","tag-cukur","tag-dirilis-ertugrul","tag-dizi-reytigleri","tag-istanbullu-gelin","tag-sen-anlat-karadeniz","tag-tns-olcmleri"],"views":3006,"blog_post_layout_featured_media_urls":{"thumbnail":["https:\/\/balcilar-blog.com\/wp-content\/uploads\/2018\/04\/cats-2-N\u0130SAN-150x150.jpg",150,150,true],"full":["https:\/\/balcilar-blog.com\/wp-content\/uploads\/2018\/04\/cats-2-N\u0130SAN.jpg",640,338,false]},"categories_names":{"2":{"name":"TV Programlar\u0131","link":"https:\/\/balcilar-blog.com\/?cat=2"}},"tags_names":{"1555":{"name":"\u00c7ukur","link":"https:\/\/balcilar-blog.com\/?tag=cukur"},"570":{"name":"dirili\u015f Ertu\u011frul","link":"https:\/\/balcilar-blog.com\/?tag=dirilis-ertugrul"},"1678":{"name":"Dizi Reytigleri","link":"https:\/\/balcilar-blog.com\/?tag=dizi-reytigleri"},"1375":{"name":"\u0130stanbullu Gelin","link":"https:\/\/balcilar-blog.com\/?tag=istanbullu-gelin"},"1635":{"name":"Sen Anlat Karadeniz","link":"https:\/\/balcilar-blog.com\/?tag=sen-anlat-karadeniz"},"1657":{"name":"TNS \u00d6l\u00e7mleri","link":"https:\/\/balcilar-blog.com\/?tag=tns-olcmleri"}},"comments_number":"0","wpmagazine_modules_lite_featured_media_urls":{"thumbnail":["https:\/\/balcilar-blog.com\/wp-content\/uploads\/2018\/04\/cats-2-N\u0130SAN-150x150.jpg",150,150,true],"cvmm-medium":["https:\/\/balcilar-blog.com\/wp-content\/uploads\/2018\/04\/cats-2-N\u0130SAN.jpg",300,158,false],"cvmm-medium-plus":["https:\/\/balcilar-blog.com\/wp-content\/uploads\/2018\/04\/cats-2-N\u0130SAN.jpg",305,161,false],"cvmm-portrait":["https:\/\/balcilar-blog.com\/wp-content\/uploads\/2018\/04\/cats-2-N\u0130SAN.jpg",400,211,false],"cvmm-medium-square":["https:\/\/balcilar-blog.com\/wp-content\/uploads\/2018\/04\/cats-2-N\u0130SAN.jpg",600,317,false],"cvmm-large":["https:\/\/balcilar-blog.com\/wp-content\/uploads\/2018\/04\/cats-2-N\u0130SAN.jpg",640,338,false],"cvmm-small":["https:\/\/balcilar-blog.com\/wp-content\/uploads\/2018\/04\/cats-2-N\u0130SAN.jpg",130,69,false],"full":["https:\/\/balcilar-blog.com\/wp-content\/uploads\/2018\/04\/cats-2-N\u0130SAN.jpg",640,338,false]},"_links":{"self":[{"href":"https:\/\/balcilar-blog.com\/index.php?rest_route=\/wp\/v2\/posts\/21997","targetHints":{"allow":["GET"]}}],"collection":[{"href":"https:\/\/balcilar-blog.com\/index.php?rest_route=\/wp\/v2\/posts"}],"about":[{"href":"https:\/\/balcilar-blog.com\/index.php?rest_route=\/wp\/v2\/types\/post"}],"author":[{"embeddable":true,"href":"https:\/\/balcilar-blog.com\/index.php?rest_route=\/wp\/v2\/users\/3"}],"replies":[{"embeddable":true,"href":"https:\/\/balcilar-blog.com\/index.php?rest_route=%2Fwp%2Fv2%2Fcomments&post=21997"}],"version-history":[{"count":2,"href":"https:\/\/balcilar-blog.com\/index.php?rest_route=\/wp\/v2\/posts\/21997\/revisions"}],"predecessor-version":[{"id":22010,"href":"https:\/\/balcilar-blog.com\/index.php?rest_route=\/wp\/v2\/posts\/21997\/revisions\/22010"}],"wp:featuredmedia":[{"embeddable":true,"href":"https:\/\/balcilar-blog.com\/index.php?rest_route=\/wp\/v2\/media\/22009"}],"wp:attachment":[{"href":"https:\/\/balcilar-blog.com\/index.php?rest_route=%2Fwp%2Fv2%2Fmedia&parent=21997"}],"wp:term":[{"taxonomy":"category","embeddable":true,"href":"https:\/\/balcilar-blog.com\/index.php?rest_route=%2Fwp%2Fv2%2Fcategories&post=21997"},{"taxonomy":"post_tag","embeddable":true,"href":"https:\/\/balcilar-blog.com\/index.php?rest_route=%2Fwp%2Fv2%2Ftags&post=21997"}],"curies":[{"name":"wp","href":"https:\/\/api.w.org\/{rel}","templated":true}]}}