{"id":21978,"date":"2018-03-30T17:49:55","date_gmt":"2018-03-30T14:49:55","guid":{"rendered":"http:\/\/balcilar-blog.com\/?p=21978"},"modified":"2018-03-31T15:19:10","modified_gmt":"2018-03-31T12:19:10","slug":"cukurda-elvis-diye-bir-manyak-cukurun-kadinlarinin-topunu-cukura-koydu","status":"publish","type":"post","link":"https:\/\/balcilar-blog.com\/?p=21978","title":{"rendered":"\u00c7ukur&#8217;da Elvis Diye Bir Manyak, \u00c7ukur&#8217;un Kad\u0131nlar\u0131n\u0131n Topunu Bir Odaya Koydu!"},"content":{"rendered":"<p><img loading=\"lazy\" decoding=\"async\" class=\"alignnone size-full wp-image-21986\" src=\"http:\/\/balcilar-blog.com\/wp-content\/uploads\/2018\/03\/C\u0327ukur-22.Bo\u0308lu\u0308m-5.jpg\" alt=\"\" width=\"640\" height=\"399\" srcset=\"https:\/\/balcilar-blog.com\/wp-content\/uploads\/2018\/03\/C\u0327ukur-22.Bo\u0308lu\u0308m-5.jpg 640w, https:\/\/balcilar-blog.com\/wp-content\/uploads\/2018\/03\/C\u0327ukur-22.Bo\u0308lu\u0308m-5-300x187.jpg 300w\" sizes=\"auto, (max-width: 640px) 100vw, 640px\" \/><\/p>\n<p>\u00c7ukur&#8217;da olmayacak \u015feyler oluyor. Elvis diye g\u00f6z\u00fc d\u00f6nm\u00fc\u015f bir manyak,\u00c7ukur&#8217;un kad\u0131nlar\u0131n\u0131n hepsini \u00e7ukura koydu. Oradan oraya savurdu. Ko\u00e7aoval\u0131lar ve Vartolu, yeni d\u00fc\u015fmanlar\u0131 Elvis diye birinin tuza\u011f\u0131na d\u00fc\u015ft\u00fc. Ve aralar\u0131nda amans\u0131z m\u00fccadele ba\u015flad\u0131.<\/p>\n<p>Avukat Naz\u0131m, babas\u0131 Beyefendi diye tabir edilen Baykal&#8217;\u0131 sandalyeye oturttu a\u011fz\u0131n\u0131 ba\u011flad\u0131, kar\u015f\u0131s\u0131nda satran\u00e7 oynad\u0131 ve onu mat etti. Bir nevi babas\u0131ndan intikam ald\u0131.<\/p>\n<p><img loading=\"lazy\" decoding=\"async\" class=\"alignnone size-full wp-image-21981\" src=\"http:\/\/balcilar-blog.com\/wp-content\/uploads\/2018\/03\/DZPdErJWsAAl5EQ.jpg\" alt=\"\" width=\"640\" height=\"360\" srcset=\"https:\/\/balcilar-blog.com\/wp-content\/uploads\/2018\/03\/DZPdErJWsAAl5EQ.jpg 640w, https:\/\/balcilar-blog.com\/wp-content\/uploads\/2018\/03\/DZPdErJWsAAl5EQ-300x169.jpg 300w\" sizes=\"auto, (max-width: 640px) 100vw, 640px\" \/><\/p>\n<p>Ay Yap\u0131m imzal\u0131, Show TV\u2019de yay\u0131nlanan \u2018\u00c7ukur\u2019un d\u00fcn ak\u015fam ekranlara gelen b\u00f6l\u00fcm\u00fcnde izleyicilerin ilk defa kar\u015f\u0131la\u015ft\u0131\u011f\u0131 Elvis (Sayg\u0131n Soysal), ta\u015f \u00fcst\u00fcnde ta\u015f b\u0131rakmad\u0131. Ko\u00e7oval\u0131lar ile Baykal aras\u0131ndaki m\u00fccadeleye dahil olan Elvis, Baykal\u2019\u0131 kurtarmak i\u00e7in kurdu\u011fu b\u00fcy\u00fck tuzak ile ba\u015fta Yama\u00e7 olmak \u00fczere hem Ko\u00e7oval\u0131lar\u0131 hem de Vartolu\u2019yu bozguna u\u011fratt\u0131.<\/p>\n<p><strong>\u00c7UKUR, PAZARTES\u0130 AK\u015eAMININ L\u0130DER\u0130!<\/strong><\/p>\n<p>Pazartesi ak\u015famlar\u0131n\u0131 hem reytinglerde hem de sosyal medyada zirvede bitiren \u2018\u00c7ukur\u2019un d\u00fcn ak\u015fam yay\u0131nlanan b\u00f6l\u00fcm\u00fcnde Yama\u00e7 (Aras Bulut \u0130ynemli) ve Vartolu\u2019nun, Baykal\u2019a kurduklar\u0131 tuza\u011f\u0131 faturas\u0131 a\u011f\u0131r kesildi. Baykal\u2019\u0131 kurtarmak \u00fczere harekete ge\u00e7en Elvis (Sayg\u0131n Soysal), Ko\u00e7oval\u0131 kad\u0131nlar\u0131n\u0131 ka\u00e7\u0131rarak tehlikeli bir hamlede bulundu.<\/p>\n<p><img loading=\"lazy\" decoding=\"async\" class=\"alignnone size-full wp-image-21984\" src=\"http:\/\/balcilar-blog.com\/wp-content\/uploads\/2018\/03\/C\u0327ukur-22.Bo\u0308lu\u0308m-3.jpg\" alt=\"\" width=\"640\" height=\"378\" srcset=\"https:\/\/balcilar-blog.com\/wp-content\/uploads\/2018\/03\/C\u0327ukur-22.Bo\u0308lu\u0308m-3.jpg 640w, https:\/\/balcilar-blog.com\/wp-content\/uploads\/2018\/03\/C\u0327ukur-22.Bo\u0308lu\u0308m-3-300x177.jpg 300w\" sizes=\"auto, (max-width: 640px) 100vw, 640px\" \/><\/p>\n<p>Elvis\u2019in kad\u0131nlar\u0131 tuttu\u011fu depoyu \u00f6\u011frenen Ko\u00e7oval\u0131lar ile Vartolu, hayatlar\u0131n\u0131n en b\u00fcy\u00fck \u015fokunu ya\u015fad\u0131. Hepsinden bir ad\u0131m \u00f6nde hareket eden Elvis, iki taraf\u0131 da bozguna u\u011fratarak hem onlar\u0131 tuza\u011fa d\u00fc\u015f\u00fcrd\u00fc hem de tam vaktinde Ko\u00e7oval\u0131 kad\u0131nlar\u0131n\u0131 al\u0131p ka\u00e7may\u0131 ba\u015fard\u0131.<\/p>\n<p><strong>Final sahnesine damga vuran o adrenalin dolu an:<\/strong> (1)<\/p>\n<p>https:\/\/www.youtube.com\/watch?v=O_STfFLlLhA<\/p>\n<p><strong>T\u00dcM KATEGOR\u0130LERDE L\u0130DER!<\/strong><\/p>\n<p><img loading=\"lazy\" decoding=\"async\" class=\"alignnone size-full wp-image-21979\" src=\"http:\/\/balcilar-blog.com\/wp-content\/uploads\/2018\/03\/DZRzU3FWkAATvGE.jpg\" alt=\"\" width=\"480\" height=\"480\" srcset=\"https:\/\/balcilar-blog.com\/wp-content\/uploads\/2018\/03\/DZRzU3FWkAATvGE.jpg 480w, https:\/\/balcilar-blog.com\/wp-content\/uploads\/2018\/03\/DZRzU3FWkAATvGE-150x150.jpg 150w, https:\/\/balcilar-blog.com\/wp-content\/uploads\/2018\/03\/DZRzU3FWkAATvGE-300x300.jpg 300w\" sizes=\"auto, (max-width: 480px) 100vw, 480px\" \/><\/p>\n<p>\u00c7ukur, d\u00fcn ak\u015fam yay\u0131nlanan 22\u2019nci b\u00f6l\u00fcm\u00fcyle reyting s\u0131ralamas\u0131nda zirveye yerle\u015fti. \u00c7ukur,\u00a0AB\u2019de\u00a012,72\u00a0izlenme oran\u0131 (rating),\u00a028,09\u00a0izlenme pay\u0131 (share),\u00a0ABC1 20+&#8217;da\u00a012,90izlenme oran\u0131 (rating),\u00a026,59\u00a0izlenme pay\u0131 (share), Total\u2019de ise10,06\u00a0izlenme oran\u0131 (rating),\u00a022,31\u00a0izlenme pay\u0131 (share) ile\u00a0birincili\u011fi g\u00f6\u011f\u00fcsledi. \u00c7ukur&#8217;un heyecanla beklenen 22\u2019nci b\u00f6l\u00fcm\u00fcn\u00fcn ba\u015flamas\u0131yla birlikte izleyiciler\u00a0#\u015fahmat\u00a0etiketi ile Twitter\u2019da yorumlar\u0131n\u0131 payla\u015ft\u0131.\u00a0#\u015fahmat\u00a0etiketi\u00a0Twitter&#8217;\u0131n T\u00fcrkiye g\u00fcndeminde\u00a015 saat 5 dakika,\u00a0d\u00fcnyada\u00a06 saat 10 dakika\u00a0TT listesinde kald\u0131. Somera\u2019n\u0131n reyting analizine g\u00f6re26 Mart Pazartesi\u00a0g\u00fcn\u00fc sosyal medyada en \u00e7ok konu\u015fulan programlar s\u0131ralamas\u0131nda birinci oldu.<\/p>\n<p><strong>YAMA\u00c7 \u0130LE VARTOLU G\u00dc\u00c7LER\u0130N\u0130 B\u0130RLE\u015eT\u0130RD\u0130! \u00a0\u00a0<\/strong><\/p>\n<p><img loading=\"lazy\" decoding=\"async\" class=\"alignnone size-full wp-image-21980\" src=\"http:\/\/balcilar-blog.com\/wp-content\/uploads\/2018\/03\/DZNSIhzX4AICm3F.jpg\" alt=\"\" width=\"480\" height=\"480\" srcset=\"https:\/\/balcilar-blog.com\/wp-content\/uploads\/2018\/03\/DZNSIhzX4AICm3F.jpg 480w, https:\/\/balcilar-blog.com\/wp-content\/uploads\/2018\/03\/DZNSIhzX4AICm3F-150x150.jpg 150w, https:\/\/balcilar-blog.com\/wp-content\/uploads\/2018\/03\/DZNSIhzX4AICm3F-300x300.jpg 300w\" sizes=\"auto, (max-width: 480px) 100vw, 480px\" \/><\/p>\n<p>Baykal tehlikesini ortadan kald\u0131rmak i\u00e7in g\u00fc\u00e7lerini birle\u015ftiren Yama\u00e7 ile Vartolu\u2019nun, Baykal\u2019a oyun oynad\u0131klar\u0131 an b\u00f6l\u00fcme damga vurdu.<\/p>\n<p><img loading=\"lazy\" decoding=\"async\" class=\"alignnone size-full wp-image-21981\" src=\"http:\/\/balcilar-blog.com\/wp-content\/uploads\/2018\/03\/DZPdErJWsAAl5EQ.jpg\" alt=\"\" width=\"640\" height=\"360\" srcset=\"https:\/\/balcilar-blog.com\/wp-content\/uploads\/2018\/03\/DZPdErJWsAAl5EQ.jpg 640w, https:\/\/balcilar-blog.com\/wp-content\/uploads\/2018\/03\/DZPdErJWsAAl5EQ-300x169.jpg 300w\" sizes=\"auto, (max-width: 640px) 100vw, 640px\" \/><\/p>\n<p>Ancak Yama\u00e7 ve Vartolu\u2019nun plan\u0131, Naz\u0131m\u2019\u0131n gizlice oyuna dahil olmas\u0131yla alt \u00fcst oldu. Yama\u00e7 ile Vartolu, Baykal\u2019\u0131 Naz\u0131m\u2019a kapt\u0131r\u0131rken; Hale\u2019nin intikam\u0131n\u0131 almak i\u00e7in harekete ge\u00e7en Ali\u00e7o\u2019nun gizemli ge\u00e7mi\u015fi b\u00f6l\u00fcm\u00fcn en \u00e7ok konu\u015fulan anlar\u0131ndan oldu.<\/p>\n<p><strong>Ali\u00e7o\u2019nun gizemli ge\u00e7mi\u015findeki perde aralan\u0131yor<\/strong>: (2)<\/p>\n<p>https:\/\/www.youtube.com\/watch?v=ac31eeJI4DY<\/p>\n<p>&nbsp;<\/p>\n<p><strong>YAMA\u00c7, AL\u0130\u00c7O\u2019YU DURDURAB\u0130LECEK M\u0130?<\/strong><\/p>\n<p><img loading=\"lazy\" decoding=\"async\" class=\"alignnone size-full wp-image-21987\" src=\"http:\/\/balcilar-blog.com\/wp-content\/uploads\/2018\/03\/C\u0327ukur-22.Bo\u0308lu\u0308m-6.jpg\" alt=\"\" width=\"640\" height=\"358\" srcset=\"https:\/\/balcilar-blog.com\/wp-content\/uploads\/2018\/03\/C\u0327ukur-22.Bo\u0308lu\u0308m-6.jpg 640w, https:\/\/balcilar-blog.com\/wp-content\/uploads\/2018\/03\/C\u0327ukur-22.Bo\u0308lu\u0308m-6-300x168.jpg 300w\" sizes=\"auto, (max-width: 640px) 100vw, 640px\" \/><\/p>\n<p>Yeni b\u00f6l\u00fcmden yay\u0131nlanan ilk sahnede Ali\u00e7o\u2019nun kul\u00fcbesinde Baykal, Naz\u0131m ve Hale\u2019nin foto\u011fraflar\u0131n\u0131 bulan Yama\u00e7, Ali\u00e7o\u2019nun Hale\u2019nin \u00f6ld\u00fcr\u00fclmesinin ard\u0131ndaki s\u0131rr\u0131 a\u00e7\u0131\u011fa \u00e7\u0131kard\u0131\u011f\u0131n\u0131 anl\u0131yor. Meke ile birlikte Ali\u00e7o\u2019yu bulmaya giden Yama\u00e7\u2019\u0131n Ali\u00e7o\u2019yu vaktinde durdurup durduramayaca\u011f\u0131 b\u00fcy\u00fck merakla beklenecek.<\/p>\n<p><strong>Yeni b\u00f6l\u00fcmden ekranlara gelen ilk sahne:<\/strong> (3)<\/p>\n<p><iframe loading=\"lazy\" title=\"C\u0327ukur 23. Bo\u0308lu\u0308m - Sneak Peek\" width=\"640\" height=\"360\" src=\"https:\/\/www.youtube.com\/embed\/dKhFohUlzgw?feature=oembed\" frameborder=\"0\" allow=\"accelerometer; autoplay; clipboard-write; encrypted-media; gyroscope; picture-in-picture; web-share\" referrerpolicy=\"strict-origin-when-cross-origin\" allowfullscreen><\/iframe><\/p>\n<p><strong>\u2018\u00c7ukur\u2019un yeni b\u00f6l\u00fcm\u00fc 2 Nisan Pazartesi saat 20:00\u2019da Show TV\u2019de ekranlara gelecek.<\/strong><\/p>\n<p>Sayg\u0131lar ve sevgiler.<\/p>\n<p>Abdurrahman Balc\u0131lar<\/p>\n<p>Twitter:\u00a0<a href=\"https:\/\/twitter.com\/abbalcilar\"><strong>@abbalcilar<\/strong><\/a><\/p>\n<p>Mail :\u00a0<a href=\"mailto:ab.balcilar@hotmail.com\">ab.balcilar@hotmail.com<\/a><\/p>\n<p>Blog:\u00a0<a href=\"http:\/\/t.co\/znqmIZgIqn\">blog.milliyet.com.tr\/cansever<\/a><\/p>\n<p>\u015eahsi Blog:\u00a0<strong>balcilar-blog.com<\/strong><\/p>\n<p>Not: Kaynak ve resimler Cansu Uras \u0130leti\u015fim Deposu Bas\u0131n B\u00fclteni<\/p>\n<p><strong>*\u015eahsi Blog sayfamda ve Milliyet Blog\u2019da yay\u0131nlanan blog yaz\u0131lar\u0131 b\u00fcy\u00fck bir \u00e7al\u0131\u015fman\u0131n \u00fcr\u00fcn\u00fc olup, izinsiz ya da kaynak g\u00f6stermeden al\u0131nt\u0131 yap\u0131lamaz. Aksi halde kanuni i\u015flem yap\u0131l\u0131r.<\/strong><\/p>\n<div class=\"x_gmail_signature\">\n<div dir=\"ltr\"><\/div>\n<\/div>\n","protected":false},"excerpt":{"rendered":"<p>\u00c7ukur&#8217;da olmayacak \u015feyler oluyor. Elvis diye g\u00f6z\u00fc d\u00f6nm\u00fc\u015f bir manyak,\u00c7ukur&#8217;un kad\u0131nlar\u0131n\u0131n hepsini \u00e7ukura koydu. Oradan oraya savurdu. Ko\u00e7aoval\u0131lar ve Vartolu, yeni d\u00fc\u015fmanlar\u0131 Elvis diye birinin tuza\u011f\u0131na d\u00fc\u015ft\u00fc. Ve aralar\u0131nda amans\u0131z m\u00fccadele ba\u015flad\u0131. Avukat Naz\u0131m, babas\u0131 Beyefendi diye tabir edilen Baykal&#8217;\u0131 sandalyeye oturttu a\u011fz\u0131n\u0131 ba\u011flad\u0131, kar\u015f\u0131s\u0131nda satran\u00e7 oynad\u0131 ve onu mat etti. Bir nevi babas\u0131ndan intikam [&hellip;]<\/p>\n","protected":false},"author":3,"featured_media":21986,"comment_status":"open","ping_status":"open","sticky":false,"template":"","format":"standard","meta":{"footnotes":""},"categories":[2],"tags":[533,26,1555,1677,779,35],"class_list":["post-21978","post","type-post","status-publish","format-standard","has-post-thumbnail","hentry","category-tv-programlari","tag-aras-bulut-iynemli","tag-ay-yapim","tag-cukur","tag-elvis","tag-saygin-soysal","tag-show-tv"],"views":3358,"blog_post_layout_featured_media_urls":{"thumbnail":["https:\/\/balcilar-blog.com\/wp-content\/uploads\/2018\/03\/C\u0327ukur-22.Bo\u0308lu\u0308m-5-150x150.jpg",150,150,true],"full":["https:\/\/balcilar-blog.com\/wp-content\/uploads\/2018\/03\/C\u0327ukur-22.Bo\u0308lu\u0308m-5.jpg",640,399,false]},"categories_names":{"2":{"name":"TV Programlar\u0131","link":"https:\/\/balcilar-blog.com\/?cat=2"}},"tags_names":{"533":{"name":"Aras Bulut \u0130ynemli","link":"https:\/\/balcilar-blog.com\/?tag=aras-bulut-iynemli"},"26":{"name":"Ay Yap\u0131m","link":"https:\/\/balcilar-blog.com\/?tag=ay-yapim"},"1555":{"name":"\u00c7ukur","link":"https:\/\/balcilar-blog.com\/?tag=cukur"},"1677":{"name":"Elvis","link":"https:\/\/balcilar-blog.com\/?tag=elvis"},"779":{"name":"Sayg\u0131n Soysal","link":"https:\/\/balcilar-blog.com\/?tag=saygin-soysal"},"35":{"name":"Show Tv","link":"https:\/\/balcilar-blog.com\/?tag=show-tv"}},"comments_number":"0","wpmagazine_modules_lite_featured_media_urls":{"thumbnail":["https:\/\/balcilar-blog.com\/wp-content\/uploads\/2018\/03\/C\u0327ukur-22.Bo\u0308lu\u0308m-5-150x150.jpg",150,150,true],"cvmm-medium":["https:\/\/balcilar-blog.com\/wp-content\/uploads\/2018\/03\/C\u0327ukur-22.Bo\u0308lu\u0308m-5.jpg",300,187,false],"cvmm-medium-plus":["https:\/\/balcilar-blog.com\/wp-content\/uploads\/2018\/03\/C\u0327ukur-22.Bo\u0308lu\u0308m-5.jpg",305,190,false],"cvmm-portrait":["https:\/\/balcilar-blog.com\/wp-content\/uploads\/2018\/03\/C\u0327ukur-22.Bo\u0308lu\u0308m-5.jpg",400,249,false],"cvmm-medium-square":["https:\/\/balcilar-blog.com\/wp-content\/uploads\/2018\/03\/C\u0327ukur-22.Bo\u0308lu\u0308m-5.jpg",600,374,false],"cvmm-large":["https:\/\/balcilar-blog.com\/wp-content\/uploads\/2018\/03\/C\u0327ukur-22.Bo\u0308lu\u0308m-5.jpg",640,399,false],"cvmm-small":["https:\/\/balcilar-blog.com\/wp-content\/uploads\/2018\/03\/C\u0327ukur-22.Bo\u0308lu\u0308m-5.jpg",130,81,false],"full":["https:\/\/balcilar-blog.com\/wp-content\/uploads\/2018\/03\/C\u0327ukur-22.Bo\u0308lu\u0308m-5.jpg",640,399,false]},"_links":{"self":[{"href":"https:\/\/balcilar-blog.com\/index.php?rest_route=\/wp\/v2\/posts\/21978","targetHints":{"allow":["GET"]}}],"collection":[{"href":"https:\/\/balcilar-blog.com\/index.php?rest_route=\/wp\/v2\/posts"}],"about":[{"href":"https:\/\/balcilar-blog.com\/index.php?rest_route=\/wp\/v2\/types\/post"}],"author":[{"embeddable":true,"href":"https:\/\/balcilar-blog.com\/index.php?rest_route=\/wp\/v2\/users\/3"}],"replies":[{"embeddable":true,"href":"https:\/\/balcilar-blog.com\/index.php?rest_route=%2Fwp%2Fv2%2Fcomments&post=21978"}],"version-history":[{"count":5,"href":"https:\/\/balcilar-blog.com\/index.php?rest_route=\/wp\/v2\/posts\/21978\/revisions"}],"predecessor-version":[{"id":21992,"href":"https:\/\/balcilar-blog.com\/index.php?rest_route=\/wp\/v2\/posts\/21978\/revisions\/21992"}],"wp:featuredmedia":[{"embeddable":true,"href":"https:\/\/balcilar-blog.com\/index.php?rest_route=\/wp\/v2\/media\/21986"}],"wp:attachment":[{"href":"https:\/\/balcilar-blog.com\/index.php?rest_route=%2Fwp%2Fv2%2Fmedia&parent=21978"}],"wp:term":[{"taxonomy":"category","embeddable":true,"href":"https:\/\/balcilar-blog.com\/index.php?rest_route=%2Fwp%2Fv2%2Fcategories&post=21978"},{"taxonomy":"post_tag","embeddable":true,"href":"https:\/\/balcilar-blog.com\/index.php?rest_route=%2Fwp%2Fv2%2Ftags&post=21978"}],"curies":[{"name":"wp","href":"https:\/\/api.w.org\/{rel}","templated":true}]}}