{"id":21971,"date":"2018-03-30T15:23:13","date_gmt":"2018-03-30T12:23:13","guid":{"rendered":"http:\/\/balcilar-blog.com\/?p=21971"},"modified":"2018-03-31T15:39:46","modified_gmt":"2018-03-31T12:39:46","slug":"cocuklar-sana-emanet-vizyonda-cagan-irmak-memleketi-izmirde-galada","status":"publish","type":"post","link":"https:\/\/balcilar-blog.com\/?p=21971","title":{"rendered":"&#8220;\u00c7ocuklar Sana Emanet vizyonda&#8221; \u00c7a\u011fan Irmak Memleketi \u0130zmir&#8217;de Galada!"},"content":{"rendered":"<div class=\"x_gmail_quote\">\n<div dir=\"ltr\">\n<p><img loading=\"lazy\" decoding=\"async\" class=\"alignnone size-full wp-image-21975\" src=\"http:\/\/balcilar-blog.com\/wp-content\/uploads\/2018\/03\/cocuklar-sana-emanet-1518696168.jpg\" alt=\"\" width=\"444\" height=\"640\" srcset=\"https:\/\/balcilar-blog.com\/wp-content\/uploads\/2018\/03\/cocuklar-sana-emanet-1518696168.jpg 444w, https:\/\/balcilar-blog.com\/wp-content\/uploads\/2018\/03\/cocuklar-sana-emanet-1518696168-208x300.jpg 208w\" sizes=\"auto, (max-width: 444px) 100vw, 444px\" \/><\/p>\n<p>Af\u015far Film &#8211; \u015e\u00fckr\u00fc Af\u015far yap\u0131mc\u0131s\u0131 oldu\u011fu, Senaryosunu ve Y\u00f6netmenli\u011fini \u00c7a\u011fan Irmak&#8217;\u0131n yapt\u0131\u011f\u0131 &#8220;\u00e7ocuklar Sana Emanet&#8221; filmi ge\u00e7ti\u011fimiz cuma g\u00fcn\u00fcn <strong>23 Mart tarihinde vizyona<\/strong> girdi. Ba\u015frollerini Engin Aky\u00fcrek, \u015eerif Sezer, Hilal Alt\u0131nbilek, Birsen D\u00fcr\u00fcl\u00fc ve Osman Aka\u015f oynuyor.<\/p>\n<p>Cuma g\u00fcn\u00fc vizyona giren \u00c7a\u011fan Irmak\u2019\u0131n yeni filmi \u201c\u00c7ocuklar Sana Emanet\u201din ekibi \u0130zmir seyircisiyle bulu\u015ftu. \u0130zmirli y\u00f6netmen \u00c7a\u011fan Irmak ve ekibine yo\u011fun ilgi vard\u0131.<\/p>\n<p>\u201c\u00c7ocuklar Sana Emanet\u201d filminin y\u00f6netmeni \u00c7a\u011fan Irmak, oyuncular\u0131 Engin Aky\u00fcrek, \u015eerif Sezer, Og\u00fcn Kaptano\u011flu, Birsen D\u00fcr\u00fcl\u00fc, \u00c7a\u011fda\u015f Y\u0131lanc\u0131 ve filmin \u00e7ocuk oyuncusu Eren Devrim\u2019in kat\u0131l\u0131m\u0131yla 27 Mart Sal\u0131 g\u00fcn\u00fc Cinemaximum Optimum AVM\u2019de ger\u00e7ekle\u015fen seyircili g\u00f6sterime \u0130zmirlilerin ilgisi b\u00fcy\u00fckt\u00fc.<\/p>\n<p><img loading=\"lazy\" decoding=\"async\" class=\"alignnone size-full wp-image-21972\" src=\"http:\/\/balcilar-blog.com\/wp-content\/uploads\/2018\/03\/C\u0327SE-izmir3.jpg\" alt=\"\" width=\"640\" height=\"311\" srcset=\"https:\/\/balcilar-blog.com\/wp-content\/uploads\/2018\/03\/C\u0327SE-izmir3.jpg 640w, https:\/\/balcilar-blog.com\/wp-content\/uploads\/2018\/03\/C\u0327SE-izmir3-300x146.jpg 300w\" sizes=\"auto, (max-width: 640px) 100vw, 640px\" \/><\/p>\n<p>G\u00f6sterim \u00f6ncesinde heyecanlar\u0131n\u0131 payla\u015fan y\u00f6netmen ve oyuncular seyircilerle bol bol foto\u011fraf \u00e7ektirdi. Filmin ba\u015frol oyuncusu Engin Aky\u00fcrek\u2019in hayranlar\u0131 g\u00f6sterimden saatler \u00f6nce gelerek hayran olduklar\u0131 oyuncuyu beklediler.<\/p>\n<p><img loading=\"lazy\" decoding=\"async\" class=\"alignnone size-full wp-image-21974\" src=\"http:\/\/balcilar-blog.com\/wp-content\/uploads\/2018\/03\/C\u0327SE-izmir2.jpg\" alt=\"\" width=\"640\" height=\"340\" srcset=\"https:\/\/balcilar-blog.com\/wp-content\/uploads\/2018\/03\/C\u0327SE-izmir2.jpg 640w, https:\/\/balcilar-blog.com\/wp-content\/uploads\/2018\/03\/C\u0327SE-izmir2-300x159.jpg 300w\" sizes=\"auto, (max-width: 640px) 100vw, 640px\" \/><\/p>\n<p>Filmin k\u0131saca konusu; Bir trafik kazas\u0131n\u0131n travmas\u0131n\u0131 atlatmaya \u00e7al\u0131\u015fan i\u00e7 mimar Kerem\u2019in \u015fifac\u0131 bir kad\u0131n ve k\u00f6yl\u00fclerle ge\u00e7irdi\u011fi ar\u0131nma s\u00fcrecinin anlat\u0131yor. Gerilim, dram t\u00fcr\u00fcnde bir film.<\/p>\n<p><img loading=\"lazy\" decoding=\"async\" class=\"alignnone size-full wp-image-21973\" src=\"http:\/\/balcilar-blog.com\/wp-content\/uploads\/2018\/03\/C\u0327SE-I\u0307zmir.jpg\" alt=\"\" width=\"640\" height=\"261\" srcset=\"https:\/\/balcilar-blog.com\/wp-content\/uploads\/2018\/03\/C\u0327SE-I\u0307zmir.jpg 640w, https:\/\/balcilar-blog.com\/wp-content\/uploads\/2018\/03\/C\u0327SE-I\u0307zmir-300x122.jpg 300w\" sizes=\"auto, (max-width: 640px) 100vw, 640px\" \/><\/p>\n<p>Av\u015far Film\u2019in yap\u0131mc\u0131l\u0131\u011f\u0131n\u0131 \u00fcstlendi\u011fi, \u00c7a\u011fan Irmak\u2019\u0131n ayn\u0131 zamanda senaryosunu da kaleme ald\u0131\u011f\u0131 \u2018\u00c7ocuklar Sana Emanet sinemalarda oynuyor. \u0130lk haftas\u0131nda 33.400 ki\u015fi izlemi\u015f. Ancak izleyici yorumlar\u0131na g\u00f6re pek iyi olarak de\u011ferlendirilmiyor. Yap\u0131lan ele\u015ftiriler ve yorumlar k\u00f6t\u00fc.<\/p>\n<p>Ben gene de siz de sinemada izleyin ona g\u00f6re karar verin derim.<\/p>\n<p>\u0130yi Seyirler.<\/p>\n<p>Sayg\u0131lar ve sevgiler.<\/p>\n<p>Abdurrahman Balc\u0131lar<\/p>\n<p>Twitter:\u00a0<a href=\"https:\/\/twitter.com\/abbalcilar\"><strong>@abbalcilar<\/strong><\/a><\/p>\n<p>Mail :\u00a0<a href=\"mailto:ab.balcilar@hotmail.com\">ab.balcilar@hotmail.com<\/a><\/p>\n<p>Blog:\u00a0<a href=\"http:\/\/t.co\/znqmIZgIqn\">blog.milliyet.com.tr\/cansever<\/a><\/p>\n<p>\u015eahsi Blog:\u00a0<strong>balcilar-blog.com<\/strong><\/p>\n<p>Not: Kaynak Haber ve g\u00f6rseller Cansu Uras \u0130leti\u015fim Deposu Bas\u0131n B\u00fclteni<\/p>\n<p><strong>*\u015eahsi Blog sayfamda ve Milliyet Blog\u2019da yay\u0131nlanan blog yaz\u0131lar\u0131 b\u00fcy\u00fck bir \u00e7al\u0131\u015fman\u0131n \u00fcr\u00fcn\u00fc olup, izinsiz ya da kaynak g\u00f6stermeden al\u0131nt\u0131 yap\u0131lamaz. Aksi halde kanuni i\u015flem yap\u0131l\u0131r.<\/strong><\/p>\n<p class=\"x_MsoNormal\">\n<\/div>\n<\/div>\n<div class=\"x_gmail_signature\">\n<div dir=\"ltr\"><\/div>\n<\/div>\n","protected":false},"excerpt":{"rendered":"<p>Af\u015far Film &#8211; \u015e\u00fckr\u00fc Af\u015far yap\u0131mc\u0131s\u0131 oldu\u011fu, Senaryosunu ve Y\u00f6netmenli\u011fini \u00c7a\u011fan Irmak&#8217;\u0131n yapt\u0131\u011f\u0131 &#8220;\u00e7ocuklar Sana Emanet&#8221; filmi ge\u00e7ti\u011fimiz cuma g\u00fcn\u00fcn 23 Mart tarihinde vizyona girdi. Ba\u015frollerini Engin Aky\u00fcrek, \u015eerif Sezer, Hilal Alt\u0131nbilek, Birsen D\u00fcr\u00fcl\u00fc ve Osman Aka\u015f oynuyor. Cuma g\u00fcn\u00fc vizyona giren \u00c7a\u011fan Irmak\u2019\u0131n yeni filmi \u201c\u00c7ocuklar Sana Emanet\u201din ekibi \u0130zmir seyircisiyle bulu\u015ftu. \u0130zmirli y\u00f6netmen [&hellip;]<\/p>\n","protected":false},"author":3,"featured_media":21975,"comment_status":"open","ping_status":"open","sticky":false,"template":"","format":"standard","meta":{"footnotes":""},"categories":[10],"tags":[608,1281,1675,82,1676],"class_list":["post-21971","post","type-post","status-publish","format-standard","has-post-thumbnail","hentry","category-sinema","tag-afsar-film","tag-cagan-irmak","tag-cocuklar-sana-emanet","tag-engin-akyurek","tag-serif-sezer"],"views":3493,"blog_post_layout_featured_media_urls":{"thumbnail":["https:\/\/balcilar-blog.com\/wp-content\/uploads\/2018\/03\/cocuklar-sana-emanet-1518696168-150x150.jpg",150,150,true],"full":["https:\/\/balcilar-blog.com\/wp-content\/uploads\/2018\/03\/cocuklar-sana-emanet-1518696168.jpg",444,640,false]},"categories_names":{"10":{"name":"Sinema","link":"https:\/\/balcilar-blog.com\/?cat=10"}},"tags_names":{"608":{"name":"Af\u015far Film","link":"https:\/\/balcilar-blog.com\/?tag=afsar-film"},"1281":{"name":"\u00c7a\u011fan Irmak","link":"https:\/\/balcilar-blog.com\/?tag=cagan-irmak"},"1675":{"name":"\u00c7ocuklar Sana Emanet","link":"https:\/\/balcilar-blog.com\/?tag=cocuklar-sana-emanet"},"82":{"name":"Engin Aky\u00fcrek","link":"https:\/\/balcilar-blog.com\/?tag=engin-akyurek"},"1676":{"name":"\u015eerif Sezer","link":"https:\/\/balcilar-blog.com\/?tag=serif-sezer"}},"comments_number":"0","wpmagazine_modules_lite_featured_media_urls":{"thumbnail":["https:\/\/balcilar-blog.com\/wp-content\/uploads\/2018\/03\/cocuklar-sana-emanet-1518696168-150x150.jpg",150,150,true],"cvmm-medium":["https:\/\/balcilar-blog.com\/wp-content\/uploads\/2018\/03\/cocuklar-sana-emanet-1518696168.jpg",208,300,false],"cvmm-medium-plus":["https:\/\/balcilar-blog.com\/wp-content\/uploads\/2018\/03\/cocuklar-sana-emanet-1518696168.jpg",144,207,false],"cvmm-portrait":["https:\/\/balcilar-blog.com\/wp-content\/uploads\/2018\/03\/cocuklar-sana-emanet-1518696168.jpg",400,577,false],"cvmm-medium-square":["https:\/\/balcilar-blog.com\/wp-content\/uploads\/2018\/03\/cocuklar-sana-emanet-1518696168.jpg",416,600,false],"cvmm-large":["https:\/\/balcilar-blog.com\/wp-content\/uploads\/2018\/03\/cocuklar-sana-emanet-1518696168.jpg",444,640,false],"cvmm-small":["https:\/\/balcilar-blog.com\/wp-content\/uploads\/2018\/03\/cocuklar-sana-emanet-1518696168.jpg",66,95,false],"full":["https:\/\/balcilar-blog.com\/wp-content\/uploads\/2018\/03\/cocuklar-sana-emanet-1518696168.jpg",444,640,false]},"_links":{"self":[{"href":"https:\/\/balcilar-blog.com\/index.php?rest_route=\/wp\/v2\/posts\/21971","targetHints":{"allow":["GET"]}}],"collection":[{"href":"https:\/\/balcilar-blog.com\/index.php?rest_route=\/wp\/v2\/posts"}],"about":[{"href":"https:\/\/balcilar-blog.com\/index.php?rest_route=\/wp\/v2\/types\/post"}],"author":[{"embeddable":true,"href":"https:\/\/balcilar-blog.com\/index.php?rest_route=\/wp\/v2\/users\/3"}],"replies":[{"embeddable":true,"href":"https:\/\/balcilar-blog.com\/index.php?rest_route=%2Fwp%2Fv2%2Fcomments&post=21971"}],"version-history":[{"count":5,"href":"https:\/\/balcilar-blog.com\/index.php?rest_route=\/wp\/v2\/posts\/21971\/revisions"}],"predecessor-version":[{"id":21995,"href":"https:\/\/balcilar-blog.com\/index.php?rest_route=\/wp\/v2\/posts\/21971\/revisions\/21995"}],"wp:featuredmedia":[{"embeddable":true,"href":"https:\/\/balcilar-blog.com\/index.php?rest_route=\/wp\/v2\/media\/21975"}],"wp:attachment":[{"href":"https:\/\/balcilar-blog.com\/index.php?rest_route=%2Fwp%2Fv2%2Fmedia&parent=21971"}],"wp:term":[{"taxonomy":"category","embeddable":true,"href":"https:\/\/balcilar-blog.com\/index.php?rest_route=%2Fwp%2Fv2%2Fcategories&post=21971"},{"taxonomy":"post_tag","embeddable":true,"href":"https:\/\/balcilar-blog.com\/index.php?rest_route=%2Fwp%2Fv2%2Ftags&post=21971"}],"curies":[{"name":"wp","href":"https:\/\/api.w.org\/{rel}","templated":true}]}}