{"id":21941,"date":"2018-03-25T16:15:41","date_gmt":"2018-03-25T13:15:41","guid":{"rendered":"http:\/\/balcilar-blog.com\/?p=21941"},"modified":"2018-03-25T18:06:16","modified_gmt":"2018-03-25T15:06:16","slug":"cagatay-ulusoya-bir-darbe-de-rtukden-mi-geliyor","status":"publish","type":"post","link":"https:\/\/balcilar-blog.com\/?p=21941","title":{"rendered":"\u00c7a\u011fatay Ulusoy&#8217;a Bir Darbe de Rt\u00fck&#8217;den mi Geliyor!"},"content":{"rendered":"<p><img loading=\"lazy\" decoding=\"async\" class=\"alignnone size-full wp-image-21942\" src=\"http:\/\/balcilar-blog.com\/wp-content\/uploads\/2018\/03\/DZFBmBhX0AE_m9V.jpg\" alt=\"\" width=\"353\" height=\"640\" srcset=\"https:\/\/balcilar-blog.com\/wp-content\/uploads\/2018\/03\/DZFBmBhX0AE_m9V.jpg 353w, https:\/\/balcilar-blog.com\/wp-content\/uploads\/2018\/03\/DZFBmBhX0AE_m9V-165x300.jpg 165w\" sizes=\"auto, (max-width: 353px) 100vw, 353px\" \/><\/p>\n<p>Bildi\u011finiz gibi <strong>\u00c7a\u011fatay Ulusoy<\/strong>&#8216;un ba\u015frol\u00fc oynad\u0131\u011f\u0131 &#8220;The Protector&#8221; (Koruyucu) dizisinin ilk b\u00f6l\u00fcm \u00e7ekimleri bu ay ba\u015f\u0131nda ba\u015flam\u0131\u015f ve \u00e7ekimleri devam ediyor. Bu dizi internet \u00fczerinden yay\u0131nlanacak ve \u00fclkemizde Netflix&#8217;e \u00fcye olan izleyiciler seyredebileceklerdir.<\/p>\n<p>\u0130nternete Radyo ve Televizyon \u00dcst Kurulu (RT\u00dcK), denetimi getiren tasar\u0131 \u00f6nceki g\u00fcn Meclis&#8217;te kabul edilerek yasala\u015ft\u0131.\u00a0\u0130nternet \u00fczerinden yap\u0131lan yay\u0131nlara RT\u00dcK denetimi geldi. Meclis\u2019te g\u00f6r\u00fc\u015fmeleri s\u00fcren torba tasar\u0131n\u0131n \u00f6nceki gece (21.03.2018 22.58) kabul edilen buna ili\u015fkin d\u00fczenlemesine g\u00f6re, radyo, televizyon ve iste\u011fe ba\u011fl\u0131 yay\u0131n hizmetlerini sadece internet ortam\u0131ndan sunmak isteyen medya hizmet sa\u011flay\u0131c\u0131lar\u0131 RT\u00dcK\u2019ten yay\u0131n lisans\u0131, bu yay\u0131nlar\u0131 internet ortam\u0131ndan iletmek isteyen platform i\u015fletmecileri de yine RT\u00dcK\u2019ten yay\u0131n iletim yetkisi alacak.<\/p>\n<p><strong>Netflix ve YouTube yasaklanabilir: RT\u00dcK sans\u00fcr\u00fc neler getiriyor?<\/strong><\/p>\n<p>Bu haberle ilgili bas\u0131nda ve internet sitelerinde yer al\u0131yor.<\/p>\n<p>2 g\u00fcn \u00f6nce &#8211;\u00a0Televizyon ve gazetelerin ard\u0131ndan internete de sans\u00fcr geldi. \u0130nternet \u00fczerinden yay\u0131n yapan kurum ve kurulu\u015flar, art\u0131k RT\u00dcK&#8217;ten lisans almak zorunda olacak. Bununla da s\u0131n\u0131rl\u0131 de\u011fil d\u00fczenleme. RT\u00dcK ayr\u0131ca bu yay\u0131nlar\u0131 denetleyecek ve istedi\u011fi gibi kapatma, karartma ve yay\u0131n durdurma cezas\u0131 verebilecek.<\/p>\n<p>\u0130nternete RT\u00dcK denetimine gelen ba\u015fl\u0131ca ele\u015ftiri, sans\u00fcre neden olaca\u011f\u0131 ve medya \u00f6zg\u00fcrl\u00fc\u011f\u00fcn\u00fc k\u0131s\u0131tlayaca\u011f\u0131 y\u00f6n\u00fcnde&#8230;\u00a0\u00a0Bu, internet \u00fczerinden yay\u0131n yapan <strong>Netflix, BluTV<\/strong> ve <strong>Puhu<\/strong> gibi yerli-yabanc\u0131 platformlaron da televizyon kanallar\u0131 gibi <strong>RT\u00dcK<\/strong> taraf\u0131ndan denetlenmesi anlam\u0131na gelecekti.<\/p>\n<p>Bu haber \u00fczerine Netflix T\u00fcrkiye&#8217;yi yay\u0131n kapsam\u0131ndan \u00e7\u0131kard\u0131\u011f\u0131 dedi-kodular\u0131 \u00e7\u0131kt\u0131. \u00d6n\u00fcm\u00fczdeki g\u00fcnlerde Netflix yetkililerinden a\u00e7\u0131klama gelecektir. \u015eayet bu haberler ger\u00e7ekle\u015firse \u00c7a\u011fatay Ulusoy&#8217;un Netfix \u00e7ekimleri ne olacak? Sorusu akla geliyor. \u00c7ekimler h\u0131zla devam ediyor. \u00c7a\u011fatay Ulusoy&#8217;un Medcezir dizisinde birlikte oynad\u0131\u011f\u0131 <strong>Defne Kayalar<\/strong> da Koruycu dizisi kadrosuna dahil olmu\u015f.<\/p>\n<p><img loading=\"lazy\" decoding=\"async\" class=\"alignnone size-full wp-image-21943\" src=\"http:\/\/balcilar-blog.com\/wp-content\/uploads\/2018\/03\/DYuesgXW0AAFa6-.jpg\" alt=\"\" width=\"607\" height=\"480\" srcset=\"https:\/\/balcilar-blog.com\/wp-content\/uploads\/2018\/03\/DYuesgXW0AAFa6-.jpg 607w, https:\/\/balcilar-blog.com\/wp-content\/uploads\/2018\/03\/DYuesgXW0AAFa6--300x237.jpg 300w\" sizes=\"auto, (max-width: 607px) 100vw, 607px\" \/><\/p>\n<p>Netflix T\u00fcrk dizileri \u00e7ekilmeyecek ve Netflix&#8217;de olmayacakt\u0131r. Bu durumda T\u00fcrk izleyicisi Netflix dizi ve filmlerini izleyemeyecek! Ba\u015fta yeni ilk b\u00f6l\u00fcm\u00fc \u00e7ekilen \u00c7a\u011fatay Ulusoy&#8217;un 2,8 milyona yak\u0131n takip\u00e7isi bu yeni dizisi seyrinden mahrum kalacakt\u0131r. \u00c7a\u011fatay Ulusoy i\u00e7in \u00e7ok k\u00f6t\u00fc olacakt\u0131r.<\/p>\n<p><img loading=\"lazy\" decoding=\"async\" class=\"alignnone size-full wp-image-21878\" src=\"http:\/\/balcilar-blog.com\/wp-content\/uploads\/2018\/03\/DYeSFebXkAAnHgC.jpg\" alt=\"\" width=\"480\" height=\"484\" srcset=\"https:\/\/balcilar-blog.com\/wp-content\/uploads\/2018\/03\/DYeSFebXkAAnHgC.jpg 480w, https:\/\/balcilar-blog.com\/wp-content\/uploads\/2018\/03\/DYeSFebXkAAnHgC-150x150.jpg 150w, https:\/\/balcilar-blog.com\/wp-content\/uploads\/2018\/03\/DYeSFebXkAAnHgC-298x300.jpg 298w\" sizes=\"auto, (max-width: 480px) 100vw, 480px\" \/><\/p>\n<p>Bunun \u00fczerine \u00c7a\u011fatay Ulusoy \u00fclkemizde film ve dizilerde oynamak yerine Hollywood dizilerini ve filmlerinde oynamay\u0131 tercih edecektir. Zaten The Protector dizisinin ilk b\u00f6l\u00fcm\u00fc yazan ve ayn\u0131 zamanda <strong>Narcos<\/strong>&#8216;un da senaristi olan <strong>Jason George<\/strong>, \u00c7a\u011fatay&#8217;\u0131n oyunculu\u011funa hayran kalm\u0131\u015f ve yap\u0131mlar\u0131nda rol vermeyi istemektedir.<\/p>\n<p>Bu Ulusoy i\u00e7in iyi mi olacak, bu bahane ile D\u00fcnya&#8217;ya ve Hollywood kap\u0131lar\u0131ndan tam girmi\u015f olacakt\u0131r. Ancak T\u00fcrk izleyicisi i\u00e7in pek iyi olmayacakt\u0131r. Dilerim bu konu yeni bir form\u00fcl bulunacak ve &#8220;Koruyucu&#8221; \u00e7ekimlerini etkilenmesin, Netflix kap\u0131lar\u0131n\u0131 T\u00fcrkiye&#8217;ye kapatmas\u0131n!<\/p>\n<p><img loading=\"lazy\" decoding=\"async\" class=\"alignnone size-full wp-image-21865\" src=\"http:\/\/balcilar-blog.com\/wp-content\/uploads\/2018\/03\/DYMady2X4AAsdhR.jpg\" alt=\"\" width=\"640\" height=\"455\" srcset=\"https:\/\/balcilar-blog.com\/wp-content\/uploads\/2018\/03\/DYMady2X4AAsdhR.jpg 640w, https:\/\/balcilar-blog.com\/wp-content\/uploads\/2018\/03\/DYMady2X4AAsdhR-300x213.jpg 300w\" sizes=\"auto, (max-width: 640px) 100vw, 640px\" \/><\/p>\n<p>\u00c7a\u011fatay Ulusoy sadece \u00fclkemizde de\u011fil bilhassa Latin Amerika \u00fclkelerinde inan\u0131lmaz derecede seviliyor. D\u00fcn ak\u015fam T\u00fcrk ve yabanc\u0131 sevenleri \u00e7o\u011funlukta olmak \u00fczere TT yapt\u0131lar. Binlerce seveni\u00a0<strong>#SeniSeviyoruz\u00c7a\u011fatayUlusoy<\/strong>\u00a0tag\u0131 ile Tweet ya\u011fmuruna tuttular.<\/p>\n<p>\u00c7a\u011fatay Ulusoy&#8217;un Instagram da takip\u00e7i say\u0131s\u0131 2.733 bin buldu. Bu kadar \u00e7ok seveni her zaman onun yay\u0131nda ve arkas\u0131nda olacakt\u0131r.<\/p>\n<p><img loading=\"lazy\" decoding=\"async\" class=\"alignnone size-full wp-image-21944\" src=\"http:\/\/balcilar-blog.com\/wp-content\/uploads\/2018\/03\/DZE0EwHWsAAAe5r.jpg\" alt=\"\" width=\"640\" height=\"427\" srcset=\"https:\/\/balcilar-blog.com\/wp-content\/uploads\/2018\/03\/DZE0EwHWsAAAe5r.jpg 640w, https:\/\/balcilar-blog.com\/wp-content\/uploads\/2018\/03\/DZE0EwHWsAAAe5r-300x200.jpg 300w\" sizes=\"auto, (max-width: 640px) 100vw, 640px\" \/><\/p>\n<p>Umar\u0131m Netflix karar al\u0131rken, T\u00fcrkiye kap\u0131lar\u0131n\u0131 kapatmaz ve bu kadar \u00e7ok seveni olan oyuncudan mahrum b\u0131rakmaz.<\/p>\n<p><strong>\u00c7a\u011fatay Ulusoy ve de sevenleri i\u00e7in hay\u0131rl\u0131 haber bekliyor ve ba\u015far\u0131lar diliyoru<\/strong>z.<\/p>\n<p>Sayg\u0131lar ve sevgiler.<\/p>\n<p>Abdurrahman Balc\u0131lar<\/p>\n<p>Twitter:\u00a0<a href=\"https:\/\/twitter.com\/abbalcilar\"><strong>@abbalcilar<\/strong><\/a><\/p>\n<p>Mail :\u00a0<a href=\"mailto:ab.balcilar@hotmail.com\">ab.balcilar@hotmail.com<\/a><\/p>\n<p>Blog:\u00a0<a href=\"http:\/\/t.co\/znqmIZgIqn\">blog.milliyet.com.tr\/cansever<\/a><\/p>\n<p>\u015eahsi Blog:\u00a0<strong>balcilar-blog.com<\/strong><\/p>\n<p>&nbsp;<\/p>\n<p><strong>*\u015eahsi Blog sayfamda ve Milliyet Blog\u2019da yay\u0131nlanan blog yaz\u0131lar\u0131 b\u00fcy\u00fck bir \u00e7al\u0131\u015fman\u0131n \u00fcr\u00fcn\u00fc olup, izinsiz ya da kaynak g\u00f6stermeden al\u0131nt\u0131 yap\u0131lamaz. Aksi halde kanuni i\u015flem yap\u0131l\u0131r.<\/strong><\/p>\n","protected":false},"excerpt":{"rendered":"<p>Bildi\u011finiz gibi \u00c7a\u011fatay Ulusoy&#8216;un ba\u015frol\u00fc oynad\u0131\u011f\u0131 &#8220;The Protector&#8221; (Koruyucu) dizisinin ilk b\u00f6l\u00fcm \u00e7ekimleri bu ay ba\u015f\u0131nda ba\u015flam\u0131\u015f ve \u00e7ekimleri devam ediyor. Bu dizi internet \u00fczerinden yay\u0131nlanacak ve \u00fclkemizde Netflix&#8217;e \u00fcye olan izleyiciler seyredebileceklerdir. \u0130nternete Radyo ve Televizyon \u00dcst Kurulu (RT\u00dcK), denetimi getiren tasar\u0131 \u00f6nceki g\u00fcn Meclis&#8217;te kabul edilerek yasala\u015ft\u0131.\u00a0\u0130nternet \u00fczerinden yap\u0131lan yay\u0131nlara RT\u00dcK denetimi geldi. [&hellip;]<\/p>\n","protected":false},"author":3,"featured_media":21942,"comment_status":"open","ping_status":"open","sticky":false,"template":"","format":"standard","meta":{"footnotes":""},"categories":[2],"tags":[1673,15,394,1672,1661,1371,1478,1674,372,1660],"class_list":["post-21941","post","type-post","status-publish","format-standard","has-post-thumbnail","hentry","category-tv-programlari","tag-blutv","tag-cagatay-ulusoy","tag-defne-kayalar","tag-jason-george","tag-koruyucu","tag-latin-amerika","tag-netflix","tag-puhu","tag-rtuk","tag-the-protector"],"views":7216,"blog_post_layout_featured_media_urls":{"thumbnail":["https:\/\/balcilar-blog.com\/wp-content\/uploads\/2018\/03\/DZFBmBhX0AE_m9V-150x150.jpg",150,150,true],"full":["https:\/\/balcilar-blog.com\/wp-content\/uploads\/2018\/03\/DZFBmBhX0AE_m9V.jpg",353,640,false]},"categories_names":{"2":{"name":"TV Programlar\u0131","link":"https:\/\/balcilar-blog.com\/?cat=2"}},"tags_names":{"1673":{"name":"BluTV","link":"https:\/\/balcilar-blog.com\/?tag=blutv"},"15":{"name":"\u00e7a\u011fatay ulusoy","link":"https:\/\/balcilar-blog.com\/?tag=cagatay-ulusoy"},"394":{"name":"Defne Kayalar","link":"https:\/\/balcilar-blog.com\/?tag=defne-kayalar"},"1672":{"name":"Jason George","link":"https:\/\/balcilar-blog.com\/?tag=jason-george"},"1661":{"name":"Koruyucu","link":"https:\/\/balcilar-blog.com\/?tag=koruyucu"},"1371":{"name":"Latin Amerika","link":"https:\/\/balcilar-blog.com\/?tag=latin-amerika"},"1478":{"name":"Netflix","link":"https:\/\/balcilar-blog.com\/?tag=netflix"},"1674":{"name":"Puhu","link":"https:\/\/balcilar-blog.com\/?tag=puhu"},"372":{"name":"RT\u00dcK","link":"https:\/\/balcilar-blog.com\/?tag=rtuk"},"1660":{"name":"The Protector","link":"https:\/\/balcilar-blog.com\/?tag=the-protector"}},"comments_number":"0","wpmagazine_modules_lite_featured_media_urls":{"thumbnail":["https:\/\/balcilar-blog.com\/wp-content\/uploads\/2018\/03\/DZFBmBhX0AE_m9V-150x150.jpg",150,150,true],"cvmm-medium":["https:\/\/balcilar-blog.com\/wp-content\/uploads\/2018\/03\/DZFBmBhX0AE_m9V.jpg",165,300,false],"cvmm-medium-plus":["https:\/\/balcilar-blog.com\/wp-content\/uploads\/2018\/03\/DZFBmBhX0AE_m9V.jpg",114,207,false],"cvmm-portrait":["https:\/\/balcilar-blog.com\/wp-content\/uploads\/2018\/03\/DZFBmBhX0AE_m9V.jpg",331,600,false],"cvmm-medium-square":["https:\/\/balcilar-blog.com\/wp-content\/uploads\/2018\/03\/DZFBmBhX0AE_m9V.jpg",331,600,false],"cvmm-large":["https:\/\/balcilar-blog.com\/wp-content\/uploads\/2018\/03\/DZFBmBhX0AE_m9V.jpg",353,640,false],"cvmm-small":["https:\/\/balcilar-blog.com\/wp-content\/uploads\/2018\/03\/DZFBmBhX0AE_m9V.jpg",52,95,false],"full":["https:\/\/balcilar-blog.com\/wp-content\/uploads\/2018\/03\/DZFBmBhX0AE_m9V.jpg",353,640,false]},"_links":{"self":[{"href":"https:\/\/balcilar-blog.com\/index.php?rest_route=\/wp\/v2\/posts\/21941","targetHints":{"allow":["GET"]}}],"collection":[{"href":"https:\/\/balcilar-blog.com\/index.php?rest_route=\/wp\/v2\/posts"}],"about":[{"href":"https:\/\/balcilar-blog.com\/index.php?rest_route=\/wp\/v2\/types\/post"}],"author":[{"embeddable":true,"href":"https:\/\/balcilar-blog.com\/index.php?rest_route=\/wp\/v2\/users\/3"}],"replies":[{"embeddable":true,"href":"https:\/\/balcilar-blog.com\/index.php?rest_route=%2Fwp%2Fv2%2Fcomments&post=21941"}],"version-history":[{"count":6,"href":"https:\/\/balcilar-blog.com\/index.php?rest_route=\/wp\/v2\/posts\/21941\/revisions"}],"predecessor-version":[{"id":21950,"href":"https:\/\/balcilar-blog.com\/index.php?rest_route=\/wp\/v2\/posts\/21941\/revisions\/21950"}],"wp:featuredmedia":[{"embeddable":true,"href":"https:\/\/balcilar-blog.com\/index.php?rest_route=\/wp\/v2\/media\/21942"}],"wp:attachment":[{"href":"https:\/\/balcilar-blog.com\/index.php?rest_route=%2Fwp%2Fv2%2Fmedia&parent=21941"}],"wp:term":[{"taxonomy":"category","embeddable":true,"href":"https:\/\/balcilar-blog.com\/index.php?rest_route=%2Fwp%2Fv2%2Fcategories&post=21941"},{"taxonomy":"post_tag","embeddable":true,"href":"https:\/\/balcilar-blog.com\/index.php?rest_route=%2Fwp%2Fv2%2Ftags&post=21941"}],"curies":[{"name":"wp","href":"https:\/\/api.w.org\/{rel}","templated":true}]}}