{"id":2184,"date":"2014-06-02T22:30:47","date_gmt":"2014-06-02T19:30:47","guid":{"rendered":"http:\/\/balcilar-blog.com\/?p=2184"},"modified":"2014-06-02T22:41:05","modified_gmt":"2014-06-02T19:41:05","slug":"fatih-harbiye-sonrasi-ask","status":"publish","type":"post","link":"https:\/\/balcilar-blog.com\/?p=2184","title":{"rendered":"Fatih Harbiye \/ Sonras\u0131 A\u015fk\u2026"},"content":{"rendered":"<p><img loading=\"lazy\" decoding=\"async\" class=\"scaledImageFitWidth img\" src=\"https:\/\/fbcdn-sphotos-b-a.akamaihd.net\/hphotos-ak-xap1\/t1.0-9\/s403x403\/10322821_561603420624414_4277996282017297218_n.png\" alt=\"Foto\u011fraf\" width=\"403\" height=\"264\" \/><\/p>\n<p>Show Tv.in A\u015fk ve Drama dizisi \u201cFatih Harbiye\u201d de heyecan devam ediyor. Macit\u2019i, y\u00fcksek miktarda fidye \u00f6deyerek kurtaran Pelin, ne yaz\u0131k ki Macit\u2019i yine Neriman\u2019a kapt\u0131rd\u0131.<\/p>\n<p>Peyami Safa\u2019n\u0131n roman\u0131ndan aktar\u0131lan, bir Koliba Film yap\u0131m\u0131 olan dizinin reytingleri pek istikrarl\u0131 gitmiyor. Son 4 b\u00f6l\u00fcm\u00fc bakarsak; AB\u2019de 2-8-5-12.s\u0131ralarda yer alm\u0131\u015f. Totel\u2019de, 6-6-6-8.s\u0131ralarda yer ald\u0131\u011f\u0131n\u0131 g\u00f6rd\u00fck.<\/p>\n<p>Ge\u00e7en b\u00f6l\u00fcmde paralar ile de\u011fi\u015f toku\u015f yap\u0131lan Macit, Neriman\u2019\u0131n da bulu\u015fma yerine gelmesiyle, Pelin \u015fok ge\u00e7irmi\u015fti. Macit\u2019ten bir te\u015fekk\u00fcr bile almadan, Neriman ile sar\u0131lmalar\u0131 seyretmi\u015fti. Macit, seni ben kurtard\u0131m dedi, ama nafile.<\/p>\n<p><a href=\"http:\/\/balcilar-blog.com\/wp-content\/uploads\/2014\/06\/Ekran-Al\u0131nt\u0131s\u0131.PNG-37.1.png\"><img loading=\"lazy\" decoding=\"async\" class=\"alignnone size-medium wp-image-2186\" src=\"http:\/\/balcilar-blog.com\/wp-content\/uploads\/2014\/06\/Ekran-Al\u0131nt\u0131s\u0131.PNG-37.1-300x170.png\" alt=\"Ekran Al\u0131nt\u0131s\u0131.PNG 37.1\" width=\"300\" height=\"170\" srcset=\"https:\/\/balcilar-blog.com\/wp-content\/uploads\/2014\/06\/Ekran-Al\u0131nt\u0131s\u0131.PNG-37.1-300x170.png 300w, https:\/\/balcilar-blog.com\/wp-content\/uploads\/2014\/06\/Ekran-Al\u0131nt\u0131s\u0131.PNG-37.1.png 673w\" sizes=\"auto, (max-width: 300px) 100vw, 300px\" \/><\/a><\/p>\n<p>\u00d6zg\u00fcr, Pelini arabas\u0131na bindirir, g\u00f6t\u00fcr\u00fcr. Hakan Beye telefon eder, \u015einasi ile ilgili \u015fikayetin geri \u00e7ekilmesini ister.<\/p>\n<p>\u0130nci Han\u0131m, o\u011flunu merak eder. Kerim Bey, Erdin\u00e7 paray\u0131 ald\u0131\u011f\u0131 anda Macit ile i\u015fi biter. G\u00f6receksin birazdan Pelin ile Macit i\u00e7eri girecekler.<\/p>\n<p>Macit de, Neriman ile Fahriye\u2019yi al\u0131r, mahalleye g\u00f6t\u00fcr\u00fcr. Fahriye\u2019den bu ak\u015fam bizi idare eder misin? Diye ricada bulunur. Fahriye, Neriman bizde kalacak derim, ama l\u00fctfen g\u00fcne\u015f do\u011farken gelin.<\/p>\n<p>Pelin, \u0130nci Han\u0131mlara gelir. Macit\u2019i kurtarmak i\u00e7in \u015firketi ipotek ettirdim. Paray\u0131 ben buldun, Macit Neriman ile gitti.<\/p>\n<p><a href=\"http:\/\/balcilar-blog.com\/wp-content\/uploads\/2014\/06\/Ekran-Al\u0131nt\u0131s\u0131.PNG-37.2.png\"><img loading=\"lazy\" decoding=\"async\" class=\"alignnone size-medium wp-image-2187\" src=\"http:\/\/balcilar-blog.com\/wp-content\/uploads\/2014\/06\/Ekran-Al\u0131nt\u0131s\u0131.PNG-37.2-300x184.png\" alt=\"Ekran Al\u0131nt\u0131s\u0131.PNG 37.2\" width=\"300\" height=\"184\" srcset=\"https:\/\/balcilar-blog.com\/wp-content\/uploads\/2014\/06\/Ekran-Al\u0131nt\u0131s\u0131.PNG-37.2-300x184.png 300w, https:\/\/balcilar-blog.com\/wp-content\/uploads\/2014\/06\/Ekran-Al\u0131nt\u0131s\u0131.PNG-37.2.png 665w\" sizes=\"auto, (max-width: 300px) 100vw, 300px\" \/><\/a><\/p>\n<p>Macit ile Neriman deniz k\u0131y\u0131s\u0131na gelirler. Neriman seni ni\u00e7in ka\u00e7\u0131rd\u0131lar diye sorsa da, Macit \u015firket i\u015fi diye ge\u00e7i\u015ftirir. Bundan sonra sadece sen ve ben var\u0131z, der. Macit ile Pelin hayallere dalarlar. \u00d6nce Neriman, kendi hayallerini anlat\u0131r. Macit ile mahallede rahat\u00e7a dola\u015fmas\u0131, kom\u015fular\u0131n g\u0131pta ile bakmas\u0131, babas\u0131n\u0131n ho\u015f geldiniz diyerek kar\u015f\u0131lamas\u0131, damad\u0131 Macit\u2019i elini \u00f6pt\u00fcrmesini hayal eder.<\/p>\n<p><img loading=\"lazy\" decoding=\"async\" class=\"scaledImageFitWidth img\" src=\"https:\/\/scontent-a-vie.xx.fbcdn.net\/hphotos-xfa1\/t1.0-9\/s403x403\/10414536_561655740619182_8585045094805376781_n.jpg\" alt=\"Foto\u011fraf\" width=\"403\" height=\"298\" \/><\/p>\n<p>S\u0131ra Macit\u2019in hayalini anlatmas\u0131na gelir. Beyaz gelinlikler i\u00e7inde Neriman\u2019\u0131 evlerinin merdivenlerinden inerken tahayy\u00fcl eder, kendisi siyah damatl\u0131klar\u0131n\u0131 giymi\u015ftir. Neriman\u2019\u0131n duva\u011f\u0131n\u0131 a\u00e7ar, sonsuza kadar benimsin der ve \u00f6per.<\/p>\n<p><a href=\"http:\/\/balcilar-blog.com\/wp-content\/uploads\/2014\/06\/Ekran-Al\u0131nt\u0131s\u0131.PNG-37.3.png\"><img loading=\"lazy\" decoding=\"async\" class=\"alignnone size-medium wp-image-2188\" src=\"http:\/\/balcilar-blog.com\/wp-content\/uploads\/2014\/06\/Ekran-Al\u0131nt\u0131s\u0131.PNG-37.3-300x171.png\" alt=\"Ekran Al\u0131nt\u0131s\u0131.PNG 37.3\" width=\"300\" height=\"171\" srcset=\"https:\/\/balcilar-blog.com\/wp-content\/uploads\/2014\/06\/Ekran-Al\u0131nt\u0131s\u0131.PNG-37.3-300x171.png 300w, https:\/\/balcilar-blog.com\/wp-content\/uploads\/2014\/06\/Ekran-Al\u0131nt\u0131s\u0131.PNG-37.3.png 671w\" sizes=\"auto, (max-width: 300px) 100vw, 300px\" \/><\/a><\/p>\n<p>Daha sonra Macit, Neriman\u2019a Fahriye\u2019nin evine b\u0131rak\u0131r. Cihan, Neriman\u2019a bir dolu laf s\u00f6yler. \u015einasi\u2019ye kar\u015f\u0131 vicdans\u0131zl\u0131kla su\u00e7lar.<\/p>\n<p>Macit eve gelir, \u0130nci Han\u0131m \u00e7ok \u015f\u00fck\u00fcr deyip, o\u011fluna sar\u0131l\u0131r. Macit, bu aileye zarar\u0131 sen verdin deyip babas\u0131n\u0131 su\u00e7lar. Kerim Bey o paray\u0131 senin i\u00e7in Pelin buldu. Baba, sana k\u00f6t\u00fc bir haberim var, Pelin\u2019e 10 milyon dolar borcun var.<\/p>\n<p>\u015einasi\u2019yi b\u0131rak\u0131rlar, eve gelir annesi Zehra, karde\u015fi Nezahat \u00e7ok sevinir. Annesi m\u00fckellef bir kahvalt\u0131 sofras\u0131 haz\u0131rlar. Cihan da dahil g\u00fczel bir kahvalt\u0131 yaparlar. Cihan; Damat As\u0131m ne oldu diye sorar. \u015einasi kapand\u0131 o mesele.<\/p>\n<p>Faiz Bey k\u0131z\u0131 ile konu\u015fur. Neriman, art\u0131k babas\u0131n\u0131 kendisini ezdirmez. Ben Nazan\u2019\u0131n k\u0131z\u0131y\u0131m, diyerek babas\u0131na annesinin a\u015fk\u0131n\u0131 hat\u0131rlat\u0131r. Faiz Bey b\u00fcy\u00fck laflar eder. Mevlana\u2019ya sorarlar; \u201cO kadar okuryazars\u0131n ne bilirsin, haddimi bilirim der\u201d. Diyerek bir \u00f6rnek verir.<\/p>\n<p>Macit, Neriman\u2019\u0131 arar, \u00f6\u011fleden sonra bulu\u015fal\u0131m, seni arabayla ald\u0131raca\u011f\u0131m. Neriman, arabaya gerek yok dese de, Macit itiraz istemiyorum. \u00d6\u011fleden sonra sahilden ald\u0131raca\u011f\u0131m, seni seviyorum.<\/p>\n<p>Pelin, Neriman nas\u0131l \u00f6\u011frendi yerimizi, diyerek Duygu\u2019yu su\u00e7lar. Pelin, ben 10 milyon dolar verdim deyince, annesi ne yapt\u0131n sen?<\/p>\n<p><a href=\"http:\/\/balcilar-blog.com\/wp-content\/uploads\/2014\/06\/Ekran-Al\u0131nt\u0131s\u0131.PNG-37.4.png\"><img loading=\"lazy\" decoding=\"async\" class=\"alignnone size-medium wp-image-2189\" src=\"http:\/\/balcilar-blog.com\/wp-content\/uploads\/2014\/06\/Ekran-Al\u0131nt\u0131s\u0131.PNG-37.4-300x163.png\" alt=\"Ekran Al\u0131nt\u0131s\u0131.PNG 37.4\" width=\"300\" height=\"163\" srcset=\"https:\/\/balcilar-blog.com\/wp-content\/uploads\/2014\/06\/Ekran-Al\u0131nt\u0131s\u0131.PNG-37.4-300x163.png 300w, https:\/\/balcilar-blog.com\/wp-content\/uploads\/2014\/06\/Ekran-Al\u0131nt\u0131s\u0131.PNG-37.4.png 793w\" sizes=\"auto, (max-width: 300px) 100vw, 300px\" \/><\/a><\/p>\n<p>Selim Bey, Macit\u2019in odas\u0131na girer. Utanmadan Neriman ile konu\u015fuyorsun. Macit; Selim Bey, Neriman sizin k\u0131z karde\u015finizin k\u0131z\u0131, konu\u015furken daha \u00f6zenli olabilirsiniz? Selim Bey; \u201cPelin de benim k\u0131z\u0131m, d\u00fcn senin hayat\u0131n\u0131 kurtarmak i\u00e7in neler ya\u015fad\u0131\u011f\u0131n\u0131 biliyor musun sen?\u201d Macit; \u201cBunu ben mi istedim, bu bor\u00e7 da babam\u0131n borcu benim de\u011fil. Ama merak etmeyin \u00f6deyece\u011fim.\u201d<\/p>\n<p>Selim Bey, k\u0131z\u0131na hesap sarar. O paray\u0131 nereden buldun. Pelin, \u015firketi ipotek ettirdim.<\/p>\n<p><a href=\"http:\/\/balcilar-blog.com\/wp-content\/uploads\/2014\/06\/Ekran-Al\u0131nt\u0131s\u0131.PNG-37.17.png\"><img loading=\"lazy\" decoding=\"async\" class=\"alignnone size-medium wp-image-2198\" src=\"http:\/\/balcilar-blog.com\/wp-content\/uploads\/2014\/06\/Ekran-Al\u0131nt\u0131s\u0131.PNG-37.17-300x167.png\" alt=\"Ekran Al\u0131nt\u0131s\u0131.PNG 37.17\" width=\"300\" height=\"167\" srcset=\"https:\/\/balcilar-blog.com\/wp-content\/uploads\/2014\/06\/Ekran-Al\u0131nt\u0131s\u0131.PNG-37.17-300x167.png 300w, https:\/\/balcilar-blog.com\/wp-content\/uploads\/2014\/06\/Ekran-Al\u0131nt\u0131s\u0131.PNG-37.17.png 735w\" sizes=\"auto, (max-width: 300px) 100vw, 300px\" \/><\/a><\/p>\n<p>\u015einasi okula gider. R\u00fcya kap\u0131da ho\u015f geldin diye kar\u015f\u0131lar. Su\u00e7suz oldu\u011funu biliyordum. Yukar\u0131dan Fahriye de ge\u00e7mi\u015f olsun, ho\u015f geldin, der.<\/p>\n<p>Mahalle esnaf\u0131, Zehra han\u0131ma laf atarlar. Nas\u0131l d\u00f6vd\u00fcn, Kader Han\u0131m\u0131 diye s\u00f6ylenirler. Gidip, Kader han\u0131mdan \u00f6z\u00fcr dilemesini isterler.<\/p>\n<p><a href=\"http:\/\/balcilar-blog.com\/wp-content\/uploads\/2014\/06\/Ekran-Al\u0131nt\u0131s\u0131.PNG-37.5.png\"><img loading=\"lazy\" decoding=\"async\" class=\"alignnone size-medium wp-image-2190\" src=\"http:\/\/balcilar-blog.com\/wp-content\/uploads\/2014\/06\/Ekran-Al\u0131nt\u0131s\u0131.PNG-37.5-300x160.png\" alt=\"Ekran Al\u0131nt\u0131s\u0131.PNG 37.5\" width=\"300\" height=\"160\" srcset=\"https:\/\/balcilar-blog.com\/wp-content\/uploads\/2014\/06\/Ekran-Al\u0131nt\u0131s\u0131.PNG-37.5-300x160.png 300w, https:\/\/balcilar-blog.com\/wp-content\/uploads\/2014\/06\/Ekran-Al\u0131nt\u0131s\u0131.PNG-37.5.png 797w\" sizes=\"auto, (max-width: 300px) 100vw, 300px\" \/><\/a><\/p>\n<p>Macit, Pelin\u2019in odas\u0131na gider. Kendisini kurtard\u0131\u011f\u0131 i\u00e7in te\u015fekk\u00fcr eder. O kadar, paray\u0131 nas\u0131l buldu\u011funu sorar. Pelin, \u015firketi bankaya ipotek ettirdim. Seni g\u00f6z g\u00f6re, g\u00f6re, \u00f6l\u00fcme mi atsayd\u0131m. Macit, bu yapt\u0131\u011f\u0131n\u0131 unutmayaca\u011f\u0131m Pelin.<\/p>\n<p>Macit Neriman\u2019a \u00e7i\u00e7ek g\u00f6nderir, G\u00fclter Han\u0131m, sinirinden hepsini yolar atar. Neriman sadece bir k\u0131rm\u0131z\u0131 g\u00fcl\u00fc kurtarabilir. G\u00fclter Han\u0131m, Fahriye\u2019yi arar, \u00e7abuk gel seni bekliyorum.\u00a0 Bu ara gelen yak\u0131\u015f\u0131kl\u0131 bir m\u00fczik hocas\u0131 genci i\u015fe al\u0131r.<\/p>\n<p>Neriman, \u015einasi\u2019den olanlar i\u00e7in \u00f6z\u00fcr diler. \u015einasi, ge\u00e7mi\u015f g\u00fcnlerin hat\u0131r\u0131 var. Bo\u015f ver, der. Neriman, tekrar \u00f6z\u00fcr diler.<\/p>\n<p>Neriman\u2019\u0131 Macit\u2019in g\u00f6nderdi\u011fi araba sahilden al\u0131r. Neriman\u2019\u0131 \u00e7iftli\u011fe g\u00f6r\u00fcr. Macit, kap\u0131da kar\u015f\u0131lar. Macit, Neriman\u2019\u0131 sar\u0131l\u0131r \u00f6per.<\/p>\n<p><a href=\"http:\/\/balcilar-blog.com\/wp-content\/uploads\/2014\/06\/Ekran-Al\u0131nt\u0131s\u0131.PNG-37.6.png\"><img loading=\"lazy\" decoding=\"async\" class=\"alignnone size-medium wp-image-2191\" src=\"http:\/\/balcilar-blog.com\/wp-content\/uploads\/2014\/06\/Ekran-Al\u0131nt\u0131s\u0131.PNG-37.6-300x170.png\" alt=\"Ekran Al\u0131nt\u0131s\u0131.PNG 37.6\" width=\"300\" height=\"170\" srcset=\"https:\/\/balcilar-blog.com\/wp-content\/uploads\/2014\/06\/Ekran-Al\u0131nt\u0131s\u0131.PNG-37.6-300x170.png 300w, https:\/\/balcilar-blog.com\/wp-content\/uploads\/2014\/06\/Ekran-Al\u0131nt\u0131s\u0131.PNG-37.6.png 821w\" sizes=\"auto, (max-width: 300px) 100vw, 300px\" \/><\/a><\/p>\n<p>Feyza Han\u0131m, \u015firkette \u0130nci Han\u0131ma, p\u0131l\u0131n\u0131z\u0131 p\u0131rt\u0131n\u0131z\u0131 toplay\u0131p, gidin buradan. Selim Bey de gelir, o da gitmelerini ister. O s\u0131rada gelen Kerim Bey, \u015firket ipotekli hi\u00e7 kimsenin gitme \u015fans\u0131 yok. Hepimiz bor\u00e7luyuz, hisseler e\u015fitlendi.<\/p>\n<p>Fahriye gelir gelmez, G\u00fclter Han\u0131m hemen beni \u0130nci Han\u0131m\u0131n evine g\u00f6t\u00fcr.<\/p>\n<p><img loading=\"lazy\" decoding=\"async\" class=\"scaledImageFitWidth img\" src=\"https:\/\/fbcdn-sphotos-e-a.akamaihd.net\/hphotos-ak-xfa1\/t1.0-9\/p403x403\/10426710_561579743960115_5956847317575465783_n.jpg\" alt=\"Foto\u011fraf: #kolibafilm #fatihharbiye #kader #ismail #emre\" width=\"403\" height=\"403\" \/><\/p>\n<p>Kom\u015fular\u0131 Kader Han\u0131ma ge\u00e7mi\u015f olsun a gelirler. Zehra Han\u0131m, sana \u00f6z\u00fcr dilemeye gelecekmi\u015f derler. O\u011flu Emre\u2019den yard\u0131m ister. Beni evde yaln\u0131z b\u0131rakmay\u0131n. Di\u011fer taraftan, Zehra Han\u0131m ben Kader\u2019den \u00f6z\u00fcr dilemeyece\u011fim, o gelsin benden \u00f6z\u00fcr dilesin.<\/p>\n<p>Macit ile Neriman i\u00e7inde kazlar\u0131n y\u00fczd\u00fc\u011f\u00fc bir g\u00f6let k\u0131y\u0131nda kurulmu\u015f bir masaya otururlar.\u00a0 Macit, sana bir soru sormu\u015ftum. Neriman, ben de cevab\u0131n\u0131 vermi\u015ftim. Macit, benimle evlenir misin?\u00a0 Neriman d\u00fc\u015f\u00fcnmeden \u201cevet\u201d der. Bir \u00f6m\u00fcr boyu benim e\u015fim olur musun?<\/p>\n<p><img loading=\"lazy\" decoding=\"async\" class=\"scaledImageFitWidth img\" src=\"https:\/\/fbcdn-sphotos-b-a.akamaihd.net\/hphotos-ak-xpa1\/t1.0-9\/p403x403\/10417740_563558773762212_529384622438287580_n.jpg\" alt=\"Foto\u011fraf\" width=\"403\" height=\"403\" \/><\/p>\n<p>&nbsp;<\/p>\n<p>Sade ni\u015fan y\u00fcz\u00fcklerini \u00e7\u0131kart\u0131r, birbirlerinin parmaklar\u0131n\u0131 takarlar.<\/p>\n<p><a href=\"http:\/\/balcilar-blog.com\/wp-content\/uploads\/2014\/06\/Ekran-Al\u0131nt\u0131s\u0131.PNG-37.9.png\"><img loading=\"lazy\" decoding=\"async\" class=\"alignnone size-medium wp-image-2193\" src=\"http:\/\/balcilar-blog.com\/wp-content\/uploads\/2014\/06\/Ekran-Al\u0131nt\u0131s\u0131.PNG-37.9-300x178.png\" alt=\"Ekran Al\u0131nt\u0131s\u0131.PNG 37.9\" width=\"300\" height=\"178\" srcset=\"https:\/\/balcilar-blog.com\/wp-content\/uploads\/2014\/06\/Ekran-Al\u0131nt\u0131s\u0131.PNG-37.9-300x178.png 300w, https:\/\/balcilar-blog.com\/wp-content\/uploads\/2014\/06\/Ekran-Al\u0131nt\u0131s\u0131.PNG-37.9.png 767w\" sizes=\"auto, (max-width: 300px) 100vw, 300px\" \/><\/a><\/p>\n<p>\u00c7ok g\u00fczel a\u015fk s\u00f6zc\u00fckleri m\u0131r\u0131ldan\u0131rlar.<\/p>\n<p>G\u00fclter Han\u0131m, Fahriye ile \u0130nci Han\u0131m\u0131n evine gelirler. Koskocaman\u00a0 malikane gibi evi g\u00f6r\u00fcnce, G\u00fclter Han\u0131m \u00e7ok \u015fa\u015f\u0131r\u0131r. Hizmet\u00e7i onlar\u0131 havuz ba\u015f\u0131na al\u0131r.<\/p>\n<p><a href=\"http:\/\/balcilar-blog.com\/wp-content\/uploads\/2014\/06\/Ekran-Al\u0131nt\u0131s\u0131.PNG-37.11.png\"><img loading=\"lazy\" decoding=\"async\" class=\"alignnone size-medium wp-image-2194\" src=\"http:\/\/balcilar-blog.com\/wp-content\/uploads\/2014\/06\/Ekran-Al\u0131nt\u0131s\u0131.PNG-37.11-300x170.png\" alt=\"Ekran Al\u0131nt\u0131s\u0131.PNG 37.11\" width=\"300\" height=\"170\" srcset=\"https:\/\/balcilar-blog.com\/wp-content\/uploads\/2014\/06\/Ekran-Al\u0131nt\u0131s\u0131.PNG-37.11-300x170.png 300w, https:\/\/balcilar-blog.com\/wp-content\/uploads\/2014\/06\/Ekran-Al\u0131nt\u0131s\u0131.PNG-37.11.png 855w\" sizes=\"auto, (max-width: 300px) 100vw, 300px\" \/><\/a><\/p>\n<p>G\u00fclter Han\u0131m, ye\u015fillik ortam\u0131 \u00e7ok be\u011fenir, k\u00fc\u00e7\u00fck t\u00fcp\u00fc getircen, \u00e7ay\u0131 da koyucan hafiften t\u0131ng\u0131rdayacak. Fahriye, siz d\u00fcn\u00fcr olunca mahallecek pikni\u011fe gelirsiniz diye espri yapar. O s\u0131rada \u0130nci Han\u0131m gelir. G\u00fclter Han\u0131m; \u201cO o\u011flunuza s\u00f6yleyin, huzurumuzu bozmas\u0131n. Huzurumuzu bozan\u0131n, huzurunu bozar\u0131m ona g\u00f6re. \u0130nci Han\u0131m, ailemize girmek i\u00e7in can atan sizin k\u0131z\u0131n\u0131z. G\u00fclter Han\u0131m, Yedi D\u00fcvel bir araya gelse bu duvarlar\u0131n aras\u0131na, yaln\u0131zl\u0131\u011fa g\u00f6ndermem. Bizim size verilecek k\u0131z\u0131m\u0131z yok. Ben bug\u00fcn o\u011flunuzun g\u00f6nderdi\u011fi \u00e7i\u00e7ekleri yoldum da geldim, hala avucumun i\u00e7i ka\u015f\u0131n\u0131yor. Der ve gider. \u0130nci Han\u0131m, hizmet\u00e7iye kap\u0131y\u0131 g\u00f6ster.<\/p>\n<p><a href=\"http:\/\/balcilar-blog.com\/wp-content\/uploads\/2014\/06\/Ekran-Al\u0131nt\u0131s\u0131.PNG-37.12.png\"><img loading=\"lazy\" decoding=\"async\" class=\"alignnone size-medium wp-image-2195\" src=\"http:\/\/balcilar-blog.com\/wp-content\/uploads\/2014\/06\/Ekran-Al\u0131nt\u0131s\u0131.PNG-37.12-300x167.png\" alt=\"Ekran Al\u0131nt\u0131s\u0131.PNG 37.12\" width=\"300\" height=\"167\" srcset=\"https:\/\/balcilar-blog.com\/wp-content\/uploads\/2014\/06\/Ekran-Al\u0131nt\u0131s\u0131.PNG-37.12-300x167.png 300w, https:\/\/balcilar-blog.com\/wp-content\/uploads\/2014\/06\/Ekran-Al\u0131nt\u0131s\u0131.PNG-37.12.png 860w\" sizes=\"auto, (max-width: 300px) 100vw, 300px\" \/><\/a><\/p>\n<p>Art\u0131k y\u00fcz\u00fckler tak\u0131lm\u0131\u015f, \u00e7ok g\u00fczel a\u015fk s\u00f6zc\u00fckleri s\u00f6ylenmi\u015f, sonras\u0131 a\u015fk\u2019d\u0131r. Neriman y\u00fcz\u00fc\u011f\u00fcn\u00fcz\u00fc ailenizin yan\u0131nda takacak m\u0131s\u0131n diye sorar. Macit, takaca\u011f\u0131m. Ben bir s\u00fcreli\u011fine takmasam? Macit; bu ak\u015fam tak.<\/p>\n<p>Cihan, \u015eahika\u2019n\u0131n kolundan d\u00fckkana \u00e7eker.\u00a0 Biraz a\u00e7\u0131kl\u0131k getirsek bu duruma\u2026 Bitti mi? \u015eahika, hi\u00e7 ba\u015flamad\u0131 ki bitsin? Cihan sorar. Beni niye \u00f6pt\u00fcn k\u0131z\u0131m o zaman ya\u2026 \u015eahika, o an i\u00e7imden \u00f6yle geldi. Har\u00e7 bitti, yap\u0131 paydos. Bizden ev olmaz, biz yuvas\u0131z iki ku\u015fuz. Ho\u015f\u00e7a kal\u2026<\/p>\n<p>Duygu Pelin\u2019e zor bir durumda oldu\u011funu anlayabiliyorum? Pelin, ben Macit\u2019e liseden beri a\u015f\u0131kt\u0131m. Bir t\u00fcrl\u00fc bu durumu kabullenemedim. Macit, Neriman\u2019\u0131 seviyor.\u00a0 Benim d\u00fcnyam\u0131 ald\u0131. Beni yapayaln\u0131z b\u0131rakt\u0131.<\/p>\n<p>Fahriye, Neriman\u2019a telefon eder. Nerede kald\u0131\u011f\u0131n\u0131 sorar? Macit, beni bir yere g\u00f6t\u00fcrecekmi\u015f.<\/p>\n<p>Kerim Bey, bu i\u015fi bir an \u00e7\u00f6zmemiz laz\u0131m. Pelin\u2019e kar\u015f\u0131 zor durumday\u0131z. K\u0131z Macit\u2019i \u00f6l\u00fcmden kurtard\u0131. Bizimkinin umurunda de\u011fil. Neriman\u2019dan ba\u015fka bir \u015fey d\u00fc\u015f\u00fcnm\u00fcyor, O k\u0131z servet avc\u0131s\u0131. \u0130nci Han\u0131m, halas\u0131 buraya geldi, onlarda istemiyorlar.<\/p>\n<p><a href=\"http:\/\/balcilar-blog.com\/wp-content\/uploads\/2014\/06\/Ekran-Al\u0131nt\u0131s\u0131.PNG-37.13.png\"><img loading=\"lazy\" decoding=\"async\" class=\"alignnone size-medium wp-image-2196\" src=\"http:\/\/balcilar-blog.com\/wp-content\/uploads\/2014\/06\/Ekran-Al\u0131nt\u0131s\u0131.PNG-37.13-300x166.png\" alt=\"Ekran Al\u0131nt\u0131s\u0131.PNG 37.13\" width=\"300\" height=\"166\" srcset=\"https:\/\/balcilar-blog.com\/wp-content\/uploads\/2014\/06\/Ekran-Al\u0131nt\u0131s\u0131.PNG-37.13-300x166.png 300w, https:\/\/balcilar-blog.com\/wp-content\/uploads\/2014\/06\/Ekran-Al\u0131nt\u0131s\u0131.PNG-37.13.png 859w\" sizes=\"auto, (max-width: 300px) 100vw, 300px\" \/><\/a><\/p>\n<p>Macit Neriman\u2019\u0131 evlerine getirir. Macit, neden buraya geldik diye sorar. Macit, birazdan i\u00e7eride duyacaklar\u0131n\u0131 haz\u0131rl\u0131kl\u0131 olacaks\u0131n, ama merak etme yan\u0131nda ben var\u0131m, tamam m\u0131? Yar\u0131n\u0131m\u0131z bug\u00fcn. Birazdan i\u00e7eride kazanaca\u011f\u0131z tamam m\u0131? Hadi\u2026\u00a0 Macit, kap\u0131n\u0131n zilini \u00e7alar. Neriman, ku\u015fkulu g\u00f6zlerle Macit\u2019e bakar ve 37.B\u00f6l\u00fcm burada biter.<\/p>\n<p><a href=\"http:\/\/balcilar-blog.com\/wp-content\/uploads\/2014\/06\/Ekran-Al\u0131nt\u0131s\u0131.PNG-37.SON_.png\"><img loading=\"lazy\" decoding=\"async\" class=\"alignnone size-medium wp-image-2185\" src=\"http:\/\/balcilar-blog.com\/wp-content\/uploads\/2014\/06\/Ekran-Al\u0131nt\u0131s\u0131.PNG-37.SON_-300x164.png\" alt=\"Ekran Al\u0131nt\u0131s\u0131.PNG 37.SON\" width=\"300\" height=\"164\" srcset=\"https:\/\/balcilar-blog.com\/wp-content\/uploads\/2014\/06\/Ekran-Al\u0131nt\u0131s\u0131.PNG-37.SON_-300x164.png 300w, https:\/\/balcilar-blog.com\/wp-content\/uploads\/2014\/06\/Ekran-Al\u0131nt\u0131s\u0131.PNG-37.SON_.png 875w\" sizes=\"auto, (max-width: 300px) 100vw, 300px\" \/><\/a><\/p>\n<p>Macit ile Neriman bu b\u00f6l\u00fcmde kendi aralar\u0131nda y\u00fcz\u00fckleri takt\u0131lar. Bundan sonras\u0131 A\u015fk\u2026 Dediler. Ve hep a\u015fk\u0131 ve g\u00fczel geleceklerini konu\u015ftular.<\/p>\n<p><img loading=\"lazy\" decoding=\"async\" class=\"scaledImageFitWidth img\" src=\"https:\/\/scontent-a-vie.xx.fbcdn.net\/hphotos-xpf1\/t1.0-9\/s403x403\/1391932_560695827381840_4483732342088472248_n.png\" alt=\"Foto\u011fraf\" width=\"403\" height=\"222\" \/><\/p>\n<p>Hep s\u00f6yl\u00fcyorum, Neriman (Neslihan Atag\u00fcl) ve Macit (Kadir Do\u011fulu) ger\u00e7ekten birbirlerine \u00e7ok yak\u0131\u015f\u0131yorlar. Dolu, dolu, a\u015fk\u0131 hen\u00fcz ya\u015fayamad\u0131lar ama, yak\u0131nda g\u00fczel g\u00fcnler gelecek. Biz de \u201cSonras\u0131 a\u015fk\u2026\u201d diyelim ve noktay\u0131 koyal\u0131m.<\/p>\n<p>\u0130yi seyirler.<\/p>\n<p>Sayg\u0131lar, sevgiler.<\/p>\n<p>Abdurrahman Balc\u0131lar<\/p>\n<p>Twitter: abdurrahman balc\u0131lar@abbalcilar<\/p>\n<p>Mail : <a href=\"mailto:ab.balcilar@hotmail.com\">ab.balcilar@hotmail.com<\/a><\/p>\n<p>Blog: milliyet.com.tr\/cansever<\/p>\n<p>Blog: balcilar-blog.com<\/p>\n<p>Not: G\u00f6rseller internetten, dizifilm.com\u2019dan, fatih harbiye resmi facebook hesab\u0131ndan ve taraf\u0131mdan diziden al\u0131nm\u0131\u015ft\u0131r.<\/p>\n<p>&nbsp;<\/p>\n<p>Not: Burada yaz\u0131lan t\u00fcm yaz\u0131lar\u0131n elektronik imza ve zaman damgas\u0131 g\u00fcvencesi alt\u0131nda yasal haklar\u0131 korunmaktad\u0131r. Hi\u00e7bir \u015fekilde bas\u0131l\u0131 ya da elektronik bir ortamda (CD, internet vs.) kaynak g\u00f6sterilmeksizin izin al\u0131nmadan kullan\u0131lmaz.<\/p>\n<p><strong>\u00a0<\/strong><\/p>\n","protected":false},"excerpt":{"rendered":"<p>Show Tv.in A\u015fk ve Drama dizisi \u201cFatih Harbiye\u201d de heyecan devam ediyor. Macit\u2019i, y\u00fcksek miktarda fidye \u00f6deyerek kurtaran Pelin, ne yaz\u0131k ki Macit\u2019i yine Neriman\u2019a kapt\u0131rd\u0131. Peyami Safa\u2019n\u0131n roman\u0131ndan aktar\u0131lan, bir Koliba Film yap\u0131m\u0131 olan dizinin reytingleri pek istikrarl\u0131 gitmiyor. Son 4 b\u00f6l\u00fcm\u00fc bakarsak; AB\u2019de 2-8-5-12.s\u0131ralarda yer alm\u0131\u015f. Totel\u2019de, 6-6-6-8.s\u0131ralarda yer ald\u0131\u011f\u0131n\u0131 g\u00f6rd\u00fck. Ge\u00e7en b\u00f6l\u00fcmde [&hellip;]<\/p>\n","protected":false},"author":3,"featured_media":0,"comment_status":"open","ping_status":"open","sticky":false,"template":"","format":"standard","meta":{"footnotes":""},"categories":[2],"tags":[36,118,131,119,35],"class_list":["post-2184","post","type-post","status-publish","format-standard","hentry","category-tv-programlari","tag-fatih-harbiye","tag-kadir-dogulu","tag-koliba-film","tag-neslihan-atagul","tag-show-tv"],"views":4266,"blog_post_layout_featured_media_urls":{"thumbnail":"","full":""},"categories_names":{"2":{"name":"TV Programlar\u0131","link":"https:\/\/balcilar-blog.com\/?cat=2"}},"tags_names":{"36":{"name":"Fatih Harbiye","link":"https:\/\/balcilar-blog.com\/?tag=fatih-harbiye"},"118":{"name":"Kadir Do\u011fulu","link":"https:\/\/balcilar-blog.com\/?tag=kadir-dogulu"},"131":{"name":"Koliba Film","link":"https:\/\/balcilar-blog.com\/?tag=koliba-film"},"119":{"name":"Neslihan Atag\u00fcl","link":"https:\/\/balcilar-blog.com\/?tag=neslihan-atagul"},"35":{"name":"Show Tv","link":"https:\/\/balcilar-blog.com\/?tag=show-tv"}},"comments_number":"0","wpmagazine_modules_lite_featured_media_urls":{"thumbnail":"","cvmm-medium":"","cvmm-medium-plus":"","cvmm-portrait":"","cvmm-medium-square":"","cvmm-large":"","cvmm-small":"","full":""},"_links":{"self":[{"href":"https:\/\/balcilar-blog.com\/index.php?rest_route=\/wp\/v2\/posts\/2184","targetHints":{"allow":["GET"]}}],"collection":[{"href":"https:\/\/balcilar-blog.com\/index.php?rest_route=\/wp\/v2\/posts"}],"about":[{"href":"https:\/\/balcilar-blog.com\/index.php?rest_route=\/wp\/v2\/types\/post"}],"author":[{"embeddable":true,"href":"https:\/\/balcilar-blog.com\/index.php?rest_route=\/wp\/v2\/users\/3"}],"replies":[{"embeddable":true,"href":"https:\/\/balcilar-blog.com\/index.php?rest_route=%2Fwp%2Fv2%2Fcomments&post=2184"}],"version-history":[{"count":3,"href":"https:\/\/balcilar-blog.com\/index.php?rest_route=\/wp\/v2\/posts\/2184\/revisions"}],"predecessor-version":[{"id":2201,"href":"https:\/\/balcilar-blog.com\/index.php?rest_route=\/wp\/v2\/posts\/2184\/revisions\/2201"}],"wp:attachment":[{"href":"https:\/\/balcilar-blog.com\/index.php?rest_route=%2Fwp%2Fv2%2Fmedia&parent=2184"}],"wp:term":[{"taxonomy":"category","embeddable":true,"href":"https:\/\/balcilar-blog.com\/index.php?rest_route=%2Fwp%2Fv2%2Fcategories&post=2184"},{"taxonomy":"post_tag","embeddable":true,"href":"https:\/\/balcilar-blog.com\/index.php?rest_route=%2Fwp%2Fv2%2Ftags&post=2184"}],"curies":[{"name":"wp","href":"https:\/\/api.w.org\/{rel}","templated":true}]}}