{"id":21827,"date":"2018-03-14T12:27:02","date_gmt":"2018-03-14T10:27:02","guid":{"rendered":"http:\/\/balcilar-blog.com\/?p=21827"},"modified":"2018-03-14T13:37:49","modified_gmt":"2018-03-14T11:37:49","slug":"cukur-vartolu-cukura-geri-dondu-ve-megafonla-cukur-halkina-idrisin-oglu-oldugunu-soyledi","status":"publish","type":"post","link":"https:\/\/balcilar-blog.com\/?p=21827","title":{"rendered":"\u00c7ukur : Vartolu &#8216;\u00c7ukur&#8217;a Geri D\u00f6nd\u00fc ve Megafonla \u00c7ukur Halk\u0131na \u0130dris&#8217;in O\u011flu Oldu\u011funu S\u00f6yledi!"},"content":{"rendered":"<p>&nbsp;<\/p>\n<p><img loading=\"lazy\" decoding=\"async\" class=\"alignnone size-full wp-image-21848\" src=\"http:\/\/balcilar-blog.com\/wp-content\/uploads\/2018\/03\/cats-\u00c7UKUR-1.jpg\" alt=\"\" width=\"640\" height=\"319\" srcset=\"https:\/\/balcilar-blog.com\/wp-content\/uploads\/2018\/03\/cats-\u00c7UKUR-1.jpg 640w, https:\/\/balcilar-blog.com\/wp-content\/uploads\/2018\/03\/cats-\u00c7UKUR-1-300x150.jpg 300w\" sizes=\"auto, (max-width: 640px) 100vw, 640px\" \/><\/p>\n<p><strong>Ay Yap\u0131m<\/strong> imzal\u0131, Show TV\u2019de ekrana gelen \u00c7ukur\u2019un \u00f6nceki ak\u015fam yay\u0131nlanan b\u00f6l\u00fcm\u00fcne Vartolu\u2019nun \u00c7ukur\u2019a geri d\u00f6n\u00fc\u015f\u00fc damgas\u0131n\u0131 vurdu. Kahvenin \u00f6n\u00fcnde herkese \u0130dris\u2019in o\u011flu oldu\u011funu s\u00f6yleyen Vartolu ile Ko\u00e7oval\u0131lar aras\u0131nda ya\u015fanacaklar b\u00fcy\u00fck merakla beklenecek.<\/p>\n<p>&nbsp;<\/p>\n<p><strong>\u00c7UKUR Z\u0130RVEN\u0130N TEK SAH\u0130B\u0130!<\/strong><\/p>\n<p>Pazartesi ak\u015famlar\u0131 zirvenin hakimi olan \u2018\u00c7ukur\u2019un d\u00fcn ak\u015fam yay\u0131nlanan b\u00f6l\u00fcm\u00fcnde babas\u0131 \u0130dris Ko\u00e7oval\u0131 ile y\u00fczle\u015fen Vartolu\u2019nun ne yapaca\u011f\u0131 heyecanla beklendi. B\u00f6l\u00fcm\u00fcn final sahnesinde Berber Muhittin\u2019in d\u00fckkan\u0131n\u0131n teras\u0131na \u00e7\u0131karak mahalleliye seslenen Vartolu, \u0130dris\u2019e meydan okuyarak \u015foke edici bir hamlede bulundu. Herkesin i\u00e7inde \u00c7ukur\u2019da do\u011fup b\u00fcy\u00fcd\u00fc\u011f\u00fcn\u00fc s\u00f6yleyen Vartolu, ge\u00e7mi\u015fiyle ilgili b\u00fcy\u00fck ger\u00e7e\u011fi yani \u0130dris Ko\u00e7oval\u0131\u2019n\u0131n o\u011flu oldu\u011funu itiraf etti.<\/p>\n<p><img loading=\"lazy\" decoding=\"async\" class=\"alignnone size-full wp-image-21845\" src=\"http:\/\/balcilar-blog.com\/wp-content\/uploads\/2018\/03\/C\u0327ukur-20.Bo\u0308lu\u0308m-1.jpg\" alt=\"\" width=\"640\" height=\"402\" srcset=\"https:\/\/balcilar-blog.com\/wp-content\/uploads\/2018\/03\/C\u0327ukur-20.Bo\u0308lu\u0308m-1.jpg 640w, https:\/\/balcilar-blog.com\/wp-content\/uploads\/2018\/03\/C\u0327ukur-20.Bo\u0308lu\u0308m-1-300x188.jpg 300w\" sizes=\"auto, (max-width: 640px) 100vw, 640px\" \/><\/p>\n<p>&nbsp;<\/p>\n<p><strong>Vartolu\u2019dan \u015foke edici hamle:<\/strong><\/p>\n<p>https:\/\/www.youtube.com\/watch?v=kdLc-EzPON4<\/p>\n<p>&nbsp;<\/p>\n<p><strong>T\u00dcM KATEGOR\u0130LERDE B\u0130R\u0130NC\u0130!<\/strong><\/p>\n<p><img loading=\"lazy\" decoding=\"async\" class=\"alignnone size-full wp-image-21830\" src=\"http:\/\/balcilar-blog.com\/wp-content\/uploads\/2018\/03\/DYJpZglX0AExYA-.jpg\" alt=\"\" width=\"480\" height=\"480\" srcset=\"https:\/\/balcilar-blog.com\/wp-content\/uploads\/2018\/03\/DYJpZglX0AExYA-.jpg 480w, https:\/\/balcilar-blog.com\/wp-content\/uploads\/2018\/03\/DYJpZglX0AExYA--150x150.jpg 150w, https:\/\/balcilar-blog.com\/wp-content\/uploads\/2018\/03\/DYJpZglX0AExYA--300x300.jpg 300w\" sizes=\"auto, (max-width: 480px) 100vw, 480px\" \/><\/p>\n<p><strong>\u00c7ukur<\/strong>, d\u00fcn ak\u015fam yay\u0131nlanan 20\u2019nci b\u00f6l\u00fcm\u00fcyle reyting s\u0131ralamas\u0131nda zirveye yerle\u015fti. \u00c7ukur,\u00a0AB\u2019de\u00a011,71\u00a0izlenme oran\u0131 (rating),\u00a025,56izlenme pay\u0131 (share),\u00a0ABC1 20+&#8217;da\u00a012,07\u00a0izlenme oran\u0131 (rating),\u00a025,05\u00a0izlenme pay\u0131 (share), Total\u2019de ise\u00a09,63\u00a0izlenme oran\u0131 (rating),\u00a020,49izlenme pay\u0131 (share) ile\u00a0birincili\u011fi g\u00f6\u011f\u00fcsledi. \u00c7ukur&#8217;un heyecanla beklenen 20\u2019nci b\u00f6l\u00fcm\u00fcn\u00fcn ba\u015flamas\u0131yla birlikte izleyiciler\u00a0#vartolu\u00a0ve#\u00e7ukur\u00a0etiketi ile Twitter\u2019da yorumlar\u0131n\u0131 payla\u015ft\u0131.\u00a0#vartolu\u00a0etiketi\u00a0Twitter&#8217;\u0131n T\u00fcrkiye g\u00fcndeminde\u00a014 saat 5 dakika,\u00a0d\u00fcnyada\u00a06 saat 55 dakika, #\u00e7ukur\u00a0etiketi ise\u00a0d\u00fcnyada\u00a0TT listesinde kald\u0131. Somera\u2019n\u0131n reyting analizine g\u00f6re\u00a012 Mart Pazartesi\u00a0g\u00fcn\u00fc sosyal medyada en \u00e7ok konu\u015fulan programlar s\u0131ralamas\u0131nda birinci oldu.<\/p>\n<p>&nbsp;<\/p>\n<p><strong>NEFES KESEN D\u00dcELLO!<\/strong><\/p>\n<p>&nbsp;<\/p>\n<p><img loading=\"lazy\" decoding=\"async\" class=\"alignnone size-full wp-image-21840\" src=\"http:\/\/balcilar-blog.com\/wp-content\/uploads\/2018\/03\/C\u0327ukur-20.Bo\u0308lu\u0308m-4-1.jpg\" alt=\"\" width=\"640\" height=\"399\" srcset=\"https:\/\/balcilar-blog.com\/wp-content\/uploads\/2018\/03\/C\u0327ukur-20.Bo\u0308lu\u0308m-4-1.jpg 640w, https:\/\/balcilar-blog.com\/wp-content\/uploads\/2018\/03\/C\u0327ukur-20.Bo\u0308lu\u0308m-4-1-300x187.jpg 300w\" sizes=\"auto, (max-width: 640px) 100vw, 640px\" \/><\/p>\n<p>Baykal\u2019la ilgili ger\u00e7ekleri \u00f6\u011frenen Yama\u00e7, Baykal\u2019\u0131n kar\u015f\u0131s\u0131na \u00e7\u0131kt\u0131. Yama\u00e7\u2019\u0131n her \u015feyi \u00f6\u011frendi\u011fini anlayan Baykal\u2019\u0131n Yama\u00e7 ile kar\u015f\u0131la\u015fmas\u0131, tansiyonu y\u00fckseltti. Baykal ka\u00e7may\u0131 ba\u015farsa da Yama\u00e7 ve Ko\u00e7oval\u0131lar, Baykal\u2019\u0131n t\u00fcm yat\u0131r\u0131mlar\u0131n\u0131 yok etmeye ba\u015flayarak ona hayat\u0131n\u0131n dersini vermek istediler.<\/p>\n<p><strong>Yama\u00e7 ile Baykal\u2019\u0131n adrenalin dolu d\u00fcellosu:<\/strong><\/p>\n<p>https:\/\/www.youtube.com\/watch?v=HqWpe9UR1ws<\/p>\n<p>B\u00f6l\u00fcmde as\u0131l b\u00fcy\u00fck s\u00fcrpriz ise yine Baykal\u2019dan geldi. Gazeteci Hale\u2019yi kusursuz bir tuza\u011f\u0131n i\u00e7ine \u00e7eken Baykal amac\u0131na ula\u015ft\u0131 ve Hale, Ali\u00e7o\u2019nun g\u00f6zleri \u00f6n\u00fcnde hayat\u0131n\u0131 kaybetti.<\/p>\n<p><img loading=\"lazy\" decoding=\"async\" class=\"alignnone size-full wp-image-21839\" src=\"http:\/\/balcilar-blog.com\/wp-content\/uploads\/2018\/03\/C\u0327ukur-20.Bo\u0308lu\u0308m-3-1.jpg\" alt=\"\" width=\"640\" height=\"380\" srcset=\"https:\/\/balcilar-blog.com\/wp-content\/uploads\/2018\/03\/C\u0327ukur-20.Bo\u0308lu\u0308m-3-1.jpg 640w, https:\/\/balcilar-blog.com\/wp-content\/uploads\/2018\/03\/C\u0327ukur-20.Bo\u0308lu\u0308m-3-1-300x178.jpg 300w\" sizes=\"auto, (max-width: 640px) 100vw, 640px\" \/><\/p>\n<p><strong>Hale\u2019nin hayat\u0131n\u0131 kaybetti\u011fi an:<\/strong><\/p>\n<p>https:\/\/www.youtube.com\/watch?v=DgYodhTBn0k<\/p>\n<p>&nbsp;<\/p>\n<p><strong>\u201c\u00c7UKUR\u2019DA TAHT YOKTUR EVLATLARIM!\u201d<\/strong><\/p>\n<p><img loading=\"lazy\" decoding=\"async\" class=\"alignnone size-full wp-image-21836\" src=\"http:\/\/balcilar-blog.com\/wp-content\/uploads\/2018\/03\/1befbecc39cccee47c608f4ff87d1c01_840.jpg\" alt=\"\" width=\"640\" height=\"375\" srcset=\"https:\/\/balcilar-blog.com\/wp-content\/uploads\/2018\/03\/1befbecc39cccee47c608f4ff87d1c01_840.jpg 640w, https:\/\/balcilar-blog.com\/wp-content\/uploads\/2018\/03\/1befbecc39cccee47c608f4ff87d1c01_840-300x176.jpg 300w\" sizes=\"auto, (max-width: 640px) 100vw, 640px\" \/><\/p>\n<p>Yeni b\u00f6l\u00fcmden yay\u0131nlanan ilk sahnede t\u00fcm adamlar\u0131n\u0131 kahvede toplayan \u0130dris Ko\u00e7oval\u0131, yeni bir m\u00fccadelenin sinyallerini verdi. \u201cBiz para biriktirmeyiz, biz insan biriktiririz. \u0130nsan biriktirmek kolay de\u011fildir. \u00c7ukur\u2019da taht maht yoktur evlatlar\u0131m!\u201d s\u00f6zleriyle dikkat \u00e7eken \u0130dris\u2019in Vartolu ve Baykal ile aras\u0131nda ya\u015fanacaklar \u00c7ukur\u2019da yeni bir f\u0131rt\u0131nan\u0131n ba\u015flang\u0131c\u0131 olacak.<\/p>\n<p><strong>Yeni b\u00f6l\u00fcmden ekranlara gelen ilk sahne:<\/strong><\/p>\n<p><iframe loading=\"lazy\" title=\"\u00c7ukur 21. B\u00f6l\u00fcm - Sneak Peek\" width=\"640\" height=\"360\" src=\"https:\/\/www.youtube.com\/embed\/PQ-ZFr-KbGE?feature=oembed\" frameborder=\"0\" allow=\"accelerometer; autoplay; clipboard-write; encrypted-media; gyroscope; picture-in-picture; web-share\" referrerpolicy=\"strict-origin-when-cross-origin\" allowfullscreen><\/iframe><\/p>\n<p>\u2018\u00c7ukur\u2019un yeni b\u00f6l\u00fcm\u00fc 19 Mart Pazartesi saat 20:00\u2019da Show TV\u2019de ekranlara gelecek.<\/p>\n<p>Sayg\u0131lar ve sevgiler.<\/p>\n<p>Abdurrahman Balc\u0131lar<\/p>\n<p>Twitter:\u00a0<a href=\"https:\/\/twitter.com\/abbalcilar\">abdurrahman balc\u0131lar<\/a><a href=\"https:\/\/twitter.com\/abbalcilar\"><strong>@abbalcilar<\/strong><\/a><\/p>\n<p>Mail :\u00a0<a href=\"mailto:ab.balcilar@hotmail.com\">ab.balcilar@hotmail.com<\/a><\/p>\n<p>Blog:\u00a0<a href=\"http:\/\/t.co\/znqmIZgIqn\">blog.milliyet.com.tr\/cansever<\/a><\/p>\n<p>Blog:\u00a0<a href=\"http:\/\/balcilar-blog.com\/\">Abdurrahman Balc\u0131lar Blog Sayfas\u0131<\/a><\/p>\n<p>Not: Kaynak haber ve g\u00f6rseller Cansu Uras \u0130leti\u015fim Deposu bas\u0131n B\u00fclteni.<\/p>\n<p><strong>*\u015eahsi Blog sayfamda ve Milliyet Blog\u2019da yay\u0131nlanan blog yaz\u0131lar\u0131 b\u00fcy\u00fck bir \u00e7al\u0131\u015fman\u0131n \u00fcr\u00fcn\u00fc olup, izinsiz ya da kaynak g\u00f6stermeden al\u0131nt\u0131 yap\u0131lamaz. Aksi halde kanuni i\u015flem yap\u0131l\u0131r.<\/strong><\/p>\n<p class=\"x_MsoNormal\" align=\"center\"><b>\u00a0<\/b><\/p>\n<div class=\"x_gmail_signature\">\n<div dir=\"ltr\">\n<div>\n<div>\n<div><\/div>\n<\/div>\n<\/div>\n<\/div>\n<\/div>\n","protected":false},"excerpt":{"rendered":"<p>&nbsp; Ay Yap\u0131m imzal\u0131, Show TV\u2019de ekrana gelen \u00c7ukur\u2019un \u00f6nceki ak\u015fam yay\u0131nlanan b\u00f6l\u00fcm\u00fcne Vartolu\u2019nun \u00c7ukur\u2019a geri d\u00f6n\u00fc\u015f\u00fc damgas\u0131n\u0131 vurdu. Kahvenin \u00f6n\u00fcnde herkese \u0130dris\u2019in o\u011flu oldu\u011funu s\u00f6yleyen Vartolu ile Ko\u00e7oval\u0131lar aras\u0131nda ya\u015fanacaklar b\u00fcy\u00fck merakla beklenecek. &nbsp; \u00c7UKUR Z\u0130RVEN\u0130N TEK SAH\u0130B\u0130! Pazartesi ak\u015famlar\u0131 zirvenin hakimi olan \u2018\u00c7ukur\u2019un d\u00fcn ak\u015fam yay\u0131nlanan b\u00f6l\u00fcm\u00fcnde babas\u0131 \u0130dris Ko\u00e7oval\u0131 ile y\u00fczle\u015fen Vartolu\u2019nun [&hellip;]<\/p>\n","protected":false},"author":3,"featured_media":21831,"comment_status":"open","ping_status":"open","sticky":false,"template":"","format":"standard","meta":{"footnotes":""},"categories":[2],"tags":[533,26,1555,1274],"class_list":["post-21827","post","type-post","status-publish","format-standard","has-post-thumbnail","hentry","category-tv-programlari","tag-aras-bulut-iynemli","tag-ay-yapim","tag-cukur","tag-ercan-kesal"],"views":3493,"blog_post_layout_featured_media_urls":{"thumbnail":["https:\/\/balcilar-blog.com\/wp-content\/uploads\/2018\/03\/cats-\u00c7UKUR-150x150.jpg",150,150,true],"full":["https:\/\/balcilar-blog.com\/wp-content\/uploads\/2018\/03\/cats-\u00c7UKUR.jpg",978,488,false]},"categories_names":{"2":{"name":"TV Programlar\u0131","link":"https:\/\/balcilar-blog.com\/?cat=2"}},"tags_names":{"533":{"name":"Aras Bulut \u0130ynemli","link":"https:\/\/balcilar-blog.com\/?tag=aras-bulut-iynemli"},"26":{"name":"Ay Yap\u0131m","link":"https:\/\/balcilar-blog.com\/?tag=ay-yapim"},"1555":{"name":"\u00c7ukur","link":"https:\/\/balcilar-blog.com\/?tag=cukur"},"1274":{"name":"Ercan Kesal","link":"https:\/\/balcilar-blog.com\/?tag=ercan-kesal"}},"comments_number":"0","wpmagazine_modules_lite_featured_media_urls":{"thumbnail":["https:\/\/balcilar-blog.com\/wp-content\/uploads\/2018\/03\/cats-\u00c7UKUR-150x150.jpg",150,150,true],"cvmm-medium":["https:\/\/balcilar-blog.com\/wp-content\/uploads\/2018\/03\/cats-\u00c7UKUR.jpg",300,150,false],"cvmm-medium-plus":["https:\/\/balcilar-blog.com\/wp-content\/uploads\/2018\/03\/cats-\u00c7UKUR.jpg",305,152,false],"cvmm-portrait":["https:\/\/balcilar-blog.com\/wp-content\/uploads\/2018\/03\/cats-\u00c7UKUR.jpg",400,200,false],"cvmm-medium-square":["https:\/\/balcilar-blog.com\/wp-content\/uploads\/2018\/03\/cats-\u00c7UKUR.jpg",600,299,false],"cvmm-large":["https:\/\/balcilar-blog.com\/wp-content\/uploads\/2018\/03\/cats-\u00c7UKUR.jpg",978,488,false],"cvmm-small":["https:\/\/balcilar-blog.com\/wp-content\/uploads\/2018\/03\/cats-\u00c7UKUR.jpg",130,65,false],"full":["https:\/\/balcilar-blog.com\/wp-content\/uploads\/2018\/03\/cats-\u00c7UKUR.jpg",978,488,false]},"_links":{"self":[{"href":"https:\/\/balcilar-blog.com\/index.php?rest_route=\/wp\/v2\/posts\/21827","targetHints":{"allow":["GET"]}}],"collection":[{"href":"https:\/\/balcilar-blog.com\/index.php?rest_route=\/wp\/v2\/posts"}],"about":[{"href":"https:\/\/balcilar-blog.com\/index.php?rest_route=\/wp\/v2\/types\/post"}],"author":[{"embeddable":true,"href":"https:\/\/balcilar-blog.com\/index.php?rest_route=\/wp\/v2\/users\/3"}],"replies":[{"embeddable":true,"href":"https:\/\/balcilar-blog.com\/index.php?rest_route=%2Fwp%2Fv2%2Fcomments&post=21827"}],"version-history":[{"count":8,"href":"https:\/\/balcilar-blog.com\/index.php?rest_route=\/wp\/v2\/posts\/21827\/revisions"}],"predecessor-version":[{"id":21849,"href":"https:\/\/balcilar-blog.com\/index.php?rest_route=\/wp\/v2\/posts\/21827\/revisions\/21849"}],"wp:featuredmedia":[{"embeddable":true,"href":"https:\/\/balcilar-blog.com\/index.php?rest_route=\/wp\/v2\/media\/21831"}],"wp:attachment":[{"href":"https:\/\/balcilar-blog.com\/index.php?rest_route=%2Fwp%2Fv2%2Fmedia&parent=21827"}],"wp:term":[{"taxonomy":"category","embeddable":true,"href":"https:\/\/balcilar-blog.com\/index.php?rest_route=%2Fwp%2Fv2%2Fcategories&post=21827"},{"taxonomy":"post_tag","embeddable":true,"href":"https:\/\/balcilar-blog.com\/index.php?rest_route=%2Fwp%2Fv2%2Ftags&post=21827"}],"curies":[{"name":"wp","href":"https:\/\/api.w.org\/{rel}","templated":true}]}}