{"id":21781,"date":"2018-03-08T14:39:17","date_gmt":"2018-03-08T12:39:17","guid":{"rendered":"http:\/\/balcilar-blog.com\/?p=21781"},"modified":"2018-03-08T14:51:05","modified_gmt":"2018-03-08T12:51:05","slug":"bizim-hikayede-olay-ustune-olay","status":"publish","type":"post","link":"https:\/\/balcilar-blog.com\/?p=21781","title":{"rendered":"Bizim Hikaye&#8217;de Olay \u00dcst\u00fcne Olay!"},"content":{"rendered":"<p><img loading=\"lazy\" decoding=\"async\" class=\"alignnone size-full wp-image-21790\" src=\"http:\/\/balcilar-blog.com\/wp-content\/uploads\/2018\/03\/Bizim-Hikaye-4382-galeri-resim-799b993c-e3b6-4e71-9f81-479baf7530df-mpositioned-640x360.jpg\" alt=\"\" width=\"640\" height=\"360\" srcset=\"https:\/\/balcilar-blog.com\/wp-content\/uploads\/2018\/03\/Bizim-Hikaye-4382-galeri-resim-799b993c-e3b6-4e71-9f81-479baf7530df-mpositioned-640x360.jpg 640w, https:\/\/balcilar-blog.com\/wp-content\/uploads\/2018\/03\/Bizim-Hikaye-4382-galeri-resim-799b993c-e3b6-4e71-9f81-479baf7530df-mpositioned-640x360-300x169.jpg 300w\" sizes=\"auto, (max-width: 640px) 100vw, 640px\" \/><\/p>\n<p>Med Yap\u0131m&#8217;\u0131n yap\u0131mc\u0131l\u0131\u011f\u0131n\u0131 \u00dcstlendi\u011fi, ba\u015frollerini Hazal Kaya ve Burak Deniz&#8217;in oynad\u0131\u011f\u0131 Bizim Hikayede olay \u00fcst\u00fcne olay&#8230;<\/p>\n<p>Fikri\u2019nin (Reha \u00d6zcan) ameliyattan sa\u011flam bir \u015fekilde \u00e7\u0131kmas\u0131yla Elibol Ailesi\u2019nin \u00fcst\u00fcndeki kara bulutlar biraz da\u011f\u0131lm\u0131\u015f g\u00f6z\u00fckmektedir.<\/p>\n<p>Fakat tam bu s\u0131rada Yeliz\u2019in Zeynep\u2019e veda ederek ortadan kaybolmas\u0131 ve ba\u015f\u0131na gelenlerle asl\u0131nda daha s\u0131k\u0131nt\u0131l\u0131 bir d\u00f6neme girilecektir.<\/p>\n<p>Fikri ise bir kez daha kefeni y\u0131rtman\u0131n keyfiyle kendisinin Allah\u2019\u0131n sevdi\u011fi kulu oldu\u011funa kesin kanaat getirmi\u015ftir. Bu s\u0131rada hikayesine ilgi g\u00f6steren bir muhabir ile bir maceran\u0131n i\u00e7ine dalar.<\/p>\n<p><img loading=\"lazy\" decoding=\"async\" class=\"alignnone size-full wp-image-21782\" src=\"http:\/\/balcilar-blog.com\/wp-content\/uploads\/2018\/03\/Bizim-Hikaye-4382-galeri-resim-01ba2e62-5758-4874-af40-beb39d265dee-mpositioned-640x360.jpg\" alt=\"\" width=\"640\" height=\"360\" srcset=\"https:\/\/balcilar-blog.com\/wp-content\/uploads\/2018\/03\/Bizim-Hikaye-4382-galeri-resim-01ba2e62-5758-4874-af40-beb39d265dee-mpositioned-640x360.jpg 640w, https:\/\/balcilar-blog.com\/wp-content\/uploads\/2018\/03\/Bizim-Hikaye-4382-galeri-resim-01ba2e62-5758-4874-af40-beb39d265dee-mpositioned-640x360-300x169.jpg 300w\" sizes=\"auto, (max-width: 640px) 100vw, 640px\" \/><\/p>\n<p>Bar\u0131\u015f ile Filiz aras\u0131ndaki duvar Bar\u0131\u015f\u2019\u0131n ald\u0131\u011f\u0131 kararlar\u0131 ciddi \u015fekilde etkilemeye ba\u015flar.<\/p>\n<p><img loading=\"lazy\" decoding=\"async\" class=\"alignnone size-full wp-image-21792\" src=\"http:\/\/balcilar-blog.com\/wp-content\/uploads\/2018\/03\/Bizim-Hikaye-4382-galeri-resim-b141d384-fd76-4cc4-b6ab-43f376da7799-mpositioned-640x360.jpg\" alt=\"\" width=\"640\" height=\"360\" srcset=\"https:\/\/balcilar-blog.com\/wp-content\/uploads\/2018\/03\/Bizim-Hikaye-4382-galeri-resim-b141d384-fd76-4cc4-b6ab-43f376da7799-mpositioned-640x360.jpg 640w, https:\/\/balcilar-blog.com\/wp-content\/uploads\/2018\/03\/Bizim-Hikaye-4382-galeri-resim-b141d384-fd76-4cc4-b6ab-43f376da7799-mpositioned-640x360-300x169.jpg 300w\" sizes=\"auto, (max-width: 640px) 100vw, 640px\" \/><\/p>\n<p>Bu durum H\u00fclya ile yak\u0131nla\u015fmas\u0131na ve ileride pi\u015fman olaca\u011f\u0131 \u015feyler yapmas\u0131na sebep olur. T\u00fcm bunlar olurken annesinin ya\u015fananlar i\u00e7in babas\u0131ndan \u00f6z\u00fcr dilemesini istemesi de eklenince Bar\u0131\u015f iyiden allak bullak olur. Babas\u0131yla olan g\u00f6r\u00fc\u015fmesinde \u00f6\u011frendikleriyle hayat\u0131 iyiden karma\u015f\u0131k hale gelir.<\/p>\n<p><img loading=\"lazy\" decoding=\"async\" class=\"alignnone size-full wp-image-21784\" src=\"http:\/\/balcilar-blog.com\/wp-content\/uploads\/2018\/03\/Bizim-Hikaye-4382-galeri-resim-5d8e81f6-c767-4b05-8ef1-0b1aaeac98c8-mpositioned-640x360.jpg\" alt=\"\" width=\"640\" height=\"360\" srcset=\"https:\/\/balcilar-blog.com\/wp-content\/uploads\/2018\/03\/Bizim-Hikaye-4382-galeri-resim-5d8e81f6-c767-4b05-8ef1-0b1aaeac98c8-mpositioned-640x360.jpg 640w, https:\/\/balcilar-blog.com\/wp-content\/uploads\/2018\/03\/Bizim-Hikaye-4382-galeri-resim-5d8e81f6-c767-4b05-8ef1-0b1aaeac98c8-mpositioned-640x360-300x169.jpg 300w\" sizes=\"auto, (max-width: 640px) 100vw, 640px\" \/><\/p>\n<p>Esra ile ka\u00e7ma planlar\u0131 yapan Hikmet inad\u0131 b\u0131rakmaz. Ailesini kar\u015f\u0131s\u0131na alan Hikmet, Esra\u2019y\u0131 da zor durumda b\u0131rak\u0131r. Esra ise karma\u015f\u0131k duygular i\u00e7erisindedir. Hikmet bu imk\u00e2ns\u0131z a\u015fktan vazge\u00e7mez.\u00a0Hikmet eline bir demet \u00e7i\u00e7ekler sevdi\u011fi kad\u0131n Esra&#8217;ya gider. Tek ta\u015f y\u00fcz\u00fck takmak ister. Esra&#8217;n\u0131n kocas\u0131 evin etraf\u0131na benzin d\u00f6kerek, evi ate\u015fe verir. Onlar\u0131 kurtarmak Bar\u0131\u015f&#8217;a d\u00fc\u015fer!<\/p>\n<p><img loading=\"lazy\" decoding=\"async\" class=\"alignnone size-full wp-image-21786\" src=\"http:\/\/balcilar-blog.com\/wp-content\/uploads\/2018\/03\/Bizim-Hikaye-4382-galeri-resim-9a2d02e7-b06d-4b4a-9eb7-d095ddf1e217-mpositioned-640x360.jpg\" alt=\"\" width=\"640\" height=\"360\" srcset=\"https:\/\/balcilar-blog.com\/wp-content\/uploads\/2018\/03\/Bizim-Hikaye-4382-galeri-resim-9a2d02e7-b06d-4b4a-9eb7-d095ddf1e217-mpositioned-640x360.jpg 640w, https:\/\/balcilar-blog.com\/wp-content\/uploads\/2018\/03\/Bizim-Hikaye-4382-galeri-resim-9a2d02e7-b06d-4b4a-9eb7-d095ddf1e217-mpositioned-640x360-300x169.jpg 300w\" sizes=\"auto, (max-width: 640px) 100vw, 640px\" \/><\/p>\n<p>&nbsp;<\/p>\n<p>Bir telefonla i\u015fini kaybeden Filiz g\u00fczel bir s\u00fcrprizle kuru temizlemecide yeni bir i\u015f bulur. Tufan\u2019a olan tavr\u0131 devam eden T\u00fclay bu s\u00fcre\u00e7te Filiz\u2019in en b\u00fcy\u00fck destek\u00e7isidir.<\/p>\n<p><img loading=\"lazy\" decoding=\"async\" class=\"alignnone size-full wp-image-21791\" src=\"http:\/\/balcilar-blog.com\/wp-content\/uploads\/2018\/03\/Bizim-Hikaye-4382-galeri-resim-a479976a-35b4-42bd-ac92-8ffa0f1d109c-mpositioned-640x360.jpg\" alt=\"\" width=\"640\" height=\"360\" srcset=\"https:\/\/balcilar-blog.com\/wp-content\/uploads\/2018\/03\/Bizim-Hikaye-4382-galeri-resim-a479976a-35b4-42bd-ac92-8ffa0f1d109c-mpositioned-640x360.jpg 640w, https:\/\/balcilar-blog.com\/wp-content\/uploads\/2018\/03\/Bizim-Hikaye-4382-galeri-resim-a479976a-35b4-42bd-ac92-8ffa0f1d109c-mpositioned-640x360-300x169.jpg 300w\" sizes=\"auto, (max-width: 640px) 100vw, 640px\" \/><\/p>\n<p>Dengesiz tav\u0131rlar\u0131yla Esra da dahil olmak \u00fczere herkesin sabr\u0131n\u0131 ta\u015f\u0131rmaya ba\u015flayan Hikmet; Esra\u2019ya \u00e7ocuk olmad\u0131\u011f\u0131n\u0131 kan\u0131tlaman\u0131n derdiyle sonunu kestiremedi\u011fi tehlikeli bir yola girer. Bu yolun sonunda ise As\u0131m\u2019\u0131n Esra ile kendisine haz\u0131rlad\u0131\u011f\u0131 korkun\u00e7 son vard\u0131r.<\/p>\n<p><iframe loading=\"lazy\" title=\"Bizim Hikaye 24. B\u00f6l\u00fcm 3. Tan\u0131t\u0131m\u0131\" width=\"640\" height=\"360\" src=\"https:\/\/www.youtube.com\/embed\/VNrlgfaim2c?feature=oembed\" frameborder=\"0\" allow=\"accelerometer; autoplay; clipboard-write; encrypted-media; gyroscope; picture-in-picture; web-share\" referrerpolicy=\"strict-origin-when-cross-origin\" allowfullscreen><\/iframe><\/p>\n<p>Bizim Hikaye, 24.b\u00f6l\u00fcm\u00fc ile bu ak\u015fam Fox Tv ekranlar\u0131nda.<\/p>\n<p>Sayg\u0131lar ve sevgiler.<\/p>\n<p>Abdurrahman Balc\u0131lar<\/p>\n<p>Twitter:\u00a0<a href=\"https:\/\/twitter.com\/abbalcilar\">abdurrahman balc\u0131lar<\/a><a href=\"https:\/\/twitter.com\/abbalcilar\"><strong>@abbalcilar<\/strong><\/a><\/p>\n<p>Mail :\u00a0<a href=\"mailto:ab.balcilar@hotmail.com\">ab.balcilar@hotmail.com<\/a><\/p>\n<p>Blog:\u00a0<a href=\"http:\/\/t.co\/znqmIZgIqn\">blog.milliyet.com.tr\/cansever<\/a><\/p>\n<p>Blog:\u00a0<a href=\"http:\/\/balcilar-blog.com\/\">Abdurrahman Balc\u0131lar Blog Sayfas\u0131<\/a><\/p>\n<p>Not: Haber ve g\u00f6rseller Fox Tv. tan\u0131t\u0131m sayfas\u0131ndan al\u0131nm\u0131\u015ft\u0131r.<\/p>\n<p><strong>*\u015eahsi Blog sayfamda ve Milliyet Blog\u2019da yay\u0131nlanan blog yaz\u0131lar\u0131 b\u00fcy\u00fck bir \u00e7al\u0131\u015fman\u0131n \u00fcr\u00fcn\u00fc olup, izinsiz ya da kaynak g\u00f6stermeden al\u0131nt\u0131 yap\u0131lamaz. Aksi halde kanuni i\u015flem yap\u0131l\u0131r.<\/strong><\/p>\n","protected":false},"excerpt":{"rendered":"<p>Med Yap\u0131m&#8217;\u0131n yap\u0131mc\u0131l\u0131\u011f\u0131n\u0131 \u00dcstlendi\u011fi, ba\u015frollerini Hazal Kaya ve Burak Deniz&#8217;in oynad\u0131\u011f\u0131 Bizim Hikayede olay \u00fcst\u00fcne olay&#8230; Fikri\u2019nin (Reha \u00d6zcan) ameliyattan sa\u011flam bir \u015fekilde \u00e7\u0131kmas\u0131yla Elibol Ailesi\u2019nin \u00fcst\u00fcndeki kara bulutlar biraz da\u011f\u0131lm\u0131\u015f g\u00f6z\u00fckmektedir. Fakat tam bu s\u0131rada Yeliz\u2019in Zeynep\u2019e veda ederek ortadan kaybolmas\u0131 ve ba\u015f\u0131na gelenlerle asl\u0131nda daha s\u0131k\u0131nt\u0131l\u0131 bir d\u00f6neme girilecektir. Fikri ise bir kez [&hellip;]<\/p>\n","protected":false},"author":3,"featured_media":21790,"comment_status":"open","ping_status":"open","sticky":false,"template":"","format":"standard","meta":{"footnotes":""},"categories":[2],"tags":[1520,654,129,19],"class_list":["post-21781","post","type-post","status-publish","format-standard","has-post-thumbnail","hentry","category-tv-programlari","tag-bizim-hikaye","tag-burak-deniz","tag-fox-tv","tag-hazal-kaya"],"views":3011,"blog_post_layout_featured_media_urls":{"thumbnail":["https:\/\/balcilar-blog.com\/wp-content\/uploads\/2018\/03\/Bizim-Hikaye-4382-galeri-resim-799b993c-e3b6-4e71-9f81-479baf7530df-mpositioned-640x360-150x150.jpg",150,150,true],"full":["https:\/\/balcilar-blog.com\/wp-content\/uploads\/2018\/03\/Bizim-Hikaye-4382-galeri-resim-799b993c-e3b6-4e71-9f81-479baf7530df-mpositioned-640x360.jpg",640,360,false]},"categories_names":{"2":{"name":"TV Programlar\u0131","link":"https:\/\/balcilar-blog.com\/?cat=2"}},"tags_names":{"1520":{"name":"Bizim Hikaye","link":"https:\/\/balcilar-blog.com\/?tag=bizim-hikaye"},"654":{"name":"Burak Deniz","link":"https:\/\/balcilar-blog.com\/?tag=burak-deniz"},"129":{"name":"Fox Tv","link":"https:\/\/balcilar-blog.com\/?tag=fox-tv"},"19":{"name":"Hazal Kaya","link":"https:\/\/balcilar-blog.com\/?tag=hazal-kaya"}},"comments_number":"0","wpmagazine_modules_lite_featured_media_urls":{"thumbnail":["https:\/\/balcilar-blog.com\/wp-content\/uploads\/2018\/03\/Bizim-Hikaye-4382-galeri-resim-799b993c-e3b6-4e71-9f81-479baf7530df-mpositioned-640x360-150x150.jpg",150,150,true],"cvmm-medium":["https:\/\/balcilar-blog.com\/wp-content\/uploads\/2018\/03\/Bizim-Hikaye-4382-galeri-resim-799b993c-e3b6-4e71-9f81-479baf7530df-mpositioned-640x360.jpg",300,169,false],"cvmm-medium-plus":["https:\/\/balcilar-blog.com\/wp-content\/uploads\/2018\/03\/Bizim-Hikaye-4382-galeri-resim-799b993c-e3b6-4e71-9f81-479baf7530df-mpositioned-640x360.jpg",305,172,false],"cvmm-portrait":["https:\/\/balcilar-blog.com\/wp-content\/uploads\/2018\/03\/Bizim-Hikaye-4382-galeri-resim-799b993c-e3b6-4e71-9f81-479baf7530df-mpositioned-640x360.jpg",400,225,false],"cvmm-medium-square":["https:\/\/balcilar-blog.com\/wp-content\/uploads\/2018\/03\/Bizim-Hikaye-4382-galeri-resim-799b993c-e3b6-4e71-9f81-479baf7530df-mpositioned-640x360.jpg",600,338,false],"cvmm-large":["https:\/\/balcilar-blog.com\/wp-content\/uploads\/2018\/03\/Bizim-Hikaye-4382-galeri-resim-799b993c-e3b6-4e71-9f81-479baf7530df-mpositioned-640x360.jpg",640,360,false],"cvmm-small":["https:\/\/balcilar-blog.com\/wp-content\/uploads\/2018\/03\/Bizim-Hikaye-4382-galeri-resim-799b993c-e3b6-4e71-9f81-479baf7530df-mpositioned-640x360.jpg",130,73,false],"full":["https:\/\/balcilar-blog.com\/wp-content\/uploads\/2018\/03\/Bizim-Hikaye-4382-galeri-resim-799b993c-e3b6-4e71-9f81-479baf7530df-mpositioned-640x360.jpg",640,360,false]},"_links":{"self":[{"href":"https:\/\/balcilar-blog.com\/index.php?rest_route=\/wp\/v2\/posts\/21781","targetHints":{"allow":["GET"]}}],"collection":[{"href":"https:\/\/balcilar-blog.com\/index.php?rest_route=\/wp\/v2\/posts"}],"about":[{"href":"https:\/\/balcilar-blog.com\/index.php?rest_route=\/wp\/v2\/types\/post"}],"author":[{"embeddable":true,"href":"https:\/\/balcilar-blog.com\/index.php?rest_route=\/wp\/v2\/users\/3"}],"replies":[{"embeddable":true,"href":"https:\/\/balcilar-blog.com\/index.php?rest_route=%2Fwp%2Fv2%2Fcomments&post=21781"}],"version-history":[{"count":5,"href":"https:\/\/balcilar-blog.com\/index.php?rest_route=\/wp\/v2\/posts\/21781\/revisions"}],"predecessor-version":[{"id":21799,"href":"https:\/\/balcilar-blog.com\/index.php?rest_route=\/wp\/v2\/posts\/21781\/revisions\/21799"}],"wp:featuredmedia":[{"embeddable":true,"href":"https:\/\/balcilar-blog.com\/index.php?rest_route=\/wp\/v2\/media\/21790"}],"wp:attachment":[{"href":"https:\/\/balcilar-blog.com\/index.php?rest_route=%2Fwp%2Fv2%2Fmedia&parent=21781"}],"wp:term":[{"taxonomy":"category","embeddable":true,"href":"https:\/\/balcilar-blog.com\/index.php?rest_route=%2Fwp%2Fv2%2Fcategories&post=21781"},{"taxonomy":"post_tag","embeddable":true,"href":"https:\/\/balcilar-blog.com\/index.php?rest_route=%2Fwp%2Fv2%2Ftags&post=21781"}],"curies":[{"name":"wp","href":"https:\/\/api.w.org\/{rel}","templated":true}]}}