{"id":21712,"date":"2018-02-27T13:19:58","date_gmt":"2018-02-27T11:19:58","guid":{"rendered":"http:\/\/balcilar-blog.com\/?p=21712"},"modified":"2018-02-27T22:10:14","modified_gmt":"2018-02-27T20:10:14","slug":"cem-yilmaz-iki-yakisikliyi-bir-sinema-filminde-bir-araya-getiriyor","status":"publish","type":"post","link":"https:\/\/balcilar-blog.com\/?p=21712","title":{"rendered":"Cem Y\u0131lmaz, \u0130ki Yak\u0131\u015f\u0131kl\u0131y\u0131 Bir Sinema Filminde Bir Araya Getiriyor!"},"content":{"rendered":"<p><img loading=\"lazy\" decoding=\"async\" class=\"alignnone size-full wp-image-21734\" src=\"http:\/\/balcilar-blog.com\/wp-content\/uploads\/2018\/02\/cats-CEM-YILMAZ.jpg\" alt=\"\" width=\"490\" height=\"480\" srcset=\"https:\/\/balcilar-blog.com\/wp-content\/uploads\/2018\/02\/cats-CEM-YILMAZ.jpg 490w, https:\/\/balcilar-blog.com\/wp-content\/uploads\/2018\/02\/cats-CEM-YILMAZ-300x294.jpg 300w\" sizes=\"auto, (max-width: 490px) 100vw, 490px\" \/><\/p>\n<p><strong>Cem Y\u0131lmaz<\/strong>, yeni filmi i\u00e7in haz\u0131rl\u0131\u011fa ba\u015flad\u0131\u011f\u0131 haberini U\u00e7anku\u015f Tv. k\u00f6\u015fesinden duyurdu.<br \/>\nSanat filmi yapacak olan komedyenin, yeni projesinde Bar\u0131\u015f Ardu\u00e7 ve \u00c7a\u011fatay Ulusoy\u2019u bulu\u015fturaca\u011f\u0131 \u00f6\u011frenildi.<br \/>\nCem Y\u0131lmaz, yeni projesi i\u00e7in kollar\u0131 s\u0131vad\u0131.<\/p>\n<p>Ge\u00e7ti\u011fimiz g\u00fcn\u00a0Arif V 216&#8217;n\u0131n g\u00f6sterimi i\u00e7in\u00a0\u0130zmir&#8217;de hayranlar\u0131yla bulu\u015fan komedyen, etkinli\u011fe\u00a0<span style=\"color: #ff0000;\"><strong>\u00c7a\u011fatay Ulusoy\u00a0<\/strong><\/span>ile\u00a0<strong><span style=\"color: #ff0000;\">Bar\u0131\u015f Ardu\u00e7<\/span><\/strong>&#8216;u da davet etti.<\/p>\n<p>G\u00f6sterimin ard\u0131ndan yak\u0131\u015f\u0131kl\u0131 oyuncularla uzun uzun sohbet eden\u00a0Y\u0131lmaz&#8217;\u0131n ikiliyi\u00a0\u0130zmir&#8217;e davet etmesinin nedeni ise sonradan ortaya \u00e7\u0131kt\u0131.<\/p>\n<p>Bug\u00fcne kadar imza att\u0131\u011f\u0131 komedi filmleriyle milyonlar\u0131 kahkahaya bo\u011fan\u00a0Y\u0131lmaz, bir sonraki projesinde festival filmi yapmaya karar verdi.<\/p>\n<p>Ba\u015frol i\u00e7in de \u00c7a\u011fatay\u00a0Ulusoy\u00a0ve Bar\u0131\u015f Ardu\u00e7&#8217;la g\u00f6r\u00fc\u015fen Cem\u00a0Y\u0131lmaz&#8217;\u0131n filmin senaristi ve yap\u0131mc\u0131s\u0131n\u0131n da kendisi olaca\u011f\u0131 \u00f6\u011frenildi.<\/p>\n<p><img loading=\"lazy\" decoding=\"async\" class=\"alignnone size-full wp-image-21718\" src=\"http:\/\/balcilar-blog.com\/wp-content\/uploads\/2018\/02\/cats-CUBA.jpg\" alt=\"\" width=\"480\" height=\"488\" srcset=\"https:\/\/balcilar-blog.com\/wp-content\/uploads\/2018\/02\/cats-CUBA.jpg 480w, https:\/\/balcilar-blog.com\/wp-content\/uploads\/2018\/02\/cats-CUBA-295x300.jpg 295w\" sizes=\"auto, (max-width: 480px) 100vw, 480px\" \/><\/p>\n<p><strong>\u0130mzalar\u0131n at\u0131lmas\u0131yla yeni bir komedi ikilisi do\u011facak.<\/strong><\/p>\n<p>Bar\u0131\u015f Ardu\u00e7, Sadece Sen ve Deliha sinema filmlerinde oynam\u0131\u015ft\u0131r. Son olarak Kas\u0131m 2017&#8217;de El\u00e7in Sangu ile &#8220;Mutluluk Zaman\u0131&#8221; komedi filminde oynam\u0131\u015flard\u0131r.<\/p>\n<p>\u00c7a\u011fatay Ulusoy, ge\u00e7en yaz \u00e7ekilece\u011fi konu\u015fulan \u00fc\u00e7\u00fcnc\u00fc sinema filmi Koca Yusuf \u00e7ekilemedi. \u00dcnl\u00fc pehlivanlar\u0131m\u0131zdan D\u00fcnya \u015fampiyonumuz Koca Yusuf&#8217;un hayat\u0131n\u0131 oynayacakt\u0131.<\/p>\n<p>2012 yaz\u0131nda Anadolu Kartallar\u0131 filminde \u00dcste\u011fmen Ahmet Onur karakterini canland\u0131rm\u0131\u015f, ikinci sinema filmi Delibal&#8217;da (A\u011fustos 2015) Bar\u0131\u015f Ayaz&#8217;\u0131 oynam\u0131\u015ft\u0131.<\/p>\n<p>30 ya\u015f\u0131na kadar program\u0131n\u0131n dolu oldu\u011fu s\u00f6ylenen Ulusoy&#8217;un \u00f6n\u00fcm\u00fczdeki yaz yeni bir sinema filmi projesinde oynayaca\u011f\u0131n\u0131 tahmin ediyorum. Art\u0131k bu Cem Y\u0131lmaz&#8217;\u0131n \u00e7ekece\u011fi komedi filmi olur hep birlikte g\u00f6rece\u011fiz.<\/p>\n<p>Bu arada Netflix i\u00e7in 20 b\u00f6l\u00fcml\u00fck dizi \u00e7ekim program\u0131 var. Hayat\u0131 bir ko\u015fu\u015fturma i\u00e7inde olan \u00c7a\u011fatay Ulusoy, kaliteli dizi ve filmler yapman\u0131n gayreti i\u00e7inde.<\/p>\n<p>Bar\u0131\u015f Ardu\u00e7 ile \u00c7a\u011fatay Ulusoy&#8217;un nas\u0131l bir komedi filminde oynayaca\u011f\u0131 \u015fimdiden merak konusu!<\/p>\n<p>Cem Y\u0131lmaz, iki yak\u0131\u015f\u0131kl\u0131 ile yeni bir komedi ikilisi yaratabilecek mi? Hep birlikte g\u00f6rece\u011fiz.<\/p>\n<p>Her \u00fc\u00e7 sanat\u00e7\u0131m\u0131z i\u00e7in hay\u0131rl\u0131 olmas\u0131n\u0131 diliyorum.<\/p>\n<p>Sayg\u0131lar ve sevgiler.<\/p>\n<p>Abdurrahman Balc\u0131lar<\/p>\n<p>Twitter:\u00a0<a href=\"https:\/\/twitter.com\/abbalcilar\">abdurrahman balc\u0131lar<\/a><a href=\"https:\/\/twitter.com\/abbalcilar\"><strong>@abbalcilar<\/strong><\/a><\/p>\n<p>Mail :\u00a0<a href=\"mailto:ab.balcilar@hotmail.com\">ab.balcilar@hotmail.com<\/a><\/p>\n<p>Blog:\u00a0<a href=\"http:\/\/t.co\/znqmIZgIqn\">blog.milliyet.com.tr\/cansever<\/a><\/p>\n<p>Blog:\u00a0<a href=\"http:\/\/balcilar-blog.com\/\">Abdurrahman Balc\u0131lar Blog Sayfas\u0131<\/a><\/p>\n<p>Kaynak Haber : U\u00e7anku\u015f Tv.<\/p>\n<p><strong>*\u015eahsi Blog sayfamda ve Milliyet Blog\u2019da yay\u0131nlanan blog yaz\u0131lar\u0131 b\u00fcy\u00fck bir \u00e7al\u0131\u015fman\u0131n \u00fcr\u00fcn\u00fc olup, izinsiz ya da kaynak g\u00f6stermeden al\u0131nt\u0131 yap\u0131lamaz. Aksi halde kanuni i\u015flem yap\u0131l\u0131r.<\/strong><\/p>\n","protected":false},"excerpt":{"rendered":"<p>Cem Y\u0131lmaz, yeni filmi i\u00e7in haz\u0131rl\u0131\u011fa ba\u015flad\u0131\u011f\u0131 haberini U\u00e7anku\u015f Tv. k\u00f6\u015fesinden duyurdu. Sanat filmi yapacak olan komedyenin, yeni projesinde Bar\u0131\u015f Ardu\u00e7 ve \u00c7a\u011fatay Ulusoy\u2019u bulu\u015fturaca\u011f\u0131 \u00f6\u011frenildi. Cem Y\u0131lmaz, yeni projesi i\u00e7in kollar\u0131 s\u0131vad\u0131. Ge\u00e7ti\u011fimiz g\u00fcn\u00a0Arif V 216&#8217;n\u0131n g\u00f6sterimi i\u00e7in\u00a0\u0130zmir&#8217;de hayranlar\u0131yla bulu\u015fan komedyen, etkinli\u011fe\u00a0\u00c7a\u011fatay Ulusoy\u00a0ile\u00a0Bar\u0131\u015f Ardu\u00e7&#8216;u da davet etti. G\u00f6sterimin ard\u0131ndan yak\u0131\u015f\u0131kl\u0131 oyuncularla uzun uzun sohbet [&hellip;]<\/p>\n","protected":false},"author":3,"featured_media":21734,"comment_status":"open","ping_status":"open","sticky":false,"template":"","format":"standard","meta":{"footnotes":""},"categories":[10],"tags":[744,15,732,568,1478],"class_list":["post-21712","post","type-post","status-publish","format-standard","has-post-thumbnail","hentry","category-sinema","tag-baris-arduc","tag-cagatay-ulusoy","tag-cem-yilmaz","tag-elcin-sangu","tag-netflix"],"views":3080,"blog_post_layout_featured_media_urls":{"thumbnail":["https:\/\/balcilar-blog.com\/wp-content\/uploads\/2018\/02\/cats-CEM-YILMAZ-150x150.jpg",150,150,true],"full":["https:\/\/balcilar-blog.com\/wp-content\/uploads\/2018\/02\/cats-CEM-YILMAZ.jpg",490,480,false]},"categories_names":{"10":{"name":"Sinema","link":"https:\/\/balcilar-blog.com\/?cat=10"}},"tags_names":{"744":{"name":"Bar\u0131\u015f Ardu\u00e7","link":"https:\/\/balcilar-blog.com\/?tag=baris-arduc"},"15":{"name":"\u00e7a\u011fatay ulusoy","link":"https:\/\/balcilar-blog.com\/?tag=cagatay-ulusoy"},"732":{"name":"Cem Y\u0131lmaz","link":"https:\/\/balcilar-blog.com\/?tag=cem-yilmaz"},"568":{"name":"El\u00e7in Sangu","link":"https:\/\/balcilar-blog.com\/?tag=elcin-sangu"},"1478":{"name":"Netflix","link":"https:\/\/balcilar-blog.com\/?tag=netflix"}},"comments_number":"0","wpmagazine_modules_lite_featured_media_urls":{"thumbnail":["https:\/\/balcilar-blog.com\/wp-content\/uploads\/2018\/02\/cats-CEM-YILMAZ-150x150.jpg",150,150,true],"cvmm-medium":["https:\/\/balcilar-blog.com\/wp-content\/uploads\/2018\/02\/cats-CEM-YILMAZ.jpg",300,294,false],"cvmm-medium-plus":["https:\/\/balcilar-blog.com\/wp-content\/uploads\/2018\/02\/cats-CEM-YILMAZ.jpg",211,207,false],"cvmm-portrait":["https:\/\/balcilar-blog.com\/wp-content\/uploads\/2018\/02\/cats-CEM-YILMAZ.jpg",400,392,false],"cvmm-medium-square":["https:\/\/balcilar-blog.com\/wp-content\/uploads\/2018\/02\/cats-CEM-YILMAZ.jpg",490,480,false],"cvmm-large":["https:\/\/balcilar-blog.com\/wp-content\/uploads\/2018\/02\/cats-CEM-YILMAZ.jpg",490,480,false],"cvmm-small":["https:\/\/balcilar-blog.com\/wp-content\/uploads\/2018\/02\/cats-CEM-YILMAZ.jpg",97,95,false],"full":["https:\/\/balcilar-blog.com\/wp-content\/uploads\/2018\/02\/cats-CEM-YILMAZ.jpg",490,480,false]},"_links":{"self":[{"href":"https:\/\/balcilar-blog.com\/index.php?rest_route=\/wp\/v2\/posts\/21712","targetHints":{"allow":["GET"]}}],"collection":[{"href":"https:\/\/balcilar-blog.com\/index.php?rest_route=\/wp\/v2\/posts"}],"about":[{"href":"https:\/\/balcilar-blog.com\/index.php?rest_route=\/wp\/v2\/types\/post"}],"author":[{"embeddable":true,"href":"https:\/\/balcilar-blog.com\/index.php?rest_route=\/wp\/v2\/users\/3"}],"replies":[{"embeddable":true,"href":"https:\/\/balcilar-blog.com\/index.php?rest_route=%2Fwp%2Fv2%2Fcomments&post=21712"}],"version-history":[{"count":5,"href":"https:\/\/balcilar-blog.com\/index.php?rest_route=\/wp\/v2\/posts\/21712\/revisions"}],"predecessor-version":[{"id":21736,"href":"https:\/\/balcilar-blog.com\/index.php?rest_route=\/wp\/v2\/posts\/21712\/revisions\/21736"}],"wp:featuredmedia":[{"embeddable":true,"href":"https:\/\/balcilar-blog.com\/index.php?rest_route=\/wp\/v2\/media\/21734"}],"wp:attachment":[{"href":"https:\/\/balcilar-blog.com\/index.php?rest_route=%2Fwp%2Fv2%2Fmedia&parent=21712"}],"wp:term":[{"taxonomy":"category","embeddable":true,"href":"https:\/\/balcilar-blog.com\/index.php?rest_route=%2Fwp%2Fv2%2Fcategories&post=21712"},{"taxonomy":"post_tag","embeddable":true,"href":"https:\/\/balcilar-blog.com\/index.php?rest_route=%2Fwp%2Fv2%2Ftags&post=21712"}],"curies":[{"name":"wp","href":"https:\/\/api.w.org\/{rel}","templated":true}]}}