{"id":21700,"date":"2018-02-26T12:41:22","date_gmt":"2018-02-26T10:41:22","guid":{"rendered":"http:\/\/balcilar-blog.com\/?p=21700"},"modified":"2018-02-26T13:03:45","modified_gmt":"2018-02-26T11:03:45","slug":"gecen-haftanin-19-25-subat-2018-en-cok-izlenen-dizileri","status":"publish","type":"post","link":"https:\/\/balcilar-blog.com\/?p=21700","title":{"rendered":"Ge\u00e7en Haftan\u0131n (19 &#8211; 25 \u015eubat 2018) En \u00c7ok \u0130zlenen Dizileri!"},"content":{"rendered":"<p><img loading=\"lazy\" decoding=\"async\" class=\"alignnone size-full wp-image-21708\" src=\"http:\/\/balcilar-blog.com\/wp-content\/uploads\/2018\/02\/cats-26-\u015eUBAT.jpg\" alt=\"\" width=\"640\" height=\"349\" srcset=\"https:\/\/balcilar-blog.com\/wp-content\/uploads\/2018\/02\/cats-26-\u015eUBAT.jpg 640w, https:\/\/balcilar-blog.com\/wp-content\/uploads\/2018\/02\/cats-26-\u015eUBAT-300x164.jpg 300w\" sizes=\"auto, (max-width: 640px) 100vw, 640px\" \/><\/p>\n<p>TNS \u00f6l\u00e7\u00fcmlerine g\u00f6re haz\u0131rlad\u0131\u011f\u0131m <strong>19 &#8211; 25 \u015eubat 2018<\/strong>\u00a0Tarihleri aras\u0131nda en \u00e7ok seyredilen alt\u0131 Ulusal kanallar\u0131m\u0131zda ekranlar\u0131m\u0131za gelen 33 dizi aras\u0131nda, Total\u2019de ve AB\u2019de ilk ona giren, haftan\u0131n dizi karnesini a\u015fa\u011f\u0131da bilgilerinize sunuyorum.<\/p>\n<p><strong>Ge\u00e7en Hafta G\u00f6sterimdeki Diziler :<\/strong><\/p>\n<p>\u00c7ukur, S\u00f6z, K\u0131rg\u0131n \u00c7i\u00e7ekler, Siyah Beyaz A\u015fk, Kad\u0131n, E\u015fk\u0131ya D\u00fcnyaya H\u00fck\u00fcmdar Olmaz, Ufak Tefek Cinayetler, K\u0131zlar\u0131m \u0130\u00e7in, Alija, Dirili\u015f Ertu\u011frul, Meryem, Sen Anlat Karadeniz, Bizim Hikaye, Kanats\u0131z Ku\u015flar, Vatan\u0131m Sensin,\u00a0 Yuvamdaki D\u00fc\u015fman, Arka Sokaklar, A\u015fk ve Mavi, \u0130stanbullu Gelin, \u015eevkat Yerimdar, Payitaht Abd\u00fclhamid,\u00a0Yeni Gelin, Kalbimdeki Deniz, Fazilet Han\u0131m ve K\u0131zlar\u0131, Bahtiyar \u00d6lmez, Kalk Gidelim, G\u00fclizar, Ad\u0131 Zehra, Sava\u015f\u00e7\u0131, \u00c7ocuklar Duymas\u0131n, Cennetin g\u00f6z Ya\u015flar\u0131, Jet Sosyete ve Aslan Ailem dizilerinin yeni b\u00f6l\u00fcmleri yay\u0131nland\u0131.<\/p>\n<p>&nbsp;<\/p>\n<p><strong>HAFTANIN D\u0130Z\u0130LER\u0130NDE ;<\/strong><\/p>\n<p><strong>Total\u2019in ilk s\u0131ras\u0131nda<\/strong> bu hafta <strong>Sen Anlat Karadeniz<\/strong> 5.b\u00f6l\u00fcm\u00fcnde ald\u0131\u011f\u0131 21,36 reyting puan\u0131 ile bu haftada ilk s\u0131rada yer ald\u0131. Total&#8217;in 10.s\u0131ras\u0131nda Atv Tv&#8217;nin A\u015fk ve Mavi dizisi ald\u0131\u011f\u0131\u00a0 7,22 puanla yer ald\u0131.<\/p>\n<p><strong>AB\u2019nin ilk s\u0131ras\u0131nda;<\/strong>\u00a0 Bu hafta &#8220;<strong>Dirili\u015f Ertu\u011frul<\/strong>&#8221; 107.b\u00f6l\u00fcm\u00fcnde ald\u0131\u011f\u0131 19,14 puanla AB&#8217;nin birinci s\u0131rada tekrar\u00a0 yer ald\u0131. TRT1&#8217;in &#8220;Mehmet\u00e7ik Kut&#8217;\u00fcl Amare&#8221; dizisi AB&#8217;de ald\u0131\u011f\u0131 6,84 puanla 10.s\u0131rada yer al\u0131yor.<\/p>\n<p>&nbsp;<\/p>\n<p><strong>BU HAFTA EN \u00c7OK \u0130ZLENEN \u0130LK ONA G\u0130REN D\u0130Z\u0130LERE G\u00d6Z ATALIM!<\/strong><\/p>\n<p>Bu s\u0131ralama sadece dizilerin reytingler y\u00fczdesine g\u00f6re en \u00e7ok izlenen dizilerin ilk 10\u2019da yer alanlar\u0131n\u0131 s\u0131ralamaya koyuyorum. Yar\u0131\u015fma, e\u011flence ve haber programlar\u0131 y\u00fczdeleri y\u00fcksek olsa da bu s\u0131ralamaya koymuyorum. Bu sadece dizilerin yar\u0131\u015f\u0131d\u0131r, en \u00e7ok izlenen dizilerin s\u0131ralamas\u0131d\u0131r. Bir nevi dizilerin karnesidir.<\/p>\n<p>&nbsp;<\/p>\n<p><strong>Ge\u00e7en Haftan\u0131n En \u00c7ok \u0130zlenen Dizileri:<\/strong><\/p>\n<p><strong>Total ilk 10 :<\/strong><\/p>\n<p>1.Sen Anlat Karadeniz (Atv) 5.B\u00f6l\u00fcm&#8230;&#8230;&#8230;&#8230;&#8230;&#8230;&#8230;&#8230;&#8230;.21,36 &#8211; 40,78<\/p>\n<p>2.Dirili\u015f Ertu\u011frul\u00a0 107.B\u00f6l\u00fcm (TRT1)&#8230;&#8230;&#8230;&#8230;&#8230;&#8230;&#8230;&#8230;&#8230;.14,47 &#8211; 27,28<\/p>\n<p>3.\u00c7ukur 17.B\u00f6l\u00fcm (Show Tv)&#8230;&#8230;&#8230;&#8230;&#8230;&#8230;&#8230;&#8230;&#8230;&#8230;&#8230;&#8230;&#8230;..11,70 &#8211; 2427<\/p>\n<p>4.S\u00f6z 34.B\u00f6l\u00fcm (Star Tv)&#8230;&#8230;&#8230;&#8230;&#8230;&#8230;&#8230;&#8230;&#8230;&#8230;&#8230;&#8230;&#8230;&#8230;&#8230;..11,52 &#8211; 23,93<\/p>\n<p>5.Kad\u0131n 17.B\u00f6l\u00fcm (Fox Tv)&#8230;&#8230;&#8230;&#8230;&#8230;&#8230;&#8230;&#8230;&#8230;&#8230;&#8230;&#8230;&#8230;&#8230;&#8230;10,23 &#8211; 20,96<\/p>\n<p>6.Arka Sokaklar 470.B\u00f6l\u00fcm (Kanal D)&#8230;&#8230;&#8230;&#8230;&#8230;&#8230;&#8230;&#8230;&#8230;.8,43 &#8211; 17,24<\/p>\n<p>7.Sava\u015f\u00e7\u0131 33.B\u00f6l\u00fcm (Fox Tv)&#8230;&#8230;&#8230;&#8230;&#8230;&#8230;&#8230;&#8230;&#8230;&#8230;&#8230;&#8230;&#8230;&#8230;..8,28 &#8211; 17,19<\/p>\n<p>8.Bizim Hikaye 23.B\u00f6l\u00fcm (Fox Tv)&#8230;&#8230;&#8230;&#8230;&#8230;&#8230;&#8230;&#8230;&#8230;&#8230;&#8230;8,08 &#8211; 17,99<\/p>\n<p>9.E\u015fk\u0131ya D\u00fcnyaya H\u00fck\u00fcmdar Olmaz 91.B\u00f6l\u00fcm (Atv)&#8230;.7,79 &#8211; 16,41<\/p>\n<p>10.A\u015fk ve Mavi 54.B\u00f6l\u00fcm (Atv)&#8230;&#8230;&#8230;&#8230;&#8230;&#8230;&#8230;&#8230;&#8230;&#8230;&#8230;&#8230;&#8230;.7,22 &#8211; 15,05<\/p>\n<p>&nbsp;<\/p>\n<p><strong>AB\u2019de ilk 10 :<\/strong><\/p>\n<p>1-Dirili\u015f Ertu\u011frul 107.B\u00f6l\u00fcm (TRT1)&#8230;&#8230;&#8230;&#8230;&#8230;&#8230;&#8230;&#8230;&#8230;&#8230;19,14 &#8211; 35,51<\/p>\n<p>2.Sen Anlat Karadeniz 5.B\u00f6l\u00fcm (Atv)&#8230;&#8230;&#8230;&#8230;&#8230;&#8230;&#8230;&#8230;&#8230;..14,85 &#8211; 27,86<\/p>\n<p>3.\u00c7ukur 17.B\u00f6l\u00fcm (Show Tv)&#8230;&#8230;&#8230;&#8230;&#8230;&#8230;&#8230;&#8230;&#8230;&#8230;&#8230;&#8230;&#8230;&#8230;14,09 &#8211; 30,16<\/p>\n<p>4.Kad\u0131n 17.B\u00f6l\u00fcm (Star Tv)&#8230;&#8230;&#8230;&#8230;&#8230;&#8230;&#8230;&#8230;&#8230;&#8230;&#8230;&#8230;&#8230;&#8230;&#8230;9,91 &#8211; 19,97<\/p>\n<p>5.\u0130stanbullu Gelin 38.B\u00f6l\u00fcm (Star Tv)&#8230;&#8230;&#8230;&#8230;&#8230;&#8230;&#8230;&#8230;&#8230;..9,65 &#8211; 19,93<\/p>\n<p>6.Ufak Tefek Cinayetler 17.B\u00f6l\u00fcm (Star Tv)&#8230;&#8230;&#8230;&#8230;&#8230;&#8230;&#8230;9,13 &#8211; 18,58<\/p>\n<p>7.S\u00f6z 34.B\u00f6l\u00fcm (Star Tv)&#8230;&#8230;&#8230;&#8230;&#8230;&#8230;&#8230;&#8230;&#8230;&#8230;&#8230;&#8230;&#8230;&#8230;&#8230;&#8230;..8,70 &#8211; 18,69<\/p>\n<p>8.Vatan\u0131m Sensin 46.B\u00f6l\u00fcm (Kanal D)&#8230;&#8230;&#8230;&#8230;&#8230;&#8230;&#8230;&#8230;&#8230;.8,55 &#8211; 19,55<\/p>\n<p>9.Payitaht Abd\u00fclhamit 39.B\u00f6l\u00fcm (TRT1)&#8230;&#8230;&#8230;&#8230;&#8230;&#8230;&#8230;&#8230;7,66 &#8211; 15,82<\/p>\n<p>10.Mehmet\u00e7ik Kut&#8217;\u00fcl Amare 5.B\u00f6l\u00fcm (TRT1)&#8230;&#8230;&#8230;&#8230;&#8230;..6,84 &#8211; 15,46<\/p>\n<p>&nbsp;<\/p>\n<p><strong>TOTAL ve AB Grubunda reytingleri en y\u00fcksek olan Haftan\u0131n ilk 5 s\u0131ralamas\u0131 :<\/strong><\/p>\n<p>&nbsp;<\/p>\n<p><strong>1.SEN ANLAT KARADEN\u0130Z<\/strong> : Atv&#8217;nin yeni dizisi\u00a0 bu hafta da 5.b\u00f6l\u00fcm\u00fc ile haftan\u0131n dizileri aras\u0131na Total&#8217;de ald\u0131\u011f\u0131 21,36 puanla birincili\u011fini devam ettiriyor. \u0130ki haftad\u0131r Dirili\u015f Ertu\u011frul dizisinin taht\u0131na oturdu.<\/p>\n<p><img loading=\"lazy\" decoding=\"async\" class=\"alignnone size-full wp-image-21703\" src=\"http:\/\/balcilar-blog.com\/wp-content\/uploads\/2018\/02\/0x0-5-bolum-foto-galeri-1519110793983.jpg\" alt=\"\" width=\"640\" height=\"427\" srcset=\"https:\/\/balcilar-blog.com\/wp-content\/uploads\/2018\/02\/0x0-5-bolum-foto-galeri-1519110793983.jpg 640w, https:\/\/balcilar-blog.com\/wp-content\/uploads\/2018\/02\/0x0-5-bolum-foto-galeri-1519110793983-300x200.jpg 300w\" sizes=\"auto, (max-width: 640px) 100vw, 640px\" \/><\/p>\n<p><strong>Tahir\u00a0pes etmiyor!<\/strong><\/p>\n<p>Nefes\u00a0ve Yi\u011fit&#8217;in Rusya&#8217;daki \u00f6zg\u00fcrl\u00fck hayalleri,\u00a0Vedat&#8217;\u0131n onlar\u0131 yakalamas\u0131yla suya d\u00fc\u015fer.\u00a0Tahir, Batum&#8217;da\u00a0Nefes&#8217;ten gelecek &#8220;sa\u011f salim vard\u0131k&#8221; haberini beklerken,\u00a0Vedat,\u00a0Nefes&#8217;ten o\u011flunu da ay\u0131r\u0131r, Yi\u011fit&#8217;i annesinin kollar\u0131ndan kopar\u0131p \u0130stanbul&#8217;a g\u00f6nderir.\u00a0Nefes\u00a0\u015fimdi yabanc\u0131 bir memlekette yapayaln\u0131z\u00a0Vedat&#8217;\u0131n zalim ellerindedir.<\/p>\n<p>Tahir\u00a0ise y\u00fczlerce kilometre \u00f6teden \u00e7ok ac\u0131 bir \u015fekilde Nefes&#8217;in her \u00e7\u0131\u011fl\u0131\u011f\u0131na tan\u0131k olur. Nefes&#8217;in Yi\u011fit&#8217;i kendisine emanet etti\u011fini duyar ve\u00a0Vedat&#8217;\u0131n silah\u0131ndan \u00e7\u0131kan merminin sesiyle b\u00fcy\u00fck bir karanl\u0131\u011f\u0131n i\u00e7ine g\u00f6m\u00fcl\u00fcr. Art\u0131k hayat\u0131n\u0131n tek bir amac\u0131 vard\u0131r. \u00d6l\u00fc ya da diri, Nefes&#8217;i Vedat&#8217;\u0131n ellerinden almak ve Yi\u011fit&#8217;i kurtarmak.<\/p>\n<p>Karadeniz&#8217;de ise, Mustafa karde\u015finin hayat\u0131 kar\u015f\u0131l\u0131\u011f\u0131nda ka\u00e7\u0131rd\u0131\u011f\u0131 Ey\u015fan&#8217;la u\u011fra\u015f\u0131rken, Asiye hi\u00e7 istemedi\u011fi eltisi Mercan&#8217;a boh\u00e7a g\u00f6t\u00fcrmek zorunda kal\u0131r ve elbette Asiyeli\u011fini yapar. Ancak \u00e7ok ge\u00e7meden gelen bir mesaj, Asiye&#8217;nin y\u00fcre\u011finde b\u00fcy\u00fck bir yang\u0131n\u0131 ba\u015flat\u0131r. Kocas\u0131 onu ba\u015fka bir kad\u0131nla aldatmaktad\u0131r! Asiye tabancas\u0131n\u0131 kapt\u0131\u011f\u0131 gibi Mustafa&#8217;s\u0131n\u0131n pe\u015fine d\u00fc\u015fer.<\/p>\n<p>&nbsp;<\/p>\n<p><strong>2.D\u0130R\u0130L\u0130\u015e ERTU\u011eRUL<\/strong> : TRT1&#8217;in sevilen dizisi AB&#8217;de ald\u0131\u011f\u0131 21,36 reyting puan\u0131 ile bu hafta da 2.s\u0131rada yer al\u0131yor.<\/p>\n<p><img loading=\"lazy\" decoding=\"async\" class=\"alignnone size-full wp-image-21702\" src=\"http:\/\/balcilar-blog.com\/wp-content\/uploads\/2018\/02\/dirilis-ertugrul-107-bolum-24.jpg\" alt=\"\" width=\"640\" height=\"387\" srcset=\"https:\/\/balcilar-blog.com\/wp-content\/uploads\/2018\/02\/dirilis-ertugrul-107-bolum-24.jpg 640w, https:\/\/balcilar-blog.com\/wp-content\/uploads\/2018\/02\/dirilis-ertugrul-107-bolum-24-300x181.jpg 300w\" sizes=\"auto, (max-width: 640px) 100vw, 640px\" \/><\/p>\n<p>Ertu\u011frul, saraya Halime ile birlikte gelmi\u015f, Ares\u2019i getirdi\u011fini kimseye belli etmemi\u015fti. Ares\u2019in Emir Saadeddin\u2019le yapt\u0131\u011f\u0131 i\u015fbirli\u011fini sultan\u0131n huzurunda itiraf ettirmek isteyen Ertu\u011frul, huzura \u00e7\u0131kt\u0131\u011f\u0131nda Ares\u2019i getirtmi\u015f, ba\u015fta Emir Saadeddin olmak \u00fczere herkes neye u\u011frad\u0131\u011f\u0131n\u0131 \u015fa\u015f\u0131rm\u0131\u015ft\u0131. Emir Saadeddin\u2019le yapt\u0131\u011f\u0131 i\u015fbirli\u011fini sultan\u0131n huzurunda bir bir anlatan Ares, Ertu\u011frul\u2019un b\u00fct\u00fcn iddialar\u0131n\u0131 do\u011frulam\u0131\u015ft\u0131.<\/p>\n<p>Sultan, Ares\u2019in itiraflar\u0131ndan sonra ne yapacak? Emir Saadeddin\u2019e ne ceza verecek? Sultan, Emir Saadeddin\u2019i idam edecek mi? Yoksa Emir Saadeddin kurtulman\u0131n bir yolunu bulabilecek mi?<\/p>\n<p>Ertu\u011frul\u2019un bundan sonraki hamleleri ne olacak? Sultan\u0131n hatunu Mahperi ve Atabe\u011fi Altunaba, ya\u015fananlar kar\u015f\u0131s\u0131nda Ertu\u011frul\u2019a ne yapacak? Ertu\u011frul, saray oyunlar\u0131n\u0131 bertaraf edebilecek mi? Mahperi ve Altunaba\u2019n\u0131n taht oyunlar\u0131na kar\u015f\u0131 nas\u0131l m\u00fccadele edecek?<\/p>\n<p>Turgut, Ertu\u011frul\u2019un buyru\u011funa ve Bams\u0131\u2019n\u0131n \u0131srarlar\u0131na ra\u011fmen \u00c7avdar Obas\u0131\u2019n\u0131 Kay\u0131 Obas\u0131\u2019na uzak bir yere kurmu\u015ftu. Bunu Marya arac\u0131l\u0131\u011f\u0131yla \u00f6\u011frenen Titan ve Angelos ise iki oba aras\u0131ndaki yola bask\u0131n vermi\u015f, Asl\u0131han ve Hafsa\u2019y\u0131 ele ge\u00e7irmi\u015flerdi. Haberi duyduktan sonra \u00e7\u0131lg\u0131na d\u00f6nen Bams\u0131, Turgut\u2019u su\u00e7lam\u0131\u015f, ikili aras\u0131ndaki gerilim artm\u0131\u015ft\u0131. Bams\u0131 ve Turgut, Asl\u0131han ile Hafsa\u2019y\u0131 kurtarabilecek mi? Hamile olan Hafsa\u2019ya ne olacak? Bebe\u011fini kaybedecek mi?<\/p>\n<p><strong>3.\u00c7UKUR<\/strong>\u00a0: Show Tv&#8217;nin fenomen dizisi bu hafta 17.b\u00f6l\u00fcm\u00fcnde 3.s\u0131radaki yerini koruyor. Haftan\u0131n dizileri aras\u0131nda AB&#8217;de ald\u0131\u011f\u0131 14,09 reyting puan\u0131 ile 3.s\u0131rada yerini kuruyor.<\/p>\n<p><img loading=\"lazy\" decoding=\"async\" class=\"alignnone size-full wp-image-21704\" src=\"http:\/\/balcilar-blog.com\/wp-content\/uploads\/2018\/02\/31c334a3337175cd8725fdff673705cc_840.jpg\" alt=\"\" width=\"640\" height=\"347\" srcset=\"https:\/\/balcilar-blog.com\/wp-content\/uploads\/2018\/02\/31c334a3337175cd8725fdff673705cc_840.jpg 640w, https:\/\/balcilar-blog.com\/wp-content\/uploads\/2018\/02\/31c334a3337175cd8725fdff673705cc_840-300x163.jpg 300w\" sizes=\"auto, (max-width: 640px) 100vw, 640px\" \/><\/p>\n<p>\u00c7ukur\u2019un 17. b\u00f6l\u00fcm\u00fcnde; Vartolu\u2019nun evinden \u00e7\u0131kan cenaze t\u00fcm dengeleri sonsuza kadar de\u011fi\u015ftirecektir. \u00c7ukur\u2019daki y\u00fczle\u015fme serisi hi\u00e7 olmad\u0131\u011f\u0131 kadar sert devam edecektir. \u00c7ukur\u2019a gelen davetsiz misafir f\u0131rt\u0131na etkisi yaratacakt\u0131r. Ba\u015fta Yama\u00e7, Sena ve \u0130dris olmak \u00fczere herkes ba\u015f\u0131na geleceklerden bihaberdir. \u00c7ukur\u2019da dengelerin sars\u0131ld\u0131\u011f\u0131, \u00e7alkant\u0131l\u0131 bir d\u00f6nem ba\u015fl\u0131yor. Sena&#8217;n\u0131n da abisi olan \u00e7\u0131lg\u0131n polis Komiser Emrah (Alperen Duymaz) \u00c7ukur&#8217;a geliyor. Ortal\u0131k bir anda kar\u0131\u015f\u0131yor. Sena a\u011fabeyi ile s\u00fcrpriz kar\u015f\u0131lamas\u0131 onu a\u011flat\u0131r. (1)<\/p>\n<p><img loading=\"lazy\" decoding=\"async\" class=\"alignnone size-full wp-image-21705\" src=\"http:\/\/balcilar-blog.com\/wp-content\/uploads\/2018\/02\/90c490bf689a393d57783b37b3bd2d33_840.jpg\" alt=\"\" width=\"640\" height=\"393\" srcset=\"https:\/\/balcilar-blog.com\/wp-content\/uploads\/2018\/02\/90c490bf689a393d57783b37b3bd2d33_840.jpg 640w, https:\/\/balcilar-blog.com\/wp-content\/uploads\/2018\/02\/90c490bf689a393d57783b37b3bd2d33_840-300x184.jpg 300w\" sizes=\"auto, (max-width: 640px) 100vw, 640px\" \/><\/p>\n<p>&nbsp;<\/p>\n<p><strong>\u00a04.S\u00d6Z<\/strong> : Star Tv\u2019nin S\u00f6z dizisi 34.b\u00f6l\u00fcm\u00fcnde Total\u2019de ald\u0131\u011f\u0131 11,70 reyting puan\u0131 ile haftan\u0131n dizileri aras\u0131nda bu hafta da 4.s\u0131rada yer al\u0131yor.<\/p>\n<p><img loading=\"lazy\" decoding=\"async\" class=\"alignnone size-full wp-image-21706\" src=\"http:\/\/balcilar-blog.com\/wp-content\/uploads\/2018\/02\/77631.jpg\" alt=\"\" width=\"640\" height=\"436\" srcset=\"https:\/\/balcilar-blog.com\/wp-content\/uploads\/2018\/02\/77631.jpg 640w, https:\/\/balcilar-blog.com\/wp-content\/uploads\/2018\/02\/77631-300x204.jpg 300w\" sizes=\"auto, (max-width: 640px) 100vw, 640px\" \/><\/p>\n<p><strong>Nazl\u0131\u2019n\u0131n hayat\u0131 Timin yeti\u015fmesine ba\u011fl\u0131&#8230;<\/strong><br \/>\nD\u00f6rt bir yan\u0131 ter\u00f6ristler taraf\u0131ndan sar\u0131lan Tim k\u00f6\u015feye s\u0131k\u0131\u015fm\u0131\u015ft\u0131r. Amans\u0131z bir m\u00fccadelenin tam ortas\u0131ndayken Agah&#8217;\u0131n s\u00fcrpriz plan\u0131 b\u00fct\u00fcn dengeleri de\u011fi\u015ftirir.<\/p>\n<p>Derman&#8217;\u0131n emriyle adamlar\u0131 hemen harekete ge\u00e7er. Derman&#8217;\u0131n adam\u0131n\u0131 te\u015fhis eden Nazl\u0131, hain bir tuzakla ka\u00e7\u0131r\u0131l\u0131r. Tim hemen harekete ge\u00e7er. Karabatak yaral\u0131 olmas\u0131na ra\u011fmen can\u0131n\u0131 di\u015fine tak\u0131p Nazl\u0131&#8217;y\u0131 bulmak i\u00e7in yemin eder. Zamana kar\u015f\u0131 k\u0131yas\u0131ya bir yar\u0131\u015f ba\u015flar. E\u011fer Tim zaman\u0131nda yeti\u015femezse Nazl\u0131&#8217;n\u0131n hayat\u0131 sona erecektir.<\/p>\n<p>Bu s\u0131rada Yavuz da annesinin katiliyle ilgili babas\u0131ndan \u015fok edici bir bilgi \u00f6\u011frenir.<\/p>\n<p>Ke\u015fif ekibine kat\u0131lan Ke\u015fanl\u0131 ve \u00c7aylak ise beklemedikleri bir sald\u0131r\u0131yla kar\u015f\u0131 kar\u015f\u0131ya kal\u0131rlar. \u00c7atlak a\u011f\u0131r yaralan\u0131r. \u00dcstelik bir harabede s\u0131k\u0131\u015f\u0131rlar ve yard\u0131m \u00e7a\u011fr\u0131lar\u0131n\u0131 kimse duyamaz. \u00c7aylak, Ke\u015fanl\u0131&#8217;n\u0131n kollar\u0131nda \u015fehit olmak \u00fczeredir.<\/p>\n<p><strong>5.KADIN<\/strong>\u00a0: Fox Tv&#8217;nin ilgi \u00e7eken dizisi Kad\u0131n, Star Tv&#8217;nin Ufak Tefek Cinayetler dizisi ile yer de\u011fi\u015ftirdi 5.s\u0131rada yer ald\u0131. AB&#8217;de ald\u0131\u011f\u0131 10,23 reyting puan\u0131 ile haftan\u0131n dizileri aras\u0131na bu hafta 5.s\u0131radan girdi.<\/p>\n<p><img loading=\"lazy\" decoding=\"async\" class=\"alignnone size-full wp-image-21707\" src=\"http:\/\/balcilar-blog.com\/wp-content\/uploads\/2018\/02\/Kadin-4358-galeri-resi.jpg\" alt=\"\" width=\"640\" height=\"360\" srcset=\"https:\/\/balcilar-blog.com\/wp-content\/uploads\/2018\/02\/Kadin-4358-galeri-resi.jpg 640w, https:\/\/balcilar-blog.com\/wp-content\/uploads\/2018\/02\/Kadin-4358-galeri-resi-300x169.jpg 300w\" sizes=\"auto, (max-width: 640px) 100vw, 640px\" \/><\/p>\n<p><strong>\u015eirin&#8217;in t\u00fcm yalanlar\u0131 bir bir ortaya \u00e7\u0131karken k\u0131zlar\u0131 aras\u0131nda kalan Hatice ne yapacak?\u00a0<\/strong><\/p>\n<p>\u015eirin y\u00fcz\u00fcnden Bahar\u2019\u0131n evden gitmesini isteyen Hatice, Bahar\u2019\u0131n tepkisi kar\u015f\u0131s\u0131nda ne yapaca\u011f\u0131n\u0131 bilemez ve utan\u0131r. \u015eirin\u2019in yalanlar\u0131ndan s\u0131k\u0131lan Enver ise Hikmet\u2019ten \u00f6\u011frendiklerinden sonra \u015eirin\u2019e olan \u00f6fkesine engel olamaz. Enver, art\u0131k \u015eirin\u2019in hi\u00e7bir s\u00f6yledi\u011fine inanmamaya karar verir ve \u015eirin ile aras\u0131na mesafe koyar. Bahar\u2019\u0131n her k\u00f6t\u00fc g\u00fcn\u00fcnde yan\u0131nda olan Arif\u2019in, bu kez Bahar\u2019\u0131n yan\u0131nda olmas\u0131na ihtiyac\u0131 vard\u0131r. Bu k\u00f6t\u00fc olay ise Bahar ve Arif\u2019i biraz daha yak\u0131nla\u015ft\u0131r\u0131r. \u015eirin t\u00fcm olanlardan sonra s\u00f6yledi\u011fi yalanlar\u0131 d\u00fczeltmek yerine bir hamle daha yapar. Bunun fark\u0131na varan Enver, \u015eirin\u2019in de\u011fil Bahar\u2019\u0131n yan\u0131nda olmaya karar verir. Eski evine d\u00f6nmeye karar veren Bahar\u2019\u0131 ise zor g\u00fcnler beklemektedir.<\/p>\n<p>&nbsp;<\/p>\n<p><strong>HER \u0130K\u0130 KATEGOR\u0130DE \u0130LK ON&#8217;DA YER ALAN D\u0130Z\u0130LER :<\/strong><\/p>\n<p>\u00c7ukur (Show),\u00a0 S\u00f6z (Star), Kad\u0131n (fox), Dirili\u015f Ertu\u011frul (TRT1) ve Sen Anlat Karadeniz (Atv) her iki grupta yer alan diziler olmu\u015ftur.<\/p>\n<p>&nbsp;<\/p>\n<p><strong>KANALLARA G\u00d6RE SIRALAMAYA G\u00d6Z ATARSAK:<\/strong><\/p>\n<p><strong>Total grubunda ilk onda<\/strong>: Atv ve Fox Tv . 3 dizi.\u00a0 Star Tv, TRT1, Show Tv\u00a0 ve Kanal D birer dizi ile yer alm\u0131\u015ft\u0131r.<\/p>\n<p><strong>AB\u2019de ilk onda<\/strong>: Star Tv 4 dizi,\u00a0 TRT1 3 dizi. Atv, Show Tv ve Kanal D birer\u00a0 dizi ile yer alm\u0131\u015ft\u0131r<\/p>\n<p><strong>Bu haftan\u0131n kanal\u0131; Star Tv<\/strong>. AB&#8217;de 4 dizi\u00a0ve Total&#8217;de 1 dizi\u00a0 ile\u00a0haftan\u0131n kanal\u0131 olmu\u015ftur.<\/p>\n<p>Bu hafta ge\u00e7en haftan\u0131n kopyas\u0131 gibi oldu\u011funu g\u00f6r\u00fcyoruz. S\u0131ralama neredeyse hi\u00e7 de\u011fi\u015fmiyor. \u0130zleyici be\u011fendi\u011fi diziyi her hafta takip ediyor.<\/p>\n<p>Keyifli Seyirler&#8230;<\/p>\n<p>Sayg\u0131lar ve sevgiler.<\/p>\n<div id=\"mCSB_1_container\" class=\"mCSB_container\" dir=\"ltr\">\n<div class=\"etiket\">\n<p>Abdurrahman Balc\u0131lar<\/p>\n<p>Twitter:\u00a0<a href=\"https:\/\/twitter.com\/abbalcilar\">abdurrahman balc\u0131lar<\/a><a href=\"https:\/\/twitter.com\/abbalcilar\"><strong>@abbalcilar<\/strong><\/a><\/p>\n<p>Mail :\u00a0<a href=\"mailto:ab.balcilar@hotmail.com\">ab.balcilar@hotmail.com<\/a><\/p>\n<p>Blog:\u00a0<a href=\"http:\/\/t.co\/znqmIZgIqn\">blog.milliyet.com.tr\/cansever<\/a><\/p>\n<p>Blog:\u00a0<a href=\"http:\/\/balcilar-blog.com\/\">Abdurrahman Balc\u0131lar Blog Sayfas\u0131<\/a><\/p>\n<p>(1) :\u00a0https:\/\/www.youtube.com\/watch?v=XCXDl5kkfi0<\/p>\n<p>Not: Dizi reytingleri TNS \u00f6l\u00e7\u00fcmlerinden, g\u00f6rseller ve diziler hakk\u0131nda bilgi dizi tan\u0131t\u0131m sayfalar\u0131ndan al\u0131nm\u0131\u015ft\u0131r.<\/p>\n<p><strong>*\u015eahsi Blog sayfamda ve Milliyet Blog\u2019da yay\u0131nlanan blog yaz\u0131lar\u0131 b\u00fcy\u00fck bir \u00e7al\u0131\u015fman\u0131n \u00fcr\u00fcn\u00fc olup, izinsiz ya da kaynak g\u00f6stermeden al\u0131nt\u0131 yap\u0131lamaz. Aksi halde kanuni i\u015flem yap\u0131l\u0131r.<\/strong><\/p>\n<\/div>\n<\/div>\n","protected":false},"excerpt":{"rendered":"<p>TNS \u00f6l\u00e7\u00fcmlerine g\u00f6re haz\u0131rlad\u0131\u011f\u0131m 19 &#8211; 25 \u015eubat 2018\u00a0Tarihleri aras\u0131nda en \u00e7ok seyredilen alt\u0131 Ulusal kanallar\u0131m\u0131zda ekranlar\u0131m\u0131za gelen 33 dizi aras\u0131nda, Total\u2019de ve AB\u2019de ilk ona giren, haftan\u0131n dizi karnesini a\u015fa\u011f\u0131da bilgilerinize sunuyorum. Ge\u00e7en Hafta G\u00f6sterimdeki Diziler : \u00c7ukur, S\u00f6z, K\u0131rg\u0131n \u00c7i\u00e7ekler, Siyah Beyaz A\u015fk, Kad\u0131n, E\u015fk\u0131ya D\u00fcnyaya H\u00fck\u00fcmdar Olmaz, Ufak Tefek Cinayetler, K\u0131zlar\u0131m \u0130\u00e7in, [&hellip;]<\/p>\n","protected":false},"author":3,"featured_media":21708,"comment_status":"open","ping_status":"open","sticky":false,"template":"","format":"standard","meta":{"footnotes":""},"categories":[2],"tags":[1653,1555,570,1656,375,1635,1416,44],"class_list":["post-21700","post","type-post","status-publish","format-standard","has-post-thumbnail","hentry","category-tv-programlari","tag-alperen-duymaz","tag-cukur","tag-dirilis-ertugrul","tag-kadin","tag-reytingler","tag-sen-anlat-karadeniz","tag-soz","tag-tns-olcumler"],"views":3281,"blog_post_layout_featured_media_urls":{"thumbnail":["https:\/\/balcilar-blog.com\/wp-content\/uploads\/2018\/02\/cats-26-\u015eUBAT-150x150.jpg",150,150,true],"full":["https:\/\/balcilar-blog.com\/wp-content\/uploads\/2018\/02\/cats-26-\u015eUBAT.jpg",640,349,false]},"categories_names":{"2":{"name":"TV Programlar\u0131","link":"https:\/\/balcilar-blog.com\/?cat=2"}},"tags_names":{"1653":{"name":"Alperen Duymaz","link":"https:\/\/balcilar-blog.com\/?tag=alperen-duymaz"},"1555":{"name":"\u00c7ukur","link":"https:\/\/balcilar-blog.com\/?tag=cukur"},"570":{"name":"dirili\u015f Ertu\u011frul","link":"https:\/\/balcilar-blog.com\/?tag=dirilis-ertugrul"},"1656":{"name":"Kad\u0131n","link":"https:\/\/balcilar-blog.com\/?tag=kadin"},"375":{"name":"Reytingler","link":"https:\/\/balcilar-blog.com\/?tag=reytingler"},"1635":{"name":"Sen Anlat Karadeniz","link":"https:\/\/balcilar-blog.com\/?tag=sen-anlat-karadeniz"},"1416":{"name":"S\u00f6z","link":"https:\/\/balcilar-blog.com\/?tag=soz"},"44":{"name":"TNS \u00d6l\u00e7\u00fcmler","link":"https:\/\/balcilar-blog.com\/?tag=tns-olcumler"}},"comments_number":"0","wpmagazine_modules_lite_featured_media_urls":{"thumbnail":["https:\/\/balcilar-blog.com\/wp-content\/uploads\/2018\/02\/cats-26-\u015eUBAT-150x150.jpg",150,150,true],"cvmm-medium":["https:\/\/balcilar-blog.com\/wp-content\/uploads\/2018\/02\/cats-26-\u015eUBAT.jpg",300,164,false],"cvmm-medium-plus":["https:\/\/balcilar-blog.com\/wp-content\/uploads\/2018\/02\/cats-26-\u015eUBAT.jpg",305,166,false],"cvmm-portrait":["https:\/\/balcilar-blog.com\/wp-content\/uploads\/2018\/02\/cats-26-\u015eUBAT.jpg",400,218,false],"cvmm-medium-square":["https:\/\/balcilar-blog.com\/wp-content\/uploads\/2018\/02\/cats-26-\u015eUBAT.jpg",600,327,false],"cvmm-large":["https:\/\/balcilar-blog.com\/wp-content\/uploads\/2018\/02\/cats-26-\u015eUBAT.jpg",640,349,false],"cvmm-small":["https:\/\/balcilar-blog.com\/wp-content\/uploads\/2018\/02\/cats-26-\u015eUBAT.jpg",130,71,false],"full":["https:\/\/balcilar-blog.com\/wp-content\/uploads\/2018\/02\/cats-26-\u015eUBAT.jpg",640,349,false]},"_links":{"self":[{"href":"https:\/\/balcilar-blog.com\/index.php?rest_route=\/wp\/v2\/posts\/21700","targetHints":{"allow":["GET"]}}],"collection":[{"href":"https:\/\/balcilar-blog.com\/index.php?rest_route=\/wp\/v2\/posts"}],"about":[{"href":"https:\/\/balcilar-blog.com\/index.php?rest_route=\/wp\/v2\/types\/post"}],"author":[{"embeddable":true,"href":"https:\/\/balcilar-blog.com\/index.php?rest_route=\/wp\/v2\/users\/3"}],"replies":[{"embeddable":true,"href":"https:\/\/balcilar-blog.com\/index.php?rest_route=%2Fwp%2Fv2%2Fcomments&post=21700"}],"version-history":[{"count":4,"href":"https:\/\/balcilar-blog.com\/index.php?rest_route=\/wp\/v2\/posts\/21700\/revisions"}],"predecessor-version":[{"id":21711,"href":"https:\/\/balcilar-blog.com\/index.php?rest_route=\/wp\/v2\/posts\/21700\/revisions\/21711"}],"wp:featuredmedia":[{"embeddable":true,"href":"https:\/\/balcilar-blog.com\/index.php?rest_route=\/wp\/v2\/media\/21708"}],"wp:attachment":[{"href":"https:\/\/balcilar-blog.com\/index.php?rest_route=%2Fwp%2Fv2%2Fmedia&parent=21700"}],"wp:term":[{"taxonomy":"category","embeddable":true,"href":"https:\/\/balcilar-blog.com\/index.php?rest_route=%2Fwp%2Fv2%2Fcategories&post=21700"},{"taxonomy":"post_tag","embeddable":true,"href":"https:\/\/balcilar-blog.com\/index.php?rest_route=%2Fwp%2Fv2%2Ftags&post=21700"}],"curies":[{"name":"wp","href":"https:\/\/api.w.org\/{rel}","templated":true}]}}