{"id":21627,"date":"2018-02-19T15:10:35","date_gmt":"2018-02-19T13:10:35","guid":{"rendered":"http:\/\/balcilar-blog.com\/?p=21627"},"modified":"2018-02-19T15:23:14","modified_gmt":"2018-02-19T13:23:14","slug":"gecen-haftanin-12-18-subat-2018-en-cok-izlenen-dizileri","status":"publish","type":"post","link":"https:\/\/balcilar-blog.com\/?p=21627","title":{"rendered":"Ge\u00e7en Haftan\u0131n (12 &#8211; 18 \u015eubat 2018) En \u00c7ok \u0130zlenen Dizileri!"},"content":{"rendered":"<p><img loading=\"lazy\" decoding=\"async\" class=\"alignnone size-full wp-image-21640\" src=\"http:\/\/balcilar-blog.com\/wp-content\/uploads\/2018\/02\/cats-19-\u015eUBAT.jpg\" alt=\"\" width=\"640\" height=\"360\" srcset=\"https:\/\/balcilar-blog.com\/wp-content\/uploads\/2018\/02\/cats-19-\u015eUBAT.jpg 640w, https:\/\/balcilar-blog.com\/wp-content\/uploads\/2018\/02\/cats-19-\u015eUBAT-300x169.jpg 300w\" sizes=\"auto, (max-width: 640px) 100vw, 640px\" \/><\/p>\n<p>TNS \u00f6l\u00e7\u00fcmlerine g\u00f6re haz\u0131rlad\u0131\u011f\u0131m<strong> 12 &#8211; 18 \u015eubat 2018<\/strong>\u00a0Tarihleri aras\u0131nda en \u00e7ok seyredilen alt\u0131 Ulusal kanallar\u0131m\u0131zda ekranlar\u0131m\u0131za gelen 33 dizi aras\u0131nda, Total\u2019de ve AB\u2019de ilk ona giren, haftan\u0131n dizi karnesini a\u015fa\u011f\u0131da bilgilerinize sunuyorum.<\/p>\n<p><strong>Ge\u00e7en Hafta G\u00f6sterimdeki Diziler :<\/strong><\/p>\n<p>S\u00f6z, \u00c7ukur, K\u0131rg\u0131n \u00c7i\u00e7ekler, Siyah Beyaz, E\u015fk\u0131ya D\u00fcnyaya H\u00fck\u00fcmdar Olmaz, Ufak Tefek Cinayetler, Kad\u0131n, K\u0131zlar\u0131m \u0130\u00e7in, Alija, Dirili\u015f Ertu\u011frul, Meryem, Sen Anlat Karadeniz, Bizim Hikaye, Kanats\u0131z Ku\u015flar, Vatan\u0131m Sensin, Siyah \u0130nci, Yuvamdaki D\u00fc\u015fman, Arka Sokaklar, A\u015fk ve Mavi, \u0130stanbullu Gelin, \u015eevkat Yerimdar, Payitaht Abd\u00fclhamid,\u00a0Yeni Gelin, Kalbimdeki Deniz, Fazilet Han\u0131m ve K\u0131zlar\u0131, Bahtiyar \u00d6lmez, Kalk Gidelim, G\u00fclizar, Sava\u015f\u00e7\u0131, \u00c7ocuklar Duymas\u0131n, Cennetin g\u00f6z Ya\u015flar\u0131, Jet Sosyete ve Aslan Ailem dizilerinin yeni b\u00f6l\u00fcmleri yay\u0131nland\u0131.<\/p>\n<p>&nbsp;<\/p>\n<p><strong>HAFTANIN D\u0130Z\u0130LER\u0130NDE ;<\/strong><\/p>\n<p>Total\u2019in ilk s\u0131ras\u0131nda bu hafta Sen Anlat Karadeniz 4.b\u00f6l\u00fcm\u00fcnde ald\u0131\u011f\u0131 20,43 reyting puan\u0131 ile bu haftada ilk s\u0131rada yer ald\u0131. Total&#8217;in 10.s\u0131ras\u0131nda Atv Tv&#8217;nin A\u015fk ve Mavi dizisi ald\u0131\u011f\u0131\u00a0 6,93 puanla yer ald\u0131.<\/p>\n<p>AB\u2019nin ilk s\u0131ras\u0131nda;\u00a0 Bu hafta &#8220;Dirili\u015f Ertu\u011frul&#8221; 106.b\u00f6l\u00fcm\u00fcnde ald\u0131\u011f\u0131 18,36 puanla AB&#8217;nin birinci s\u0131rada tekrar\u00a0 yer ald\u0131. TRT1&#8217;in &#8220;Payitaht Abd\u00fclmecit&#8221; dizisi AB&#8217;de ald\u0131\u011f\u0131 7,64 puanla 10.s\u0131rada yer al\u0131yor.<\/p>\n<p>&nbsp;<\/p>\n<p>&nbsp;<\/p>\n<p><strong>Bu hafta en \u00e7ok izlenen ilk ona giren dizlere g\u00f6z atal\u0131m.<\/strong><\/p>\n<p>Bu s\u0131ralama sadece dizilerin reytingler y\u00fczdesine g\u00f6re en \u00e7ok izlenen dizilerin ilk 10\u2019da yer alanlar\u0131n\u0131 s\u0131ralamaya koyuyorum. Yar\u0131\u015fma, e\u011flence ve haber programlar\u0131 y\u00fczdeleri y\u00fcksek olsa da bu s\u0131ralamaya koymuyorum. Bu sadece dizilerin yar\u0131\u015f\u0131d\u0131r, en \u00e7ok izlenen dizilerin s\u0131ralamas\u0131d\u0131r. Bir nevi dizilerin karnesidir.<\/p>\n<p>&nbsp;<\/p>\n<p><strong>Ge\u00e7en Haftan\u0131n En \u00c7ok \u0130zlenen Dizileri:<\/strong><\/p>\n<p><strong>Total ilk 10 :<\/strong><\/p>\n<p>1.Sen Anlat Karadeniz (Atv) 4.B\u00f6l\u00fcm&#8230;&#8230;&#8230;&#8230;&#8230;&#8230;&#8230;&#8230;&#8230;.20,43 &#8211; 39,44<\/p>\n<p>2.Dirili\u015f Ertu\u011frul\u00a0 106.B\u00f6l\u00fcm (TRT1)&#8230;&#8230;&#8230;&#8230;&#8230;&#8230;&#8230;&#8230;&#8230;.14,69 &#8211; 27,42<\/p>\n<p>3.S\u00f6z 33.B\u00f6l\u00fcm (Star Tv)&#8230;&#8230;&#8230;&#8230;&#8230;&#8230;&#8230;&#8230;&#8230;&#8230;&#8230;&#8230;&#8230;&#8230;&#8230;..11,49 &#8211; 23,43<\/p>\n<p>4.\u00c7ukur 16.B\u00f6l\u00fcm (Show Tv)&#8230;&#8230;&#8230;&#8230;&#8230;&#8230;&#8230;&#8230;&#8230;&#8230;&#8230;&#8230;&#8230;..11,27 &#8211; 23,05<\/p>\n<p>5.Kad\u0131n 16.B\u00f6l\u00fcm (Fox Tv)&#8230;&#8230;&#8230;&#8230;&#8230;&#8230;&#8230;&#8230;&#8230;&#8230;&#8230;&#8230;&#8230;&#8230;&#8230;.9,36 &#8211; 19,93<\/p>\n<p>6.Arka Sokaklar 469.B\u00f6l\u00fcm (Kanal D)&#8230;&#8230;&#8230;&#8230;&#8230;&#8230;&#8230;&#8230;&#8230;.9,32 &#8211; 18,57<\/p>\n<p>7.Sava\u015f\u00e7\u0131 32.B\u00f6l\u00fcm (Fox Tv)&#8230;&#8230;&#8230;&#8230;&#8230;&#8230;&#8230;&#8230;&#8230;&#8230;&#8230;&#8230;&#8230;&#8230;..8,31 &#8211; 17,71<\/p>\n<p>8.E\u015fk\u0131ya D\u00fcnyaya H\u00fck\u00fcmdar Olmaz 90.B\u00f6l\u00fcm (Atv)&#8230;.8,10 &#8211; 17,53<\/p>\n<p>9.Bizim Hikaye 22.B\u00f6l\u00fcm (Fox Tv)&#8230;&#8230;&#8230;&#8230;&#8230;&#8230;&#8230;&#8230;&#8230;&#8230;&#8230;7,54 &#8211; 15,88<\/p>\n<p>10.A\u015fk ve Mavi 53.B\u00f6l\u00fcm (Atv)&#8230;&#8230;&#8230;&#8230;&#8230;&#8230;&#8230;&#8230;&#8230;&#8230;&#8230;&#8230;&#8230;.6,93 &#8211; 14,12<\/p>\n<p>&nbsp;<\/p>\n<p><strong>AB\u2019de ilk 10 :<\/strong><\/p>\n<p>1-Dirili\u015f Ertu\u011frul 106.B\u00f6l\u00fcm (TRT1)&#8230;&#8230;&#8230;&#8230;&#8230;&#8230;&#8230;&#8230;&#8230;&#8230;18,36 &#8211; 35,84<\/p>\n<p>2.Sen Anlat Karadeniz 4.B\u00f6l\u00fcm (Atv)&#8230;&#8230;&#8230;&#8230;&#8230;&#8230;&#8230;&#8230;&#8230;..13,66 &#8211; 27,65<\/p>\n<p>3.\u00c7ukur 16.B\u00f6l\u00fcm (Show Tv)&#8230;&#8230;&#8230;&#8230;&#8230;&#8230;&#8230;&#8230;&#8230;&#8230;&#8230;&#8230;&#8230;&#8230;12,83 &#8211; 27,78<\/p>\n<p>4.Ufak Tefek Cinayetler 16.B\u00f6l\u00fcm (Star Tv)&#8230;&#8230;&#8230;&#8230;&#8230;&#8230;.10,46 &#8211; 22,34<\/p>\n<p>5.Jet Sosyete (Star Tv) 1.B\u00f6l\u00fcm&#8230;&#8230;&#8230;&#8230;&#8230;&#8230;&#8230;&#8230;&#8230;&#8230;&#8230;&#8230;..10,31 &#8211; 22,26<\/p>\n<p>6.Kad\u0131n 16.B\u00f6l\u00fcm (Fox Tv)&#8230;&#8230;&#8230;&#8230;&#8230;&#8230;&#8230;&#8230;&#8230;&#8230;&#8230;&#8230;&#8230;&#8230;&#8230;10,46 -22,34<\/p>\n<p>7.\u0130stanbullu Gelin 37.B\u00f6l\u00fcm (Star Tv)&#8230;&#8230;&#8230;&#8230;&#8230;&#8230;&#8230;&#8230;&#8230;..8,57 &#8211; 18,54<\/p>\n<p>8.Vatan\u0131m Sensin 45.B\u00f6l\u00fcm (Kanal D)&#8230;&#8230;&#8230;&#8230;&#8230;&#8230;&#8230;&#8230;&#8230;.8,28 &#8211; 18,43<\/p>\n<p>9.S\u00f6z 33.B\u00f6l\u00fcm (Star Tv)&#8230;&#8230;&#8230;&#8230;&#8230;&#8230;&#8230;&#8230;&#8230;&#8230;&#8230;&#8230;&#8230;&#8230;&#8230;&#8230;.7,70 &#8211; 16,61<\/p>\n<p>10.Payitaht Abd\u00fclhamit 38.B\u00f6l\u00fcm (TRT1)&#8230;&#8230;&#8230;&#8230;&#8230;&#8230;&#8230;.7,64 &#8211; 16,45<\/p>\n<p>&nbsp;<\/p>\n<p><strong>TOTAL ve AB Grubunda reytingleri en y\u00fcksek olan Haftan\u0131n ilk 5 s\u0131ralamas\u0131 :<\/strong><\/p>\n<p>&nbsp;<\/p>\n<p><strong>1.SEN ANLAT KARADEN\u0130Z<\/strong> : Atv&#8217;nin yeni dizisi bir girdi, pir girdi. Hen\u00fcz 4.haftas\u0131nda haftan\u0131n dizileri aras\u0131na Total&#8217;de ald\u0131\u011f\u0131 20,43 puanla 1.s\u0131raya yerle\u015fti. Bu bir rekor diyebiliriz, hem de ge\u00e7ilemeyen Dirili\u015f Ertu\u011frul dizisini, ge\u00e7erek liderli\u011fe oturdu.<\/p>\n<p><strong><img loading=\"lazy\" decoding=\"async\" class=\"alignnone size-full wp-image-21632\" src=\"http:\/\/balcilar-blog.com\/wp-content\/uploads\/2018\/02\/0x0-4-bolum-foto-galeri-1518514003526.jpg\" alt=\"\" width=\"640\" height=\"427\" srcset=\"https:\/\/balcilar-blog.com\/wp-content\/uploads\/2018\/02\/0x0-4-bolum-foto-galeri-1518514003526.jpg 640w, https:\/\/balcilar-blog.com\/wp-content\/uploads\/2018\/02\/0x0-4-bolum-foto-galeri-1518514003526-300x200.jpg 300w\" sizes=\"auto, (max-width: 640px) 100vw, 640px\" \/><\/strong><\/p>\n<p><strong>\u00d6zg\u00fcrl\u00fc\u011fe ka\u00e7\u0131\u015f<\/strong><br \/>\nNefes, Tahir&#8217;in can\u0131 i\u00e7in \u00f6zg\u00fcrl\u00fc\u011f\u00fcnden vazge\u00e7ip hapse girmeye raz\u0131d\u0131r ama Vedat, Tahir sayesinde \u00f6l\u00fcmden kurtulur. Ancak, kahraman\u0131n\u0131n Tahir Kaleli olmas\u0131 fikri onu delirtir. Nefes belki teti\u011fi \u00e7ekememi\u015ftir ama Vedat, o teti\u011fin ucunda \u00f6lm\u00fc\u015ft\u00fcr. Art\u0131k Nefes&#8217;i geri istememektedir, kar\u0131s\u0131n\u0131 g\u00f6rmek istedi\u011fi tek yer mezard\u0131r.<\/p>\n<p><img loading=\"lazy\" decoding=\"async\" class=\"alignnone size-full wp-image-21631\" src=\"http:\/\/balcilar-blog.com\/wp-content\/uploads\/2018\/02\/0x0-4-bolum-foto-galeri-1518514001087.jpg\" alt=\"\" width=\"640\" height=\"427\" srcset=\"https:\/\/balcilar-blog.com\/wp-content\/uploads\/2018\/02\/0x0-4-bolum-foto-galeri-1518514001087.jpg 640w, https:\/\/balcilar-blog.com\/wp-content\/uploads\/2018\/02\/0x0-4-bolum-foto-galeri-1518514001087-300x200.jpg 300w\" sizes=\"auto, (max-width: 640px) 100vw, 640px\" \/><\/p>\n<p>Vedat&#8217;\u0131n planlar\u0131ndan habersiz olan Nefes, Mustafa&#8217;n\u0131n ona \u00f6nerdi\u011fi anla\u015fmay\u0131 kabul eder. O\u011fluyla birlikte G\u00fcrcistan \u00fczerinden Rusya&#8217;ya ka\u00e7acak ve yeni bir hayata ba\u015flayacakt\u0131r. \u00c7\u00fcnk\u00fc hem Tahir&#8217;in can\u0131n\u0131 korumal\u0131d\u0131r, hem de kendi kalbini. \u00c7ekti\u011fi sekiz y\u0131ll\u0131k i\u015fkenceye ra\u011fmen, ilk defa Tahir&#8217;in kanatmay\u0131 ba\u015fard\u0131\u011f\u0131 kalbini. Deli Tahir ise, onu iyice delirten k\u0131skan\u00e7l\u0131\u011f\u0131n ac\u0131s\u0131n\u0131 hem Nefes&#8217;ten hem Mercan&#8217;dan \u00e7\u0131kart\u0131r. Yak\u0131p y\u0131karken bir yandan da yanar. K\u0131yamad\u0131\u011f\u0131 tek ki\u015fi vard\u0131r; Yi\u011fit. Y\u00fcrekten ba\u011fland\u0131\u011f\u0131 bu \u00e7ocu\u011fu k\u0131ramaz, onlar\u0131 G\u00fcrcistan&#8217;a kadar g\u00f6t\u00fcrmeye karar verir. Yeni s\u00f6zlenmi\u015f bir adam\u0131n \u00e7ocuklu bir kad\u0131nla G\u00fcrcistan&#8217;a gitmesi, k\u00f6yde dedikodular\u0131n yay\u0131lmas\u0131na ve d\u00fcn\u00fcrlerin aya\u011fa kalkmas\u0131na yol a\u00e7ar. Ama hi\u00e7 beklenmedik bir \u015fekilde, Mustafa, karde\u015finin bu yolculu\u011fu yapmas\u0131na tam destek verir.<\/p>\n<p><strong>2.D\u0130R\u0130L\u0130\u015e ERTU\u011eRUL<\/strong> : TRT1&#8217;in iddial\u0131 sevilen dizisi liderlikten 2.s\u0131raya d\u00fc\u015ft\u00fc. AB&#8217;de ald\u0131\u011f\u0131 18,36 reyting puan\u0131 ile 2.s\u0131rada yer al\u0131yor.<\/p>\n<p><img loading=\"lazy\" decoding=\"async\" class=\"alignnone size-full wp-image-21637\" src=\"http:\/\/balcilar-blog.com\/wp-content\/uploads\/2018\/02\/Dirili\u015f-15-\u015eubat-Detaylar\u0131-106.-B\u00f6l\u00fcm-Fragman\u0131-\u0130zle.jpg\" alt=\"\" width=\"640\" height=\"359\" srcset=\"https:\/\/balcilar-blog.com\/wp-content\/uploads\/2018\/02\/Dirili\u015f-15-\u015eubat-Detaylar\u0131-106.-B\u00f6l\u00fcm-Fragman\u0131-\u0130zle.jpg 640w, https:\/\/balcilar-blog.com\/wp-content\/uploads\/2018\/02\/Dirili\u015f-15-\u015eubat-Detaylar\u0131-106.-B\u00f6l\u00fcm-Fragman\u0131-\u0130zle-300x168.jpg 300w\" sizes=\"auto, (max-width: 640px) 100vw, 640px\" \/><\/p>\n<p>Dirili\u015f Ertu\u011frul 106.B\u00f6l\u00fcm \u00d6zet:\u00a0Ertu\u011frul\u2019dan intikam almak isteyen Ares, adamlar\u0131yla beraber gizlice Hanl\u0131 Pazar\u2019a s\u0131zm\u0131\u015ft\u0131. T\u00fcccarlarla konu\u015fmak i\u00e7in Hanl\u0131 Pazar\u2019a gelen Ertu\u011frul\u2019un \u00f6n\u00fcne Ats\u0131z\u2019\u0131n cesedini b\u0131rakan Ares ve adamlar\u0131 sald\u0131r\u0131ya ge\u00e7mi\u015fler fakat ba\u015far\u0131s\u0131z olmu\u015flard\u0131. Yakalanan Ares, Ertu\u011frul taraf\u0131ndan kaleye g\u00f6t\u00fcr\u00fcl\u00fcp zindana at\u0131lm\u0131\u015ft\u0131. Ertu\u011frul, bildiklerini Sultan Alaeddin\u2019e anlatmas\u0131 kar\u015f\u0131l\u0131\u011f\u0131nda Ares\u2019i serbest b\u0131rakaca\u011f\u0131n\u0131 s\u00f6ylemi\u015f, ilk ba\u015fta direnen Ares daha sonra Ertu\u011frul\u2019un teklifini kabul etmi\u015f ve Ertu\u011frul, yan\u0131na Halime\u2019yi de alarak alplar\u0131 ve Ares\u2019le beraber Konya\u2019ya do\u011fru yola \u00e7\u0131km\u0131\u015ft\u0131.<\/p>\n<p>Konya\u2019ya varmadan Titan ve Angelos\u2019un yolda kendisini kurtaraca\u011f\u0131n\u0131 uman Ares kurtulabilecek mi? Ertu\u011frul, Konya yolunda ne gibi tehlikelerle kar\u015f\u0131la\u015facak? Ares\u2019i sultan\u0131n huzuruna sa\u011f salim \u00e7\u0131karabilecek mi? Ares\u2019in anlatt\u0131klar\u0131ndan sonra Emir Saadeddin\u2019in ger\u00e7ek y\u00fcz\u00fc ortaya \u00e7\u0131kacak m\u0131? Ertu\u011frul, Emir Saadeddin\u2019i devirebilecek mi?<br \/>\nSultana tuzak kuran ve bu tuza\u011f\u0131 saraydaki en b\u00fcy\u00fck rakibi Emir Nizameddin\u2019in \u00fcst\u00fcne y\u0131k\u0131p onu bertaraf eden Emir Saadeddin, sultan\u0131n en g\u00f6zde emiri olmu\u015f ve \u00fcst\u00fcndeki b\u00fct\u00fcn \u015f\u00fcphelerden s\u0131yr\u0131lm\u0131\u015ft\u0131. Ertu\u011frul\u2019un Konya\u2019ya gelece\u011fini \u00f6\u011frenen ve sultana bildi\u011fi her \u015feyi anlataca\u011f\u0131n\u0131 d\u00fc\u015f\u00fcnen Emir Saadeddin ne yapacak? Ertu\u011frul\u2019un anlatacaklar\u0131 ve Ares\u2019in itiraflar\u0131 kar\u015f\u0131s\u0131nda kendisini nas\u0131l savunacak? Sultan, duyduklar\u0131ndan sonra Emir Saadeddin\u2019in cezas\u0131n\u0131 kesecek mi?<\/p>\n<p>Titan ve Angelos, Ertu\u011frul\u2019un yoklu\u011funda T\u00fcrk obalar\u0131na nas\u0131l sald\u0131r\u0131lar yapacak? Angelos\u2019un i\u00e7erideki casusu olan Marya i\u00e7eriden ne gibi istihbaratlar verecek? Marya\u2019n\u0131n casus oldu\u011fu ortaya \u00e7\u0131kacak m\u0131? Karacahisar Kalesi\u2019nin ve T\u00fcrk obalar\u0131n\u0131n durumu ne olacak?<\/p>\n<p><strong>\u00a0<\/strong><br \/>\n<strong>3.\u00c7UKUR\u00a0<\/strong>: Show Tv&#8217;nin iddial\u0131 dizisi bu hafta 16.b\u00f6l\u00fcm\u00fcnde yine 3.s\u0131radaki yerini korudu. Haftan\u0131n dizileri aras\u0131nda total&#8217;de ald\u0131\u011f\u0131 12,83 reyting puan\u0131 ile 3.s\u0131rada yer al\u0131yor.<\/p>\n<p><img loading=\"lazy\" decoding=\"async\" class=\"alignnone size-full wp-image-21634\" src=\"http:\/\/balcilar-blog.com\/wp-content\/uploads\/2018\/02\/92a1ebe6102f3e82f0e22896993f881f_840.jpg\" alt=\"\" width=\"640\" height=\"373\" srcset=\"https:\/\/balcilar-blog.com\/wp-content\/uploads\/2018\/02\/92a1ebe6102f3e82f0e22896993f881f_840.jpg 640w, https:\/\/balcilar-blog.com\/wp-content\/uploads\/2018\/02\/92a1ebe6102f3e82f0e22896993f881f_840-300x175.jpg 300w\" sizes=\"auto, (max-width: 640px) 100vw, 640px\" \/><\/p>\n<p>\u00c7ukur&#8217;un 16. B\u00f6l\u00fcm\u00fcnde ge\u00e7mi\u015fin perdesi araland\u0131; \u00c7ukur\u2019da f\u0131rt\u0131na yakla\u015f\u0131yor. Herkesin kendiyle ve birbiriyle y\u00fczle\u015fece\u011fi b\u00fcy\u00fck y\u00fczle\u015fme serisi son s\u00fcrat devam ediyor. Bildi\u011fi ger\u00e7ek ile babas\u0131n\u0131n \u201cVartolu, \u00c7ukur\u2019dan gidecek\u201d emri aras\u0131nda s\u0131k\u0131\u015f\u0131p kalan Yama\u00e7, hayat\u0131n\u0131n en zorlu d\u00f6nemini ya\u015fayacak.<\/p>\n<p><img loading=\"lazy\" decoding=\"async\" class=\"alignnone size-full wp-image-21633\" src=\"http:\/\/balcilar-blog.com\/wp-content\/uploads\/2018\/02\/9e62109982a98683ccaa7fbbfcf5d887_840.jpg\" alt=\"\" width=\"640\" height=\"387\" srcset=\"https:\/\/balcilar-blog.com\/wp-content\/uploads\/2018\/02\/9e62109982a98683ccaa7fbbfcf5d887_840.jpg 640w, https:\/\/balcilar-blog.com\/wp-content\/uploads\/2018\/02\/9e62109982a98683ccaa7fbbfcf5d887_840-300x181.jpg 300w\" sizes=\"auto, (max-width: 640px) 100vw, 640px\" \/><\/p>\n<p>Vartolu ise y\u0131llar sonra yeniden buldu\u011fu a\u015fk\u0131 Saadet\u2019le sonsuza dek gitmek ile \u00c7ukur\u2019da kal\u0131p ge\u00e7mi\u015fin intikam\u0131n\u0131 alma aras\u0131nda se\u00e7imini yapacak. Yama\u00e7 ile Vartolu\u2019nun aras\u0131ndaki b\u00fcy\u00fck d\u00fcello ise herkesin hayat\u0131n\u0131 etkileyecek.<\/p>\n<p>&nbsp;<\/p>\n<p><strong>4.S\u00d6Z<\/strong> : Star Tv\u2019nin S\u00f6z dizisi 33.b\u00f6l\u00fcm\u00fcnde Total\u2019de ald\u0131\u011f\u0131 11,49 reyting puan\u0131 ile haftan\u0131n dizileri aras\u0131nda bu hafta bir basamak y\u00fckselerek 4.s\u0131rada yer ald\u0131.<\/p>\n<p><img loading=\"lazy\" decoding=\"async\" class=\"alignnone size-full wp-image-21635\" src=\"http:\/\/balcilar-blog.com\/wp-content\/uploads\/2018\/02\/77550-s\u00f6z-33.jpg\" alt=\"\" width=\"640\" height=\"426\" srcset=\"https:\/\/balcilar-blog.com\/wp-content\/uploads\/2018\/02\/77550-s\u00f6z-33.jpg 640w, https:\/\/balcilar-blog.com\/wp-content\/uploads\/2018\/02\/77550-s\u00f6z-33-300x200.jpg 300w\" sizes=\"auto, (max-width: 640px) 100vw, 640px\" \/><\/p>\n<p><strong>\u00c7olak Time kar\u015f\u0131 tuzak kuruyor&#8230;<\/strong><br \/>\nUyu\u015fturucu operasyonunda b\u00fcy\u00fck bir tehlikeyle kar\u015f\u0131 kar\u015f\u0131ya olan timi operasyon sonunda kritik bir g\u00f6rev beklemektedir.<\/p>\n<p>Derman\u2019\u0131n plan\u0131 sonucunda ara\u00e7lar\u0131nda bir bombayla kalan Kenan M\u00fcd\u00fcr ve Erdem Yarbay bu k\u0131ska\u00e7tan kurtulmak i\u00e7in riskli bir plan yapar. Bu planda timin de kritik bir g\u00f6revi vard\u0131r. \u0130kiye ayr\u0131lan tim, bir yandan uyu\u015fturucu dolu kamyonu sa\u011f salim emniyet g\u00fc\u00e7lerine teslim etmek i\u00e7in u\u011fra\u015f\u0131rken, di\u011fer yandan Kenan M\u00fcd\u00fcr\u2019\u00fcn arabas\u0131na koyulan bombay\u0131 imha etmek i\u00e7in m\u00fccadele eder.<\/p>\n<p>Hastanede \u00f6l\u00fcmle pen\u00e7ele\u015fen Safiye i\u00e7in art\u0131k Bahar\u2019\u0131n yapaca\u011f\u0131 bir \u015fey yoktur. \u00dcstelik Safiye\u2019nin hayat\u0131na mal olan tehlike art\u0131k \u00e7ok daha yak\u0131nlar\u0131ndad\u0131r.<\/p>\n<p>Harekat\u0131n ba\u015fka bir safhaya ge\u00e7mesiyle yeni bir kara birli\u011fi s\u0131n\u0131r d\u0131\u015f\u0131na sevk edilir. Tim bu sevk s\u0131ras\u0131nda \u00f6nemli bir g\u00f6rev al\u0131r. \u00c7olak\u2019\u0131n time kar\u015f\u0131 kurdu\u011fu tuza\u011f\u0131 bertaraf etmek \u00e7ok kolay olmayacakt\u0131r.<\/p>\n<p>&nbsp;<\/p>\n<p><strong>5.UFAK TEFEK C\u0130NAYETLER\u00a0<\/strong>: Star Tv&#8217;nin Ufak Tefek Cinayetler dizisi bu hafta S\u00f6z dizisi ile yer de\u011fi\u015ftirdi. Bu hafta AB&#8217;de ald\u0131\u011f\u0131 10,46 reyting puan\u0131 ile haftan\u0131n dizileri aras\u0131nda bu hafta 5.s\u0131raya geriledi.<\/p>\n<p><img loading=\"lazy\" decoding=\"async\" class=\"alignnone size-full wp-image-21636\" src=\"http:\/\/balcilar-blog.com\/wp-content\/uploads\/2018\/02\/77577.jpg\" alt=\"\" width=\"640\" height=\"405\" srcset=\"https:\/\/balcilar-blog.com\/wp-content\/uploads\/2018\/02\/77577.jpg 640w, https:\/\/balcilar-blog.com\/wp-content\/uploads\/2018\/02\/77577-300x190.jpg 300w\" sizes=\"auto, (max-width: 640px) 100vw, 640px\" \/><\/p>\n<p><strong>\u015earma\u015f\u0131k&#8217;\u0131n En B\u00fcy\u00fck S\u0131rr\u0131 Ortaya \u00c7\u0131k\u0131yor!<\/strong><\/p>\n<p>Sevgililer g\u00fcn\u00fc&#8230; Herkes kendince kutlama derdinde&#8230; Merve Serhan&#8217;\u0131 geri kazanmak i\u00e7in t\u00fcrl\u00fc yollar deniyor. Bu arada Sarma\u015f\u0131k ahalisi Serhan&#8217;\u0131n evi terketti\u011fini \u00f6\u011freniyor! Aksaklar y\u0131k\u0131l\u0131yor mu? Merve bu i\u015fin alt\u0131ndan nas\u0131l kalkacak? B\u00fcy\u00fck y\u00fczle\u015fme ger\u00e7ekle\u015fiyor. Merve ve Oya&#8230; Hemen arkas\u0131ndan Pelin gelip Oya&#8217;ya soruyor; &#8220;Serhan&#8217;la birlikte misiniz?&#8221; Pelin, Oya&#8217;n\u0131n a\u011fz\u0131ndan laf almak i\u00e7in enfes bir yola ba\u015fvuruyor.<\/p>\n<p>Olaylar\u0131n ard arda patlad\u0131\u011f\u0131, skandallar i\u00e7eren yeni b\u00f6l\u00fcm\u00fcyle Ufak Tefek Cinayetler her Sal\u0131 ak\u015fam\u0131 Star&#8217;da&#8230;<\/p>\n<p>&nbsp;<\/p>\n<p><strong>HER \u0130K\u0130 KATEGOR\u0130DE \u0130LK ON&#8217;DA YER ALAN D\u0130Z\u0130LER :<\/strong><\/p>\n<p>S\u00f6z (Star), \u00c7ukur (Show),\u00a0 Kad\u0131n (fox), E\u015fk\u0131ya D\u00fcnyaya H\u00fck\u00fcmdar Olmaz (Atv), Dirili\u015f Ertu\u011frul (TRT1), Sen Anlat Karadeniz (Atv) ve Sava\u015f\u00e7\u0131 (Fox) her iki grupta yer alan diziler olmu\u015ftur.<\/p>\n<p>&nbsp;<\/p>\n<p><strong>KANALLARA G\u00d6RE SIRALAMAYA G\u00d6Z ATARSAK:<\/strong><\/p>\n<p><strong>Total grubunda ilk onda<\/strong>: Fox Tv ve Atv 3&#8217;er dizi ile yer al\u0131yor.\u00a0 Star Tv, TRT1, Show Tv\u00a0 ve Kanal D birer dizi ile yer alm\u0131\u015ft\u0131r.<\/p>\n<p><strong>AB\u2019de ilk onda<\/strong>: Star Tv 4 dizi,\u00a0 TRT1 2 dizi ve Atv, Show Tv ve Kanal D birer\u00a0 dizi ile yer alm\u0131\u015ft\u0131r<\/p>\n<p><strong>Bu haftan\u0131n kanal\u0131; Star Tv<\/strong>. AB&#8217;de 4 dizi\u00a0ve Total&#8217;de 1 dizi\u00a0 ile\u00a0haftan\u0131n kanal\u0131 olmu\u015ftur.<\/p>\n<p>&nbsp;<\/p>\n<p><strong>ADI ZEHRA (Fox Tv) :<\/strong><\/p>\n<p><img loading=\"lazy\" decoding=\"async\" class=\"alignnone size-full wp-image-21639\" src=\"http:\/\/balcilar-blog.com\/wp-content\/uploads\/2018\/02\/Adi-Zehra-4259-galer.jpg\" alt=\"\" width=\"640\" height=\"360\" srcset=\"https:\/\/balcilar-blog.com\/wp-content\/uploads\/2018\/02\/Adi-Zehra-4259-galer.jpg 640w, https:\/\/balcilar-blog.com\/wp-content\/uploads\/2018\/02\/Adi-Zehra-4259-galer-300x169.jpg 300w\" sizes=\"auto, (max-width: 640px) 100vw, 640px\" \/><\/p>\n<p>Bu hafta 24 \u015eubat Cumartesi ak\u015fam\u0131 yeni bir drama dizisi ba\u015fl\u0131yor. <strong>Yap\u0131mc\u0131s\u0131 NTC Medya<\/strong> (Mehmet Yi\u011fit Alp) ve y\u00f6netmeni Taner Akvardar, senaryosounu\u00a0Bekir Baran S\u0131tk\u0131, Murat Emir Eren, Rana Namatl\u0131o\u011flu birlikte yaz\u0131yorlar. (1)<\/p>\n<p>&nbsp;<\/p>\n<p><strong>Oyuncu Kadrosunda<\/strong> :\u00a0Zeynep \u00c7amc\u0131 (Zehra \u015eim\u015fek &#8211; Hande Kurdo\u011flu), Ali Can Y\u00fccesoy (Serkan Kurdo\u011flu), Hatice Aslan (\u015eule Kurdo\u011flu), \u0130nan\u00e7 Konuk\u00e7u (Kadir Keltikli), Seda G\u00fcven (Ceren Kurdo\u011flu), Hakk\u0131 Erg\u00f6k (Nadir Yaman), Emre K\u0131v\u0131lc\u0131m (Genco Yaman), Ali Meri\u00e7 (\u0130smail \u015eim\u015fek), G\u00fcne\u015f Hayat (\u015eermin \u015eim\u015fek), Sohel Altan Gol (Salih \u015eim\u015fek), \u00dclk\u00fc Hilal \u00c7ift\u00e7i (Mine Kurdo\u011flu) yer al\u0131yor.<\/p>\n<p>Konu:\u00a0\u00a0Frankfurt\u2019da tutucu bir T\u00fcrk ailesinin k\u0131z\u0131 olarak d\u00fcnyaya gelen, 22 ya\u015f\u0131ndaki Zehra\u2019n\u0131n, Almanya\u2019daki yoksul ve ba\u011fnaz ailesinin evinde ba\u015flay\u0131p, \u0130stanbullu zengin bir ailenin s\u0131rlarla ve korkun\u00e7 bir su\u00e7la g\u00f6lgelenmi\u015f kona\u011f\u0131nda devam eden inan\u0131lmaz \u00f6yk\u00fcs\u00fc. Dizinin \u00e7ekimleri Almanya&#8217;da ba\u015flam\u0131\u015f, \u0130stanbul&#8217;da devam etmi\u015ftir.<\/p>\n<p>&nbsp;<\/p>\n<p>Sayg\u0131lar ve sevgiler.<\/p>\n<div id=\"mCSB_1_container\" class=\"mCSB_container\" dir=\"ltr\">\n<div class=\"etiket\">\n<p>Abdurrahman Balc\u0131lar<\/p>\n<p>Twitter:\u00a0<a href=\"https:\/\/twitter.com\/abbalcilar\">abdurrahman balc\u0131lar<\/a><a href=\"https:\/\/twitter.com\/abbalcilar\"><strong>@abbalcilar<\/strong><\/a><\/p>\n<p>Mail :\u00a0<a href=\"mailto:ab.balcilar@hotmail.com\">ab.balcilar@hotmail.com<\/a><\/p>\n<p>Blog:\u00a0<a href=\"http:\/\/t.co\/znqmIZgIqn\">blog.milliyet.com.tr\/cansever<\/a><\/p>\n<p>Blog:\u00a0<a href=\"http:\/\/balcilar-blog.com\/\">Abdurrahman Balc\u0131lar Blog Sayfas\u0131<\/a><\/p>\n<p>(1) Ad\u0131 Zehra Tan\u0131t\u0131m\u0131: https:\/\/www.youtube.com\/watch?v=4MXuLCukT1w<\/p>\n<p>Not: Dizi reytingleri TNS \u00f6l\u00e7\u00fcmlerinden, g\u00f6rseller ve diziler hakk\u0131nda bilgi dizi tan\u0131t\u0131m sayfalar\u0131ndan al\u0131nm\u0131\u015ft\u0131r.<\/p>\n<p><strong>*\u015eahsi Blog sayfamda ve Milliyet Blog\u2019da yay\u0131nlanan blog yaz\u0131lar\u0131 b\u00fcy\u00fck bir \u00e7al\u0131\u015fman\u0131n \u00fcr\u00fcn\u00fc olup, izinsiz ya da kaynak g\u00f6stermeden al\u0131nt\u0131 yap\u0131lamaz. Aksi halde kanuni i\u015flem yap\u0131l\u0131r.<\/strong><\/p>\n<\/div>\n<\/div>\n","protected":false},"excerpt":{"rendered":"<p>TNS \u00f6l\u00e7\u00fcmlerine g\u00f6re haz\u0131rlad\u0131\u011f\u0131m 12 &#8211; 18 \u015eubat 2018\u00a0Tarihleri aras\u0131nda en \u00e7ok seyredilen alt\u0131 Ulusal kanallar\u0131m\u0131zda ekranlar\u0131m\u0131za gelen 33 dizi aras\u0131nda, Total\u2019de ve AB\u2019de ilk ona giren, haftan\u0131n dizi karnesini a\u015fa\u011f\u0131da bilgilerinize sunuyorum. Ge\u00e7en Hafta G\u00f6sterimdeki Diziler : S\u00f6z, \u00c7ukur, K\u0131rg\u0131n \u00c7i\u00e7ekler, Siyah Beyaz, E\u015fk\u0131ya D\u00fcnyaya H\u00fck\u00fcmdar Olmaz, Ufak Tefek Cinayetler, Kad\u0131n, K\u0131zlar\u0131m \u0130\u00e7in, Alija, [&hellip;]<\/p>\n","protected":false},"author":3,"featured_media":21640,"comment_status":"open","ping_status":"open","sticky":false,"template":"","format":"standard","meta":{"footnotes":""},"categories":[2],"tags":[1636,1555,570,1635,1416,25,530,1588],"class_list":["post-21627","post","type-post","status-publish","format-standard","has-post-thumbnail","hentry","category-tv-programlari","tag-adi-zehra","tag-cukur","tag-dirilis-ertugrul","tag-sen-anlat-karadeniz","tag-soz","tag-star-tv","tag-tns-olcumleri","tag-ufak-tefek-cinayetler"],"views":2922,"blog_post_layout_featured_media_urls":{"thumbnail":["https:\/\/balcilar-blog.com\/wp-content\/uploads\/2018\/02\/cats-19-\u015eUBAT-150x150.jpg",150,150,true],"full":["https:\/\/balcilar-blog.com\/wp-content\/uploads\/2018\/02\/cats-19-\u015eUBAT.jpg",640,360,false]},"categories_names":{"2":{"name":"TV Programlar\u0131","link":"https:\/\/balcilar-blog.com\/?cat=2"}},"tags_names":{"1636":{"name":"Ad\u0131 Zehra","link":"https:\/\/balcilar-blog.com\/?tag=adi-zehra"},"1555":{"name":"\u00c7ukur","link":"https:\/\/balcilar-blog.com\/?tag=cukur"},"570":{"name":"dirili\u015f Ertu\u011frul","link":"https:\/\/balcilar-blog.com\/?tag=dirilis-ertugrul"},"1635":{"name":"Sen Anlat Karadeniz","link":"https:\/\/balcilar-blog.com\/?tag=sen-anlat-karadeniz"},"1416":{"name":"S\u00f6z","link":"https:\/\/balcilar-blog.com\/?tag=soz"},"25":{"name":"Star Tv","link":"https:\/\/balcilar-blog.com\/?tag=star-tv"},"530":{"name":"TNS \u00f6l\u00e7\u00fcmleri","link":"https:\/\/balcilar-blog.com\/?tag=tns-olcumleri"},"1588":{"name":"Ufak Tefek Cinayetler","link":"https:\/\/balcilar-blog.com\/?tag=ufak-tefek-cinayetler"}},"comments_number":"0","wpmagazine_modules_lite_featured_media_urls":{"thumbnail":["https:\/\/balcilar-blog.com\/wp-content\/uploads\/2018\/02\/cats-19-\u015eUBAT-150x150.jpg",150,150,true],"cvmm-medium":["https:\/\/balcilar-blog.com\/wp-content\/uploads\/2018\/02\/cats-19-\u015eUBAT.jpg",300,169,false],"cvmm-medium-plus":["https:\/\/balcilar-blog.com\/wp-content\/uploads\/2018\/02\/cats-19-\u015eUBAT.jpg",305,172,false],"cvmm-portrait":["https:\/\/balcilar-blog.com\/wp-content\/uploads\/2018\/02\/cats-19-\u015eUBAT.jpg",400,225,false],"cvmm-medium-square":["https:\/\/balcilar-blog.com\/wp-content\/uploads\/2018\/02\/cats-19-\u015eUBAT.jpg",600,338,false],"cvmm-large":["https:\/\/balcilar-blog.com\/wp-content\/uploads\/2018\/02\/cats-19-\u015eUBAT.jpg",640,360,false],"cvmm-small":["https:\/\/balcilar-blog.com\/wp-content\/uploads\/2018\/02\/cats-19-\u015eUBAT.jpg",130,73,false],"full":["https:\/\/balcilar-blog.com\/wp-content\/uploads\/2018\/02\/cats-19-\u015eUBAT.jpg",640,360,false]},"_links":{"self":[{"href":"https:\/\/balcilar-blog.com\/index.php?rest_route=\/wp\/v2\/posts\/21627","targetHints":{"allow":["GET"]}}],"collection":[{"href":"https:\/\/balcilar-blog.com\/index.php?rest_route=\/wp\/v2\/posts"}],"about":[{"href":"https:\/\/balcilar-blog.com\/index.php?rest_route=\/wp\/v2\/types\/post"}],"author":[{"embeddable":true,"href":"https:\/\/balcilar-blog.com\/index.php?rest_route=\/wp\/v2\/users\/3"}],"replies":[{"embeddable":true,"href":"https:\/\/balcilar-blog.com\/index.php?rest_route=%2Fwp%2Fv2%2Fcomments&post=21627"}],"version-history":[{"count":6,"href":"https:\/\/balcilar-blog.com\/index.php?rest_route=\/wp\/v2\/posts\/21627\/revisions"}],"predecessor-version":[{"id":21643,"href":"https:\/\/balcilar-blog.com\/index.php?rest_route=\/wp\/v2\/posts\/21627\/revisions\/21643"}],"wp:featuredmedia":[{"embeddable":true,"href":"https:\/\/balcilar-blog.com\/index.php?rest_route=\/wp\/v2\/media\/21640"}],"wp:attachment":[{"href":"https:\/\/balcilar-blog.com\/index.php?rest_route=%2Fwp%2Fv2%2Fmedia&parent=21627"}],"wp:term":[{"taxonomy":"category","embeddable":true,"href":"https:\/\/balcilar-blog.com\/index.php?rest_route=%2Fwp%2Fv2%2Fcategories&post=21627"},{"taxonomy":"post_tag","embeddable":true,"href":"https:\/\/balcilar-blog.com\/index.php?rest_route=%2Fwp%2Fv2%2Ftags&post=21627"}],"curies":[{"name":"wp","href":"https:\/\/api.w.org\/{rel}","templated":true}]}}