{"id":21562,"date":"2018-02-05T13:02:35","date_gmt":"2018-02-05T11:02:35","guid":{"rendered":"http:\/\/balcilar-blog.com\/?p=21562"},"modified":"2018-02-05T13:11:29","modified_gmt":"2018-02-05T11:11:29","slug":"gecen-haftanin-29-ocak-4-subat-2018-en-cok-izlenen-dizileri","status":"publish","type":"post","link":"https:\/\/balcilar-blog.com\/?p=21562","title":{"rendered":"Ge\u00e7en Haftan\u0131n (29 Ocak &#8211; 4 \u015eubat 2018) En \u00c7ok \u0130zlenen Dizileri!"},"content":{"rendered":"<p><img loading=\"lazy\" decoding=\"async\" class=\"alignnone size-full wp-image-21570\" src=\"http:\/\/balcilar-blog.com\/wp-content\/uploads\/2018\/02\/cats-5-\u015eUBAT.jpg\" alt=\"\" width=\"640\" height=\"356\" srcset=\"https:\/\/balcilar-blog.com\/wp-content\/uploads\/2018\/02\/cats-5-\u015eUBAT.jpg 640w, https:\/\/balcilar-blog.com\/wp-content\/uploads\/2018\/02\/cats-5-\u015eUBAT-300x167.jpg 300w\" sizes=\"auto, (max-width: 640px) 100vw, 640px\" \/><\/p>\n<p>TNS \u00f6l\u00e7\u00fcmlerine g\u00f6re haz\u0131rlad\u0131\u011f\u0131m\u00a0<strong>29 Ocak &#8211; 4 \u015eubat 2018\u00a0<\/strong>Tarihleri aras\u0131nda en \u00e7ok seyredilen alt\u0131 Ulusal kanallar\u0131m\u0131zda ekranlar\u0131m\u0131za gelen 35 dizi aras\u0131nda, Total\u2019de ve AB\u2019de ilk ona giren, haftan\u0131n dizi karnesini a\u015fa\u011f\u0131da bilgilerinize sunuyorum.<\/p>\n<p><strong>Ge\u00e7en Hafta G\u00f6sterimdeki Diziler :<\/strong><\/p>\n<p>S\u00f6z, \u00c7ukur, K\u0131rg\u0131n \u00c7i\u00e7ekler, Siyah Beyaz, Yalaza, E\u015fk\u0131ya D\u00fcnyaya H\u00fck\u00fcmdar Olmaz, Ufak Tefek Cinayetler, Kad\u0131n, K\u0131zlar\u0131m \u0130\u00e7in, Alija, Dirili\u015f Ertu\u011frul, Meryem, Babam\u0131n G\u00fcnahlar\u0131, Sen Anlat Karadeniz, Bizim Hikaye, Kanats\u0131z Ku\u015flar, Vatan\u0131m Sensin, Siyah \u0130nci, Mehmetcik K\u00fct&#8217;\u00fcl Amare, Yuvamdaki D\u00fc\u015fman, Arka Sokaklar, A\u015fk ve Mavi, \u0130stanbullu Gelin, \u015eevkat Yerimdar, Payitaht Abd\u00fclhamid,\u00a0Yeni Gelin, Kalbimdeki Deniz, Fazilet Han\u0131m ve K\u0131zlar\u0131, Bahtiyar \u00d6lmez, Kalk Gidelim, G\u00fclizar, Sava\u015f\u00e7\u0131, \u00c7ocuklar Duymas\u0131n, Cennetin g\u00f6z Ya\u015flar\u0131 ve Aslan Ailem dizilerinin yeni b\u00f6l\u00fcmleri yay\u0131nland\u0131.<\/p>\n<p>&nbsp;<\/p>\n<p><strong>HAFTANIN D\u0130Z\u0130LER\u0130NDE ;<\/strong><\/p>\n<p><strong>Total\u2019in ilk s\u0131ras\u0131nda<\/strong> bu hafta Sen Anlat Karadeniz 2.b\u00f6l\u00fcm\u00fcnde ald\u0131\u011f\u0131 16,75 reyting puan\u0131 ile ilk s\u0131rada yer ald\u0131. Total&#8217;in 10.s\u0131ras\u0131nda Atv&#8217;nin aile dizisi \u2018A\u015fk ve Mavi\u2019 ald\u0131\u011f\u0131 8,06 puanla yer ald\u0131.<\/p>\n<p><strong>AB\u2019nin ilk s\u0131ras\u0131nda<\/strong>,\u00a0 bu hafta Dirili\u015f Ertu\u011frul 104. b\u00f6l\u00fcm\u00fcnde ald\u0131\u011f\u0131 18,28 puanla AB&#8217;nin birinci s\u0131rada yer ald\u0131.. TRT1&#8217;in &#8220;Payitaht Abd\u00fclhamit&#8221; dizisi AB&#8217;de ald\u0131\u011f\u0131 7,38 puanla 10.s\u0131rada yer ald\u0131.<\/p>\n<p>&nbsp;<\/p>\n<p>Bu hafta\u00a0Star Tv&#8217;de yeni ba\u015flayan &#8220;<strong>Babam\u0131n G\u00fcnahlar\u0131<\/strong>&#8221; dizisi 4.b\u00f6l\u00fcm\u00fcnde erken final yaparak ekranlara veda etti.<\/p>\n<p><img loading=\"lazy\" decoding=\"async\" class=\"alignnone size-full wp-image-21445\" src=\"http:\/\/balcilar-blog.com\/wp-content\/uploads\/2018\/01\/77204.jpg\" alt=\"\" width=\"640\" height=\"426\" srcset=\"https:\/\/balcilar-blog.com\/wp-content\/uploads\/2018\/01\/77204.jpg 640w, https:\/\/balcilar-blog.com\/wp-content\/uploads\/2018\/01\/77204-300x200.jpg 300w\" sizes=\"auto, (max-width: 640px) 100vw, 640px\" \/><\/p>\n<p>&nbsp;<\/p>\n<p><strong>YALAZA DA F\u0130NAL YAPIYOR (TRT1) :<\/strong><\/p>\n<p>19 b\u00f6l\u00fcmd\u00fcr devam eden TRT1&#8217;in Yalaza dizisinde bu ak\u015fam final yaparak ekranlara veda ediyor.<\/p>\n<p><img loading=\"lazy\" decoding=\"async\" class=\"alignnone size-full wp-image-21573\" src=\"http:\/\/balcilar-blog.com\/wp-content\/uploads\/2018\/02\/yalaza-dizisi-final-yapiyor-1516022941.jpg\" alt=\"\" width=\"640\" height=\"352\" srcset=\"https:\/\/balcilar-blog.com\/wp-content\/uploads\/2018\/02\/yalaza-dizisi-final-yapiyor-1516022941.jpg 640w, https:\/\/balcilar-blog.com\/wp-content\/uploads\/2018\/02\/yalaza-dizisi-final-yapiyor-1516022941-300x165.jpg 300w\" sizes=\"auto, (max-width: 640px) 100vw, 640px\" \/><\/p>\n<p>Ba\u015frollerini; Sinan Taymin Albayrak (Alev Yanarda\u011f), Didem Bal\u00e7\u0131n (Nalan \u0130nce), \u0130pek Tuzcuo\u011flu (Settar G\u00f6nl\u00fcbol), Hasan Ka\u00e7an, Santral (Kadir \u00c7\u00f6pdemir), Faik Akart\u00fcrk (Erol Aksoy) ba\u015fl\u0131ca rolleri canland\u0131r\u0131yordu.<\/p>\n<p>Konusu : 49 ya\u015f\u0131nda, Tarakl\u0131 do\u011fumlu marangoz \u0130brahim Akart\u00fcrk. D\u00f6rt yeti\u015fkin k\u0131z\u0131n\u0131, afacan k\u00fc\u00e7\u00fck o\u011flunu, bunamaya ba\u015flam\u0131\u015f bir t\u00fcrl\u00fc \u00f6lmeyen babas\u0131n\u0131 ve evin etraf\u0131nda kasap kedileri gibi dolanan damat adaylar\u0131n\u0131 saymazsak, pek bir s\u0131k\u0131nt\u0131s\u0131 yok. Ta ki, hayat\u0131n\u0131n o \u201cen \u00f6nemli g\u00fcn\u201d\u00fc gelene kadar. Kar\u0131s\u0131n\u0131 kaybedeli 10 sene olan \u0130brahim, babas\u0131n\u0131n ve ahalinin zoru ile, sevmedi\u011fi bir kad\u0131na, Nalan\u2019a talip olur. Ancak, hayat\u0131 yemek tenceresinden g\u00f6ren Nalan\u2019\u0131n ikram etti\u011fi bir mantar, \u0130brahim\u2019teki bir alerjik reaksiyonu tetikler, ge\u00e7ici bir fel\u00e7 durumu ya\u015far. \u00dcstelik tam da o anda, Tarakl\u0131\u2019ya hen\u00fcz gelen Alev, arabas\u0131yla \u0130brahim\u2019e \u00e7arpar. \u00d6ld\u00fc san\u0131lan \u0130brahim, tezcanl\u0131 hem\u015fehrilerinin gaz\u0131yla musalla ta\u015f\u0131na konur. Bu, \u0130brahim\u2019in \u00f6ld\u00fc\u011f\u00fc g\u00fcnd\u00fcr! Ama ayn\u0131 zamanda dirildi\u011fi g\u00fcnd\u00fcr bu: \u00e7\u00fcnk\u00fc Alev\u2019i y\u0131llar sonra ilk defa o g\u00fcn g\u00f6r\u00fcr. Hayat\u0131n\u0131n a\u015fk\u0131, ya\u015famad\u0131\u011f\u0131 her \u015feyi simgeleyen, yeni bir soluk, yeni duygular ve ya\u015famak i\u00e7in yeni bir sebep. \u0130brahim\u2019in hayat\u0131, bir daha asla eskisi gibi olmayacakt\u0131r. Basit bir marangozdur, ama \u015fimdi organik tar\u0131m yapan, laptopundan tar\u0131m borsas\u0131n\u0131 izleyen bu \u015fehirli kad\u0131na a\u015f\u0131kt\u0131r. D\u00f6rt yeti\u015fkin k\u0131z\u0131, \u00fc\u00e7 u\u00e7uk damat aday\u0131, ikide bir karakollardan toplad\u0131\u011f\u0131 bunak babas\u0131, ele avuca s\u0131\u011fmaz k\u00fc\u00e7\u00fck o\u011flu ve pe\u015fini bir t\u00fcrl\u00fc b\u0131rakmayan Nalan. Tarakl\u0131\u2019l\u0131 bu \u201c\u00c7a\u011fda\u015f Nasrettin Hoca\u201dn\u0131n etraf\u0131nda da \u00e7\u0131lg\u0131n bir topluluk var: Alman kahveci Helmut, Deli Kezban, Milliyet\u00e7i Fatih Weissm\u00fcller\u2026 Mafyac\u0131l\u0131k oynayan Oral Abi, yard\u0131mc\u0131s\u0131 \u0130smail\u2026 Postac\u0131 Asil\u2026 Kaz\u0131k\u00e7\u0131 arsa spek\u00fclat\u00f6r\u00fc Ya\u015far\u2026 Falc\u0131 Nazmiye ve di\u011ferleri\u2026 \u0130brahim\u2019in ba\u015f\u0131na gelen, \u201cpi\u015fmi\u015f tavu\u011fun ba\u015f\u0131na\u201d gelmeyecek bir hikaye anlat\u0131l\u0131yordu.<\/p>\n<p>Bu hafta en \u00e7ok izlenen ilk ona giren dizlere g\u00f6z atal\u0131m.<\/p>\n<p>Bu s\u0131ralama sadece dizilerin reytingler y\u00fczdesine g\u00f6re en \u00e7ok izlenen dizilerin ilk 10\u2019da yer alanlar\u0131n\u0131 s\u0131ralamaya koyuyorum. Yar\u0131\u015fma, e\u011flence ve haber programlar\u0131 y\u00fczdeleri y\u00fcksek olsa da bu s\u0131ralamaya koymuyorum. Bu sadece dizilerin yar\u0131\u015f\u0131d\u0131r, en \u00e7ok izlenen dizilerin s\u0131ralamas\u0131d\u0131r. Bir nevi dizilerin karnesidir.<\/p>\n<p>&nbsp;<\/p>\n<p><strong>Ge\u00e7en Haftan\u0131n En \u00c7ok \u0130zlenen Dizileri:<\/strong><\/p>\n<p><strong>Total ilk 10 :<\/strong><\/p>\n<p>1.Sen Anlat Karadeniz (Atv) 2.B\u00f6l\u00fcm&#8230;&#8230;&#8230;&#8230;&#8230;&#8230;&#8230;&#8230;&#8230;.16,75 &#8211; 33,91<\/p>\n<p>2.Dirili\u015f Ertu\u011frul\u00a0 104.B\u00f6l\u00fcm (TRT1)&#8230;&#8230;&#8230;&#8230;&#8230;&#8230;&#8230;&#8230;&#8230;.14,94 &#8211; 29,66<\/p>\n<p>3.S\u00f6z 31.B\u00f6l\u00fcm (Star Tv)&#8230;&#8230;&#8230;&#8230;&#8230;&#8230;&#8230;&#8230;&#8230;&#8230;&#8230;&#8230;&#8230;&#8230;&#8230;..13,08 &#8211; 26,32<\/p>\n<p>4.\u00c7ukur 14.B\u00f6l\u00fcm (Show Tv)&#8230;&#8230;&#8230;&#8230;&#8230;&#8230;&#8230;&#8230;&#8230;&#8230;&#8230;&#8230;&#8230;..10,73 &#8211; 21,59<\/p>\n<p>5.Kad\u0131n 14.B\u00f6l\u00fcm (Fox Tv)&#8230;&#8230;&#8230;&#8230;&#8230;&#8230;&#8230;&#8230;&#8230;&#8230;&#8230;&#8230;&#8230;&#8230;&#8230;.9,45 &#8211; 19,64<\/p>\n<p>6.Bizim Hikaye 20.B\u00f6l\u00fcm (Fox Tv)&#8230;&#8230;&#8230;&#8230;&#8230;&#8230;&#8230;&#8230;&#8230;&#8230;&#8230;9,06 &#8211; 19,19<\/p>\n<p>7.E\u015fk\u0131ya D\u00fcnyaya h\u00fck\u00fcmdar Olmaz (Atv) 89.B\u00f6l\u00fcm&#8230;..8,88 &#8211; 18,08<\/p>\n<p>8.Arka Sokaklar 467.B\u00f6l\u00fcm (Kanal D)&#8230;&#8230;&#8230;&#8230;&#8230;&#8230;&#8230;&#8230;&#8230;.8,78 &#8211; 18,07<\/p>\n<p>9.Sava\u015f\u00e7\u0131 30.B\u00f6l\u00fcm (Fox Tv)&#8230;&#8230;&#8230;&#8230;&#8230;&#8230;&#8230;&#8230;&#8230;&#8230;&#8230;&#8230;&#8230;&#8230;.8,15 &#8211; 17,54<\/p>\n<p>10.A\u015fk ve Mavi 51.B\u00f6l\u00fcm (Atv)&#8230;&#8230;&#8230;&#8230;&#8230;&#8230;&#8230;&#8230;&#8230;&#8230;&#8230;&#8230;&#8230;.8,06 &#8211; 16,74<\/p>\n<p>&nbsp;<\/p>\n<p><strong>AB\u2019de ilk 10 :<\/strong><\/p>\n<p>1-Dirili\u015f Ertu\u011frul 104.B\u00f6l\u00fcm (TRT1)&#8230;&#8230;&#8230;&#8230;&#8230;&#8230;&#8230;&#8230;&#8230;&#8230;18,28 &#8211; 37,33<\/p>\n<p>2.Ufak Tefek Cinayetler 14.B\u00f6l\u00fcm (Star Tv)&#8230;&#8230;&#8230;&#8230;&#8230;&#8230;.12,57 &#8211; 28,60<\/p>\n<p>3.\u00c7ukur 14.B\u00f6l\u00fcm (Show Tv)&#8230;&#8230;&#8230;&#8230;&#8230;&#8230;&#8230;&#8230;&#8230;&#8230;&#8230;&#8230;&#8230;&#8230;.11,60 &#8211; 25,37<\/p>\n<p>4.S\u00f6z 31.B\u00f6l\u00fcm (Star Tv)&#8230;&#8230;&#8230;&#8230;&#8230;&#8230;&#8230;&#8230;&#8230;&#8230;&#8230;&#8230;&#8230;&#8230;&#8230;&#8230;.10,49 &#8211; 22,98<\/p>\n<p>5.\u0130stanbullu Gelin 35.B\u00f6l\u00fcm (Star Tv)&#8230;&#8230;&#8230;&#8230;&#8230;&#8230;&#8230;&#8230;&#8230;.10,04 &#8211; 22,33<\/p>\n<p>6.Sen Anlat Karadeniz (Atv) 2.B\u00f6l\u00fcm&#8230;&#8230;&#8230;&#8230;&#8230;&#8230;&#8230;&#8230;&#8230;&#8230;.9,76 &#8211; 21,51<\/p>\n<p>7.Vatan\u0131m Sensin 43.B\u00f6l\u00fcm (Kanal D)&#8230;&#8230;&#8230;&#8230;&#8230;&#8230;&#8230;&#8230;&#8230;..8,51 &#8211; 19,02<\/p>\n<p>8.Kad\u0131n 14.B\u00f6l\u00fcm (Fox Tv)&#8230;&#8230;&#8230;&#8230;&#8230;&#8230;&#8230;&#8230;&#8230;&#8230;&#8230;&#8230;&#8230;&#8230;&#8230;..7,95 &#8211; 18,08<\/p>\n<p>9.Mehmetcik K\u00fct&#8217;\u00fcl-Amare 3.B\u00f6l\u00fcm (TRT1)&#8230;&#8230;&#8230;&#8230;&#8230;&#8230;.7,39 &#8211; 16,40<\/p>\n<p>10.Payitaht Abd\u00fclhamit 36.B\u00f6l\u00fcm (TRT1)&#8230;&#8230;&#8230;&#8230;&#8230;&#8230;&#8230;..7,38 &#8211; 16,41<\/p>\n<p>&nbsp;<\/p>\n<p>&nbsp;<\/p>\n<p><strong>TOTAL ve AB Grubunda reytingleri en y\u00fcksek olan Haftan\u0131n ilk 5 s\u0131ralamas\u0131 :<\/strong><\/p>\n<p><strong>1.D\u0130R\u0130L\u0130\u015e ERTU\u011eRUL<\/strong> : TRT1&#8217;in iddial\u0131 sevilen dizisi her hafta oldu\u011fu gibi haftan\u0131n dizileri aras\u0131nda AB&#8217;de ald\u0131\u011f\u0131 18,28 reyting puan\u0131 ile 1. s\u0131rada yer al\u0131yor.<\/p>\n<p><img loading=\"lazy\" decoding=\"async\" class=\"alignnone size-full wp-image-21564\" src=\"http:\/\/balcilar-blog.com\/wp-content\/uploads\/2018\/02\/dirili\u015f-104.bl_..jpg\" alt=\"\" width=\"640\" height=\"354\" srcset=\"https:\/\/balcilar-blog.com\/wp-content\/uploads\/2018\/02\/dirili\u015f-104.bl_..jpg 640w, https:\/\/balcilar-blog.com\/wp-content\/uploads\/2018\/02\/dirili\u015f-104.bl_.-300x166.jpg 300w\" sizes=\"auto, (max-width: 640px) 100vw, 640px\" \/><\/p>\n<p>Ertu\u011frul, Bahad\u0131r ve ailesini bertaraf ettikten sonra Karacahisar Kalesi\u2019ni fethetmek i\u00e7in yola koyulmu\u015f, gizli ge\u00e7itten girip nihayet kaleyi fethetmi\u015fti. Ares ise kendini \u00f6l\u00fcler aras\u0131na saklayarak ka\u00e7may\u0131 ba\u015farm\u0131\u015ft\u0131. Ertu\u011frul\u2019un bundan sonraki idare siyaseti ne olacak? Kaleyi fethetmesi Ertu\u011frul\u2019a ne gibi mesuliyetler y\u00fckleyecek? Ares\u2019i yakalamak i\u00e7in ne yapacak? \u0130mparatordan gelecek tehditler ve sald\u0131r\u0131lara kar\u015f\u0131 ne gibi tedbirler alacak? Kaleyi kaybeden ve \u00f6l\u00fclerin aras\u0131na gizlenip ka\u00e7an Ares nereye gidecek? Bilecik Tekfuru\u2019na ula\u015fabilecek mi? Ertu\u011frul\u2019dan kaleyi geri almak i\u00e7in nas\u0131l bir yol izleyecek? Yakalanacak m\u0131 yoksa ordu toplay\u0131p geri mi d\u00f6necek? Yaralanan Titan\u2019\u0131n ak\u0131beti ne olacak? Ares\u2019in pe\u015fine d\u00fc\u015fen Ats\u0131z onu yakalayabilecek mi? Ertu\u011frul\u2019un fetih haberi geldikten sonra Sultan nas\u0131l bir kar\u015f\u0131l\u0131k verecek? Emir Saadeddin\u2019in bu duruma tepkisi ve plan\u0131 ne olacak?<\/p>\n<p><strong>2.SEN ANLAT KARADEN\u0130Z<\/strong> : Atv&#8217;nin yeni dizisi daha 2.haftas\u0131nda haftan\u0131n dizileri aras\u0131na Total&#8217;de ald\u0131\u011f\u0131 16,75 puanla 2.s\u0131radan girdi. Bu bir rekor diyebiliriz, hem de ge\u00e7ilemeyen Dirili\u015f Ertu\u011frul dizisini, ge\u00e7erek bunu yapt\u0131.<\/p>\n<p><img loading=\"lazy\" decoding=\"async\" class=\"alignnone size-full wp-image-21569\" src=\"http:\/\/balcilar-blog.com\/wp-content\/uploads\/2018\/02\/sen_anlat_karadeniz_2.bl_..png\" alt=\"\" width=\"640\" height=\"358\" srcset=\"https:\/\/balcilar-blog.com\/wp-content\/uploads\/2018\/02\/sen_anlat_karadeniz_2.bl_..png 640w, https:\/\/balcilar-blog.com\/wp-content\/uploads\/2018\/02\/sen_anlat_karadeniz_2.bl_.-300x168.png 300w\" sizes=\"auto, (max-width: 640px) 100vw, 640px\" \/><\/p>\n<p>Nefes Vedat\u2019a teslim olmak yerine, Deli Tahir\u2019in elini tutup Karadeniz\u2019in sarp kayalar\u0131ndan h\u0131r\u00e7\u0131n dalgalar\u0131na atlamay\u0131 g\u00f6ze al\u0131r. Ancak bu atlay\u0131\u015f, Nefes\u2019in bo\u011fulmas\u0131na ve kalbinin durmas\u0131na neden olur.<\/p>\n<p>Tahir, Nefes ve Yi\u011fit\u2019le hayat m\u00fccadelesi verirken, ailesi de Vedat ve adamlar\u0131yla b\u00fcy\u00fck bir kavgaya tutu\u015fur. Sonunda, Yangazlar\u2019\u0131n yapt\u0131\u011f\u0131 ak\u0131ll\u0131ca bir oyunla, Tahir, Nefes ve Yi\u011fit kurtulurlar. Ancak, onlar\u0131n ge\u00e7ici kurtulu\u015fu, Vedat\u2019\u0131n psikopat\u00e7a \u00f6fkesini k\u00f6y halk\u0131na \u00e7evirmesine neden olur. Kar\u0131s\u0131n\u0131 ve o\u011flunu saklayan Karadenizlilere yapmad\u0131\u011f\u0131n\u0131 b\u0131rakmaz. K\u00f6y\u00fcn imam\u0131 Osman Hoca\u2019ya i\u015fkence etmek, Vedat\u2019\u0131n canavarl\u0131\u011f\u0131n\u0131n son noktas\u0131 olacakt\u0131r.<\/p>\n<p>Tahir ise, ka\u00e7t\u0131klar\u0131 yayla evinde, Vedat\u2019\u0131n sekiz y\u0131ld\u0131r Nefes\u2019e neler \u00e7ektirdi\u011fini \u00f6\u011frenir. Nefes\u2019in ya\u015fad\u0131klar\u0131n\u0131 \u00f6\u011frenmek, o sert Karadeniz delikanl\u0131s\u0131n\u0131n h\u00fcng\u00fcr h\u00fcng\u00fcr a\u011flamas\u0131na neden olur. O gece, iki gen\u00e7 ac\u0131lar\u0131n\u0131 ve \u00f6fkelerini Karadeniz\u2019in da\u011flar\u0131na, dalgalar\u0131na, bulutlar\u0131na ak\u0131t\u0131rlar.<\/p>\n<p>Onlar sakland\u0131klar\u0131 yerde ac\u0131lar\u0131yla bo\u011fu\u015furlarken, Vedat ve Ey\u015fan herkes i\u00e7in yeni ac\u0131lar yaratman\u0131n pe\u015findedirler. Mustafa, ailesinin ge\u00e7im kayna\u011f\u0131 Kaleli Kum\u2019un batmas\u0131 tehlikesiyle kar\u015f\u0131 kar\u015f\u0131ya kal\u0131r.<\/p>\n<p><strong>3.S\u00d6Z<\/strong> : Star Tv\u2019nin ilgi ile izlenen dizisi S\u00f6z 31.b\u00f6l\u00fcm\u00fcnde Total\u2019de ald\u0131\u011f\u0131 13,08 reyting puan\u0131 ile haftan\u0131n dizileri aras\u0131nda bu hafta bir basamak gerileyerek 3.s\u0131rada yer ald\u0131.<\/p>\n<p><img loading=\"lazy\" decoding=\"async\" class=\"alignnone size-full wp-image-21567\" src=\"http:\/\/balcilar-blog.com\/wp-content\/uploads\/2018\/02\/77442-s\u00f6z.jpg\" alt=\"\" width=\"640\" height=\"426\" srcset=\"https:\/\/balcilar-blog.com\/wp-content\/uploads\/2018\/02\/77442-s\u00f6z.jpg 640w, https:\/\/balcilar-blog.com\/wp-content\/uploads\/2018\/02\/77442-s\u00f6z-300x200.jpg 300w\" sizes=\"auto, (max-width: 640px) 100vw, 640px\" \/><\/p>\n<p>Yavuz, Agah\u2019la bulu\u015ftu\u011fu an, b\u00fcy\u00fck bir tehlikenin i\u00e7inde kal\u0131rlar<br \/>\nYavuz \u00f6\u011frendi\u011fi ger\u00e7ekle y\u00fczle\u015firken, babas\u0131 Hamit Karasu (Agah) onun g\u00f6reve geri d\u00f6nmesi i\u00e7in engelleri ortadan kald\u0131rm\u0131\u015ft\u0131r. Yavuz tekrar kutsal \u00fcniformas\u0131na kavu\u015furken Haf\u0131z, \u015e\u00fckran taraf\u0131ndan hain bir tuza\u011f\u0131n i\u00e7ine \u00e7ekilmek \u00fczeredir.<\/p>\n<p>Tim, Haf\u0131z\u2019\u0131n zor durumda oldu\u011fu haberini al\u0131r almaz harekete ge\u00e7er. Ama ter\u00f6ristler \u00e7oktan hamlesini yapm\u0131\u015f ve Haf\u0131z\u2019\u0131n etraf\u0131n\u0131 \u00e7evirmi\u015ftir.<\/p>\n<p>\u00c7olak\u2019\u0131n r\u00f6portaj hamlesi t\u00fcm d\u00fcnya kamuoyunda b\u00fcy\u00fck bir infiale neden olmu\u015ftur. Arkas\u0131na r\u00fczg\u00e2r\u0131 ald\u0131\u011f\u0131n\u0131 sanan \u00c7olak hain plan\u0131n\u0131 devreye sokar.<\/p>\n<p>\u00c7aylak ve Su\u2019nun ni\u015fan t\u00f6reninde aniden gelen bir haber \u00fczerine Tim, \u00c7olak\u2019\u0131n plan\u0131n\u0131 bertaraf etmek i\u00e7in harekete ge\u00e7er. Yavuz ise Agah\u2019la bulu\u015ftu\u011fu an, Baba-O\u011ful b\u00fcy\u00fck bir tehlikenin i\u00e7inde kal\u0131rlar.<\/p>\n<p>&nbsp;<\/p>\n<p><strong>4.UFAK TEFEK C\u0130NAYETLER<\/strong>\u00a0: Star Tv&#8217;nin be\u011feni ile izlenen dizisi Ufak Tefek Cinayetler bu hafta AB&#8217;de ald\u0131\u011f\u0131 12,57 reyting puan\u0131 ile haftan\u0131n dizileri aras\u0131nda bu hafta tekrar girerek 4.s\u0131rada yer ald\u0131.<\/p>\n<p><img loading=\"lazy\" decoding=\"async\" class=\"alignnone size-full wp-image-21566\" src=\"http:\/\/balcilar-blog.com\/wp-content\/uploads\/2018\/02\/77391-14.bl_..jpg\" alt=\"\" width=\"640\" height=\"426\" srcset=\"https:\/\/balcilar-blog.com\/wp-content\/uploads\/2018\/02\/77391-14.bl_..jpg 640w, https:\/\/balcilar-blog.com\/wp-content\/uploads\/2018\/02\/77391-14.bl_.-300x200.jpg 300w\" sizes=\"auto, (max-width: 640px) 100vw, 640px\" \/><\/p>\n<p>Oya ve Edip, 96\u2019y\u0131 anlat\u0131yor, ortal\u0131k fena kar\u0131\u015f\u0131yor. \u015eer birli\u011fi i\u00e7in bedel \u00f6deme vakti geldi. Oya\u2019n\u0131n patlatt\u0131\u011f\u0131 bombalar deprem etkisi yarat\u0131yor. Peki Merve \u015fimdi ne yapacak? \u0130\u015fler kontrol\u00fcnden \u00f6yle bir \u00e7\u0131kt\u0131 ki hemen bir hamlede bulunmazsa her \u015fey elinden yitip gidecek. Merve\u2019yi ancak zehir gibi zekas\u0131 kurtarabilir. Pelin\u2019inse g\u00f6z\u00fc ya\u015fl\u0131\u2026<\/p>\n<p>Taylan hayat\u0131n\u0131n bir yalan \u00fczerine kurulu oldu\u011funu anlay\u0131nca f\u0131rt\u0131na gibi esiyor. Pelin ne yapaca\u011f\u0131n\u0131 bilemez halde, Merve\u2019den medet umuyor. Arzu da ge\u00e7mi\u015fin bedelini a\u011f\u0131r \u00f6d\u00fcyor; Nilay evi terk ediyor. Arzu k\u0131z\u0131n\u0131 geri kazanabilecek mi? Oya ve Serhan bir d\u00f6n\u00fcm noktas\u0131nda art\u0131k. Ya a\u015fk\u0131 se\u00e7ecekler ya da mutsuz ama al\u0131\u015fk\u0131n olduklar\u0131 hayat\u0131\u2026<\/p>\n<p>&nbsp;<\/p>\n<p><strong>5.\u00c7UKUR\u00a0<\/strong>: Show Tv&#8217;nin iddial\u0131 dizisi bu hafta sonra tekrar ilk be\u015fte yer ald\u0131 ve haftan\u0131n dizileri aras\u0131nda 5.s\u0131rada\u00a0 AB&#8217;de ald\u0131\u011f\u0131 11,60 reyting puan\u0131 ile 5.s\u0131radan tekrar girdi.<\/p>\n<p><img loading=\"lazy\" decoding=\"async\" class=\"alignnone size-full wp-image-21565\" src=\"http:\/\/balcilar-blog.com\/wp-content\/uploads\/2018\/02\/2ba57614b5f04057a5f4724d253c82b8_840.jpg\" alt=\"\" width=\"640\" height=\"379\" srcset=\"https:\/\/balcilar-blog.com\/wp-content\/uploads\/2018\/02\/2ba57614b5f04057a5f4724d253c82b8_840.jpg 640w, https:\/\/balcilar-blog.com\/wp-content\/uploads\/2018\/02\/2ba57614b5f04057a5f4724d253c82b8_840-300x178.jpg 300w\" sizes=\"auto, (max-width: 640px) 100vw, 640px\" \/><\/p>\n<p>\u00c7ukur&#8217;un 14. B\u00f6l\u00fcm\u00fcnde;\u00a0Hi\u00e7bir s\u0131r sonsuza kadar sakl\u0131 kalamaz! \u00c7ukur\u2019da b\u00fcy\u00fck y\u00fczle\u015fmelerin ya\u015fanaca\u011f\u0131 heyecan dolu bir d\u00f6nem ba\u015fl\u0131yor. \u00c7ukur\u2019da hayat art\u0131k kimse i\u00e7in eskisi gibi olmayacakt\u0131r. Yama\u00e7, Vartolu\u2019nun a\u011fabeyi oldu\u011fu ger\u00e7e\u011fini \u00f6\u011frenir. Hayat\u0131n\u0131 tepetaklak edecek bu b\u00fcy\u00fck geli\u015fme kar\u015f\u0131s\u0131nda Yama\u00e7\u2019\u0131n ne yapaca\u011f\u0131 merakla beklenirken; ge\u00e7mi\u015fin g\u00fcnahlar\u0131 \u00c7ukur\u2019da ta\u015f \u00fcst\u00fcnde ta\u015f b\u0131rakmayacakt\u0131r.<\/p>\n<p>&nbsp;<\/p>\n<p><strong>HER \u0130K\u0130 KATEGOR\u0130DE \u0130LK ON&#8217;DA YER ALAN D\u0130Z\u0130LER :<\/strong><\/p>\n<p>S\u00f6z (Star), \u00c7ukur (Show),\u00a0 Kad\u0131n (fox), Dirili\u015f Ertu\u011frul (TRT1) ve Sen Anlat Karadeniz (Atv) her iki grupta yer alan diziler olmu\u015ftur.<\/p>\n<p>&nbsp;<\/p>\n<p><strong>KANALLARA G\u00d6RE SIRALAMAYA G\u00d6Z ATARSAK:<\/strong><\/p>\n<p><strong>Total grubunda ilk onda<\/strong>: Fox Tv ve Atv\u00a0 3 dizi ile yer ald\u0131. TRT1, Star Tv, Show Tv\u00a0 ve Kanal D birer dizi ile yer alm\u0131\u015ft\u0131r.<\/p>\n<p><strong>AB\u2019de ilk onda<\/strong>: Star Tv ve TRT1 3 dizi,\u00a0 TRT1 3 dizi. Fox Tv. Show Tv, Atv ve Kanal D birer\u00a0 dizi ile yer alm\u0131\u015ft\u0131r<\/p>\n<p><strong>Bu haftan\u0131n kanal\u0131<\/strong>; <strong>Atv\u00a0ve Fox Tv<\/strong> Total&#8217;de 3 dizi ve AB&#8217;de 1 dizi\u00a0 ile\u00a0haftan\u0131n kanal\u0131 olmu\u015flard\u0131r. <strong>TRT1 AB&#8217;de 3 ve Total&#8217;de 1 dizi ile ortak olmu\u015ftur.<\/strong><\/p>\n<p>&nbsp;<\/p>\n<p><strong>YEN\u0130 D\u0130Z\u0130 &#8211; ADI ZEHRA (FOX TV) :<\/strong><\/p>\n<p><img loading=\"lazy\" decoding=\"async\" class=\"alignnone size-full wp-image-21571\" src=\"http:\/\/balcilar-blog.com\/wp-content\/uploads\/2018\/02\/ad\u0131-zehra.jpg\" alt=\"\" width=\"640\" height=\"360\" srcset=\"https:\/\/balcilar-blog.com\/wp-content\/uploads\/2018\/02\/ad\u0131-zehra.jpg 640w, https:\/\/balcilar-blog.com\/wp-content\/uploads\/2018\/02\/ad\u0131-zehra-300x169.jpg 300w\" sizes=\"auto, (max-width: 640px) 100vw, 640px\" \/><\/p>\n<p>Yap\u0131mc\u0131l\u0131\u011f\u0131n\u0131 NTC Medya (Mehmet Yi\u011fit Alp)&#8217;\u0131n \u00fcstlendi\u011fi, Y\u00f6netmenli\u011fini Taner Akvardar&#8217;\u0131n yapt\u0131\u011f\u0131, senaryosunu; Bekir Baran S\u0131tk\u0131, Murat Emir Eren ve Rana Mamatl\u0131o\u011flu&#8217;nun yazd\u0131\u011f\u0131 bir drama dizisi Fox Tv&#8217;den geliyor.<\/p>\n<p><strong>Oyuncular<\/strong> : Zeynep \u00c7amc\u0131, Hatice Aslan, Alican Y\u00fccesoy ve \u0130nan\u00e7 Konuk\u00e7u.<\/p>\n<p><img loading=\"lazy\" decoding=\"async\" class=\"alignnone size-full wp-image-21572\" src=\"http:\/\/balcilar-blog.com\/wp-content\/uploads\/2018\/02\/Adi-Zehra-4259-galeri-re.jpg\" alt=\"\" width=\"640\" height=\"360\" srcset=\"https:\/\/balcilar-blog.com\/wp-content\/uploads\/2018\/02\/Adi-Zehra-4259-galeri-re.jpg 640w, https:\/\/balcilar-blog.com\/wp-content\/uploads\/2018\/02\/Adi-Zehra-4259-galeri-re-300x169.jpg 300w\" sizes=\"auto, (max-width: 640px) 100vw, 640px\" \/><\/p>\n<p><strong>Konusu<\/strong>:\u00a0Berlin\u2019de; tutucu bir T\u00fcrk ailesinin k\u0131z\u0131 olarak d\u00fcnyaya gelen 23 ya\u015f\u0131ndaki Zehra \u015eim\u015fek\u2019in ya\u015fad\u0131klar\u0131 ne planlanabilir ne de yery\u00fcz\u00fcndeki herhangi biri, onun ya\u015fad\u0131klar\u0131n\u0131 hayal edebilirdir! Dizi, G\u00f6\u00e7men T\u00fcrk k\u0131z\u0131 Zehra\u2019n\u0131n Berlin\u2019deki yoksul ve ba\u011fnaz ailesinin evinde ba\u015flay\u0131p, \u0130stanbullu zengin bir ailenin s\u0131rlarla ve korkun\u00e7 bir su\u00e7la g\u00f6lgelenmi\u015f kona\u011f\u0131nda devam eden inan\u0131lmaz \u00f6yk\u00fcs\u00fcn\u00fc anlat\u0131r.<\/p>\n<p>Ailesinin namusunu kirletti\u011fi gerek\u00e7esiyle bir otobanda \u00f6l\u00fcme terk edilen ve bir kimli\u011fi bile olmayan gen\u00e7 Zehra, ard\u0131 ard\u0131na gelen olaylar sonucunda yedi y\u0131ld\u0131r kay\u0131p olan Hande adl\u0131 bir k\u0131z\u0131n yerine ge\u00e7er. \u00dcstelik kay\u0131p k\u0131z\u0131n annesi de Almanya\u2019ya, T\u00fcrk konsoloslu\u011funa davet edilmi\u015f ve Zehra\u2019y\u0131 k\u0131z\u0131 olarak te\u015fhis etmi\u015ftir! K\u0131z\u0131n\u0131 buldu\u011fu i\u00e7in sevin\u00e7 i\u00e7inde olan anne, Zehra\u2019y\u0131 al\u0131p, \u0130stanbul\u2019a g\u00f6t\u00fcr\u00fcr.<\/p>\n<p>Zehra, ba\u015f\u0131na daha b\u00fcy\u00fck dertler a\u00e7\u0131laca\u011f\u0131n\u0131 bilmeden \u0130stanbul\u2019a gider. Ama akl\u0131nda binlerce soru vard\u0131r. Bir anne \u00f6z k\u0131z\u0131n\u0131 nas\u0131l olup da tan\u0131yamam\u0131\u015ft\u0131r? Sahiden Zehra\u2019y\u0131 k\u0131z\u0131na m\u0131 benzetmi\u015ftir? Her \u015feyden \u00f6nemlisi, ger\u00e7ek Hande\u2019ye ne olmu\u015ftur? Bu aile neyi gizlemektedir?<\/p>\n<p>Bir yandan pe\u015findeki babas\u0131 ve a\u011fabeyinden ka\u00e7an, bir yandan da \u00f6z annesini merak eden Zehra, yeni ailesi hakk\u0131ndaki s\u0131rlar\u0131 \u00f6\u011frendik\u00e7e, hem kendi hayat\u0131 giderek daha da tehlikeye girecek, hem de a\u015fk\u0131 yeniden ke\u015ffedecektir.<\/p>\n<p><strong>Ad\u0131: Zehra, ilk tan\u0131t\u0131m fragman\u0131 yay\u0131nland\u0131 (1)&#8230;\u00a0 Yak\u0131nda FOX Tv. ekranlar\u0131nda&#8230;<\/strong><\/p>\n<p>&nbsp;<\/p>\n<p>Sayg\u0131lar ve sevgiler.<\/p>\n<div id=\"mCSB_1_container\" class=\"mCSB_container\" dir=\"ltr\">\n<div class=\"etiket\">\n<p>Abdurrahman Balc\u0131lar<\/p>\n<p>Twitter:\u00a0<a href=\"https:\/\/twitter.com\/abbalcilar\">abdurrahman balc\u0131lar<\/a><a href=\"https:\/\/twitter.com\/abbalcilar\"><strong>@abbalcilar<\/strong><\/a><\/p>\n<p>Mail :\u00a0<a href=\"mailto:ab.balcilar@hotmail.com\">ab.balcilar@hotmail.com<\/a><\/p>\n<p>Blog:\u00a0<a href=\"http:\/\/t.co\/znqmIZgIqn\">blog.milliyet.com.tr\/cansever<\/a><\/p>\n<p>Blog:\u00a0<a href=\"http:\/\/balcilar-blog.com\/\">Abdurrahman Balc\u0131lar Blog Sayfas\u0131<\/a><\/p>\n<p>(1) Ad\u0131 Zehra :https:\/\/www.youtube.com\/watch?v=W4relXyGjIM<\/p>\n<p>Not: Dizi reytingleri TNS \u00f6l\u00e7\u00fcmlerinden, g\u00f6rseller ve diziler hakk\u0131nda bilgi dizi tan\u0131t\u0131m sayfalar\u0131ndan al\u0131nm\u0131\u015ft\u0131r.<\/p>\n<p><strong>*\u015eahsi Blog sayfamda ve Milliyet Blog\u2019da yay\u0131nlanan blog yaz\u0131lar\u0131 b\u00fcy\u00fck bir \u00e7al\u0131\u015fman\u0131n \u00fcr\u00fcn\u00fc olup, izinsiz ya da kaynak g\u00f6stermeden al\u0131nt\u0131 yap\u0131lamaz. Aksi halde kanuni i\u015flem yap\u0131l\u0131r.<\/strong><\/p>\n<\/div>\n<\/div>\n<div id=\"mCSB_1_scrollbar_vertical\" class=\"mCSB_scrollTools mCSB_1_scrollbar mCS-light mCSB_scrollTools_vertical\"><\/div>\n","protected":false},"excerpt":{"rendered":"<p>TNS \u00f6l\u00e7\u00fcmlerine g\u00f6re haz\u0131rlad\u0131\u011f\u0131m\u00a029 Ocak &#8211; 4 \u015eubat 2018\u00a0Tarihleri aras\u0131nda en \u00e7ok seyredilen alt\u0131 Ulusal kanallar\u0131m\u0131zda ekranlar\u0131m\u0131za gelen 35 dizi aras\u0131nda, Total\u2019de ve AB\u2019de ilk ona giren, haftan\u0131n dizi karnesini a\u015fa\u011f\u0131da bilgilerinize sunuyorum. Ge\u00e7en Hafta G\u00f6sterimdeki Diziler : S\u00f6z, \u00c7ukur, K\u0131rg\u0131n \u00c7i\u00e7ekler, Siyah Beyaz, Yalaza, E\u015fk\u0131ya D\u00fcnyaya H\u00fck\u00fcmdar Olmaz, Ufak Tefek Cinayetler, Kad\u0131n, K\u0131zlar\u0131m \u0130\u00e7in, [&hellip;]<\/p>\n","protected":false},"author":3,"featured_media":21570,"comment_status":"open","ping_status":"open","sticky":false,"template":"","format":"standard","meta":{"footnotes":""},"categories":[2],"tags":[1636,48,1555,570,129,375,1635,1416,530,1588,1643],"class_list":["post-21562","post","type-post","status-publish","format-standard","has-post-thumbnail","hentry","category-tv-programlari","tag-adi-zehra","tag-atv","tag-cukur","tag-dirilis-ertugrul","tag-fox-tv","tag-reytingler","tag-sen-anlat-karadeniz","tag-soz","tag-tns-olcumleri","tag-ufak-tefek-cinayetler","tag-yalaza"],"views":3261,"blog_post_layout_featured_media_urls":{"thumbnail":["https:\/\/balcilar-blog.com\/wp-content\/uploads\/2018\/02\/cats-5-\u015eUBAT-150x150.jpg",150,150,true],"full":["https:\/\/balcilar-blog.com\/wp-content\/uploads\/2018\/02\/cats-5-\u015eUBAT.jpg",640,356,false]},"categories_names":{"2":{"name":"TV Programlar\u0131","link":"https:\/\/balcilar-blog.com\/?cat=2"}},"tags_names":{"1636":{"name":"Ad\u0131 Zehra","link":"https:\/\/balcilar-blog.com\/?tag=adi-zehra"},"48":{"name":"ATV","link":"https:\/\/balcilar-blog.com\/?tag=atv"},"1555":{"name":"\u00c7ukur","link":"https:\/\/balcilar-blog.com\/?tag=cukur"},"570":{"name":"dirili\u015f Ertu\u011frul","link":"https:\/\/balcilar-blog.com\/?tag=dirilis-ertugrul"},"129":{"name":"Fox Tv","link":"https:\/\/balcilar-blog.com\/?tag=fox-tv"},"375":{"name":"Reytingler","link":"https:\/\/balcilar-blog.com\/?tag=reytingler"},"1635":{"name":"Sen Anlat Karadeniz","link":"https:\/\/balcilar-blog.com\/?tag=sen-anlat-karadeniz"},"1416":{"name":"S\u00f6z","link":"https:\/\/balcilar-blog.com\/?tag=soz"},"530":{"name":"TNS \u00f6l\u00e7\u00fcmleri","link":"https:\/\/balcilar-blog.com\/?tag=tns-olcumleri"},"1588":{"name":"Ufak Tefek Cinayetler","link":"https:\/\/balcilar-blog.com\/?tag=ufak-tefek-cinayetler"},"1643":{"name":"Yalaza","link":"https:\/\/balcilar-blog.com\/?tag=yalaza"}},"comments_number":"0","wpmagazine_modules_lite_featured_media_urls":{"thumbnail":["https:\/\/balcilar-blog.com\/wp-content\/uploads\/2018\/02\/cats-5-\u015eUBAT-150x150.jpg",150,150,true],"cvmm-medium":["https:\/\/balcilar-blog.com\/wp-content\/uploads\/2018\/02\/cats-5-\u015eUBAT.jpg",300,167,false],"cvmm-medium-plus":["https:\/\/balcilar-blog.com\/wp-content\/uploads\/2018\/02\/cats-5-\u015eUBAT.jpg",305,170,false],"cvmm-portrait":["https:\/\/balcilar-blog.com\/wp-content\/uploads\/2018\/02\/cats-5-\u015eUBAT.jpg",400,223,false],"cvmm-medium-square":["https:\/\/balcilar-blog.com\/wp-content\/uploads\/2018\/02\/cats-5-\u015eUBAT.jpg",600,334,false],"cvmm-large":["https:\/\/balcilar-blog.com\/wp-content\/uploads\/2018\/02\/cats-5-\u015eUBAT.jpg",640,356,false],"cvmm-small":["https:\/\/balcilar-blog.com\/wp-content\/uploads\/2018\/02\/cats-5-\u015eUBAT.jpg",130,72,false],"full":["https:\/\/balcilar-blog.com\/wp-content\/uploads\/2018\/02\/cats-5-\u015eUBAT.jpg",640,356,false]},"_links":{"self":[{"href":"https:\/\/balcilar-blog.com\/index.php?rest_route=\/wp\/v2\/posts\/21562","targetHints":{"allow":["GET"]}}],"collection":[{"href":"https:\/\/balcilar-blog.com\/index.php?rest_route=\/wp\/v2\/posts"}],"about":[{"href":"https:\/\/balcilar-blog.com\/index.php?rest_route=\/wp\/v2\/types\/post"}],"author":[{"embeddable":true,"href":"https:\/\/balcilar-blog.com\/index.php?rest_route=\/wp\/v2\/users\/3"}],"replies":[{"embeddable":true,"href":"https:\/\/balcilar-blog.com\/index.php?rest_route=%2Fwp%2Fv2%2Fcomments&post=21562"}],"version-history":[{"count":4,"href":"https:\/\/balcilar-blog.com\/index.php?rest_route=\/wp\/v2\/posts\/21562\/revisions"}],"predecessor-version":[{"id":21576,"href":"https:\/\/balcilar-blog.com\/index.php?rest_route=\/wp\/v2\/posts\/21562\/revisions\/21576"}],"wp:featuredmedia":[{"embeddable":true,"href":"https:\/\/balcilar-blog.com\/index.php?rest_route=\/wp\/v2\/media\/21570"}],"wp:attachment":[{"href":"https:\/\/balcilar-blog.com\/index.php?rest_route=%2Fwp%2Fv2%2Fmedia&parent=21562"}],"wp:term":[{"taxonomy":"category","embeddable":true,"href":"https:\/\/balcilar-blog.com\/index.php?rest_route=%2Fwp%2Fv2%2Fcategories&post=21562"},{"taxonomy":"post_tag","embeddable":true,"href":"https:\/\/balcilar-blog.com\/index.php?rest_route=%2Fwp%2Fv2%2Ftags&post=21562"}],"curies":[{"name":"wp","href":"https:\/\/api.w.org\/{rel}","templated":true}]}}