{"id":21509,"date":"2018-01-25T15:03:50","date_gmt":"2018-01-25T13:03:50","guid":{"rendered":"http:\/\/balcilar-blog.com\/?p=21509"},"modified":"2018-01-25T15:05:28","modified_gmt":"2018-01-25T13:05:28","slug":"bizim-hikayede-anne-sukranin-donusu-ile-ortalik-karisir","status":"publish","type":"post","link":"https:\/\/balcilar-blog.com\/?p=21509","title":{"rendered":"Bizim Hikaye&#8217;de Anne \u015e\u00fckran&#8217;\u0131n D\u00f6n\u00fc\u015f\u00fc \u0130le Ortal\u0131k Kar\u0131\u015f\u0131r!"},"content":{"rendered":"<p><img loading=\"lazy\" decoding=\"async\" class=\"alignnone size-full wp-image-21518\" src=\"http:\/\/balcilar-blog.com\/wp-content\/uploads\/2018\/01\/Bizim-Hikaye-4325-galeri-resim-80129c28-6ca7-4e64-84a3-eb670cf98629-mpositioned-640x360.jpg\" alt=\"\" width=\"640\" height=\"360\" srcset=\"https:\/\/balcilar-blog.com\/wp-content\/uploads\/2018\/01\/Bizim-Hikaye-4325-galeri-resim-80129c28-6ca7-4e64-84a3-eb670cf98629-mpositioned-640x360.jpg 640w, https:\/\/balcilar-blog.com\/wp-content\/uploads\/2018\/01\/Bizim-Hikaye-4325-galeri-resim-80129c28-6ca7-4e64-84a3-eb670cf98629-mpositioned-640x360-300x169.jpg 300w\" sizes=\"auto, (max-width: 640px) 100vw, 640px\" \/><\/p>\n<p><strong>Med Yap\u0131m<\/strong>\u2019\u0131n yap\u0131mc\u0131l\u0131\u011f\u0131n\u0131 \u00fcstlendi\u011fi, senaryosunu <strong>Hatice Meryem<\/strong> ve <strong>Banu Kiremit\u00e7i Bozkurt<\/strong>\u2019un yazd\u0131\u011f\u0131, y\u00f6netmenli\u011fini <strong>Serdar G\u00f6zelekli\u2019<\/strong>nin yapt\u0131\u011f\u0131 \u201cBizim Hikaye\u201d 19.B\u00f6l\u00fcm\u00fc 25 Ocak Per\u015fembe ak\u015fam\u0131 Fox Tv\u2019de ekranlara geliyor.<\/p>\n<p>Ba\u015frollerini <strong>Hazal Kaya<\/strong> (Filiz), <strong>Burak Deniz<\/strong> (Bar\u0131\u015f), <strong>Reha \u00d6zcan<\/strong> (Fikri), Ya\u011f\u0131zcan Konyal\u0131 (Rahmet), Nejat Uygur (Hikmet), Zeynep Selimo\u011flu (Kiraz), Alp Akar (Fikret) ve \u00d6mer Sevgi (\u0130smet) rolleri payla\u015f\u0131yor.<\/p>\n<p>Bar\u0131\u015f ve Filiz\u2019in ge\u00e7ici mutluluklar\u0131 Cemil\u2019in geli\u015fiyle yerle bir olmu\u015ftur. Filiz istemeyerek de olsa Cemil\u2019le birlikte mahalleye d\u00f6nmek zorunda kal\u0131r.<\/p>\n<p><img loading=\"lazy\" decoding=\"async\" class=\"alignnone size-full wp-image-21521\" src=\"http:\/\/balcilar-blog.com\/wp-content\/uploads\/2018\/01\/Bizim-Hikaye-4325-galeri-resim-a53e5ebf-02ad-4eb7-a8ac-fdf79ad780cc-mpositioned-640x360.jpg\" alt=\"\" width=\"640\" height=\"360\" srcset=\"https:\/\/balcilar-blog.com\/wp-content\/uploads\/2018\/01\/Bizim-Hikaye-4325-galeri-resim-a53e5ebf-02ad-4eb7-a8ac-fdf79ad780cc-mpositioned-640x360.jpg 640w, https:\/\/balcilar-blog.com\/wp-content\/uploads\/2018\/01\/Bizim-Hikaye-4325-galeri-resim-a53e5ebf-02ad-4eb7-a8ac-fdf79ad780cc-mpositioned-640x360-300x169.jpg 300w\" sizes=\"auto, (max-width: 640px) 100vw, 640px\" \/><\/p>\n<p>Filiz eve d\u00f6nd\u00fc\u011f\u00fcnde bir s\u00fcrprizle kar\u015f\u0131la\u015f\u0131r; annesi art\u0131k eve d\u00f6nm\u00fc\u015ft\u00fcr ve gitmeye de niyetli de\u011fildir. \u00dcstelik \u00e7ocuklar da evdedir. Filiz \u00e7ocuklar\u0131n d\u00f6n\u00fc\u015f\u00fcne sevinir fakat bir yandan da uzun zamand\u0131r ortal\u0131kta olmayan annelerine \u00e7ok k\u0131zg\u0131nd\u0131r.<\/p>\n<p><img loading=\"lazy\" decoding=\"async\" class=\"alignnone size-full wp-image-21519\" src=\"http:\/\/balcilar-blog.com\/wp-content\/uploads\/2018\/01\/Bizim-Hikaye-4325-galeri-resim-708905fb-2932-4219-898e-1709a3a37ecf-mpositioned-640x360.jpg\" alt=\"\" width=\"640\" height=\"360\" srcset=\"https:\/\/balcilar-blog.com\/wp-content\/uploads\/2018\/01\/Bizim-Hikaye-4325-galeri-resim-708905fb-2932-4219-898e-1709a3a37ecf-mpositioned-640x360.jpg 640w, https:\/\/balcilar-blog.com\/wp-content\/uploads\/2018\/01\/Bizim-Hikaye-4325-galeri-resim-708905fb-2932-4219-898e-1709a3a37ecf-mpositioned-640x360-300x169.jpg 300w\" sizes=\"auto, (max-width: 640px) 100vw, 640px\" \/><\/p>\n<p>Bar\u0131\u015f ise mahallede kalarak Filiz\u2019i ikna etme \u00e7abalar\u0131na devam eder. Mahalleye yerle\u015fti\u011fini ve hi\u00e7bir yere gitmeyece\u011fini kan\u0131tlamak i\u00e7in farkl\u0131 bir yol se\u00e7er.<\/p>\n<p><img loading=\"lazy\" decoding=\"async\" class=\"alignnone size-full wp-image-21520\" src=\"http:\/\/balcilar-blog.com\/wp-content\/uploads\/2018\/01\/Bizim-Hikaye-4325-galeri-resim-29195050-2ca8-4797-8c61-a62e3e5465ba-mpositioned-640x360.jpg\" alt=\"\" width=\"640\" height=\"360\" srcset=\"https:\/\/balcilar-blog.com\/wp-content\/uploads\/2018\/01\/Bizim-Hikaye-4325-galeri-resim-29195050-2ca8-4797-8c61-a62e3e5465ba-mpositioned-640x360.jpg 640w, https:\/\/balcilar-blog.com\/wp-content\/uploads\/2018\/01\/Bizim-Hikaye-4325-galeri-resim-29195050-2ca8-4797-8c61-a62e3e5465ba-mpositioned-640x360-300x169.jpg 300w\" sizes=\"auto, (max-width: 640px) 100vw, 640px\" \/><\/p>\n<p>Bu durum Fikret ve Kiraz\u2019\u0131 mutlu ederken Filiz\u2019in kafas\u0131n\u0131 kar\u0131\u015ft\u0131r\u0131r. Cemil ise Bar\u0131\u015f\u2019\u0131n bu son hamlesiyle \u00f6fkeden deliye d\u00f6nm\u00fc\u015ft\u00fcr.<\/p>\n<p><img loading=\"lazy\" decoding=\"async\" class=\"alignnone size-full wp-image-21512\" src=\"http:\/\/balcilar-blog.com\/wp-content\/uploads\/2018\/01\/Bizim-Hikaye-4325-galeri-resim-8aea8bfb-f63e-4ec3-8df1-c9528e0d9a0f-mpositioned-640x360.jpg\" alt=\"\" width=\"640\" height=\"360\" srcset=\"https:\/\/balcilar-blog.com\/wp-content\/uploads\/2018\/01\/Bizim-Hikaye-4325-galeri-resim-8aea8bfb-f63e-4ec3-8df1-c9528e0d9a0f-mpositioned-640x360.jpg 640w, https:\/\/balcilar-blog.com\/wp-content\/uploads\/2018\/01\/Bizim-Hikaye-4325-galeri-resim-8aea8bfb-f63e-4ec3-8df1-c9528e0d9a0f-mpositioned-640x360-300x169.jpg 300w\" sizes=\"auto, (max-width: 640px) 100vw, 640px\" \/><\/p>\n<p>Hikmet\u2019in ba\u015f\u0131 Esra\u2019n\u0131n saklad\u0131\u011f\u0131 mektup y\u00fcz\u00fcnden derttedir. Bir yandan As\u0131m\u2019\u0131n Esra\u2019ya zarar vermesini engellerken bir yandan da mektubu yazan\u0131n kendisi oldu\u011funu gizleyebilecek midir? Rahmet ve M\u00fcjde ise g\u00fcndelik i\u015flerle biraz para kazanarak kendi ayaklar\u0131 \u00fczerinden durmaya \u00e7al\u0131\u015fmaktad\u0131r fakat onlar\u0131n i\u015fi de pek kolay de\u011fildir.<\/p>\n<p><img loading=\"lazy\" decoding=\"async\" class=\"alignnone size-full wp-image-21513\" src=\"http:\/\/balcilar-blog.com\/wp-content\/uploads\/2018\/01\/Bizim-Hikaye-4325-galeri-resim-32a5dfb2-7def-4788-a9fc-4a145a402782-mpositioned-640x360.jpg\" alt=\"\" width=\"640\" height=\"360\" srcset=\"https:\/\/balcilar-blog.com\/wp-content\/uploads\/2018\/01\/Bizim-Hikaye-4325-galeri-resim-32a5dfb2-7def-4788-a9fc-4a145a402782-mpositioned-640x360.jpg 640w, https:\/\/balcilar-blog.com\/wp-content\/uploads\/2018\/01\/Bizim-Hikaye-4325-galeri-resim-32a5dfb2-7def-4788-a9fc-4a145a402782-mpositioned-640x360-300x169.jpg 300w\" sizes=\"auto, (max-width: 640px) 100vw, 640px\" \/><\/p>\n<p>T\u00fclay Ceylan\u2019\u0131 evlat edinme konusunu Tufan\u2019a a\u00e7maya \u00e7al\u0131\u015f\u0131r fakat ge\u00e7mi\u015fiyle ilgili bir sorundan dolay\u0131 ba\u015f\u0131 dertte olan Tufan\u2019\u0131n akl\u0131 T\u00fclay\u2019da de\u011fildir. Tufan bu beklenmedik sorunu \u00e7\u00f6zmek i\u00e7in kimden yard\u0131m isteyecektir?<\/p>\n<p><img loading=\"lazy\" decoding=\"async\" class=\"alignnone size-full wp-image-21517\" src=\"http:\/\/balcilar-blog.com\/wp-content\/uploads\/2018\/01\/Bizim-Hikaye-4325-galeri-resim-855c77c0-4e27-4aeb-acf3-063f2b35fb2a-mpositioned-640x360.jpg\" alt=\"\" width=\"640\" height=\"360\" srcset=\"https:\/\/balcilar-blog.com\/wp-content\/uploads\/2018\/01\/Bizim-Hikaye-4325-galeri-resim-855c77c0-4e27-4aeb-acf3-063f2b35fb2a-mpositioned-640x360.jpg 640w, https:\/\/balcilar-blog.com\/wp-content\/uploads\/2018\/01\/Bizim-Hikaye-4325-galeri-resim-855c77c0-4e27-4aeb-acf3-063f2b35fb2a-mpositioned-640x360-300x169.jpg 300w\" sizes=\"auto, (max-width: 640px) 100vw, 640px\" \/><\/p>\n<p>\u015e\u00fckran ise evin annesi oldu\u011funu herkese g\u00f6stermekte kararl\u0131d\u0131r. Bu zamana kadar ev ve \u00e7ocuklarla ilgili Filiz\u2019in \u00fcstlendi\u011fi sorumluluklar\u0131 \u00fcstlenmeye \u00e7al\u0131\u015f\u0131r ve bu y\u00fczden Filiz ve \u015e\u00fckran aras\u0131nda tart\u0131\u015fmalar ya\u015fan\u0131r. \u015e\u00fckran kendisinin davran\u0131\u015flar\u0131n\u0131 samimi bulmayan Filiz\u2019i ve annelerinin d\u00f6n\u00fc\u015f\u00fcyle afallayan \u00e7ocuklar\u0131n\u0131 ikna edebilecek midir? (1)<\/p>\n<p><img loading=\"lazy\" decoding=\"async\" class=\"alignnone size-full wp-image-21524\" src=\"http:\/\/balcilar-blog.com\/wp-content\/uploads\/2018\/01\/Bizim-Hikaye-4325-galeri-resim-db3e4adc-0d51-4966-a1eb-0d89dccb8443-mpositioned-640x360-1.jpg\" alt=\"\" width=\"640\" height=\"360\" srcset=\"https:\/\/balcilar-blog.com\/wp-content\/uploads\/2018\/01\/Bizim-Hikaye-4325-galeri-resim-db3e4adc-0d51-4966-a1eb-0d89dccb8443-mpositioned-640x360-1.jpg 640w, https:\/\/balcilar-blog.com\/wp-content\/uploads\/2018\/01\/Bizim-Hikaye-4325-galeri-resim-db3e4adc-0d51-4966-a1eb-0d89dccb8443-mpositioned-640x360-1-300x169.jpg 300w\" sizes=\"auto, (max-width: 640px) 100vw, 640px\" \/><\/p>\n<p>Filiz annesi ile tart\u0131\u015f\u0131r. Seni ben b\u00fcy\u00fctt\u00fcm, ayya\u015f baban de\u011fil. Hepinizi ben b\u00fcy\u00fctt\u00fcm de ve c\u00fczdan\u0131ndan \u00e7\u0131kard\u0131\u011f\u0131 paralar\u0131 Filiz&#8217;in surat\u0131n \u00e7arpar. \u00dcst\u00fcne bi \u015feyler al\u0131r, anadan sayars\u0131n beni&#8230; Filiz ne hakla bunu yap\u0131yorsun diyerek paralar\u0131 almak istemez. Annelik parayla m\u0131 oluyor der.<\/p>\n<p>Bizim Hikaye 19.b\u00f6l\u00fcm bu ak\u015fam Fox Tv ekranlar\u0131nda&#8230;.<\/p>\n<p>\u0130yi Seyirler.<\/p>\n<p>Sayg\u0131lar ve sevgiler.<\/p>\n<p>Abdurrahman Balc\u0131lar<\/p>\n<p>Twitter:\u00a0<a href=\"https:\/\/twitter.com\/abbalcilar\">abdurrahman balc\u0131lar<\/a><a href=\"https:\/\/twitter.com\/abbalcilar\"><strong>@abbalcilar<\/strong><\/a><\/p>\n<p>Mail :\u00a0<a href=\"mailto:ab.balcilar@hotmail.com\">ab.balcilar@hotmail.com<\/a><\/p>\n<p>Blog:\u00a0<a href=\"http:\/\/t.co\/znqmIZgIqn\">blog.milliyet.com.tr\/cansever<\/a><\/p>\n<p>Blog:\u00a0<a href=\"http:\/\/balcilar-blog.com\/\">Abdurrahman Balc\u0131lar Blog Sayfas\u0131<\/a><\/p>\n<p>Not: Haber ve g\u00f6rseller Fox Tv tan\u0131t\u0131m sayfas\u0131ndan al\u0131nm\u0131\u015ft\u0131r.<\/p>\n<p>(1) : Fragman: https:\/\/www.youtube.com\/watch?v=MN3EBjEtbXA<\/p>\n<p><strong>*\u015eahsi Blog sayfamda ve Milliyet Blog\u2019da yay\u0131nlanan blog yaz\u0131lar\u0131 b\u00fcy\u00fck bir \u00e7al\u0131\u015fman\u0131n \u00fcr\u00fcn\u00fc olup, izinsiz ya da kaynak g\u00f6stermeden al\u0131nt\u0131 yap\u0131lamaz. Aksi halde kanuni i\u015flem yap\u0131l\u0131r.<\/strong><\/p>\n","protected":false},"excerpt":{"rendered":"<p>Med Yap\u0131m\u2019\u0131n yap\u0131mc\u0131l\u0131\u011f\u0131n\u0131 \u00fcstlendi\u011fi, senaryosunu Hatice Meryem ve Banu Kiremit\u00e7i Bozkurt\u2019un yazd\u0131\u011f\u0131, y\u00f6netmenli\u011fini Serdar G\u00f6zelekli\u2019nin yapt\u0131\u011f\u0131 \u201cBizim Hikaye\u201d 19.B\u00f6l\u00fcm\u00fc 25 Ocak Per\u015fembe ak\u015fam\u0131 Fox Tv\u2019de ekranlara geliyor. Ba\u015frollerini Hazal Kaya (Filiz), Burak Deniz (Bar\u0131\u015f), Reha \u00d6zcan (Fikri), Ya\u011f\u0131zcan Konyal\u0131 (Rahmet), Nejat Uygur (Hikmet), Zeynep Selimo\u011flu (Kiraz), Alp Akar (Fikret) ve \u00d6mer Sevgi (\u0130smet) rolleri payla\u015f\u0131yor. [&hellip;]<\/p>\n","protected":false},"author":3,"featured_media":21518,"comment_status":"open","ping_status":"open","sticky":false,"template":"","format":"standard","meta":{"footnotes":""},"categories":[2],"tags":[1640,1520,654,1639,19,383,1493,1540],"class_list":["post-21509","post","type-post","status-publish","format-standard","has-post-thumbnail","hentry","category-tv-programlari","tag-banu-kiremitci-bozkurt","tag-bizim-hikaye","tag-burak-deniz","tag-hatice-meryem","tag-hazal-kaya","tag-med-yapim","tag-reha-ozcan","tag-serdar-gozelekli"],"views":3270,"blog_post_layout_featured_media_urls":{"thumbnail":["https:\/\/balcilar-blog.com\/wp-content\/uploads\/2018\/01\/Bizim-Hikaye-4325-galeri-resim-80129c28-6ca7-4e64-84a3-eb670cf98629-mpositioned-640x360-150x150.jpg",150,150,true],"full":["https:\/\/balcilar-blog.com\/wp-content\/uploads\/2018\/01\/Bizim-Hikaye-4325-galeri-resim-80129c28-6ca7-4e64-84a3-eb670cf98629-mpositioned-640x360.jpg",640,360,false]},"categories_names":{"2":{"name":"TV Programlar\u0131","link":"https:\/\/balcilar-blog.com\/?cat=2"}},"tags_names":{"1640":{"name":"Banu Kiremit\u00e7i Bozkurt","link":"https:\/\/balcilar-blog.com\/?tag=banu-kiremitci-bozkurt"},"1520":{"name":"Bizim Hikaye","link":"https:\/\/balcilar-blog.com\/?tag=bizim-hikaye"},"654":{"name":"Burak Deniz","link":"https:\/\/balcilar-blog.com\/?tag=burak-deniz"},"1639":{"name":"Hatice Meryem","link":"https:\/\/balcilar-blog.com\/?tag=hatice-meryem"},"19":{"name":"Hazal Kaya","link":"https:\/\/balcilar-blog.com\/?tag=hazal-kaya"},"383":{"name":"Med Yap\u0131m","link":"https:\/\/balcilar-blog.com\/?tag=med-yapim"},"1493":{"name":"Reha \u00d6zcan","link":"https:\/\/balcilar-blog.com\/?tag=reha-ozcan"},"1540":{"name":"Serdar G\u00f6zelekli","link":"https:\/\/balcilar-blog.com\/?tag=serdar-gozelekli"}},"comments_number":"0","wpmagazine_modules_lite_featured_media_urls":{"thumbnail":["https:\/\/balcilar-blog.com\/wp-content\/uploads\/2018\/01\/Bizim-Hikaye-4325-galeri-resim-80129c28-6ca7-4e64-84a3-eb670cf98629-mpositioned-640x360-150x150.jpg",150,150,true],"cvmm-medium":["https:\/\/balcilar-blog.com\/wp-content\/uploads\/2018\/01\/Bizim-Hikaye-4325-galeri-resim-80129c28-6ca7-4e64-84a3-eb670cf98629-mpositioned-640x360.jpg",300,169,false],"cvmm-medium-plus":["https:\/\/balcilar-blog.com\/wp-content\/uploads\/2018\/01\/Bizim-Hikaye-4325-galeri-resim-80129c28-6ca7-4e64-84a3-eb670cf98629-mpositioned-640x360.jpg",305,172,false],"cvmm-portrait":["https:\/\/balcilar-blog.com\/wp-content\/uploads\/2018\/01\/Bizim-Hikaye-4325-galeri-resim-80129c28-6ca7-4e64-84a3-eb670cf98629-mpositioned-640x360.jpg",400,225,false],"cvmm-medium-square":["https:\/\/balcilar-blog.com\/wp-content\/uploads\/2018\/01\/Bizim-Hikaye-4325-galeri-resim-80129c28-6ca7-4e64-84a3-eb670cf98629-mpositioned-640x360.jpg",600,338,false],"cvmm-large":["https:\/\/balcilar-blog.com\/wp-content\/uploads\/2018\/01\/Bizim-Hikaye-4325-galeri-resim-80129c28-6ca7-4e64-84a3-eb670cf98629-mpositioned-640x360.jpg",640,360,false],"cvmm-small":["https:\/\/balcilar-blog.com\/wp-content\/uploads\/2018\/01\/Bizim-Hikaye-4325-galeri-resim-80129c28-6ca7-4e64-84a3-eb670cf98629-mpositioned-640x360.jpg",130,73,false],"full":["https:\/\/balcilar-blog.com\/wp-content\/uploads\/2018\/01\/Bizim-Hikaye-4325-galeri-resim-80129c28-6ca7-4e64-84a3-eb670cf98629-mpositioned-640x360.jpg",640,360,false]},"_links":{"self":[{"href":"https:\/\/balcilar-blog.com\/index.php?rest_route=\/wp\/v2\/posts\/21509","targetHints":{"allow":["GET"]}}],"collection":[{"href":"https:\/\/balcilar-blog.com\/index.php?rest_route=\/wp\/v2\/posts"}],"about":[{"href":"https:\/\/balcilar-blog.com\/index.php?rest_route=\/wp\/v2\/types\/post"}],"author":[{"embeddable":true,"href":"https:\/\/balcilar-blog.com\/index.php?rest_route=\/wp\/v2\/users\/3"}],"replies":[{"embeddable":true,"href":"https:\/\/balcilar-blog.com\/index.php?rest_route=%2Fwp%2Fv2%2Fcomments&post=21509"}],"version-history":[{"count":3,"href":"https:\/\/balcilar-blog.com\/index.php?rest_route=\/wp\/v2\/posts\/21509\/revisions"}],"predecessor-version":[{"id":21527,"href":"https:\/\/balcilar-blog.com\/index.php?rest_route=\/wp\/v2\/posts\/21509\/revisions\/21527"}],"wp:featuredmedia":[{"embeddable":true,"href":"https:\/\/balcilar-blog.com\/index.php?rest_route=\/wp\/v2\/media\/21518"}],"wp:attachment":[{"href":"https:\/\/balcilar-blog.com\/index.php?rest_route=%2Fwp%2Fv2%2Fmedia&parent=21509"}],"wp:term":[{"taxonomy":"category","embeddable":true,"href":"https:\/\/balcilar-blog.com\/index.php?rest_route=%2Fwp%2Fv2%2Fcategories&post=21509"},{"taxonomy":"post_tag","embeddable":true,"href":"https:\/\/balcilar-blog.com\/index.php?rest_route=%2Fwp%2Fv2%2Ftags&post=21509"}],"curies":[{"name":"wp","href":"https:\/\/api.w.org\/{rel}","templated":true}]}}