{"id":2145,"date":"2014-05-31T16:20:34","date_gmt":"2014-05-31T13:20:34","guid":{"rendered":"http:\/\/balcilar-blog.com\/?p=2145"},"modified":"2014-06-01T21:52:29","modified_gmt":"2014-06-01T18:52:29","slug":"medcezir-iyi-ki-dogdun-yaman","status":"publish","type":"post","link":"https:\/\/balcilar-blog.com\/?p=2145","title":{"rendered":"Medcezir \/ \u0130yi ki do\u011fdun Yaman!"},"content":{"rendered":"<p><img decoding=\"async\" src=\"https:\/\/pbs.twimg.com\/media\/Bo5fMm7CYAAwtjF.jpg\" alt=\"G\u00f6m\u00fcl\u00fc resim i\u00e7in kal\u0131c\u0131 ba\u011flant\u0131\" \/><\/p>\n<p>Star Tv.in s\u00fcper dizisi \u201cMedcezir\u201d ger\u00e7ekten bu gece s\u00fcperdi. Hem g\u00fcld\u00fcrd\u00fc, hem de a\u011flatt\u0131. Bravo Yaman, iyi ki do\u011fdun, do\u011fum g\u00fcn\u00fcn kutlu olsun. Bravo \u00c7a\u011fatay Ulusoy. Bravo Ay Yap\u0131m. Yaman, do\u011fum g\u00fcn\u00fcnde Serez Ailesine minnettarl\u0131\u011f\u0131n\u0131 g\u00f6steren te\u015fekk\u00fcr konu\u015fmas\u0131 ile geceye damgas\u0131n\u0131 vurdu. Bilhassa Ender Han\u0131m bir anne olarak g\u00f6zya\u015flar\u0131n\u0131 tutamad\u0131. T\u00fcm izleyenler de onunla \u00e7ok duyguland\u0131, hatta a\u011flayanlar\u0131n \u00e7o\u011funlukta oldu\u011funu tahmin ediyorum.<\/p>\n<p>Reytinglerde AB&#8217;de 2.s\u0131rada, Total&#8217;de 3.s\u0131rada yer alm\u0131\u015f. Medcezir, Ay Yap\u0131m\u2019\u0131n Seul Drama \u00d6d\u00fclleri yar\u0131\u015fmas\u0131na kat\u0131lan dizilerinden biridir.<\/p>\n<p>Yaman, a\u011fabeyi Kenan\u2019\u0131n kald\u0131\u011f\u0131 m\u00fc\u015ftemilata gelir. D\u00fcn gece olanlar\u0131 konu\u015furlar. Kenan, Sude Han\u0131m\u0131n As\u0131m \u015eekip Kaya ile evlilik karar\u0131ndan sonra, \u00fcst\u00fcmden b\u00fcy\u00fck bir y\u00fck kalkt\u0131, gitmeme de gerek kalmad\u0131, Mira da gidiyor zaten, benden rahats\u0131z olacak kim kal\u0131yor. Yaman, ne y\u00fczs\u00fcz adams\u0131n sen ya\u2026 Ben Mira\u2019ya Kenan gidiyor, dedim. Yaman \u00e7ok bozulur ve gider.<\/p>\n<p><a href=\"http:\/\/balcilar-blog.com\/wp-content\/uploads\/2014\/05\/Ekran-Al\u0131nt\u0131s\u0131.PNG-36.16.png\"><img loading=\"lazy\" decoding=\"async\" class=\"alignnone size-medium wp-image-2147\" src=\"http:\/\/balcilar-blog.com\/wp-content\/uploads\/2014\/05\/Ekran-Al\u0131nt\u0131s\u0131.PNG-36.16-300x174.png\" alt=\"Ekran Al\u0131nt\u0131s\u0131.PNG 36.1\" width=\"300\" height=\"174\" srcset=\"https:\/\/balcilar-blog.com\/wp-content\/uploads\/2014\/05\/Ekran-Al\u0131nt\u0131s\u0131.PNG-36.16-300x174.png 300w, https:\/\/balcilar-blog.com\/wp-content\/uploads\/2014\/05\/Ekran-Al\u0131nt\u0131s\u0131.PNG-36.16.png 801w\" sizes=\"auto, (max-width: 300px) 100vw, 300px\" \/><\/a><\/p>\n<p>Kenan, Sude Han\u0131m\u0131 arar. Harika showdu. Sude, l\u00fctfen \u00e7\u0131k hayat\u0131mdan, der. Beren seslenince konu\u015fmay\u0131 keser.<\/p>\n<p>Mira, evde huzursuzdur. Sude Han\u0131m k\u0131z\u0131na yak\u0131nda gidiyorsun, kalan g\u00fcnlerinin h\u0131r g\u00fcr ile ge\u00e7mesini istemiyorum. Sude Han\u0131m evden \u00e7\u0131kar.<\/p>\n<p>Mert, Yaman\u2019a neredeydin, a\u011fabeyine mi gittin. Mert, benimle uzun zamand\u0131r dertle\u015fmiyorsun.<\/p>\n<p>Mira da pe\u015finden evden arabas\u0131yla ayr\u0131l\u0131r, Eyl\u00fcl\u2019e de al\u0131r, okula giderler.<\/p>\n<p>Ender ile Selim Bey b\u00fcroya gelirler. Sinan Bey de gelir, Ender Han\u0131ma kahve getirir. Selim, bu kar\u015f\u0131la\u015fmadan pek memnun olmaz. O s\u0131rada gelen As\u0131m Bey, Sedef ile beraber Sude i\u00e7in y\u00fcz\u00fck se\u00e7meye gittiklerini s\u00f6yler.<\/p>\n<p><a href=\"http:\/\/balcilar-blog.com\/wp-content\/uploads\/2014\/05\/Ekran-Al\u0131nt\u0131s\u0131.PNG-36.21.png\"><img loading=\"lazy\" decoding=\"async\" class=\"alignnone size-medium wp-image-2148\" src=\"http:\/\/balcilar-blog.com\/wp-content\/uploads\/2014\/05\/Ekran-Al\u0131nt\u0131s\u0131.PNG-36.21-300x167.png\" alt=\"Ekran Al\u0131nt\u0131s\u0131.PNG 36.2\" width=\"300\" height=\"167\" srcset=\"https:\/\/balcilar-blog.com\/wp-content\/uploads\/2014\/05\/Ekran-Al\u0131nt\u0131s\u0131.PNG-36.21-300x167.png 300w, https:\/\/balcilar-blog.com\/wp-content\/uploads\/2014\/05\/Ekran-Al\u0131nt\u0131s\u0131.PNG-36.21.png 818w\" sizes=\"auto, (max-width: 300px) 100vw, 300px\" \/><\/a><\/p>\n<p>Hale, okulda Orkun ile kar\u015f\u0131la\u015f\u0131r. Hale, Allah kavu\u015ftursun Ada gitmi\u015f. Okudun mu mailini diye sorar. Orkun, okudum. Hale, bu maillerden kimsenin haberi yok. Orkun, yaz\u0131n ne yap\u0131yorsun. Ben buralarda olmayaca\u011f\u0131m, New York\u2019a gidiyorum.<\/p>\n<p><a href=\"http:\/\/balcilar-blog.com\/wp-content\/uploads\/2014\/05\/Ekran-Al\u0131nt\u0131s\u0131.PNG-36.31.png\"><img loading=\"lazy\" decoding=\"async\" class=\"alignnone size-medium wp-image-2149\" src=\"http:\/\/balcilar-blog.com\/wp-content\/uploads\/2014\/05\/Ekran-Al\u0131nt\u0131s\u0131.PNG-36.31-300x172.png\" alt=\"Ekran Al\u0131nt\u0131s\u0131.PNG 36.3\" width=\"300\" height=\"172\" srcset=\"https:\/\/balcilar-blog.com\/wp-content\/uploads\/2014\/05\/Ekran-Al\u0131nt\u0131s\u0131.PNG-36.31-300x172.png 300w, https:\/\/balcilar-blog.com\/wp-content\/uploads\/2014\/05\/Ekran-Al\u0131nt\u0131s\u0131.PNG-36.31.png 803w\" sizes=\"auto, (max-width: 300px) 100vw, 300px\" \/><\/a><\/p>\n<p>Mira ile Eyl\u00fcl okula gelirler. Aralar\u0131nda konu\u015fma konusu ayn\u0131d\u0131r. Mira\u2019n\u0131n annesinin yapt\u0131klar\u0131&#8230; K\u0131zlar Mira\u2019y\u0131 g\u00f6r\u00fcnce ko\u015fup gelirler. Eyl\u00fcl onlar\u0131 oyalar. Mira Amerika\u2019ya gidi\u015fini konu\u015furlar. Mira ben \u00e7ekemeyece\u011fim deyip, eve geri d\u00f6ner.<\/p>\n<p><a href=\"http:\/\/balcilar-blog.com\/wp-content\/uploads\/2014\/05\/Ekran-Al\u0131nt\u0131s\u0131.PNG-36.41.png\"><img loading=\"lazy\" decoding=\"async\" class=\"alignnone size-medium wp-image-2150\" src=\"http:\/\/balcilar-blog.com\/wp-content\/uploads\/2014\/05\/Ekran-Al\u0131nt\u0131s\u0131.PNG-36.41-300x170.png\" alt=\"Ekran Al\u0131nt\u0131s\u0131.PNG 36.4\" width=\"300\" height=\"170\" srcset=\"https:\/\/balcilar-blog.com\/wp-content\/uploads\/2014\/05\/Ekran-Al\u0131nt\u0131s\u0131.PNG-36.41-300x170.png 300w, https:\/\/balcilar-blog.com\/wp-content\/uploads\/2014\/05\/Ekran-Al\u0131nt\u0131s\u0131.PNG-36.41.png 813w\" sizes=\"auto, (max-width: 300px) 100vw, 300px\" \/><\/a><\/p>\n<p>O s\u0131rada Yaman ile Mert okula gelirler. Mira ile kar\u015f\u0131la\u015f\u0131rlar. Yaman benim s\u0131nav\u0131m var, yoksa ben de seninle gelirdim. Mert, sen ne yalan s\u00f6yledin, senin s\u0131nav\u0131n yok, der. Yaman, var. Mert bana Mira ile g\u00f6r\u00fc\u015fmek istemiyormu\u015fsun gibi geldi, der.<\/p>\n<p>Mira, babas\u0131n\u0131 arar. Faruk Bey teknedeyim, ama gel der. Mert, Eyl\u00fcl\u2019e muhte\u015fem 20 May\u0131s plan\u0131m\u0131z ne diye sorar? Mert, 20 May\u0131s Yaman\u2019\u0131n do\u011fum g\u00fcn\u00fc.<\/p>\n<p><a href=\"http:\/\/balcilar-blog.com\/wp-content\/uploads\/2014\/05\/Ekran-Al\u0131nt\u0131s\u0131.PNG-36.51.png\"><img loading=\"lazy\" decoding=\"async\" class=\"alignnone size-medium wp-image-2151\" src=\"http:\/\/balcilar-blog.com\/wp-content\/uploads\/2014\/05\/Ekran-Al\u0131nt\u0131s\u0131.PNG-36.51-300x167.png\" alt=\"Ekran Al\u0131nt\u0131s\u0131.PNG 36.5\" width=\"300\" height=\"167\" srcset=\"https:\/\/balcilar-blog.com\/wp-content\/uploads\/2014\/05\/Ekran-Al\u0131nt\u0131s\u0131.PNG-36.51-300x167.png 300w, https:\/\/balcilar-blog.com\/wp-content\/uploads\/2014\/05\/Ekran-Al\u0131nt\u0131s\u0131.PNG-36.51.png 818w\" sizes=\"auto, (max-width: 300px) 100vw, 300px\" \/><\/a><\/p>\n<p>Mert, sen ve Mira hi\u00e7bir \u015fey d\u00fc\u015f\u00fcnmediniz. Eyl\u00fcl, bir \u015fey konu\u015fmad\u0131k. Ba\u015f ba\u015fa bir programlar\u0131 vard\u0131r. Mert, Sude-Kenan olay\u0131n\u0131 bilmemektedir. Bu nedenle de tedirgindir, kendisinden bir \u015feyler sakland\u0131\u011f\u0131n\u0131n fark\u0131ndad\u0131r.<\/p>\n<p>As\u0131m Bey, k\u0131zlar\u0131 Ender, Sedef ve Selim Bey b\u00fcroda konu\u015furlar. As\u0131m Bey, Sude Han\u0131m ile evlilik s\u00f6zle\u015fmesi imzalad\u0131klar\u0131n\u0131 s\u00f6yler. Ben k\u0131zlar\u0131m\u0131n yapt\u0131\u011f\u0131 hatay\u0131 yapmam, der. Selim Bey al\u0131n\u0131r. Benim sana hi\u00e7 borcum yok, her \u015feyi ben kendim yapt\u0131m.<\/p>\n<p>Sinan Bey, Ender Han\u0131m\u0131n bir konu\u015fmas\u0131n\u0131 Cd.si \u00e7eker. \u00dcst\u00fcnde itina ile \u00e7al\u0131\u015f\u0131r. Selim ile Sedef \u00e7\u0131kar. Sinan Beyle Ender \u00e7al\u0131\u015f\u0131rlar.<\/p>\n<p><img decoding=\"async\" src=\"http:\/\/www2.dizifilm.com\/newpics\/fotogaleri\/act\/4869_2522_27052014_8.jpg\" alt=\"\" \/><\/p>\n<p>Ender Han\u0131m, arkada\u015flar\u0131 ile sahilde lokantada konu\u015furlarken Kenan arar, Sude, telefonu a\u00e7maz. Kenan mesaj atar, gelmezsen olay \u00e7\u0131kart\u0131r\u0131m, der.<\/p>\n<p><a href=\"http:\/\/balcilar-blog.com\/wp-content\/uploads\/2014\/05\/Ekran-Al\u0131nt\u0131s\u0131.PNG-36.61.png\"><img loading=\"lazy\" decoding=\"async\" class=\"alignnone size-medium wp-image-2152\" src=\"http:\/\/balcilar-blog.com\/wp-content\/uploads\/2014\/05\/Ekran-Al\u0131nt\u0131s\u0131.PNG-36.61-300x170.png\" alt=\"Ekran Al\u0131nt\u0131s\u0131.PNG 36.6\" width=\"300\" height=\"170\" srcset=\"https:\/\/balcilar-blog.com\/wp-content\/uploads\/2014\/05\/Ekran-Al\u0131nt\u0131s\u0131.PNG-36.61-300x170.png 300w, https:\/\/balcilar-blog.com\/wp-content\/uploads\/2014\/05\/Ekran-Al\u0131nt\u0131s\u0131.PNG-36.61.png 732w\" sizes=\"auto, (max-width: 300px) 100vw, 300px\" \/><\/a><\/p>\n<p>Faruk Beyle, Mira baba k\u0131z dertle\u015firler. Annesinin karar\u0131n\u0131 tart\u0131\u015f\u0131rlar. Faruk Bey, ne yapaca\u011f\u0131z, nikah\u0131 engel mi olca\u011f\u0131z? Mira, b\u00f6yle bir karar nas\u0131l bu kadar rahatl\u0131kla verilir. Faruk, piknikte beni Sedef\u2019le yak\u0131n g\u00f6rd\u00fc, bu karar\u0131 ald\u0131. Mira, Kenan i\u015ften mi ayr\u0131lacak diye sorar: Faruk Bey, o istedi ama ben izin vermedim.<\/p>\n<p><a href=\"http:\/\/balcilar-blog.com\/wp-content\/uploads\/2014\/05\/Ekran-Al\u0131nt\u0131s\u0131.PNG-36.71.png\"><img loading=\"lazy\" decoding=\"async\" class=\"alignnone size-medium wp-image-2153\" src=\"http:\/\/balcilar-blog.com\/wp-content\/uploads\/2014\/05\/Ekran-Al\u0131nt\u0131s\u0131.PNG-36.71-300x166.png\" alt=\"Ekran Al\u0131nt\u0131s\u0131.PNG 36.7\" width=\"300\" height=\"166\" srcset=\"https:\/\/balcilar-blog.com\/wp-content\/uploads\/2014\/05\/Ekran-Al\u0131nt\u0131s\u0131.PNG-36.71-300x166.png 300w, https:\/\/balcilar-blog.com\/wp-content\/uploads\/2014\/05\/Ekran-Al\u0131nt\u0131s\u0131.PNG-36.71.png 732w\" sizes=\"auto, (max-width: 300px) 100vw, 300px\" \/><\/a><\/p>\n<p>Yaman okulda imtihandad\u0131r. Mira mesaj atar, \u201cYaman a\u011fabeyin gitmemi\u015f. Hani gidiyordu?\u201d Mira, babas\u0131n\u0131n yan\u0131ndan ayr\u0131l\u0131r. O s\u0131rada Kenan gelir. Teknede Faruk Beyi g\u00f6r\u00fcnce, size yard\u0131ma geldim.<\/p>\n<p>Mira, arabas\u0131na biner. O an annesi arkas\u0131na park eder. Mira, babamla m\u0131 konu\u015fmaya geldin? Sude, Faruk teknede mi? Mira, sen buraya Kenen\u2019la bulu\u015fmaya m\u0131 geldin. Sude, her \u015feyi sakin bir \u015fekilde halletmeye \u00e7al\u0131\u015f\u0131yorum. Mira, gizli sakl\u0131 bulu\u015farak m\u0131? Bir hatay\u0131, ba\u015fka bir hatayla \u00f6rtmeye \u00e7al\u0131\u015f\u0131yorsun? Sude \u00e7ok sinirlenir, kararlar\u0131m\u0131 sorgulamak sana d\u00fc\u015fmez k\u00fc\u00e7\u00fck han\u0131m.<\/p>\n<p><img decoding=\"async\" src=\"http:\/\/www2.dizifilm.com\/newpics\/fotogaleri\/act\/4869_2522_27052014_13.jpg\" alt=\"\" \/><\/p>\n<p>Sude, kes sesini diyerek tokad\u0131 a\u015fk eder, ama vuramaz, eli havada kal\u0131r. Mira, buz gibi olur, d\u00f6ner arabas\u0131na biner, gider. A\u011flar, Yaman\u2019a mesaj atar, \u201cHemen g\u00f6r\u00fc\u015fmemiz laz\u0131m, sahile gel\u201d<\/p>\n<p><img decoding=\"async\" src=\"http:\/\/www2.dizifilm.com\/newpics\/fotogaleri\/act\/4869_2522_27052014_4.jpg\" alt=\"\" \/><\/p>\n<p>Yaman imtihan \u00e7\u0131k\u0131\u015f\u0131 Hale ile kar\u015f\u0131la\u015f\u0131r. Hale, nas\u0131l ge\u00e7ti diye sorar. \u00d6n\u00fcm\u00fczdeki senenin Bursu i\u00e7in ortalamay\u0131 tutturabiliyor musun? Yaman, s\u0131k\u0131nt\u0131 yok, 95\u2019in alt\u0131nda notum yok. Hale, sen kapm\u0131\u015fs\u0131n bu i\u015fi, hay\u0131rl\u0131 olsun.<\/p>\n<p><a href=\"http:\/\/balcilar-blog.com\/wp-content\/uploads\/2014\/05\/Ekran-Al\u0131nt\u0131s\u0131.PNG-36.81.png\"><img loading=\"lazy\" decoding=\"async\" class=\"alignnone size-medium wp-image-2154\" src=\"http:\/\/balcilar-blog.com\/wp-content\/uploads\/2014\/05\/Ekran-Al\u0131nt\u0131s\u0131.PNG-36.81-300x161.png\" alt=\"Ekran Al\u0131nt\u0131s\u0131.PNG 36.8\" width=\"300\" height=\"161\" srcset=\"https:\/\/balcilar-blog.com\/wp-content\/uploads\/2014\/05\/Ekran-Al\u0131nt\u0131s\u0131.PNG-36.81-300x161.png 300w, https:\/\/balcilar-blog.com\/wp-content\/uploads\/2014\/05\/Ekran-Al\u0131nt\u0131s\u0131.PNG-36.81.png 741w\" sizes=\"auto, (max-width: 300px) 100vw, 300px\" \/><\/a><\/p>\n<p>&nbsp;<\/p>\n<p>Ke\u015fke Amerika\u2019ya gitmek i\u00e7in bir \u015feyler ayarlayabilseydin. Yaman, o i\u015f boyumu a\u015far. Ke\u015fke zorlasayd\u0131n? \u015eimdi Mira, Orkun ile \u00fc\u00e7 ay ba\u015f ba\u015fa kalacak. Yaman ne diyorsun sen yine ya\u2026 Hale, aa sen bilmiyor musun. Orkun da yaz\u0131n Mira ile ayn\u0131 okula gidiyormu\u015f. Neyse sen benden duymu\u015f olma. Aya\u011f\u0131na ta\u015f \u00e7arpsa benden bileceksiniz.<\/p>\n<p><a href=\"http:\/\/balcilar-blog.com\/wp-content\/uploads\/2014\/05\/Ekran-Al\u0131nt\u0131s\u0131.PNG-36.91.png\"><img loading=\"lazy\" decoding=\"async\" class=\"alignnone size-medium wp-image-2155\" src=\"http:\/\/balcilar-blog.com\/wp-content\/uploads\/2014\/05\/Ekran-Al\u0131nt\u0131s\u0131.PNG-36.91-300x169.png\" alt=\"Ekran Al\u0131nt\u0131s\u0131.PNG 36.9\" width=\"300\" height=\"169\" srcset=\"https:\/\/balcilar-blog.com\/wp-content\/uploads\/2014\/05\/Ekran-Al\u0131nt\u0131s\u0131.PNG-36.91-300x169.png 300w, https:\/\/balcilar-blog.com\/wp-content\/uploads\/2014\/05\/Ekran-Al\u0131nt\u0131s\u0131.PNG-36.91.png 734w\" sizes=\"auto, (max-width: 300px) 100vw, 300px\" \/><\/a><\/p>\n<p>Yaman Mira\u2019n\u0131n yan\u0131na gider, sahilde bulu\u015furlar. Mira, Kenan gitmemi\u015f, \u00fcstelik neredeyse babam da \u00f6\u011freniyordu. Teknede bulu\u015fmak i\u00e7in s\u00f6zle\u015fmi\u015fler. Allah\u2019tan annemim kar\u015f\u0131s\u0131na ilk ben \u00e7\u0131kt\u0131m da, bulu\u015fmalar\u0131na engel oldum. Niye gitmiyor Yaman. Mira, ben daha ne yapay\u0131m koca herif, g\u0131rtla\u011f\u0131n\u0131 \u00e7\u00f6kt\u00fcm. Ben taraf de\u011filim. Beni \u00fczme l\u00fctfen Mira. Uzatma art\u0131k, anneni de utand\u0131rma. Bu konu\u015fma ikisini de gerer, sonra kucakla\u015f\u0131rlar.<\/p>\n<p><a href=\"http:\/\/balcilar-blog.com\/wp-content\/uploads\/2014\/05\/Ekran-Al\u0131nt\u0131s\u0131.PNG-36.10.png\"><img loading=\"lazy\" decoding=\"async\" class=\"alignnone size-medium wp-image-2156\" src=\"http:\/\/balcilar-blog.com\/wp-content\/uploads\/2014\/05\/Ekran-Al\u0131nt\u0131s\u0131.PNG-36.10-300x170.png\" alt=\"Ekran Al\u0131nt\u0131s\u0131.PNG 36.10\" width=\"300\" height=\"170\" srcset=\"https:\/\/balcilar-blog.com\/wp-content\/uploads\/2014\/05\/Ekran-Al\u0131nt\u0131s\u0131.PNG-36.10-300x170.png 300w, https:\/\/balcilar-blog.com\/wp-content\/uploads\/2014\/05\/Ekran-Al\u0131nt\u0131s\u0131.PNG-36.10.png 727w\" sizes=\"auto, (max-width: 300px) 100vw, 300px\" \/><\/a><\/p>\n<p>Yaman gider, Kenan ile konu\u015fur. Derdin ne abi senin. Kenan, ben a\u015f\u0131k oldum. Biliyorum, o da bana a\u015f\u0131k oldu. Sizinki gibi de de\u011fil, tutkulu bir a\u015fk bizimkisi. Yaman, \u00e7aresiz kal\u0131r. Kenan sen o k\u0131zla evlenebilece\u011fini mi zannediyorsun? Sen de benim durumumdas\u0131n. Yaman, geri bas Kenan. Kenan, s\u0131k di\u015fini, duyma, g\u00f6rme ben buralarda kal\u0131c\u0131 de\u011filim, gidicem babam\u0131n yan\u0131na. Bu ara, Sedef Han\u0131m nerelerdesin diye arar. Tamam, Sedef Han\u0131m, diyece\u011fi yerde, Sude Han\u0131m diyerek pot k\u0131rar.<\/p>\n<p>Evde Mert ile annesi Sinan Beyin haz\u0131rlad\u0131klar\u0131 \u00e7ekimleri izlerken Selim Bey gelir. Evde Sinan Beyde vard\u0131r. Selim bozulsa da renk vermez. Sinan Bey daha \u00f6nce bir dergisi kapat\u0131lm\u0131\u015ft\u0131r. Selim Bey o derginin okuyucusuymu\u015f. Bu aralar\u0131nda s\u0131cakl\u0131k yarat\u0131r.<\/p>\n<p>Mira ile Eyl\u00fcl g\u00f6r\u00fcnt\u00fcl\u00fc konu\u015furlar. Eyl\u00fcl, sizin de havan\u0131z\u0131 yeti\u015filmiyor. Sabah \u00e7ok bulutlu, \u00f6\u011flen sa\u011fanak ya\u011f\u0131\u015fl\u0131, sonra da g\u00fcnl\u00fck, g\u00fcne\u015flik. Mira, ak\u015fam Yaman ile birlikte bir yemek yiyeceklerini, hediyesini de bu ak\u015fam verece\u011fini s\u00f6yler.<\/p>\n<p>Yaman\u2019a mesaj atar, Yaman be\u015f dakika sonra haz\u0131r\u0131m. Mira, evlerinde As\u0131m Beyi g\u00f6r\u00fcr. Tebrik eder. Sude, evlendikten sonra onun evinde oturmak istiyoruz. Mira, Yaman ile bulu\u015faca\u011f\u0131z diyerek \u00e7\u0131kar.<\/p>\n<p><a href=\"http:\/\/balcilar-blog.com\/wp-content\/uploads\/2014\/05\/Ekran-Al\u0131nt\u0131s\u0131.PNG-36.111.png\"><img loading=\"lazy\" decoding=\"async\" class=\"alignnone size-medium wp-image-2157\" src=\"http:\/\/balcilar-blog.com\/wp-content\/uploads\/2014\/05\/Ekran-Al\u0131nt\u0131s\u0131.PNG-36.111-300x165.png\" alt=\"Ekran Al\u0131nt\u0131s\u0131.PNG 36.11\" width=\"300\" height=\"165\" srcset=\"https:\/\/balcilar-blog.com\/wp-content\/uploads\/2014\/05\/Ekran-Al\u0131nt\u0131s\u0131.PNG-36.111-300x165.png 300w, https:\/\/balcilar-blog.com\/wp-content\/uploads\/2014\/05\/Ekran-Al\u0131nt\u0131s\u0131.PNG-36.111.png 727w\" sizes=\"auto, (max-width: 300px) 100vw, 300px\" \/><\/a><\/p>\n<p>Yaman banyodad\u0131r, Mert gelir, nereye gidiyorsun. Eyl\u00fcl\u2019\u00fcn bilip benim bilmedi\u011fim bir \u015feyi s\u00f6ylemiyorsun. Elbiselerini al\u0131r, vermez, hadi s\u00f6yle. Bir gariplik var bu i\u015fte. O s\u0131ra Mira odaya girer. Mert, Eyl\u00fcl\u2019\u00fcn bilip benim bilmedi\u011fim \u015feyi konu\u015fuyorduk. Mert, demek ba\u015f ba\u015fa yemek ha\u2026<\/p>\n<p><a href=\"http:\/\/balcilar-blog.com\/wp-content\/uploads\/2014\/05\/Ekran-Al\u0131nt\u0131s\u0131.PNG-36.121.png\"><img loading=\"lazy\" decoding=\"async\" class=\"alignnone size-medium wp-image-2158\" src=\"http:\/\/balcilar-blog.com\/wp-content\/uploads\/2014\/05\/Ekran-Al\u0131nt\u0131s\u0131.PNG-36.121-300x165.png\" alt=\"Ekran Al\u0131nt\u0131s\u0131.PNG 36.12\" width=\"300\" height=\"165\" srcset=\"https:\/\/balcilar-blog.com\/wp-content\/uploads\/2014\/05\/Ekran-Al\u0131nt\u0131s\u0131.PNG-36.121-300x165.png 300w, https:\/\/balcilar-blog.com\/wp-content\/uploads\/2014\/05\/Ekran-Al\u0131nt\u0131s\u0131.PNG-36.121.png 723w\" sizes=\"auto, (max-width: 300px) 100vw, 300px\" \/><\/a><\/p>\n<p>Selim Bey, Yaman\u2019a seslenir. Al yan\u0131nda bulunsun diyerek para verir. Yaman, yok Selim a\u011fabey, olmaz \u00f6yle \u015fey. Selim Bey zorla montunun cebine paralar\u0131 koyar. \u0130yi e\u011flenceler diler.<\/p>\n<p><img loading=\"lazy\" decoding=\"async\" class=\"scaledImageFitWidth img\" src=\"https:\/\/scontent-b-vie.xx.fbcdn.net\/hphotos-xfp1\/t1.0-9\/s526x296\/10337758_663193790424825_6452387360600428343_n.jpg\" alt=\"Foto\u011fraf: Ve Mert, Kenan - Sude ili\u015fkisini \u00f6\u011frenir!&lt;br \/&gt;&lt;br \/&gt;&lt;br \/&gt;\n#medcezir'in yeni b\u00f6l\u00fcm fragman\u0131n\u0131 izlemek i\u00e7in t\u0131klay\u0131n:&lt;br \/&gt;&lt;br \/&gt;&lt;br \/&gt;\nhttp:\/\/bit.ly\/1r89VU8\" width=\"504\" height=\"283\" \/><\/p>\n<p>Mert, nihayet laf\u0131 Eyl\u00fcl\u2019\u00fcn a\u011fz\u0131ndan al\u0131r. Y\u00fcksek sesle ba\u011f\u0131r\u0131r. \u201cNe\u2026 Sude Han\u0131m Kenan ile birlikteymi\u015f\u201d. Ender Han\u0131m ve Selim Bey de alt kattan duyarlar. Sonra, Eyl\u00fcl ile Mert bu s\u0131r nedeniyle tart\u0131\u015f\u0131rlar.<\/p>\n<p><a href=\"http:\/\/balcilar-blog.com\/wp-content\/uploads\/2014\/05\/Ekran-Al\u0131nt\u0131s\u0131.PNG-336.13.png\"><img loading=\"lazy\" decoding=\"async\" class=\"alignnone size-medium wp-image-2174\" src=\"http:\/\/balcilar-blog.com\/wp-content\/uploads\/2014\/05\/Ekran-Al\u0131nt\u0131s\u0131.PNG-336.13-300x161.png\" alt=\"Ekran Al\u0131nt\u0131s\u0131.PNG 336.13\" width=\"300\" height=\"161\" srcset=\"https:\/\/balcilar-blog.com\/wp-content\/uploads\/2014\/05\/Ekran-Al\u0131nt\u0131s\u0131.PNG-336.13-300x161.png 300w, https:\/\/balcilar-blog.com\/wp-content\/uploads\/2014\/05\/Ekran-Al\u0131nt\u0131s\u0131.PNG-336.13.png 741w\" sizes=\"auto, (max-width: 300px) 100vw, 300px\" \/><\/a><\/p>\n<p>Yaman ile Mira tek ki\u015finin gitar ile \u00e7al\u0131p s\u00f6yledi\u011fi bir bara gelirler. Her ikisi de \u00e7ok be\u011fenirler. Cam kenar\u0131 bir masaya otururlar.<\/p>\n<p><a href=\"http:\/\/balcilar-blog.com\/wp-content\/uploads\/2014\/05\/Ekran-Al\u0131nt\u0131s\u0131.PNG-36.14a.png\"><img loading=\"lazy\" decoding=\"async\" class=\"alignnone size-medium wp-image-2159\" src=\"http:\/\/balcilar-blog.com\/wp-content\/uploads\/2014\/05\/Ekran-Al\u0131nt\u0131s\u0131.PNG-36.14a-300x166.png\" alt=\"Ekran Al\u0131nt\u0131s\u0131.PNG 36.14a\" width=\"300\" height=\"166\" srcset=\"https:\/\/balcilar-blog.com\/wp-content\/uploads\/2014\/05\/Ekran-Al\u0131nt\u0131s\u0131.PNG-36.14a-300x166.png 300w, https:\/\/balcilar-blog.com\/wp-content\/uploads\/2014\/05\/Ekran-Al\u0131nt\u0131s\u0131.PNG-36.14a.png 731w\" sizes=\"auto, (max-width: 300px) 100vw, 300px\" \/><\/a><\/p>\n<p>Ba\u015f ba\u015fa ilk resimlerini \u00e7ektiriler. Mira, g\u00fcnler ge\u00e7iyor, sen bana gitme demiyorsun. Yaman, nas\u0131l diyeyim, zaten \u00fc\u00e7 ay boyunca \u00e7al\u0131\u015faca\u011f\u0131m. Yoklu\u011fumda ba\u015fka bir k\u0131z olacak m\u0131 hayat\u0131nda? Yaman, sen ba\u015fka birine a\u015f\u0131k olacak m\u0131s\u0131n? L\u00fctfen bu konuyu a\u00e7\u0131p, beni daha fazla \u00fczme. \u015eark\u0131c\u0131 gen\u00e7, Gitar ile \u201cGitme kal, ayr\u0131l\u0131\u011fa hen\u00fcz daha haz\u0131r de\u011filim\u201d diye bir par\u00e7a \u00e7alar.<\/p>\n<p><img decoding=\"async\" src=\"https:\/\/pbs.twimg.com\/media\/Bo4T6USCQAAXAW5.jpg\" alt=\"G\u00f6m\u00fcl\u00fc resim i\u00e7in kal\u0131c\u0131 ba\u011flant\u0131\" \/><\/p>\n<p>Yaman, Orkun da gelecekmi\u015f do\u011fru mu diye sorar. Mira, do\u011fru. Yaman, ayn\u0131 yerde, ayn\u0131 okulda okuyacaks\u0131n\u0131z. Yaman s\u0131k\u0131nt\u0131dan, derin bir oh \u00e7eker. Mira, daha sonra verecektim ama, hediyeni vereyim. Paketi verir, Yaman u\u00e7ak biletini g\u00f6r\u00fcnce, \u00e7ok b\u00fcy\u00fck bir hediye, ben bunu kabul edemem der, geri verir. Bu hediyeyi ben kendim vermek isterim.<\/p>\n<p><a href=\"http:\/\/balcilar-blog.com\/wp-content\/uploads\/2014\/05\/Ekran-Al\u0131nt\u0131s\u0131.PNG-36.151.png\"><img loading=\"lazy\" decoding=\"async\" class=\"alignnone size-medium wp-image-2160\" src=\"http:\/\/balcilar-blog.com\/wp-content\/uploads\/2014\/05\/Ekran-Al\u0131nt\u0131s\u0131.PNG-36.151-300x167.png\" alt=\"Ekran Al\u0131nt\u0131s\u0131.PNG 36.15\" width=\"300\" height=\"167\" srcset=\"https:\/\/balcilar-blog.com\/wp-content\/uploads\/2014\/05\/Ekran-Al\u0131nt\u0131s\u0131.PNG-36.151-300x167.png 300w, https:\/\/balcilar-blog.com\/wp-content\/uploads\/2014\/05\/Ekran-Al\u0131nt\u0131s\u0131.PNG-36.151.png 873w\" sizes=\"auto, (max-width: 300px) 100vw, 300px\" \/><\/a><\/p>\n<p>Mira, \u0131srar eder. Gurur yapaca\u011f\u0131n en son ki\u015fi benim. Mira, sadece bir bilet, Yaman, ben s\u00fcrekli senin imkanlar\u0131nla hayat\u0131ma devam edemem, alt\u0131nda kal\u0131r\u0131m. Mira, h\u0131zla bileti y\u0131rtar atar. Yaman, bir sandalye \u00e7eker, Miran\u0131n yan\u0131na oturur. Ba\u015f ba\u015fa kucakla\u015f\u0131rlar. Mira, g\u00f6zya\u015flar\u0131n\u0131 tutamaz, a\u011flar.<\/p>\n<p><a href=\"http:\/\/balcilar-blog.com\/wp-content\/uploads\/2014\/05\/Ekran-Al\u0131nt\u0131s\u0131.PNG-36.161.png\"><img loading=\"lazy\" decoding=\"async\" class=\"alignnone size-medium wp-image-2161\" src=\"http:\/\/balcilar-blog.com\/wp-content\/uploads\/2014\/05\/Ekran-Al\u0131nt\u0131s\u0131.PNG-36.161-300x168.png\" alt=\"Ekran Al\u0131nt\u0131s\u0131.PNG 36.16\" width=\"300\" height=\"168\" srcset=\"https:\/\/balcilar-blog.com\/wp-content\/uploads\/2014\/05\/Ekran-Al\u0131nt\u0131s\u0131.PNG-36.161-300x168.png 300w, https:\/\/balcilar-blog.com\/wp-content\/uploads\/2014\/05\/Ekran-Al\u0131nt\u0131s\u0131.PNG-36.161.png 862w\" sizes=\"auto, (max-width: 300px) 100vw, 300px\" \/><\/a><\/p>\n<p>Yaman, seni seviyorum diyerek Mira\u2019y\u0131 \u00f6per. Foto\u011fraf\u00e7\u0131 \u00e7ekilen foto\u011fraflar\u0131 getirir. Mira\u2019n\u0131n evinin kap\u0131s\u0131nda; Yaman, bu gece seni \u00fczd\u00fcysem \u00f6z\u00fcr dilerim. Sen nereye gidersen git, hep benimle olacaks\u0131n. Ben hep senin yan\u0131na gelmek isteyece\u011fim. R\u00fcyamda hep seni g\u00f6rece\u011fim, kokun hep benimle olacak. O g\u00fcn seni \u015fimdi eve b\u0131rak\u0131r gibi hava liman\u0131na b\u0131rakaca\u011f\u0131m.<\/p>\n<p><a href=\"http:\/\/balcilar-blog.com\/wp-content\/uploads\/2014\/05\/Ekran-Al\u0131nt\u0131s\u0131.PNG-36.171.png\"><img loading=\"lazy\" decoding=\"async\" class=\"alignnone size-medium wp-image-2162\" src=\"http:\/\/balcilar-blog.com\/wp-content\/uploads\/2014\/05\/Ekran-Al\u0131nt\u0131s\u0131.PNG-36.171-300x168.png\" alt=\"Ekran Al\u0131nt\u0131s\u0131.PNG 36.17\" width=\"300\" height=\"168\" srcset=\"https:\/\/balcilar-blog.com\/wp-content\/uploads\/2014\/05\/Ekran-Al\u0131nt\u0131s\u0131.PNG-36.171-300x168.png 300w, https:\/\/balcilar-blog.com\/wp-content\/uploads\/2014\/05\/Ekran-Al\u0131nt\u0131s\u0131.PNG-36.171.png 853w\" sizes=\"auto, (max-width: 300px) 100vw, 300px\" \/><\/a><\/p>\n<p>Birbirlerinden dakikalarca ayr\u0131lmazlar.\u00a0 Sonra, Mira eve girer. Bu gece, ayr\u0131l\u0131k \u00f6ncesi, \u00a0hem h\u00fcz\u00fcnl\u00fc bir \u015fekilde, dert payla\u015f\u0131m\u0131 ile ge\u00e7mi\u015ftir.<\/p>\n<p><a href=\"http:\/\/balcilar-blog.com\/wp-content\/uploads\/2014\/05\/Ekran-Al\u0131nt\u0131s\u0131.PNG-36.18.png\"><img loading=\"lazy\" decoding=\"async\" class=\"alignnone size-medium wp-image-2163\" src=\"http:\/\/balcilar-blog.com\/wp-content\/uploads\/2014\/05\/Ekran-Al\u0131nt\u0131s\u0131.PNG-36.18-300x166.png\" alt=\"Ekran Al\u0131nt\u0131s\u0131.PNG 36.18\" width=\"300\" height=\"166\" srcset=\"https:\/\/balcilar-blog.com\/wp-content\/uploads\/2014\/05\/Ekran-Al\u0131nt\u0131s\u0131.PNG-36.18-300x166.png 300w, https:\/\/balcilar-blog.com\/wp-content\/uploads\/2014\/05\/Ekran-Al\u0131nt\u0131s\u0131.PNG-36.18.png 870w\" sizes=\"auto, (max-width: 300px) 100vw, 300px\" \/><\/a><\/p>\n<p>Yaman odas\u0131na girdi\u011finde Mert\u2019i kendi yata\u011f\u0131nda bulur, uyuya kalm\u0131\u015ft\u0131r. Zorla uyand\u0131r\u0131r. Mert, bir \u015fey yapt\u0131m, \u00f6nce k\u0131zmayaca\u011f\u0131m diye s\u00f6z ver bana. Yaman, ne yapt\u0131n diye \u0131srarla sorar.<\/p>\n<p><a href=\"http:\/\/balcilar-blog.com\/wp-content\/uploads\/2014\/05\/Ekran-Al\u0131nt\u0131s\u0131.PNG-ender.png\"><img loading=\"lazy\" decoding=\"async\" class=\"alignnone size-medium wp-image-2178\" src=\"http:\/\/balcilar-blog.com\/wp-content\/uploads\/2014\/05\/Ekran-Al\u0131nt\u0131s\u0131.PNG-ender-300x166.png\" alt=\"Ekran Al\u0131nt\u0131s\u0131.PNG ender\" width=\"300\" height=\"166\" srcset=\"https:\/\/balcilar-blog.com\/wp-content\/uploads\/2014\/05\/Ekran-Al\u0131nt\u0131s\u0131.PNG-ender-300x166.png 300w, https:\/\/balcilar-blog.com\/wp-content\/uploads\/2014\/05\/Ekran-Al\u0131nt\u0131s\u0131.PNG-ender.png 824w\" sizes=\"auto, (max-width: 300px) 100vw, 300px\" \/><\/a><\/p>\n<p>Ender Han\u0131m, Sude ile konu\u015fmak ister. Ender, babam d\u00fcnyan\u0131n en ac\u0131mas\u0131z insan\u0131d\u0131r, menfaatleri i\u00e7in can yakmaktan hi\u00e7 \u00e7ekinmez. Aldat\u0131ld\u0131\u011f\u0131n\u0131 \u00f6\u011frendi\u011finde nas\u0131l can yakaca\u011f\u0131n\u0131, Kenan ile bir ili\u015fkiniz oldu\u011funu biliyorum. Sude, As\u0131m\u2019dan \u00f6ncesi kimseyi ilgilendirmez. Babanla evlenmeme engel olamayacaks\u0131n\u0131z.<\/p>\n<p><a href=\"http:\/\/balcilar-blog.com\/wp-content\/uploads\/2014\/05\/Ekran-Al\u0131nt\u0131s\u0131.PNG-36.191.png\"><img loading=\"lazy\" decoding=\"async\" class=\"alignnone size-medium wp-image-2164\" src=\"http:\/\/balcilar-blog.com\/wp-content\/uploads\/2014\/05\/Ekran-Al\u0131nt\u0131s\u0131.PNG-36.191-300x167.png\" alt=\"Ekran Al\u0131nt\u0131s\u0131.PNG 36.19\" width=\"300\" height=\"167\" srcset=\"https:\/\/balcilar-blog.com\/wp-content\/uploads\/2014\/05\/Ekran-Al\u0131nt\u0131s\u0131.PNG-36.191-300x167.png 300w, https:\/\/balcilar-blog.com\/wp-content\/uploads\/2014\/05\/Ekran-Al\u0131nt\u0131s\u0131.PNG-36.191.png 863w\" sizes=\"auto, (max-width: 300px) 100vw, 300px\" \/><\/a><\/p>\n<p>Selim Beyde Kenan ile konu\u015fur. Seninle son konu\u015fmam\u0131zda, yapt\u0131\u011f\u0131n bu hatan\u0131n son oldu\u011funu s\u00f6ylemi\u015ftin. Bu durum duyulursa evlilik iptal olur, herkes zor durumda kal\u0131r. Bence sessiz sedas\u0131z, ayr\u0131l buradan. Ben sana yeni bir i\u015f bulmana yard\u0131mc\u0131 olaca\u011f\u0131m.<\/p>\n<p>Kenan, Sude Han\u0131ma L\u00fctfen konu\u015fal\u0131m diye mesaj atar.<\/p>\n<p><img decoding=\"async\" src=\"http:\/\/www2.dizifilm.com\/newpics\/fotogaleri\/act\/4869_2522_27052014_3.jpg\" alt=\"\" \/><\/p>\n<p>Burak, Gaye Yaman\u2019\u0131n do\u011fum g\u00fcn\u00fc partisini konu\u015furlar. Leyla \u00e7a\u011fr\u0131lmas\u0131n. O s\u0131ra Orkun Yaman i\u00e7in yard\u0131m kampanyas\u0131 m\u0131 ba\u015flatt\u0131k diye lafa girer.<\/p>\n<p>Yaman, Mira i\u00e7in doktoru ile konu\u015fur. Doktor, hayati bir risk yok. Stresten ve \u00fcz\u00fcnt\u00fcden uzak durmas\u0131 laz\u0131m. Senin yard\u0131mc\u0131 olman \u00e7ok \u00f6nemli, bu s\u00fcreci birlikte atlatacaks\u0131n\u0131z. Yaman, o gece u\u00e7ak biletlerini bakar. 3600 civar\u0131ndaki fiyatlar\u0131 g\u00f6r\u00fcnce o ha\u2026 der ve bilgisayar\u0131 kapat\u0131r.<\/p>\n<p><a href=\"http:\/\/balcilar-blog.com\/wp-content\/uploads\/2014\/05\/Ekran-Al\u0131nt\u0131s\u0131.PNG-36.20.png\"><img loading=\"lazy\" decoding=\"async\" class=\"alignnone size-medium wp-image-2165\" src=\"http:\/\/balcilar-blog.com\/wp-content\/uploads\/2014\/05\/Ekran-Al\u0131nt\u0131s\u0131.PNG-36.20-300x169.png\" alt=\"Ekran Al\u0131nt\u0131s\u0131.PNG 36.20\" width=\"300\" height=\"169\" srcset=\"https:\/\/balcilar-blog.com\/wp-content\/uploads\/2014\/05\/Ekran-Al\u0131nt\u0131s\u0131.PNG-36.20-300x169.png 300w, https:\/\/balcilar-blog.com\/wp-content\/uploads\/2014\/05\/Ekran-Al\u0131nt\u0131s\u0131.PNG-36.20.png 862w\" sizes=\"auto, (max-width: 300px) 100vw, 300px\" \/><\/a><\/p>\n<p>Kenan ile Sude ormanl\u0131k bir yerde bulu\u015furlar. Kenan, veda et, der. Sude, bir g\u00fcn bitecekti, bitti. Bir zarf i\u00e7inde tazminat\u0131 gibi para verir. Kenan, beni \u00e7\u00f6zm\u00fc\u015fs\u00fcn. \u0130htiyac\u0131m vard\u0131, isabet oldu. Sude\u2019nin elini kalbinin \u00fczerine koydurur, kalbini b\u00f6yle att\u0131ran adam\u0131 unutma. \u00a0Kenan \u00e7eker gider.<\/p>\n<p><a href=\"http:\/\/balcilar-blog.com\/wp-content\/uploads\/2014\/05\/Ekran-Al\u0131nt\u0131s\u0131.PNG-36.211.png\"><img loading=\"lazy\" decoding=\"async\" class=\"alignnone size-medium wp-image-2166\" src=\"http:\/\/balcilar-blog.com\/wp-content\/uploads\/2014\/05\/Ekran-Al\u0131nt\u0131s\u0131.PNG-36.211-300x163.png\" alt=\"Ekran Al\u0131nt\u0131s\u0131.PNG 36.21\" width=\"300\" height=\"163\" srcset=\"https:\/\/balcilar-blog.com\/wp-content\/uploads\/2014\/05\/Ekran-Al\u0131nt\u0131s\u0131.PNG-36.211-300x163.png 300w, https:\/\/balcilar-blog.com\/wp-content\/uploads\/2014\/05\/Ekran-Al\u0131nt\u0131s\u0131.PNG-36.211.png 867w\" sizes=\"auto, (max-width: 300px) 100vw, 300px\" \/><\/a><\/p>\n<p>Onlar\u0131 uzaktan g\u00f6zetleyen birisi vard\u0131r. As\u0131m \u015eekip Kaya\u2019n\u0131n ta kendisidir bu adam.<\/p>\n<p>Yaman, okulda imtihana girer, ka\u011f\u0131d\u0131n\u0131 teslim eder \u00e7\u0131kar. Kap\u0131da Mira ile Orkun tart\u0131\u015f\u0131rlar. Mira, ger\u00e7ekten inanam\u0131yorum sana bir tek benim u\u00e7ak da m\u0131 yer bulabildin? Orkun, yok ba\u015fka u\u00e7ak. Yaman\u2019\u0131n geldi\u011fini g\u00f6r\u00fcnce Orkun gider. Ne istiyor bu yine. Mira, ayn\u0131 u\u00e7akta gidiyormu\u015fuz deyince,<\/p>\n<p><a href=\"http:\/\/balcilar-blog.com\/wp-content\/uploads\/2014\/05\/Ekran-Al\u0131nt\u0131s\u0131.PNG-36.22.png\"><img loading=\"lazy\" decoding=\"async\" class=\"alignnone size-medium wp-image-2167\" src=\"http:\/\/balcilar-blog.com\/wp-content\/uploads\/2014\/05\/Ekran-Al\u0131nt\u0131s\u0131.PNG-36.22-300x166.png\" alt=\"Ekran Al\u0131nt\u0131s\u0131.PNG 36.22\" width=\"300\" height=\"166\" srcset=\"https:\/\/balcilar-blog.com\/wp-content\/uploads\/2014\/05\/Ekran-Al\u0131nt\u0131s\u0131.PNG-36.22-300x166.png 300w, https:\/\/balcilar-blog.com\/wp-content\/uploads\/2014\/05\/Ekran-Al\u0131nt\u0131s\u0131.PNG-36.22.png 862w\" sizes=\"auto, (max-width: 300px) 100vw, 300px\" \/><\/a><\/p>\n<p>Yaman k\u00fcplere biner, sen bu adama nas\u0131l arkada\u015f\u0131m diyorsun. Ne mal oldu\u011funu bilmiyor musun bunun. Mira, l\u00fctfen bozulma Yaman.<\/p>\n<p><img decoding=\"async\" src=\"https:\/\/pbs.twimg.com\/media\/Bo8UAiqCMAA-7X1.jpg\" alt=\"G\u00f6m\u00fcl\u00fc resim i\u00e7in kal\u0131c\u0131 ba\u011flant\u0131\" \/><\/p>\n<p>Yaman, evde Selim Abisinden g\u00f6rd\u00fc\u011f\u00fc stres atma takti\u011fini kullan\u0131r. Balta ile odun k\u0131rar. Mert, yan\u0131nda konu\u015fur, onu rahatlatmaya \u00e7al\u0131\u015f\u0131r. G\u00f6r\u00fcnt\u00fcl\u00fc konu\u015fmalar yapmalar\u0131n\u0131 \u00f6nerir. Orkun esprisini k\u0131zan Yaman, Mert\u2019i havuza atar.<\/p>\n<p>Do\u011fum g\u00fcn\u00fc partisi ba\u015flar, herkes oradad\u0131r. Kenan da korumal\u0131k yapar, i\u00e7ki kadehlerini de ard\u0131 ard\u0131na yuvarlar. Faruk Bey, Sude\u2019ye tak\u0131l\u0131r. Ni\u015fanl\u0131n\u0131z beyefendi yoklar. Sude, maalesef gelmek istemediler.<\/p>\n<p><a href=\"http:\/\/balcilar-blog.com\/wp-content\/uploads\/2014\/05\/Ekran-Al\u0131nt\u0131s\u0131.PNG-36.24.png\"><img loading=\"lazy\" decoding=\"async\" class=\"alignnone size-medium wp-image-2169\" src=\"http:\/\/balcilar-blog.com\/wp-content\/uploads\/2014\/05\/Ekran-Al\u0131nt\u0131s\u0131.PNG-36.24-300x166.png\" alt=\"Ekran Al\u0131nt\u0131s\u0131.PNG 36.24\" width=\"300\" height=\"166\" srcset=\"https:\/\/balcilar-blog.com\/wp-content\/uploads\/2014\/05\/Ekran-Al\u0131nt\u0131s\u0131.PNG-36.24-300x166.png 300w, https:\/\/balcilar-blog.com\/wp-content\/uploads\/2014\/05\/Ekran-Al\u0131nt\u0131s\u0131.PNG-36.24.png 864w\" sizes=\"auto, (max-width: 300px) 100vw, 300px\" \/><\/a><\/p>\n<p>Pasta gelir, Mira Yaman&#8217;a dilek tut, der. Yaman, g\u00f6zlerini yumar, bir dilek tutar, sonra da mumlar\u0131 \u00fcfler.<\/p>\n<p><a href=\"http:\/\/balcilar-blog.com\/wp-content\/uploads\/2014\/05\/10001409.jpg\"><img loading=\"lazy\" decoding=\"async\" class=\"alignnone size-full wp-image-2179\" src=\"http:\/\/balcilar-blog.com\/wp-content\/uploads\/2014\/05\/10001409.jpg\" alt=\"10001409\" width=\"262\" height=\"226\" \/><\/a><\/p>\n<p>K\u0131sa duygulu bir konu\u015fma yapar. Bu g\u00fczel ak\u015fam i\u00e7in herkese te\u015fekk\u00fcr ederim. \u00c7ok \u015fansl\u0131 hissediyorum kendimi. \u00c7\u00fcnk\u00fc hep sevdi\u011fim insanlar yan\u0131mda. Sevdi\u011fim insan yan\u0131mda. Tam duvara toslam\u0131\u015fken, (Kenan\u2019a bakar) ger\u00e7ek anlamda duvara toslam\u0131\u015fken, kar\u015f\u0131ma ikinci bir \u015fans \u00e7\u0131kt\u0131. Selim Abi \u00e7\u0131kt\u0131. Selim abiye bir\u00e7ok kere te\u015fekk\u00fcr ettim, ama bu kadar kalabal\u0131\u011f\u0131n i\u00e7inde bir kez daha te\u015fekk\u00fcr edece\u011fim. Selim Abi, te\u015fekk\u00fcr ederim. Selim Beyin bo\u011faz\u0131na sar\u0131l\u0131r. Her kahraman\u0131n bir \u00fcniformas\u0131 vard\u0131r. Benim kahraman\u0131m ki de smokini idi. Abi, o gece iyi ki o karakolda kar\u015f\u0131ma \u00e7\u0131kt\u0131n, sa\u011f ol. Herkes taraf\u0131ndan alk\u0131\u015flan\u0131r.<\/p>\n<p><a href=\"http:\/\/balcilar-blog.com\/wp-content\/uploads\/2014\/05\/Ekran-Al\u0131nt\u0131s\u0131.PNG-36.25.png\"><img loading=\"lazy\" decoding=\"async\" class=\"alignnone size-medium wp-image-2170\" src=\"http:\/\/balcilar-blog.com\/wp-content\/uploads\/2014\/05\/Ekran-Al\u0131nt\u0131s\u0131.PNG-36.25-300x166.png\" alt=\"Ekran Al\u0131nt\u0131s\u0131.PNG 36.25\" width=\"300\" height=\"166\" srcset=\"https:\/\/balcilar-blog.com\/wp-content\/uploads\/2014\/05\/Ekran-Al\u0131nt\u0131s\u0131.PNG-36.25-300x166.png 300w, https:\/\/balcilar-blog.com\/wp-content\/uploads\/2014\/05\/Ekran-Al\u0131nt\u0131s\u0131.PNG-36.25.png 871w\" sizes=\"auto, (max-width: 300px) 100vw, 300px\" \/><\/a><\/p>\n<p>Haz\u0131r f\u0131rsat bulmu\u015fken devam edeyim, Ender han\u0131m \u00e7ok te\u015fekk\u00fcr ederim. Bir yabac\u0131ya o\u011flum dedi\u011finiz i\u00e7in, Mert\u2019in abisi olmama izin verdi\u011finiz i\u00e7in. Bana g\u00fcvendi\u011finiz i\u00e7in. Bu g\u00fcvene \u00f6m\u00fcr boyu lay\u0131k olmaya \u00e7al\u0131\u015faca\u011f\u0131m.<\/p>\n<p><a href=\"http:\/\/balcilar-blog.com\/wp-content\/uploads\/2014\/05\/Ekran-Al\u0131nt\u0131s\u0131.PNG-36.26.png\"><img loading=\"lazy\" decoding=\"async\" class=\"alignnone size-medium wp-image-2171\" src=\"http:\/\/balcilar-blog.com\/wp-content\/uploads\/2014\/05\/Ekran-Al\u0131nt\u0131s\u0131.PNG-36.26-300x170.png\" alt=\"Ekran Al\u0131nt\u0131s\u0131.PNG 36.26\" width=\"300\" height=\"170\" srcset=\"https:\/\/balcilar-blog.com\/wp-content\/uploads\/2014\/05\/Ekran-Al\u0131nt\u0131s\u0131.PNG-36.26-300x170.png 300w, https:\/\/balcilar-blog.com\/wp-content\/uploads\/2014\/05\/Ekran-Al\u0131nt\u0131s\u0131.PNG-36.26.png 858w\" sizes=\"auto, (max-width: 300px) 100vw, 300px\" \/><\/a><\/p>\n<p>Ender Han\u0131m\u0131n boynuna sar\u0131l\u0131r. Her ikisi de duygulu anlar ya\u015farlar. Sonra Mira\u2019ya d\u00f6ner, seni seviyorum.<\/p>\n<p><img decoding=\"async\" src=\"https:\/\/pbs.twimg.com\/media\/Bo4FYdsIAAApJ8m.jpg\" alt=\"G\u00f6m\u00fcl\u00fc resim i\u00e7in kal\u0131c\u0131 ba\u011flant\u0131\" \/><\/p>\n<p>Mert\u2019e de sar\u0131l\u0131r. Tam o s\u0131rada kap\u0131da As\u0131m \u015eekip Kaya g\u00f6z\u00fck\u00fcr. Tebrikler delikanl\u0131, tebrikler Yaman Koper. Herkese merhaba der. Sedef, baba sen biraz fazla m\u0131 i\u00e7tin. G\u00fcnd\u00fczden beri i\u00e7iyorum, ama kendimi frenlemeyi beceremedim. Kenan, \u00e7\u0131karken kolundan tutar \u00e7eker. Hayatta en \u00e7ok ne yapmak istedim biliyor musun? Kenan, bilmiyorum ben, der. As\u0131m Bey, b\u00fct\u00fcn \u015fiddeti ile Kenan\u2019\u0131n surat\u0131na bir kafa atar.<\/p>\n<p><a href=\"http:\/\/balcilar-blog.com\/wp-content\/uploads\/2014\/05\/Ekran-Al\u0131nt\u0131s\u0131.PNG-36.27.png\"><img loading=\"lazy\" decoding=\"async\" class=\"alignnone size-medium wp-image-2172\" src=\"http:\/\/balcilar-blog.com\/wp-content\/uploads\/2014\/05\/Ekran-Al\u0131nt\u0131s\u0131.PNG-36.27-300x166.png\" alt=\"Ekran Al\u0131nt\u0131s\u0131.PNG 36.27\" width=\"300\" height=\"166\" srcset=\"https:\/\/balcilar-blog.com\/wp-content\/uploads\/2014\/05\/Ekran-Al\u0131nt\u0131s\u0131.PNG-36.27-300x166.png 300w, https:\/\/balcilar-blog.com\/wp-content\/uploads\/2014\/05\/Ekran-Al\u0131nt\u0131s\u0131.PNG-36.27.png 867w\" sizes=\"auto, (max-width: 300px) 100vw, 300px\" \/><\/a><\/p>\n<p>Kenan, yere d\u00fc\u015fer. Kenan\u2019\u0131, Yaman ve Selim Bey yerden kald\u0131r\u0131r. Herkes \u015fa\u015fk\u0131nd\u0131r, Sude, herkesten daha \u00e7ok aptalla\u015f\u0131r. Ve 36.b\u00f6l\u00fcm burada biter.<\/p>\n<p><a href=\"http:\/\/balcilar-blog.com\/wp-content\/uploads\/2014\/05\/Ekran-Al\u0131nt\u0131s\u0131.PNG-36.son_.png\"><img loading=\"lazy\" decoding=\"async\" class=\"alignnone size-medium wp-image-2173\" src=\"http:\/\/balcilar-blog.com\/wp-content\/uploads\/2014\/05\/Ekran-Al\u0131nt\u0131s\u0131.PNG-36.son_-300x166.png\" alt=\"Ekran Al\u0131nt\u0131s\u0131.PNG 36.son\" width=\"300\" height=\"166\" srcset=\"https:\/\/balcilar-blog.com\/wp-content\/uploads\/2014\/05\/Ekran-Al\u0131nt\u0131s\u0131.PNG-36.son_-300x166.png 300w, https:\/\/balcilar-blog.com\/wp-content\/uploads\/2014\/05\/Ekran-Al\u0131nt\u0131s\u0131.PNG-36.son_.png 867w\" sizes=\"auto, (max-width: 300px) 100vw, 300px\" \/><\/a><\/p>\n<p>B\u00f6ylece Yaman Koper\u2019in g\u00fczel ba\u015flayan, duygusal konu\u015fmalar\u0131 ile devam eden do\u011fum g\u00fcn\u00fc, Kenan\u2019\u0131n m\u00fcsebbibi oldu\u011fu fiyaskoyla biter. Bu final bu g\u00fczel geceye, Yaman\u2019\u0131n pastas\u0131n\u0131n ortas\u0131na resmen t\u00fcy dikti.<\/p>\n<p>Bundan sonra ilerleyen b\u00f6l\u00fcmlerde neler olacak dersiniz, en do\u011frusunu Ece Y\u00f6ren\u00e7 biliyor. Be ne yazsam yalan olur. Sezon finaline iki b\u00f6l\u00fcm kald\u0131. 13 Haziran Cuma ak\u015fam\u0131 38.b\u00f6l\u00fcmde sezon finali yapacak ve tatile \u00e7\u0131kacaklar. Medcezir, 2.sezonunu, Muhtemelen yeni sezonu 12 Eyl\u00fcl Cuma ak\u015fam\u0131 a\u00e7acak.<\/p>\n<p><img loading=\"lazy\" decoding=\"async\" class=\"_46-i img\" src=\"https:\/\/scontent-a-vie.xx.fbcdn.net\/hphotos-xpa1\/t1.0-9\/p280x280\/10401903_649026678508075_2923513485511086092_n.jpg\" alt=\"\u00c7a\u011fatay Ulusoy'un foto\u011fraf\u0131.\" width=\"467\" height=\"280\" \/><\/p>\n<p>Do\u011fum g\u00fcn\u00fcn kutlu olsun Yaman. \u0130yi ki do\u011fdun. Ayr\u0131ca belirtmek isterim ki; \u00c7a\u011fatay Ulusoy art\u0131k usta bir oyuncu oldu. Bir r\u00f6portaj\u0131nda; &#8220;Ben hala oyuncu olamad\u0131m&#8221; diyor kendisi ama, \u00f6nce kendine, sonra herkese yalan s\u00f6yl\u00fcyor. Onun oyunculu\u011funu herkes g\u00f6r\u00fcyor ve takdir ediyor.<\/p>\n<p>Ba\u015far\u0131lar sizlerle olsun, \u00c7a\u011fatay Ulusoy &#8211; Serenay Sar\u0131kaya\u2026<\/p>\n<p>Keyifli seyirler.<\/p>\n<p>Sayg\u0131lar, sevgiler.<\/p>\n<p>Abdurrahman Balc\u0131lar<\/p>\n<p>Twitter: abdurrahman balc\u0131lar@abbalcilar<\/p>\n<p>Mail : <a href=\"mailto:ab.balcilar@hotmail.com\">ab.balcilar@hotmail.com<\/a><\/p>\n<p>Blog: milliyet.com.tr\/cansever<\/p>\n<p>Blog: balcilar-blog.com<\/p>\n<p>Not: G\u00f6rseller internetten dizifilm.com\u2019dan ve taraf\u0131mdan fragmandan al\u0131nm\u0131\u015ft\u0131r<\/p>\n<p>&nbsp;<\/p>\n","protected":false},"excerpt":{"rendered":"<p>Star Tv.in s\u00fcper dizisi \u201cMedcezir\u201d ger\u00e7ekten bu gece s\u00fcperdi. Hem g\u00fcld\u00fcrd\u00fc, hem de a\u011flatt\u0131. Bravo Yaman, iyi ki do\u011fdun, do\u011fum g\u00fcn\u00fcn kutlu olsun. Bravo \u00c7a\u011fatay Ulusoy. Bravo Ay Yap\u0131m. Yaman, do\u011fum g\u00fcn\u00fcnde Serez Ailesine minnettarl\u0131\u011f\u0131n\u0131 g\u00f6steren te\u015fekk\u00fcr konu\u015fmas\u0131 ile geceye damgas\u0131n\u0131 vurdu. Bilhassa Ender Han\u0131m bir anne olarak g\u00f6zya\u015flar\u0131n\u0131 tutamad\u0131. T\u00fcm izleyenler de onunla \u00e7ok [&hellip;]<\/p>\n","protected":false},"author":3,"featured_media":0,"comment_status":"open","ping_status":"open","sticky":false,"template":"","format":"standard","meta":{"footnotes":""},"categories":[2],"tags":[26,15,29,16,27,25],"class_list":["post-2145","post","type-post","status-publish","format-standard","hentry","category-tv-programlari","tag-ay-yapim","tag-cagatay-ulusoy","tag-ece-yorenc","tag-medcezir","tag-serenay-sarikaya","tag-star-tv"],"views":8505,"blog_post_layout_featured_media_urls":{"thumbnail":"","full":""},"categories_names":{"2":{"name":"TV Programlar\u0131","link":"https:\/\/balcilar-blog.com\/?cat=2"}},"tags_names":{"26":{"name":"Ay Yap\u0131m","link":"https:\/\/balcilar-blog.com\/?tag=ay-yapim"},"15":{"name":"\u00e7a\u011fatay ulusoy","link":"https:\/\/balcilar-blog.com\/?tag=cagatay-ulusoy"},"29":{"name":"Ece Y\u00f6ren\u00e7","link":"https:\/\/balcilar-blog.com\/?tag=ece-yorenc"},"16":{"name":"medcezir","link":"https:\/\/balcilar-blog.com\/?tag=medcezir"},"27":{"name":"Serenay Sar\u0131kaya","link":"https:\/\/balcilar-blog.com\/?tag=serenay-sarikaya"},"25":{"name":"Star Tv","link":"https:\/\/balcilar-blog.com\/?tag=star-tv"}},"comments_number":"1","wpmagazine_modules_lite_featured_media_urls":{"thumbnail":"","cvmm-medium":"","cvmm-medium-plus":"","cvmm-portrait":"","cvmm-medium-square":"","cvmm-large":"","cvmm-small":"","full":""},"_links":{"self":[{"href":"https:\/\/balcilar-blog.com\/index.php?rest_route=\/wp\/v2\/posts\/2145","targetHints":{"allow":["GET"]}}],"collection":[{"href":"https:\/\/balcilar-blog.com\/index.php?rest_route=\/wp\/v2\/posts"}],"about":[{"href":"https:\/\/balcilar-blog.com\/index.php?rest_route=\/wp\/v2\/types\/post"}],"author":[{"embeddable":true,"href":"https:\/\/balcilar-blog.com\/index.php?rest_route=\/wp\/v2\/users\/3"}],"replies":[{"embeddable":true,"href":"https:\/\/balcilar-blog.com\/index.php?rest_route=%2Fwp%2Fv2%2Fcomments&post=2145"}],"version-history":[{"count":7,"href":"https:\/\/balcilar-blog.com\/index.php?rest_route=\/wp\/v2\/posts\/2145\/revisions"}],"predecessor-version":[{"id":2183,"href":"https:\/\/balcilar-blog.com\/index.php?rest_route=\/wp\/v2\/posts\/2145\/revisions\/2183"}],"wp:attachment":[{"href":"https:\/\/balcilar-blog.com\/index.php?rest_route=%2Fwp%2Fv2%2Fmedia&parent=2145"}],"wp:term":[{"taxonomy":"category","embeddable":true,"href":"https:\/\/balcilar-blog.com\/index.php?rest_route=%2Fwp%2Fv2%2Fcategories&post=2145"},{"taxonomy":"post_tag","embeddable":true,"href":"https:\/\/balcilar-blog.com\/index.php?rest_route=%2Fwp%2Fv2%2Ftags&post=2145"}],"curies":[{"name":"wp","href":"https:\/\/api.w.org\/{rel}","templated":true}]}}