{"id":21403,"date":"2018-01-09T12:16:50","date_gmt":"2018-01-09T10:16:50","guid":{"rendered":"http:\/\/balcilar-blog.com\/?p=21403"},"modified":"2018-01-09T14:48:01","modified_gmt":"2018-01-09T12:48:01","slug":"haftasi-gecen-haftanin-01-07-ocak-2018-en-cok-izlenen-dizileri","status":"publish","type":"post","link":"https:\/\/balcilar-blog.com\/?p=21403","title":{"rendered":"Ge\u00e7en Haftan\u0131n (01 \u2013 07 Ocak 2018) En \u00c7ok \u0130zlenen Dizileri!"},"content":{"rendered":"<p>&nbsp;<\/p>\n<p><img loading=\"lazy\" decoding=\"async\" class=\"alignnone size-full wp-image-21410\" src=\"http:\/\/balcilar-blog.com\/wp-content\/uploads\/2018\/01\/cats-8-EYL\u00dcL.jpg\" alt=\"\" width=\"640\" height=\"332\" srcset=\"https:\/\/balcilar-blog.com\/wp-content\/uploads\/2018\/01\/cats-8-EYL\u00dcL.jpg 640w, https:\/\/balcilar-blog.com\/wp-content\/uploads\/2018\/01\/cats-8-EYL\u00dcL-300x156.jpg 300w\" sizes=\"auto, (max-width: 640px) 100vw, 640px\" \/><\/p>\n<p>TNS \u00f6l\u00e7\u00fcmlerine g\u00f6re haz\u0131rlad\u0131\u011f\u0131m\u00a0<strong>\u00a001 &#8211; 07 Ocak 2018\u00a0<\/strong>Tarihleri aras\u0131nda en \u00e7ok seyredilen alt\u0131 Ulusal kanallar\u0131m\u0131zda ekranlar\u0131m\u0131za dizilerin yeni b\u00f6l\u00fcmleri ekranlara gelmemi\u015ftir. Sadece dizilerin ge\u00e7en b\u00f6l\u00fcmlerinin tekrar\u0131 yay\u0131nlanm\u0131\u015ft\u0131r. Bu nedenle reytingler al\u0131namam\u0131\u015ft\u0131r. Yeni b\u00f6l\u00fcmler yay\u0131nlanmama nedeni, yay\u0131nc\u0131 kurulu\u015flarla dizi yap\u0131mc\u0131lar\u0131 aras\u0131nda her y\u0131l\u0131n ilk haftas\u0131 fiyatlar belirlenir anla\u015fmalar yenilenir. Bu nedenle haftaya 8 Ocak Pazartesiden itibaren yeni b\u00f6l\u00fcmler ekranlara gelecektir.<\/p>\n<p>Bu hafta sadece \u00f6n\u00fcm\u00fczdeki hafta ekranlara gelecek yeni dizilerin tan\u0131t\u0131mlar\u0131n\u0131 yer verece\u011fim.<\/p>\n<p>&nbsp;<\/p>\n<p><strong>Star Tv&#8217;den yeni dizi Babam\u0131n G\u00fcnahlar\u0131<\/strong> 10 Ocak \u00c7ar\u015famba ak\u015fam\u0131 ekranlar\u0131n\u0131zda olacak :<\/p>\n<p>Ba\u015frollerini Kadir Do\u011fulu, Mustafa U\u011furlu ve Melisa S\u00f6zen&#8217;in payla\u015ft\u0131klar\u0131 drama dizisi geliyor.<\/p>\n<p><img loading=\"lazy\" decoding=\"async\" class=\"alignnone size-full wp-image-21404\" src=\"http:\/\/balcilar-blog.com\/wp-content\/uploads\/2018\/01\/babam\u0131n-g\u00fcnahlar\u0131-dizisi-star-tv.jpg\" alt=\"\" width=\"640\" height=\"330\" srcset=\"https:\/\/balcilar-blog.com\/wp-content\/uploads\/2018\/01\/babam\u0131n-g\u00fcnahlar\u0131-dizisi-star-tv.jpg 640w, https:\/\/balcilar-blog.com\/wp-content\/uploads\/2018\/01\/babam\u0131n-g\u00fcnahlar\u0131-dizisi-star-tv-300x155.jpg 300w\" sizes=\"auto, (max-width: 640px) 100vw, 640px\" \/><\/p>\n<p>Konusu:\u00a0\u00a0Hikaye Ozan\u2019\u0131n (Kadir Do\u011fulu) ge\u00e7mi\u015finde Ferruh\u2019un (Mustafa U\u011furlu) i\u015fledi\u011fi bir cinayeti sevgilisi Ye\u015fim\u2019e (Melisa S\u00f6zen) zarar gelmemesi ad\u0131na \u00fcstlenmesi ile ba\u015flar. \u0130\u015flemedi\u011fi bu su\u00e7u \u00fcstlenmesi Ozan ve Ye\u015fim\u2019i farkl\u0131 geleceklere s\u00fcr\u00fcklerken Ozan bir k\u0131z\u0131 oldu\u011fundan habersiz y\u0131llar ge\u00e7irir. Ye\u015fim, Zeyno\u2019ya yap\u0131lacak ilik tedavisi i\u00e7in y\u0131llar sonra Ozan\u2019\u0131n kar\u015f\u0131s\u0131na \u00e7\u0131kar. Hayat ile ilgili en ufak bir beklentisi olmayan Ozan\u2019\u0131n hayat\u0131na Zeyno bir \u0131\u015f\u0131k demeti olarak d\u00fc\u015fer. Zeyno\u2019nun hayat\u0131 Ozan\u2019\u0131n ellerindedir, ilik nakli i\u00e7in yaralanmamas\u0131 gerekmektedir. K\u0131z\u0131na ilik nakli yapabilece\u011fini \u00f6\u011frendi\u011fi g\u00fcn ise Ozan kendini yine i\u015flemedi\u011fi bir cinayetin faili olarak bulur. Fakat bu sefer kendisini feda edemeyece\u011fi bir sebebi vard\u0131r&#8230; K\u0131z\u0131 Zeyno.<\/p>\n<p>&nbsp;<\/p>\n<p><strong>Fox Tv&#8217;den &#8220;Ad\u0131: Zehra&#8221; Natpe Fuar\u0131&#8217;nda boy g\u00f6sterecek!<\/strong><\/p>\n<p><img loading=\"lazy\" decoding=\"async\" class=\"alignnone size-full wp-image-21406\" src=\"http:\/\/balcilar-blog.com\/wp-content\/uploads\/2018\/01\/Adi-Zehra-haber-resim-1.jpg\" alt=\"\" width=\"640\" height=\"360\" srcset=\"https:\/\/balcilar-blog.com\/wp-content\/uploads\/2018\/01\/Adi-Zehra-haber-resim-1.jpg 640w, https:\/\/balcilar-blog.com\/wp-content\/uploads\/2018\/01\/Adi-Zehra-haber-resim-1-300x169.jpg 300w\" sizes=\"auto, (max-width: 640px) 100vw, 640px\" \/><\/p>\n<p>Zeynep \u00c7amc\u0131, Alican Y\u00fccesoy, Hatice Aslan, \u0130nan\u00e7 Konuk\u00e7u ve Emre K\u0131v\u0131lc\u0131m\u2019\u0131n ba\u015frollerini payla\u015ft\u0131\u011f\u0131 \u201cAd\u0131: Zehra\u201d dizisi d\u00fcnya televizyon end\u00fcstrisinde 55 y\u0131ldan bu yana \u00f6nemli yer edinen ve Miami\u2019de d\u00fczenlenen \u2018NATPE 2018 Fuar\u0131\u2019nda \u00f6n plana \u00e7\u0131kmaya haz\u0131rlan\u0131yor.<\/p>\n<p>&nbsp;<\/p>\n<p><img loading=\"lazy\" decoding=\"async\" class=\"alignnone size-full wp-image-21407\" src=\"http:\/\/balcilar-blog.com\/wp-content\/uploads\/2018\/01\/diger-resim-ad\u0131-zehra-2..jpg\" alt=\"\" width=\"640\" height=\"360\" srcset=\"https:\/\/balcilar-blog.com\/wp-content\/uploads\/2018\/01\/diger-resim-ad\u0131-zehra-2..jpg 640w, https:\/\/balcilar-blog.com\/wp-content\/uploads\/2018\/01\/diger-resim-ad\u0131-zehra-2.-300x169.jpg 300w\" sizes=\"auto, (max-width: 640px) 100vw, 640px\" \/><\/p>\n<p>16-18 Ocak tarihleri aras\u0131nda d\u00fczenlenecek olan fuarda, her y\u0131l oldu\u011fu gibi medya ve televizyon sekt\u00f6r\u00fcn\u00fcn \u00fcst d\u00fczey isimlerinin bir araya gelmesi bekleniyor.<\/p>\n<p><img loading=\"lazy\" decoding=\"async\" class=\"alignnone size-full wp-image-21405\" src=\"http:\/\/balcilar-blog.com\/wp-content\/uploads\/2018\/01\/ad\u0131-zehra-3..jpg\" alt=\"\" width=\"640\" height=\"360\" srcset=\"https:\/\/balcilar-blog.com\/wp-content\/uploads\/2018\/01\/ad\u0131-zehra-3..jpg 640w, https:\/\/balcilar-blog.com\/wp-content\/uploads\/2018\/01\/ad\u0131-zehra-3.-300x169.jpg 300w\" sizes=\"auto, (max-width: 640px) 100vw, 640px\" \/><\/p>\n<p>\u00c7ok yak\u0131nda T\u00fcrkiye\u2019de FOX izleyicisiyle bulu\u015facak olan dizinin yap\u0131mc\u0131l\u0131\u011f\u0131n\u0131 NTC Medya\/Mehmet Yi\u011fit Alp \u00fcstlenirken, y\u00f6netmenli\u011fini Taner Akvardar yap\u0131yor, senaryosu ise Bekir Baran S\u0131tk\u0131, Murat Emir Eren ve Rana Mamatl\u0131o\u011flu taraf\u0131ndan ele al\u0131n\u0131yor.<\/p>\n<p>&nbsp;<\/p>\n<p><strong>Atv&#8217;den Sen Anlat Karadeniz<\/strong><\/p>\n<p>Nefes ve Tahir&#8217;in imkans\u0131z a\u015fk\u0131&#8230;<\/p>\n<p><img loading=\"lazy\" decoding=\"async\" class=\"alignnone size-full wp-image-21409\" src=\"http:\/\/balcilar-blog.com\/wp-content\/uploads\/2018\/01\/1514902698980-sen-anlat-karadeniz.jpg\" alt=\"\" width=\"640\" height=\"267\" srcset=\"https:\/\/balcilar-blog.com\/wp-content\/uploads\/2018\/01\/1514902698980-sen-anlat-karadeniz.jpg 640w, https:\/\/balcilar-blog.com\/wp-content\/uploads\/2018\/01\/1514902698980-sen-anlat-karadeniz-300x125.jpg 300w\" sizes=\"auto, (max-width: 640px) 100vw, 640px\" \/><\/p>\n<p>Genel Hikaye :\u00a0Ge\u00e7mi\u015fte para kar\u015f\u0131l\u0131\u011f\u0131 sat\u0131ld\u0131\u011f\u0131 adam\u0131n zulm\u00fcnden ka\u00e7\u0131p \u00e7ocu\u011fuyla birlikte Karadeniz&#8217;e s\u0131\u011f\u0131nan Nefes&#8217;le, onu korudu\u011fu i\u00e7in ailesinin b\u00fcy\u00fck tepkisiyle kar\u015f\u0131la\u015fan Tahir&#8217;in imkans\u0131z a\u015fk\u0131n\u0131n anlat\u0131ld\u0131\u011f\u0131 dizinin y\u00f6netmen koltu\u011funda Osman S\u0131nav, Emre Kabaku\u015fak ve Yusuf \u00d6mer S\u0131nav oturuyor. Dizinin senaristli\u011fini ise Ay\u015fe Ferda Ery\u0131lmaz ve Nehir Erdem \u00fcstleniyor.<\/p>\n<p>Ula\u015f Tuna Astepe, \u0130rem Helvac\u0131o\u011flu, Mehmet Ali Nuro\u011flu, Sinan Tuzcu, G\u00f6zde Kansu ve \u00d6yk\u00fc G\u00fcrman&#8217;\u0131n yer ald\u0131\u011f\u0131 geni\u015f oyuncu kadrosuyla da dikkat \u00e7ekiyor.<\/p>\n<p>&nbsp;<\/p>\n<p><strong>G\u00dcL\u0130ZAR (Kanal D) :<\/strong><\/p>\n<p><img loading=\"lazy\" decoding=\"async\" class=\"alignnone size-full wp-image-21408\" src=\"http:\/\/balcilar-blog.com\/wp-content\/uploads\/2018\/01\/gulizar.jpg\" alt=\"\" width=\"640\" height=\"405\" srcset=\"https:\/\/balcilar-blog.com\/wp-content\/uploads\/2018\/01\/gulizar.jpg 640w, https:\/\/balcilar-blog.com\/wp-content\/uploads\/2018\/01\/gulizar-300x190.jpg 300w\" sizes=\"auto, (max-width: 640px) 100vw, 640px\" \/><\/p>\n<p>O3 Medya&#8217;n\u0131n yap\u0131mc\u0131l\u0131\u011f\u0131n\u0131 \u00fcstlendi\u011fi; G\u00fclizar ve ba\u015far\u0131l\u0131 veteriner hekim Murat, farkl\u0131 y\u00f6nlere hareket etmek \u00fczere olan iki ayr\u0131 treni beklerken ya\u015famlar\u0131 as\u0131rl\u0131k bir \u00e7iftlikte kesi\u015fecek iki gen\u00e7tir. G\u00fclizar d\u00fcnya y\u0131k\u0131lsa \u015fark\u0131 s\u00f6ylemekten vazge\u00e7meyecek, Murat k\u0131yamet kopsa o k\u0131z\u0131 o\u00a0 aleme yar etmeyecektir. \u00dcstelik G\u00fclizar d\u00fcne kadar varl\u0131\u011f\u0131n\u0131 bilmedi\u011fi bir ailenin ve dev s\u00fct \u00fcr\u00fcnleri imparatorlu\u011funun varisidir, Murat ise G\u00fclizar\u2019\u0131n \u00fcvey k\u0131z karde\u015fi ile 16 ya\u015f\u0131ndan beri s\u00f6zl\u00fcd\u00fcr ve \u00e7iftli\u011fin belkemi\u011fidir. Bu sevda \u00e7iftlikteki herkesin, b\u00fcy\u00fckba\u015f ve k\u00fc\u00e7\u00fckba\u015f hayvanlar\u0131n, y\u0131llanan peynirlerin, saf tereya\u011flar\u0131n ve berrak derelerin ve yemye\u015fil \u00e7ay\u0131rlar\u0131n bile huzurunu ka\u00e7\u0131racakt\u0131r.<\/p>\n<p><strong>Oyuncular:\u00a0<\/strong>Farah Zeynep Abdullah (G\u00fclizar), Berk Cankat (Murat), Ebru C\u00fcnd\u00fcbeyo\u011flu (Suzan), \u015eerif Sezer (Hayriye), Berkay Ate\u015f (Fettah), Zuhal Gencer (Candan), Sevtap \u00d6zaltun (Mine), Berk Er\u00e7er (Tu\u011frul), Osman Alka\u015f (Veysel), Mahperi Merto\u011flu (\u015eerife Abla), Ay\u015fe Tunaboylu (Zemzem), Goncag\u00fcl Sunar (Nazan), Gonca Cilasun (Muazzez), Emre Ta\u015fk\u0131ran (Teksoy), Pelin Abay (Fato\u015f), Sinem Yener (Perihan), Feriha Ey\u00fcbo\u011flu (\u015e\u00fckriye), Baran Can Eraslan (Fuat)<\/p>\n<p>Usta y\u00f6netmen \u00c7a\u011fan Irmak y\u0131llar sonra G\u00fclizar ile televizyon ekran\u0131na geri d\u00f6n\u00fcyor. Proje tasar\u0131m\u0131, senaryosu ve y\u00f6netmenli\u011fi \u00c7a\u011fan Irmak\u2019a ait olan \u201cG\u00fclizar\u201d \u0131n etkileyici hikayesi yak\u0131nda Kanal D ekran\u0131nda\u00a0 yak\u0131nda izleyici ile bulu\u015facak.<\/p>\n<p>Sayg\u0131lar ve sevgiler.<\/p>\n<div id=\"mCSB_1_container\" class=\"mCSB_container\" dir=\"ltr\">\n<div class=\"etiket\">\n<p>Abdurrahman Balc\u0131lar<\/p>\n<p>Twitter:\u00a0<a href=\"https:\/\/twitter.com\/abbalcilar\">abdurrahman balc\u0131lar<\/a><a href=\"https:\/\/twitter.com\/abbalcilar\"><strong>@abbalcilar<\/strong><\/a><\/p>\n<p>Mail :\u00a0<a href=\"mailto:ab.balcilar@hotmail.com\">ab.balcilar@hotmail.com<\/a><\/p>\n<p>Blog:\u00a0<a href=\"http:\/\/t.co\/znqmIZgIqn\">blog.milliyet.com.tr\/cansever<\/a><\/p>\n<p>Blog:\u00a0<a href=\"http:\/\/balcilar-blog.com\/\">Abdurrahman Balc\u0131lar Blog Sayfas\u0131<\/a><\/p>\n<p>Not: G\u00f6rseller ve diziler hakk\u0131nda bilgi dizi tan\u0131t\u0131m sayfalar\u0131ndan al\u0131nm\u0131\u015ft\u0131r.<\/p>\n<p><strong>*\u015eahsi Blog sayfamda ve Milliyet Blog\u2019da yay\u0131nlanan blog yaz\u0131lar\u0131 b\u00fcy\u00fck bir \u00e7al\u0131\u015fman\u0131n \u00fcr\u00fcn\u00fc olup, izinsiz ya da kaynak g\u00f6stermeden al\u0131nt\u0131 yap\u0131lamaz. Aksi halde kanuni i\u015flem yap\u0131l\u0131r.<\/strong><\/p>\n<\/div>\n<\/div>\n<div id=\"mCSB_1_scrollbar_vertical\" class=\"mCSB_scrollTools mCSB_1_scrollbar mCS-light mCSB_scrollTools_vertical\"><\/div>\n","protected":false},"excerpt":{"rendered":"<p>&nbsp; TNS \u00f6l\u00e7\u00fcmlerine g\u00f6re haz\u0131rlad\u0131\u011f\u0131m\u00a0\u00a001 &#8211; 07 Ocak 2018\u00a0Tarihleri aras\u0131nda en \u00e7ok seyredilen alt\u0131 Ulusal kanallar\u0131m\u0131zda ekranlar\u0131m\u0131za dizilerin yeni b\u00f6l\u00fcmleri ekranlara gelmemi\u015ftir. Sadece dizilerin ge\u00e7en b\u00f6l\u00fcmlerinin tekrar\u0131 yay\u0131nlanm\u0131\u015ft\u0131r. Bu nedenle reytingler al\u0131namam\u0131\u015ft\u0131r. Yeni b\u00f6l\u00fcmler yay\u0131nlanmama nedeni, yay\u0131nc\u0131 kurulu\u015flarla dizi yap\u0131mc\u0131lar\u0131 aras\u0131nda her y\u0131l\u0131n ilk haftas\u0131 fiyatlar belirlenir anla\u015fmalar yenilenir. Bu nedenle haftaya 8 Ocak Pazartesiden [&hellip;]<\/p>\n","protected":false},"author":3,"featured_media":21410,"comment_status":"open","ping_status":"open","sticky":false,"template":"","format":"standard","meta":{"footnotes":""},"categories":[2],"tags":[1636,1584,1623,1635,530,1634],"class_list":["post-21403","post","type-post","status-publish","format-standard","has-post-thumbnail","hentry","category-tv-programlari","tag-adi-zehra","tag-babamin-gunahlari","tag-gulizar","tag-sen-anlat-karadeniz","tag-tns-olcumleri","tag-yeni-diziler"],"views":2908,"blog_post_layout_featured_media_urls":{"thumbnail":["https:\/\/balcilar-blog.com\/wp-content\/uploads\/2018\/01\/cats-8-EYL\u00dcL-150x150.jpg",150,150,true],"full":["https:\/\/balcilar-blog.com\/wp-content\/uploads\/2018\/01\/cats-8-EYL\u00dcL.jpg",640,332,false]},"categories_names":{"2":{"name":"TV Programlar\u0131","link":"https:\/\/balcilar-blog.com\/?cat=2"}},"tags_names":{"1636":{"name":"Ad\u0131 Zehra","link":"https:\/\/balcilar-blog.com\/?tag=adi-zehra"},"1584":{"name":"Babam\u0131n G\u00fcnahlar\u0131","link":"https:\/\/balcilar-blog.com\/?tag=babamin-gunahlari"},"1623":{"name":"G\u00fclizar","link":"https:\/\/balcilar-blog.com\/?tag=gulizar"},"1635":{"name":"Sen Anlat Karadeniz","link":"https:\/\/balcilar-blog.com\/?tag=sen-anlat-karadeniz"},"530":{"name":"TNS \u00f6l\u00e7\u00fcmleri","link":"https:\/\/balcilar-blog.com\/?tag=tns-olcumleri"},"1634":{"name":"Yeni Diziler","link":"https:\/\/balcilar-blog.com\/?tag=yeni-diziler"}},"comments_number":"0","wpmagazine_modules_lite_featured_media_urls":{"thumbnail":["https:\/\/balcilar-blog.com\/wp-content\/uploads\/2018\/01\/cats-8-EYL\u00dcL-150x150.jpg",150,150,true],"cvmm-medium":["https:\/\/balcilar-blog.com\/wp-content\/uploads\/2018\/01\/cats-8-EYL\u00dcL.jpg",300,156,false],"cvmm-medium-plus":["https:\/\/balcilar-blog.com\/wp-content\/uploads\/2018\/01\/cats-8-EYL\u00dcL.jpg",305,158,false],"cvmm-portrait":["https:\/\/balcilar-blog.com\/wp-content\/uploads\/2018\/01\/cats-8-EYL\u00dcL.jpg",400,208,false],"cvmm-medium-square":["https:\/\/balcilar-blog.com\/wp-content\/uploads\/2018\/01\/cats-8-EYL\u00dcL.jpg",600,311,false],"cvmm-large":["https:\/\/balcilar-blog.com\/wp-content\/uploads\/2018\/01\/cats-8-EYL\u00dcL.jpg",640,332,false],"cvmm-small":["https:\/\/balcilar-blog.com\/wp-content\/uploads\/2018\/01\/cats-8-EYL\u00dcL.jpg",130,67,false],"full":["https:\/\/balcilar-blog.com\/wp-content\/uploads\/2018\/01\/cats-8-EYL\u00dcL.jpg",640,332,false]},"_links":{"self":[{"href":"https:\/\/balcilar-blog.com\/index.php?rest_route=\/wp\/v2\/posts\/21403","targetHints":{"allow":["GET"]}}],"collection":[{"href":"https:\/\/balcilar-blog.com\/index.php?rest_route=\/wp\/v2\/posts"}],"about":[{"href":"https:\/\/balcilar-blog.com\/index.php?rest_route=\/wp\/v2\/types\/post"}],"author":[{"embeddable":true,"href":"https:\/\/balcilar-blog.com\/index.php?rest_route=\/wp\/v2\/users\/3"}],"replies":[{"embeddable":true,"href":"https:\/\/balcilar-blog.com\/index.php?rest_route=%2Fwp%2Fv2%2Fcomments&post=21403"}],"version-history":[{"count":2,"href":"https:\/\/balcilar-blog.com\/index.php?rest_route=\/wp\/v2\/posts\/21403\/revisions"}],"predecessor-version":[{"id":21412,"href":"https:\/\/balcilar-blog.com\/index.php?rest_route=\/wp\/v2\/posts\/21403\/revisions\/21412"}],"wp:featuredmedia":[{"embeddable":true,"href":"https:\/\/balcilar-blog.com\/index.php?rest_route=\/wp\/v2\/media\/21410"}],"wp:attachment":[{"href":"https:\/\/balcilar-blog.com\/index.php?rest_route=%2Fwp%2Fv2%2Fmedia&parent=21403"}],"wp:term":[{"taxonomy":"category","embeddable":true,"href":"https:\/\/balcilar-blog.com\/index.php?rest_route=%2Fwp%2Fv2%2Fcategories&post=21403"},{"taxonomy":"post_tag","embeddable":true,"href":"https:\/\/balcilar-blog.com\/index.php?rest_route=%2Fwp%2Fv2%2Ftags&post=21403"}],"curies":[{"name":"wp","href":"https:\/\/api.w.org\/{rel}","templated":true}]}}