{"id":21302,"date":"2017-12-25T16:31:21","date_gmt":"2017-12-25T14:31:21","guid":{"rendered":"http:\/\/balcilar-blog.com\/?p=21302"},"modified":"2017-12-25T21:24:06","modified_gmt":"2017-12-25T19:24:06","slug":"gecen-haftanin-18-24-aralik-2017-en-cok-izlenen-dizileri","status":"publish","type":"post","link":"https:\/\/balcilar-blog.com\/?p=21302","title":{"rendered":"Ge\u00e7en Haftan\u0131n (18 &#8211; 24 Aral\u0131k 2017) En \u00c7ok \u0130zlenen Dizileri!"},"content":{"rendered":"<p><img loading=\"lazy\" decoding=\"async\" class=\"alignnone size-full wp-image-21308\" src=\"http:\/\/balcilar-blog.com\/wp-content\/uploads\/2017\/12\/cats-25-ARALIK.jpg\" alt=\"\" width=\"640\" height=\"361\" srcset=\"https:\/\/balcilar-blog.com\/wp-content\/uploads\/2017\/12\/cats-25-ARALIK.jpg 640w, https:\/\/balcilar-blog.com\/wp-content\/uploads\/2017\/12\/cats-25-ARALIK-300x169.jpg 300w\" sizes=\"auto, (max-width: 640px) 100vw, 640px\" \/><\/p>\n<p>TNS \u00f6l\u00e7\u00fcmlerine g\u00f6re haz\u0131rlad\u0131\u011f\u0131m \u00a0<strong>18 &#8211; 25 Aral\u0131k 2017<\/strong> Tarihleri aras\u0131nda en \u00e7ok seyredilen alt\u0131 Ulusal kanallar\u0131m\u0131zda ekranlar\u0131m\u0131za gelen 34 dizi aras\u0131nda, Total\u2019de ve AB\u2019de ilk ona giren, haftan\u0131n dizi karnesini a\u015fa\u011f\u0131da bilgilerinize sunuyorum.<\/p>\n<p><strong>Ge\u00e7en Hafta G\u00f6sterimdeki Diziler :<\/strong><\/p>\n<p>S\u00f6z, \u00c7ukur, K\u0131rg\u0131n \u00c7i\u00e7ekler, Siyah Beyaz, Yalaza, E\u015fk\u0131ya D\u00fcnyaya H\u00fck\u00fcmdar Olmaz, Ufak Tefek Cinayetler, Kad\u0131n, K\u0131zlar\u0131m \u0130\u00e7in, Dirili\u015f Ertu\u011frul, Meryem, Hayat S\u0131rlar\u0131, Bizim Hikaye, Kanats\u0131z Ku\u015flar, Vatan\u0131m Sensin, Siyah \u0130nci, Arka Sokaklar, A\u015fk ve Mavi, \u0130stanbullu Gelin, \u015eevkat Yerimdar, Payitaht Abd\u00fclhamid, Kalp At\u0131\u015f\u0131,\u00a0Yeni Gelin, Kalbimdeki Deniz, Fazilet Han\u0131m ve K\u0131zlar\u0131, Bahtiyar \u00d6lmez, Dostlar Mahallesi, Kalk Gidelim, Sava\u015f\u00e7\u0131, Cennetin G\u00f6z Ya\u015flar\u0131, Dolunay, \u00c7ocuklar Duymas\u0131n, Dolunay ve Aslan Ailem dizilerinin yeni b\u00f6l\u00fcmleri yay\u0131nland\u0131.<\/p>\n<p>&nbsp;<\/p>\n<p><strong>HAFTANIN D\u0130Z\u0130LER\u0130NDE ;<\/strong><\/p>\n<p>Total\u2019in ilk s\u0131ras\u0131nda bu hafta Dirili\u015f Ertu\u011frul 99.b\u00f6l\u00fcm\u00fc yay\u0131nland\u0131. 16,69 reyting puan\u0131 ile\u00a0 tekrar ilk s\u0131radaki yerini ald\u0131. Total&#8217;in 10.s\u0131ras\u0131nda Atv\u2019nin \u2018Kanats\u0131z Ku\u015flar\u2019 dizisi 27.b\u00f6l\u00fcm\u00fcnde ald\u0131\u011f\u0131 6,81 puanla yer ald\u0131.<\/p>\n<p>AB\u2019nin ilk s\u0131ras\u0131nda,\u00a0 bu hafta Dirili\u015f Ertu\u011frul 99. b\u00f6l\u00fcm\u00fcnde ald\u0131\u011f\u0131 19,68 puanla AB&#8217;nin birinci s\u0131rada yer ald\u0131.. Fox Tv&#8217;nin &#8220;Kad\u0131n&#8221; dizisi AB&#8217;de ald\u0131\u011f\u0131 6,62 puanla 10.s\u0131rada yer al\u0131yor.<\/p>\n<p>&nbsp;<\/p>\n<p><strong>DOLUNAY F\u0130NALE G\u0130D\u0130YOR:<\/strong><\/p>\n<p><img loading=\"lazy\" decoding=\"async\" class=\"alignnone size-full wp-image-21309\" src=\"http:\/\/balcilar-blog.com\/wp-content\/uploads\/2017\/12\/dolunay.jpg\" alt=\"\" width=\"640\" height=\"427\" srcset=\"https:\/\/balcilar-blog.com\/wp-content\/uploads\/2017\/12\/dolunay.jpg 640w, https:\/\/balcilar-blog.com\/wp-content\/uploads\/2017\/12\/dolunay-300x200.jpg 300w\" sizes=\"auto, (max-width: 640px) 100vw, 640px\" \/><\/p>\n<p>Star Tv&#8217;nin Cumartesi ak\u015famlar\u0131 ekranlara gelen dizisi 26.B\u00f6l\u00fcm\u00fcnde final yap\u0131yor ve ekranlara veda ediyor.<\/p>\n<p>Profesyonel bir a\u015f\u00e7\u0131 olmak isteyen Nazl\u0131 (\u00d6zge G\u00fcrel), Japon mutfa\u011f\u0131n\u0131 \u00f6\u011frenerek kendi restoran\u0131n\u0131 a\u00e7ma hayalleri kurar. \u00d6\u011frenci evini ge\u00e7indirmek i\u00e7in ek i\u015f i\u00e7in tan\u0131\u015fmad\u0131\u011f\u0131 patronu Ferit\u2019in ( Can Yaman) \u00f6zel a\u015f\u00e7\u0131s\u0131 olur. Zengin i\u015f adam\u0131 Ferit ve Nazl\u0131, \u00e7e\u015fitli tesad\u00fcflerle yak\u0131nla\u015f\u0131r ve imkans\u0131z olan bir a\u015fk\u0131n kap\u0131s\u0131n\u0131 aralar.<\/p>\n<p>&nbsp;<\/p>\n<p><strong>Bu hafta en \u00e7ok izlenen ilk ona giren dizlere g\u00f6z atal\u0131m.<\/strong><\/p>\n<p>Bu s\u0131ralama sadece dizilerin reytingler y\u00fczdesine g\u00f6re en \u00e7ok izlenen dizilerin ilk 10\u2019da yer alanlar\u0131n\u0131 s\u0131ralamaya koyuyorum. Yar\u0131\u015fma, e\u011flence ve haber programlar\u0131 y\u00fczdeleri y\u00fcksek olsa da bu s\u0131ralamaya koymuyorum. Bu sadece dizilerin yar\u0131\u015f\u0131d\u0131r, en \u00e7ok izlenen dizilerin s\u0131ralamas\u0131d\u0131r. Bir nevi dizilerin karnesidir.<\/p>\n<p>&nbsp;<\/p>\n<p><strong>Ge\u00e7en Haftan\u0131n En \u00c7ok \u0130zlenen Dizileri:<\/strong><\/p>\n<p><strong>Total ilk 10 :<\/strong><\/p>\n<p>1.Dirili\u015f Ertu\u011frul\u00a0 99.B\u00f6l\u00fcm (TRT1)&#8230;&#8230;&#8230;&#8230;&#8230;&#8230;&#8230;&#8230;&#8230;&#8230;16,69 &#8211; 34,97<\/p>\n<p>2.S\u00f6z 26.B\u00f6l\u00fcm (Star Tv)&#8230;&#8230;&#8230;&#8230;&#8230;&#8230;&#8230;&#8230;&#8230;&#8230;&#8230;&#8230;&#8230;&#8230;&#8230;.10,52 &#8211; 22,55<\/p>\n<p>3.Arka Sokaklar 462.B\u00f6l\u00fcm (Kanal D)&#8230;&#8230;&#8230;&#8230;&#8230;&#8230;&#8230;&#8230;.10,10 &#8211; 20,74<\/p>\n<p>4-E\u015fk\u0131ya D\u00fcnyaya H\u00fck\u00fcmdar Olmaz 85.B\u00f6l\u00fcm (Atv)..9,27 &#8211; 20,66<\/p>\n<p>5.\u00c7ukur 9.B\u00f6l\u00fcm (Show Tv)&#8230;&#8230;&#8230;&#8230;&#8230;&#8230;&#8230;&#8230;&#8230;&#8230;&#8230;&#8230;&#8230;&#8230;.8,74 &#8211; 18,98<\/p>\n<p>6.Sava\u015f\u00e7\u0131 26.B\u00f6l\u00fcm (Fox Tv)&#8230;&#8230;&#8230;&#8230;&#8230;&#8230;&#8230;&#8230;&#8230;&#8230;&#8230;&#8230;&#8230;&#8230;7,92 &#8211; 17,47<\/p>\n<p>7.Yeni Gelin 9.B\u00f6l\u00fcm (Show Tv)&#8230;&#8230;&#8230;&#8230;&#8230;&#8230;&#8230;&#8230;&#8230;&#8230;&#8230;&#8230;7,74 &#8211; 17,27<\/p>\n<p>8.Bizim Hikaye 15.B\u00f6l\u00fcm (Fox Tv)&#8230;&#8230;&#8230;&#8230;&#8230;&#8230;&#8230;&#8230;&#8230;&#8230;..6,81 &#8211; 15,48<\/p>\n<p>9.Ufak Tefek Cinayetler 9.B\u00f6l\u00fcm (Star Tv)&#8230;&#8230;&#8230;&#8230;&#8230;&#8230;.6,89 &#8211; 15,29<\/p>\n<p>10.Kanats\u0131z Ku\u015flar 27.B\u00f6l\u00fcm (Atv)&#8230;&#8230;&#8230;&#8230;&#8230;&#8230;&#8230;&#8230;&#8230;&#8230;..6,81 &#8211; 15,48<\/p>\n<p>&nbsp;<\/p>\n<p><strong>AB\u2019de ilk 10 :<\/strong><\/p>\n<p>1-Dirili\u015f Ertu\u011frul 99.B\u00f6l\u00fcm (TRT1)&#8230;&#8230;&#8230;&#8230;&#8230;&#8230;&#8230;&#8230;&#8230;&#8230;19,68 &#8211; 43,28<\/p>\n<p>2.\u00c7ukur 9.B\u00f6l\u00fcm (Show Tv)&#8230;&#8230;&#8230;&#8230;&#8230;&#8230;&#8230;&#8230;&#8230;&#8230;&#8230;&#8230;&#8230;&#8230;.10,50 &#8211; 22,69<\/p>\n<p>3.Vatan\u0131m Sensin 38.B\u00f6l\u00fcm (Kanal D)&#8230;&#8230;&#8230;&#8230;&#8230;&#8230;&#8230;&#8230;&#8230;.9,50 &#8211; 21,96<\/p>\n<p>4.\u0130stanbullu Gelin 30.B\u00f6l\u00fcm (Star Tv)&#8230;&#8230;&#8230;&#8230;&#8230;&#8230;&#8230;&#8230;&#8230;..9,42 &#8211; 21,24<\/p>\n<p>5.Ufak Tefek Cinayetler 9.B\u00f6l\u00fcm (Star Tv)&#8230;&#8230;&#8230;&#8230;&#8230;&#8230;&#8230;.9,28 &#8211; 20,79<\/p>\n<p>6.Payitaht Abd\u00fclhamit 30.b\u00f6l\u00fcm TRT1)&#8230;&#8230;&#8230;&#8230;&#8230;&#8230;&#8230;&#8230;..8,36 &#8211; 18,83<\/p>\n<p>7.E\u015fk\u0131ya D\u00fcnyaya H\u00fck\u00fcmdar Olmaz 85.B\u00f6l\u00fcm (Atv)&#8230;..8,06 -18,12<\/p>\n<p>8.S\u00f6z 26.B\u00f6l\u00fcm (Star Tv)&#8230;&#8230;&#8230;&#8230;&#8230;&#8230;&#8230;&#8230;&#8230;&#8230;&#8230;&#8230;&#8230;&#8230;&#8230;&#8230;..7,85 &#8211; 16,78<\/p>\n<p>9.Bizim Hikaye 15.B\u00f6l\u00fcm (Fox Tv)&#8230;&#8230;&#8230;&#8230;&#8230;&#8230;&#8230;&#8230;&#8230;&#8230;&#8230;..6,86 &#8211; 16,64<\/p>\n<p>10.Kad\u0131n 9.B\u00f6l\u00fcm (Fox Tv)&#8230;&#8230;&#8230;&#8230;&#8230;&#8230;&#8230;&#8230;&#8230;&#8230;&#8230;&#8230;&#8230;&#8230;&#8230;..6,62 &#8211; 15,07<\/p>\n<p>&nbsp;<\/p>\n<p><strong>TOTAL ve AB Grubunda reytingleri en y\u00fcksek olan Haftan\u0131n ilk 5 s\u0131ralamas\u0131<\/strong> :<\/p>\n<p>&nbsp;<\/p>\n<p><strong>1.D\u0130R\u0130L\u0130\u015e ERTU\u011eRUL :<\/strong> TRT1&#8217;in iddial\u0131 dizisi her hafta oldu\u011fu gibi haftan\u0131n dizileri aras\u0131nda AB&#8217;de ald\u0131\u011f\u0131 19,68 reyting puan\u0131 ile 1. s\u0131rada yer al\u0131yor.<\/p>\n<p><img loading=\"lazy\" decoding=\"async\" class=\"alignnone size-full wp-image-21306\" src=\"http:\/\/balcilar-blog.com\/wp-content\/uploads\/2017\/12\/dirilis_ertugrul_99bol\u00fcm.jpg\" alt=\"\" width=\"640\" height=\"358\" srcset=\"https:\/\/balcilar-blog.com\/wp-content\/uploads\/2017\/12\/dirilis_ertugrul_99bol\u00fcm.jpg 640w, https:\/\/balcilar-blog.com\/wp-content\/uploads\/2017\/12\/dirilis_ertugrul_99bol\u00fcm-300x168.jpg 300w\" sizes=\"auto, (max-width: 640px) 100vw, 640px\" \/><\/p>\n<p>Ertu\u011frul, Asl\u0131han ve Turgut\u2019un zehirlenmesinden \u00f6t\u00fcr\u00fc kale bask\u0131n\u0131na gidememi\u015f, zehri yapan otac\u0131n\u0131n pe\u015fine d\u00fc\u015fm\u00fc\u015ft\u00fc. Ares\u2019in verdi\u011fi malumatla zehri yapan otac\u0131n\u0131n ma\u011faras\u0131na ula\u015fm\u0131\u015f ve Artuk Bey\u2019in orada yapt\u0131\u011f\u0131 panzehiri yeti\u015ftirip Turgut ve Asl\u0131han\u2019\u0131 kurtarm\u0131\u015ft\u0131. Artuk Bey, otac\u0131n\u0131n ma\u011faras\u0131nda Sultan Alaeddin\u2019e verilen zehrin yap\u0131ld\u0131\u011f\u0131 otu da bulmu\u015f ve durumu Ertu\u011frul\u2019a bildirmi\u015fti. Bu sayede Bahad\u0131r Bey de idamdan kurtulmu\u015f, Ertu\u011frul bu i\u015fi Emir Saadeddin\u2019in yapt\u0131\u011f\u0131n\u0131 anlam\u0131\u015ft\u0131.<\/p>\n<p>Kale bask\u0131n\u0131n\u0131 erteleyen Ertu\u011frul\u2019un yeni plan\u0131 ne olacak? Emir Saadeddin hususunda yeni bir ad\u0131m atacak m\u0131? Ares\u2019in g\u00f6sterdi\u011fi yard\u0131mdan sonra ona kar\u015f\u0131 nas\u0131l bir tav\u0131r tak\u0131nacak? Kale bask\u0131n\u0131 ger\u00e7ekle\u015fecek mi?<br \/>\nZehirleme itham\u0131ndan aklanan Bahad\u0131r Bey, Ertu\u011frul\u2019a kar\u015f\u0131 nas\u0131l bir tav\u0131r g\u00f6sterecek? Bu meseleden \u00f6t\u00fcr\u00fc intikam aray\u0131\u015flar\u0131na girecek mi? \u00c7avdar Obas\u0131\u2019nda bundan sonraki s\u00fcre\u00e7 nas\u0131l ilerleyecek?<\/p>\n<p>Sultan Alaeddin taraf\u0131ndan azarlanan ve Turgut\u2019la Asl\u0131han\u2019\u0131n kurtuldu\u011funu \u00f6\u011frenen Emir Saadeddin b\u00fcy\u00fck bir y\u0131k\u0131m ya\u015fam\u0131\u015ft\u0131. Sultan\u2019dan Ertu\u011frul\u2019a tuzak kuranlar\u0131 bulmak ve yeniden g\u00f6ze girmek i\u00e7in 3 ay m\u00fchlet isteyen Emir Saadeddin son geli\u015fmeler kar\u015f\u0131s\u0131nda nas\u0131l bir plan devreye sokacak? Turgut ve Asl\u0131han\u2019\u0131n kurtuldu\u011funu \u00f6\u011frendikten sonra Ertu\u011frul\u2019un kendisine bor\u00e7land\u0131\u011f\u0131n\u0131 ve bu sayede onu yava\u015f yava\u015f yok edece\u011fini s\u00f6yleyen Ares, Ertu\u011frul\u2019dan ne isteyecek? Ares\u2019in Ertu\u011frul\u2019u yok etme plan\u0131nda s\u0131radaki ad\u0131m ne olacak? Ertu\u011frul\u2019un o\u011flu G\u00fcnd\u00fcz\u2019\u00fc ka\u00e7\u0131rmak i\u00e7in Kay\u0131 Obas\u0131\u2019na t\u00fcccar k\u0131l\u0131\u011f\u0131nda s\u0131zan Titan, G\u00fcnd\u00fcz\u2019le yak\u0131nla\u015f\u0131p amac\u0131na ula\u015fabilecek mi?<\/p>\n<p>&nbsp;<\/p>\n<p><strong>2.S\u00d6Z<\/strong> : Star Tv\u2019nin sevilen dizisi S\u00f6z 26.b\u00f6l\u00fcm\u00fcnde Total\u2019de ald\u0131\u011f\u0131 10,52 reyting puan\u0131 ile haftan\u0131n dizileri aras\u0131nda bu hafta Dirili\u015f Ertu\u011frul tekrar ba\u015flay\u0131nca 2.s\u0131raya d\u00fc\u015ft\u00fc.<\/p>\n<p><img loading=\"lazy\" decoding=\"async\" class=\"alignnone size-full wp-image-21303\" src=\"http:\/\/balcilar-blog.com\/wp-content\/uploads\/2017\/12\/76988-s\u00f6z-26-b\u00f6l\u00fcm.jpg\" alt=\"\" width=\"640\" height=\"426\" srcset=\"https:\/\/balcilar-blog.com\/wp-content\/uploads\/2017\/12\/76988-s\u00f6z-26-b\u00f6l\u00fcm.jpg 640w, https:\/\/balcilar-blog.com\/wp-content\/uploads\/2017\/12\/76988-s\u00f6z-26-b\u00f6l\u00fcm-300x200.jpg 300w\" sizes=\"auto, (max-width: 640px) 100vw, 640px\" \/><\/p>\n<p>Eylem, Avc\u0131 ve Ate\u015f\u2019i kar\u015f\u0131 kar\u015f\u0131ya getiriyor&#8230;<br \/>\nTer\u00f6ristlerin pususuna d\u00fc\u015fen Tim buradan kurtulman\u0131n yolunu ararken Yavuz ise Ag\u00e2h\u2019\u0131 hi\u00e7 beklemedi\u011fi bir halde bulur. Tim ve Yavuz i\u00e7in tehlike hen\u00fcz ge\u00e7memi\u015ftir.<\/p>\n<p>Annesinin \u00f6l\u00fcm\u00fcyle ilgili \u00f6\u011frendiklerinin ard\u0131ndan Yavuz sinirli ve gergin bir ruh haline b\u00fcr\u00fcn\u00fcr. Bu gerginlik Bahar ile olan ili\u015fkisine de yans\u0131yacakt\u0131r. Tim\u2019in yerini yabanc\u0131 istihbarata s\u00f6ylemek zorunda kalan Eylem ise bu hamlesi ile Avc\u0131 ve Ate\u015f\u2019i kar\u015f\u0131 kar\u015f\u0131ya getirir.<\/p>\n<p>Erdem\u2019e ula\u015ft\u0131r\u0131lan \u00e7ok \u00f6nemli bir istihbarat, T\u00fcrk Silahl\u0131 Kuvvetlerini harekete ge\u00e7irir. \u00c7olak ve B\u00fcy\u00fckel\u00e7inin hain planlar\u0131na darbe indirmek \u00fczere bir hava sald\u0131r\u0131s\u0131 d\u00fczenlenecektir. F16 u\u00e7aklar\u0131 i\u00e7in i\u015faretleme yapmak \u00fczere yola \u00e7\u0131kan Tim hi\u00e7 beklemedi\u011fi bir durumla kar\u015f\u0131la\u015f\u0131r. Bu durum b\u00fct\u00fcn operasyonu tehlikeye atacakt\u0131r.<\/p>\n<p>&nbsp;<\/p>\n<p><strong>3.\u00c7UKUR :<\/strong> Show Tv&#8217;nin mafya vari dizisi \u00c7ukur bu hafta AB&#8217;d ald\u0131\u011f\u0131 10,50 reyting puan\u0131 ile haftan\u0131n dizileri aras\u0131nda 3.s\u0131rada yer ald\u0131. Yama\u00e7 karakterini can veren Aras Bulut \u0130ynemli, \u0130\u00e7erde dizisinden sonra bu dizide de \u00e7ok sevildi. \u0130ddial\u0131 almaya ba\u015flad\u0131. Bu hafta AB grubunda S\u00f6z dizisini ge\u00e7erek 2.s\u0131rada yer ald\u0131.<\/p>\n<p><img loading=\"lazy\" decoding=\"async\" class=\"alignnone size-full wp-image-21305\" src=\"http:\/\/balcilar-blog.com\/wp-content\/uploads\/2017\/12\/\u00e7kur-9.b\u00f6l\u00fcm.jpg\" alt=\"\" width=\"640\" height=\"364\" srcset=\"https:\/\/balcilar-blog.com\/wp-content\/uploads\/2017\/12\/\u00e7kur-9.b\u00f6l\u00fcm.jpg 640w, https:\/\/balcilar-blog.com\/wp-content\/uploads\/2017\/12\/\u00e7kur-9.b\u00f6l\u00fcm-300x171.jpg 300w\" sizes=\"auto, (max-width: 640px) 100vw, 640px\" \/><\/p>\n<p>\u00c7ukur&#8217;un 9. B\u00f6l\u00fcm\u00fcnde; Yama\u00e7, hayat\u0131n\u0131n en zorlu s\u0131nav\u0131n\u0131 verecektir. Bir yanda babas\u0131 \u0130dris, di\u011fer yanda sevdi\u011fi kad\u0131n Sena b\u00fcy\u00fck tehlike alt\u0131ndad\u0131r. Yama\u00e7\u2019\u0131n bu olaya kar\u015f\u0131 tepkisi ba\u015fta Serdar olmak \u00fczere herkesi \u015fa\u015f\u0131rtacakt\u0131r. Sena\u2019y\u0131 ka\u00e7\u0131ran Selim, iyice k\u00f6\u015feye s\u0131k\u0131\u015facakt\u0131r. Serdar\u2019\u0131n adamlar\u0131 taraf\u0131ndan tombalac\u0131da tutulan Vartolu ve Celasun, Celasun\u2019un tehlikeli plan\u0131yla oradan ka\u00e7maya \u00e7al\u0131\u015f\u0131r. Nefeslerin tutulaca\u011f\u0131 bu anda Celasun\u2019un plan\u0131 hi\u00e7 tahmin etmedikleri birinin zarar g\u00f6rmesine sebep olur. Bu s\u0131rada Yama\u00e7\u2019\u0131n di\u015fli oldu\u011funu g\u00f6ren Serdar ise adamlar\u0131na \u00c7ukur\u2019a sald\u0131rmalar\u0131n\u0131 s\u00f6yler. Hedefte \u0130dris\u2019in evi de vard\u0131r. Serdar\u2019\u0131n pes etmeyece\u011fini anlayan Yama\u00e7, harekete ge\u00e7er.<\/p>\n<p>&nbsp;<\/p>\n<p><strong>4.ARKA SOKAKLAR :<\/strong> Kanal D&#8217;nin uzun soluklu dizisi Total&#8217;de ald\u0131\u011f\u0131 10,40 reyting puan\u0131 ile 4.s\u0131rada yer al\u0131yor.<\/p>\n<p><img loading=\"lazy\" decoding=\"async\" class=\"alignnone size-full wp-image-21304\" src=\"http:\/\/balcilar-blog.com\/wp-content\/uploads\/2017\/12\/arka-sokaklar-462.bl_..jpg\" alt=\"\" width=\"640\" height=\"426\" srcset=\"https:\/\/balcilar-blog.com\/wp-content\/uploads\/2017\/12\/arka-sokaklar-462.bl_..jpg 640w, https:\/\/balcilar-blog.com\/wp-content\/uploads\/2017\/12\/arka-sokaklar-462.bl_.-300x200.jpg 300w\" sizes=\"auto, (max-width: 640px) 100vw, 640px\" \/><\/p>\n<p>22 Aral\u0131k 2017 Cuma g\u00fcn\u00fc yay\u0131nlanan Arka Sokaklar&#8217;\u0131n 462. yeni b\u00f6l\u00fcm\u00fcnde; durumu a\u011f\u0131r olan Tekin, ciddi operasyon ge\u00e7iriyor!<\/p>\n<p>Tekin, kara para \u00e7etesinin patronu Muzaffer ve adamlar\u0131 taraf\u0131ndan d\u00f6v\u00fcld\u00fckten sonra hastaneye kald\u0131r\u0131l\u0131r. Durumu ciddidir. Bilinci kapal\u0131 olan Tekin b\u00fcy\u00fck u\u011fra\u015flarla hayata d\u00f6nd\u00fcr\u00fclmeye \u00e7al\u0131\u015f\u0131rken; ailesi, Gonca ve ekibimiz ameliyathanenin kap\u0131s\u0131nda endi\u015feli bekleyi\u015flerini s\u00fcrd\u00fcr\u00fcr. \u0130lk ameliyattan sonra bitkisel hayat riski bulunan Tekin yo\u011fun bak\u0131m odas\u0131na kald\u0131r\u0131l\u0131r. Bu s\u0131rada ikinci bir s\u0131k\u0131nt\u0131 g\u00f6sterir ve tekrar ameliyata al\u0131n\u0131r. Beynindeki kanama tekrarlam\u0131\u015ft\u0131r.<\/p>\n<p>Selin ise, \u00fcvey babas\u0131n\u0131n hastal\u0131\u011f\u0131 y\u00fcz\u00fcnden ge\u00e7mi\u015fi ile tekrar y\u00fczy\u00fcze kal\u0131r. \u00dcvey karde\u015fi babas\u0131n\u0131n ameliyat\u0131 i\u00e7in ondan 10 Bin Tl para ister. Selin, \u00f6nce vermemeyi d\u00fc\u015f\u00fcn\u00fcr. Sonras\u0131nda yumu\u015fak kalbi dayanmaz ve bankadan da kredi \u00e7ekerek paray\u0131 karde\u015fine teslim eder. Hastaneden gelen telefon \u00fczerine \u015fok olur.<\/p>\n<p>Hakan istifas\u0131 y\u00fcz\u00fcnden s\u0131k\u0131nt\u0131 \u00e7ekmektedir. \u00c7ok sevdi\u011fi mesle\u011finden ayr\u0131 olaca\u011f\u0131n\u0131 d\u00fc\u015f\u00fcnmesi onu bitirmeye ba\u015flam\u0131\u015ft\u0131r. B\u0131 s\u0131rada Tekin&#8217;i komal\u0131k eden Muzafferin izi bulunur. Hakan da ekip arkada\u015flar\u0131 ile operasyona kat\u0131l\u0131r. Odas\u0131na \u00e7a\u011f\u0131ran R\u0131za Baba, istifas\u0131n\u0131 veren Hakan&#8217;a operasyona kat\u0131ld\u0131\u011f\u0131 i\u00e7in f\u0131r\u00e7a \u00e7eker ve Hakan&#8217;\u0131 \u015fa\u015f\u0131rtan bir karar verir.<\/p>\n<p>&nbsp;<\/p>\n<p><strong>5.VATANIM SENS\u0130N:<\/strong>\u00a0Kanal D&#8217;nin &#8220;Vatan\u0131m Sensin&#8221; AB&#8217;de ald\u0131\u011f\u0131 9,50 reyting puan\u0131 ile 5.s\u0131rada yer ald\u0131.<\/p>\n<p><img loading=\"lazy\" decoding=\"async\" class=\"alignnone size-full wp-image-21307\" src=\"http:\/\/balcilar-blog.com\/wp-content\/uploads\/2017\/12\/vatan\u0131m-sensin-38.bl_..jpg\" alt=\"\" width=\"640\" height=\"360\" srcset=\"https:\/\/balcilar-blog.com\/wp-content\/uploads\/2017\/12\/vatan\u0131m-sensin-38.bl_..jpg 640w, https:\/\/balcilar-blog.com\/wp-content\/uploads\/2017\/12\/vatan\u0131m-sensin-38.bl_.-300x169.jpg 300w\" sizes=\"auto, (max-width: 640px) 100vw, 640px\" \/><\/p>\n<p>Vatan\u0131m Sensin 38. B\u00f6l\u00fcmde Da\u011f\u0131stanl\u0131, Damat Ferit Pa\u015fa\u2019ya suikast planl\u0131yor; Cevdet ile Tevfik kar\u015f\u0131 kar\u015f\u0131ya geliyor!<\/p>\n<p>Anadolu\u2019daki i\u015fgalci devletler, T\u00fcrk halk\u0131na kar\u015f\u0131 zulm\u00fc ve \u015fiddeti artt\u0131r\u0131rlar. Milli m\u00fccadele i\u00e7in herkesin birlikte hareket etmesi gerekmektedir. Ankara H\u00fck\u00fcmeti, Da\u011f\u0131stanl\u0131 ve efelerin de d\u00fczenli orduya kat\u0131lmas\u0131n\u0131 talep eder. Da\u011f\u0131stanl\u0131 bu fikre s\u0131cak bakmaz ve \u0130zmir\u2019e gelen Damat Ferit Pa\u015fa\u2019n\u0131n \u00f6ld\u00fcr\u00fclmesini emreder. Bu vazife i\u00e7in de Yan\u0131k Efe ad\u0131yla bilinen Tevfik\u2019i g\u00f6revlendirir.<\/p>\n<p>Tevfik, Yunan General Filippos\u2019un davetiyle \u0130zmir\u2019e gelen Damat Ferit Pa\u015fa\u2019y\u0131 \u00f6ld\u00fcrmeye haz\u0131rlan\u0131rken Cevdet plan\u0131n\u0131 harekete ge\u00e7irmeye \u00e7al\u0131\u015f\u0131r. Uzun bir aradan sonra Tevfik ile Cevdet kar\u015f\u0131 kar\u015f\u0131ya geleceklerdir.<\/p>\n<p>\u00d6te yandan Yunan askerleriyle sava\u015fmak isteyen Azize, t\u0131pk\u0131 Kara Fatma gibi kendi birli\u011fini kurmak ister. Ba\u015fta Efsun olmak \u00fczere di\u011fer kad\u0131nlar da Azize\u2019nin yan\u0131nda saf tutmak isterler. Da\u011f\u0131stanl\u0131, \u00e7iftli\u011findeki bu m\u00fccadeleci ruh kar\u015f\u0131s\u0131nda gurur duyar.<\/p>\n<p>&nbsp;<\/p>\n<p><strong>HER \u0130K\u0130 KATEGOR\u0130DE \u0130LK ON&#8217;DA YER ALAN D\u0130Z\u0130LER :<\/strong><\/p>\n<p>S\u00f6z (Star), \u00c7ukur (Show) , E\u015fk\u0131ya D\u00fcnyaya H\u00fck\u00fcmdar Olmaz (Atv), Ufak Tefek Cinayetler (Star) ve\u00a0 Bizim Hikaye (Fox) her iki grupta yer alan diziler olmu\u015ftur.<\/p>\n<p>&nbsp;<\/p>\n<p><strong>KANALLARA G\u00d6RE SIRALAMAYA G\u00d6Z ATARSAK:<\/strong><\/p>\n<p><strong>Total grubunda ilk onda<\/strong>: Fox Tv, Star Tv, Atv ve Show Tv 2 dizi. Kanal D ve TRT1 birer dizi ile yer alm\u0131\u015ft\u0131r.<\/p>\n<p><strong>AB\u2019de ilk onda<\/strong>: Star Tv. 3 dizi. TRT1 ve Fox Tv. iki\u015fer dizi. Atv, Show Tv ve Kanal D birer\u00a0 dizi ile yer alm\u0131\u015ft\u0131r<\/p>\n<p><strong>Bu haftan\u0131n kanal\u0131<\/strong>; Star Tv Total&#8217;de 2 dizi ve AB&#8217;de 3 dizi ile <strong>Star Tv<\/strong> haftan\u0131n kanal\u0131 olmu\u015ftur.<\/p>\n<p>&nbsp;<\/p>\n<p><strong>YUVAMDAK\u0130 D\u00dc\u015eMAN : SHOW TV<\/strong><\/p>\n<p><img loading=\"lazy\" decoding=\"async\" class=\"alignnone size-full wp-image-21310\" src=\"http:\/\/balcilar-blog.com\/wp-content\/uploads\/2017\/12\/YUVAMDAK-D\u00dc\u015eMAN.jpg\" alt=\"\" width=\"640\" height=\"360\" srcset=\"https:\/\/balcilar-blog.com\/wp-content\/uploads\/2017\/12\/YUVAMDAK-D\u00dc\u015eMAN.jpg 640w, https:\/\/balcilar-blog.com\/wp-content\/uploads\/2017\/12\/YUVAMDAK-D\u00dc\u015eMAN-300x169.jpg 300w\" sizes=\"auto, (max-width: 640px) 100vw, 640px\" \/><\/p>\n<p>Show TV&#8217;nin heyecanla beklenen yeni dizisi Yuvamdaki D\u00fc\u015fman&#8217;\u0131n oyuncu kadrosu belli oldu. \u00c7ekimleri \u00f6n\u00fcm\u00fczdeki g\u00fcnlerde ba\u015flayacak olan Yuvamdaki D\u00fc\u015fman&#8217;\u0131n ba\u015frollerinde Nebahat \u00c7ehre, Ece \u00c7e\u015fmio\u011flu, Pamir Pekin, Asl\u0131 Tando\u011fan yer alacak.<\/p>\n<p>Yuvamdaki D\u00fc\u015fman; \u00e7ocuklu\u011fundan beri \u00f6zendi\u011fi, hayallerini kurdu\u011fu ve u\u011fruna her \u015feyi g\u00f6ze ald\u0131\u011f\u0131 hayata ula\u015fmaya bir ad\u0131m kala t\u00fcm elde ettiklerini kaybeden gen\u00e7 bir kad\u0131n\u0131n ve bu kad\u0131n\u0131n hayat\u0131n\u0131 yeniden kurmak i\u00e7in g\u00f6z\u00fcn\u00fc dikti\u011fi varl\u0131kl\u0131 ve mutlu bir ailenin hikayesi. Gen\u00e7 kad\u0131n yeni bebek sahibi olmu\u015f bu aileye bak\u0131c\u0131 olarak girip gizli plan\u0131n\u0131 uygulamaya koyunca neler olacak? Yuvamdaki D\u00fc\u015fman psikolojik gerilim hikayesiyle izleyicileri ekrana ba\u011flayacak.<\/p>\n<p><img loading=\"lazy\" decoding=\"async\" class=\"alignnone size-full wp-image-21311\" src=\"http:\/\/balcilar-blog.com\/wp-content\/uploads\/2017\/12\/yuvamdaki-d\u00fc\u015fman-2.jpg\" alt=\"\" width=\"640\" height=\"360\" srcset=\"https:\/\/balcilar-blog.com\/wp-content\/uploads\/2017\/12\/yuvamdaki-d\u00fc\u015fman-2.jpg 640w, https:\/\/balcilar-blog.com\/wp-content\/uploads\/2017\/12\/yuvamdaki-d\u00fc\u015fman-2-300x169.jpg 300w\" sizes=\"auto, (max-width: 640px) 100vw, 640px\" \/><\/p>\n<p>D\u00fc\u015f Gezginleri\u2019nin yap\u0131mc\u0131l\u0131\u011f\u0131n\u0131 \u00fcstlendi\u011fi, senaryosunu R\u00fcya \u0130\u015f\u00e7ileri\u2019nin yazd\u0131\u011f\u0131, y\u00f6netmen koltu\u011funa ise M\u00fcge U\u011furlar\u2019\u0131n oturdu\u011fu Yuvamdaki D\u00fc\u015fman\u2019\u0131n oyuncu kadrosunda Nebahat \u00c7ehre, Ece \u00c7e\u015fmio\u011flu, Pamir Pekin, Asl\u0131 Tando\u011fan ve Pelin \u00d6ztekin, Hakan Din\u00e7kol, Do\u011fa\u00e7 Y\u0131ld\u0131z, Cansu T\u00fcredi, R\u0131za Ak\u0131n, Sultan K\u00f6ro\u011flu K\u0131l\u0131\u00e7 gibi g\u00fc\u00e7l\u00fc isimler yer al\u0131yor.<\/p>\n<p><strong>Merakla beklenen \u201cYuvamdaki D\u00fc\u015fman\u201d yak\u0131nda Show TV\u2019de!<\/strong><\/p>\n<p>&nbsp;<\/p>\n<p>G\u00f6nl\u00fcn\u00fczce bir hafta ve mutlu bir yeni y\u0131l ve de 2018 T\u00fcm Milletimize ve sa\u011fl\u0131k, huzur ve bereket getirmesini diliyorum.<\/p>\n<p>Sayg\u0131lar ve sevgiler.<\/p>\n<div id=\"mCSB_1_container\" class=\"mCSB_container\" dir=\"ltr\">\n<div class=\"etiket\">\n<p>Abdurrahman Balc\u0131lar<\/p>\n<p>Twitter:\u00a0<a href=\"https:\/\/twitter.com\/abbalcilar\">abdurrahman balc\u0131lar<\/a><a href=\"https:\/\/twitter.com\/abbalcilar\"><strong>@abbalcilar<\/strong><\/a><\/p>\n<p>Mail :\u00a0<a href=\"mailto:ab.balcilar@hotmail.com\">ab.balcilar@hotmail.com<\/a><\/p>\n<p>Blog:\u00a0<a href=\"http:\/\/t.co\/znqmIZgIqn\">blog.milliyet.com.tr\/cansever<\/a><\/p>\n<p>Blog:\u00a0<a href=\"http:\/\/balcilar-blog.com\/\">Abdurrahman Balc\u0131lar Blog Sayfas\u0131<\/a><\/p>\n<p>Not: Dizi reytingleri TNS \u00f6l\u00e7\u00fcmlerinden, g\u00f6rseller ve diziler hakk\u0131nda bilgi dizi tan\u0131t\u0131m sayfalar\u0131ndan al\u0131nm\u0131\u015ft\u0131r.<\/p>\n<p><strong>*\u015eahsi Blog sayfamda ve Milliyet Blog\u2019da yay\u0131nlanan blog yaz\u0131lar\u0131 b\u00fcy\u00fck bir \u00e7al\u0131\u015fman\u0131n \u00fcr\u00fcn\u00fc olup, izinsiz ya da kaynak g\u00f6stermeden al\u0131nt\u0131 yap\u0131lamaz. Aksi halde kanuni i\u015flem yap\u0131l\u0131r.<\/strong><\/p>\n<\/div>\n<\/div>\n<div id=\"mCSB_1_scrollbar_vertical\" class=\"mCSB_scrollTools mCSB_1_scrollbar mCS-light mCSB_scrollTools_vertical\"><\/div>\n","protected":false},"excerpt":{"rendered":"<p>TNS \u00f6l\u00e7\u00fcmlerine g\u00f6re haz\u0131rlad\u0131\u011f\u0131m \u00a018 &#8211; 25 Aral\u0131k 2017 Tarihleri aras\u0131nda en \u00e7ok seyredilen alt\u0131 Ulusal kanallar\u0131m\u0131zda ekranlar\u0131m\u0131za gelen 34 dizi aras\u0131nda, Total\u2019de ve AB\u2019de ilk ona giren, haftan\u0131n dizi karnesini a\u015fa\u011f\u0131da bilgilerinize sunuyorum. Ge\u00e7en Hafta G\u00f6sterimdeki Diziler : S\u00f6z, \u00c7ukur, K\u0131rg\u0131n \u00c7i\u00e7ekler, Siyah Beyaz, Yalaza, E\u015fk\u0131ya D\u00fcnyaya H\u00fck\u00fcmdar Olmaz, Ufak Tefek Cinayetler, Kad\u0131n, K\u0131zlar\u0131m [&hellip;]<\/p>\n","protected":false},"author":3,"featured_media":21308,"comment_status":"open","ping_status":"open","sticky":false,"template":"","format":"standard","meta":{"footnotes":""},"categories":[2],"tags":[1104,1555,570,1250,375,1416,25,530,1294,1622],"class_list":["post-21302","post","type-post","status-publish","format-standard","has-post-thumbnail","hentry","category-tv-programlari","tag-arka-sokaklar","tag-cukur","tag-dirilis-ertugrul","tag-haftanin-dizileri","tag-reytingler","tag-soz","tag-star-tv","tag-tns-olcumleri","tag-vatanim-sensin","tag-yuvamdaki-dusman"],"views":3635,"blog_post_layout_featured_media_urls":{"thumbnail":["https:\/\/balcilar-blog.com\/wp-content\/uploads\/2017\/12\/cats-25-ARALIK-150x150.jpg",150,150,true],"full":["https:\/\/balcilar-blog.com\/wp-content\/uploads\/2017\/12\/cats-25-ARALIK.jpg",640,361,false]},"categories_names":{"2":{"name":"TV Programlar\u0131","link":"https:\/\/balcilar-blog.com\/?cat=2"}},"tags_names":{"1104":{"name":"Arka Sokaklar","link":"https:\/\/balcilar-blog.com\/?tag=arka-sokaklar"},"1555":{"name":"\u00c7ukur","link":"https:\/\/balcilar-blog.com\/?tag=cukur"},"570":{"name":"dirili\u015f Ertu\u011frul","link":"https:\/\/balcilar-blog.com\/?tag=dirilis-ertugrul"},"1250":{"name":"Haftan\u0131n Dizileri","link":"https:\/\/balcilar-blog.com\/?tag=haftanin-dizileri"},"375":{"name":"Reytingler","link":"https:\/\/balcilar-blog.com\/?tag=reytingler"},"1416":{"name":"S\u00f6z","link":"https:\/\/balcilar-blog.com\/?tag=soz"},"25":{"name":"Star Tv","link":"https:\/\/balcilar-blog.com\/?tag=star-tv"},"530":{"name":"TNS \u00f6l\u00e7\u00fcmleri","link":"https:\/\/balcilar-blog.com\/?tag=tns-olcumleri"},"1294":{"name":"Vatan\u0131m Sensin","link":"https:\/\/balcilar-blog.com\/?tag=vatanim-sensin"},"1622":{"name":"Yuvamdaki D\u00fc\u015fman","link":"https:\/\/balcilar-blog.com\/?tag=yuvamdaki-dusman"}},"comments_number":"0","wpmagazine_modules_lite_featured_media_urls":{"thumbnail":["https:\/\/balcilar-blog.com\/wp-content\/uploads\/2017\/12\/cats-25-ARALIK-150x150.jpg",150,150,true],"cvmm-medium":["https:\/\/balcilar-blog.com\/wp-content\/uploads\/2017\/12\/cats-25-ARALIK.jpg",300,169,false],"cvmm-medium-plus":["https:\/\/balcilar-blog.com\/wp-content\/uploads\/2017\/12\/cats-25-ARALIK.jpg",305,172,false],"cvmm-portrait":["https:\/\/balcilar-blog.com\/wp-content\/uploads\/2017\/12\/cats-25-ARALIK.jpg",400,226,false],"cvmm-medium-square":["https:\/\/balcilar-blog.com\/wp-content\/uploads\/2017\/12\/cats-25-ARALIK.jpg",600,338,false],"cvmm-large":["https:\/\/balcilar-blog.com\/wp-content\/uploads\/2017\/12\/cats-25-ARALIK.jpg",640,361,false],"cvmm-small":["https:\/\/balcilar-blog.com\/wp-content\/uploads\/2017\/12\/cats-25-ARALIK.jpg",130,73,false],"full":["https:\/\/balcilar-blog.com\/wp-content\/uploads\/2017\/12\/cats-25-ARALIK.jpg",640,361,false]},"_links":{"self":[{"href":"https:\/\/balcilar-blog.com\/index.php?rest_route=\/wp\/v2\/posts\/21302","targetHints":{"allow":["GET"]}}],"collection":[{"href":"https:\/\/balcilar-blog.com\/index.php?rest_route=\/wp\/v2\/posts"}],"about":[{"href":"https:\/\/balcilar-blog.com\/index.php?rest_route=\/wp\/v2\/types\/post"}],"author":[{"embeddable":true,"href":"https:\/\/balcilar-blog.com\/index.php?rest_route=\/wp\/v2\/users\/3"}],"replies":[{"embeddable":true,"href":"https:\/\/balcilar-blog.com\/index.php?rest_route=%2Fwp%2Fv2%2Fcomments&post=21302"}],"version-history":[{"count":3,"href":"https:\/\/balcilar-blog.com\/index.php?rest_route=\/wp\/v2\/posts\/21302\/revisions"}],"predecessor-version":[{"id":21314,"href":"https:\/\/balcilar-blog.com\/index.php?rest_route=\/wp\/v2\/posts\/21302\/revisions\/21314"}],"wp:featuredmedia":[{"embeddable":true,"href":"https:\/\/balcilar-blog.com\/index.php?rest_route=\/wp\/v2\/media\/21308"}],"wp:attachment":[{"href":"https:\/\/balcilar-blog.com\/index.php?rest_route=%2Fwp%2Fv2%2Fmedia&parent=21302"}],"wp:term":[{"taxonomy":"category","embeddable":true,"href":"https:\/\/balcilar-blog.com\/index.php?rest_route=%2Fwp%2Fv2%2Fcategories&post=21302"},{"taxonomy":"post_tag","embeddable":true,"href":"https:\/\/balcilar-blog.com\/index.php?rest_route=%2Fwp%2Fv2%2Ftags&post=21302"}],"curies":[{"name":"wp","href":"https:\/\/api.w.org\/{rel}","templated":true}]}}