{"id":21206,"date":"2017-12-13T15:11:39","date_gmt":"2017-12-13T13:11:39","guid":{"rendered":"http:\/\/balcilar-blog.com\/?p=21206"},"modified":"2017-12-13T15:20:26","modified_gmt":"2017-12-13T13:20:26","slug":"ingiltere-buyukelcisi-ve-hayvansever-gorme-engelli-esi-maggienin-ulkemize-vedasi","status":"publish","type":"post","link":"https:\/\/balcilar-blog.com\/?p=21206","title":{"rendered":"\u0130ngiltere B\u00fcy\u00fckel\u00e7isi ve Hayvansever G\u00f6rme Engelli e\u015fi Maggie&#8217;nin \u00dclkemize Vedas\u0131!"},"content":{"rendered":"<p>&nbsp;<\/p>\n<p><img loading=\"lazy\" decoding=\"async\" class=\"alignnone size-full wp-image-21208\" src=\"http:\/\/balcilar-blog.com\/wp-content\/uploads\/2017\/12\/DQ55u9qWAAEhxBw.jpg\" alt=\"\" width=\"640\" height=\"480\" srcset=\"https:\/\/balcilar-blog.com\/wp-content\/uploads\/2017\/12\/DQ55u9qWAAEhxBw.jpg 640w, https:\/\/balcilar-blog.com\/wp-content\/uploads\/2017\/12\/DQ55u9qWAAEhxBw-300x225.jpg 300w\" sizes=\"auto, (max-width: 640px) 100vw, 640px\" \/><\/p>\n<p>Sabah kahvalt\u0131lar\u0131mda genellikle Fox tv. a\u00e7ar haberleri izlerim. Bu sabah \u0130smail K\u00fc\u00e7\u00fckkaya&#8217;n\u0131n program\u0131 \u00c7alar Saat&#8217;de \u0130ngiltere Ankara B\u00fcy\u00fckel\u00e7isi Say\u0131n Richard Monore ve e\u015fi bayan Maggie davetlisiydi.<\/p>\n<p>Keyifli bir sohbet oldu. Richard Moore&#8217;nin g\u00f6rev s\u00fcresi dolmu\u015f \u00dclkemizi veda ediyordu.<\/p>\n<p>\u0130smail K\u00fc\u00e7\u00fckkaya, att\u0131\u011f\u0131 Tweet ile \u015f\u00f6yle duyurdu.<\/p>\n<p>&#8220;\u00dclkemizdeki g\u00f6rev s\u00fcresi sona eren \u0130ngiltere\u2019nin Ankara B\u00fcy\u00fckel\u00e7isi Richard Moore\u2019u kabul\u00fcm\u00fczde, T\u00fcrkiye-\u0130ngiltere ili\u015fkilerine yapt\u0131\u011f\u0131 \u00f6nemli katk\u0131lardan dolay\u0131 te\u015fekk\u00fcr ettik. @UKAmbRichard&#8221;<\/p>\n<p><img loading=\"lazy\" decoding=\"async\" class=\"alignnone size-full wp-image-21207\" src=\"http:\/\/balcilar-blog.com\/wp-content\/uploads\/2017\/12\/DQ5h06DWAAEtK_u.jpg\" alt=\"\" width=\"640\" height=\"480\" srcset=\"https:\/\/balcilar-blog.com\/wp-content\/uploads\/2017\/12\/DQ5h06DWAAEtK_u.jpg 640w, https:\/\/balcilar-blog.com\/wp-content\/uploads\/2017\/12\/DQ5h06DWAAEtK_u-300x225.jpg 300w\" sizes=\"auto, (max-width: 640px) 100vw, 640px\" \/><\/p>\n<p>\u0130ngiltere\u2019nin Ankara B\u00fcy\u00fckel\u00e7isi Richard T\u00fcrkiyeden ayr\u0131lmadan evvel son ziyaretini \u00c7alar Saate yapt\u0131. E\u015fi Maggie han\u0131m ve &#8216;Star&#8217;la birlikte kat\u0131ld\u0131. &#8216;Star&#8217; Maggie Han\u0131m\u0131n sevimli k\u00f6pe\u011finin ad\u0131. &#8216;Star&#8217; rehber k\u00f6pek. Bu k\u00f6pekler yeti\u015ftirilip ihtiya\u00e7 duyan g\u00f6rme engellilere veriliyor. Labrador cinsi bir k\u00f6pek san\u0131r\u0131m, \u00e7ok da tatl\u0131. Ben de bir hayvan severim. Maggie Moore Ankara&#8217;da g\u00f6rme engelli vatanda\u015flar\u0131m\u0131z i\u00e7in rehber k\u00f6pek projesini ba\u015flarm\u0131\u015f. \u0130htiya\u00e7 sahipleri bu k\u00f6peklerden alabiliyor. Bu k\u00f6pekler sayesinde sokaklarda rahat\u00e7a dola\u015fabiliyorlar.<\/p>\n<p>&#8220;Rehber K\u00f6pekler Derne\u011fi&#8221; yard\u0131m balolar\u0131 d\u00fczenliyor, yard\u0131m topluyormu\u015f. B\u00fcy\u00fck el\u00e7inin e\u015fi Meggie Moore de bir g\u00f6rme engelli. G\u00f6rme engelli Avukat Nurdeniz Tun\u00e7er de derne\u011fin \u00f6nderi ve kurucular\u0131ndan.<\/p>\n<p><img loading=\"lazy\" decoding=\"async\" class=\"alignnone size-full wp-image-21210\" src=\"http:\/\/balcilar-blog.com\/wp-content\/uploads\/2017\/12\/thumbs_b_c_ba874f566c920ffa60fa67daa95c217e.jpg\" alt=\"\" width=\"640\" height=\"360\" srcset=\"https:\/\/balcilar-blog.com\/wp-content\/uploads\/2017\/12\/thumbs_b_c_ba874f566c920ffa60fa67daa95c217e.jpg 640w, https:\/\/balcilar-blog.com\/wp-content\/uploads\/2017\/12\/thumbs_b_c_ba874f566c920ffa60fa67daa95c217e-300x169.jpg 300w\" sizes=\"auto, (max-width: 640px) 100vw, 640px\" \/><\/p>\n<p>B\u00fcy\u00fckel\u00e7i Moore, ger\u00e7ekten tam bir T\u00fcrk dostu olmu\u015f. Daha \u00f6nce 1989 y\u0131l\u0131nda Ankara&#8217;ya gelmi\u015f, sonra 199o y\u0131l\u0131nda Ankara&#8217;da konsoloslukta \u00e7al\u0131\u015fm\u0131\u015f. T\u00fcrk\u00e7eyi \u00f6\u011frenmi\u015f. Hani g\u00fczel de konu\u015fuyor. 1991 &#8211; 92 y\u0131llar\u0131nda \u0130stanbul&#8217;da \u0130ngiltere konsoloslu\u011funu yapm\u0131\u015ft\u0131r. Moore T\u00fcrkleri, \u00e7ok s\u0131cak kanl\u0131 ve misafirperver buldu\u011funu s\u00f6yl\u00fcyor.<\/p>\n<p>15 Temmuz\u2019da ve sonras\u0131nda T\u00fcrkiye\u2019nin yan\u0131ndayd\u0131k. Gece 12 olmadan T\u00fcrk bakanlara att\u0131\u011f\u0131m destek mesajlar\u0131 halen whatsup\u0131mda duruyor.\u2019 Demi\u015ftir.<\/p>\n<p>Moore, Avrupa Birli\u011fi ve \u0130ngiltere&#8217;nin birlikten ayr\u0131las\u0131 konular\u0131nda a\u00e7\u0131klamada bulundu.<\/p>\n<p>Richard Moore bir T\u00fcrk dostu yabanc\u0131 diplomat aile ve T\u00fcrkiye&#8217;de &#8220;Rehber k\u00f6pekler&#8221; projesini ba\u015flatm\u0131\u015f. Moore ayn\u0131 zamanda Be\u015fikta\u015f fanati\u011fi.<\/p>\n<p>&nbsp;<\/p>\n<p><img loading=\"lazy\" decoding=\"async\" class=\"alignnone size-full wp-image-21209\" src=\"http:\/\/balcilar-blog.com\/wp-content\/uploads\/2017\/12\/DQyO3kaV4AA7NlE.jpg\" alt=\"\" width=\"640\" height=\"480\" srcset=\"https:\/\/balcilar-blog.com\/wp-content\/uploads\/2017\/12\/DQyO3kaV4AA7NlE.jpg 640w, https:\/\/balcilar-blog.com\/wp-content\/uploads\/2017\/12\/DQyO3kaV4AA7NlE-300x225.jpg 300w\" sizes=\"auto, (max-width: 640px) 100vw, 640px\" \/><\/p>\n<p>\u00d6nceki g\u00fcn Ankara&#8217;da bir lokantada yemekte \u015falgam suyu ikram edilmi\u015f.<\/p>\n<p>Moore; T\u00fcrkiye\u2019de 7 y\u0131l\u0131m ge\u00e7ti ama \u015falgam\u0131 hala sevemedim. Kusuruma bakmay\u0131n! diye bir Tweet alm\u0131\u015f. Bu tweet \u015falgam \u00fcreticilerini aya\u011fa kald\u0131rm\u0131\u015f.<\/p>\n<p>Richartd Moore; S\u0131k s\u0131k T\u00fcrkiye&#8217;ye gelece\u011fini s\u00f6yledi, Ayr\u0131ld\u0131 sonra geri d\u00f6nerek, elini havaya kald\u0131rd\u0131 &#8220;<strong>S\u0130YAH<\/strong>&#8221; diye ba\u011f\u0131rd\u0131. \u0130smail K\u00fc\u00e7\u00fckkaya ve arkada\u015flar\u0131, &#8220;BEYAZ&#8221; diye kar\u015f\u0131l\u0131k verdi. Moore, b\u00f6ylece koyu bir Be\u015fikta\u015f fanati\u011fi oldu\u011funu belirtmi\u015f oldu.<\/p>\n<p>Richard Moore bundan sonra s\u0131k s\u0131k T\u00fcrkiye&#8217;ye gelece\u011fini belitti ve ayr\u0131ld\u0131.<\/p>\n<p>Fox Tv. \u0130smail K\u00fc\u00e7\u00fckkaya Moore gibi \u00f6nemli ki\u015fileri seyircini tan\u0131t\u0131yor, biz de keyifle izliyoruz.<\/p>\n<p>Te\u015fekk\u00fcrler \u0130smail K\u00fc\u00e7\u00fckkaya&#8230; Te\u015fekk\u00fcrler Fox Tv.<\/p>\n<p>G\u00fcle g\u00fcle Say\u0131n B\u00fcy\u00fckel\u00e7i Richard Moore ve sevgili e\u015fi Maggie&#8230;<\/p>\n<p>Sayg\u0131lar ve sevgiler.<\/p>\n<p>Abdurrahman Balc\u0131lar<\/p>\n<p>Twitter:\u00a0<a href=\"https:\/\/twitter.com\/abbalcilar\">abdurrahman balc\u0131lar<\/a><a href=\"https:\/\/twitter.com\/abbalcilar\"><strong>@abbalcilar<\/strong><\/a><\/p>\n<p>Mail :\u00a0<a href=\"mailto:ab.balcilar@hotmail.com\">ab.balcilar@hotmail.com<\/a><\/p>\n<p>Blog:\u00a0<a href=\"http:\/\/t.co\/znqmIZgIqn\">blog.milliyet.com.tr\/cansever<\/a><\/p>\n<p>Blog:\u00a0<a href=\"http:\/\/balcilar-blog.com\/\">Abdurrahman Balc\u0131lar Blog Sayfas\u0131<\/a><\/p>\n<p>&nbsp;<\/p>\n<p><strong>*\u015eahsi Blog sayfamda ve Milliyet Blog\u2019da yay\u0131nlanan blog yaz\u0131lar\u0131 b\u00fcy\u00fck bir \u00e7al\u0131\u015fman\u0131n \u00fcr\u00fcn\u00fc olup, izinsiz ya da kaynak g\u00f6stermeden al\u0131nt\u0131 yap\u0131lamaz. Aksi halde kanuni i\u015flem yap\u0131l\u0131r.<\/strong><\/p>\n<p>&nbsp;<\/p>\n","protected":false},"excerpt":{"rendered":"<p>&nbsp; Sabah kahvalt\u0131lar\u0131mda genellikle Fox tv. a\u00e7ar haberleri izlerim. Bu sabah \u0130smail K\u00fc\u00e7\u00fckkaya&#8217;n\u0131n program\u0131 \u00c7alar Saat&#8217;de \u0130ngiltere Ankara B\u00fcy\u00fckel\u00e7isi Say\u0131n Richard Monore ve e\u015fi bayan Maggie davetlisiydi. Keyifli bir sohbet oldu. Richard Moore&#8217;nin g\u00f6rev s\u00fcresi dolmu\u015f \u00dclkemizi veda ediyordu. \u0130smail K\u00fc\u00e7\u00fckkaya, att\u0131\u011f\u0131 Tweet ile \u015f\u00f6yle duyurdu. &#8220;\u00dclkemizdeki g\u00f6rev s\u00fcresi sona eren \u0130ngiltere\u2019nin Ankara B\u00fcy\u00fckel\u00e7isi Richard [&hellip;]<\/p>\n","protected":false},"author":3,"featured_media":21208,"comment_status":"open","ping_status":"open","sticky":false,"template":"","format":"standard","meta":{"footnotes":""},"categories":[8],"tags":[129,1617,1616,1618,1615],"class_list":["post-21206","post","type-post","status-publish","format-standard","has-post-thumbnail","hentry","category-guncel","tag-fox-tv","tag-ismail-kucukkay","tag-meggie-moore","tag-rehber-kopekler-dernegi","tag-richard-moore"],"views":2998,"blog_post_layout_featured_media_urls":{"thumbnail":["https:\/\/balcilar-blog.com\/wp-content\/uploads\/2017\/12\/DQ55u9qWAAEhxBw-150x150.jpg",150,150,true],"full":["https:\/\/balcilar-blog.com\/wp-content\/uploads\/2017\/12\/DQ55u9qWAAEhxBw.jpg",640,480,false]},"categories_names":{"8":{"name":"G\u00fcncel","link":"https:\/\/balcilar-blog.com\/?cat=8"}},"tags_names":{"129":{"name":"Fox Tv","link":"https:\/\/balcilar-blog.com\/?tag=fox-tv"},"1617":{"name":"\u0130smail K\u00fc\u00e7\u00fckkay","link":"https:\/\/balcilar-blog.com\/?tag=ismail-kucukkay"},"1616":{"name":"Meggie Moore","link":"https:\/\/balcilar-blog.com\/?tag=meggie-moore"},"1618":{"name":"Rehber K\u00f6pekler Derne\u011fi","link":"https:\/\/balcilar-blog.com\/?tag=rehber-kopekler-dernegi"},"1615":{"name":"Richard Moore","link":"https:\/\/balcilar-blog.com\/?tag=richard-moore"}},"comments_number":"0","wpmagazine_modules_lite_featured_media_urls":{"thumbnail":["https:\/\/balcilar-blog.com\/wp-content\/uploads\/2017\/12\/DQ55u9qWAAEhxBw-150x150.jpg",150,150,true],"cvmm-medium":["https:\/\/balcilar-blog.com\/wp-content\/uploads\/2017\/12\/DQ55u9qWAAEhxBw.jpg",300,225,false],"cvmm-medium-plus":["https:\/\/balcilar-blog.com\/wp-content\/uploads\/2017\/12\/DQ55u9qWAAEhxBw.jpg",276,207,false],"cvmm-portrait":["https:\/\/balcilar-blog.com\/wp-content\/uploads\/2017\/12\/DQ55u9qWAAEhxBw.jpg",400,300,false],"cvmm-medium-square":["https:\/\/balcilar-blog.com\/wp-content\/uploads\/2017\/12\/DQ55u9qWAAEhxBw.jpg",600,450,false],"cvmm-large":["https:\/\/balcilar-blog.com\/wp-content\/uploads\/2017\/12\/DQ55u9qWAAEhxBw.jpg",640,480,false],"cvmm-small":["https:\/\/balcilar-blog.com\/wp-content\/uploads\/2017\/12\/DQ55u9qWAAEhxBw.jpg",127,95,false],"full":["https:\/\/balcilar-blog.com\/wp-content\/uploads\/2017\/12\/DQ55u9qWAAEhxBw.jpg",640,480,false]},"_links":{"self":[{"href":"https:\/\/balcilar-blog.com\/index.php?rest_route=\/wp\/v2\/posts\/21206","targetHints":{"allow":["GET"]}}],"collection":[{"href":"https:\/\/balcilar-blog.com\/index.php?rest_route=\/wp\/v2\/posts"}],"about":[{"href":"https:\/\/balcilar-blog.com\/index.php?rest_route=\/wp\/v2\/types\/post"}],"author":[{"embeddable":true,"href":"https:\/\/balcilar-blog.com\/index.php?rest_route=\/wp\/v2\/users\/3"}],"replies":[{"embeddable":true,"href":"https:\/\/balcilar-blog.com\/index.php?rest_route=%2Fwp%2Fv2%2Fcomments&post=21206"}],"version-history":[{"count":3,"href":"https:\/\/balcilar-blog.com\/index.php?rest_route=\/wp\/v2\/posts\/21206\/revisions"}],"predecessor-version":[{"id":21213,"href":"https:\/\/balcilar-blog.com\/index.php?rest_route=\/wp\/v2\/posts\/21206\/revisions\/21213"}],"wp:featuredmedia":[{"embeddable":true,"href":"https:\/\/balcilar-blog.com\/index.php?rest_route=\/wp\/v2\/media\/21208"}],"wp:attachment":[{"href":"https:\/\/balcilar-blog.com\/index.php?rest_route=%2Fwp%2Fv2%2Fmedia&parent=21206"}],"wp:term":[{"taxonomy":"category","embeddable":true,"href":"https:\/\/balcilar-blog.com\/index.php?rest_route=%2Fwp%2Fv2%2Fcategories&post=21206"},{"taxonomy":"post_tag","embeddable":true,"href":"https:\/\/balcilar-blog.com\/index.php?rest_route=%2Fwp%2Fv2%2Ftags&post=21206"}],"curies":[{"name":"wp","href":"https:\/\/api.w.org\/{rel}","templated":true}]}}