{"id":21194,"date":"2017-12-11T15:45:44","date_gmt":"2017-12-11T13:45:44","guid":{"rendered":"http:\/\/balcilar-blog.com\/?p=21194"},"modified":"2017-12-11T15:45:44","modified_gmt":"2017-12-11T13:45:44","slug":"gecen-haftanin-04-10-aralik-2017-en-cok-izlenen-dizileri","status":"publish","type":"post","link":"https:\/\/balcilar-blog.com\/?p=21194","title":{"rendered":"Ge\u00e7en Haftan\u0131n (04 &#8211; 10 Aral\u0131k 2017) en \u00e7ok izlenen dizileri!"},"content":{"rendered":"<p><img loading=\"lazy\" decoding=\"async\" class=\"alignnone size-full wp-image-21203\" src=\"http:\/\/balcilar-blog.com\/wp-content\/uploads\/2017\/12\/cats-11-ARALIK.jpg\" alt=\"\" width=\"640\" height=\"359\" srcset=\"https:\/\/balcilar-blog.com\/wp-content\/uploads\/2017\/12\/cats-11-ARALIK.jpg 640w, https:\/\/balcilar-blog.com\/wp-content\/uploads\/2017\/12\/cats-11-ARALIK-300x168.jpg 300w\" sizes=\"auto, (max-width: 640px) 100vw, 640px\" \/><\/p>\n<p>TNS \u00f6l\u00e7\u00fcmlerine g\u00f6re haz\u0131rlad\u0131\u011f\u0131m \u00a0<strong>03 &#8211; 11 Aral\u0131k 2017<\/strong> Tarihleri aras\u0131nda en \u00e7ok seyredilen alt\u0131 Ulusal kanallar\u0131m\u0131zda ekranlar\u0131m\u0131za gelen 34 dizi aras\u0131nda, Total\u2019de ve AB\u2019de ilk ona giren, haftan\u0131n dizi karnesini a\u015fa\u011f\u0131da bilgilerinize sunuyorum.<\/p>\n<p><strong>Ge\u00e7en Hafta G\u00f6sterimdeki Diziler :<\/strong><\/p>\n<p>S\u00f6z, \u00c7ukur, K\u0131rg\u0131n \u00c7i\u00e7ekler, Siyah Beyaz, Yalaza, E\u015fk\u0131ya D\u00fcnyaya H\u00fck\u00fcmdar Olmaz, Ufak Tefek Cinayetler, Kad\u0131n, K\u0131zlar\u0131m \u0130\u00e7in,\u00a0Dirili\u015f Ertu\u011frul, Meryem, Hayat S\u0131rlar\u0131, Bizim Hikaye, Kanats\u0131z Ku\u015flar, Vatan\u0131m Sensin, Siyah \u0130nci, Arka Sokaklar, A\u015fk ve Mavi, \u0130stanbullu Gelin, \u015eevkat Yerimdar, Payitaht Abd\u00fclhamid, Kalp At\u0131\u015f\u0131,\u00a0Yeni Gelin, Kalbimdeki Deniz, Fazilet Han\u0131m ve K\u0131zlar\u0131, Bahtiyar \u00d6lmez, \u0130simsizler, Kalk Gidelim, Sava\u015f\u00e7\u0131, Cennetin G\u00f6z Ya\u015flar\u0131, Dolunay, \u00c7ocuklar Duymas\u0131n ve Aslan Ailem dizilerinin yeni b\u00f6l\u00fcmleri yay\u0131nland\u0131.<\/p>\n<p><strong>HAFTANIN D\u0130Z\u0130LER\u0130NDE ;<\/strong><\/p>\n<p>Total\u2019in ilk s\u0131ras\u0131nda bu hafta TRT1\u2019in Dirili\u015f Ertu\u011frul, 16,52 reyting puan\u0131 ile bu hafta yine 98. b\u00f6l\u00fcm\u00fcnde birinci s\u0131rada yer al\u0131yor. Fox Tv\u2019in 10.s\u0131ras\u0131nda \u2018Kad\u0131n\u2019 dizisi yer al\u0131yor. 7.b\u00f6l\u00fcm\u00fcnde ald\u0131\u011f\u0131 6,64 puanla yer ald\u0131.<\/p>\n<p>AB\u2019nin ilk s\u0131ras\u0131nda, TRT1\u2019in\u00a0Dirili\u015f Ertu\u011frul dizisi\u00a0 bu hafta 98 b\u00f6l\u00fcmde ald\u0131\u011f\u0131 20,54 puanla birinci s\u0131rada yer alm\u0131\u015ft\u0131r. Kanal D\u2019in &#8220;Meryem&#8221; dizisi AB&#8217;de ald\u0131\u011f\u0131 6,11 puanla 10.s\u0131rada yer al\u0131yor.<\/p>\n<p>&nbsp;<\/p>\n<p><strong>\u0130S\u0130MS\u0130ZLER (Kanal D) :<\/strong><\/p>\n<p>\u0130simsizler dizisi erken veda ediyor. Cumartesi ak\u015fam\u0131 ge\u00e7 saatte 27.B\u00f6l\u00fcm\u00fc ile ekranlara veda ediyor.\u00a0 Ayn\u0131 ak\u015fam normal saatte yeni dizisini ekranlara getiriyor. Bu ne acelecelik&#8230; Normal saatinde eski dizini fianal yap, sonra da yeni dizini haftas\u0131na koy!<\/p>\n<p><img loading=\"lazy\" decoding=\"async\" class=\"alignnone size-full wp-image-21200\" src=\"http:\/\/balcilar-blog.com\/wp-content\/uploads\/2017\/12\/isimsizler.jpg\" alt=\"\" width=\"640\" height=\"360\" srcset=\"https:\/\/balcilar-blog.com\/wp-content\/uploads\/2017\/12\/isimsizler.jpg 640w, https:\/\/balcilar-blog.com\/wp-content\/uploads\/2017\/12\/isimsizler-300x169.jpg 300w\" sizes=\"auto, (max-width: 640px) 100vw, 640px\" \/><\/p>\n<p>Sava\u015f ve ter\u00f6r dizleri moda olmu\u015ftu. O s\u0131ralarda \u0130simsizler de Kanal D ekranlar\u0131na gelmi\u015fti. \u0130zleyici s\u0131k\u0131ld\u0131, dizi reyting alamad\u0131. Kanal Da de her zaman yapt\u0131\u011f\u0131n\u0131 yap\u0131yor, \u00f6nce yay\u0131nlam\u0131yor sonra haftas\u0131na final yapt\u0131r\u0131yor.<\/p>\n<p>&nbsp;<\/p>\n<p><strong>Bu hafta en \u00e7ok izlenen ilk ona giren dizlere g\u00f6z atal\u0131m.<\/strong><\/p>\n<p>Bu s\u0131ralama sadece dizilerin reytingler y\u00fczdesine g\u00f6re en \u00e7ok izlenen dizilerin ilk 10\u2019da yer alanlar\u0131n\u0131 s\u0131ralamaya koyuyorum. Yar\u0131\u015fma, e\u011flence ve haber programlar\u0131 y\u00fczdeleri y\u00fcksek olsa da bu s\u0131ralamaya koymuyorum. Bu sadece dizilerin yar\u0131\u015f\u0131d\u0131r, en \u00e7ok izlenen dizilerin s\u0131ralamas\u0131d\u0131r. Bir nevi dizilerin karnesidir.<\/p>\n<p>&nbsp;<\/p>\n<p><strong>Ge\u00e7en Haftan\u0131n En \u00c7ok \u0130zlenen Dizileri:<\/strong><\/p>\n<p><strong>Total ilk 10 :<\/strong><\/p>\n<p>1.Dirili\u015f Ertu\u011frul 98.B\u00f6l\u00fcm (TRT1)&#8230;&#8230;&#8230;&#8230;&#8230;&#8230;&#8230;&#8230;&#8230;&#8230;16,52 &#8211; 33,79<\/p>\n<p>2.S\u00f6z 24.B\u00f6l\u00fcm (Star Tv)&#8230;&#8230;&#8230;&#8230;&#8230;&#8230;&#8230;&#8230;&#8230;&#8230;&#8230;&#8230;&#8230;&#8230;&#8230;.11,28 &#8211; 24,78<\/p>\n<p>3-E\u015fk\u0131ya D\u00fcnyaya H\u00fck\u00fcmdar Olmaz 83.B\u00f6l\u00fcm (Atv)..9,95 &#8211; 33,79<\/p>\n<p>4.Arka Sokaklar 460.B\u00f6l\u00fcm (Kanal D)&#8230;&#8230;&#8230;&#8230;&#8230;&#8230;&#8230;&#8230;&#8230;9,53 &#8211; 19,73<\/p>\n<p>5.Sava\u015f\u00e7\u0131 24.B\u00f6l\u00fcm (Fox Tv)&#8230;&#8230;&#8230;&#8230;&#8230;&#8230;&#8230;&#8230;&#8230;&#8230;&#8230;&#8230;&#8230;&#8230;.8,39 &#8211; 19,01<\/p>\n<p>6.Bizim Hikaye 13.B\u00f6l\u00fcm (Fox Tv)&#8230;&#8230;&#8230;&#8230;&#8230;&#8230;&#8230;&#8230;&#8230;&#8230;&#8230;6,96 &#8211; 15,50<\/p>\n<p>7.\u00c7ukur 7.B\u00f6l\u00fcm (Show Tv)&#8230;&#8230;&#8230;&#8230;&#8230;&#8230;&#8230;&#8230;&#8230;&#8230;&#8230;&#8230;&#8230;&#8230;..6,96 &#8211; 15,45<\/p>\n<p>8.Ufak Tefek Cinayetler 7.B\u00f6l\u00fcm (Star Tv)&#8230;&#8230;&#8230;&#8230;&#8230;&#8230;..6,86 &#8211; 14,94<\/p>\n<p>9.Yeni Gelin 7.B\u00f6l\u00fcm (Show Tv)&#8230;&#8230;&#8230;&#8230;&#8230;&#8230;&#8230;&#8230;&#8230;&#8230;&#8230;&#8230;6,78 &#8211; 15,23<\/p>\n<p>10.Kad\u0131n 24.B\u00f6l\u00fcm (Fox)&#8230;&#8230;&#8230;&#8230;&#8230;&#8230;&#8230;&#8230;&#8230;&#8230;&#8230;&#8230;&#8230;&#8230;&#8230;..6,64 &#8211; 14,81<\/p>\n<p>&nbsp;<\/p>\n<p><strong>AB\u2019de ilk 10 :<\/strong><\/p>\n<p>1-Dirili\u015f Ertu\u011frul 98.B\u00f6l\u00fcm (TRT1)&#8230;&#8230;&#8230;&#8230;&#8230;&#8230;&#8230;&#8230;&#8230;&#8230;.20,54 &#8211; 39,91<\/p>\n<p>2.Vatan\u0131m Sensin 36.B\u00f6l\u00fcm (Kanal D)&#8230;&#8230;&#8230;&#8230;&#8230;&#8230;&#8230;&#8230;&#8230;.9,55 &#8211; 22,23<\/p>\n<p>3.Ufak Tefek Cinayetler 7.B\u00f6l\u00fcm (Star Tv)&#8230;&#8230;&#8230;&#8230;&#8230;&#8230;&#8230;.9,36 &#8211; 21,80<\/p>\n<p>4.E\u015fk\u0131ya D\u00fcnyaya H\u00fck\u00fcmdar Olmaz 83.B\u00f6l\u00fcm (Atv)&#8230;..9,13 &#8211; 21,01<\/p>\n<p>5.\u0130stanbullu Gelin 28.B\u00f6l\u00fcm (Star Tv)&#8230;&#8230;&#8230;&#8230;&#8230;&#8230;&#8230;&#8230;&#8230;..8,45 &#8211; 18,69<\/p>\n<p>6.S\u00f6z 24.B\u00f6l\u00fcm (Star Tv)&#8230;&#8230;&#8230;&#8230;&#8230;&#8230;&#8230;&#8230;&#8230;&#8230;&#8230;&#8230;&#8230;&#8230;&#8230;&#8230;.8,12 &#8211; 19,17<\/p>\n<p>7.\u00c7ukur 7.B\u00f6l\u00fcm (Show Tv)&#8230;&#8230;&#8230;&#8230;&#8230;&#8230;&#8230;&#8230;&#8230;&#8230;&#8230;&#8230;&#8230;&#8230;&#8230;7,31 &#8211; 17,28<\/p>\n<p>8.Payitaht Abd\u00fclhamit 28.b\u00f6l\u00fcm TRT1)&#8230;&#8230;&#8230;&#8230;&#8230;&#8230;&#8230;&#8230;.6,87 &#8211; 15,15<\/p>\n<p>9.Kad\u0131n 24.B\u00f6l\u00fcm (Fox)&#8230;&#8230;&#8230;&#8230;&#8230;&#8230;&#8230;&#8230;&#8230;&#8230;&#8230;&#8230;&#8230;&#8230;&#8230;&#8230;..6,14 &#8211; 14,47<\/p>\n<p>10.Meryem 19. B\u00f6l\u00fcm (Kanal D)&#8230;&#8230;&#8230;&#8230;&#8230;&#8230;&#8230;&#8230;&#8230;&#8230;&#8230;&#8230;.6,11 &#8211; 12,39<\/p>\n<p>&nbsp;<\/p>\n<p><strong>TOTAL ve AB Grubunda reytingleri en y\u00fcksek olan Haftan\u0131n ilk 5 s\u0131ralamas\u0131 :<\/strong><\/p>\n<p><strong>1.D\u0130R\u0130L\u0130\u015e ERTU\u011eRUL<\/strong> : TRT1&#8217;in reyting rekortmeni dizisi, her hafta oldu\u011fu gibi bu hafta da ekranlara gelen 98. b\u00f6l\u00fcm\u00fc ile haftan\u0131n dizileri aras\u0131nda 20,54 puanla birinci s\u0131rada yer al\u0131yor.<\/p>\n<p><img loading=\"lazy\" decoding=\"async\" class=\"alignnone size-full wp-image-21197\" src=\"http:\/\/balcilar-blog.com\/wp-content\/uploads\/2017\/12\/dirilis_ertugrul_98_Bolum_mobil_1920x1080.jpg\" alt=\"\" width=\"640\" height=\"360\" srcset=\"https:\/\/balcilar-blog.com\/wp-content\/uploads\/2017\/12\/dirilis_ertugrul_98_Bolum_mobil_1920x1080.jpg 640w, https:\/\/balcilar-blog.com\/wp-content\/uploads\/2017\/12\/dirilis_ertugrul_98_Bolum_mobil_1920x1080-300x169.jpg 300w\" sizes=\"auto, (max-width: 640px) 100vw, 640px\" \/><\/p>\n<p>Ertu\u011frul, Karacahisar Kalesi\u2019nin fetih haz\u0131rl\u0131klar\u0131na ba\u015flam\u0131\u015f, Turgut ve Asl\u0131han\u2019\u0131n d\u00fc\u011f\u00fcn\u00fcn\u00fcn sabah\u0131nda kaleye sald\u0131rmaya karar vermi\u015fti. \u00d6te yandan bu izdivaca mani olmak isteyen Emir Saadeddin ise, Asl\u0131han\u2019\u0131n yard\u0131mc\u0131s\u0131 Esma arac\u0131l\u0131\u011f\u0131yla Turgut ve Asl\u0131han\u2019\u0131 zehirletmi\u015fti. D\u00fc\u011f\u00fcn b\u00fcy\u00fck bir co\u015fkuyla ger\u00e7ekle\u015fmi\u015f, Ertu\u011frul ve alplar\u0131 d\u00fc\u011f\u00fcn biter bitmez Karacahisar Kalesi\u2019ne bask\u0131n yapmak i\u00e7in harekete ge\u00e7ecekleri s\u0131rada Turgut ve Asl\u0131han\u2019\u0131n zehirlendi\u011fini \u00f6\u011frenmi\u015flerdi. Ertu\u011frul bu zehirleme hadisesi \u00fczerine ne yapacak? Zehirleyenleri bulabilecek mi? Bu i\u015ften kimi mesul tutacak? Bu hadiseye ra\u011fmen Karacahisar Kalesi\u2019ni fethedebilecek mi? Turgut ve Asl\u0131han\u2019\u0131n ak\u0131beti ne olacak? Kurtulabilecekler mi? Bu hadise kar\u015f\u0131s\u0131nda Bahad\u0131r Bey\u2019in tutumu ne olacak? Amac\u0131na ula\u015fan Emir Saadeddin bundan sonra ne yapacak? Ares\u2019in plan\u0131 do\u011frultusunda kendini farkl\u0131 bir ki\u015fi olarak tan\u0131t\u0131p Kay\u0131 Obas\u0131\u2019na s\u0131zan Titan, hedefi olan Ertu\u011frul\u2019un o\u011flu G\u00fcnd\u00fcz\u2019le yak\u0131nla\u015fabilecek mi? Ares, Ertu\u011frul\u2019un o\u011flu G\u00fcnd\u00fcz \u00fczerinden kurdu\u011fu plan\u0131nda ba\u015far\u0131ya ula\u015fabilecek mi?<\/p>\n<p>&nbsp;<\/p>\n<p><strong>2.S\u00d6Z<\/strong> : Star Tv\u2019nin sevilen dizisi S\u00f6z 24.b\u00f6l\u00fcm\u00fcnde Total\u2019de ald\u0131\u011f\u0131 11,28 reyting puan\u0131 ile haftan\u0131n dizileri aras\u0131nda bu hafta da yine 2.s\u0131rada yer ald\u0131.<\/p>\n<p><img loading=\"lazy\" decoding=\"async\" class=\"alignnone size-full wp-image-21201\" src=\"http:\/\/balcilar-blog.com\/wp-content\/uploads\/2017\/12\/maxresdefault-s\u00f6z-24..jpg\" alt=\"\" width=\"640\" height=\"360\" srcset=\"https:\/\/balcilar-blog.com\/wp-content\/uploads\/2017\/12\/maxresdefault-s\u00f6z-24..jpg 640w, https:\/\/balcilar-blog.com\/wp-content\/uploads\/2017\/12\/maxresdefault-s\u00f6z-24.-300x169.jpg 300w\" sizes=\"auto, (max-width: 640px) 100vw, 640px\" \/><\/p>\n<p><strong>\u00c7olak, Tim\u2019in s\u0131n\u0131r\u0131 ge\u00e7mesine izin vermemek i\u00e7in harekete ge\u00e7er&#8230;<\/strong><br \/>\nAg\u00e2h\u2019\u0131 yakalamay\u0131 ba\u015faran Tim\u2019in bir sonraki hedefi onu g\u00fcvenli bir \u015fekilde T\u00fcrkiye\u2019ye getirmektir. S\u0131n\u0131r \u00f6tesinde, Ortado\u011fu\u2019nun en tehlikeli b\u00f6lgelerinden birinde olan Tim i\u00e7in zorlu bir yolculuk ba\u015flayacakt\u0131r.<\/p>\n<p>B\u00fcy\u00fckel\u00e7i ve \u00c7olak, Ag\u00e2h\u2019\u0131 geri alman\u0131n planlar\u0131n\u0131 yapmaktad\u0131r. B\u00f6lgedeki t\u00fcm adamlar\u0131n\u0131 toplayan \u00c7olak, Tim\u2019in s\u0131n\u0131r\u0131 ge\u00e7mesine izin vermemek i\u00e7in harekete ge\u00e7er.<\/p>\n<p>Kamptaki m\u00fcltecilerde ortaya \u00e7\u0131kan baz\u0131 belirtiler Bahar\u2019\u0131 ciddi bir tehdidin ortas\u0131nda b\u0131rak\u0131rken Eylem ise verdi\u011fi kararlar\u0131n bedelini a\u011f\u0131r bir \u015fekilde \u00f6demek zorunda kal\u0131r.<\/p>\n<p>\u00c7olak ve adamlar\u0131 Tim\u2019in s\u0131n\u0131r\u0131 ge\u00e7memesi i\u00e7in elinden geleni yapar. Onun bu hamlesini savu\u015fturmak isteyen Yavuz ve Tim, T\u00fcrk B\u00fcy\u00fckel\u00e7ili\u011fine ula\u015fmaya \u00e7al\u0131\u015f\u0131r. Fakat \u00c7olak kolay vazge\u00e7meyecektir. S\u0131n\u0131r \u00f6tesindeki bu T\u00fcrk topra\u011f\u0131, korunmas\u0131 gereken bir kaledir art\u0131k.<\/p>\n<p>&nbsp;<\/p>\n<p><strong>3.E\u015eKIYA D\u00dcNYAYA H\u00dcK\u00dcMDAR OLMAZ<\/strong> : Atv\u2019nin Sal\u0131 ak\u015famlar\u0131 ekranlara gelen macera dizisinin 83.b\u00f6l\u00fcm\u00fcnde Total\u2019de ald\u0131\u011f\u0131 9,95 reyting puan\u0131 ile haftan\u0131n dizileri aras\u0131nda bu hafta da 3.s\u0131rada yer ald\u0131.<\/p>\n<p><strong>&#8220;Bundan sonra bana selam bile verme!&#8221;<\/strong><\/p>\n<p><strong><img loading=\"lazy\" decoding=\"async\" class=\"alignnone size-full wp-image-21195\" src=\"http:\/\/balcilar-blog.com\/wp-content\/uploads\/2017\/12\/0x0-83-bolum-foto-galeri-1512372498347.jpg\" alt=\"\" width=\"640\" height=\"427\" srcset=\"https:\/\/balcilar-blog.com\/wp-content\/uploads\/2017\/12\/0x0-83-bolum-foto-galeri-1512372498347.jpg 640w, https:\/\/balcilar-blog.com\/wp-content\/uploads\/2017\/12\/0x0-83-bolum-foto-galeri-1512372498347-300x200.jpg 300w\" sizes=\"auto, (max-width: 640px) 100vw, 640px\" \/><\/strong><\/p>\n<p>H\u0131z\u0131r&#8217;\u0131n verdi\u011fi b\u00fcy\u00fck s\u00f6zden d\u00f6nmesi Meryem&#8217;i derinden sarsar. \u0130hanetinin bedeli olarak t\u00fcm kap\u0131lar y\u00fcz\u00fcne kapanan H\u0131z\u0131r, o kap\u0131lar\u0131 daha fazla zorlamak niyetinde de\u011fildir. Ceylan t\u00fcm bu olanlar\u0131n bir plan oldu\u011funu d\u00fc\u015f\u00fcn\u00fcr ve bu hakl\u0131 \u015f\u00fcphelerini payla\u015fmak i\u00e7in solu\u011fu bir bildi\u011fi oldu\u011funu varsayd\u0131\u011f\u0131 \u00dcnal Kaplan&#8217;\u0131n yan\u0131nda al\u0131r. B\u00fcy\u00fck oyunun bir par\u00e7as\u0131 olan Candan&#8217;\u0131n arkas\u0131ndan \u00e7\u0131kan isim ise \u015fa\u015f\u0131rtacakt\u0131r.<\/p>\n<p>H\u0131z\u0131r, Kara M\u00fcrsel&#8217;e ula\u015fma yolunda sessizce ilerlerken, etraf\u0131ndakilerin ondan habersiz yapt\u0131\u011f\u0131 icraatlarla \u00e7ok ses \u00e7\u0131karmas\u0131ndan rahats\u0131z olur. Ekrem ise H\u0131z\u0131r&#8217;\u0131n me\u015fgul oldu\u011fu meseleleri f\u0131rsat bilerek masa \u00fcyelerini yan\u0131nda tutmaya \u00e7al\u0131\u015f\u0131r. Ticaretin aksat\u0131lmamas\u0131 konusunda hem fikir olan masadakiler, M\u00fcrsel&#8217;i \u00fcstlerine salan g\u00fc\u00e7lerin ekme\u011fine ya\u011f s\u00fcrmek istemediklerinden Ekrem&#8217;i dikkate alacaklard\u0131r.<\/p>\n<p>&nbsp;<\/p>\n<p><strong>4.VATANIM SENS\u0130N<\/strong>: Kanal D&#8217;nin be\u011fenilen dizisi &#8220;Vatan\u0131m Sensin&#8221; AB&#8217;de ald\u0131\u011f\u0131 9,55 puanla 4.s\u0131rada yer al\u0131yor.<\/p>\n<p><strong>Vatan\u0131m Sensin 36. B\u00f6l\u00fcmde Cevdet ve Da\u011f\u0131stanl\u0131 kar\u015f\u0131 kar\u015f\u0131ya geliyor!<\/strong><\/p>\n<p><img loading=\"lazy\" decoding=\"async\" class=\"alignnone size-full wp-image-21196\" src=\"http:\/\/balcilar-blog.com\/wp-content\/uploads\/2017\/12\/3az94j912n-r8fgtH9-eshba3os@529x293.jpg\" alt=\"\" width=\"640\" height=\"354\" srcset=\"https:\/\/balcilar-blog.com\/wp-content\/uploads\/2017\/12\/3az94j912n-r8fgtH9-eshba3os@529x293.jpg 640w, https:\/\/balcilar-blog.com\/wp-content\/uploads\/2017\/12\/3az94j912n-r8fgtH9-eshba3os@529x293-300x166.jpg 300w\" sizes=\"auto, (max-width: 640px) 100vw, 640px\" \/><\/p>\n<p>Cevdet, k\u0131z\u0131 Hilal&#8217;i kurtarmak i\u00e7in Da\u011f\u0131stanl\u0131&#8217;n\u0131n \u00e7iftli\u011fine gider. Hilal&#8217;i orada bulamay\u0131nca daha \u00f6nce ger\u00e7ekle\u015ftiremedi\u011fi konu\u015fma i\u00e7in Da\u011f\u0131stanl\u0131&#8217;n\u0131n kar\u015f\u0131s\u0131na \u00e7\u0131kar. Ger\u00e7ek vazifesini Da\u011f\u0131stanl\u0131 ile payla\u015fan Cevdet&#8217;in art\u0131k yeni bir yolda\u015f\u0131 vard\u0131r.<\/p>\n<p>Cevdet&#8217;ten bihaber olan Azize, Tevfik&#8217;le kar\u015f\u0131la\u015f\u0131r ve onun yard\u0131m\u0131na ihtiyac\u0131 vard\u0131r. Tevfik ile k\u0131z\u0131n\u0131 kurtarmak i\u00e7in beraber hareket eder. Leon, ger\u00e7ek a\u015fk\u0131 Hilal&#8217;i bulmak i\u00e7in da\u011flarda aramalar\u0131na devam eder.<\/p>\n<p>Filippos&#8217;un kurnazca bir plan\u0131 vard\u0131r. Anadolu&#8217;yu i\u015fgal edebilmek i\u00e7in her t\u00fcrl\u00fc kirli oyunu kullanacakt\u0131r. Fakat Cevdet ve Da\u011f\u0131stanl\u0131 beraber hareket ederek bu i\u015fin alt\u0131ndan kalkmaya \u00e7al\u0131\u015facaklard\u0131r.<\/p>\n<p>&nbsp;<\/p>\n<p><strong>5.ARKA SOKAKLAR<\/strong>\u00a0\u00a0: Kanal D&#8217;nin uzun soluklu dizisi TOTAL&#8217;de ald\u0131\u011f\u0131 9,53 reyting puan\u0131 ile yine 5.s\u0131rada yer al\u0131yor.<\/p>\n<p><strong>Arka Sokaklar&#8217;\u0131n 460. yeni b\u00f6l\u00fcm\u00fcnde; R\u0131za Baba ve ekip, Ali&#8217;yi peri\u015fan bir \u015fekilde buluyor<\/strong>!<\/p>\n<p><img loading=\"lazy\" decoding=\"async\" class=\"alignnone size-full wp-image-21198\" src=\"http:\/\/balcilar-blog.com\/wp-content\/uploads\/2017\/12\/indir-arka-sk.460.jpg\" alt=\"\" width=\"640\" height=\"368\" srcset=\"https:\/\/balcilar-blog.com\/wp-content\/uploads\/2017\/12\/indir-arka-sk.460.jpg 640w, https:\/\/balcilar-blog.com\/wp-content\/uploads\/2017\/12\/indir-arka-sk.460-300x173.jpg 300w\" sizes=\"auto, (max-width: 640px) 100vw, 640px\" \/><\/p>\n<p>Ali, Sultan ve Yunus&#8217;a \u00f6len \u0130smail&#8217;i sormak i\u00e7in gitti\u011finde b\u00fcy\u00fck bir belan\u0131n i\u00e7ine d\u00fc\u015fer. Sultan, Ali&#8217;nin k\u0131rm\u0131z hap ile ilgili sorular sormaya ba\u015flad\u0131\u011f\u0131n\u0131 g\u00f6r\u00fcnce panikler. O haplar\u0131n sat\u0131c\u0131s\u0131 oldu\u011fu ortaya \u00e7\u0131kmas\u0131n diye Ali&#8217;nin \u00e7ay\u0131na k\u0131rm\u0131z\u0131 haplardan atar. Hap\u0131n etkisindeki Ali, \u00e7evreye zarar vermeye ba\u015flar. Arabas\u0131n\u0131 durdu\u011fu adam\u0131 feci d\u00f6ver ve ona ate\u015f eder. Ali kay\u0131plara kar\u0131\u015f\u0131r. Ekip ise, bu yaralama olay\u0131n\u0131 incelerken Ali&#8217;nin halini g\u00f6r\u00fcrler. Ekip arkada\u015flar\u0131 kay\u0131plardaki Ali&#8217;nin su\u00e7u i\u015fledikten sonra yakalanmamak i\u00e7in ortadan kayboldu\u011funu d\u00fc\u015f\u00fcn\u00fcrler. Sonra olay\u0131n ucu Sultan&#8217;a ula\u015f\u0131nca durumu anlarlar. Ekip hem Sultan&#8217;\u0131n, hem de Ali&#8217;nin pe\u015fine d\u00fc\u015fer.<\/p>\n<p>Hakan, b\u00fcy\u00fck bir kumpas\u0131n i\u00e7ine d\u00fc\u015fer. Selin, bir \u015fantaj \u00e7etesinin eleman\u0131d\u0131r. Beraber \u00e7al\u0131\u015ft\u0131\u011f\u0131 C\u00fcneyt ile Hakan&#8217;\u0131 eline d\u00fc\u015f\u00fcrmek i\u00e7in yataktaki uygunsuz foto\u011fraflar\u0131n\u0131 \u00e7eker. Hakan&#8217;\u0131 kendi pa\u00e7alar\u0131n\u0131 kurtarmak i\u00e7in kullanmak isterler ve ona \u015fantaj yaparlar. Ucunun kendilerine ula\u015faca\u011f\u0131n\u0131 bildikleri bir cinayet dosyas\u0131n\u0131 kapatmas\u0131 i\u00e7in Hakan&#8217;\u0131 zorlarlar.\u00a0Hakan dediklerini yapmazsa\u00a0ellerindeki foto\u011fraflar\u0131 ba\u015fta Aylin olmak \u00fczere, R\u0131za Babaya g\u00f6ndermekle tehdit ederler. Hakan mecburen kabul eder; fakat, bir plan\u0131 vard\u0131r!<\/p>\n<p>Tekin, Gonca&#8217;n\u0131n ziyaretinden rahats\u0131z olup olay \u00e7\u0131kar\u0131r ve evi terk eder. Nazike&#8217;nin ve karde\u015flerinin t\u00fcm \u0131srarlar\u0131na ra\u011fmen eve d\u00f6nmemeye kararl\u0131d\u0131r. H\u00fcsn\u00fc s\u00f6z\u00fcn\u00fc dinlemeyen o\u011fluna \u00f6fkelidir. Gonca&#8217;ya yapt\u0131\u011f\u0131 sayg\u0131s\u0131zl\u0131\u011f\u0131 unutam\u0131yordur. Gonca ile bulu\u015fup bu durumu a\u00e7\u0131kl\u0131\u011fa kavu\u015fturur.<\/p>\n<p>&nbsp;<\/p>\n<p><strong>Her iki kategorinin ilk on\u2019da yer alan dizileri :<\/strong><\/p>\n<p>S\u00f6z (Star), \u00c7ukur (Show) , E\u015fk\u0131ya D\u00fcnyaya H\u00fck\u00fcmdar Olmaz (Atv), Ufak Tefek Cinayetler (Star), Kad\u0131n (Fox), ve Dirili\u015f Ertu\u011frul (TRT1) her iki grupta yer alan diziler olmu\u015ftur.<\/p>\n<p>&nbsp;<\/p>\n<p><strong>KANALLARA G\u00d6RE SIRALAMAYA G\u00d6Z ATARSAK:<\/strong><\/p>\n<p><strong>Total grubunda ilk onda<\/strong>: Fox Tv 3 dizi. Star Tv ve Show Tv 2 dizi.\u00a0 TRT1, Atv ve Kanal D birer dizi ile yer alm\u0131\u015ft\u0131r.<\/p>\n<p><strong>AB\u2019de ilk onda<\/strong>: Star Tv. 3 dizi. TRT1 ve Kanal D iki\u015fer dizi. Atv, Fox ve Show Tv birer\u00a0 dizi ile yer alm\u0131\u015ft\u0131r<\/p>\n<p><strong>Bu haftan\u0131n kanal<\/strong>\u0131;\u00a0 \u00a0Star Tv Total&#8217;de 2 dizi ve AB&#8217;de 3 dizi ile bu hafta da, haftan\u0131n kanal\u0131 olmu\u015flard\u0131r.<\/p>\n<p>&nbsp;<\/p>\n<p><strong>DOSTLAR MAHALLES\u0130 (Kanal D) :<\/strong><\/p>\n<p>16 Aral\u0131k Cumartesiak\u015fam\u0131 ekranlara gelecek olan Kanal D&#8217;nin yeni dizisi Dostlar Mahallesi&#8217;nin yap\u0131mc\u0131s\u0131 Erler Film&#8217;in yap\u0131mc\u0131s\u0131 oldu\u011fu Dostlar Mahallesi&#8217;nin senaryosunu Resul Erta\u015f yaz\u0131yor.<\/p>\n<p><strong><img loading=\"lazy\" decoding=\"async\" class=\"alignnone size-full wp-image-21202\" src=\"http:\/\/balcilar-blog.com\/wp-content\/uploads\/2017\/12\/dostlar-mahallesi-1.jpeg\" alt=\"\" width=\"640\" height=\"354\" srcset=\"https:\/\/balcilar-blog.com\/wp-content\/uploads\/2017\/12\/dostlar-mahallesi-1.jpeg 640w, https:\/\/balcilar-blog.com\/wp-content\/uploads\/2017\/12\/dostlar-mahallesi-1-300x166.jpeg 300w\" sizes=\"auto, (max-width: 640px) 100vw, 640px\" \/><\/strong><\/p>\n<p>Ba\u015fl\u0131ca rollerde;\u00a0\u00c7a\u011fla \u015e\u0131kel, Ali\u015fan, Hande Katipo\u011flu, Ersin Korkut, \u0130nan Ula\u015f Torun, Zeynep Eronat, Ceyhun Fersoy, Hakan Bulut oynuyor.<\/p>\n<p>Konu:\u00a0\u00a0Dostlar Mahallesi&#8217;nde Dostlar Dura\u011f\u0131 (Taksi dura\u011f\u0131)&#8217;n\u0131n sahibi, mahallenin herkese kol kanat geren ablas\u0131 Neriman Abla\u2019n\u0131n (Zeynep Eronat), oyunculuk hayalleriyle yan\u0131p tutu\u015fan o\u011flu \u00c7a\u011fatay\u2019\u0131n (Ceyhun Fersoy), birbirlerine tamamen z\u0131t karde\u015fler Metin (Ali\u015fan) ve \u00c7etin\u2019in (\u0130nan Ula\u015f Torun), Rus a\u015fk\u0131n\u0131 annesine kabullendirmeye \u00e7al\u0131\u015fan Selim\u2019in (Ersin Korkut), Bahar\u2019\u0131n babas\u0131 Hasan\u2019\u0131n (Turan \u00d6zdemir) ve dura\u011f\u0131n \u00e7ayc\u0131s\u0131 Vakur\u2019un (Hakan Bulut) ekmek kavgalar\u0131, h\u00fcz\u00fcnleri ve ne\u015feleri ekrana gelecek.<\/p>\n<p>Keyifli Seyirler.<\/p>\n<p>Sayg\u0131lar ve sevgiler.<\/p>\n<div id=\"mCSB_1_container\" class=\"mCSB_container\" dir=\"ltr\">\n<div class=\"etiket\">\n<p>Abdurrahman Balc\u0131lar<\/p>\n<p>Twitter:\u00a0<a href=\"https:\/\/twitter.com\/abbalcilar\">abdurrahman balc\u0131lar<\/a><a href=\"https:\/\/twitter.com\/abbalcilar\"><strong>@abbalcilar<\/strong><\/a><\/p>\n<p>Mail :\u00a0<a href=\"mailto:ab.balcilar@hotmail.com\">ab.balcilar@hotmail.com<\/a><\/p>\n<p>Blog:\u00a0<a href=\"http:\/\/t.co\/znqmIZgIqn\">blog.milliyet.com.tr\/cansever<\/a><\/p>\n<p>Blog:\u00a0<a href=\"http:\/\/balcilar-blog.com\/\">Abdurrahman Balc\u0131lar Blog Sayfas\u0131<\/a><\/p>\n<p>Not: Dizi reytingleri TNS \u00f6l\u00e7\u00fcmlerinden, g\u00f6rseller ve diziler hakk\u0131nda bilgi dizi tan\u0131t\u0131m sayfalar\u0131ndan al\u0131nm\u0131\u015ft\u0131r.<\/p>\n<p><strong>*\u015eahsi Blog sayfamda ve Milliyet Blog\u2019da yay\u0131nlanan blog yaz\u0131lar\u0131 b\u00fcy\u00fck bir \u00e7al\u0131\u015fman\u0131n \u00fcr\u00fcn\u00fc olup, izinsiz ya da kaynak g\u00f6stermeden al\u0131nt\u0131 yap\u0131lamaz. Aksi halde kanuni i\u015flem yap\u0131l\u0131r.<\/strong><\/p>\n<\/div>\n<\/div>\n<div id=\"mCSB_1_scrollbar_vertical\" class=\"mCSB_scrollTools mCSB_1_scrollbar mCS-light mCSB_scrollTools_vertical\"><\/div>\n","protected":false},"excerpt":{"rendered":"<p>TNS \u00f6l\u00e7\u00fcmlerine g\u00f6re haz\u0131rlad\u0131\u011f\u0131m \u00a003 &#8211; 11 Aral\u0131k 2017 Tarihleri aras\u0131nda en \u00e7ok seyredilen alt\u0131 Ulusal kanallar\u0131m\u0131zda ekranlar\u0131m\u0131za gelen 34 dizi aras\u0131nda, Total\u2019de ve AB\u2019de ilk ona giren, haftan\u0131n dizi karnesini a\u015fa\u011f\u0131da bilgilerinize sunuyorum. Ge\u00e7en Hafta G\u00f6sterimdeki Diziler : S\u00f6z, \u00c7ukur, K\u0131rg\u0131n \u00c7i\u00e7ekler, Siyah Beyaz, Yalaza, E\u015fk\u0131ya D\u00fcnyaya H\u00fck\u00fcmdar Olmaz, Ufak Tefek Cinayetler, Kad\u0131n, K\u0131zlar\u0131m [&hellip;]<\/p>\n","protected":false},"author":3,"featured_media":21203,"comment_status":"open","ping_status":"open","sticky":false,"template":"","format":"standard","meta":{"footnotes":""},"categories":[2],"tags":[1104,570,1614,1613,375,1416,25,530,1294],"class_list":["post-21194","post","type-post","status-publish","format-standard","has-post-thumbnail","hentry","category-tv-programlari","tag-arka-sokaklar","tag-dirilis-ertugrul","tag-dostlar-mahallesi","tag-eskiya-dunyada-hukumdar-olmaz","tag-reytingler","tag-soz","tag-star-tv","tag-tns-olcumleri","tag-vatanim-sensin"],"views":2756,"blog_post_layout_featured_media_urls":{"thumbnail":["https:\/\/balcilar-blog.com\/wp-content\/uploads\/2017\/12\/cats-11-ARALIK-150x150.jpg",150,150,true],"full":["https:\/\/balcilar-blog.com\/wp-content\/uploads\/2017\/12\/cats-11-ARALIK.jpg",640,359,false]},"categories_names":{"2":{"name":"TV Programlar\u0131","link":"https:\/\/balcilar-blog.com\/?cat=2"}},"tags_names":{"1104":{"name":"Arka Sokaklar","link":"https:\/\/balcilar-blog.com\/?tag=arka-sokaklar"},"570":{"name":"dirili\u015f Ertu\u011frul","link":"https:\/\/balcilar-blog.com\/?tag=dirilis-ertugrul"},"1614":{"name":"Dostlar Mahallesi","link":"https:\/\/balcilar-blog.com\/?tag=dostlar-mahallesi"},"1613":{"name":"E\u015fk\u0131ya D\u00fcnyada H\u00fck\u00fcmdar Olmaz","link":"https:\/\/balcilar-blog.com\/?tag=eskiya-dunyada-hukumdar-olmaz"},"375":{"name":"Reytingler","link":"https:\/\/balcilar-blog.com\/?tag=reytingler"},"1416":{"name":"S\u00f6z","link":"https:\/\/balcilar-blog.com\/?tag=soz"},"25":{"name":"Star Tv","link":"https:\/\/balcilar-blog.com\/?tag=star-tv"},"530":{"name":"TNS \u00f6l\u00e7\u00fcmleri","link":"https:\/\/balcilar-blog.com\/?tag=tns-olcumleri"},"1294":{"name":"Vatan\u0131m Sensin","link":"https:\/\/balcilar-blog.com\/?tag=vatanim-sensin"}},"comments_number":"0","wpmagazine_modules_lite_featured_media_urls":{"thumbnail":["https:\/\/balcilar-blog.com\/wp-content\/uploads\/2017\/12\/cats-11-ARALIK-150x150.jpg",150,150,true],"cvmm-medium":["https:\/\/balcilar-blog.com\/wp-content\/uploads\/2017\/12\/cats-11-ARALIK.jpg",300,168,false],"cvmm-medium-plus":["https:\/\/balcilar-blog.com\/wp-content\/uploads\/2017\/12\/cats-11-ARALIK.jpg",305,171,false],"cvmm-portrait":["https:\/\/balcilar-blog.com\/wp-content\/uploads\/2017\/12\/cats-11-ARALIK.jpg",400,224,false],"cvmm-medium-square":["https:\/\/balcilar-blog.com\/wp-content\/uploads\/2017\/12\/cats-11-ARALIK.jpg",600,337,false],"cvmm-large":["https:\/\/balcilar-blog.com\/wp-content\/uploads\/2017\/12\/cats-11-ARALIK.jpg",640,359,false],"cvmm-small":["https:\/\/balcilar-blog.com\/wp-content\/uploads\/2017\/12\/cats-11-ARALIK.jpg",130,73,false],"full":["https:\/\/balcilar-blog.com\/wp-content\/uploads\/2017\/12\/cats-11-ARALIK.jpg",640,359,false]},"_links":{"self":[{"href":"https:\/\/balcilar-blog.com\/index.php?rest_route=\/wp\/v2\/posts\/21194","targetHints":{"allow":["GET"]}}],"collection":[{"href":"https:\/\/balcilar-blog.com\/index.php?rest_route=\/wp\/v2\/posts"}],"about":[{"href":"https:\/\/balcilar-blog.com\/index.php?rest_route=\/wp\/v2\/types\/post"}],"author":[{"embeddable":true,"href":"https:\/\/balcilar-blog.com\/index.php?rest_route=\/wp\/v2\/users\/3"}],"replies":[{"embeddable":true,"href":"https:\/\/balcilar-blog.com\/index.php?rest_route=%2Fwp%2Fv2%2Fcomments&post=21194"}],"version-history":[{"count":1,"href":"https:\/\/balcilar-blog.com\/index.php?rest_route=\/wp\/v2\/posts\/21194\/revisions"}],"predecessor-version":[{"id":21204,"href":"https:\/\/balcilar-blog.com\/index.php?rest_route=\/wp\/v2\/posts\/21194\/revisions\/21204"}],"wp:featuredmedia":[{"embeddable":true,"href":"https:\/\/balcilar-blog.com\/index.php?rest_route=\/wp\/v2\/media\/21203"}],"wp:attachment":[{"href":"https:\/\/balcilar-blog.com\/index.php?rest_route=%2Fwp%2Fv2%2Fmedia&parent=21194"}],"wp:term":[{"taxonomy":"category","embeddable":true,"href":"https:\/\/balcilar-blog.com\/index.php?rest_route=%2Fwp%2Fv2%2Fcategories&post=21194"},{"taxonomy":"post_tag","embeddable":true,"href":"https:\/\/balcilar-blog.com\/index.php?rest_route=%2Fwp%2Fv2%2Ftags&post=21194"}],"curies":[{"name":"wp","href":"https:\/\/api.w.org\/{rel}","templated":true}]}}