{"id":21164,"date":"2017-12-08T14:57:57","date_gmt":"2017-12-08T12:57:57","guid":{"rendered":"http:\/\/balcilar-blog.com\/?p=21164"},"modified":"2017-12-11T10:58:40","modified_gmt":"2017-12-11T08:58:40","slug":"cagatay-ulusoyun-netflixde-oynayacagi-dizisinin-adi-begilmedi","status":"publish","type":"post","link":"https:\/\/balcilar-blog.com\/?p=21164","title":{"rendered":"\u00c7a\u011fatay Ulusoy&#8217;un Netflix&#8217;de Oynayaca\u011f\u0131 Dizisinin Ad\u0131 Be\u011fenilmedi!"},"content":{"rendered":"<p><img loading=\"lazy\" decoding=\"async\" class=\"alignnone size-full wp-image-21166\" src=\"http:\/\/balcilar-blog.com\/wp-content\/uploads\/2017\/12\/DP9pn6DW0AAk9hT.jpg\" alt=\"\" width=\"640\" height=\"360\" srcset=\"https:\/\/balcilar-blog.com\/wp-content\/uploads\/2017\/12\/DP9pn6DW0AAk9hT.jpg 640w, https:\/\/balcilar-blog.com\/wp-content\/uploads\/2017\/12\/DP9pn6DW0AAk9hT-300x169.jpg 300w\" sizes=\"auto, (max-width: 640px) 100vw, 640px\" \/><\/p>\n<p><span style=\"color: #ff0000;\"><strong>Netflix<\/strong><\/span>, <span style=\"color: #ff0000;\"><strong>\u00c7a\u011fatay Ulusoy<\/strong><\/span>&#8216;un 2018 y\u0131l\u0131nda oynayaca\u011f\u0131 yeni dizisinin ad\u0131n\u0131 iki hafta \u00f6nce a\u00e7\u0131klad\u0131 ama, bu isim sevenlerini memnun etmedi. &#8220;<span style=\"color: #ff0000;\"><strong>United \u0130stanbul<\/strong><\/span>&#8221; olarak a\u00e7\u0131klanan bu dizi isimi be\u011fenilmedi. \u0130sim yanl\u0131\u015f ifade edildi. &#8220;Utitled&#8221; as\u0131l\u0131nda isim belirlenmedi anlam\u0131nda kullan\u0131ld\u0131. \u0130lerleyen g\u00fcnlerde, \u0130stanbul&#8217;de \u00e7ekilecek bu dizinin ismi belirlenecek ve as\u0131l isim a\u00e7\u0131klanacakt\u0131r.<\/p>\n<p>N. \u0130pek G\u00f6kdel&#8217;in &#8220;<strong>Karakalem ve Bir Delikanl\u0131n\u0131n Tuhaf Hikayesi<\/strong>&#8221; roman\u0131ndan uyarlanacak senaryoda, Yavuz Sultan Selim&#8217;in 500 y\u0131ll\u0131k t\u0131ls\u0131ml\u0131 g\u00f6mle\u011fin g\u00fcc\u00fc ile \u0130stanbul&#8217;da k\u00f6t\u00fc niyetli adamlar\u0131 m\u00fccadele edecektir. Senaristler romanda anlat\u0131lanlara ne derece ba\u011fl\u0131 kal\u0131rlar bilemem.<\/p>\n<p>Ad\u0131nda D\u00fcnya \u015fehri \u0130stanbul&#8217;un ad\u0131 ge\u00e7mesi g\u00fczel ama, dizinin konusu ile ilgili bir isim olmal\u0131yd\u0131. \u00d6rnek; &#8220;Yavuz&#8217;un T\u0131ls\u0131ml\u0131 G\u00f6mle\u011fi \u0130stanbul&#8217;u kurtarabilecek mi?&#8221; olabilirdi. Kesin de\u011fil ama, bu isim de\u011fi\u015febilir! Yoksa dizinin ad\u0131 ile ilgili ele\u015ftiriler devam edecektir.<\/p>\n<p>\u00c7a\u011fatay Ulusoy, A\u011fustos sonundan bu tarafa neredeyse 4 ayd\u0131r Amerika&#8217;da Los Angeles&#8217;te bu dizi ile ilgili oyunculuk e\u011fitimi ve \u00e7al\u0131\u015fmalar\u0131 devam ediyor.<\/p>\n<p><img loading=\"lazy\" decoding=\"async\" class=\"alignnone size-full wp-image-21170\" src=\"http:\/\/balcilar-blog.com\/wp-content\/uploads\/2017\/12\/cats-karayakalem.jpg\" alt=\"\" width=\"609\" height=\"480\" srcset=\"https:\/\/balcilar-blog.com\/wp-content\/uploads\/2017\/12\/cats-karayakalem.jpg 609w, https:\/\/balcilar-blog.com\/wp-content\/uploads\/2017\/12\/cats-karayakalem-300x236.jpg 300w\" sizes=\"auto, (max-width: 609px) 100vw, 609px\" \/><\/p>\n<p>Dizi ismi olarak\u00a0\u201cUntited \u0130stanbul\u201d se\u00e7ilmi\u015f olmas\u0131n\u0131 ele\u015ftirmenler ismin beklenin alt\u0131nda kald\u0131\u011f\u0131n\u0131 bir \u015fehir isminin bu \u015fekilde sadelikle b\u00f6yle bir diziye verilmesinin do\u011fru olmad\u0131\u011f\u0131n\u0131 savunuyorlar. \u00c7a\u011fatay hayranlar\u0131n\u0131 da, Netfix&#8217;in\u00a0 b\u00f6yle bir isim se\u00e7mesini memnun etmedi. 2018\u2019de b\u00fct\u00fcn d\u00fcnya \u00fclkelerinde ayn\u0131 anda televizyonlar\u0131nda g\u00f6sterime girecektir.<\/p>\n<p>&nbsp;<\/p>\n<p><strong>\u00c7A\u011eATAY ULUSOY PARTNER\u0130 K\u0130M OLACAK?<\/strong><\/p>\n<p><img loading=\"lazy\" decoding=\"async\" class=\"alignnone size-full wp-image-21169\" src=\"http:\/\/balcilar-blog.com\/wp-content\/uploads\/2017\/12\/DQce4-wVwAIphgJ.jpg\" alt=\"\" width=\"750\" height=\"750\" srcset=\"https:\/\/balcilar-blog.com\/wp-content\/uploads\/2017\/12\/DQce4-wVwAIphgJ.jpg 750w, https:\/\/balcilar-blog.com\/wp-content\/uploads\/2017\/12\/DQce4-wVwAIphgJ-150x150.jpg 150w, https:\/\/balcilar-blog.com\/wp-content\/uploads\/2017\/12\/DQce4-wVwAIphgJ-300x300.jpg 300w\" sizes=\"auto, (max-width: 750px) 100vw, 750px\" \/><\/p>\n<p>Dizi ile ilgili Burcu Biricik kad\u0131n oyuncu olarak ad\u0131 ge\u00e7iyordu. Ancak \u00fcnl\u00fc oyuncu ge\u00e7ti\u011fimiz g\u00fcnlerde farkl\u0131 bir projeye imza atarak bu projede olmayaca\u011f\u0131n\u0131 a\u00e7\u0131k\u00e7a belirtti. Dizinin \u015fuan i\u00e7in ba\u015frol kad\u0131n oyuncusu belirlenmedi. Senaryonun ortaya \u00e7\u0131kmas\u0131 ile bayan oyuncu da belirlenecek ve di\u011fer oyuncular ortaya \u00e7\u0131kacakt\u0131r.<\/p>\n<p>&nbsp;<\/p>\n<p><strong>BU B\u0130R TV D\u0130Z\u0130S\u0130 DE\u011e\u0130L.<\/strong><\/p>\n<p>&nbsp;<\/p>\n<p><img loading=\"lazy\" decoding=\"async\" class=\"alignnone size-full wp-image-21171\" src=\"http:\/\/balcilar-blog.com\/wp-content\/uploads\/2017\/12\/a63366426e67565da2c8502d6e631ab9.jpg\" alt=\"\" width=\"339\" height=\"336\" srcset=\"https:\/\/balcilar-blog.com\/wp-content\/uploads\/2017\/12\/a63366426e67565da2c8502d6e631ab9.jpg 339w, https:\/\/balcilar-blog.com\/wp-content\/uploads\/2017\/12\/a63366426e67565da2c8502d6e631ab9-150x150.jpg 150w, https:\/\/balcilar-blog.com\/wp-content\/uploads\/2017\/12\/a63366426e67565da2c8502d6e631ab9-300x297.jpg 300w\" sizes=\"auto, (max-width: 339px) 100vw, 339px\" \/><\/p>\n<p>Ulusoy&#8217;un oynayaca\u011f\u0131 bir tv dizisi de\u011fil. Serenay Sar\u0131kaya&#8217;n\u0131n oynad\u0131\u011f\u0131 dizi gibi bir \u0130nternet dizisidir. Ancak Netflix abone olan \u00fcyeleri tar\u0131ndan seyiredilecektir. Ancak \u00f6ncelikle Netflix abonesi olmak gereklidir.<\/p>\n<p>Dizinin ba\u015flamas\u0131 ile birlikte, Netflix taraf\u0131ndan daha detayl\u0131 bir a\u00e7\u0131klama yap\u0131lacakt\u0131r.<\/p>\n<p>&nbsp;<\/p>\n<p><strong>\u00c7A\u011eATAY ULUSOY NETFL\u0130X D\u0130Z\u0130S\u0130NDE OYNAYACA\u011eINI A\u00c7IKLADI :<\/strong><\/p>\n<p><img loading=\"lazy\" decoding=\"async\" class=\"alignnone size-full wp-image-21165\" src=\"http:\/\/balcilar-blog.com\/wp-content\/uploads\/2017\/12\/\u00c7A\u011eATAY-ULUSOY.jpg\" alt=\"\" width=\"480\" height=\"608\" srcset=\"https:\/\/balcilar-blog.com\/wp-content\/uploads\/2017\/12\/\u00c7A\u011eATAY-ULUSOY.jpg 480w, https:\/\/balcilar-blog.com\/wp-content\/uploads\/2017\/12\/\u00c7A\u011eATAY-ULUSOY-237x300.jpg 237w\" sizes=\"auto, (max-width: 480px) 100vw, 480px\" \/><\/p>\n<p>\u00c7a\u011fatay Ulusoy, ge\u00e7ti\u011fimiz A\u011fustos ay\u0131 ortas\u0131nda rol\u00fcn kendisi taraf\u0131ndan oynanaca\u011f\u0131n\u0131 a\u00e7\u0131klad\u0131. \u00d6zel olarak \u00e7ekti\u011fi video Sosyal Medyada yay\u0131nland\u0131. Ulusoy, Netflix\u2019in teklifini kabul etmi\u015f anla\u015fma sa\u011flanm\u0131\u015ft\u0131r. K\u0131sa a\u00e7\u0131klamada \u00c7a\u011fatay \u015f\u00f6yle diyordu;<\/p>\n<p>\u201c<strong>Merhabalar, selamlar herkese\u2026 Heyecan\u0131m\u0131 sizinle payla\u015fmak ve bir konuyu a\u00e7\u0131kl\u0131k getirmek istedi\u011fim i\u00e7in bu videoyu \u00e7ekiyorum. Evet duyduklar\u0131n\u0131z do\u011fru, \u00e7\u0131kan haberler do\u011fru. 2018 Y\u0131l\u0131nda \u00e7ok farkl\u0131 ve \u00e7ok g\u00fczel bir projeyle Netflix\u2019de olaca\u011f\u0131z. G\u00f6r\u00fc\u015fmek \u00fczere.\u201d<\/strong><\/p>\n<p><img loading=\"lazy\" decoding=\"async\" class=\"alignnone size-full wp-image-21167\" src=\"http:\/\/balcilar-blog.com\/wp-content\/uploads\/2017\/12\/Ekran-Al\u0131nt\u0131s\u0131-\u00e7a\u011fa-2.png\" alt=\"\" width=\"486\" height=\"480\" srcset=\"https:\/\/balcilar-blog.com\/wp-content\/uploads\/2017\/12\/Ekran-Al\u0131nt\u0131s\u0131-\u00e7a\u011fa-2.png 486w, https:\/\/balcilar-blog.com\/wp-content\/uploads\/2017\/12\/Ekran-Al\u0131nt\u0131s\u0131-\u00e7a\u011fa-2-300x296.png 300w\" sizes=\"auto, (max-width: 486px) 100vw, 486px\" \/><\/p>\n<p>Daha \u00f6nce, May\u0131s ay\u0131 i\u00e7inde Ulusoy ile Netflix aras\u0131nda anla\u015fma imzalanm\u0131\u015f, imzalar at\u0131lm\u0131\u015ft\u0131.<\/p>\n<p><strong>\u00c7A\u011eATAY ULUSOY NETFL\u0130X \u0130LE D\u00dcNYAYA A\u00c7ILIYOR<\/strong><\/p>\n<p><img loading=\"lazy\" decoding=\"async\" class=\"alignnone size-full wp-image-21168\" src=\"http:\/\/balcilar-blog.com\/wp-content\/uploads\/2017\/12\/DPse49DW4AEBJo9.jpg\" alt=\"\" width=\"480\" height=\"549\" srcset=\"https:\/\/balcilar-blog.com\/wp-content\/uploads\/2017\/12\/DPse49DW4AEBJo9.jpg 480w, https:\/\/balcilar-blog.com\/wp-content\/uploads\/2017\/12\/DPse49DW4AEBJo9-262x300.jpg 262w\" sizes=\"auto, (max-width: 480px) 100vw, 480px\" \/><\/p>\n<p>Daha \u00f6nce yazd\u0131\u011f\u0131m gibi \u00c7a\u011fatay Ulusoy, bu Netflix dizisi ile D\u00fcnya sanat\u00e7\u0131s\u0131 oluyor. 2011 y\u0131l\u0131nda Hazal Kaya ile oynad\u0131\u011f\u0131 &#8220;Ad\u0131n\u0131 Feriha Koydum&#8221; dizisi ile d\u00fcnyaya a\u00e7\u0131lm\u0131\u015f. Arkas\u0131ndan, Medcezir ve \u0130\u00e7erde dizileri ile milyonlarca ki\u015fi onu tan\u0131m\u0131\u015f, be\u011fenmi\u015f, oyunculu\u011funu takdir etmi\u015fti.<\/p>\n<p>T\u00fcrk yap\u0131m \u015firketinin \u00fcstlendi\u011fi bu dizi ile b\u00fct\u00fcn d\u00fcnyada tan\u0131nmaya devam edecek. Milyonlarca kullan\u0131c\u0131s\u0131 olan Netflix T\u00fcrkiye\u2019de internet \u00fczerinden yay\u0131nlan\u0131yor.<\/p>\n<p><img loading=\"lazy\" decoding=\"async\" class=\"alignnone size-full wp-image-20312\" src=\"http:\/\/balcilar-blog.com\/wp-content\/uploads\/2017\/07\/karakalem.jpeg\" alt=\"\" width=\"450\" height=\"640\" srcset=\"https:\/\/balcilar-blog.com\/wp-content\/uploads\/2017\/07\/karakalem.jpeg 450w, https:\/\/balcilar-blog.com\/wp-content\/uploads\/2017\/07\/karakalem-211x300.jpeg 211w\" sizes=\"auto, (max-width: 450px) 100vw, 450px\" \/><\/p>\n<p>\u00c7a\u011fatay Ulusoy&#8217;un Netflix dizisinde \u015fimdilik \u00c7a\u011fatay Ulusoy&#8217;un ad\u0131 oyuncu olarak ge\u00e7iyor. \u015eimdi de sadece \u0130stanbul&#8217;da \u00e7ekilecek dizinin ad\u0131n\u0131n belirsiz oldu\u011fu yaz\u0131l\u0131yor.<\/p>\n<p><img loading=\"lazy\" decoding=\"async\" class=\"alignnone size-full wp-image-20313\" src=\"http:\/\/balcilar-blog.com\/wp-content\/uploads\/2017\/07\/karakalem-2.jpeg\" alt=\"\" width=\"480\" height=\"622\" srcset=\"https:\/\/balcilar-blog.com\/wp-content\/uploads\/2017\/07\/karakalem-2.jpeg 480w, https:\/\/balcilar-blog.com\/wp-content\/uploads\/2017\/07\/karakalem-2-232x300.jpeg 232w\" sizes=\"auto, (max-width: 480px) 100vw, 480px\" \/><\/p>\n<p>&nbsp;<\/p>\n<p>Yavuz Sultan Selim&#8217;in t\u0131ls\u0131ml\u0131 g\u00f6mle\u011fi ile \u00c7a\u011fatay Ulusoy T\u00fcrk Seyircisi ile birlikte D\u00fcnya seyircisini de etkileyecektir. Netflix dizilerinin arkas\u0131 gelecektir. Hay\u0131rl\u0131 olsun&#8230; \u00c7a\u011fatay&#8217;\u0131n parlayan y\u0131ld\u0131z\u0131 daha da \u00e7ok parlas\u0131n diyelim.<\/p>\n<p>&nbsp;<\/p>\n<p>Sayg\u0131lar ve sevgiler.<\/p>\n<p>Abdurrahman Balc\u0131lar<\/p>\n<p>Twitter:\u00a0<a href=\"https:\/\/twitter.com\/abbalcilar\">abdurrahman balc\u0131lar<\/a><a href=\"https:\/\/twitter.com\/abbalcilar\"><strong>@abbalcilar<\/strong><\/a><\/p>\n<p>Mail :\u00a0<a href=\"mailto:ab.balcilar@hotmail.com\">ab.balcilar@hotmail.com<\/a><\/p>\n<p>Blog:\u00a0<a href=\"http:\/\/t.co\/znqmIZgIqn\">blog.milliyet.com.tr\/cansever<\/a><\/p>\n<p>Blog:\u00a0<a href=\"http:\/\/balcilar-blog.com\/\">Abdurrahman Balc\u0131lar Blog Sayfas\u0131<\/a><\/p>\n<p>Not: Kaynak haber, haber.com&#8217;dan.<\/p>\n<p><strong>*\u015eahsi Blog sayfamda ve Milliyet Blog\u2019da yay\u0131nlanan blog yaz\u0131lar\u0131 b\u00fcy\u00fck bir \u00e7al\u0131\u015fman\u0131n \u00fcr\u00fcn\u00fc olup, izinsiz ya da kaynak g\u00f6stermeden al\u0131nt\u0131 yap\u0131lamaz. Aksi halde kanuni i\u015flem yap\u0131l\u0131r.<\/strong><\/p>\n<p>&nbsp;<\/p>\n","protected":false},"excerpt":{"rendered":"<p>Netflix, \u00c7a\u011fatay Ulusoy&#8216;un 2018 y\u0131l\u0131nda oynayaca\u011f\u0131 yeni dizisinin ad\u0131n\u0131 iki hafta \u00f6nce a\u00e7\u0131klad\u0131 ama, bu isim sevenlerini memnun etmedi. &#8220;United \u0130stanbul&#8221; olarak a\u00e7\u0131klanan bu dizi isimi be\u011fenilmedi. \u0130sim yanl\u0131\u015f ifade edildi. &#8220;Utitled&#8221; as\u0131l\u0131nda isim belirlenmedi anlam\u0131nda kullan\u0131ld\u0131. \u0130lerleyen g\u00fcnlerde, \u0130stanbul&#8217;de \u00e7ekilecek bu dizinin ismi belirlenecek ve as\u0131l isim a\u00e7\u0131klanacakt\u0131r. N. \u0130pek G\u00f6kdel&#8217;in &#8220;Karakalem ve Bir [&hellip;]<\/p>\n","protected":false},"author":3,"featured_media":21166,"comment_status":"open","ping_status":"open","sticky":false,"template":"","format":"standard","meta":{"footnotes":""},"categories":[2],"tags":[42,1479,1608,15,19,1219,16,1481,1478,1609],"class_list":["post-21164","post","type-post","status-publish","format-standard","has-post-thumbnail","hentry","category-tv-programlari","tag-adini-feriha-koydum","tag-bir-delikanlinin-tuhaf-hikayesi","tag-burcu-biricik","tag-cagatay-ulusoy","tag-hazal-kaya","tag-icerde","tag-medcezir","tag-n-ipek-gokdel","tag-netflix","tag-united-istanbul"],"views":4605,"blog_post_layout_featured_media_urls":{"thumbnail":["https:\/\/balcilar-blog.com\/wp-content\/uploads\/2017\/12\/DP9pn6DW0AAk9hT-150x150.jpg",150,150,true],"full":["https:\/\/balcilar-blog.com\/wp-content\/uploads\/2017\/12\/DP9pn6DW0AAk9hT.jpg",640,360,false]},"categories_names":{"2":{"name":"TV Programlar\u0131","link":"https:\/\/balcilar-blog.com\/?cat=2"}},"tags_names":{"42":{"name":"Ad\u0131n\u0131 Feriha Koydum","link":"https:\/\/balcilar-blog.com\/?tag=adini-feriha-koydum"},"1479":{"name":"Bir delikanl\u0131n\u0131n tuhaf hikayesi","link":"https:\/\/balcilar-blog.com\/?tag=bir-delikanlinin-tuhaf-hikayesi"},"1608":{"name":"Burcu Biricik","link":"https:\/\/balcilar-blog.com\/?tag=burcu-biricik"},"15":{"name":"\u00e7a\u011fatay ulusoy","link":"https:\/\/balcilar-blog.com\/?tag=cagatay-ulusoy"},"19":{"name":"Hazal Kaya","link":"https:\/\/balcilar-blog.com\/?tag=hazal-kaya"},"1219":{"name":"\u0130\u00c7ERDE","link":"https:\/\/balcilar-blog.com\/?tag=icerde"},"16":{"name":"medcezir","link":"https:\/\/balcilar-blog.com\/?tag=medcezir"},"1481":{"name":"N.\u0130pek G\u00f6kdel","link":"https:\/\/balcilar-blog.com\/?tag=n-ipek-gokdel"},"1478":{"name":"Netflix","link":"https:\/\/balcilar-blog.com\/?tag=netflix"},"1609":{"name":"United \u0130stanbul","link":"https:\/\/balcilar-blog.com\/?tag=united-istanbul"}},"comments_number":"0","wpmagazine_modules_lite_featured_media_urls":{"thumbnail":["https:\/\/balcilar-blog.com\/wp-content\/uploads\/2017\/12\/DP9pn6DW0AAk9hT-150x150.jpg",150,150,true],"cvmm-medium":["https:\/\/balcilar-blog.com\/wp-content\/uploads\/2017\/12\/DP9pn6DW0AAk9hT.jpg",300,169,false],"cvmm-medium-plus":["https:\/\/balcilar-blog.com\/wp-content\/uploads\/2017\/12\/DP9pn6DW0AAk9hT.jpg",305,172,false],"cvmm-portrait":["https:\/\/balcilar-blog.com\/wp-content\/uploads\/2017\/12\/DP9pn6DW0AAk9hT.jpg",400,225,false],"cvmm-medium-square":["https:\/\/balcilar-blog.com\/wp-content\/uploads\/2017\/12\/DP9pn6DW0AAk9hT.jpg",600,338,false],"cvmm-large":["https:\/\/balcilar-blog.com\/wp-content\/uploads\/2017\/12\/DP9pn6DW0AAk9hT.jpg",640,360,false],"cvmm-small":["https:\/\/balcilar-blog.com\/wp-content\/uploads\/2017\/12\/DP9pn6DW0AAk9hT.jpg",130,73,false],"full":["https:\/\/balcilar-blog.com\/wp-content\/uploads\/2017\/12\/DP9pn6DW0AAk9hT.jpg",640,360,false]},"_links":{"self":[{"href":"https:\/\/balcilar-blog.com\/index.php?rest_route=\/wp\/v2\/posts\/21164","targetHints":{"allow":["GET"]}}],"collection":[{"href":"https:\/\/balcilar-blog.com\/index.php?rest_route=\/wp\/v2\/posts"}],"about":[{"href":"https:\/\/balcilar-blog.com\/index.php?rest_route=\/wp\/v2\/types\/post"}],"author":[{"embeddable":true,"href":"https:\/\/balcilar-blog.com\/index.php?rest_route=\/wp\/v2\/users\/3"}],"replies":[{"embeddable":true,"href":"https:\/\/balcilar-blog.com\/index.php?rest_route=%2Fwp%2Fv2%2Fcomments&post=21164"}],"version-history":[{"count":11,"href":"https:\/\/balcilar-blog.com\/index.php?rest_route=\/wp\/v2\/posts\/21164\/revisions"}],"predecessor-version":[{"id":21193,"href":"https:\/\/balcilar-blog.com\/index.php?rest_route=\/wp\/v2\/posts\/21164\/revisions\/21193"}],"wp:featuredmedia":[{"embeddable":true,"href":"https:\/\/balcilar-blog.com\/index.php?rest_route=\/wp\/v2\/media\/21166"}],"wp:attachment":[{"href":"https:\/\/balcilar-blog.com\/index.php?rest_route=%2Fwp%2Fv2%2Fmedia&parent=21164"}],"wp:term":[{"taxonomy":"category","embeddable":true,"href":"https:\/\/balcilar-blog.com\/index.php?rest_route=%2Fwp%2Fv2%2Fcategories&post=21164"},{"taxonomy":"post_tag","embeddable":true,"href":"https:\/\/balcilar-blog.com\/index.php?rest_route=%2Fwp%2Fv2%2Ftags&post=21164"}],"curies":[{"name":"wp","href":"https:\/\/api.w.org\/{rel}","templated":true}]}}