{"id":20961,"date":"2017-11-18T18:13:49","date_gmt":"2017-11-18T16:13:49","guid":{"rendered":"http:\/\/balcilar-blog.com\/?p=20961"},"modified":"2017-11-18T18:13:49","modified_gmt":"2017-11-18T16:13:49","slug":"cagatay-ulusoy-hazal-kaya-firtinasina-cozum-araniyor","status":"publish","type":"post","link":"https:\/\/balcilar-blog.com\/?p=20961","title":{"rendered":"\u00c7a\u011fatay Ulusoy &#038; Hazal Kaya F\u0131rt\u0131nas\u0131na \u00c7\u00f6z\u00fcm Aran\u0131yor!"},"content":{"rendered":"<p><img loading=\"lazy\" decoding=\"async\" class=\"alignnone size-full wp-image-20965\" src=\"http:\/\/balcilar-blog.com\/wp-content\/uploads\/2017\/11\/large-afk..jpg\" alt=\"\" width=\"640\" height=\"392\" srcset=\"https:\/\/balcilar-blog.com\/wp-content\/uploads\/2017\/11\/large-afk..jpg 640w, https:\/\/balcilar-blog.com\/wp-content\/uploads\/2017\/11\/large-afk.-300x184.jpg 300w\" sizes=\"auto, (max-width: 640px) 100vw, 640px\" \/><\/p>\n<p>G\u00fcn yok ki Sosyal Medyada, Magazin Bas\u0131n\u0131nda, Instagramda, Twitter da Blog yaz\u0131lar\u0131nda \u00c7a\u011fatay Ulusoy ve Hazal Kaya ile ilgili yaz\u0131 \u00e7\u0131kmas\u0131n.<\/p>\n<p>D\u00fcnk\u00fc Milliyet Blog yaz\u0131lar\u0131nda Ece Er&#8217;in &#8220;Hazal Kaya &#8211; \u00c7a\u011fatay Ulusoy Latin Amerika Ate\u015fi 4 K\u0131tay\u0131 Sard\u0131&#8221; ba\u015fl\u0131\u011f\u0131 alt\u0131nda bir yaz\u0131 \u00e7\u0131kt\u0131. Bu iki sanat\u00e7\u0131m\u0131z\u0131n 2011&#8217;de Show Tv&#8217;de g\u00f6sterilen &#8220;Ad\u0131n\u0131 Feriha Koydum&#8221; dizisinde oynamalar\u0131 ve aralar\u0131ndaki Feriha &#8211; Emir a\u015fk\u0131 izleyiciyi o kadar \u00e7ok i\u00e7ine alm\u0131\u015f ki unutulmuyor. O g\u00fcnlerden bu yana 6 y\u0131l ge\u00e7mesine ra\u011fmen, bu sevgi \u00dclkemiz d\u0131\u015f\u0131na ta\u015fm\u0131\u015f, b\u00fct\u00fcn d\u00fcnyay\u0131 sarm\u0131\u015ft\u0131r. Sevenleri \u00e7\u0131\u011f gibi artm\u0131\u015ft\u0131r. \u0130\u015fte bu fanlar iki sanat\u00e7\u0131y\u0131 tekrar bir arada g\u00f6rmek istemekte, tekrar yeni bir projede birlikte olmalar\u0131n\u0131 istemekte, bunun i\u00e7in Twitter da WTT yapmaktad\u0131rlar. Bu saatlerde, Latin Amerika, Orta Amerika, Pakistan, Hindistan, Orta Do\u011fu \u00dclkeleri, S\u0131rbistan, Romanya, Bulgaristan, Yunanistan ve \u0130spanya gibi bir \u00e7ok \u00fclkede m\u00fc\u015fterek Twitter d\u00fczenliyor, seslerini yap\u0131mc\u0131lara duyurmak istiyorlar.<\/p>\n<p>Sa\u011f olsun Ece Er onlar\u0131n bu \u00e7\u0131\u011fl\u0131klar\u0131n\u0131 duyurmak i\u00e7in yaz\u0131lar yazmaya devam ediyor. Benden de destek olmam\u0131 hep istediler. Yaz\u0131lar\u0131mla destek olmaya \u00e7al\u0131\u015ft\u0131m, Twitter da seslerini duyurmalar\u0131n\u0131 yard\u0131mc\u0131 oldum. Hazal Kaya ve \u00c7a\u011fatay Ulusoy hayran\u0131 olarak ben de form\u00fcl arad\u0131m. \u00c7ok kafa yordum.<\/p>\n<p>&nbsp;<\/p>\n<p><img loading=\"lazy\" decoding=\"async\" class=\"alignnone size-full wp-image-20967\" src=\"http:\/\/balcilar-blog.com\/wp-content\/uploads\/2017\/11\/adini-feriha-koydum-tv2.jpg\" alt=\"\" width=\"640\" height=\"359\" srcset=\"https:\/\/balcilar-blog.com\/wp-content\/uploads\/2017\/11\/adini-feriha-koydum-tv2.jpg 640w, https:\/\/balcilar-blog.com\/wp-content\/uploads\/2017\/11\/adini-feriha-koydum-tv2-300x168.jpg 300w\" sizes=\"auto, (max-width: 640px) 100vw, 640px\" \/><\/p>\n<p>\u00c7ok a\u00e7\u0131k s\u00f6ylemek gerekirse; \u00c7a\u011fatay Ulusoy ve Hazal Kaya&#8217;n\u0131n yeni bir projede oynasalar da, o projenin AFK&#8217;daki Emir &amp; Feriha a\u015fk\u0131n\u0131n g\u00f6lgesinde kalaca\u011f\u0131n\u0131 d\u00fc\u015f\u00fcn\u00fcyorum. &#8220;Ad\u0131n\u0131 Feriha Koydum&#8221; dizisinde \u00c7a\u011fatay ve Hazal o kadar inand\u0131r\u0131c\u0131 ve de i\u00e7ten oynam\u0131\u015flard\u0131 ki, izleyici yeni projede oynayacaklar\u0131n yeni karakterleri zor kabul edecekler. Bir y\u0131l \u00f6nce &#8216;A.Kavlak&#8217; adl\u0131 bir okuyucum bir iddias\u0131n\u0131 bana yazm\u0131\u015ft\u0131. AFK&#8217;da \u00c7a\u011fatay Ulusoy ile Hazal Kaya aras\u0131nda ger\u00e7ek a\u015fk var m\u0131yd\u0131?&#8221; D\u00fc\u015f\u00fcn\u00fcn o kadar inand\u0131r\u0131c\u0131 oynam\u0131\u015flar ki? Akla gelen ancak a\u015fk olabilirdi. Bu nedenle olacak ki, izleyici onlar\u0131 \u00e7ok sevmi\u015f, 6 y\u0131l ge\u00e7mesine ra\u011fmen hala unutam\u0131yorlar.<\/p>\n<p><img loading=\"lazy\" decoding=\"async\" class=\"alignnone size-full wp-image-20966\" src=\"http:\/\/balcilar-blog.com\/wp-content\/uploads\/2017\/11\/yQ0aXM-v.jpg\" alt=\"\" width=\"561\" height=\"480\" srcset=\"https:\/\/balcilar-blog.com\/wp-content\/uploads\/2017\/11\/yQ0aXM-v.jpg 561w, https:\/\/balcilar-blog.com\/wp-content\/uploads\/2017\/11\/yQ0aXM-v-300x257.jpg 300w\" sizes=\"auto, (max-width: 561px) 100vw, 561px\" \/><\/p>\n<p>Tek bir \u00e7\u00f6z\u00fcm var! Med Yap\u0131m tekrar ortaya \u00e7\u0131kacak AFK&#8217;n\u0131n 67.b\u00f6l\u00fcm\u00fcnden sonras\u0131n\u0131 final b\u00f6l\u00fcm\u00fcn\u00fc sinema filmi olarak tekrar \u00e7ekecekler. Ya da bir babayi\u011fit yap\u0131mc\u0131 ortaya \u00e7\u0131kacak, Med Yap\u0131mdan telif haklar\u0131n\u0131 \u00f6deyecek ve Hazal Kaya ile \u00c7a\u011fatay Ulusoy ile anla\u015farak bu filmi \u00e7ekecektir. Mutlu son ile bitecek bir sinema filmi ortaya \u00e7\u0131kacakt\u0131r. \u00dclkemizdeki milyonlarca izleyici ve d\u00fcnya \u00fclkelerindeki sevenleri memnun edilecektir. Yoksa bu Haz\u00e7a\u011f sevgisi \u00e7\u0131\u011f gibi b\u00fcy\u00fcyerek devam edecektir.<\/p>\n<p>Bana g\u00f6re tek \u00e7\u00f6z\u00fcm bu&#8230; \u00c7a\u011fatay Ulusoy \u00f6n\u00fcm\u00fczdeki y\u0131llarda planlar\u0131n\u0131 yapm\u0131\u015f, Netflix ile yeni projede anla\u015fm\u0131\u015ft\u0131r. Di\u011fer taraftan Hazal Kaya da, \u015fu s\u0131ralar devam eden &#8220;Bizim Hikaye&#8221; dizisi ile, iyi yoldad\u0131r.<\/p>\n<p>Laf\u0131n k\u0131sasa olmayacak duaya amin demeyelim. Yap\u0131mc\u0131lar da bunu biliyorlar. Niye kendilerine kazand\u0131racaklar\u0131 bir projeye evet demesinler.<\/p>\n<p>Tek \u00e7\u00f6z\u00fcm \u00f6n\u00fcm\u00fczdeki yaz bir sinema filmi ile bu i\u015fe noktay\u0131 koymak olacakt\u0131r.<\/p>\n<p><img loading=\"lazy\" decoding=\"async\" class=\"alignnone size-full wp-image-20964\" src=\"http:\/\/balcilar-blog.com\/wp-content\/uploads\/2017\/11\/adiniferihakoydum5.jpg\" alt=\"\" width=\"640\" height=\"427\" srcset=\"https:\/\/balcilar-blog.com\/wp-content\/uploads\/2017\/11\/adiniferihakoydum5.jpg 640w, https:\/\/balcilar-blog.com\/wp-content\/uploads\/2017\/11\/adiniferihakoydum5-300x200.jpg 300w\" sizes=\"auto, (max-width: 640px) 100vw, 640px\" \/><\/p>\n<p>B\u00f6ylece milyonlarca izleyici de memnun olacak ve \u00c7a\u011fatay Ulusoy da, Hazal Kaya da mutlu olacakt\u0131r. &#8220;Ad\u0131n\u0131 Feriha Koydum&#8221; dizisi de mutlu sona ba\u011flanm\u0131\u015f olacakt\u0131r.<\/p>\n<p>Her \u015fey g\u00f6nl\u00fcn\u00fczce, mutlu son olsun.<\/p>\n<p>Sayg\u0131lar ve sevgiler.<\/p>\n<p>Abdurrahman Balc\u0131lar<\/p>\n<p>Twitter:\u00a0<a href=\"https:\/\/twitter.com\/abbalcilar\">abdurrahman balc\u0131lar<\/a><a href=\"https:\/\/twitter.com\/abbalcilar\"><strong>@abbalcilar<\/strong><\/a><\/p>\n<p>Mail :\u00a0<a href=\"mailto:ab.balcilar@hotmail.com\">ab.balcilar@hotmail.com<\/a><\/p>\n<p>Blog:\u00a0<a href=\"http:\/\/t.co\/znqmIZgIqn\">blog.milliyet.com.tr\/cansever<\/a><\/p>\n<p>Blog:\u00a0<a href=\"http:\/\/balcilar-blog.com\/\">Abdurrahman Balc\u0131lar Blog Sayfas\u0131<\/a><\/p>\n<p>&nbsp;<\/p>\n<p><strong>*\u015eahsi Blog sayfamda ve Milliyet Blog\u2019da yay\u0131nlanan blog yaz\u0131lar\u0131 b\u00fcy\u00fck bir \u00e7al\u0131\u015fman\u0131n \u00fcr\u00fcn\u00fc olup, izinsiz ya da kaynak g\u00f6stermeden al\u0131nt\u0131 yap\u0131lamaz. Aksi halde kanuni i\u015flem yap\u0131l\u0131r.<\/strong><\/p>\n","protected":false},"excerpt":{"rendered":"<p>G\u00fcn yok ki Sosyal Medyada, Magazin Bas\u0131n\u0131nda, Instagramda, Twitter da Blog yaz\u0131lar\u0131nda \u00c7a\u011fatay Ulusoy ve Hazal Kaya ile ilgili yaz\u0131 \u00e7\u0131kmas\u0131n. D\u00fcnk\u00fc Milliyet Blog yaz\u0131lar\u0131nda Ece Er&#8217;in &#8220;Hazal Kaya &#8211; \u00c7a\u011fatay Ulusoy Latin Amerika Ate\u015fi 4 K\u0131tay\u0131 Sard\u0131&#8221; ba\u015fl\u0131\u011f\u0131 alt\u0131nda bir yaz\u0131 \u00e7\u0131kt\u0131. Bu iki sanat\u00e7\u0131m\u0131z\u0131n 2011&#8217;de Show Tv&#8217;de g\u00f6sterilen &#8220;Ad\u0131n\u0131 Feriha Koydum&#8221; dizisinde oynamalar\u0131 [&hellip;]<\/p>\n","protected":false},"author":3,"featured_media":20965,"comment_status":"open","ping_status":"open","sticky":false,"template":"","format":"standard","meta":{"footnotes":""},"categories":[2],"tags":[42,128,15,1587,19,383,405],"class_list":["post-20961","post","type-post","status-publish","format-standard","has-post-thumbnail","hentry","category-tv-programlari","tag-adini-feriha-koydum","tag-afk","tag-cagatay-ulusoy","tag-ece-er","tag-hazal-kaya","tag-med-yapim","tag-sinema-filmi"],"views":3515,"blog_post_layout_featured_media_urls":{"thumbnail":["https:\/\/balcilar-blog.com\/wp-content\/uploads\/2017\/11\/large-afk.-150x150.jpg",150,150,true],"full":["https:\/\/balcilar-blog.com\/wp-content\/uploads\/2017\/11\/large-afk..jpg",640,392,false]},"categories_names":{"2":{"name":"TV Programlar\u0131","link":"https:\/\/balcilar-blog.com\/?cat=2"}},"tags_names":{"42":{"name":"Ad\u0131n\u0131 Feriha Koydum","link":"https:\/\/balcilar-blog.com\/?tag=adini-feriha-koydum"},"128":{"name":"AFK","link":"https:\/\/balcilar-blog.com\/?tag=afk"},"15":{"name":"\u00e7a\u011fatay ulusoy","link":"https:\/\/balcilar-blog.com\/?tag=cagatay-ulusoy"},"1587":{"name":"Ece Er","link":"https:\/\/balcilar-blog.com\/?tag=ece-er"},"19":{"name":"Hazal Kaya","link":"https:\/\/balcilar-blog.com\/?tag=hazal-kaya"},"383":{"name":"Med Yap\u0131m","link":"https:\/\/balcilar-blog.com\/?tag=med-yapim"},"405":{"name":"Sinema Filmi","link":"https:\/\/balcilar-blog.com\/?tag=sinema-filmi"}},"comments_number":"0","wpmagazine_modules_lite_featured_media_urls":{"thumbnail":["https:\/\/balcilar-blog.com\/wp-content\/uploads\/2017\/11\/large-afk.-150x150.jpg",150,150,true],"cvmm-medium":["https:\/\/balcilar-blog.com\/wp-content\/uploads\/2017\/11\/large-afk..jpg",300,184,false],"cvmm-medium-plus":["https:\/\/balcilar-blog.com\/wp-content\/uploads\/2017\/11\/large-afk..jpg",305,187,false],"cvmm-portrait":["https:\/\/balcilar-blog.com\/wp-content\/uploads\/2017\/11\/large-afk..jpg",400,245,false],"cvmm-medium-square":["https:\/\/balcilar-blog.com\/wp-content\/uploads\/2017\/11\/large-afk..jpg",600,368,false],"cvmm-large":["https:\/\/balcilar-blog.com\/wp-content\/uploads\/2017\/11\/large-afk..jpg",640,392,false],"cvmm-small":["https:\/\/balcilar-blog.com\/wp-content\/uploads\/2017\/11\/large-afk..jpg",130,80,false],"full":["https:\/\/balcilar-blog.com\/wp-content\/uploads\/2017\/11\/large-afk..jpg",640,392,false]},"_links":{"self":[{"href":"https:\/\/balcilar-blog.com\/index.php?rest_route=\/wp\/v2\/posts\/20961","targetHints":{"allow":["GET"]}}],"collection":[{"href":"https:\/\/balcilar-blog.com\/index.php?rest_route=\/wp\/v2\/posts"}],"about":[{"href":"https:\/\/balcilar-blog.com\/index.php?rest_route=\/wp\/v2\/types\/post"}],"author":[{"embeddable":true,"href":"https:\/\/balcilar-blog.com\/index.php?rest_route=\/wp\/v2\/users\/3"}],"replies":[{"embeddable":true,"href":"https:\/\/balcilar-blog.com\/index.php?rest_route=%2Fwp%2Fv2%2Fcomments&post=20961"}],"version-history":[{"count":4,"href":"https:\/\/balcilar-blog.com\/index.php?rest_route=\/wp\/v2\/posts\/20961\/revisions"}],"predecessor-version":[{"id":20969,"href":"https:\/\/balcilar-blog.com\/index.php?rest_route=\/wp\/v2\/posts\/20961\/revisions\/20969"}],"wp:featuredmedia":[{"embeddable":true,"href":"https:\/\/balcilar-blog.com\/index.php?rest_route=\/wp\/v2\/media\/20965"}],"wp:attachment":[{"href":"https:\/\/balcilar-blog.com\/index.php?rest_route=%2Fwp%2Fv2%2Fmedia&parent=20961"}],"wp:term":[{"taxonomy":"category","embeddable":true,"href":"https:\/\/balcilar-blog.com\/index.php?rest_route=%2Fwp%2Fv2%2Fcategories&post=20961"},{"taxonomy":"post_tag","embeddable":true,"href":"https:\/\/balcilar-blog.com\/index.php?rest_route=%2Fwp%2Fv2%2Ftags&post=20961"}],"curies":[{"name":"wp","href":"https:\/\/api.w.org\/{rel}","templated":true}]}}