{"id":20926,"date":"2017-11-13T15:19:49","date_gmt":"2017-11-13T13:19:49","guid":{"rendered":"http:\/\/balcilar-blog.com\/?p=20926"},"modified":"2017-11-13T15:19:49","modified_gmt":"2017-11-13T13:19:49","slug":"gecen-haftanin-06-12-kasim-2017-en-cok-izlenen-dizileri","status":"publish","type":"post","link":"https:\/\/balcilar-blog.com\/?p=20926","title":{"rendered":"Ge\u00e7en Haftan\u0131n (06 &#8211; 12 Kas\u0131m 2017) en \u00e7ok izlenen dizileri!"},"content":{"rendered":"<p><img loading=\"lazy\" decoding=\"async\" class=\"alignnone size-full wp-image-20934\" src=\"http:\/\/balcilar-blog.com\/wp-content\/uploads\/2017\/11\/cats-13-KASIM.jpg\" alt=\"\" width=\"640\" height=\"358\" srcset=\"https:\/\/balcilar-blog.com\/wp-content\/uploads\/2017\/11\/cats-13-KASIM.jpg 640w, https:\/\/balcilar-blog.com\/wp-content\/uploads\/2017\/11\/cats-13-KASIM-300x168.jpg 300w\" sizes=\"auto, (max-width: 640px) 100vw, 640px\" \/><\/p>\n<p>&nbsp;<\/p>\n<p>TNS \u00f6l\u00e7\u00fcmlerine g\u00f6re haz\u0131rlad\u0131\u011f\u0131m<strong> 06 &#8211; 12 Kas\u0131m 2017<\/strong> Tarihleri aras\u0131nda en \u00e7ok seyredilen alt\u0131 Ulusal kanallar\u0131m\u0131zda ekranlar\u0131m\u0131za gelen 35 dizi aras\u0131nda, Total\u2019de ve AB\u2019de ilk ona giren, haftan\u0131n dizi karnesini a\u015fa\u011f\u0131da bilgilerinize sunuyorum.<\/p>\n<p><strong>Ge\u00e7en Hafta G\u00f6sterimdeki Diziler :<\/strong><\/p>\n<p>S\u00f6z, K\u0131rg\u0131n \u00c7i\u00e7ekler, Siyah Beyaz, \u00c7ukur, E\u015fk\u0131ya D\u00fcnyaya H\u00fck\u00fcmdar Olmaz, Tutsak,\u00a0 Kad\u0131n, Ufak Tefek Cinayetler, Dirili\u015f Ertu\u011frul, Meryem, Seven Ne Yapmaz, Hayat S\u0131rlar\u0131, Nerdesin Birader (yeni), Bizim Hikaye, Kanats\u0131z Ku\u015flar,\u00a0 Siyah \u0130nci, A\u015fk ve Mavi, \u015eevkat Yerimdar, Arka Sokaklar, Kalp At\u0131\u015f\u0131, \u0130stanbullu Gelin, Payitaht Abd\u00fclhamit, Kalbimdeki Deniz, Fazilet Han\u0131m ve K\u0131zlar\u0131, Yeni Gelin, Yalaza, \u0130simsizler, Sava\u015f\u00e7\u0131, \u00c7ocuklar Duymas\u0131n, Cennetin G\u00f6z Ya\u015flar\u0131, Dolunay, Klavye Delikanl\u0131lar\u0131, Aslan Ailem ve Bahtiyar \u00d6lmez (Yeni) dizilerinin yeni b\u00f6l\u00fcmleri yay\u0131nland\u0131.<\/p>\n<p><strong>Haftan\u0131n dizilerinde ;<\/strong><\/p>\n<p><strong>Total\u2019in ilk s\u0131ras\u0131nda<\/strong> bu hafta TRT1\u2019in Dirili\u015f Ertu\u011frul, 13,66 reyting puan\u0131 ile bu hafta yeni sezondaki 94. b\u00f6l\u00fcm\u00fcnde birinci s\u0131rada yer ald\u0131.Total\u2019in 10.s\u0131ras\u0131nda Fox Tv&#8217;nin \u2018Bizim Hikaye\u2019 9.b\u00f6l\u00fcm\u00fcnde ald\u0131\u011f\u0131 6,45 puanla 1o. s\u0131rada yer al\u0131yor.<\/p>\n<p><strong>AB\u2019nin ilk s\u0131ras\u0131nda<\/strong>, TRT1\u2019in\u00a0Dirili\u015f Ertu\u011frul dizisi\u00a0 bu hafta 94 b\u00f6l\u00fcmde ald\u0131\u011f\u0131 17,07 gibi y\u00fcksek bir puanla birinci s\u0131rada yer alm\u0131\u015ft\u0131r. Fox Tv\u2019nin Bizim Hikaye Total&#8217;de 0ldu\u011fu gibi 9.haftas\u0131nda AB\u2019de de ald\u0131\u011f\u0131 5,39 puanla 10.s\u0131rada yer ald\u0131.<\/p>\n<p><strong>TUTSAK F\u0130NAL YAPIYOR :<\/strong><\/p>\n<p>Kanal D&#8217;nin yen,i dizilerinden Tutsak 9.b\u00f6l\u00fcm\u00fcnde (14 Kas\u0131m ak\u015fam\u0131) final yap\u0131yor. \u0130lgin\u00e7 bir dizi olmas\u0131na ra\u011fmen, reytinglerde ba\u015far\u0131l\u0131 olamad\u0131 ve finale gidiyor.<\/p>\n<p><img loading=\"lazy\" decoding=\"async\" class=\"alignnone size-full wp-image-20933\" src=\"http:\/\/balcilar-blog.com\/wp-content\/uploads\/2017\/11\/tutsak.jpg\" alt=\"\" width=\"640\" height=\"427\" srcset=\"https:\/\/balcilar-blog.com\/wp-content\/uploads\/2017\/11\/tutsak.jpg 640w, https:\/\/balcilar-blog.com\/wp-content\/uploads\/2017\/11\/tutsak-300x200.jpg 300w\" sizes=\"auto, (max-width: 640px) 100vw, 640px\" \/><\/p>\n<p>Hayata umutla bakan, ne\u015feli, masum, gururlu ve g\u00fczel bir gen\u00e7 k\u0131z olan Elif, ailesinin \u00f6l\u00fcm\u00fcyle amcas\u0131 taraf\u0131ndan kendisinden 30 ya\u015f b\u00fcy\u00fck bir adamla zorla evlendirilmi\u015ftir. Elif, kocas\u0131 Sadullah\u2019\u0131n tehdidi alt\u0131nda evden d\u0131\u015far\u0131 bile \u00e7\u0131kamad\u0131\u011f\u0131 bir \u201ctutsak\u201d hayat\u0131 ya\u015famaktad\u0131r. G\u00fcrhan Ailesi\u2019nin karanl\u0131k s\u0131rlar\u0131n\u0131 kullanarak aileye \u015fantaj yapan Sadullah\u2019\u0131n ortadan kaybolmas\u0131yla, Elif tamamen yabanc\u0131 oldu\u011fu bir d\u00fcnyada yapayaln\u0131z kal\u0131r. G\u00fcrhan Ailesi\u2019nin yan\u0131nda \u015fof\u00f6rl\u00fck yapan Bahad\u0131r\u2019\u0131n ona uzatt\u0131\u011f\u0131 yard\u0131m eli, Elif\u2019in bilinmezliklerle dolu bir d\u00fcnyaya ad\u0131m atmas\u0131na neden olur. Ailenin ihti\u015faml\u0131 kona\u011f\u0131nda \u00e7al\u0131\u015fmaya ba\u015flayan Elif, \u00e7evresini saran s\u0131rlarla ve bu s\u0131rlar\u0131 korumak i\u00e7in her \u015feyi yapabilecek aile \u00fcyeleri ve \u00e7al\u0131\u015fanlarla kar\u015f\u0131 kar\u015f\u0131yad\u0131r. Ailenin b\u00fcy\u00fck o\u011flu Kenan\u2019\u0131n ona kar\u015f\u0131 ilgisi ve ilk g\u00fcnden beri ona yard\u0131m eden Bahad\u0131r\u2019\u0131n onu koruma \u00e7abas\u0131 b\u00fct\u00fcn oklar\u0131n Elif\u2019e d\u00f6nmesine yol a\u00e7ar.<\/p>\n<p><strong>KAYIT DI\u015eI (Fox) :<\/strong><\/p>\n<p><img loading=\"lazy\" decoding=\"async\" class=\"alignnone size-full wp-image-20935\" src=\"http:\/\/balcilar-blog.com\/wp-content\/uploads\/2017\/11\/Kayitdisi-4118-galeri-resim-8dcdf545-3288-488a-b65e-d74c9fcc4966.jpg\" alt=\"\" width=\"640\" height=\"360\" srcset=\"https:\/\/balcilar-blog.com\/wp-content\/uploads\/2017\/11\/Kayitdisi-4118-galeri-resim-8dcdf545-3288-488a-b65e-d74c9fcc4966.jpg 640w, https:\/\/balcilar-blog.com\/wp-content\/uploads\/2017\/11\/Kayitdisi-4118-galeri-resim-8dcdf545-3288-488a-b65e-d74c9fcc4966-300x169.jpg 300w\" sizes=\"auto, (max-width: 640px) 100vw, 640px\" \/><\/p>\n<p>Erkan Petekkaya&#8217;n\u0131n yeni dizisi 2 haftad\u0131r yay\u0131nlanm\u0131yor.\u00a0Uluslararas\u0131 ba\u011flant\u0131lar\u0131 olan bir su\u00e7 organizasyonunu \u00e7\u00f6kertmekle g\u00f6revlendirilmi\u015f bir istihbarat ajan\u0131n\u0131n hikayesi. Beklenen ilgiyi g\u00f6rmeyen dizi final yapacak gibi duruyor.<\/p>\n<p>&nbsp;<\/p>\n<p><strong>Bu hafta en \u00e7ok izlenen ilk ona giren dizlere g\u00f6z atal\u0131m.<\/strong><\/p>\n<p>Bu s\u0131ralama sadece dizilerin reytingler y\u00fczdesine g\u00f6re en \u00e7ok izlenen dizilerin ilk 10\u2019da yer alanlar\u0131n\u0131 s\u0131ralamaya koyuyorum. Yar\u0131\u015fma, e\u011flence ve haber programlar\u0131 y\u00fczdeleri y\u00fcksek olsa da bu s\u0131ralamaya koymuyorum. Bu sadece dizilerin yar\u0131\u015f\u0131d\u0131r, en \u00e7ok izlenen dizilerin s\u0131ralamas\u0131d\u0131r. Bir nevi dizilerin karnesidir.<\/p>\n<p>&nbsp;<\/p>\n<p><strong>Ge\u00e7en Haftan\u0131n En \u00c7ok \u0130zlenen Dizileri:<\/strong><\/p>\n<p><strong>Total ilk 10 :<\/strong><\/p>\n<p>1.Dirili\u015f Ertu\u011frul 94.B\u00f6l\u00fcm (TRT1)&#8230;&#8230;&#8230;&#8230;&#8230;&#8230;&#8230;&#8230;&#8230;&#8230;13,66 &#8211; 31,36<\/p>\n<p>2.S\u00f6z 20.B\u00f6l\u00fcm (Star Tv)&#8230;&#8230;&#8230;&#8230;&#8230;&#8230;&#8230;&#8230;&#8230;&#8230;&#8230;&#8230;&#8230;&#8230;&#8230;..11,20 &#8211; 26,22<\/p>\n<p>3-E\u015fk\u0131ya D\u00fcnyaya H\u00fck\u00fcmdar Olmaz 79.B\u00f6l\u00fcm (Atv)&#8230;.8,97 &#8211; 20,47<\/p>\n<p>4.Kad\u0131n 3.B\u00f6l\u00fcm (Fox Tv)&#8230;&#8230;&#8230;&#8230;&#8230;&#8230;&#8230;&#8230;&#8230;&#8230;&#8230;&#8230;&#8230;&#8230;&#8230;&#8230;7,35 &#8211; 16,42<\/p>\n<p>5.Yeni Gelin 24.B\u00f6l\u00fcm (Show Tv)&#8230;&#8230;&#8230;&#8230;&#8230;&#8230;&#8230;&#8230;&#8230;&#8230;&#8230;..6,90 &#8211; 16,95<\/p>\n<p>6.Sava\u015f\u00e7\u0131 20.B\u00f6l\u00fcm (Fox Tv)&#8230;&#8230;&#8230;&#8230;&#8230;&#8230;&#8230;&#8230;&#8230;&#8230;&#8230;&#8230;&#8230;&#8230;.8,89 &#8211; 16,47<\/p>\n<p>7.Kanats\u0131z Ku\u015flar 21.B\u00f6l\u00fcm (Atv)&#8230;&#8230;&#8230;&#8230;&#8230;&#8230;&#8230;&#8230;&#8230;&#8230;&#8230;&#8230;6,70 &#8211; 16,23<\/p>\n<p>8.Arka Sokaklar 456.B\u00f6l\u00fcm (Kanal D)&#8230;&#8230;&#8230;&#8230;&#8230;&#8230;&#8230;&#8230;&#8230;.6,67 &#8211; 15,59<\/p>\n<p>9.\u00c7ukur 3.B\u00f6l\u00fcm (Show Tv)&#8230;&#8230;&#8230;&#8230;&#8230;&#8230;&#8230;&#8230;&#8230;&#8230;&#8230;&#8230;&#8230;&#8230;..6,53 &#8211; 14,56<\/p>\n<p>10.Bizim Hikaye 9.B\u00f6l\u00fcm (Fox Tv)&#8230;&#8230;&#8230;&#8230;&#8230;&#8230;&#8230;&#8230;&#8230;&#8230;&#8230;.6,45 &#8211; 16,74<\/p>\n<p>&nbsp;<\/p>\n<p><strong>AB\u2019de ilk 10 :<\/strong><\/p>\n<p>1-Dirili\u015f Ertu\u011frul 94.B\u00f6l\u00fcm (TRT1)&#8230;&#8230;&#8230;&#8230;&#8230;&#8230;&#8230;&#8230;&#8230;&#8230;17,07 &#8211; 38,96<\/p>\n<p>2.Vatan\u0131m Sensin 32.B\u00f6l\u00fcm (Kanal D)&#8230;&#8230;&#8230;&#8230;&#8230;&#8230;&#8230;&#8230;..9,35 &#8211; 23,41<\/p>\n<p>3.E\u015fk\u0131ya D\u00fcnyaya H\u00fck\u00fcmdar Olmaz 79.B\u00f6l\u00fcm (Atv)&#8230;.8,98 &#8211; 21,75<\/p>\n<p>4.S\u00f6z 20.B\u00f6l\u00fcm (Star Tv)&#8230;&#8230;&#8230;&#8230;&#8230;&#8230;&#8230;&#8230;&#8230;&#8230;&#8230;&#8230;&#8230;&#8230;&#8230;&#8230;.8,71 &#8211; 21,88<\/p>\n<p>5.\u0130stanbullu Gelin 24.B\u00f6l\u00fcm (Star Tv)&#8230;&#8230;&#8230;&#8230;&#8230;&#8230;&#8230;&#8230;&#8230;.8,29 &#8211; 20,74<\/p>\n<p>6.Ufak Tefek Tefek Cinayetler 3.B\u00f6l\u00fcm (Star Tv)&#8230;&#8230;&#8230;..8,13 &#8211; 19,39<\/p>\n<p>7.\u00c7ukur 3.B\u00f6l\u00fcm (Show Tv)&#8230;&#8230;&#8230;&#8230;&#8230;&#8230;&#8230;&#8230;&#8230;&#8230;&#8230;&#8230;&#8230;&#8230;..7,17 &#8211; 17,39<\/p>\n<p>8.Payitaht Abd\u00fclhamit 24.b\u00f6l\u00fcm TRT1)&#8230;&#8230;&#8230;&#8230;&#8230;&#8230;&#8230;..6,22 &#8211; 15,45<\/p>\n<p>9.Kad\u0131n 3.B\u00f6l\u00fcm (Fox Tv)&#8230;&#8230;&#8230;&#8230;&#8230;&#8230;&#8230;&#8230;&#8230;&#8230;&#8230;&#8230;&#8230;&#8230;&#8230;.5,64 &#8211; 13,43<\/p>\n<p>10.Bizim Hikaye 9.B\u00f6l\u00fcm (Fox Tv)&#8230;&#8230;&#8230;&#8230;&#8230;&#8230;&#8230;&#8230;&#8230;&#8230;&#8230;5,39 &#8211; 13,31<\/p>\n<p>&nbsp;<\/p>\n<p>&nbsp;<\/p>\n<p><strong>TOTAL ve AB Grubunda reytingleri en y\u00fcksek olan Haftan\u0131n ilk 5 s\u0131ralamas\u0131 :<\/strong><\/p>\n<p><strong>1.D\u0130R\u0130L\u0130\u015e ERTU\u011eRUL<\/strong> : TRT1&#8217;in reyting rekortmeni dizisi yeni sezonunun 2. haftas\u0131ndaki 94. b\u00f6l\u00fcm\u00fcnde, haftan\u0131n dizileri aras\u0131nda tekrar 17,07 puanla birinci s\u0131radan devam ediyor.<\/p>\n<p><img loading=\"lazy\" decoding=\"async\" class=\"alignnone size-full wp-image-20931\" src=\"http:\/\/balcilar-blog.com\/wp-content\/uploads\/2017\/11\/dirili\u015f-94..jpeg\" alt=\"\" width=\"640\" height=\"354\" srcset=\"https:\/\/balcilar-blog.com\/wp-content\/uploads\/2017\/11\/dirili\u015f-94..jpeg 640w, https:\/\/balcilar-blog.com\/wp-content\/uploads\/2017\/11\/dirili\u015f-94.-300x166.jpeg 300w\" sizes=\"auto, (max-width: 640px) 100vw, 640px\" \/><\/p>\n<p>94.B\u00f6l\u00fcm\u00fcn k\u0131saca \u00f6zeti: K\u00f6le t\u00fcccar\u0131 Simko\u2019nun elinde esir olan Ertu\u011frul, Pitho ve di\u011fer k\u00f6lelerle birlik olup Simko\u2019nun elinden kurtulmay\u0131 ba\u015farm\u0131\u015ft\u0131r. Bu s\u0131rada Ares\u2019in Hanl\u0131 Pazara gelen kervanlar\u0131 ya\u011fmalamas\u0131 i\u00e7in g\u00f6revlendirdi\u011fi e\u015fk\u0131ya ba\u015f\u0131 Mihalis de tesad\u00fcfen Simko ve Ertu\u011frul aras\u0131ndaki kovalamacaya \u015fahit olmu\u015f ve durumu Ares\u2019e bildirmi\u015ftir. Uzun bir kovalamacadan sonra Simko ve adamlar\u0131, Ertu\u011frul ve k\u00f6lelerin \u00f6n\u00fcn\u00fc kesmi\u015f, Ertu\u011frul tam Simko ve adamlar\u0131n\u0131 alt edecekken e\u015fk\u0131ya ba\u015f\u0131 Mihalis de adamlar\u0131yla bask\u0131n yapm\u0131\u015ft\u0131r. \u015eimdi iki d\u00fc\u015fman aras\u0131nda s\u0131k\u0131\u015fan Ertu\u011frul ne yapacak? Onlar\u0131 bertaraf edip obas\u0131na varabilecek mi? Di\u011fer taraftan Kay\u0131 obas\u0131 kar\u0131\u015fm\u0131\u015f, D\u00fcndar\u2019\u0131n Hanl\u0131 Pazar\u2019\u0131 sat\u0131p G\u00fcndo\u011fdu ve Sungur Tekin\u2019in yan\u0131na g\u00f6\u00e7me karar\u0131 obada infial yaratm\u0131\u015ft\u0131. Bu karara kar\u015f\u0131 gelen Artuk Bey de D\u00fcndar\u2019\u0131n t\u00f6reye kar\u015f\u0131 geldi\u011fini, bu durumda beyli\u011finin me\u015fru say\u0131lamayaca\u011f\u0131n\u0131 s\u00f6yleyip beyli\u011fe aday olmu\u015ftu. Bundan sonra Kay\u0131 obas\u0131nda olaylar nas\u0131l geli\u015fecek? Yeniden beylik toyu yap\u0131lacak m\u0131? Yoksa D\u00fcndar\u2019\u0131n karar\u0131na uyulup Hanl\u0131 Pazar sat\u0131lacak ve g\u00f6\u00e7 m\u00fc edilecek? Ertu\u011frul\u2019un ya\u015fad\u0131\u011f\u0131n\u0131 \u00f6\u011frenen Ares\u2019in bundan sonraki plan\u0131 ne olacak? Ertu\u011frul obaya varmadan \u00f6ld\u00fcrebilecek mi? D\u00fcndar\u2019\u0131 Hanl\u0131 Pazar\u2019\u0131 satmas\u0131 ve g\u00f6\u00e7 etmesi i\u00e7in te\u015fvik eden Emir Saadeddin, Hanl\u0131 Pazar\u2019\u0131 almas\u0131 i\u00e7in de Bahad\u0131r Bey\u2019e bir sand\u0131k alt\u0131n vermi\u015fti. Emir Saadeddin bu emeline ula\u015fabilecek mi? Bahad\u0131r Bey, Hanl\u0131 Pazar\u2019\u0131 da sat\u0131n al\u0131p \u00c7avdar beyli\u011fini ele ge\u00e7irebilecek<\/p>\n<p>&nbsp;<\/p>\n<p><strong>2.S\u00d6Z<\/strong> : Star Tv\u2019nin sevilen dizisi S\u00f6z 20.b\u00f6l\u00fcm\u00fcnde Total\u2019de ald\u0131\u011f\u0131 11,20 gibi y\u00fcksek bir puanla haftan\u0131n dizileri aras\u0131nda bu hafta yine 2.s\u0131rada yer ald\u0131.<\/p>\n<p><img loading=\"lazy\" decoding=\"async\" class=\"alignnone size-full wp-image-20929\" src=\"http:\/\/balcilar-blog.com\/wp-content\/uploads\/2017\/11\/76511-s\u00f6z-20.jpg\" alt=\"\" width=\"640\" height=\"426\" srcset=\"https:\/\/balcilar-blog.com\/wp-content\/uploads\/2017\/11\/76511-s\u00f6z-20.jpg 640w, https:\/\/balcilar-blog.com\/wp-content\/uploads\/2017\/11\/76511-s\u00f6z-20-300x200.jpg 300w\" sizes=\"auto, (max-width: 640px) 100vw, 640px\" \/><\/p>\n<p>Yavuz hayati bir tercih yapmak zorunda kal\u0131r&#8230;<br \/>\nYavuz yan\u0131 ba\u015f\u0131ndaki Ag\u00e2h tehlikesinden habersizce robot resmin oldu\u011fu dosyay\u0131 istihbarata ula\u015ft\u0131rmak ister ancak Sancar\u2019\u0131 kurtarmaya gelen ter\u00f6ristler i\u015fleri de\u011fi\u015ftirecektir.<\/p>\n<p>Bu s\u0131rada kar\u0131\u015flar\u0131nda \u00c7olak\u2019\u0131 bulan Tim\u2019i ise uzun bir gece beklemektedir. Bir yanda Sancar\u2019\u0131 teslim etmemek ve hastanedeki sivilleri kurtarmak i\u00e7in u\u011fra\u015fan Yavuz, di\u011fer yanda \u00c7olak\u2019\u0131n restorandan yaratt\u0131\u011f\u0131 tehlikeyi \u00f6nlemek i\u00e7in m\u00fccadele edecektir.<br \/>\nYavuz ve Tim\u2019dekilere ula\u015famayan Bahar, G\u00fcler\u2019in evinde geldi\u011finde yabanc\u0131 bir misafirle kar\u015f\u0131la\u015f\u0131r. Yard\u0131m eli uzatt\u0131klar\u0131 bu misafirin onlar i\u00e7in ba\u015fka planlar\u0131 vard\u0131r. Kafas\u0131ndaki kur\u015funun intikam\u0131n\u0131 almak isteyen \u00c7olak Yavuz\u2019un gelmesini beklemeden yapar hamlesini. Restorandan gelen son telefon Yavuz\u2019u hayati bir tercih yapmak zorunda b\u0131rakacakt\u0131r.<\/p>\n<p>&nbsp;<\/p>\n<p><strong>3.VATANIM SENS\u0130N<\/strong> : Kanal D&#8217;nin Kurtulu\u015f Sava\u015f\u0131 y\u0131llar\u0131nda \u0130zmir&#8217;in i\u015fgal y\u0131llar\u0131 anlat\u0131lan dizide, AB&#8217;de ald\u0131\u011f\u0131 9,35 puanla 2.s\u0131rda yer al\u0131yor.<\/p>\n<p><img loading=\"lazy\" decoding=\"async\" class=\"alignnone size-full wp-image-20928\" src=\"http:\/\/balcilar-blog.com\/wp-content\/uploads\/2017\/11\/5a02afe386857614440f5119.jpg\" alt=\"\" width=\"640\" height=\"425\" srcset=\"https:\/\/balcilar-blog.com\/wp-content\/uploads\/2017\/11\/5a02afe386857614440f5119.jpg 640w, https:\/\/balcilar-blog.com\/wp-content\/uploads\/2017\/11\/5a02afe386857614440f5119-300x199.jpg 300w\" sizes=\"auto, (max-width: 640px) 100vw, 640px\" \/><\/p>\n<p>Sevr Antla\u015fmas\u0131&#8217;n\u0131n maddeleri t\u00fcm Anadolu&#8217;da yank\u0131lan\u0131yor; Cevdet bu kabusu sonland\u0131rabilmek i\u00e7in harekete ge\u00e7meye haz\u0131rlan\u0131yor! Vatan\u0131m Sensin, heyecan dolu yeni sezonuyla ba\u015flad\u0131. Bu cenderenin i\u00e7inde aya\u011fa kalkmaya \u00e7al\u0131\u015fan Cevdet, hem memleketi hem kendisini \u00f6l\u00fcm\u00fcn k\u0131y\u0131s\u0131na getiren yeni bir komplonun ortas\u0131nda kalacakt\u0131r. Sevr&#8217;i kabul etmeyen Ankara h\u00fck\u00fcmetini k\u00f6\u015feye s\u0131k\u0131\u015ft\u0131rmak isteyenler sinsi bir planla T\u00fcrkleri teslim almaya giri\u015firken, Cevdet \u00e7ok ge\u00e7 olmadan bu felaketi engellemek zorundad\u0131r.<\/p>\n<p>&nbsp;<\/p>\n<p><strong>4.E\u015eKIYA D\u00dcNYAYA H\u00dcK\u00dcMDAR OLMAZ<\/strong> : Atv\u2019nin Sal\u0131 ak\u015famlar\u0131 ekranlara gelen macera dizisinin 78.b\u00f6l\u00fcm\u00fcnde Total\u2019de ald\u0131\u011f\u0131 8,87 reyting puan\u0131 ile haftan\u0131n dizileri aras\u0131nda bu hafta yeni sezonunda 3 s\u0131rada yer ald\u0131.<\/p>\n<p><img loading=\"lazy\" decoding=\"async\" class=\"alignnone size-full wp-image-20927\" src=\"http:\/\/balcilar-blog.com\/wp-content\/uploads\/2017\/11\/0x0-79-bolum-foto-galeri-1509952660727.jpg\" alt=\"\" width=\"640\" height=\"378\" srcset=\"https:\/\/balcilar-blog.com\/wp-content\/uploads\/2017\/11\/0x0-79-bolum-foto-galeri-1509952660727.jpg 640w, https:\/\/balcilar-blog.com\/wp-content\/uploads\/2017\/11\/0x0-79-bolum-foto-galeri-1509952660727-300x177.jpg 300w\" sizes=\"auto, (max-width: 640px) 100vw, 640px\" \/><\/p>\n<p>H\u0131z\u0131r \u00c7ak\u0131rbeyli, kurulan komplolar sonucunda tuza\u011fa d\u00fc\u015fer ve kendini cezaevi kap\u0131s\u0131n\u0131n \u00f6n\u00fcnde bulur. Herkes ya namlunun ucunda ya da cezaevi yolundayken hen\u00fcz yakalanmayan Alparslan ve \u0130lyas av olmadan d\u00fc\u015fmanlar\u0131n\u0131 avlaman\u0131n pe\u015findedirler. M\u00fcrsel&#8217;e ula\u015f\u0131p daha fazla can\u0131n yanmas\u0131n\u0131 \u00f6nlemek i\u00e7in giri\u015fecekleri zor bir g\u00f6rev onlar\u0131 bekliyordur. Di\u011fer bir zor g\u00f6rev ise her daim ailesini toparlamay\u0131 kendine vazife bilen Meryem&#8217;e d\u00fc\u015fer. Bu kez yapacaklar\u0131 \u00c7ak\u0131rbeyli hanesini ayakta tutmaya \u00e7al\u0131\u015fmakla s\u0131n\u0131rl\u0131 kalmaz. Ailesine y\u00f6neltilen tehditlere daha fazla g\u00f6z yummayacak, olanlara bir nokta koymak i\u00e7in b\u00fcy\u00fck bir oyun kuracakt\u0131r. D\u00f6rt bir yandan k\u00f6t\u00fc haberler gelmeye devam ederken Ceylan da bo\u015f duramaz. Kad\u0131nlar\u0131n kontrol\u00fc ele ald\u0131\u011f\u0131 g\u00fcnler tahmin edilenden daha hareketli ge\u00e7ecektir.<\/p>\n<p><strong>5.\u0130STANBULLU GEL\u0130N<\/strong> : Star Tv&#8217;nin sevilen dizisi \u0130stanbullu Gelin, AB&#8217;de ald\u0131\u011f\u0131 8,28 reyting puan\u0131 ile haftan\u0131n dizileri aras\u0131nda ilk 4.s\u0131rada yer ald\u0131.<\/p>\n<p><img loading=\"lazy\" decoding=\"async\" class=\"alignnone size-full wp-image-20930\" src=\"http:\/\/balcilar-blog.com\/wp-content\/uploads\/2017\/11\/76562.jpg\" alt=\"\" width=\"640\" height=\"391\" srcset=\"https:\/\/balcilar-blog.com\/wp-content\/uploads\/2017\/11\/76562.jpg 640w, https:\/\/balcilar-blog.com\/wp-content\/uploads\/2017\/11\/76562-300x183.jpg 300w\" sizes=\"auto, (max-width: 640px) 100vw, 640px\" \/><\/p>\n<p>Ya\u015fanan korkun\u00e7 olay sonras\u0131 S\u00fcreyya ve Faruk cehennem azab\u0131 ya\u015famaktad\u0131rlar. Esma, Garip\u2019ten gelen telefonla hayat\u0131n\u0131n en b\u00fcy\u00fck defterini kapatmaya haz\u0131rlan\u0131rken bamba\u015fka bir oyunun i\u00e7ine d\u00fc\u015fer. Ba\u015f\u0131 belaya giren Murat\u2019a ise hi\u00e7 beklemedi\u011fi birisi destek \u00e7\u0131kar. Dilara, Reyhan\u2019\u0131n s\u00f6zlerinden rahats\u0131zd\u0131r. K\u00fc\u00e7\u00fck bir tart\u0131\u015fma, Adem\u2019in evinde inan\u0131lmas\u0131 g\u00fc\u00e7 olaylar\u0131n ya\u015fanmas\u0131na sebep olur. G\u00fcn\u00fcn sonunda Fikret\u2019in yapaca\u011f\u0131 hamle herkes i\u00e7in \u00e7ok tehlikeli olacakt\u0131r.<\/p>\n<p><strong>Her iki kategorinin ilk on\u2019da yer alan dizileri<\/strong> :<\/p>\n<p>S\u00f6z, \u00c7ukur, E\u015fk\u0131ya D\u00fcnyaya H\u00fck\u00fcmdar Olmaz, Kad\u0131n, Dirili\u015f Ertu\u011frul, ve Bizim Hikaye her iki grupta yer alan diziler olmu\u015ftur.<\/p>\n<p>&nbsp;<\/p>\n<p><strong>KANALLARA G\u00d6RE SIRALAMAYA G\u00d6Z ATARSAK:<\/strong><\/p>\n<p>Total grubunda ilk onda: Fox tv. 3 dizi. ATV V ve Show 2 dizi. TRt1, Star ve Kanal D birer dizi ile yer alm\u0131\u015ft\u0131r.<\/p>\n<p>AB\u2019de ilk onda: Star Tv. 3 dizi. TRT1 ve Fox Tv iki\u015fer dizi. Atv, Kanal D ve Show Tv birer\u00a0 dizi ile yer alm\u0131\u015ft\u0131r<\/p>\n<p>Bu haftan\u0131n kanal\u0131;\u00a0 Fox Tv Total&#8217;de 3 dizi ve AB&#8217;de 2 dizi ile Fox Tv. haftan\u0131n kanal\u0131 olmu\u015flard\u0131r.<\/p>\n<p>&nbsp;<\/p>\n<p><strong>HAYAT\u0130 VE D\u0130\u011eERLER\u0130 (Kanal D) :\u00a0<\/strong><\/p>\n<p><img loading=\"lazy\" decoding=\"async\" class=\"alignnone size-full wp-image-20932\" src=\"http:\/\/balcilar-blog.com\/wp-content\/uploads\/2017\/11\/hayati-ve-digerleri.jpg\" alt=\"\" width=\"640\" height=\"427\" srcset=\"https:\/\/balcilar-blog.com\/wp-content\/uploads\/2017\/11\/hayati-ve-digerleri.jpg 640w, https:\/\/balcilar-blog.com\/wp-content\/uploads\/2017\/11\/hayati-ve-digerleri-300x200.jpg 300w\" sizes=\"auto, (max-width: 640px) 100vw, 640px\" \/><\/p>\n<p>Yeni bir polisiye komedi dizisi ba\u015fl\u0131yor. Hayati ve Di\u011ferleri 19 Kas\u0131m Pazar ak\u015fam\u0131 ekranlara geliyor.<\/p>\n<p>Konu:\u00a0\u00a0S\u00fcrg\u00fcn karakolunda ba\u015fkomiserlik yapan Hayati (Celil Nal\u00e7akan), ona her f\u0131rsatta gelin bulmaya \u00e7al\u0131\u015fan annesi \u015e\u00fckran (G\u00fcnay Karacao\u011flu) ve t\u00fcrl\u00fc y\u00f6ntemlerle kolay yoldan k\u00f6\u015feyi d\u00f6nmeye \u00e7al\u0131\u015fan day\u0131s\u0131 Danyal\u2019\u0131n (Levent \u00dclgen) hikayesini konu alan &#8220;Hayati ve Di\u011ferleri&#8221; yak\u0131nda Kanal D\u2019de! Karakolun ad\u0131 \u0130kircikli&#8230; \u0130smi ile m\u00fcstesna bir s\u00fcrg\u00fcn karakolu&#8230; Hakk\u0131nda &#8220;\u0130\u015finde iyi mi? De\u011fil mi?&#8221; karar verilemeyenlerin &#8220;atand\u0131\u011f\u0131&#8221; (s\u00fcrg\u00fcn dense daha do\u011fru olur) bir karakol. Ba\u015far\u0131l\u0131 polis Hayati (Celil Nal\u00e7akan), \u0130kircikli karakoluna Ba\u015fkomiser olarak atan\u0131r! Bu ona \u00f6d\u00fcl m\u00fcd\u00fcr, ceza m\u0131d\u0131r belli de\u011fildir. Hayati&#8217;nin i\u015findeki ba\u015far\u0131s\u0131 oray\u0131 d\u00fczeltmek i\u00e7in yetecek mi? \u0130\u015fte oras\u0131 me\u00e7hul!&#8230; Sab\u0131r!.. Sab\u0131r!&#8230; Sab\u0131r da, sab\u0131r ta\u015f\u0131 da bir noktada \u00e7atl\u0131yor!. Ba\u015fkomiser Hayati&#8217;nin annesi \u015e\u00fckran&#8230; Hayati&#8217;yi bir an \u00f6nce evlendirmek isteyen deli dolu anne \u015e\u00fckran&#8230; Hayati, kendisini hala \u00e7ocuk gibi g\u00f6rmesinden dolay\u0131 annesinden \u015fikayet\u00e7i. Her daim \u015e\u00fckran&#8217;\u0131n bunaltan hamlelerine dayanmaya \u00e7al\u0131\u015f\u0131yor. Az\u0131l\u0131 katillerle, mafya \u00e7eteleriyle, \u00fcnl\u00fc h\u0131rs\u0131zlarla ba\u015f eden Hayati, olay annesi \u015e\u00fckran&#8217;a gelince \u00e7aresiz&#8230;<\/p>\n<p>Sayg\u0131lar ve sevgiler.<\/p>\n<div id=\"mCSB_1_container\" class=\"mCSB_container\" dir=\"ltr\">\n<div class=\"etiket\">\n<p>Abdurrahman Balc\u0131lar<\/p>\n<p>Twitter:\u00a0<a href=\"https:\/\/twitter.com\/abbalcilar\">abdurrahman balc\u0131lar<\/a><a href=\"https:\/\/twitter.com\/abbalcilar\"><strong>@abbalcilar<\/strong><\/a><\/p>\n<p>Mail :\u00a0<a href=\"mailto:ab.balcilar@hotmail.com\">ab.balcilar@hotmail.com<\/a><\/p>\n<p>Blog:\u00a0<a href=\"http:\/\/t.co\/znqmIZgIqn\">blog.milliyet.com.tr\/cansever<\/a><\/p>\n<p>Blog:\u00a0<a href=\"http:\/\/balcilar-blog.com\/\">Abdurrahman Balc\u0131lar Blog Sayfas\u0131<\/a><\/p>\n<p><strong>*\u015eahsi Blog sayfamda ve Milliyet Blog\u2019da yay\u0131nlanan blog yaz\u0131lar\u0131 b\u00fcy\u00fck bir \u00e7al\u0131\u015fman\u0131n \u00fcr\u00fcn\u00fc olup, izinsiz ya da kaynak g\u00f6stermeden al\u0131nt\u0131 yap\u0131lamaz. Aksi halde kanuni i\u015flem yap\u0131l\u0131r.<\/strong><\/p>\n<\/div>\n<\/div>\n<div id=\"mCSB_1_scrollbar_vertical\" class=\"mCSB_scrollTools mCSB_1_scrollbar mCS-light mCSB_scrollTools_vertical\"><\/div>\n","protected":false},"excerpt":{"rendered":"<p>&nbsp; TNS \u00f6l\u00e7\u00fcmlerine g\u00f6re haz\u0131rlad\u0131\u011f\u0131m 06 &#8211; 12 Kas\u0131m 2017 Tarihleri aras\u0131nda en \u00e7ok seyredilen alt\u0131 Ulusal kanallar\u0131m\u0131zda ekranlar\u0131m\u0131za gelen 35 dizi aras\u0131nda, Total\u2019de ve AB\u2019de ilk ona giren, haftan\u0131n dizi karnesini a\u015fa\u011f\u0131da bilgilerinize sunuyorum. Ge\u00e7en Hafta G\u00f6sterimdeki Diziler : S\u00f6z, K\u0131rg\u0131n \u00c7i\u00e7ekler, Siyah Beyaz, \u00c7ukur, E\u015fk\u0131ya D\u00fcnyaya H\u00fck\u00fcmdar Olmaz, Tutsak,\u00a0 Kad\u0131n, Ufak Tefek Cinayetler, [&hellip;]<\/p>\n","protected":false},"author":3,"featured_media":20934,"comment_status":"open","ping_status":"open","sticky":false,"template":"","format":"standard","meta":{"footnotes":""},"categories":[2],"tags":[570,712,801,1582,1375,1416,530,1583,1294],"class_list":["post-20926","post","type-post","status-publish","format-standard","has-post-thumbnail","hentry","category-tv-programlari","tag-dirilis-ertugrul","tag-dizi-reytingleri","tag-eskiya-dunyaya-hukumdar-olmaz","tag-hayati-ve-digerleri","tag-istanbullu-gelin","tag-soz","tag-tns-olcumleri","tag-tutsak","tag-vatanim-sensin"],"views":2658,"blog_post_layout_featured_media_urls":{"thumbnail":["https:\/\/balcilar-blog.com\/wp-content\/uploads\/2017\/11\/cats-13-KASIM-150x150.jpg",150,150,true],"full":["https:\/\/balcilar-blog.com\/wp-content\/uploads\/2017\/11\/cats-13-KASIM.jpg",640,358,false]},"categories_names":{"2":{"name":"TV Programlar\u0131","link":"https:\/\/balcilar-blog.com\/?cat=2"}},"tags_names":{"570":{"name":"dirili\u015f Ertu\u011frul","link":"https:\/\/balcilar-blog.com\/?tag=dirilis-ertugrul"},"712":{"name":"Dizi reytingleri","link":"https:\/\/balcilar-blog.com\/?tag=dizi-reytingleri"},"801":{"name":"E\u015fk\u0131ya D\u00fcnya'ya H\u00fck\u00fcmdar Olmaz","link":"https:\/\/balcilar-blog.com\/?tag=eskiya-dunyaya-hukumdar-olmaz"},"1582":{"name":"Hayati ve Di\u011ferleri","link":"https:\/\/balcilar-blog.com\/?tag=hayati-ve-digerleri"},"1375":{"name":"\u0130stanbullu Gelin","link":"https:\/\/balcilar-blog.com\/?tag=istanbullu-gelin"},"1416":{"name":"S\u00f6z","link":"https:\/\/balcilar-blog.com\/?tag=soz"},"530":{"name":"TNS \u00f6l\u00e7\u00fcmleri","link":"https:\/\/balcilar-blog.com\/?tag=tns-olcumleri"},"1583":{"name":"Tutsak","link":"https:\/\/balcilar-blog.com\/?tag=tutsak"},"1294":{"name":"Vatan\u0131m Sensin","link":"https:\/\/balcilar-blog.com\/?tag=vatanim-sensin"}},"comments_number":"0","wpmagazine_modules_lite_featured_media_urls":{"thumbnail":["https:\/\/balcilar-blog.com\/wp-content\/uploads\/2017\/11\/cats-13-KASIM-150x150.jpg",150,150,true],"cvmm-medium":["https:\/\/balcilar-blog.com\/wp-content\/uploads\/2017\/11\/cats-13-KASIM.jpg",300,168,false],"cvmm-medium-plus":["https:\/\/balcilar-blog.com\/wp-content\/uploads\/2017\/11\/cats-13-KASIM.jpg",305,171,false],"cvmm-portrait":["https:\/\/balcilar-blog.com\/wp-content\/uploads\/2017\/11\/cats-13-KASIM.jpg",400,224,false],"cvmm-medium-square":["https:\/\/balcilar-blog.com\/wp-content\/uploads\/2017\/11\/cats-13-KASIM.jpg",600,336,false],"cvmm-large":["https:\/\/balcilar-blog.com\/wp-content\/uploads\/2017\/11\/cats-13-KASIM.jpg",640,358,false],"cvmm-small":["https:\/\/balcilar-blog.com\/wp-content\/uploads\/2017\/11\/cats-13-KASIM.jpg",130,73,false],"full":["https:\/\/balcilar-blog.com\/wp-content\/uploads\/2017\/11\/cats-13-KASIM.jpg",640,358,false]},"_links":{"self":[{"href":"https:\/\/balcilar-blog.com\/index.php?rest_route=\/wp\/v2\/posts\/20926","targetHints":{"allow":["GET"]}}],"collection":[{"href":"https:\/\/balcilar-blog.com\/index.php?rest_route=\/wp\/v2\/posts"}],"about":[{"href":"https:\/\/balcilar-blog.com\/index.php?rest_route=\/wp\/v2\/types\/post"}],"author":[{"embeddable":true,"href":"https:\/\/balcilar-blog.com\/index.php?rest_route=\/wp\/v2\/users\/3"}],"replies":[{"embeddable":true,"href":"https:\/\/balcilar-blog.com\/index.php?rest_route=%2Fwp%2Fv2%2Fcomments&post=20926"}],"version-history":[{"count":1,"href":"https:\/\/balcilar-blog.com\/index.php?rest_route=\/wp\/v2\/posts\/20926\/revisions"}],"predecessor-version":[{"id":20936,"href":"https:\/\/balcilar-blog.com\/index.php?rest_route=\/wp\/v2\/posts\/20926\/revisions\/20936"}],"wp:featuredmedia":[{"embeddable":true,"href":"https:\/\/balcilar-blog.com\/index.php?rest_route=\/wp\/v2\/media\/20934"}],"wp:attachment":[{"href":"https:\/\/balcilar-blog.com\/index.php?rest_route=%2Fwp%2Fv2%2Fmedia&parent=20926"}],"wp:term":[{"taxonomy":"category","embeddable":true,"href":"https:\/\/balcilar-blog.com\/index.php?rest_route=%2Fwp%2Fv2%2Fcategories&post=20926"},{"taxonomy":"post_tag","embeddable":true,"href":"https:\/\/balcilar-blog.com\/index.php?rest_route=%2Fwp%2Fv2%2Ftags&post=20926"}],"curies":[{"name":"wp","href":"https:\/\/api.w.org\/{rel}","templated":true}]}}