{"id":20908,"date":"2017-11-11T14:58:01","date_gmt":"2017-11-11T12:58:01","guid":{"rendered":"http:\/\/balcilar-blog.com\/?p=20908"},"modified":"2017-11-11T15:37:44","modified_gmt":"2017-11-11T13:37:44","slug":"sener-senden-tam-7-yil-sonra-gelen-sinema-filmi-yol-ayrimi","status":"publish","type":"post","link":"https:\/\/balcilar-blog.com\/?p=20908","title":{"rendered":"\u015eener \u015een&#8217;den tam 7 y\u0131l sonra gelen sinema filmi! Yol Ayr\u0131m\u0131&#8230;"},"content":{"rendered":"<p><img loading=\"lazy\" decoding=\"async\" class=\"alignnone size-full wp-image-20912\" src=\"http:\/\/balcilar-blog.com\/wp-content\/uploads\/2017\/11\/yol-ayrimi-640x360.jpg\" alt=\"\" width=\"640\" height=\"360\" srcset=\"https:\/\/balcilar-blog.com\/wp-content\/uploads\/2017\/11\/yol-ayrimi-640x360.jpg 640w, https:\/\/balcilar-blog.com\/wp-content\/uploads\/2017\/11\/yol-ayrimi-640x360-300x169.jpg 300w\" sizes=\"auto, (max-width: 640px) 100vw, 640px\" \/><\/p>\n<p>Usta oyuncu \u015eener \u015een&#8217;in ba\u015frol\u00fcnde oynad\u0131\u011f\u0131, TMC yap\u0131m&#8217;\u0131n &#8220;Yol Ayr\u0131m\u0131&#8221; filminin galas\u0131 \u00f6nceki ak\u015fam ger\u00e7ekle\u015ftirildi.<\/p>\n<p>\u015eener \u015een, bas\u0131n mensuplar\u0131na yapt\u0131\u011f\u0131 a\u00e7\u0131klamada, &#8220;Av Mevsimi&#8221;nin ard\u0131ndan 7 y\u0131l sonra ilk defa be\u011fenece\u011fi bir senaryo geldi\u011fi i\u00e7in bu filmde rol ald\u0131\u011f\u0131n\u0131 s\u00f6yledi.<\/p>\n<p>Usta oyuncu \u015eener \u015een&#8217;in y\u0131llar \u00f6nce \u00e7ekilmi\u015f olan filmi E\u015fkiya&#8217;\u0131 sinemalarda izlemi\u015ftim. 35 y\u0131l \u00f6nce Cudi da\u011flar\u0131nda bir grup e\u015fkiya yakaland\u0131 ve hapse at\u0131ld\u0131. Y\u0131llar i\u00e7inde kimi hastal\u0131ktan, kimi hesapla\u015fma sonucu \u00f6ld\u00fc. Biri hari\u00e7&#8230; 35 y\u0131l sonra Hapisten \u00e7\u0131k\u0131nca Baran\u2019 \u0131n ilk i\u015fi k\u00f6y\u00fcne d\u00f6nmek olur. Y\u0131llar \u00f6nce hapse girmesine en yak\u0131n arkada\u015f\u0131n\u0131n sebep oldu\u011funu \u00f6\u011frenir. Bu en yak\u0131n arkada\u015f\u0131 onun \u00e7ocukluk a\u015fk\u0131n\u0131 alarak \u0130stanbul\u2019a gitmi\u015ftir. Baran da onu bulmak \u00fczere \u0130stanbul\u2019un yolunu tutar.<br \/>\nYavuz Turgul&#8217;un senaryosunu yaz\u0131p y\u00f6netmenli\u011fini \u00fcstlendi\u011fi T\u00fcrkiye sinemas\u0131n\u0131n unutulmaz filmlerinden E\u015fk\u0131ya&#8217;n\u0131n ba\u015frollerinde \u015eener \u015een, U\u011fur Y\u00fccel, \u015eermin H\u00fcrmeri\u00e7 ve Ye\u015fim Salk\u0131m bulunuyor.<\/p>\n<p><img loading=\"lazy\" decoding=\"async\" class=\"alignnone size-full wp-image-20914\" src=\"http:\/\/balcilar-blog.com\/wp-content\/uploads\/2017\/11\/ESKIYA.png\" alt=\"\" width=\"640\" height=\"320\" srcset=\"https:\/\/balcilar-blog.com\/wp-content\/uploads\/2017\/11\/ESKIYA.png 640w, https:\/\/balcilar-blog.com\/wp-content\/uploads\/2017\/11\/ESKIYA-300x150.png 300w\" sizes=\"auto, (max-width: 640px) 100vw, 640px\" \/><\/p>\n<p>Bu filmi \u00c7ok be\u011fenmi\u015f, tekrar tekrar seyretmi\u015ftim. Duayen ustan\u0131n Yol Ayr\u0131m\u0131 filmini de \u00e7ok merak ediyorum, sinemalarda ilk f\u0131rsatta seyredece\u011fim.<\/p>\n<p><img loading=\"lazy\" decoding=\"async\" class=\"alignnone size-full wp-image-20911\" src=\"http:\/\/balcilar-blog.com\/wp-content\/uploads\/2017\/11\/fft16_mf10212828.jpeg\" alt=\"\" width=\"640\" height=\"359\" srcset=\"https:\/\/balcilar-blog.com\/wp-content\/uploads\/2017\/11\/fft16_mf10212828.jpeg 640w, https:\/\/balcilar-blog.com\/wp-content\/uploads\/2017\/11\/fft16_mf10212828-300x168.jpeg 300w\" sizes=\"auto, (max-width: 640px) 100vw, 640px\" \/><\/p>\n<p>\u015eener \u015een gala gecesinde verdi\u011fi beyanatta, bu film i\u00e7in \u015funlar\u0131 s\u00f6ylemi\u015ftir. Yavuz Turgul&#8217;un kat\u0131lmad\u0131\u011f\u0131 gecede, \u00e7ok k\u0131ymetli bir ekiple \u00e7al\u0131\u015ft\u0131klar\u0131n\u0131 aktaran \u015een, &#8220;Yavuz Bey \u00e7ok titiz oldu\u011fu i\u00e7in haz\u0131rl\u0131k \u00e7ok \u00f6nceden oldu. Biz de pek al\u0131\u015f\u0131k olunmayan bir y\u00f6ntem izledik, 1,5 ay kadar prova yapt\u0131k \u00e7ekimden \u00f6nce. Neredeyse bir tiyatro oyununun sahneye konmas\u0131 gibi haz\u0131rl\u0131k oldu. 2 ay da \u00e7ekimler s\u00fcrd\u00fc.&#8221; diye konu\u015ftu.<\/p>\n<p>\u015een, gelecek senaryolara ba\u011fl\u0131 olarak bir sonraki filmini daha \u00e7abuk \u00e7ekebilece\u011fine dikkati \u00e7ekti.<\/p>\n<p><img loading=\"lazy\" decoding=\"async\" class=\"alignnone size-full wp-image-20910\" src=\"http:\/\/balcilar-blog.com\/wp-content\/uploads\/2017\/11\/091120171237038241678.jpg\" alt=\"\" width=\"640\" height=\"360\" srcset=\"https:\/\/balcilar-blog.com\/wp-content\/uploads\/2017\/11\/091120171237038241678.jpg 640w, https:\/\/balcilar-blog.com\/wp-content\/uploads\/2017\/11\/091120171237038241678-300x169.jpg 300w\" sizes=\"auto, (max-width: 640px) 100vw, 640px\" \/><\/p>\n<p>Filmde \u015eener \u015een&#8217;in annesi rol\u00fcnde yer alan \u00c7i\u011fdem Sel\u0131\u015f\u0131k Onat da film teklifini, \u00f6zellikle \u015een ve Turgul ile \u00e7al\u0131\u015fmak istedi\u011fi i\u00e7in kabul etti\u011fini dile getirdi.<\/p>\n<p>Onat, filmi kendisi i\u00e7in bir hediye olarak kabul etti\u011finin alt\u0131n\u0131 \u00e7izerek, &#8220;Ben T\u00fcrkiye&#8217;ye d\u00f6nd\u00fc\u011f\u00fcmde bir anlamda emeklilik gibi yorumlad\u0131\u011f\u0131m bir ba\u015fka ya\u015fam d\u00fczeyine girmek, tiyatro ve oyunculuk d\u0131\u015f\u0131nda ba\u015fka \u015feyler d\u00fc\u015f\u00fcnmek istedim ama hayat s\u00fcrprizlerle dolu. Beni kuyru\u011fumdan yakalad\u0131, yine film, oyunculuk ve hikayeler anlatma d\u00fcnyas\u0131na \u00e7ekti.&#8221; ifadelerini kullanm\u0131\u015ft\u0131r.<\/p>\n<p>&nbsp;<\/p>\n<p><strong>YOL AYRIMI F\u0130LM\u0130N\u0130N KONUSU :<\/strong><\/p>\n<p>&#8220;Hayat\u0131n\u0131 babas\u0131ndan devrald\u0131\u011f\u0131 tekstil imparatorlu\u011funu b\u00fcy\u00fctmeye adayan Mazhar Kozanl\u0131 (\u015eener \u015een), bunun i\u00e7in de agresif ve ac\u0131mas\u0131z y\u00f6ntemlerden ka\u00e7\u0131nmaz. Bir g\u00fcn trafik kazas\u0131 ge\u00e7iren Mazhar, kazadan sonra hayata yeniden tutunur. Belki b\u00f6ylece ge\u00e7mi\u015ften bug\u00fcne fark etmeden ta\u015f\u0131d\u0131\u011f\u0131 a\u011f\u0131r y\u00fckten de kurtulabilecektir. Kolay olmayan bu de\u011fi\u015fimle kar\u015f\u0131la\u015ft\u0131\u011f\u0131 yol ayr\u0131m\u0131nda, ailesi \u00f6n\u00fcnde bir engel olarak beklemektedir. Mazhar, yapt\u0131\u011f\u0131 tercihin bedelini \u00f6demek ya da pes etmekle kar\u015f\u0131 kar\u015f\u0131ya kalacakt\u0131r. \u00c7\u0131kt\u0131\u011f\u0131 bu yolda yeni dostlar ve mekanlar bulacakt\u0131r.&#8221;<\/p>\n<p><strong>YOL AYRIMI OYUNCULARI :<\/strong><\/p>\n<p>Filmin oyuncu kadrosunda; \u015eener \u015een, Mert F\u0131rat, Rutkay Aziz, \u00c7i\u011fdem Sel\u0131\u015f\u0131k Onat, Defne Kayalar, Tilbe Saran, Nihal Yal\u00e7\u0131n ve Ruhsar \u00d6cal yer al\u0131yor.<\/p>\n<p>Yol Ayr\u0131m\u0131 filmi d\u00fcn (10 Kas\u0131m 2017 Cuma) vizyona girdi ve sinemalarda g\u00f6sterimi ba\u015flad\u0131.<\/p>\n<p>Gi\u015fesi bol ve bereketli olmas\u0131 dileklerimle&#8230;<\/p>\n<p>Sayg\u0131lar ve sevgiler.<\/p>\n<p>Abdurrahman Balc\u0131lar<\/p>\n<p>Twitter:\u00a0<a href=\"https:\/\/twitter.com\/abbalcilar\">abdurrahman balc\u0131lar<\/a><a href=\"https:\/\/twitter.com\/abbalcilar\"><strong>@abbalcilar<\/strong><\/a><\/p>\n<p>Mail :\u00a0<a href=\"mailto:ab.balcilar@hotmail.com\">ab.balcilar@hotmail.com<\/a><\/p>\n<p>Blog:\u00a0<a href=\"http:\/\/t.co\/znqmIZgIqn\">blog.milliyet.com.tr\/cansever<\/a><\/p>\n<p>Blog:\u00a0<a href=\"http:\/\/balcilar-blog.com\/\">Abdurrahman Balc\u0131lar Blog Sayfas\u0131<\/a><\/p>\n<p>&nbsp;<\/p>\n<p><strong>*\u015eahsi Blog sayfamda ve Milliyet Blog\u2019da yay\u0131nlanan blog yaz\u0131lar\u0131 b\u00fcy\u00fck bir \u00e7al\u0131\u015fman\u0131n \u00fcr\u00fcn\u00fc olup, izinsiz ya da kaynak g\u00f6stermeden al\u0131nt\u0131 yap\u0131lamaz. Aksi halde kanuni i\u015flem yap\u0131l\u0131r.<\/strong><\/p>\n<p>&nbsp;<\/p>\n<div id=\"textalan\"><\/div>\n","protected":false},"excerpt":{"rendered":"<p>Usta oyuncu \u015eener \u015een&#8217;in ba\u015frol\u00fcnde oynad\u0131\u011f\u0131, TMC yap\u0131m&#8217;\u0131n &#8220;Yol Ayr\u0131m\u0131&#8221; filminin galas\u0131 \u00f6nceki ak\u015fam ger\u00e7ekle\u015ftirildi. \u015eener \u015een, bas\u0131n mensuplar\u0131na yapt\u0131\u011f\u0131 a\u00e7\u0131klamada, &#8220;Av Mevsimi&#8221;nin ard\u0131ndan 7 y\u0131l sonra ilk defa be\u011fenece\u011fi bir senaryo geldi\u011fi i\u00e7in bu filmde rol ald\u0131\u011f\u0131n\u0131 s\u00f6yledi. Usta oyuncu \u015eener \u015een&#8217;in y\u0131llar \u00f6nce \u00e7ekilmi\u015f olan filmi E\u015fkiya&#8217;\u0131 sinemalarda izlemi\u015ftim. 35 y\u0131l \u00f6nce Cudi [&hellip;]<\/p>\n","protected":false},"author":3,"featured_media":20913,"comment_status":"open","ping_status":"open","sticky":false,"template":"","format":"standard","meta":{"footnotes":""},"categories":[10],"tags":[1578,394,1365,1577,1575,1579,1378,1576],"class_list":["post-20908","post","type-post","status-publish","format-standard","has-post-thumbnail","hentry","category-sinema","tag-cigdem-selisik","tag-defne-kayalar","tag-mert-firat","tag-rutkay-aziz","tag-sener-sen","tag-tmc-yapim","tag-ugur-yucel","tag-yol-ayrimi"],"views":3462,"blog_post_layout_featured_media_urls":{"thumbnail":["https:\/\/balcilar-blog.com\/wp-content\/uploads\/2017\/11\/yol-ayrimi-640x360-1-150x150.jpg",150,150,true],"full":["https:\/\/balcilar-blog.com\/wp-content\/uploads\/2017\/11\/yol-ayrimi-640x360-1.jpg",640,360,false]},"categories_names":{"10":{"name":"Sinema","link":"https:\/\/balcilar-blog.com\/?cat=10"}},"tags_names":{"1578":{"name":"\u00c7i\u011fdem Sel\u0131\u015f\u0131k","link":"https:\/\/balcilar-blog.com\/?tag=cigdem-selisik"},"394":{"name":"Defne Kayalar","link":"https:\/\/balcilar-blog.com\/?tag=defne-kayalar"},"1365":{"name":"Mert F\u0131rat","link":"https:\/\/balcilar-blog.com\/?tag=mert-firat"},"1577":{"name":"Rutkay Aziz","link":"https:\/\/balcilar-blog.com\/?tag=rutkay-aziz"},"1575":{"name":"\u015eener \u015een","link":"https:\/\/balcilar-blog.com\/?tag=sener-sen"},"1579":{"name":"TMC Yap\u0131m","link":"https:\/\/balcilar-blog.com\/?tag=tmc-yapim"},"1378":{"name":"U\u011fur Y\u00fccel","link":"https:\/\/balcilar-blog.com\/?tag=ugur-yucel"},"1576":{"name":"Yol Ayr\u0131m\u0131","link":"https:\/\/balcilar-blog.com\/?tag=yol-ayrimi"}},"comments_number":"0","wpmagazine_modules_lite_featured_media_urls":{"thumbnail":["https:\/\/balcilar-blog.com\/wp-content\/uploads\/2017\/11\/yol-ayrimi-640x360-1-150x150.jpg",150,150,true],"cvmm-medium":["https:\/\/balcilar-blog.com\/wp-content\/uploads\/2017\/11\/yol-ayrimi-640x360-1.jpg",300,169,false],"cvmm-medium-plus":["https:\/\/balcilar-blog.com\/wp-content\/uploads\/2017\/11\/yol-ayrimi-640x360-1.jpg",305,172,false],"cvmm-portrait":["https:\/\/balcilar-blog.com\/wp-content\/uploads\/2017\/11\/yol-ayrimi-640x360-1.jpg",400,225,false],"cvmm-medium-square":["https:\/\/balcilar-blog.com\/wp-content\/uploads\/2017\/11\/yol-ayrimi-640x360-1.jpg",600,338,false],"cvmm-large":["https:\/\/balcilar-blog.com\/wp-content\/uploads\/2017\/11\/yol-ayrimi-640x360-1.jpg",640,360,false],"cvmm-small":["https:\/\/balcilar-blog.com\/wp-content\/uploads\/2017\/11\/yol-ayrimi-640x360-1.jpg",130,73,false],"full":["https:\/\/balcilar-blog.com\/wp-content\/uploads\/2017\/11\/yol-ayrimi-640x360-1.jpg",640,360,false]},"_links":{"self":[{"href":"https:\/\/balcilar-blog.com\/index.php?rest_route=\/wp\/v2\/posts\/20908","targetHints":{"allow":["GET"]}}],"collection":[{"href":"https:\/\/balcilar-blog.com\/index.php?rest_route=\/wp\/v2\/posts"}],"about":[{"href":"https:\/\/balcilar-blog.com\/index.php?rest_route=\/wp\/v2\/types\/post"}],"author":[{"embeddable":true,"href":"https:\/\/balcilar-blog.com\/index.php?rest_route=\/wp\/v2\/users\/3"}],"replies":[{"embeddable":true,"href":"https:\/\/balcilar-blog.com\/index.php?rest_route=%2Fwp%2Fv2%2Fcomments&post=20908"}],"version-history":[{"count":2,"href":"https:\/\/balcilar-blog.com\/index.php?rest_route=\/wp\/v2\/posts\/20908\/revisions"}],"predecessor-version":[{"id":20915,"href":"https:\/\/balcilar-blog.com\/index.php?rest_route=\/wp\/v2\/posts\/20908\/revisions\/20915"}],"wp:featuredmedia":[{"embeddable":true,"href":"https:\/\/balcilar-blog.com\/index.php?rest_route=\/wp\/v2\/media\/20913"}],"wp:attachment":[{"href":"https:\/\/balcilar-blog.com\/index.php?rest_route=%2Fwp%2Fv2%2Fmedia&parent=20908"}],"wp:term":[{"taxonomy":"category","embeddable":true,"href":"https:\/\/balcilar-blog.com\/index.php?rest_route=%2Fwp%2Fv2%2Fcategories&post=20908"},{"taxonomy":"post_tag","embeddable":true,"href":"https:\/\/balcilar-blog.com\/index.php?rest_route=%2Fwp%2Fv2%2Ftags&post=20908"}],"curies":[{"name":"wp","href":"https:\/\/api.w.org\/{rel}","templated":true}]}}