{"id":20896,"date":"2017-11-09T14:07:01","date_gmt":"2017-11-09T12:07:01","guid":{"rendered":"http:\/\/balcilar-blog.com\/?p=20896"},"modified":"2017-11-12T10:15:54","modified_gmt":"2017-11-12T08:15:54","slug":"cagatay-ulusoy-dunya-stari-olma-yolunda-2","status":"publish","type":"post","link":"https:\/\/balcilar-blog.com\/?p=20896","title":{"rendered":"\u00c7a\u011fatay Ulusoy D\u00fcnya Star\u0131 olma yolunda!"},"content":{"rendered":"<p><img loading=\"lazy\" decoding=\"async\" class=\"alignnone size-full wp-image-20904\" src=\"http:\/\/balcilar-blog.com\/wp-content\/uploads\/2017\/11\/DOK5mRTW4AAEoNw.jpg\" alt=\"\" width=\"480\" height=\"640\" srcset=\"https:\/\/balcilar-blog.com\/wp-content\/uploads\/2017\/11\/DOK5mRTW4AAEoNw.jpg 480w, https:\/\/balcilar-blog.com\/wp-content\/uploads\/2017\/11\/DOK5mRTW4AAEoNw-225x300.jpg 225w\" sizes=\"auto, (max-width: 480px) 100vw, 480px\" \/><\/p>\n<p>\u00c7a\u011fatay Ulusoy&#8217;un ilk dizisi olan, 2011 Ocak Ay\u0131nda ba\u015flayan &#8220;Ad\u0131n\u0131 Feriha Koydum&#8221; dizisinden itibaren ad\u0131m ad\u0131m takip ediyor ve izliyorum. Hakk\u0131nda \u00e7ok yazd\u0131m, \u00e7ok yorumlar yapt\u0131m. Daha ilk g\u00fcnlerden onun buralara gelece\u011fini tahmin etmi\u015f ve yazm\u0131\u015ft\u0131m.<\/p>\n<p>&#8220;\u00c7a\u011fatay Ulusoy nereye ko\u015fuyor?&#8221; ba\u015fl\u0131\u011f\u0131 alt\u0131nda bloglar yazd\u0131m ve hep s\u00f6yledim.<\/p>\n<p>Hedef belli zirve. Hen\u00fcz o tepeye \u00e7\u0131km\u0131\u015f de\u011fil. B\u00f6yle giderse o da olacak gibi duruyor. Yeter ki \u015f\u00f6hret ba\u015f\u0131n\u0131 d\u00f6nd\u00fcr\u00fcp, yanl\u0131\u015flar yapmas\u0131n, ad\u0131mlar\u0131n\u0131 sa\u011flam bass\u0131n.<\/p>\n<p><strong>Ve \u00c7a\u011fatay bunu yapt\u0131<\/strong>.<\/p>\n<p>\u00c7a\u011fatay Ulusoy, \u00fclkemizde \u00fc\u00e7 dizi iki sinema filmi ile gelece\u011fi yere geldi. Bu diziler ile Balkan \u00dclkeleri, Ortado\u011fu ve G\u00fcney Amerika gibi d\u00fcnya \u00fclkelerinde tan\u0131nd\u0131, binlerce fan\u0131 olu\u015ftu.<\/p>\n<p>2011 y\u0131l\u0131nda bir r\u00f6portaj\u0131nda &#8216;Oskar&#8217;\u0131 arada bir r\u00fcyalar\u0131nda g\u00f6rd\u00fc\u011f\u00fcn\u00fc s\u00f6yleyen \u00c7a\u011fatay Ulusoy bir g\u00fcn gelecek oyunculu\u011fuyla o \u00f6d\u00fcle aday g\u00f6sterilecektir.<\/p>\n<p><strong>O KAPI DA ARALANIYOR<\/strong><\/p>\n<p>\u00dclkemizde menajeri Engin Aykanat\u00a0gibi biri ile \u00e7al\u0131\u015fmas\u0131 onu d\u00fcnyaya tan\u0131tt\u0131. 2 y\u0131l \u00f6nce Amerika Los Angeles&#8217;e gitti. 2 ayd\u0131r oralarda.<\/p>\n<p><img loading=\"lazy\" decoding=\"async\" class=\"alignnone size-full wp-image-20898\" src=\"http:\/\/balcilar-blog.com\/wp-content\/uploads\/2017\/11\/0x0-cagatay-pitt-1510170067217.jpeg\" alt=\"\" width=\"564\" height=\"480\" srcset=\"https:\/\/balcilar-blog.com\/wp-content\/uploads\/2017\/11\/0x0-cagatay-pitt-1510170067217.jpeg 564w, https:\/\/balcilar-blog.com\/wp-content\/uploads\/2017\/11\/0x0-cagatay-pitt-1510170067217-300x255.jpeg 300w\" sizes=\"auto, (max-width: 564px) 100vw, 564px\" \/><\/p>\n<p>\u015eimdi de Lori Lively gibi \u00fcnl\u00fc bir ko\u00e7 ile tan\u0131\u015ft\u0131. O da ondaki par\u0131lt\u0131y\u0131 g\u00f6rm\u00fc\u015f olacak ki, bug\u00fcnk\u00fc de\u011fi\u015fik magazin sayfalar\u0131nda \u00c7a\u011fatay Ulusoy&#8217;dan bahsediliyor.<\/p>\n<p>\u0130\u015eTE O HABER :<\/p>\n<p>ULUSOY&#8217;A YILDIZLI PUAN&#8230;<br \/>\nLively, \u00f6nceki g\u00fcn\u00a0\u00c7a\u011fatay Ulusoy&#8217;u Hollywood sinemas\u0131n\u0131n g\u00f6zde ismi\u00a0Brad\u00a0Pitt&#8217;in\u00a0ba\u015far\u0131s\u0131nda da b\u00fcy\u00fck pay\u0131 olan\u00a0d\u00fcnyaca \u00fcnl\u00fc y\u00f6netmen David Fincher\u00a0ile bir araya getirdi.<\/p>\n<p><img loading=\"lazy\" decoding=\"async\" class=\"alignnone size-full wp-image-20899\" src=\"http:\/\/balcilar-blog.com\/wp-content\/uploads\/2017\/11\/0x0-cagatay-pitt-1510170071803.jpeg\" alt=\"\" width=\"640\" height=\"445\" srcset=\"https:\/\/balcilar-blog.com\/wp-content\/uploads\/2017\/11\/0x0-cagatay-pitt-1510170071803.jpeg 640w, https:\/\/balcilar-blog.com\/wp-content\/uploads\/2017\/11\/0x0-cagatay-pitt-1510170071803-300x209.jpeg 300w\" sizes=\"auto, (max-width: 640px) 100vw, 640px\" \/><\/p>\n<p>Ulusoy&#8217;la sinema \u00fczerine sohbet eden Fincher, yak\u0131\u015f\u0131kl\u0131 oyuncunun y\u00fcz\u00fcn\u00fcn objektife \u00e7ok yak\u0131\u015ft\u0131\u011f\u0131n\u0131 s\u00f6yledi. \u00dcnl\u00fc oyuncu, sohbet esnas\u0131nda y\u00f6netmenden Hollywood i\u00e7in birka\u00e7 tavsiye de ald\u0131. Ulusoy, g\u00fczel y\u0131ld\u0131z\u00a0Blake Lively&#8217;nin\u00a0ablas\u0131\u00a0olan Lori Lively&#8217;nin referans\u0131yla ABD&#8217;deki birka\u00e7 filmin se\u00e7melerine kat\u0131ld\u0131. Oyunculuk yetene\u011fi, yak\u0131\u015f\u0131kl\u0131l\u0131\u011f\u0131 ve enerjisiyle herkesi etkileyen 27 ya\u015f\u0131ndaki Ulusoy&#8217;un kariyerini yurt d\u0131\u015f\u0131nda \u015fekillendirmek i\u00e7in azimle \u00e7al\u0131\u015fmas\u0131 ise\u00a0&#8220;\u00c7a\u011fatay\u00a0Ulusoy, Hollywood&#8217;un\u00a0yeni Brad Pitt&#8217;i olacak&#8221;\u00a0yorumlar\u0131 yapt\u0131rd\u0131..<\/p>\n<p>T\u00fcrkiye&#8217;deki\u00a0ba\u015far\u0131s\u0131n\u0131 Hollywood&#8217;a ta\u015f\u0131mak i\u00e7in gece g\u00fcnd\u00fcz \u00e7al\u0131\u015fan\u00a0\u00c7a\u011fatay Ulusoy,\u00a0bunun i\u00e7in \u00f6nemli bir ad\u0131m att\u0131. \u0130leri oyunculuk ve yabanc\u0131 dil e\u011fitimi i\u00e7in 3\u00a0aya yak\u0131nd\u0131r Los Angeles&#8217;ta\u00a0olan Ulusoy,\u00a0oyuncu\u00a0ko\u00e7u Lori Lively\u00a0sayesinde d\u00fcnyaca \u00fcnl\u00fc y\u0131ld\u0131zlarla tan\u0131\u015ft\u0131.<\/p>\n<p>&nbsp;<\/p>\n<p><img loading=\"lazy\" decoding=\"async\" class=\"alignnone size-full wp-image-20905\" src=\"http:\/\/balcilar-blog.com\/wp-content\/uploads\/2017\/11\/DOLJ0stX4AEEqlY.jpg\" alt=\"\" width=\"640\" height=\"393\" srcset=\"https:\/\/balcilar-blog.com\/wp-content\/uploads\/2017\/11\/DOLJ0stX4AEEqlY.jpg 640w, https:\/\/balcilar-blog.com\/wp-content\/uploads\/2017\/11\/DOLJ0stX4AEEqlY-300x184.jpg 300w\" sizes=\"auto, (max-width: 640px) 100vw, 640px\" \/><\/p>\n<p>Netflix dizisinde rol alacak olan T\u00fcrk oyuncu \u00c7a\u011fatay Ulusoy&#8217;un istikbali \u00e7ok parlak g\u00f6z\u00fck\u00fcyor. D\u00fcnya star\u0131 olma yolunda dedim ama, o art\u0131k bir d\u00fcnya star\u0131.<\/p>\n<p>Bana g\u00f6re; ge\u00e7en sezon ekranlara gelen &#8220;\u0130\u00e7erde&#8221; dizisindeki performans\u0131 ile 44.Alt\u0131n Kelebek \u00f6d\u00fcl\u00fcn\u00fcn en g\u00fc\u00e7l\u00fc aday\u0131.<\/p>\n<p>Yolun a\u00e7\u0131k olsun \u00c7a\u011fatay&#8230;<\/p>\n<p>Sayg\u0131lar ve sevgiler.<\/p>\n<p>Abdurrahman Balc\u0131lar<\/p>\n<p>Twitter:\u00a0<a href=\"https:\/\/twitter.com\/abbalcilar\">abdurrahman balc\u0131lar<\/a><a href=\"https:\/\/twitter.com\/abbalcilar\"><strong>@abbalcilar<\/strong><\/a><\/p>\n<p>Mail :\u00a0<a href=\"mailto:ab.balcilar@hotmail.com\">ab.balcilar@hotmail.com<\/a><\/p>\n<p>Blog:\u00a0<a href=\"http:\/\/t.co\/znqmIZgIqn\">blog.milliyet.com.tr\/cansever<\/a><\/p>\n<p>Blog:\u00a0<a href=\"http:\/\/balcilar-blog.com\/\">Abdurrahman Balc\u0131lar Blog Sayfas\u0131<\/a><\/p>\n<p>Not: Kaynak haber ve g\u00f6rseller \u00c7a\u011fatay ULUSOY Twitter sayfas\u0131ndan al\u0131nm\u0131\u015ft\u0131r.<\/p>\n<p><strong>*\u015eahsi Blog sayfamda ve Milliyet Blog\u2019da yay\u0131nlanan blog yaz\u0131lar\u0131 b\u00fcy\u00fck bir \u00e7al\u0131\u015fman\u0131n \u00fcr\u00fcn\u00fc olup, izinsiz ya da kaynak g\u00f6stermeden al\u0131nt\u0131 yap\u0131lamaz. Aksi halde kanuni i\u015flem yap\u0131l\u0131r.<\/strong><\/p>\n","protected":false},"excerpt":{"rendered":"<p>\u00c7a\u011fatay Ulusoy&#8217;un ilk dizisi olan, 2011 Ocak Ay\u0131nda ba\u015flayan &#8220;Ad\u0131n\u0131 Feriha Koydum&#8221; dizisinden itibaren ad\u0131m ad\u0131m takip ediyor ve izliyorum. Hakk\u0131nda \u00e7ok yazd\u0131m, \u00e7ok yorumlar yapt\u0131m. Daha ilk g\u00fcnlerden onun buralara gelece\u011fini tahmin etmi\u015f ve yazm\u0131\u015ft\u0131m. &#8220;\u00c7a\u011fatay Ulusoy nereye ko\u015fuyor?&#8221; ba\u015fl\u0131\u011f\u0131 alt\u0131nda bloglar yazd\u0131m ve hep s\u00f6yledim. Hedef belli zirve. Hen\u00fcz o tepeye \u00e7\u0131km\u0131\u015f de\u011fil. [&hellip;]<\/p>\n","protected":false},"author":3,"featured_media":20904,"comment_status":"open","ping_status":"open","sticky":false,"template":"","format":"standard","meta":{"footnotes":""},"categories":[2],"tags":[1574,15,768,362,809,1573,1478],"class_list":["post-20896","post","type-post","status-publish","format-standard","has-post-thumbnail","hentry","category-tv-programlari","tag-brad-pitt","tag-cagatay-ulusoy","tag-dunya-stari","tag-engin-aykanat","tag-hollywood","tag-lori-lively","tag-netflix"],"views":5519,"blog_post_layout_featured_media_urls":{"thumbnail":["https:\/\/balcilar-blog.com\/wp-content\/uploads\/2017\/11\/DOK5mRTW4AAEoNw-150x150.jpg",150,150,true],"full":["https:\/\/balcilar-blog.com\/wp-content\/uploads\/2017\/11\/DOK5mRTW4AAEoNw.jpg",480,640,false]},"categories_names":{"2":{"name":"TV Programlar\u0131","link":"https:\/\/balcilar-blog.com\/?cat=2"}},"tags_names":{"1574":{"name":"Brad Pitt","link":"https:\/\/balcilar-blog.com\/?tag=brad-pitt"},"15":{"name":"\u00e7a\u011fatay ulusoy","link":"https:\/\/balcilar-blog.com\/?tag=cagatay-ulusoy"},"768":{"name":"D\u00fcnya Star\u0131","link":"https:\/\/balcilar-blog.com\/?tag=dunya-stari"},"362":{"name":"Engin Aykanat","link":"https:\/\/balcilar-blog.com\/?tag=engin-aykanat"},"809":{"name":"Hollywood","link":"https:\/\/balcilar-blog.com\/?tag=hollywood"},"1573":{"name":"Lori Lively","link":"https:\/\/balcilar-blog.com\/?tag=lori-lively"},"1478":{"name":"Netflix","link":"https:\/\/balcilar-blog.com\/?tag=netflix"}},"comments_number":"0","wpmagazine_modules_lite_featured_media_urls":{"thumbnail":["https:\/\/balcilar-blog.com\/wp-content\/uploads\/2017\/11\/DOK5mRTW4AAEoNw-150x150.jpg",150,150,true],"cvmm-medium":["https:\/\/balcilar-blog.com\/wp-content\/uploads\/2017\/11\/DOK5mRTW4AAEoNw.jpg",225,300,false],"cvmm-medium-plus":["https:\/\/balcilar-blog.com\/wp-content\/uploads\/2017\/11\/DOK5mRTW4AAEoNw.jpg",155,207,false],"cvmm-portrait":["https:\/\/balcilar-blog.com\/wp-content\/uploads\/2017\/11\/DOK5mRTW4AAEoNw.jpg",400,533,false],"cvmm-medium-square":["https:\/\/balcilar-blog.com\/wp-content\/uploads\/2017\/11\/DOK5mRTW4AAEoNw.jpg",450,600,false],"cvmm-large":["https:\/\/balcilar-blog.com\/wp-content\/uploads\/2017\/11\/DOK5mRTW4AAEoNw.jpg",480,640,false],"cvmm-small":["https:\/\/balcilar-blog.com\/wp-content\/uploads\/2017\/11\/DOK5mRTW4AAEoNw.jpg",71,95,false],"full":["https:\/\/balcilar-blog.com\/wp-content\/uploads\/2017\/11\/DOK5mRTW4AAEoNw.jpg",480,640,false]},"_links":{"self":[{"href":"https:\/\/balcilar-blog.com\/index.php?rest_route=\/wp\/v2\/posts\/20896","targetHints":{"allow":["GET"]}}],"collection":[{"href":"https:\/\/balcilar-blog.com\/index.php?rest_route=\/wp\/v2\/posts"}],"about":[{"href":"https:\/\/balcilar-blog.com\/index.php?rest_route=\/wp\/v2\/types\/post"}],"author":[{"embeddable":true,"href":"https:\/\/balcilar-blog.com\/index.php?rest_route=\/wp\/v2\/users\/3"}],"replies":[{"embeddable":true,"href":"https:\/\/balcilar-blog.com\/index.php?rest_route=%2Fwp%2Fv2%2Fcomments&post=20896"}],"version-history":[{"count":5,"href":"https:\/\/balcilar-blog.com\/index.php?rest_route=\/wp\/v2\/posts\/20896\/revisions"}],"predecessor-version":[{"id":20919,"href":"https:\/\/balcilar-blog.com\/index.php?rest_route=\/wp\/v2\/posts\/20896\/revisions\/20919"}],"wp:featuredmedia":[{"embeddable":true,"href":"https:\/\/balcilar-blog.com\/index.php?rest_route=\/wp\/v2\/media\/20904"}],"wp:attachment":[{"href":"https:\/\/balcilar-blog.com\/index.php?rest_route=%2Fwp%2Fv2%2Fmedia&parent=20896"}],"wp:term":[{"taxonomy":"category","embeddable":true,"href":"https:\/\/balcilar-blog.com\/index.php?rest_route=%2Fwp%2Fv2%2Fcategories&post=20896"},{"taxonomy":"post_tag","embeddable":true,"href":"https:\/\/balcilar-blog.com\/index.php?rest_route=%2Fwp%2Fv2%2Ftags&post=20896"}],"curies":[{"name":"wp","href":"https:\/\/api.w.org\/{rel}","templated":true}]}}