{"id":20862,"date":"2017-11-05T15:56:18","date_gmt":"2017-11-05T13:56:18","guid":{"rendered":"http:\/\/balcilar-blog.com\/?p=20862"},"modified":"2017-11-06T10:52:07","modified_gmt":"2017-11-06T08:52:07","slug":"sagligima-yavas-yavas-kavusuyorum","status":"publish","type":"post","link":"https:\/\/balcilar-blog.com\/?p=20862","title":{"rendered":"Sa\u011fl\u0131\u011f\u0131ma yava\u015f yava\u015f kavu\u015fuyorum!"},"content":{"rendered":"<p><img loading=\"lazy\" decoding=\"async\" class=\"alignnone size-full wp-image-20864\" src=\"http:\/\/balcilar-blog.com\/wp-content\/uploads\/2017\/11\/0x0-1-sa\u011fl\u0131k.jpg\" alt=\"\" width=\"640\" height=\"363\" srcset=\"https:\/\/balcilar-blog.com\/wp-content\/uploads\/2017\/11\/0x0-1-sa\u011fl\u0131k.jpg 640w, https:\/\/balcilar-blog.com\/wp-content\/uploads\/2017\/11\/0x0-1-sa\u011fl\u0131k-300x170.jpg 300w\" sizes=\"auto, (max-width: 640px) 100vw, 640px\" \/><\/p>\n<p>&nbsp;<\/p>\n<p>9 Ekim&#8217;den bu yana neredeyse bir ayd\u0131r klavyeden ve sosyal medyadan uzak kald\u0131m. En \u00f6nemlisi sa\u011fl\u0131\u011f\u0131ma kavu\u015fma yolunday\u0131m. Yaz boyunca sa\u011fl\u0131\u011f\u0131m\u0131 etkileyen bel omurlar\u0131mdaki daralma nedeniyle rahats\u0131zd\u0131m. Sonunda karar verdim ve a\u011f\u0131r bir ameliyat ge\u00e7irdim. Belden omuza kadar omur kemiklerime platin tak\u0131ld\u0131. 5 saatlik bir operasyon yap\u0131ld\u0131. 6 g\u00fcn yo\u011fun bak\u0131mda olmak \u00fczere 15 g\u00fcn Ay\u0131n Adnan Menderes \u00dcniversitesi Ara\u015ft\u0131rma Hastanesi N\u00f6ro\u015firurji servisinde yatt\u0131m. Doktorum zor bir ameliyat olaca\u011f\u0131n\u0131 ve iyile\u015fme s\u00fcrecinin iki ay oldu\u011funu s\u00f6yledi. Allah&#8217;\u0131n izniyle iyiye gidiyor ve iyile\u015fiyorum.<\/p>\n<p>Hastanede kald\u0131\u011f\u0131m s\u00fcre zarf\u0131nda doktorum Yrd.Do\u00e7.Dr. Abdullah Top\u00e7u&#8217;ya ve ekibine ayr\u0131ca te\u015fekk\u00fcr ederim. Hastas\u0131na de\u011fer veren i\u015finin erbab\u0131 bir doktor oldu\u011funu s\u00f6ylemek isterim.<\/p>\n<p>Ayr\u0131ca ge\u00e7en s\u00fcre zarf\u0131nda taraf\u0131ma twitter&#8217;dan, facebook&#8217;tan, Messenger&#8217;dan ve blok sayfamdan ge\u00e7mi\u015f olsun mesajlar\u0131 g\u00f6nderen Blogger arkada\u015flara, bizzat telefonla arayan t\u00fcm dost ve arkada\u015flara i\u00e7ten te\u015fekk\u00fcr ederim.<\/p>\n<p>\u0130nsan\u0131n sa\u011fl\u0131na kavu\u015fmas\u0131, mavi g\u00f6ky\u00fcz\u00fcne bak\u0131p, temiz havay\u0131 ci\u011ferlerine \u00e7ekmesi ne g\u00fczel \u015fey&#8230;<\/p>\n<p>Sa\u011fl\u0131\u011f\u0131m elverdi\u011fi s\u00fcrece yazmaya devam edece\u011fim.<\/p>\n<p>\u0130nsanlar\u0131, ya\u015famay\u0131 seviyorum.<\/p>\n<p>Sayg\u0131lar ve sevgiler.<\/p>\n<p>Abdurrahman Balc\u0131lar<\/p>\n<p>Twitter:\u00a0<a href=\"https:\/\/twitter.com\/abbalcilar\">abdurrahman balc\u0131lar<\/a><a href=\"https:\/\/twitter.com\/abbalcilar\"><strong>@abbalcilar<\/strong><\/a><\/p>\n<p>Mail :\u00a0<a href=\"mailto:ab.balcilar@hotmail.com\">ab.balcilar@hotmail.com<\/a><\/p>\n<p>Blog:\u00a0<a href=\"http:\/\/t.co\/znqmIZgIqn\">blog.milliyet.com.tr\/cansever<\/a><\/p>\n<p>Blog:\u00a0<a href=\"http:\/\/balcilar-blog.com\/\">Abdurrahman Balc\u0131lar Blog Sayfas\u0131<\/a><\/p>\n<p>&nbsp;<\/p>\n","protected":false},"excerpt":{"rendered":"<p>&nbsp; 9 Ekim&#8217;den bu yana neredeyse bir ayd\u0131r klavyeden ve sosyal medyadan uzak kald\u0131m. En \u00f6nemlisi sa\u011fl\u0131\u011f\u0131ma kavu\u015fma yolunday\u0131m. Yaz boyunca sa\u011fl\u0131\u011f\u0131m\u0131 etkileyen bel omurlar\u0131mdaki daralma nedeniyle rahats\u0131zd\u0131m. Sonunda karar verdim ve a\u011f\u0131r bir ameliyat ge\u00e7irdim. Belden omuza kadar omur kemiklerime platin tak\u0131ld\u0131. 5 saatlik bir operasyon yap\u0131ld\u0131. 6 g\u00fcn yo\u011fun bak\u0131mda olmak \u00fczere 15 [&hellip;]<\/p>\n","protected":false},"author":3,"featured_media":20864,"comment_status":"open","ping_status":"open","sticky":false,"template":"","format":"standard","meta":{"footnotes":""},"categories":[190],"tags":[1571,1570,1568],"class_list":["post-20862","post","type-post","status-publish","format-standard","has-post-thumbnail","hentry","category-genel-saglik","tag-aydin-adnan-menderes-universitesi-arastirma-hastanesi","tag-genel-saglik","tag-yrd-doc-dr-abdullah-topcu"],"views":2451,"blog_post_layout_featured_media_urls":{"thumbnail":["https:\/\/balcilar-blog.com\/wp-content\/uploads\/2017\/11\/0x0-1-sa\u011fl\u0131k-150x150.jpg",150,150,true],"full":["https:\/\/balcilar-blog.com\/wp-content\/uploads\/2017\/11\/0x0-1-sa\u011fl\u0131k.jpg",640,363,false]},"categories_names":{"190":{"name":"Genel Sa\u011fl\u0131k","link":"https:\/\/balcilar-blog.com\/?cat=190"}},"tags_names":{"1571":{"name":"Ayd\u0131n Adnan Menderes \u00dcniversitesi Ara\u015ft\u0131rma Hastanesi","link":"https:\/\/balcilar-blog.com\/?tag=aydin-adnan-menderes-universitesi-arastirma-hastanesi"},"1570":{"name":"Genel sa\u011fl\u0131k","link":"https:\/\/balcilar-blog.com\/?tag=genel-saglik"},"1568":{"name":"Yrd.Do\u00e7.Dr.Abdullah Top\u00e7u","link":"https:\/\/balcilar-blog.com\/?tag=yrd-doc-dr-abdullah-topcu"}},"comments_number":"0","wpmagazine_modules_lite_featured_media_urls":{"thumbnail":["https:\/\/balcilar-blog.com\/wp-content\/uploads\/2017\/11\/0x0-1-sa\u011fl\u0131k-150x150.jpg",150,150,true],"cvmm-medium":["https:\/\/balcilar-blog.com\/wp-content\/uploads\/2017\/11\/0x0-1-sa\u011fl\u0131k.jpg",300,170,false],"cvmm-medium-plus":["https:\/\/balcilar-blog.com\/wp-content\/uploads\/2017\/11\/0x0-1-sa\u011fl\u0131k.jpg",305,173,false],"cvmm-portrait":["https:\/\/balcilar-blog.com\/wp-content\/uploads\/2017\/11\/0x0-1-sa\u011fl\u0131k.jpg",400,227,false],"cvmm-medium-square":["https:\/\/balcilar-blog.com\/wp-content\/uploads\/2017\/11\/0x0-1-sa\u011fl\u0131k.jpg",600,340,false],"cvmm-large":["https:\/\/balcilar-blog.com\/wp-content\/uploads\/2017\/11\/0x0-1-sa\u011fl\u0131k.jpg",640,363,false],"cvmm-small":["https:\/\/balcilar-blog.com\/wp-content\/uploads\/2017\/11\/0x0-1-sa\u011fl\u0131k.jpg",130,74,false],"full":["https:\/\/balcilar-blog.com\/wp-content\/uploads\/2017\/11\/0x0-1-sa\u011fl\u0131k.jpg",640,363,false]},"_links":{"self":[{"href":"https:\/\/balcilar-blog.com\/index.php?rest_route=\/wp\/v2\/posts\/20862","targetHints":{"allow":["GET"]}}],"collection":[{"href":"https:\/\/balcilar-blog.com\/index.php?rest_route=\/wp\/v2\/posts"}],"about":[{"href":"https:\/\/balcilar-blog.com\/index.php?rest_route=\/wp\/v2\/types\/post"}],"author":[{"embeddable":true,"href":"https:\/\/balcilar-blog.com\/index.php?rest_route=\/wp\/v2\/users\/3"}],"replies":[{"embeddable":true,"href":"https:\/\/balcilar-blog.com\/index.php?rest_route=%2Fwp%2Fv2%2Fcomments&post=20862"}],"version-history":[{"count":4,"href":"https:\/\/balcilar-blog.com\/index.php?rest_route=\/wp\/v2\/posts\/20862\/revisions"}],"predecessor-version":[{"id":20867,"href":"https:\/\/balcilar-blog.com\/index.php?rest_route=\/wp\/v2\/posts\/20862\/revisions\/20867"}],"wp:featuredmedia":[{"embeddable":true,"href":"https:\/\/balcilar-blog.com\/index.php?rest_route=\/wp\/v2\/media\/20864"}],"wp:attachment":[{"href":"https:\/\/balcilar-blog.com\/index.php?rest_route=%2Fwp%2Fv2%2Fmedia&parent=20862"}],"wp:term":[{"taxonomy":"category","embeddable":true,"href":"https:\/\/balcilar-blog.com\/index.php?rest_route=%2Fwp%2Fv2%2Fcategories&post=20862"},{"taxonomy":"post_tag","embeddable":true,"href":"https:\/\/balcilar-blog.com\/index.php?rest_route=%2Fwp%2Fv2%2Ftags&post=20862"}],"curies":[{"name":"wp","href":"https:\/\/api.w.org\/{rel}","templated":true}]}}