{"id":20835,"date":"2017-10-09T12:44:49","date_gmt":"2017-10-09T09:44:49","guid":{"rendered":"http:\/\/balcilar-blog.com\/?p=20835"},"modified":"2017-10-09T13:09:05","modified_gmt":"2017-10-09T10:09:05","slug":"gecen-haftanin-02-08-ekim-2017-en-cok-izlenen-dizileri","status":"publish","type":"post","link":"https:\/\/balcilar-blog.com\/?p=20835","title":{"rendered":"Ge\u00e7en Haftan\u0131n (02 &#8211; 08 Ekim 2017) en \u00e7ok izlenen dizileri!"},"content":{"rendered":"<p><img loading=\"lazy\" decoding=\"async\" class=\"alignnone size-full wp-image-20853\" src=\"http:\/\/balcilar-blog.com\/wp-content\/uploads\/2017\/10\/9-EK\u0130M.jpg\" alt=\"\" width=\"640\" height=\"401\" srcset=\"https:\/\/balcilar-blog.com\/wp-content\/uploads\/2017\/10\/9-EK\u0130M.jpg 640w, https:\/\/balcilar-blog.com\/wp-content\/uploads\/2017\/10\/9-EK\u0130M-300x188.jpg 300w\" sizes=\"auto, (max-width: 640px) 100vw, 640px\" \/><\/p>\n<p>TNS \u00f6l\u00e7\u00fcmlerine g\u00f6re haz\u0131rlad\u0131\u011f\u0131m <strong>02 &#8211; 08 Ekim 2017<\/strong> Tarihleri aras\u0131nda en \u00e7ok seyredilen alt\u0131 Ulusal kanallar\u0131m\u0131zda ekranlar\u0131m\u0131za gelen 32 dizi aras\u0131nda, Total\u2019de ve AB\u2019de ilk ona giren, haftan\u0131n dizi karnesini a\u015fa\u011f\u0131da bilgilerinize sunuyorum.<\/p>\n<p><strong>Ge\u00e7en Hafta G\u00f6sterimdeki Diziler :<\/strong><\/p>\n<p>\u0130simsizler, S\u00f6z, K\u0131rg\u0131n \u00c7i\u00e7ekler, Kay\u0131t D\u0131\u015f\u0131, E\u015fk\u0131ya D\u00fcnyaya H\u00fck\u00fcmdar Olmaz, Dolunay, Tutsak,\u00a0 Klavye Delikanl\u0131lar\u0131 (Yeni), Meryem, Seven Ne Yapmaz, No:309, \u00c7ember, Kanats\u0131z Ku\u015flar, Ver Elini A\u015fk, Bizim Hikaye, Siyah \u0130nci, A\u015fk ve Mavi, \u015eevkat Yerimdar, Arka Sokaklar, Kalp At\u0131\u015f\u0131, \u0130stanbullu Gelin, Payitaht Abd\u00fclhamit, Kalbimdeki Deniz, Fazilet Han\u0131m ve K\u0131zlar\u0131, Yeni Gelin, Yalaza, Sevdan\u0131n Bah\u00e7esi, Sava\u015f\u00e7\u0131, \u00c7ocuklar Duymas\u0131n, Cennetin G\u00f6z Ya\u015flar\u0131, Masum ve Ate\u015fb\u00f6ce\u011fi dizilerinin yeni b\u00f6l\u00fcmleri yay\u0131nland\u0131.<\/p>\n<p><strong>Haftan\u0131n dizilerinde ;<\/strong><\/p>\n<p>Total\u2019in ilk s\u0131ras\u0131nda bu hafta Star Tv\u2019nin S\u00f6z, 10,81 reyting puan\u0131 ile bu hafta da birinci s\u0131rada yer ald\u0131. Total\u2019in 10.s\u0131ras\u0131nda Atv\u2019nin \u2018K\u0131rag\u0131n \u00c7i\u00e7ekler\u2019 91.b\u00f6l\u00fcm\u00fcnde ald\u0131\u011f\u0131 5,43 puanla 1o. s\u0131rada yer ald\u0131.<\/p>\n<p>AB\u2019nin ilk s\u0131ras\u0131nda, Atv\u2019nin &#8220;E\u015fk\u0131ya d\u00fcnyaya H\u00fck\u00fcmdar Olmaz&#8221; dizisi bu hafta 74. b\u00f6l\u00fcmde ald\u0131\u011f\u0131 8,79 puanla birinci s\u0131rada yer alm\u0131\u015ft\u0131r. Star Tv\u2019nin \u2018Dolunay\u2019 AB\u2019de de ald\u0131\u011f\u0131, 4,69 puanla 10.s\u0131rada yer ald\u0131.<\/p>\n<p>Ge\u00e7en hafta yeni ba\u015flayan dizi &#8220;<strong>Klavye Delikanl\u0131lar\u0131&#8221;<\/strong> ilgin\u00e7 ama, reytinglerde ba\u015far\u0131l\u0131 olamad\u0131.\u00a0 \u0130lerleyen b\u00f6l\u00fcmlerde g\u00f6rece\u011fiz seyrini&#8230;<\/p>\n<p><strong>Bu hafta en \u00e7ok izlenen ilk ona giren dizlere g\u00f6z atal\u0131m.<\/strong><\/p>\n<p>Bu s\u0131ralama sadece dizilerin reytingler y\u00fczdesine g\u00f6re en \u00e7ok izlenen dizilerin ilk 10\u2019da yer alanlar\u0131n\u0131 s\u0131ralamaya koyuyorum. Yar\u0131\u015fma, e\u011flence ve haber programlar\u0131 y\u00fczdeleri y\u00fcksek olsa da bu s\u0131ralamaya koymuyorum. Bu sadece dizilerin yar\u0131\u015f\u0131d\u0131r, en \u00e7ok izlenen dizilerin s\u0131ralamas\u0131d\u0131r. Bir nevi dizilerin karnesidir.<\/p>\n<p>&nbsp;<\/p>\n<p><strong>Ge\u00e7en Haftan\u0131n En \u00c7ok \u0130zlenen Dizileri:<\/strong><\/p>\n<p><strong>Total ilk 10 :<\/strong><\/p>\n<p>1.S\u00f6z 15.B\u00f6l\u00fcm (Star Tv)&#8230;&#8230;&#8230;&#8230;&#8230;&#8230;&#8230;&#8230;&#8230;&#8230;&#8230;&#8230;&#8230;&#8230;&#8230;&#8230;..10,81 &#8211; 27,53<\/p>\n<p>2-E\u015fk\u0131ya D\u00fcnyaya H\u00fck\u00fcmdar Olmaz 74.B\u00f6l\u00fcm (Atv)&#8230;..8,91 &#8211; 22,17<\/p>\n<p>3.Yeni Gelin 19.B\u00f6l\u00fcm (Show Tv)&#8230;&#8230;&#8230;&#8230;&#8230;&#8230;&#8230;&#8230;&#8230;&#8230;&#8230;&#8230;.8,14 &#8211; 21,62<\/p>\n<p>4.Bizim Hikaye 4.B\u00f6l\u00fcm (Fox Tv)&#8230;&#8230;&#8230;&#8230;&#8230;&#8230;&#8230;&#8230;&#8230;&#8230;&#8230;&#8230;6,88 &#8211; 17,57<\/p>\n<p>5.Meryem 10.B\u00f6l\u00fcm (Kanal D)&#8230;&#8230;&#8230;&#8230;&#8230;&#8230;&#8230;&#8230;&#8230;&#8230;&#8230;&#8230;&#8230;..6,59 &#8211; 18,56<\/p>\n<p>6.Sava\u015f\u00e7\u0131 15.B\u00f6l\u00fcm (Fox Tv)&#8230;&#8230;&#8230;&#8230;&#8230;&#8230;&#8230;&#8230;&#8230;&#8230;&#8230;&#8230;&#8230;&#8230;..6,46 &#8211; 16,37<\/p>\n<p>7.A\u015fk ve Mavi 35.B\u00f6l\u00fcm (Atv)&#8230;&#8230;&#8230;&#8230;&#8230;&#8230;&#8230;&#8230;&#8230;&#8230;&#8230;&#8230;&#8230;&#8230;6,36 &#8211; 15,58<\/p>\n<p>8.\u015eevkat Yerimdar 19.B\u00f6l\u00fcm (Fox Tv)\u2026\u2026\u2026\u2026\u2026\u2026\u2026\u2026\u2026..5,85 &#8211; 14,37<\/p>\n<p>9.Arka Sokaklar 451.B\u00f6l\u00fcm (Kanal D)&#8230;&#8230;&#8230;&#8230;&#8230;&#8230;&#8230;&#8230;&#8230;..5,53 &#8211; 13,03<\/p>\n<p>10.K\u0131rg\u0131n \u00c7i\u00e7ekler 91 B\u00f6l\u00fcm (Atv)&#8230;&#8230;&#8230;&#8230;&#8230;&#8230;&#8230;&#8230;&#8230;&#8230;&#8230;..5,43 &#8211; 13,28<\/p>\n<p>&nbsp;<\/p>\n<p><strong>AB\u2019de ilk 10 :<\/strong><\/p>\n<p>1-E\u015fk\u0131ya D\u00fcnyaya H\u00fck\u00fcmdar Olmaz 74.B\u00f6l\u00fcm (Atv)&#8230;.8,79 &#8211; 22,65<\/p>\n<p>2.Meryem 10.B\u00f6l\u00fcm (Kanal D)&#8230;&#8230;&#8230;&#8230;&#8230;&#8230;&#8230;&#8230;&#8230;&#8230;&#8230;&#8230;&#8230;.8,50 &#8211; 24,23<\/p>\n<p>3.S\u00f6z 15.B\u00f6l\u00fcm (Star Tv)&#8230;&#8230;&#8230;&#8230;&#8230;&#8230;&#8230;&#8230;&#8230;&#8230;&#8230;&#8230;&#8230;&#8230;&#8230;&#8230;.8,14 &#8211; 20,72<\/p>\n<p>4.\u0130stanbullu Gelin 19.B\u00f6l\u00fcm (Star Tv)&#8230;&#8230;&#8230;&#8230;&#8230;&#8230;&#8230;&#8230;&#8230;..7,17 &#8211; 17,24<\/p>\n<p>5.Bizim Hikaye 4.B\u00f6l\u00fcm (Fox Tv)&#8230;&#8230;&#8230;&#8230;&#8230;&#8230;&#8230;&#8230;&#8230;&#8230;&#8230;..6,14 &#8211; 15,41<\/p>\n<p>6.Kay\u0131t D\u0131\u015f\u0131 3.B\u00f6l\u00fcm (Fox Tv)&#8230;&#8230;&#8230;&#8230;&#8230;&#8230;&#8230;&#8230;&#8230;&#8230;&#8230;&#8230;&#8230;..6,01 &#8211; 14,82<\/p>\n<p>7.\u0130simsizler 17.B\u00f6l\u00fcm (Kanal D)&#8230;&#8230;&#8230;&#8230;&#8230;&#8230;&#8230;&#8230;&#8230;&#8230;&#8230;&#8230;..5,40 &#8211; 13,47<\/p>\n<p>8.Sava\u015f\u00e7\u0131 15.B\u00f6l\u00fcm (Fox)&#8230;&#8230;&#8230;&#8230;&#8230;&#8230;&#8230;&#8230;&#8230;&#8230;&#8230;&#8230;&#8230;&#8230;&#8230;&#8230;5,07 &#8211; 12,80<\/p>\n<p>9.\u00c7ocuklar Duymas\u0131n 11.B\u00f6l\u00fcm (Kanal D)&#8230;&#8230;&#8230;&#8230;&#8230;&#8230;&#8230;4,70 &#8211; 11,96<\/p>\n<p>10.Dolunay 14.B\u00f6l\u00fcm (Star Tv)&#8230;&#8230;&#8230;&#8230;&#8230;&#8230;&#8230;&#8230;&#8230;&#8230;&#8230;&#8230;..4,69 &#8211; 12,63<\/p>\n<p>&nbsp;<\/p>\n<p><strong>TOTAL ve AB Grubunda reytingleri en y\u00fcksek olan Haftan\u0131n ilk 5 s\u0131ralamas\u0131 :<\/strong><\/p>\n<p><strong>1.S\u00d6Z<\/strong> : Star Tv\u2019nin be\u011fenilen dizisi S\u00f6z 14.b\u00f6l\u00fcm\u00fcnde Total\u2019de ald\u0131\u011f\u0131 10,81 gibi y\u00fcksek bir puanla haftan\u0131n dizileri aras\u0131nda bu hafta yine 1.s\u0131rada yer ald\u0131.<\/p>\n<p><img loading=\"lazy\" decoding=\"async\" class=\"alignnone size-full wp-image-20841\" src=\"http:\/\/balcilar-blog.com\/wp-content\/uploads\/2017\/10\/76117-s\u00f6z-15.bl_..jpg\" alt=\"\" width=\"640\" height=\"479\" srcset=\"https:\/\/balcilar-blog.com\/wp-content\/uploads\/2017\/10\/76117-s\u00f6z-15.bl_..jpg 640w, https:\/\/balcilar-blog.com\/wp-content\/uploads\/2017\/10\/76117-s\u00f6z-15.bl_.-300x225.jpg 300w\" sizes=\"auto, (max-width: 640px) 100vw, 640px\" \/><\/p>\n<p><strong>Yavuz, B\u00fcy\u00fck Bey\u2019in s\u0131rr\u0131na yakla\u015f\u0131yor&#8230;<\/strong><br \/>\nT\u00fcrkmen k\u00f6y\u00fcndeki halk\u0131 koruma g\u00f6revi alan Tim ile k\u00f6y\u00fc almak isteyen ter\u00f6ristler aras\u0131nda yo\u011fun ve tehlikeli bir \u00e7at\u0131\u015fma ba\u015flar. \u00c7at\u0131\u015fma s\u00fcrerken bir yanda Haf\u0131z di\u011fer yanda ise Fatma hayatta kalma m\u00fccadelesi verir. Uzun s\u00fcren m\u00fccadelenin sonunda Tim\u2019i k\u00f6t\u00fc bir s\u00fcrpriz beklemektedir.<\/p>\n<p>Ag\u00e2h ile i\u015fbirli\u011fi yapan \u00c7olak olduk\u00e7a tehlikeli silahlara ula\u015fm\u0131\u015ft\u0131r. Bu silahlar\u0131 ele ge\u00e7irmek i\u00e7in yap\u0131lan e\u015f zamanl\u0131 operasyonda Karabatak ve \u00c7aylak yurtd\u0131\u015f\u0131ndaki bir kumarhanede \u00f6nemli bir istihbarat edinmek i\u00e7in u\u011fra\u015f\u0131rken, Yavuz\u2019un liderli\u011findeki Tim ise b\u00fcy\u00fck bir tehdidin ortas\u0131nda bulur kendini. \u0130stihbarattan gelen bir foto\u011frafla Yavuz hem B\u00fcy\u00fck Bey ile ilgili bir s\u0131rla hem de \u00f6l\u00fcmle burun buruna gelecektir.<\/p>\n<p>&nbsp;<\/p>\n<p><strong>2.E\u015eKIYA D\u00dcNYAYA H\u00dcK\u00dcMDAR OLMAZ :<\/strong> Atv\u2019nin Sal\u0131 ak\u015famlar\u0131 ekranlara gelen macera dizisinin 74.b\u00f6l\u00fcm\u00fcnde AB\u2019de ald\u0131\u011f\u0131 rekor 8,79 reyting puan\u0131 ile haftan\u0131n dizileri aras\u0131nda bu hafta yeni sezonunda 2 s\u0131rada yer ald\u0131.<\/p>\n<p><img loading=\"lazy\" decoding=\"async\" class=\"alignnone size-full wp-image-20844\" src=\"http:\/\/balcilar-blog.com\/wp-content\/uploads\/2017\/10\/EDHO-74-bolum-foto-.jpg\" alt=\"\" width=\"640\" height=\"427\" srcset=\"https:\/\/balcilar-blog.com\/wp-content\/uploads\/2017\/10\/EDHO-74-bolum-foto-.jpg 640w, https:\/\/balcilar-blog.com\/wp-content\/uploads\/2017\/10\/EDHO-74-bolum-foto--300x200.jpg 300w\" sizes=\"auto, (max-width: 640px) 100vw, 640px\" \/><\/p>\n<p>H\u0131z\u0131r, k\u0131z\u0131n\u0131n \u00f6l\u00fcm\u00fcne sebebiyet veren d\u00fc\u015fman\u0131ndan t\u00fcm zor ko\u015fullara ra\u011fmen intikam\u0131n\u0131 alm\u0131\u015f, kalbini biraz olsun so\u011futmu\u015ftur. Bunun ger\u00e7ekle\u015fmesine olanak sa\u011flayan Nevzat, \u00f6ld\u00fcr\u00fclenin bir gizli tan\u0131k olmas\u0131 nedeniyle, devletin g\u00f6lgesinin art\u0131k \u00c7ak\u0131rbeyliler \u00fczerinde olmayaca\u011f\u0131n\u0131 a\u00e7\u0131k\u00e7a belirtir. B\u00f6ylece masaya kabul g\u00f6r\u00fclecekleri konusunda s\u00f6z verilen yeni isimler, oldu\u011fundan daha tehlikeli bir konuma gelir. Bir an \u00f6nce yok edilmeleri mevzusunda uzla\u015f\u0131lsa da Kimsesiz Ya\u015far masada yapaca\u011f\u0131 hamlesiyle dokunulmaz olmay\u0131 ba\u015faracakt\u0131r. Tam bitti denilen yerden yeniden ba\u015flayan felaketler zinciri kimsenin rahat bir nefes almas\u0131na izin vermez. Zeyno&#8217;nun intikam\u0131n\u0131n al\u0131nmas\u0131nda b\u00fcy\u00fck katk\u0131s\u0131 olan Servet, k\u0131sa zamanda d\u00fc\u015fmanlar taraf\u0131ndan fark edilir. M\u00fcbeccel&#8217;i de yan\u0131na alarak bir an \u00f6nce \u00fclkeyi terk etmekten ba\u015fka \u00e7aresi kalmaz. Yapacaklar\u0131 yolculu\u011fun varaca\u011f\u0131 yeri ise kimse tahmin edemeyecektir.<\/p>\n<p><strong>3.MERYEM<\/strong> : Kanal D&#8217;nin be\u011fenilen dizisi Meryem bu hafta 10.B\u00f6l\u00fcm\u00fcnde AB&#8217;de ald\u0131\u011f\u0131 8,50 reyting puan\u0131 ile 3.s\u0131rada yer al\u0131yor.<\/p>\n<p><img loading=\"lazy\" decoding=\"async\" class=\"alignnone size-full wp-image-20845\" src=\"http:\/\/balcilar-blog.com\/wp-content\/uploads\/2017\/10\/meryem-10.bl_..jpg\" alt=\"\" width=\"640\" height=\"400\" srcset=\"https:\/\/balcilar-blog.com\/wp-content\/uploads\/2017\/10\/meryem-10.bl_..jpg 640w, https:\/\/balcilar-blog.com\/wp-content\/uploads\/2017\/10\/meryem-10.bl_.-300x188.jpg 300w\" sizes=\"auto, (max-width: 640px) 100vw, 640px\" \/><\/p>\n<p>Arif\u2019in konu\u015ftu\u011fu haberini alan Oktay ve Sava\u015f, ne s\u00f6yledi\u011fini \u00f6\u011frenmek \u00fczere klini\u011fe do\u011fru yol al\u0131rlar. \u00dcstelik Meryem klini\u011fe girmi\u015f, babas\u0131na ula\u015fmak \u00fczeredir. Arif\u2019in tek amac\u0131 ise k\u0131z\u0131n\u0131 Oktay\u2019a kar\u015f\u0131 uyarmak ve kendisini komaya sokan ki\u015finin o oldu\u011funu s\u00f6ylemektir. Burcu, kendisini ve G\u00fc\u00e7l\u00fc\u2019y\u00fc yaralayan\u0131n Ertan oldu\u011fundan \u015f\u00fcphelenmeye ba\u015flar. Burcu ve G\u00fc\u00e7l\u00fc, Ertan\u2019\u0131n pe\u015fine d\u00fc\u015ferlerken Sava\u015f, Arif\u2019in konu\u015ftu\u011fu haberini verdikten sonra ortadan kaybolan hem\u015firenin pe\u015fine d\u00fc\u015fer.<\/p>\n<p>Sevdikleri zarar g\u00f6rd\u00fck\u00e7e kendini daha da su\u00e7layan Meryem, kaza gecesiyle ilgili ger\u00e7ekleri yazd\u0131\u011f\u0131 bir mektubu Sevin\u00e7\u2019in mezar\u0131na b\u0131rak\u0131r ve yeni bir karar al\u0131r. Sava\u015f, Meryem\u2019i\u00a0karar\u0131ndan vazge\u00e7irmek ve ona ger\u00e7ekleri g\u00f6stermek i\u00e7in elinden geleni yapacakt\u0131r.<\/p>\n<p>&nbsp;<\/p>\n<p><strong>4.YEN\u0130 GEL\u0130N<\/strong> : Show Tv\u2019nin sevilen dizisi 19.b\u00f6l\u00fcm\u00fcnde Total\u2019de ald\u0131\u011f\u0131 8,14 reyting puan\u0131 ile bu hafta da 4.s\u0131rada yer alm\u0131\u015ft\u0131r.<\/p>\n<p><img loading=\"lazy\" decoding=\"async\" class=\"alignnone size-full wp-image-20840\" src=\"http:\/\/balcilar-blog.com\/wp-content\/uploads\/2017\/10\/yeni-gelin-19.bl_.jpg\" alt=\"\" width=\"640\" height=\"427\" srcset=\"https:\/\/balcilar-blog.com\/wp-content\/uploads\/2017\/10\/yeni-gelin-19.bl_.jpg 640w, https:\/\/balcilar-blog.com\/wp-content\/uploads\/2017\/10\/yeni-gelin-19.bl_-300x200.jpg 300w\" sizes=\"auto, (max-width: 640px) 100vw, 640px\" \/><\/p>\n<p>Yeni Gelin\u2019in 19. b\u00f6l\u00fcm\u00fcnde; G\u00f6khan\u2019\u0131n k\u00f6t\u00fc s\u00fcrprizi, ba\u015fta Afet ve Ay\u015fe olmak \u00fczere, konaktaki kimseyi memnun etmemi\u015f; gelin-kaynana; aylard\u0131r yolunu g\u00f6zledikleri G\u00f6khan\u2019\u0131 bir kad\u0131nla g\u00f6r\u00fcnce bunu kald\u0131ramam\u0131\u015ft\u0131r. Ay\u015fe, bunu hazmedemedi\u011finde ay\u0131l\u0131p bay\u0131l\u0131rken Afet\u2019in olaylar\u0131 hazmedememe bi\u00e7imi \u00e7ok ba\u015fkad\u0131r. Kendi can\u0131 ne kadar yand\u0131ysa, G\u00f6khan\u2019\u0131n can\u0131n\u0131 da o kadar yakacakt\u0131r. G\u00f6z\u00fcn\u00fc karartan Afet\u2019i t\u00fcm konak ikna etmeye \u00e7al\u0131\u015f\u0131r. G\u00f6khan, yapt\u0131\u011f\u0131na pi\u015fman olmu\u015ftur olmas\u0131na ama art\u0131k \u00e7ok ge\u00e7tir. Kalender, konaktaki k\u00f6t\u00fc atmosferin da\u011f\u0131lmas\u0131 i\u00e7in kollar\u0131 s\u0131var, o\u011fullar\u0131n\u0131 ve gelinlerini denize g\u00f6t\u00fcr\u00fcr. Ama\u00e7lar\u0131, ya\u015fanan tats\u0131zl\u0131klar\u0131 unutmak, iyi vakit ge\u00e7irmektir. Tabi ki bu m\u00fcmk\u00fcn olmaz. Hazar\u2019\u0131n i\u00e7inde zapt edemedi\u011fi k\u00fclhan beyi yine ba\u015f g\u00f6stermi\u015f ve solu\u011fu parmakl\u0131klar ard\u0131nda alm\u0131\u015flard\u0131r. Bozok erkeklerinin ba\u015f\u0131, b\u00fcy\u00fck bir beladad\u0131r. Fakat bir el, bunlar\u0131 t\u00fcm belalar\u0131n i\u00e7inden \u00e7ekip kurtar\u0131r. Bu el; Kalender\u2019in akl\u0131n\u0131 ba\u015f\u0131ndan alacak, ona bildi\u011fi her\u015feyi unutturacak birinin elidir. \u015eimdilik kimse bu tehlikenin fark\u0131nda de\u011fildir. Bozok erkekleri hapisten \u00e7\u0131km\u0131\u015f, kona\u011fa nispeten sakin bir iklim hakim olmu\u015fken bir Bozok klasi\u011fi olarak yine kap\u0131ya jandarmalar dayan\u0131r. Bu seferki ihbar hem \u00e7ok ciddi, hem de Kalender Bozok\u2019un kald\u0131ramayaca\u011f\u0131 t\u00fcrdendir. Yani yine, Hazar ve Bella b\u00fcy\u00fck bir s\u0131navla kar\u015f\u0131 kar\u015f\u0131yad\u0131r.<\/p>\n<p>&nbsp;<\/p>\n<p><strong>5.\u0130STANBULLU GEL\u0130N<\/strong> : Star Tv&#8217;nin sevilen dizisi \u0130stanbullu Gelin, AB&#8217;de ald\u0131\u011f\u0131 7,17 reyting puan\u0131 ile haftan\u0131n dizileri aras\u0131nda ilk 5.s\u0131rada yer ald\u0131.<\/p>\n<p><img loading=\"lazy\" decoding=\"async\" class=\"alignnone size-full wp-image-20842\" src=\"http:\/\/balcilar-blog.com\/wp-content\/uploads\/2017\/10\/76128-ist.gelin-19.jpg\" alt=\"\" width=\"640\" height=\"427\" srcset=\"https:\/\/balcilar-blog.com\/wp-content\/uploads\/2017\/10\/76128-ist.gelin-19.jpg 640w, https:\/\/balcilar-blog.com\/wp-content\/uploads\/2017\/10\/76128-ist.gelin-19-300x200.jpg 300w\" sizes=\"auto, (max-width: 640px) 100vw, 640px\" \/><\/p>\n<p><strong>Faruk ve S\u00fcreyya yol ayr\u0131m\u0131nda!<\/strong><br \/>\nBir yol ayr\u0131m\u0131na gelen Faruk ve S\u00fcreyya geri ad\u0131m atmamakta olduk\u00e7a kararl\u0131d\u0131rlar. Bu duruma seyirci kalmak istemeyen konak sakinleri \u00f6zenle haz\u0131rlad\u0131klar\u0131 oyunu devreye sokarlar.\u00a0Garip\u2019in \u015fa\u015f\u0131rt\u0131c\u0131 s\u00f6zleri Esma\u2019n\u0131n onunla ilgili kesin yarg\u0131lar\u0131n\u0131 g\u00f6zden ge\u00e7irmesine sebep olur. Faruk, bir yandan S\u00fcreyya\u2019n\u0131n hamlelerini \u00e7\u00f6zmeye \u00e7al\u0131\u015f\u0131rken bir yandan da Adem\u2019i kontrol alt\u0131na tutmaya \u00e7al\u0131\u015fmaktad\u0131r. Ancak Adem kimsenin cesaret edemeyece\u011fi bir intikam plan\u0131n\u0131 uygulayarak herkesi \u015fok edecektir.<\/p>\n<p>&nbsp;<\/p>\n<p><strong>Her iki kategorinin ilk on\u2019da yer alan dizileri :<\/strong>S\u00f6z, E\u015fk\u0131ya D\u00fcnyaya H\u00fck\u00fcmdar Olmaz, Meryem, Bizim Hikaye ve Sava\u015f\u00e7\u0131 her iki grupta yer alan diziler olmu\u015ftur.<\/p>\n<p>&nbsp;<\/p>\n<p><strong>KANALLARA G\u00d6RE SIRALAMAYA G\u00d6Z ATARSAK:<\/strong><\/p>\n<p><strong>Total grubunda ilk onda<\/strong>: Atv ve Fox tv. 3&#8217;er dizi. Kanal D 2 Dizi. Star ve Show Tv birer dizi ile yer alm\u0131\u015ft\u0131r.<\/p>\n<p><strong>AB\u2019de ilk onda<\/strong>: Fox Tv, Kanal D ve Star Tv. 3&#8217;er dizi. Atv bir dizi ile yer alm\u0131\u015ft\u0131r<\/p>\n<p><strong>Bu haftan\u0131n kanal<\/strong>\u0131; AB&#8217;de 3 dizi ve Total&#8217;de 3 dizi ile <strong>Fox Tv<\/strong>. haftan\u0131n kanal\u0131 olmu\u015flard\u0131r.<\/p>\n<p>&nbsp;<\/p>\n<p><strong>YEN\u0130 D\u0130Z\u0130LER :<\/strong><\/p>\n<p><strong>ASLAN A\u0130LEM (TRT1) :<\/strong><\/p>\n<p><img loading=\"lazy\" decoding=\"async\" class=\"alignnone size-full wp-image-20847\" src=\"http:\/\/balcilar-blog.com\/wp-content\/uploads\/2017\/10\/aslan-ailem-2.jpg\" alt=\"\" width=\"565\" height=\"480\" srcset=\"https:\/\/balcilar-blog.com\/wp-content\/uploads\/2017\/10\/aslan-ailem-2.jpg 565w, https:\/\/balcilar-blog.com\/wp-content\/uploads\/2017\/10\/aslan-ailem-2-300x255.jpg 300w\" sizes=\"auto, (max-width: 565px) 100vw, 565px\" \/><\/p>\n<p>ES Film yap\u0131mc\u0131l\u0131\u011f\u0131nda \u00e7ekilen y\u00f6netmenli\u011fini \u00d6mer U\u011fur\u2019un \u00fcstlenece\u011fi s\u0131cac\u0131k bir Aile dizisi \u201c<strong>Aslan Ailem<\/strong>\u201d 15 Ekim Pazar ak\u015fam\u0131 TRT ekranlar\u0131na geliyor.<\/p>\n<p>\u201cPayitaht Abd\u00fclhamid\u201d ve \u201c\u0130simsizler\u201d gibi \u00f6nemli dizi projelerinin yarat\u0131c\u0131s\u0131 ES Film, Yusuf Esenkal ve Serdar \u00d6\u011fretici, \u2018Aslan Ailem\u2019 ile ekranlara aile ili\u015fkilerinin de\u011ferini anlatt\u0131klar\u0131, ayn\u0131 zamanda romantizmi ve komediyi i\u00e7inde bar\u0131nd\u0131racak yepyeni bir projeye imza atacaklar.<\/p>\n<p><strong>Ba\u015frollerini; Ak\u0131n Ak\u0131n\u00f6z\u00fc, Zerrin S\u00fcmer, Benian D\u00f6nmez, Hakan Sal\u0131nm\u0131\u015f, Ferdi Sancar, F\u0131rat Altunme\u015fe, Bora Akka\u015f, Levent \u00d6zdilek, Burcu \u00d6zberk, Esra S\u00f6nmezer, Eda \u015e\u00f6lenci, Mehmet \u015eeker ve \u0130pek \u00d6za\u011fan<\/strong> payla\u015f\u0131yorlar.<\/p>\n<p>\u00d6yk\u00fc ve senaryosunu Nuray Uslu ve Ay\u00e7a Mutlugil\u2019in yazd\u0131\u011f\u0131 dizinin Genel Koordinat\u00f6rl\u00fc\u011f\u00fcn\u00fc Sibel Tuna, Uygulay\u0131c\u0131 Yap\u0131mc\u0131l\u0131\u011f\u0131n\u0131 Zeynep Tuna \u00fcstlenirken, dizinin m\u00fcziklerinde klarnet virt\u00fc\u00f6z\u00fc Serkan \u00c7a\u011fr\u0131 imzas\u0131 yer alacak.<br \/>\n\u00c7ekimleri Poyrazk\u00f6y ve civar\u0131nda ger\u00e7ekle\u015fen \u201cAslan Ailem\u201d, karakterleri birbirinden farkl\u0131 4 erkek karde\u015f ile anne, baba ve babaannelerin etraf\u0131nda d\u00f6nen, bu eksende birbiriyle s\u00fcrpriz ba\u011flant\u0131lar ya\u015fayacaklar\u0131 romantik, heyecanl\u0131 hik\u00e2yeleri de i\u00e7inde bar\u0131nd\u0131ran tatl\u0131, s\u0131cak ve komik bir aile dizisi olarak 15 Ekim Pazar ak\u015fam\u0131 TRT1 ekranlar\u0131nda&#8230;<\/p>\n<p><img loading=\"lazy\" decoding=\"async\" class=\"size-full wp-image-20849\" src=\"http:\/\/balcilar-blog.com\/wp-content\/uploads\/2017\/10\/mehmed-bir-cihan-fatihi-dizisi-730x411.jpg\" alt=\"\" width=\"442\" height=\"360\" srcset=\"https:\/\/balcilar-blog.com\/wp-content\/uploads\/2017\/10\/mehmed-bir-cihan-fatihi-dizisi-730x411.jpg 442w, https:\/\/balcilar-blog.com\/wp-content\/uploads\/2017\/10\/mehmed-bir-cihan-fatihi-dizisi-730x411-300x244.jpg 300w\" sizes=\"auto, (max-width: 442px) 100vw, 442px\" \/><\/p>\n<p>Kenan \u0130mirzal\u0131o\u011flu&#8217;nun &#8220;Mehmet: Bir Cihan Fatihi&#8221; dizisi merakla bekleniyor. 03 Medya&#8217;n\u0131n yap\u0131mc\u0131l\u0131\u011f\u0131n\u0131 \u00fcstlendi\u011fi dizi yak\u0131nda Kanal D ekranlar\u0131nda olacak.<\/p>\n<p>EK\u0130M ay\u0131n\u0131n ortalar\u0131na geldik bile. Baz\u0131 sezon dizleri hen\u00fcz yay\u0131na ba\u015flamad\u0131. \u00d6rnek TRT&#8217;in Dirili\u015f Ertu\u011frul nedense bu y\u0131l ge\u00e7 kald\u0131. Asl\u0131na bakarsan\u0131z elinde pek dizi de kalmad\u0131. Payitah Abd\u00fclhamit bir de yeni ba\u015flayan Yalaza var. \u00d6n\u00fcm\u00fczdeki g\u00fcnlerde yeni dizler gelecektir. Zaten \u015fu anda haftada 32 dizi ekranlara geliyor. Fazlas\u0131n\u0131 takip etmek zor.<\/p>\n<div id=\"mCSB_1_container\" class=\"mCSB_container\" dir=\"ltr\">\n<div class=\"etiket\">\n<p>Sayg\u0131lar ve sevgiler.<\/p>\n<\/div>\n<div class=\"etiket\">\n<p>Abdurrahman Balc\u0131lar<\/p>\n<p>Twitter:\u00a0<a href=\"https:\/\/twitter.com\/abbalcilar\">abdurrahman balc\u0131lar<\/a><a href=\"https:\/\/twitter.com\/abbalcilar\"><strong>@abbalcilar<\/strong><\/a><\/p>\n<p>Mail :\u00a0<a href=\"mailto:ab.balcilar@hotmail.com\">ab.balcilar@hotmail.com<\/a><\/p>\n<p>Blog:\u00a0<a href=\"http:\/\/t.co\/znqmIZgIqn\">blog.milliyet.com.tr\/cansever<\/a><\/p>\n<p>Blog:\u00a0<a href=\"http:\/\/balcilar-blog.com\/\">Abdurrahman Balc\u0131lar Blog Sayfas\u0131<\/a><\/p>\n<p><strong>*\u015eahsi Blog sayfamda ve Milliyet Blog\u2019da yay\u0131nlanan blog yaz\u0131lar\u0131 b\u00fcy\u00fck bir \u00e7al\u0131\u015fman\u0131n \u00fcr\u00fcn\u00fc olup, izinsiz ya da kaynak g\u00f6stermeden al\u0131nt\u0131 yap\u0131lamaz. Aksi halde kanuni i\u015flem yap\u0131l\u0131r.<\/strong><\/p>\n<\/div>\n<\/div>\n<div id=\"mCSB_1_scrollbar_vertical\" class=\"mCSB_scrollTools mCSB_1_scrollbar mCS-light mCSB_scrollTools_vertical\"><\/div>\n","protected":false},"excerpt":{"rendered":"<p>TNS \u00f6l\u00e7\u00fcmlerine g\u00f6re haz\u0131rlad\u0131\u011f\u0131m 02 &#8211; 08 Ekim 2017 Tarihleri aras\u0131nda en \u00e7ok seyredilen alt\u0131 Ulusal kanallar\u0131m\u0131zda ekranlar\u0131m\u0131za gelen 32 dizi aras\u0131nda, Total\u2019de ve AB\u2019de ilk ona giren, haftan\u0131n dizi karnesini a\u015fa\u011f\u0131da bilgilerinize sunuyorum. Ge\u00e7en Hafta G\u00f6sterimdeki Diziler : \u0130simsizler, S\u00f6z, K\u0131rg\u0131n \u00c7i\u00e7ekler, Kay\u0131t D\u0131\u015f\u0131, E\u015fk\u0131ya D\u00fcnyaya H\u00fck\u00fcmdar Olmaz, Dolunay, Tutsak,\u00a0 Klavye Delikanl\u0131lar\u0131 (Yeni), Meryem, [&hellip;]<\/p>\n","protected":false},"author":3,"featured_media":20853,"comment_status":"open","ping_status":"open","sticky":false,"template":"","format":"standard","meta":{"footnotes":""},"categories":[2],"tags":[712,801,1563,1375,545,1507,1416,530,1351],"class_list":["post-20835","post","type-post","status-publish","format-standard","has-post-thumbnail","hentry","category-tv-programlari","tag-dizi-reytingleri","tag-eskiya-dunyaya-hukumdar-olmaz","tag-fatih","tag-istanbullu-gelin","tag-kenan-imirzalioglu","tag-meryem","tag-soz","tag-tns-olcumleri","tag-yeni-gelin"],"views":3726,"blog_post_layout_featured_media_urls":{"thumbnail":["https:\/\/balcilar-blog.com\/wp-content\/uploads\/2017\/10\/9-EK\u0130M-150x150.jpg",150,150,true],"full":["https:\/\/balcilar-blog.com\/wp-content\/uploads\/2017\/10\/9-EK\u0130M.jpg",640,401,false]},"categories_names":{"2":{"name":"TV Programlar\u0131","link":"https:\/\/balcilar-blog.com\/?cat=2"}},"tags_names":{"712":{"name":"Dizi reytingleri","link":"https:\/\/balcilar-blog.com\/?tag=dizi-reytingleri"},"801":{"name":"E\u015fk\u0131ya D\u00fcnya'ya H\u00fck\u00fcmdar Olmaz","link":"https:\/\/balcilar-blog.com\/?tag=eskiya-dunyaya-hukumdar-olmaz"},"1563":{"name":"Fatih","link":"https:\/\/balcilar-blog.com\/?tag=fatih"},"1375":{"name":"\u0130stanbullu Gelin","link":"https:\/\/balcilar-blog.com\/?tag=istanbullu-gelin"},"545":{"name":"Kenan \u0130mirzal\u0131o\u011flu","link":"https:\/\/balcilar-blog.com\/?tag=kenan-imirzalioglu"},"1507":{"name":"Meryem","link":"https:\/\/balcilar-blog.com\/?tag=meryem"},"1416":{"name":"S\u00f6z","link":"https:\/\/balcilar-blog.com\/?tag=soz"},"530":{"name":"TNS \u00f6l\u00e7\u00fcmleri","link":"https:\/\/balcilar-blog.com\/?tag=tns-olcumleri"},"1351":{"name":"Yeni Gelin","link":"https:\/\/balcilar-blog.com\/?tag=yeni-gelin"}},"comments_number":"0","wpmagazine_modules_lite_featured_media_urls":{"thumbnail":["https:\/\/balcilar-blog.com\/wp-content\/uploads\/2017\/10\/9-EK\u0130M-150x150.jpg",150,150,true],"cvmm-medium":["https:\/\/balcilar-blog.com\/wp-content\/uploads\/2017\/10\/9-EK\u0130M.jpg",300,188,false],"cvmm-medium-plus":["https:\/\/balcilar-blog.com\/wp-content\/uploads\/2017\/10\/9-EK\u0130M.jpg",305,191,false],"cvmm-portrait":["https:\/\/balcilar-blog.com\/wp-content\/uploads\/2017\/10\/9-EK\u0130M.jpg",400,251,false],"cvmm-medium-square":["https:\/\/balcilar-blog.com\/wp-content\/uploads\/2017\/10\/9-EK\u0130M.jpg",600,376,false],"cvmm-large":["https:\/\/balcilar-blog.com\/wp-content\/uploads\/2017\/10\/9-EK\u0130M.jpg",640,401,false],"cvmm-small":["https:\/\/balcilar-blog.com\/wp-content\/uploads\/2017\/10\/9-EK\u0130M.jpg",130,81,false],"full":["https:\/\/balcilar-blog.com\/wp-content\/uploads\/2017\/10\/9-EK\u0130M.jpg",640,401,false]},"_links":{"self":[{"href":"https:\/\/balcilar-blog.com\/index.php?rest_route=\/wp\/v2\/posts\/20835","targetHints":{"allow":["GET"]}}],"collection":[{"href":"https:\/\/balcilar-blog.com\/index.php?rest_route=\/wp\/v2\/posts"}],"about":[{"href":"https:\/\/balcilar-blog.com\/index.php?rest_route=\/wp\/v2\/types\/post"}],"author":[{"embeddable":true,"href":"https:\/\/balcilar-blog.com\/index.php?rest_route=\/wp\/v2\/users\/3"}],"replies":[{"embeddable":true,"href":"https:\/\/balcilar-blog.com\/index.php?rest_route=%2Fwp%2Fv2%2Fcomments&post=20835"}],"version-history":[{"count":8,"href":"https:\/\/balcilar-blog.com\/index.php?rest_route=\/wp\/v2\/posts\/20835\/revisions"}],"predecessor-version":[{"id":20855,"href":"https:\/\/balcilar-blog.com\/index.php?rest_route=\/wp\/v2\/posts\/20835\/revisions\/20855"}],"wp:featuredmedia":[{"embeddable":true,"href":"https:\/\/balcilar-blog.com\/index.php?rest_route=\/wp\/v2\/media\/20853"}],"wp:attachment":[{"href":"https:\/\/balcilar-blog.com\/index.php?rest_route=%2Fwp%2Fv2%2Fmedia&parent=20835"}],"wp:term":[{"taxonomy":"category","embeddable":true,"href":"https:\/\/balcilar-blog.com\/index.php?rest_route=%2Fwp%2Fv2%2Fcategories&post=20835"},{"taxonomy":"post_tag","embeddable":true,"href":"https:\/\/balcilar-blog.com\/index.php?rest_route=%2Fwp%2Fv2%2Ftags&post=20835"}],"curies":[{"name":"wp","href":"https:\/\/api.w.org\/{rel}","templated":true}]}}