{"id":20768,"date":"2017-09-27T17:33:07","date_gmt":"2017-09-27T14:33:07","guid":{"rendered":"http:\/\/balcilar-blog.com\/?p=20768"},"modified":"2017-09-27T18:09:21","modified_gmt":"2017-09-27T15:09:21","slug":"bizim-hikaye-3-bolum-filiz-baris-ile-cemil-aski-arasinda-kalir","status":"publish","type":"post","link":"https:\/\/balcilar-blog.com\/?p=20768","title":{"rendered":"Bizim Hikaye 3.B\u00f6l\u00fcm; Filiz, Bar\u0131\u015f ile Cemil A\u015fk\u0131 Aras\u0131nda Kal\u0131r!"},"content":{"rendered":"<p><img loading=\"lazy\" decoding=\"async\" class=\"alignnone size-full wp-image-20781\" src=\"http:\/\/balcilar-blog.com\/wp-content\/uploads\/2017\/09\/1809242-M8NIzT.jpg\" alt=\"1809242-M8NIzT\" width=\"640\" height=\"401\" srcset=\"https:\/\/balcilar-blog.com\/wp-content\/uploads\/2017\/09\/1809242-M8NIzT.jpg 640w, https:\/\/balcilar-blog.com\/wp-content\/uploads\/2017\/09\/1809242-M8NIzT-300x188.jpg 300w\" sizes=\"auto, (max-width: 640px) 100vw, 640px\" \/><\/p>\n<p>Med Yap\u0131m&#8217;\u0131n yap\u0131mc\u0131s\u0131 oldu\u011fu, ba\u015frollerini Hazal Kaya ve Burak Deniz&#8217;in oynad\u0131\u011f\u0131 &#8220;Bizim Hikaye&#8221; b\u00fct\u00fcn h\u0131z\u0131 ile devam ediyor.<\/p>\n<p>28 Eyl\u00fcl Per\u015fembe ak\u015fam\u0131 3.B\u00f6l\u00fcm Fox Tv ekranlar\u0131nda sizlerle olacak.<\/p>\n<p>3.B\u00f6l\u00fcmde olacaklar ise k\u0131saca \u015f\u00f6yle:<\/p>\n<p>Ge\u00e7en b\u00f6l\u00fcmde Cemil Filiz&#8217;in kap\u0131s\u0131na kadar gelir, Polis gecesine davet eder.<\/p>\n<p>Bar\u0131\u015f, s\u00fcrekli yapt\u0131klar\u0131yla Filiz&#8217;in kalbine girmeye \u00e7al\u0131\u015f\u0131rken Filiz hen\u00fcz bir ili\u015fkiye haz\u0131r de\u011fildir. Filiz&#8217;in Cemil&#8217;le birlikte polis gecesine gitmesi Bar\u0131\u015f&#8217;\u0131 k\u0131skand\u0131r\u0131rken, Cemil\u2019e de Filiz&#8217;e olan hislerini anlatma f\u0131rsat\u0131 verir.<\/p>\n<p><img loading=\"lazy\" decoding=\"async\" class=\"alignnone size-full wp-image-20769\" src=\"http:\/\/balcilar-blog.com\/wp-content\/uploads\/2017\/09\/Bizim-Hikaye-4107-galeri-resim-7cf29a99-ed0a-420a-b919-5040f1e45fbf-mpositioned-640x360.jpg\" alt=\"Bizim-Hikaye-4107-galeri-resim-7cf29a99-ed0a-420a-b919-5040f1e45fbf-mpositioned-640x360\" width=\"640\" height=\"360\" srcset=\"https:\/\/balcilar-blog.com\/wp-content\/uploads\/2017\/09\/Bizim-Hikaye-4107-galeri-resim-7cf29a99-ed0a-420a-b919-5040f1e45fbf-mpositioned-640x360.jpg 640w, https:\/\/balcilar-blog.com\/wp-content\/uploads\/2017\/09\/Bizim-Hikaye-4107-galeri-resim-7cf29a99-ed0a-420a-b919-5040f1e45fbf-mpositioned-640x360-300x169.jpg 300w\" sizes=\"auto, (max-width: 640px) 100vw, 640px\" \/><\/p>\n<p>\u0130ki erke\u011fin aras\u0131nda kalan Filiz i\u00e7in tercih yapma vakti gelmi\u015ftir.<\/p>\n<p><img loading=\"lazy\" decoding=\"async\" class=\"alignnone size-full wp-image-20774\" src=\"http:\/\/balcilar-blog.com\/wp-content\/uploads\/2017\/09\/Bizim-Hikaye-4107-galeri-resim-a394bbc0-2c32-40a8-be1a-bec77041818e-mpositioned-640x360.jpg\" alt=\"Bizim-Hikaye-4107-galeri-resim-a394bbc0-2c32-40a8-be1a-bec77041818e-mpositioned-640x360\" width=\"640\" height=\"360\" srcset=\"https:\/\/balcilar-blog.com\/wp-content\/uploads\/2017\/09\/Bizim-Hikaye-4107-galeri-resim-a394bbc0-2c32-40a8-be1a-bec77041818e-mpositioned-640x360.jpg 640w, https:\/\/balcilar-blog.com\/wp-content\/uploads\/2017\/09\/Bizim-Hikaye-4107-galeri-resim-a394bbc0-2c32-40a8-be1a-bec77041818e-mpositioned-640x360-300x169.jpg 300w\" sizes=\"auto, (max-width: 640px) 100vw, 640px\" \/><\/p>\n<p>\u0130yiden iyiye \u015eeyma&#8217;n\u0131n evine yerle\u015fen Fikri i\u00e7in ekmek elden su g\u00f6lden yeni bir hayat ba\u015flam\u0131\u015ft\u0131r.<\/p>\n<p><img loading=\"lazy\" decoding=\"async\" class=\"alignnone size-full wp-image-20771\" src=\"http:\/\/balcilar-blog.com\/wp-content\/uploads\/2017\/09\/Bizim-Hikaye-4107-galeri-resim-7ee25883-b5a8-4ca3-bfcc-187acfa31b55-mpositioned-640x360.jpg\" alt=\"Bizim-Hikaye-4107-galeri-resim-7ee25883-b5a8-4ca3-bfcc-187acfa31b55-mpositioned-640x360\" width=\"640\" height=\"360\" srcset=\"https:\/\/balcilar-blog.com\/wp-content\/uploads\/2017\/09\/Bizim-Hikaye-4107-galeri-resim-7ee25883-b5a8-4ca3-bfcc-187acfa31b55-mpositioned-640x360.jpg 640w, https:\/\/balcilar-blog.com\/wp-content\/uploads\/2017\/09\/Bizim-Hikaye-4107-galeri-resim-7ee25883-b5a8-4ca3-bfcc-187acfa31b55-mpositioned-640x360-300x169.jpg 300w\" sizes=\"auto, (max-width: 640px) 100vw, 640px\" \/><\/p>\n<p>Fikri \u015eeyma&#8217;n\u0131n korkular\u0131n\u0131 kullanarak evde kal\u0131rken, M\u00fcjde durumdan ne kadar rahats\u0131z olsa da annesi i\u00e7in susar.<\/p>\n<p><img loading=\"lazy\" decoding=\"async\" class=\"alignnone size-full wp-image-20773\" src=\"http:\/\/balcilar-blog.com\/wp-content\/uploads\/2017\/09\/Bizim-Hikaye-4107-galeri-resim-6079afe8-cdc0-475d-bf12-7883ae13d331-mpositioned-640x360.jpg\" alt=\"Bizim-Hikaye-4107-galeri-resim-6079afe8-cdc0-475d-bf12-7883ae13d331-mpositioned-640x360\" width=\"640\" height=\"360\" srcset=\"https:\/\/balcilar-blog.com\/wp-content\/uploads\/2017\/09\/Bizim-Hikaye-4107-galeri-resim-6079afe8-cdc0-475d-bf12-7883ae13d331-mpositioned-640x360.jpg 640w, https:\/\/balcilar-blog.com\/wp-content\/uploads\/2017\/09\/Bizim-Hikaye-4107-galeri-resim-6079afe8-cdc0-475d-bf12-7883ae13d331-mpositioned-640x360-300x169.jpg 300w\" sizes=\"auto, (max-width: 640px) 100vw, 640px\" \/><\/p>\n<p>Halas\u0131na ait maa\u015f kart\u0131n\u0131 kaybeden Fikri, kart\u0131 geri alabilmek i\u00e7in yeni bir tezgah kurmaya \u00e7al\u0131\u015f\u0131r, beceremeyince de \u00e7ocuklar\u0131n\u0131 ve T\u00fclay\u2019\u0131 bu yalana ortak eder. B\u00fct\u00fcn aile bu durumu \u00e7\u00f6zmeye \u00e7al\u0131\u015f\u0131rken i\u015fler daha da kar\u0131\u015f\u0131r.<\/p>\n<p><img loading=\"lazy\" decoding=\"async\" class=\"alignnone size-full wp-image-20775\" src=\"http:\/\/balcilar-blog.com\/wp-content\/uploads\/2017\/09\/Bizim-Hikaye-4107-galeri-resim-d5c7e279-8585-44c7-bf76-11ba2bd2c821-mpositioned-640x360.jpg\" alt=\"Bizim-Hikaye-4107-galeri-resim-d5c7e279-8585-44c7-bf76-11ba2bd2c821-mpositioned-640x360\" width=\"640\" height=\"360\" srcset=\"https:\/\/balcilar-blog.com\/wp-content\/uploads\/2017\/09\/Bizim-Hikaye-4107-galeri-resim-d5c7e279-8585-44c7-bf76-11ba2bd2c821-mpositioned-640x360.jpg 640w, https:\/\/balcilar-blog.com\/wp-content\/uploads\/2017\/09\/Bizim-Hikaye-4107-galeri-resim-d5c7e279-8585-44c7-bf76-11ba2bd2c821-mpositioned-640x360-300x169.jpg 300w\" sizes=\"auto, (max-width: 640px) 100vw, 640px\" \/><\/p>\n<p>Rahmet&#8217;in matematik dehas\u0131n\u0131 kullanarak para kazanma y\u00f6ntemi bulan M\u00fcjde, ona ba\u015fkalar\u0131n\u0131n yerine s\u0131nava girmesini teklif eder. Hem k\u0131zdan hem de para kazanma fikrinden etkilenen Rahmet teklifi kabul eder ve o da Hikmet&#8217;in platonik a\u015fk\u0131na \u00e7are bulabilmek i\u00e7in M\u00fcjde&#8217;den yard\u0131m ister. M\u00fcjde&#8217;nin \u00e7\u00f6z\u00fcm\u00fc hem Hikmet&#8217;in hem Rahmet&#8217;in ba\u015f\u0131na i\u015f a\u00e7acakt\u0131r.<\/p>\n<p><img loading=\"lazy\" decoding=\"async\" class=\"alignnone size-full wp-image-20770\" src=\"http:\/\/balcilar-blog.com\/wp-content\/uploads\/2017\/09\/Bizim-Hikaye-4107-galeri-resim-7e3d799a-c373-49d6-8e89-0b2032c6ec6f-mpositioned-640x360.jpg\" alt=\"Bizim-Hikaye-4107-galeri-resim-7e3d799a-c373-49d6-8e89-0b2032c6ec6f-mpositioned-640x360\" width=\"640\" height=\"360\" srcset=\"https:\/\/balcilar-blog.com\/wp-content\/uploads\/2017\/09\/Bizim-Hikaye-4107-galeri-resim-7e3d799a-c373-49d6-8e89-0b2032c6ec6f-mpositioned-640x360.jpg 640w, https:\/\/balcilar-blog.com\/wp-content\/uploads\/2017\/09\/Bizim-Hikaye-4107-galeri-resim-7e3d799a-c373-49d6-8e89-0b2032c6ec6f-mpositioned-640x360-300x169.jpg 300w\" sizes=\"auto, (max-width: 640px) 100vw, 640px\" \/><\/p>\n<p><img loading=\"lazy\" decoding=\"async\" class=\"alignnone size-full wp-image-20778\" src=\"http:\/\/balcilar-blog.com\/wp-content\/uploads\/2017\/09\/bizim_hikaye_3.b\u00f6l\u00fcm_fragman\u0131_izle_fragmandizitv.jpg\" alt=\"bizim_hikaye_3.b\u00f6l\u00fcm_fragman\u0131_izle_fragmandizitv\" width=\"640\" height=\"360\" srcset=\"https:\/\/balcilar-blog.com\/wp-content\/uploads\/2017\/09\/bizim_hikaye_3.b\u00f6l\u00fcm_fragman\u0131_izle_fragmandizitv.jpg 640w, https:\/\/balcilar-blog.com\/wp-content\/uploads\/2017\/09\/bizim_hikaye_3.b\u00f6l\u00fcm_fragman\u0131_izle_fragmandizitv-300x169.jpg 300w\" sizes=\"auto, (max-width: 640px) 100vw, 640px\" \/><\/p>\n<p>Filiz&#8217;in Cemil ile polis gecesine gitmesi, Bar\u0131\u015f&#8217;\u0131 \u00e7ileden \u00e7\u0131kart\u0131r. Filiz iki a\u015f\u0131k aras\u0131nda kal\u0131r. Bar\u0131\u015f&#8217;\u0131n Filiz&#8217;in g\u00f6nl\u00fcn\u00fc kazanmak i\u00e7in ne gibi \u00e7\u0131lg\u0131nl\u0131klar yapacak hep birlikte g\u00f6rece\u011fiz.<\/p>\n<p>28 Eyl\u00fcl Per\u015fembe ak\u015fam\u0131 Saat:20.00&#8217;de Fox Tv ekranlar\u0131nda bulu\u015fmak \u00fczere&#8230;<\/p>\n<p><iframe loading=\"lazy\" title=\"Bizim Hikaye 3. B\u00f6l\u00fcm 2. Tan\u0131t\u0131m\u0131\" width=\"640\" height=\"360\" src=\"https:\/\/www.youtube.com\/embed\/0mIJP4uopC0?feature=oembed\" frameborder=\"0\" allow=\"accelerometer; autoplay; clipboard-write; encrypted-media; gyroscope; picture-in-picture; web-share\" referrerpolicy=\"strict-origin-when-cross-origin\" allowfullscreen><\/iframe><\/p>\n<p>Keyifli Seyirler.<\/p>\n<p>Sayg\u0131lar ve sevgiler.<\/p>\n<p>Abdurrahman Balc\u0131lar<\/p>\n<p>Twitter:\u00a0<a href=\"https:\/\/twitter.com\/abbalcilar\">abdurrahman balc\u0131lar<\/a><a href=\"https:\/\/twitter.com\/abbalcilar\"><strong>@abbalcilar<\/strong><\/a><\/p>\n<p>Mail :\u00a0<a href=\"mailto:ab.balcilar@hotmail.com\">ab.balcilar@hotmail.com<\/a><\/p>\n<p>Blog:\u00a0<a href=\"http:\/\/t.co\/znqmIZgIqn\">blog.milliyet.com.tr\/cansever<\/a><\/p>\n<p>Blog:\u00a0<a href=\"http:\/\/balcilar-blog.com\/\">Abdurrahman Balc\u0131lar Blog Sayfas\u0131<\/a><\/p>\n<p>Not: Kaynak haber ve resimler Fox Tv. diziler sayfas\u0131ndan al\u0131nm\u0131\u015ft\u0131r.<\/p>\n<p><strong>*\u015eahsi Blog sayfamda ve Milliyet Blog\u2019da yay\u0131nlanan blog yaz\u0131lar\u0131 b\u00fcy\u00fck bir \u00e7al\u0131\u015fman\u0131n \u00fcr\u00fcn\u00fc olup, izinsiz ya da kaynak g\u00f6stermeden al\u0131nt\u0131 yap\u0131lamaz. Aksi halde kanuni i\u015flem yap\u0131l\u0131r.<\/strong><\/p>\n","protected":false},"excerpt":{"rendered":"<p>Med Yap\u0131m&#8217;\u0131n yap\u0131mc\u0131s\u0131 oldu\u011fu, ba\u015frollerini Hazal Kaya ve Burak Deniz&#8217;in oynad\u0131\u011f\u0131 &#8220;Bizim Hikaye&#8221; b\u00fct\u00fcn h\u0131z\u0131 ile devam ediyor. 28 Eyl\u00fcl Per\u015fembe ak\u015fam\u0131 3.B\u00f6l\u00fcm Fox Tv ekranlar\u0131nda sizlerle olacak. 3.B\u00f6l\u00fcmde olacaklar ise k\u0131saca \u015f\u00f6yle: Ge\u00e7en b\u00f6l\u00fcmde Cemil Filiz&#8217;in kap\u0131s\u0131na kadar gelir, Polis gecesine davet eder. Bar\u0131\u015f, s\u00fcrekli yapt\u0131klar\u0131yla Filiz&#8217;in kalbine girmeye \u00e7al\u0131\u015f\u0131rken Filiz hen\u00fcz bir ili\u015fkiye [&hellip;]<\/p>\n","protected":false},"author":3,"featured_media":20781,"comment_status":"open","ping_status":"open","sticky":false,"template":"","format":"standard","meta":{"footnotes":""},"categories":[2],"tags":[1520,654,129,19,383],"class_list":["post-20768","post","type-post","status-publish","format-standard","has-post-thumbnail","hentry","category-tv-programlari","tag-bizim-hikaye","tag-burak-deniz","tag-fox-tv","tag-hazal-kaya","tag-med-yapim"],"views":3643,"blog_post_layout_featured_media_urls":{"thumbnail":["https:\/\/balcilar-blog.com\/wp-content\/uploads\/2017\/09\/1809242-M8NIzT-150x150.jpg",150,150,true],"full":["https:\/\/balcilar-blog.com\/wp-content\/uploads\/2017\/09\/1809242-M8NIzT.jpg",640,401,false]},"categories_names":{"2":{"name":"TV Programlar\u0131","link":"https:\/\/balcilar-blog.com\/?cat=2"}},"tags_names":{"1520":{"name":"Bizim Hikaye","link":"https:\/\/balcilar-blog.com\/?tag=bizim-hikaye"},"654":{"name":"Burak Deniz","link":"https:\/\/balcilar-blog.com\/?tag=burak-deniz"},"129":{"name":"Fox Tv","link":"https:\/\/balcilar-blog.com\/?tag=fox-tv"},"19":{"name":"Hazal Kaya","link":"https:\/\/balcilar-blog.com\/?tag=hazal-kaya"},"383":{"name":"Med Yap\u0131m","link":"https:\/\/balcilar-blog.com\/?tag=med-yapim"}},"comments_number":"0","wpmagazine_modules_lite_featured_media_urls":{"thumbnail":["https:\/\/balcilar-blog.com\/wp-content\/uploads\/2017\/09\/1809242-M8NIzT-150x150.jpg",150,150,true],"cvmm-medium":["https:\/\/balcilar-blog.com\/wp-content\/uploads\/2017\/09\/1809242-M8NIzT.jpg",300,188,false],"cvmm-medium-plus":["https:\/\/balcilar-blog.com\/wp-content\/uploads\/2017\/09\/1809242-M8NIzT.jpg",305,191,false],"cvmm-portrait":["https:\/\/balcilar-blog.com\/wp-content\/uploads\/2017\/09\/1809242-M8NIzT.jpg",400,251,false],"cvmm-medium-square":["https:\/\/balcilar-blog.com\/wp-content\/uploads\/2017\/09\/1809242-M8NIzT.jpg",600,376,false],"cvmm-large":["https:\/\/balcilar-blog.com\/wp-content\/uploads\/2017\/09\/1809242-M8NIzT.jpg",640,401,false],"cvmm-small":["https:\/\/balcilar-blog.com\/wp-content\/uploads\/2017\/09\/1809242-M8NIzT.jpg",130,81,false],"full":["https:\/\/balcilar-blog.com\/wp-content\/uploads\/2017\/09\/1809242-M8NIzT.jpg",640,401,false]},"_links":{"self":[{"href":"https:\/\/balcilar-blog.com\/index.php?rest_route=\/wp\/v2\/posts\/20768","targetHints":{"allow":["GET"]}}],"collection":[{"href":"https:\/\/balcilar-blog.com\/index.php?rest_route=\/wp\/v2\/posts"}],"about":[{"href":"https:\/\/balcilar-blog.com\/index.php?rest_route=\/wp\/v2\/types\/post"}],"author":[{"embeddable":true,"href":"https:\/\/balcilar-blog.com\/index.php?rest_route=\/wp\/v2\/users\/3"}],"replies":[{"embeddable":true,"href":"https:\/\/balcilar-blog.com\/index.php?rest_route=%2Fwp%2Fv2%2Fcomments&post=20768"}],"version-history":[{"count":4,"href":"https:\/\/balcilar-blog.com\/index.php?rest_route=\/wp\/v2\/posts\/20768\/revisions"}],"predecessor-version":[{"id":20782,"href":"https:\/\/balcilar-blog.com\/index.php?rest_route=\/wp\/v2\/posts\/20768\/revisions\/20782"}],"wp:featuredmedia":[{"embeddable":true,"href":"https:\/\/balcilar-blog.com\/index.php?rest_route=\/wp\/v2\/media\/20781"}],"wp:attachment":[{"href":"https:\/\/balcilar-blog.com\/index.php?rest_route=%2Fwp%2Fv2%2Fmedia&parent=20768"}],"wp:term":[{"taxonomy":"category","embeddable":true,"href":"https:\/\/balcilar-blog.com\/index.php?rest_route=%2Fwp%2Fv2%2Fcategories&post=20768"},{"taxonomy":"post_tag","embeddable":true,"href":"https:\/\/balcilar-blog.com\/index.php?rest_route=%2Fwp%2Fv2%2Ftags&post=20768"}],"curies":[{"name":"wp","href":"https:\/\/api.w.org\/{rel}","templated":true}]}}