{"id":20747,"date":"2017-09-25T17:31:01","date_gmt":"2017-09-25T14:31:01","guid":{"rendered":"http:\/\/balcilar-blog.com\/?p=20747"},"modified":"2017-10-02T11:23:44","modified_gmt":"2017-10-02T08:23:44","slug":"gecen-haftanin-18-24-eylul-2017-en-cok-izlenen-dizileri","status":"publish","type":"post","link":"https:\/\/balcilar-blog.com\/?p=20747","title":{"rendered":"Ge\u00e7en Haftan\u0131n (18 \u2013 24 Eyl\u00fcl 2017) en \u00e7ok izlenen dizileri!"},"content":{"rendered":"<div class=\"icerik\"><\/div>\n<div class=\"etiket\">\u00a0<img loading=\"lazy\" decoding=\"async\" class=\"alignnone size-full wp-image-20761\" src=\"http:\/\/balcilar-blog.com\/wp-content\/uploads\/2017\/09\/cats-25-EYL\u00dcL.jpg\" alt=\"cats 25 EYL\u00dcL\" width=\"640\" height=\"362\" srcset=\"https:\/\/balcilar-blog.com\/wp-content\/uploads\/2017\/09\/cats-25-EYL\u00dcL.jpg 640w, https:\/\/balcilar-blog.com\/wp-content\/uploads\/2017\/09\/cats-25-EYL\u00dcL-300x170.jpg 300w\" sizes=\"auto, (max-width: 640px) 100vw, 640px\" \/><\/div>\n<div class=\"etiket\"><\/div>\n<div class=\"etiket\">\n<p>TNS \u00f6l\u00e7\u00fcmlerine g\u00f6re haz\u0131rlad\u0131\u011f\u0131m <strong>18 &#8211; 24 Eyl\u00fcl 2017<\/strong> Tarihleri aras\u0131nda en \u00e7ok seyredilen alt\u0131 Ulusal kanallar\u0131m\u0131zda ekranlar\u0131m\u0131za gelen 30 dizi aras\u0131nda, Total\u2019de ve AB\u2019de ilk ona giren, haftan\u0131n dizi karnesini a\u015fa\u011f\u0131da bilgilerinize sunuyorum.<\/p>\n<p><strong>Ge\u00e7en Hafta G\u00f6sterimdeki Diziler :<\/strong><\/p>\n<p>\u0130simsizler, S\u00f6z, K\u0131rg\u0131n \u00c7i\u00e7ekler, Kay\u0131t D\u0131\u015f\u0131 (Yeni), E\u015fk\u0131ya D\u00fcnyaya H\u00fck\u00fcmdar Olmaz, Dolunay, Tutsak (Yeni), Meryem, Seven Ne Yapmaz, No:309, T\u00fcrk Mal\u0131, Kanats\u0131z Ku\u015flar, Ver Elini A\u015fk, Bizim Hikaye, A\u015fk ve Mavi, \u015eevkat Yerimdar, Arka Sokaklar, Kalp At\u0131\u015f\u0131, \u0130stanbullu Gelin, Yalaza, Kalbimdeki Deniz, Fazilet Han\u0131m ve K\u0131zlar\u0131, Yeni Gelin, Yalaza (Yeni Dizi), Sevdan\u0131n Bah\u00e7esi (yeni), R\u00fcya (Final), Sava\u015f\u00e7\u0131, \u00c7ocuklar Duymas\u0131n, Cennetin G\u00f6z Ya\u015flar\u0131 (Yeni), Masum (Yeni) ve Ate\u015fb\u00f6ce\u011fi dizilerinin yeni b\u00f6l\u00fcmleri yay\u0131nland\u0131.<\/p>\n<p><strong>Haftan\u0131n dizilerinde ;<\/strong><\/p>\n<p>Total\u2019in ilk s\u0131ras\u0131nda bu hafta Star Tv\u2019nin S\u00f6z, 8,36 reyting puan\u0131 ile bu hafta da birinci s\u0131rada yer ald\u0131. Total\u2019in 10.s\u0131ras\u0131nda Atv\u2019nin yeni dizisi \u2018Seven Ne Yapmaz\u2019 3.b\u00f6l\u00fcm\u00fcnde ald\u0131\u011f\u0131 4,41 puanla 1o. s\u0131rada yer ald\u0131.<\/p>\n<p>AB\u2019nin ilk s\u0131ras\u0131nda, Kanal D\u2019nin &#8220;Meryem&#8221; dizisi bu hafta 7. b\u00f6l\u00fcmde ald\u0131\u011f\u0131 7,98 puanla birinci s\u0131rada yer alm\u0131\u015ft\u0131r. Fox Tv\u2019nin yeni dizisi \u2018Kay\u0131t D\u0131\u015f\u0131\u2019 AB\u2019de de ald\u0131\u011f\u0131, 4,92 puanla 10.s\u0131rada yer ald\u0131.<\/p>\n<p><strong>GE\u00c7EN HAFTA YEN\u0130 BA\u015eLAYAN D\u0130Z\u0130LER :<\/strong><\/p>\n<p>Ge\u00e7ti\u011fimiz hafta <strong>Fox Tv&#8217;de Erkan Petekkaya&#8217;n\u0131n yeni dizisi Kay\u0131t D\u0131\u015f\u0131<\/strong> Fox Tv ekranlar\u0131nda ilk b\u00f6l\u00fcm\u00fc geldi. Total&#8217;de pek ba\u015far\u0131 g\u00f6stermese de AB&#8217;de 4,92 puanla onuncu s\u0131rada yer ald\u0131.<br \/>\n<img loading=\"lazy\" decoding=\"async\" class=\"size-medium wp-image-20763\" src=\"http:\/\/balcilar-blog.com\/wp-content\/uploads\/2017\/09\/kayit-disi2-300x200.jpg\" alt=\"CREATOR: gd-jpeg v1.0 (using IJG JPEG v62), quality = 90\" width=\"300\" height=\"200\" srcset=\"https:\/\/balcilar-blog.com\/wp-content\/uploads\/2017\/09\/kayit-disi2-300x200.jpg 300w, https:\/\/balcilar-blog.com\/wp-content\/uploads\/2017\/09\/kayit-disi2.jpg 448w\" sizes=\"auto, (max-width: 300px) 100vw, 300px\" \/><\/p>\n<\/div>\n<div class=\"etiket\"><\/div>\n<div class=\"etiket\">Sal\u0131 ak\u015fam\u0131 ekranlara gelen <strong>Kanal D&#8217;nin yeni dizisi Tutsak<\/strong>&#8216;\u0131n ilk b\u00f6l\u00fcm\u00fc ekranlara geldi. \u0130lgin\u00e7 bir dizi. Sal\u0131 g\u00fcn\u00fc ekranlara gelen 3 dizi aras\u0131nda 3 kategoride 3.s\u0131rada yer ald\u0131.<\/div>\n<div class=\"etiket\">\n<p><img loading=\"lazy\" decoding=\"async\" class=\"alignnone size-medium wp-image-20762\" src=\"http:\/\/balcilar-blog.com\/wp-content\/uploads\/2017\/09\/tutsak-300x200.jpg\" alt=\"tutsak\" width=\"300\" height=\"200\" srcset=\"https:\/\/balcilar-blog.com\/wp-content\/uploads\/2017\/09\/tutsak-300x200.jpg 300w, https:\/\/balcilar-blog.com\/wp-content\/uploads\/2017\/09\/tutsak.jpg 448w\" sizes=\"auto, (max-width: 300px) 100vw, 300px\" \/><\/p>\n<\/div>\n<div class=\"etiket\"><\/div>\n<div class=\"etiket\"><strong>Trt1&#8217;in yeni dizisi Yalaza<\/strong> cumartesi ak\u015fam\u0131 ekrana geldi. \u0130ki kategoride de ba\u015far\u0131l\u0131 olamad\u0131. Total&#8217;de (1,5\/4,23) 5.s\u0131rada yer ald\u0131. AB&#8217;de (2,91\/8,52) g\u00fcn\u00fcn dizileri aras\u0131nda 5.s\u0131rada yer alm\u0131\u015ft\u0131r.<\/div>\n<div class=\"etiket\"><img loading=\"lazy\" decoding=\"async\" class=\"alignnone size-medium wp-image-20688\" src=\"http:\/\/balcilar-blog.com\/wp-content\/uploads\/2017\/09\/yalaza-dizisi-trt1-620x320-300x155.jpg\" alt=\"yalaza-dizisi-trt1-620x320\" width=\"300\" height=\"155\" srcset=\"https:\/\/balcilar-blog.com\/wp-content\/uploads\/2017\/09\/yalaza-dizisi-trt1-620x320-300x155.jpg 300w, https:\/\/balcilar-blog.com\/wp-content\/uploads\/2017\/09\/yalaza-dizisi-trt1-620x320.jpg 640w\" sizes=\"auto, (max-width: 300px) 100vw, 300px\" \/><\/div>\n<div class=\"etiket\"><\/div>\n<div class=\"etiket\"><\/div>\n<div class=\"etiket\">Pazar ak\u015fam\u0131 <strong>Kanal D&#8217;nin yeni dizisi &#8220;Masum&#8221;<\/strong> yer alm\u0131\u015ft\u0131r. Oyuncular; Haluk Bilginer, Nur S\u00fcrer, Ali Atay, Okan Yalab\u0131k, Serkan Keskin, T\u00fclin \u00d6zen ve Bartu K\u00fc\u00e7\u00fck\u00e7a\u011flayan. Her iki kategoride de ba\u015far\u0131l\u0131 olamam\u0131\u015f, 6.s\u0131rada yer alm\u0131\u015ft\u0131r.<\/div>\n<div class=\"etiket\"><img loading=\"lazy\" decoding=\"async\" class=\"alignnone size-medium wp-image-20756\" src=\"http:\/\/balcilar-blog.com\/wp-content\/uploads\/2017\/09\/masum-300x200.jpg\" alt=\"masum\" width=\"300\" height=\"200\" srcset=\"https:\/\/balcilar-blog.com\/wp-content\/uploads\/2017\/09\/masum-300x200.jpg 300w, https:\/\/balcilar-blog.com\/wp-content\/uploads\/2017\/09\/masum.jpg 448w\" sizes=\"auto, (max-width: 300px) 100vw, 300px\" \/><\/div>\n<div class=\"etiket\"><\/div>\n<div class=\"etiket\"><\/div>\n<div class=\"etiket\">Pazar ak\u015fam\u0131 <strong>Cennetin G\u00f6z ya\u015flar<\/strong>\u0131 Atv&#8217;de yer alm\u0131\u015ft\u0131r. Berk Atan ve Almila Atan ba\u015frol\u00fc payla\u015f\u0131yor. Ayn\u0131 \u015fekilde reytinglerde ba\u015far\u0131l\u0131 olamam\u0131\u015ft\u0131r.<\/div>\n<div class=\"etiket\"><img loading=\"lazy\" decoding=\"async\" class=\"alignnone size-medium wp-image-20689\" src=\"http:\/\/balcilar-blog.com\/wp-content\/uploads\/2017\/09\/images-cennetin-300x186.jpg\" alt=\"images cennetin\" width=\"300\" height=\"186\" srcset=\"https:\/\/balcilar-blog.com\/wp-content\/uploads\/2017\/09\/images-cennetin-300x186.jpg 300w, https:\/\/balcilar-blog.com\/wp-content\/uploads\/2017\/09\/images-cennetin.jpg 640w\" sizes=\"auto, (max-width: 300px) 100vw, 300px\" \/><\/div>\n<div class=\"etiket\"><\/div>\n<div class=\"etiket\">\n<p><strong>Bu hafta en \u00e7ok izlenen ilk ona giren dizlere g\u00f6z atal\u0131m.<\/strong><\/p>\n<p>Bu s\u0131ralama sadece dizilerin reytingler y\u00fczdesine g\u00f6re en \u00e7ok izlenen dizilerin ilk 10\u2019da yer alanlar\u0131n\u0131 s\u0131ralamaya koyuyorum. Yar\u0131\u015fma, e\u011flence ve haber programlar\u0131 y\u00fczdeleri y\u00fcksek olsa da bu s\u0131ralamaya koymuyorum. Bu sadece dizilerin yar\u0131\u015f\u0131d\u0131r, en \u00e7ok izlenen dizilerin s\u0131ralamas\u0131d\u0131r. Bir nevi dizilerin karnesidir.<\/p>\n<p><strong>Ge\u00e7en Haftan\u0131n En \u00c7ok \u0130zlenen Dizileri:<\/strong><\/p>\n<p><strong>Total ilk 10 :<\/strong><\/p>\n<p>1.S\u00f6z 13.B\u00f6l\u00fcm (Star Tv)&#8230;&#8230;&#8230;&#8230;&#8230;&#8230;&#8230;&#8230;&#8230;&#8230;&#8230;&#8230;&#8230;&#8230;&#8230;&#8230;..8,36 &#8211; 24,03<\/p>\n<p>2-E\u015fk\u0131ya D\u00fcnyaya H\u00fck\u00fcmdar Olmaz 72.B\u00f6l\u00fcm (Atv)&#8230;.7,11 &#8211; 21,54<\/p>\n<p>3.Bizim Hikaye 2.B\u00f6l\u00fcm (Fox Tv)&#8230;&#8230;&#8230;&#8230;&#8230;&#8230;&#8230;&#8230;&#8230;&#8230;&#8230;..6,53 &#8211; 18,78<\/p>\n<p>4.A\u015fk ve Mavi 33.B\u00f6l\u00fcm (Atv)&#8230;&#8230;&#8230;&#8230;&#8230;&#8230;&#8230;&#8230;&#8230;&#8230;&#8230;&#8230;&#8230;..6,49 &#8211; 17,08<\/p>\n<p>5.\u015eevkat Yerimdar 17.B\u00f6l\u00fcm (Fox Tv)\u2026\u2026\u2026\u2026\u2026\u2026\u2026\u2026\u2026\u20265,92 &#8211; 15,69<\/p>\n<p>6.Arka Sokaklar 449.B\u00f6l\u00fcm (Kanal D)&#8230;&#8230;&#8230;&#8230;&#8230;&#8230;&#8230;&#8230;&#8230;..5,90 &#8211; 15,56<\/p>\n<p>7.K\u0131rg\u0131n \u00c7i\u00e7ekler 89.B\u00f6l\u00fcm (Atv)&#8230;&#8230;&#8230;&#8230;&#8230;&#8230;&#8230;&#8230;&#8230;&#8230;&#8230;&#8230;.5,85 &#8211; 17,54<\/p>\n<p>8.Sava\u015f\u00e7\u0131 13.B\u00f6l\u00fcm (Fox Tv)&#8230;&#8230;&#8230;&#8230;&#8230;&#8230;&#8230;&#8230;&#8230;&#8230;&#8230;&#8230;&#8230;&#8230;..5,76 &#8211; 16,93<\/p>\n<p>9.Yeni Gelin 17.B\u00f6l\u00fcm (Show Tv)&#8230;&#8230;&#8230;&#8230;&#8230;&#8230;&#8230;&#8230;&#8230;&#8230;&#8230;&#8230;.5,57 &#8211; 15,84<\/p>\n<p>10.Seven Ne Yapmaz 3.B\u00f6l\u00fcm (Atv)\u2026\u2026\u2026\u2026\u2026\u2026\u2026\u2026\u2026\u2026\u20264,41 &#8211; 13,03<\/p>\n<p><strong>AB\u2019de ilk 10 :<\/strong><\/p>\n<p>1.Meryem 8.B\u00f6l\u00fcm (Kanal D)&#8230;&#8230;&#8230;&#8230;&#8230;&#8230;&#8230;&#8230;&#8230;&#8230;&#8230;&#8230;&#8230;&#8230;7,98 &#8211; 24,43<\/p>\n<p>2-E\u015fk\u0131ya D\u00fcnyaya H\u00fck\u00fcmdar Olmaz 72.B\u00f6l\u00fcm (Atv)&#8230;.7,74 &#8211; 21,89<\/p>\n<p>3.\u0130stanbullu Gelin Star Tv (Star Tv)&#8230;&#8230;&#8230;&#8230;&#8230;&#8230;&#8230;&#8230;&#8230;&#8230;..7,10 &#8211; 18,20<\/p>\n<p>4.S\u00f6z 13.B\u00f6l\u00fcm (Star Tv)&#8230;&#8230;&#8230;&#8230;&#8230;&#8230;&#8230;&#8230;&#8230;&#8230;&#8230;&#8230;&#8230;&#8230;&#8230;&#8230;.6,83 &#8211; 19,18<\/p>\n<p>5.Bizim Hikaye 2.B\u00f6l\u00fcm (Fox Tv)&#8230;&#8230;&#8230;&#8230;&#8230;&#8230;&#8230;&#8230;&#8230;&#8230;&#8230;..6,73 &#8211; 20,87<\/p>\n<p>6.\u015eevkat Yerimdar 17.B\u00f6l\u00fcm (Fox Tv)\u2026\u2026\u2026\u2026\u2026\u2026\u2026\u2026\u2026..5,61 &#8211; 14,47<\/p>\n<p>7.Ver Elini A\u015fk 3.B\u00f6l\u00fcm (Kanal D)&#8230;&#8230;&#8230;&#8230;&#8230;&#8230;&#8230;&#8230;&#8230;&#8230;&#8230;.5,47 &#8211; 20,87<\/p>\n<p>8.Dolunay 12.B\u00f6l\u00fcm (Star Tv)\u2026\u2026\u2026\u2026\u2026\u2026\u2026\u2026\u2026\u2026\u2026\u2026\u2026..5,36 &#8211; 15,41<\/p>\n<p>9.Sava\u015f\u00e7\u0131 13.B\u00f6l\u00fcm (Fox)&#8230;&#8230;&#8230;&#8230;&#8230;&#8230;&#8230;&#8230;&#8230;&#8230;&#8230;&#8230;&#8230;&#8230;&#8230;&#8230;5,07 &#8211; 14,28<\/p>\n<p>10.Kay\u0131t D\u0131\u015f\u0131 1.B\u00f6l\u00fcm (Fox Tv)&#8230;&#8230;&#8230;&#8230;&#8230;&#8230;&#8230;&#8230;&#8230;&#8230;&#8230;&#8230;&#8230;4,92 &#8211; 14,11<\/p>\n<p><strong>TOTAL ve AB Grubunda reytingleri en y\u00fcksek olan Haftan\u0131n ilk 5 s\u0131ralamas\u0131 :<\/strong><\/p>\n<p><strong>1.S\u00d6Z<\/strong> : Star Tv\u2019nin be\u011fenilen dizisi S\u00f6z 13.b\u00f6l\u00fcm\u00fcnde Total\u2019de ald\u0131\u011f\u0131 8,36 puanla haftan\u0131n dizileri aras\u0131nda bu hafta 1.s\u0131rada yeni sezona ba\u015flad\u0131.<\/p>\n<\/div>\n<div class=\"etiket\"><\/div>\n<div class=\"etiket\"><img loading=\"lazy\" decoding=\"async\" class=\"alignnone size-full wp-image-20759\" src=\"http:\/\/balcilar-blog.com\/wp-content\/uploads\/2017\/09\/75921.jpg\" alt=\"75921\" width=\"640\" height=\"426\" srcset=\"https:\/\/balcilar-blog.com\/wp-content\/uploads\/2017\/09\/75921.jpg 640w, https:\/\/balcilar-blog.com\/wp-content\/uploads\/2017\/09\/75921-300x200.jpg 300w\" sizes=\"auto, (max-width: 640px) 100vw, 640px\" \/><br \/>\nG\u00f6revden al\u0131nd\u0131ktan sonra sivil hayata d\u00f6nen Tim\u2019in g\u00fcnleri askerlik \u00f6zlemiyle ge\u00e7mektedir. Ter\u00f6r sald\u0131r\u0131lar\u0131 ise hala devam etmekte, gelen ac\u0131 haberler \u00fclkeyi yasa bo\u011fmaktad\u0131r. \u0130nzivaya \u00e7ekilmi\u015f olan Yavuz, \u00c7olak\u2019\u0131n avukat\u0131ndan gelen bir haberle harekete ge\u00e7er. Tim\u2019in de Yavuz\u2019a kat\u0131lmas\u0131yla birlikte kendilerini b\u00fcy\u00fck bir ter\u00f6r eyleminin ortas\u0131nda bulurlar. Bu eylemin sonucunda ise onlar\u0131 b\u00fcy\u00fck bir s\u00fcrpriz beklemektedir.<\/div>\n<div class=\"etiket\"><\/div>\n<div class=\"etiket\"><strong>2.MERYEM<\/strong> : Kanal D\u2019nin yaz dizisi Meryem art\u0131k sezon dizisi olarak devam ediyor. 8.b\u00f6l\u00fcm\u00fcnde AB\u2019de ald\u0131\u011f\u0131 7,98 reyting puan\u0131 ile 2.s\u0131rada yer al\u0131yor.<\/div>\n<div class=\"etiket\"><\/div>\n<div class=\"etiket\">\n<p><img loading=\"lazy\" decoding=\"async\" class=\"alignnone size-full wp-image-20757\" src=\"http:\/\/balcilar-blog.com\/wp-content\/uploads\/2017\/09\/gitme-meryem-meryem-8bolum-20-eylul-cars.jpg\" alt=\"gitme-meryem-meryem-8bolum-20-eylul-cars\" width=\"640\" height=\"360\" srcset=\"https:\/\/balcilar-blog.com\/wp-content\/uploads\/2017\/09\/gitme-meryem-meryem-8bolum-20-eylul-cars.jpg 640w, https:\/\/balcilar-blog.com\/wp-content\/uploads\/2017\/09\/gitme-meryem-meryem-8bolum-20-eylul-cars-300x169.jpg 300w\" sizes=\"auto, (max-width: 640px) 100vw, 640px\" \/><\/p>\n<p>Meryem 8. B\u00f6l\u00fcmde Oktay\u2019\u0131n oyunlar\u0131n\u0131n son kurban\u0131 Sava\u015f oluyor; bir se\u00e7im yapmak zorunda kal\u0131yor! Sava\u015f\u2019\u0131n plan\u0131 sonucu bir araya gelen Oktay, Meryem ve Derin aras\u0131nda b\u00fcy\u00fck y\u00fczle\u015fme ger\u00e7ekle\u015fir. Meryem, ta\u015f\u0131d\u0131\u011f\u0131 y\u00fck\u00fcn alt\u0131nda ezildi\u011fini ve ger\u00e7ekleri Sava\u015f\u2019a anlataca\u011f\u0131n\u0131 itiraf eder. Meryem\u2019i durdurabilmek i\u00e7in harekete ge\u00e7meye haz\u0131rlanan Derin\u2019in s\u0131kt\u0131\u011f\u0131 silah sonucu, Oktay yaralan\u0131r. Oktay, eline ge\u00e7irdi\u011fi kozu sonuna kadar kullanmaya haz\u0131rlan\u0131r. Derin\u2019in tutuklanma ihtimaline kar\u015f\u0131 Sava\u015f bir tercih yapmak zorunda kal\u0131r. Meryem ile ailesi aras\u0131nda kalan Sava\u015f, yeni bir s\u0131nav verecektir.<\/p>\n<p><strong>3.E\u015eKIYA D\u00dcNYAYA H\u00dcK\u00dcMDAR OLMAZ<\/strong> : Atv\u2019nin Sal\u0131 ak\u015famlar\u0131 ekranlara gelen macera dizisinin 72.b\u00f6l\u00fcm\u00fcnde AB\u2019de ald\u0131\u011f\u0131 rekor 7,74 reyting puan\u0131 ile haftan\u0131n dizileri aras\u0131nda bu hafta yeni sezonunda 3 s\u0131rada yer ald\u0131.<\/p>\n<\/div>\n<div class=\"etiket\">\n<p><img loading=\"lazy\" decoding=\"async\" class=\"alignnone size-full wp-image-20758\" src=\"http:\/\/balcilar-blog.com\/wp-content\/uploads\/2017\/09\/0x0-72-bolum-foto-galeri-1505484306368.jpg\" alt=\"0x0-72-bolum-foto-galeri-1505484306368\" width=\"640\" height=\"427\" srcset=\"https:\/\/balcilar-blog.com\/wp-content\/uploads\/2017\/09\/0x0-72-bolum-foto-galeri-1505484306368.jpg 640w, https:\/\/balcilar-blog.com\/wp-content\/uploads\/2017\/09\/0x0-72-bolum-foto-galeri-1505484306368-300x200.jpg 300w\" sizes=\"auto, (max-width: 640px) 100vw, 640px\" \/><\/p>\n<p><strong>H\u0131z\u0131r \u00f6l\u00fcmle dans ediyor<\/strong><\/p>\n<p>H\u0131z\u0131r \u00c7ak\u0131rbeyli t\u00fcm i\u015flerini \u0130lyas&#8217;a devredip memleketine yerle\u015ftikten sonra ailesiyle, al\u0131\u015ft\u0131\u011f\u0131 sorunlardan uzakta al\u0131\u015f\u0131lmad\u0131k bir mutlulu\u011fa sahip olmu\u015ftur. Onca ya\u015fanan s\u0131k\u0131nt\u0131dan sonra bir nebze huzur bulan ailenin tad\u0131n\u0131n ka\u00e7aca\u011f\u0131 g\u00fcnler ise \u00e7ok uzakta de\u011fildir. \u0130ntikam\u0131n\u0131n pe\u015fine d\u00fc\u015fen d\u00fc\u015fmanlar H\u0131z\u0131r&#8217;\u0131n yakas\u0131n\u0131 b\u0131rakmazlar.<\/p>\n<p>\u00dcnal Kaplan ile birlikte t\u00fcm masa \u00fcyelerinin ortak karar\u0131 H\u0131z\u0131r&#8217;\u0131n bir an \u00f6nce gelip masaya oturmas\u0131 y\u00f6n\u00fcndedir. \u0130stihbarat\u0131n i\u00e7indeki kendine yak\u0131n g\u00fc\u00e7leri ma\u015fa olarak kullanan CIA, b\u00fcy\u00fck k\u0131y\u0131m i\u00e7in haz\u0131rlanmaktad\u0131r. Olay\u0131n ehemmiyetinin fark\u0131nda olan herkes bir yandan H\u0131z\u0131r&#8217;a kurulan pusular\u0131n ard\u0131n\u0131 ara\u015ft\u0131r\u0131rken di\u011fer yandan d\u00f6n\u00fc\u015f\u00fcn\u00fc sa\u011flamaya \u00e7al\u0131\u015f\u0131r.<br \/>\nPe\u015finde \u00f6l\u00fcmle gezen H\u0131z\u0131r&#8217;\u0131n d\u00f6n\u00fcp i\u015flerin ba\u015f\u0131na ge\u00e7mekten ba\u015fka \u00e7aresi yoktur. Tabi e\u011fer bunun i\u00e7in hala zaman\u0131 varsa\u2026<\/p>\n<p><strong>4.\u0130STANBULLU GEL\u0130<\/strong>N : Star Tv\u2019nin sevilen dizisi 18.b\u00f6l\u00fcm\u00fcnde AB\u2019de ald\u0131\u011f\u0131 7,10 reyting puan\u0131 ile bu hafta da 4.s\u0131rada yer alm\u0131\u015ft\u0131r.<\/p>\n<\/div>\n<div class=\"etiket\"><\/div>\n<div class=\"etiket\">\n<p><img loading=\"lazy\" decoding=\"async\" class=\"alignnone size-full wp-image-20760\" src=\"http:\/\/balcilar-blog.com\/wp-content\/uploads\/2017\/09\/75970.jpg\" alt=\"75970\" width=\"640\" height=\"426\" srcset=\"https:\/\/balcilar-blog.com\/wp-content\/uploads\/2017\/09\/75970.jpg 640w, https:\/\/balcilar-blog.com\/wp-content\/uploads\/2017\/09\/75970-300x200.jpg 300w\" sizes=\"auto, (max-width: 640px) 100vw, 640px\" \/><\/p>\n<p><strong>Faruk \u2013S\u00fcreyya a\u015fk\u0131nda neler ya\u015fanacak?<\/strong><br \/>\nS\u00fcreyya\u2019n\u0131n b\u00fcy\u00fck s\u0131rr\u0131 \u00f6\u011frenip, a\u00e7\u0131klama beklemeden ortadan kaybolmas\u0131 Faruk\u2019u peri\u015fan etmi\u015ftir. Her yerde S\u00fcreyya\u2019y\u0131 arayan Faruk umudunu kaybetmemek i\u00e7in m\u00fccadele ederken, Boranlar S\u00fcreyya\u2019dan gelebilecek ac\u0131 habere kar\u015f\u0131 temkinlidir. Hayat\u0131n\u0131n en zor d\u00f6neminde olan Faruk, Adem ger\u00e7e\u011fi ile y\u00fczle\u015firken S\u00fcreyyas\u0131z nefes alamad\u0131\u011f\u0131n\u0131 iyice hissetmektedir. Esma ise t\u00fcm ya\u015fan\u0131lanlar\u0131 hazmetmekte zorlanmakta, hem S\u00fcreyya\u2019ya hem de Adem\u2019e gitgide bilenmektedir<\/p>\n<p><strong>5.B\u0130Z\u0130M H\u0130KAYE<\/strong> : Fox Tv&#8217;nin yeni dizisi Hazal Kaya ve Burak Deniz&#8217;in ba\u015frolu oynad\u0131\u011f\u0131 Bizim Hikaye 2.haftas\u0131nda, AB&#8217;de ald\u0131\u011f\u0131 6,73 reyting puan\u0131 ile haftan\u0131n dizileri aras\u0131nda ilk 5&#8217;e girmeyi ba\u015fard\u0131.<\/p>\n<\/div>\n<div class=\"etiket\"><img loading=\"lazy\" decoding=\"async\" class=\"alignnone size-full wp-image-20715\" src=\"http:\/\/balcilar-blog.com\/wp-content\/uploads\/2017\/09\/DJ_c_QqWkAERWov.jpg\" alt=\"DJ_c_QqWkAERWov\" width=\"640\" height=\"334\" srcset=\"https:\/\/balcilar-blog.com\/wp-content\/uploads\/2017\/09\/DJ_c_QqWkAERWov.jpg 640w, https:\/\/balcilar-blog.com\/wp-content\/uploads\/2017\/09\/DJ_c_QqWkAERWov-300x157.jpg 300w\" sizes=\"auto, (max-width: 640px) 100vw, 640px\" \/>Rahmet\u2019i evinde k\u0131z\u0131yla yakalayan Ha\u015fim sinirini Fikri\u2019den \u00e7\u0131kart\u0131r. Fikri ise yedi\u011fi daya\u011f\u0131n ac\u0131s\u0131n\u0131 kar\u015f\u0131s\u0131na ilk \u00e7\u0131kan Hikmet\u2019e kafa atarak \u00e7\u0131kart\u0131r. Bu olaya \u015fahit olan Bar\u0131\u015f m\u00fcdahale etmek istese de Filiz engeller. Bar\u0131\u015f\u2019\u0131n Filiz\u2019in ya\u015fam\u0131n\u0131 kolayla\u015ft\u0131rmak i\u00e7in kendince buldu\u011fu \u00e7\u00f6z\u00fcm olaylar\u0131n daha da kar\u0131\u015fmas\u0131na sebep olur.<br \/>\nFikri\u2019nin maa\u015f g\u00fcn\u00fc ortadan kaybolmas\u0131 t\u00fcm ailede panik yarat\u0131r ve her yerde Fikri\u2019yi aramaya ba\u015flarlar. Fikri\u2019nin kaybolmas\u0131 Bar\u0131\u015f ve Filiz\u2019i Yunanistan\u2019da sonlanacak maceral\u0131 bir yolculu\u011fa s\u00fcr\u00fckler. \u0130stanbul\u2019a d\u00f6n\u00fc\u015flerinde Bar\u0131\u015f Filiz\u2019le aras\u0131n\u0131 d\u00fczeltmeye \u00e7al\u0131\u015f\u0131rken, Cemil de Filiz\u2019i polis gecesine davet eder. Filiz\u2019in yoklu\u011funda \u0130smet\u2019e bakan \u015eeyma\u2019n\u0131n bir anl\u0131k dalg\u0131nl\u0131\u011f\u0131 t\u00fcm korkular\u0131yla y\u00fczle\u015fmesine sebep olur. Elibollar\u0131n evini idare etme i\u015fi T\u00fclay\u2019a kal\u0131rken, Fikret tehlikeli deneyleriyle evdeki herkesi u\u011fra\u015ft\u0131r\u0131r. Ha\u015fim\u2019in yapt\u0131klar\u0131na ra\u011fmen Rahmet\u2019in M\u00fcjde\u2019ye ders vermeye devam etmesi aralar\u0131nda yeni heyecanlar\u0131n olu\u015fmas\u0131na neden olur.<strong>Her iki kategorinin ilk on\u2019da yer alan dizileri :<\/strong><\/p>\n<p>S\u00f6z, E\u015fk\u0131ya D\u00fcnyaya H\u00fck\u00fcmdar Olmaz, Meryem, Bizim Hikaye, \u015eevkat Yerimdar ve Sava\u015f\u00e7\u0131 her iki grupta yer alan diziler olmu\u015ftur.<\/p>\n<p><strong>KANALLARA G\u00d6RE SIRALAMAYA G\u00d6Z ATARSAK:<\/strong><\/p>\n<p><strong>Total grubunda ilk onda<\/strong>: Atv; 4 dizi. Fox Tv; 3 dizi. Star, Show Tv ve Kanal D; birer dizi ile yer alm\u0131\u015ft\u0131r.<\/p>\n<\/div>\n<div class=\"etiket\">\n<p><strong>AB\u2019de ilk onda:<\/strong> Fox Tv; 4 dizi. Star Tv; 3 dizi. Kanal D; 2 dizi. Atv bir dizi ile yer ald\u0131lar.<strong>Bu haftan\u0131n kanal<\/strong>\u0131; AB&#8217;de 4 dizi ve Total&#8217;de 3 dizi ile <strong>Fox Tv<\/strong>. haftan\u0131n kanal\u0131 olmu\u015flard\u0131r.<\/p>\n<p><strong>YEN\u0130 D\u0130Z\u0130LER :<\/strong><\/p>\n<p><strong>S\u0130YAH \u0130NC\u0130 (Star Tv) :<\/strong><\/p>\n<p>Ba\u015frollerini Tolgahan Say\u0131\u015fman ve Hande Er\u00e7el&#8217;in oynad\u0131\u011f\u0131 iddial\u0131 dizi Siyah \u0130nci 28 Eyl\u00fcl Per\u015fembe ak\u015fam\u0131 Star Tv&#8217;de ekranlara geliyor.<\/p>\n<\/div>\n<div class=\"etiket\">\n<p><img loading=\"lazy\" decoding=\"async\" class=\"alignnone size-full wp-image-20755\" src=\"http:\/\/balcilar-blog.com\/wp-content\/uploads\/2017\/09\/siyah-inci.jpg\" alt=\"siyah-inci\" width=\"448\" height=\"299\" srcset=\"https:\/\/balcilar-blog.com\/wp-content\/uploads\/2017\/09\/siyah-inci.jpg 448w, https:\/\/balcilar-blog.com\/wp-content\/uploads\/2017\/09\/siyah-inci-300x200.jpg 300w\" sizes=\"auto, (max-width: 448px) 100vw, 448px\" \/><\/p>\n<p><strong>Konu<\/strong>: Birbirlerinden hi\u00e7 ayr\u0131lmamaya s\u00f6z vermi\u015f, Ege\u2019de k\u00fc\u00e7\u00fck bir sahil kasabas\u0131nda ya\u015fayan Hazal (Hande Er\u00e7el) ve Kenan\u2019\u0131n (Tolgahan Say\u0131\u015fman) a\u015fk\u0131, Vural\u2019\u0131n (Berk Hakman) kasabaya geli\u015fi ve Hazal \u2018\u0131 elde etmek i\u00e7in her \u015feyi g\u00f6ze almas\u0131 ile de\u011fi\u015fecek ve iki sevgilinin hayatlar\u0131 alt \u00fcst olacak.<br \/>\n<strong>2017 &#8211; 2018 dizi sezon dizilerinin ba\u015flamas\u0131 ile b\u00fct\u00fcn kanallarda yar\u0131\u015f ba\u015flad\u0131. Hangi diziler ba\u015far\u0131l\u0131 olacak? Reytinglerde \u00f6ne \u00e7\u0131kan dizileri hep birlikte g\u00f6rece\u011fiz.<\/strong><\/p>\n<p>Yeni sezon b\u00fct\u00fcn oyuncular\u0131m\u0131za, yap\u0131mc\u0131lar\u0131m\u0131za ve kanallara hay\u0131rl\u0131 olsun.<\/p>\n<p>Sayg\u0131lar ve sevgiler.<\/p>\n<\/div>\n<div class=\"etiket\">\n<p>Abdurrahman Balc\u0131lar<\/p>\n<p>Twitter:\u00a0<a href=\"https:\/\/twitter.com\/abbalcilar\">abdurrahman balc\u0131lar<\/a><a href=\"https:\/\/twitter.com\/abbalcilar\"><strong>@abbalcilar<\/strong><\/a><\/p>\n<p>Mail :\u00a0<a href=\"mailto:ab.balcilar@hotmail.com\">ab.balcilar@hotmail.com<\/a><\/p>\n<p>Blog:\u00a0<a href=\"http:\/\/t.co\/znqmIZgIqn\">blog.milliyet.com.tr\/cansever<\/a><\/p>\n<p>Blog:\u00a0<a href=\"http:\/\/balcilar-blog.com\/\">Abdurrahman Balc\u0131lar Blog Sayfas\u0131<\/a><\/p>\n<p><strong>*\u015eahsi Blog sayfamda ve Milliyet Blog\u2019da yay\u0131nlanan blog yaz\u0131lar\u0131 b\u00fcy\u00fck bir \u00e7al\u0131\u015fman\u0131n \u00fcr\u00fcn\u00fc olup, izinsiz ya da kaynak g\u00f6stermeden al\u0131nt\u0131 yap\u0131lamaz. Aksi halde kanuni i\u015flem yap\u0131l\u0131r.<\/strong><\/p>\n<\/div>\n<div class=\"etiket\"><\/div>\n","protected":false},"excerpt":{"rendered":"<p>\u00a0 TNS \u00f6l\u00e7\u00fcmlerine g\u00f6re haz\u0131rlad\u0131\u011f\u0131m 18 &#8211; 24 Eyl\u00fcl 2017 Tarihleri aras\u0131nda en \u00e7ok seyredilen alt\u0131 Ulusal kanallar\u0131m\u0131zda ekranlar\u0131m\u0131za gelen 30 dizi aras\u0131nda, Total\u2019de ve AB\u2019de ilk ona giren, haftan\u0131n dizi karnesini a\u015fa\u011f\u0131da bilgilerinize sunuyorum. Ge\u00e7en Hafta G\u00f6sterimdeki Diziler : \u0130simsizler, S\u00f6z, K\u0131rg\u0131n \u00c7i\u00e7ekler, Kay\u0131t D\u0131\u015f\u0131 (Yeni), E\u015fk\u0131ya D\u00fcnyaya H\u00fck\u00fcmdar Olmaz, Dolunay, Tutsak (Yeni), Meryem, [&hellip;]<\/p>\n","protected":false},"author":3,"featured_media":20761,"comment_status":"open","ping_status":"open","sticky":false,"template":"","format":"standard","meta":{"footnotes":""},"categories":[2],"tags":[1520,712,801,19,1375,1507,1416,530],"class_list":["post-20747","post","type-post","status-publish","format-standard","has-post-thumbnail","hentry","category-tv-programlari","tag-bizim-hikaye","tag-dizi-reytingleri","tag-eskiya-dunyaya-hukumdar-olmaz","tag-hazal-kaya","tag-istanbullu-gelin","tag-meryem","tag-soz","tag-tns-olcumleri"],"views":3177,"blog_post_layout_featured_media_urls":{"thumbnail":["https:\/\/balcilar-blog.com\/wp-content\/uploads\/2017\/09\/cats-25-EYL\u00dcL-150x150.jpg",150,150,true],"full":["https:\/\/balcilar-blog.com\/wp-content\/uploads\/2017\/09\/cats-25-EYL\u00dcL.jpg",640,362,false]},"categories_names":{"2":{"name":"TV Programlar\u0131","link":"https:\/\/balcilar-blog.com\/?cat=2"}},"tags_names":{"1520":{"name":"Bizim Hikaye","link":"https:\/\/balcilar-blog.com\/?tag=bizim-hikaye"},"712":{"name":"Dizi reytingleri","link":"https:\/\/balcilar-blog.com\/?tag=dizi-reytingleri"},"801":{"name":"E\u015fk\u0131ya D\u00fcnya'ya H\u00fck\u00fcmdar Olmaz","link":"https:\/\/balcilar-blog.com\/?tag=eskiya-dunyaya-hukumdar-olmaz"},"19":{"name":"Hazal Kaya","link":"https:\/\/balcilar-blog.com\/?tag=hazal-kaya"},"1375":{"name":"\u0130stanbullu Gelin","link":"https:\/\/balcilar-blog.com\/?tag=istanbullu-gelin"},"1507":{"name":"Meryem","link":"https:\/\/balcilar-blog.com\/?tag=meryem"},"1416":{"name":"S\u00f6z","link":"https:\/\/balcilar-blog.com\/?tag=soz"},"530":{"name":"TNS \u00f6l\u00e7\u00fcmleri","link":"https:\/\/balcilar-blog.com\/?tag=tns-olcumleri"}},"comments_number":"0","wpmagazine_modules_lite_featured_media_urls":{"thumbnail":["https:\/\/balcilar-blog.com\/wp-content\/uploads\/2017\/09\/cats-25-EYL\u00dcL-150x150.jpg",150,150,true],"cvmm-medium":["https:\/\/balcilar-blog.com\/wp-content\/uploads\/2017\/09\/cats-25-EYL\u00dcL.jpg",300,170,false],"cvmm-medium-plus":["https:\/\/balcilar-blog.com\/wp-content\/uploads\/2017\/09\/cats-25-EYL\u00dcL.jpg",305,173,false],"cvmm-portrait":["https:\/\/balcilar-blog.com\/wp-content\/uploads\/2017\/09\/cats-25-EYL\u00dcL.jpg",400,226,false],"cvmm-medium-square":["https:\/\/balcilar-blog.com\/wp-content\/uploads\/2017\/09\/cats-25-EYL\u00dcL.jpg",600,339,false],"cvmm-large":["https:\/\/balcilar-blog.com\/wp-content\/uploads\/2017\/09\/cats-25-EYL\u00dcL.jpg",640,362,false],"cvmm-small":["https:\/\/balcilar-blog.com\/wp-content\/uploads\/2017\/09\/cats-25-EYL\u00dcL.jpg",130,74,false],"full":["https:\/\/balcilar-blog.com\/wp-content\/uploads\/2017\/09\/cats-25-EYL\u00dcL.jpg",640,362,false]},"_links":{"self":[{"href":"https:\/\/balcilar-blog.com\/index.php?rest_route=\/wp\/v2\/posts\/20747","targetHints":{"allow":["GET"]}}],"collection":[{"href":"https:\/\/balcilar-blog.com\/index.php?rest_route=\/wp\/v2\/posts"}],"about":[{"href":"https:\/\/balcilar-blog.com\/index.php?rest_route=\/wp\/v2\/types\/post"}],"author":[{"embeddable":true,"href":"https:\/\/balcilar-blog.com\/index.php?rest_route=\/wp\/v2\/users\/3"}],"replies":[{"embeddable":true,"href":"https:\/\/balcilar-blog.com\/index.php?rest_route=%2Fwp%2Fv2%2Fcomments&post=20747"}],"version-history":[{"count":5,"href":"https:\/\/balcilar-blog.com\/index.php?rest_route=\/wp\/v2\/posts\/20747\/revisions"}],"predecessor-version":[{"id":20803,"href":"https:\/\/balcilar-blog.com\/index.php?rest_route=\/wp\/v2\/posts\/20747\/revisions\/20803"}],"wp:featuredmedia":[{"embeddable":true,"href":"https:\/\/balcilar-blog.com\/index.php?rest_route=\/wp\/v2\/media\/20761"}],"wp:attachment":[{"href":"https:\/\/balcilar-blog.com\/index.php?rest_route=%2Fwp%2Fv2%2Fmedia&parent=20747"}],"wp:term":[{"taxonomy":"category","embeddable":true,"href":"https:\/\/balcilar-blog.com\/index.php?rest_route=%2Fwp%2Fv2%2Fcategories&post=20747"},{"taxonomy":"post_tag","embeddable":true,"href":"https:\/\/balcilar-blog.com\/index.php?rest_route=%2Fwp%2Fv2%2Ftags&post=20747"}],"curies":[{"name":"wp","href":"https:\/\/api.w.org\/{rel}","templated":true}]}}