{"id":20744,"date":"2017-09-25T14:29:52","date_gmt":"2017-09-25T11:29:52","guid":{"rendered":"http:\/\/balcilar-blog.com\/?p=20744"},"modified":"2017-09-25T14:43:12","modified_gmt":"2017-09-25T11:43:12","slug":"aras-bulut-iynemliden-yeni-dizi-cukur","status":"publish","type":"post","link":"https:\/\/balcilar-blog.com\/?p=20744","title":{"rendered":"Aras Bulut \u0130ynemli&#8217;den yeni dizi geliyor; \u00c7ukur!"},"content":{"rendered":"<p><img loading=\"lazy\" decoding=\"async\" class=\"alignnone size-full wp-image-20750\" src=\"http:\/\/balcilar-blog.com\/wp-content\/uploads\/2017\/09\/aras-bulut-i-160648ML.jpg\" alt=\"aras-bulut-i-160648ML\" width=\"640\" height=\"410\" srcset=\"https:\/\/balcilar-blog.com\/wp-content\/uploads\/2017\/09\/aras-bulut-i-160648ML.jpg 640w, https:\/\/balcilar-blog.com\/wp-content\/uploads\/2017\/09\/aras-bulut-i-160648ML-300x192.jpg 300w\" sizes=\"auto, (max-width: 640px) 100vw, 640px\" \/><\/p>\n<p>Ge\u00e7ti\u011fimiz Haziran ay\u0131nda <strong>Aras Bulut \u0130ynemli<\/strong>, \u00c7a\u011fatay Ulusoy ile &#8220;\u0130\u00e7erde&#8221; dizisinde birlikte oynam\u0131\u015f, &#8216;Mert&#8217; karakteri olarak ba\u015far\u0131l\u0131 bir oyunculuk sergilemi\u015fti.<\/p>\n<p>\u015eimdi de Aras Bulut \u0130ynemli yeni bir dizi ile ekranlara geliyor &#8220;<strong>\u00c7ukur<\/strong>&#8220;.<\/p>\n<p><strong>Ay Yap\u0131m<\/strong> imzal\u0131, <strong>Show TV<\/strong>\u2019nin bu sezon en iddial\u0131 dizisi \u00c7ukur\u2019un ilk tan\u0131t\u0131m afi\u015fi yay\u0131nland\u0131.<\/p>\n<p>Nefes kesen senaryosu ve dev oyuncu kadrosu ile yeni sezona damgas\u0131n\u0131 vurmaya haz\u0131rlanan \u00c7ukur; son d\u00f6nemin ba\u015far\u0131l\u0131, gen\u00e7 oyuncular\u0131 Aras Bulut \u0130ynemli ve Dilan \u00c7i\u00e7ek Deniz\u2019i ayn\u0131 projede bulu\u015fturuyor. Dilan \u00c7i\u00e7ek ge\u00e7en sezon Bodrum masal\u0131 dizisinde ekranlara gelmi\u015fti.<\/p>\n<p><img loading=\"lazy\" decoding=\"async\" class=\"alignnone size-full wp-image-20749\" src=\"http:\/\/balcilar-blog.com\/wp-content\/uploads\/2017\/09\/dilan-cicek.png\" alt=\"dilan-cicek\" width=\"640\" height=\"412\" srcset=\"https:\/\/balcilar-blog.com\/wp-content\/uploads\/2017\/09\/dilan-cicek.png 640w, https:\/\/balcilar-blog.com\/wp-content\/uploads\/2017\/09\/dilan-cicek-300x193.png 300w\" sizes=\"auto, (max-width: 640px) 100vw, 640px\" \/><\/p>\n<p>Ko\u00e7oval\u0131 ailesinin en k\u00fc\u00e7\u00fck o\u011flu, g\u00f6z\u00fc kara ve isyank\u00e2r Yama\u00e7 karakterini canland\u0131ran Aras Bulut \u0130ynemli ile deli dolu ve dik kafal\u0131, ya\u015fam enerjisiyle herkesi kendine hayran b\u0131rakan Sena rol\u00fcnde izleyece\u011fimiz Dilan \u00c7i\u00e7ek Deniz\u2019in yer ald\u0131\u011f\u0131 dizinin ilk tan\u0131t\u0131m afi\u015fi merak uyand\u0131ran, \u00e7arp\u0131c\u0131 g\u00f6rsel dili ile \u00e7ok konu\u015fulacak.<\/p>\n<p><img loading=\"lazy\" decoding=\"async\" class=\"alignnone size-full wp-image-20745\" src=\"http:\/\/balcilar-blog.com\/wp-content\/uploads\/2017\/09\/Cukur_Poster_Fall_Ikili_LR.jpg\" alt=\"Cukur_Poster_Fall_Ikili_LR\" width=\"480\" height=\"616\" srcset=\"https:\/\/balcilar-blog.com\/wp-content\/uploads\/2017\/09\/Cukur_Poster_Fall_Ikili_LR.jpg 480w, https:\/\/balcilar-blog.com\/wp-content\/uploads\/2017\/09\/Cukur_Poster_Fall_Ikili_LR-234x300.jpg 234w\" sizes=\"auto, (max-width: 480px) 100vw, 480px\" \/><\/p>\n<p>Senaryosunu G\u00f6khan Horzum\u2019un yazd\u0131\u011f\u0131, y\u00f6netmenli\u011fini Sinan \u00d6zt\u00fcrk\u2019\u00fcn \u00fcstlendi\u011fi dizide son d\u00f6nemin g\u00f6zde oyuncular\u0131ndan Aras Bulut \u0130ynemli, Dilan \u00c7i\u00e7ek Deniz, Erkan Kol\u00e7ak K\u00f6stendil, \u00d6ner Erkan, R\u0131za Kocao\u011flu, Nebil Say\u0131n, Kubilay Aka ile usta oyuncular Ercan Kesal ve Perihan Sava\u015f bulu\u015fuyor.<\/p>\n<p><img loading=\"lazy\" decoding=\"async\" class=\"alignnone size-full wp-image-20751\" src=\"http:\/\/balcilar-blog.com\/wp-content\/uploads\/2017\/09\/aras-bulut-i-193951ZC.jpg\" alt=\"aras-bulut-i-193951ZC\" width=\"640\" height=\"410\" srcset=\"https:\/\/balcilar-blog.com\/wp-content\/uploads\/2017\/09\/aras-bulut-i-193951ZC.jpg 640w, https:\/\/balcilar-blog.com\/wp-content\/uploads\/2017\/09\/aras-bulut-i-193951ZC-300x192.jpg 300w\" sizes=\"auto, (max-width: 640px) 100vw, 640px\" \/><\/p>\n<p>Ge\u00e7en Sezon Aras Bulut \u0130ynemli \u00c7a\u011fatay Ulusoy ile \u0130\u00e7erde dizisinde birbirlerini arayan iki karde\u015fi canland\u0131rm\u0131\u015flard\u0131.<\/p>\n<p>\u00c7ukur\u2019un ilk tan\u0131t\u0131m\u0131 bu ak\u015fam (25 Eyl\u00fcl Pazartesi) Show TV\u2019de&#8230;<\/p>\n<p>\u0130lgin\u00e7 ve \u00e7arp\u0131c\u0131 bir dizi sizleri bekliyor!<\/p>\n<p>Sayg\u0131lar ve sevgiler.<\/p>\n<p>Abdurrahman Balc\u0131lar<\/p>\n<p>Twitter:\u00a0<a href=\"https:\/\/twitter.com\/abbalcilar\">abdurrahman balc\u0131lar<\/a><a href=\"https:\/\/twitter.com\/abbalcilar\"><strong>@abbalcilar<\/strong><\/a><\/p>\n<p>Mail :\u00a0<a href=\"mailto:ab.balcilar@hotmail.com\">ab.balcilar@hotmail.com<\/a><\/p>\n<p>Blog:\u00a0<a href=\"http:\/\/t.co\/znqmIZgIqn\">blog.milliyet.com.tr\/cansever<\/a><\/p>\n<p>Blog:\u00a0<a href=\"http:\/\/balcilar-blog.com\/\">Abdurrahman Balc\u0131lar Blog Sayfas\u0131<\/a><\/p>\n<p>Not: \u0130leti\u015fim Deposu Bas\u0131n B\u00fclteni.<\/p>\n<p><strong>*\u015eahsi Blog sayfamda ve Milliyet Blog\u2019da yay\u0131nlanan blog yaz\u0131lar\u0131 b\u00fcy\u00fck bir \u00e7al\u0131\u015fman\u0131n \u00fcr\u00fcn\u00fc olup, izinsiz ya da kaynak g\u00f6stermeden al\u0131nt\u0131 yap\u0131lamaz. Aksi halde kanuni i\u015flem yap\u0131l\u0131r.<\/strong><\/p>\n<p>&nbsp;<\/p>\n","protected":false},"excerpt":{"rendered":"<p>Ge\u00e7ti\u011fimiz Haziran ay\u0131nda Aras Bulut \u0130ynemli, \u00c7a\u011fatay Ulusoy ile &#8220;\u0130\u00e7erde&#8221; dizisinde birlikte oynam\u0131\u015f, &#8216;Mert&#8217; karakteri olarak ba\u015far\u0131l\u0131 bir oyunculuk sergilemi\u015fti. \u015eimdi de Aras Bulut \u0130ynemli yeni bir dizi ile ekranlara geliyor &#8220;\u00c7ukur&#8220;. Ay Yap\u0131m imzal\u0131, Show TV\u2019nin bu sezon en iddial\u0131 dizisi \u00c7ukur\u2019un ilk tan\u0131t\u0131m afi\u015fi yay\u0131nland\u0131. Nefes kesen senaryosu ve dev oyuncu kadrosu ile [&hellip;]<\/p>\n","protected":false},"author":3,"featured_media":20750,"comment_status":"open","ping_status":"open","sticky":false,"template":"","format":"standard","meta":{"footnotes":""},"categories":[2],"tags":[533,26,15,1555,1554,1556,1219,1558,1255,35,1559],"class_list":["post-20744","post","type-post","status-publish","format-standard","has-post-thumbnail","hentry","category-tv-programlari","tag-aras-bulut-iynemli","tag-ay-yapim","tag-cagatay-ulusoy","tag-cukur","tag-dilan-cicek-deniz","tag-gokhan-horzum","tag-icerde","tag-perihan-savas","tag-riza-kocaoglu","tag-show-tv","tag-sinan-ozturk"],"views":3727,"blog_post_layout_featured_media_urls":{"thumbnail":["https:\/\/balcilar-blog.com\/wp-content\/uploads\/2017\/09\/aras-bulut-i-160648ML-150x150.jpg",150,150,true],"full":["https:\/\/balcilar-blog.com\/wp-content\/uploads\/2017\/09\/aras-bulut-i-160648ML.jpg",640,410,false]},"categories_names":{"2":{"name":"TV Programlar\u0131","link":"https:\/\/balcilar-blog.com\/?cat=2"}},"tags_names":{"533":{"name":"Aras Bulut \u0130ynemli","link":"https:\/\/balcilar-blog.com\/?tag=aras-bulut-iynemli"},"26":{"name":"Ay Yap\u0131m","link":"https:\/\/balcilar-blog.com\/?tag=ay-yapim"},"15":{"name":"\u00e7a\u011fatay ulusoy","link":"https:\/\/balcilar-blog.com\/?tag=cagatay-ulusoy"},"1555":{"name":"\u00c7ukur","link":"https:\/\/balcilar-blog.com\/?tag=cukur"},"1554":{"name":"Dilan \u00c7i\u00e7ek Deniz","link":"https:\/\/balcilar-blog.com\/?tag=dilan-cicek-deniz"},"1556":{"name":"G\u00f6khan Horzum","link":"https:\/\/balcilar-blog.com\/?tag=gokhan-horzum"},"1219":{"name":"\u0130\u00c7ERDE","link":"https:\/\/balcilar-blog.com\/?tag=icerde"},"1558":{"name":"Perihan Sava\u015f","link":"https:\/\/balcilar-blog.com\/?tag=perihan-savas"},"1255":{"name":"R\u0131za Kocao\u011flu","link":"https:\/\/balcilar-blog.com\/?tag=riza-kocaoglu"},"35":{"name":"Show Tv","link":"https:\/\/balcilar-blog.com\/?tag=show-tv"},"1559":{"name":"Sinan \u00d6zt\u00fcrk","link":"https:\/\/balcilar-blog.com\/?tag=sinan-ozturk"}},"comments_number":"0","wpmagazine_modules_lite_featured_media_urls":{"thumbnail":["https:\/\/balcilar-blog.com\/wp-content\/uploads\/2017\/09\/aras-bulut-i-160648ML-150x150.jpg",150,150,true],"cvmm-medium":["https:\/\/balcilar-blog.com\/wp-content\/uploads\/2017\/09\/aras-bulut-i-160648ML.jpg",300,192,false],"cvmm-medium-plus":["https:\/\/balcilar-blog.com\/wp-content\/uploads\/2017\/09\/aras-bulut-i-160648ML.jpg",305,195,false],"cvmm-portrait":["https:\/\/balcilar-blog.com\/wp-content\/uploads\/2017\/09\/aras-bulut-i-160648ML.jpg",400,256,false],"cvmm-medium-square":["https:\/\/balcilar-blog.com\/wp-content\/uploads\/2017\/09\/aras-bulut-i-160648ML.jpg",600,384,false],"cvmm-large":["https:\/\/balcilar-blog.com\/wp-content\/uploads\/2017\/09\/aras-bulut-i-160648ML.jpg",640,410,false],"cvmm-small":["https:\/\/balcilar-blog.com\/wp-content\/uploads\/2017\/09\/aras-bulut-i-160648ML.jpg",130,83,false],"full":["https:\/\/balcilar-blog.com\/wp-content\/uploads\/2017\/09\/aras-bulut-i-160648ML.jpg",640,410,false]},"_links":{"self":[{"href":"https:\/\/balcilar-blog.com\/index.php?rest_route=\/wp\/v2\/posts\/20744","targetHints":{"allow":["GET"]}}],"collection":[{"href":"https:\/\/balcilar-blog.com\/index.php?rest_route=\/wp\/v2\/posts"}],"about":[{"href":"https:\/\/balcilar-blog.com\/index.php?rest_route=\/wp\/v2\/types\/post"}],"author":[{"embeddable":true,"href":"https:\/\/balcilar-blog.com\/index.php?rest_route=\/wp\/v2\/users\/3"}],"replies":[{"embeddable":true,"href":"https:\/\/balcilar-blog.com\/index.php?rest_route=%2Fwp%2Fv2%2Fcomments&post=20744"}],"version-history":[{"count":4,"href":"https:\/\/balcilar-blog.com\/index.php?rest_route=\/wp\/v2\/posts\/20744\/revisions"}],"predecessor-version":[{"id":20754,"href":"https:\/\/balcilar-blog.com\/index.php?rest_route=\/wp\/v2\/posts\/20744\/revisions\/20754"}],"wp:featuredmedia":[{"embeddable":true,"href":"https:\/\/balcilar-blog.com\/index.php?rest_route=\/wp\/v2\/media\/20750"}],"wp:attachment":[{"href":"https:\/\/balcilar-blog.com\/index.php?rest_route=%2Fwp%2Fv2%2Fmedia&parent=20744"}],"wp:term":[{"taxonomy":"category","embeddable":true,"href":"https:\/\/balcilar-blog.com\/index.php?rest_route=%2Fwp%2Fv2%2Fcategories&post=20744"},{"taxonomy":"post_tag","embeddable":true,"href":"https:\/\/balcilar-blog.com\/index.php?rest_route=%2Fwp%2Fv2%2Ftags&post=20744"}],"curies":[{"name":"wp","href":"https:\/\/api.w.org\/{rel}","templated":true}]}}