{"id":20728,"date":"2017-09-23T18:28:35","date_gmt":"2017-09-23T15:28:35","guid":{"rendered":"http:\/\/balcilar-blog.com\/?p=20728"},"modified":"2017-09-25T22:35:12","modified_gmt":"2017-09-25T19:35:12","slug":"cagatay-ulusoy-sevenleri-butun-dunyayi-salladi","status":"publish","type":"post","link":"https:\/\/balcilar-blog.com\/?p=20728","title":{"rendered":"\u00c7a\u011fatay Ulusoy sevenleri b\u00fct\u00fcn d\u00fcnyay\u0131 sallad\u0131!"},"content":{"rendered":"<p><img loading=\"lazy\" decoding=\"async\" class=\"alignnone size-full wp-image-20730\" src=\"http:\/\/balcilar-blog.com\/wp-content\/uploads\/2017\/09\/DKWK84OWAAAN2bA.jpg\" alt=\"DKWK84OWAAAN2bA\" width=\"480\" height=\"480\" srcset=\"https:\/\/balcilar-blog.com\/wp-content\/uploads\/2017\/09\/DKWK84OWAAAN2bA.jpg 480w, https:\/\/balcilar-blog.com\/wp-content\/uploads\/2017\/09\/DKWK84OWAAAN2bA-150x150.jpg 150w, https:\/\/balcilar-blog.com\/wp-content\/uploads\/2017\/09\/DKWK84OWAAAN2bA-300x300.jpg 300w\" sizes=\"auto, (max-width: 480px) 100vw, 480px\" \/><\/p>\n<p>\u00dcn\u00fc \u00fclkemiz s\u0131n\u0131rlar\u0131n\u0131 a\u015fan, yak\u0131\u015f\u0131kl\u0131 oyuncu\u00a0<strong>\u00c7a\u011fatay Ulusoy<\/strong>&#8216;un sevenleri d\u00fcn gece yar\u0131s\u0131 23 Eyl\u00fcl&#8217;de saatlerin 00.00 g\u00f6stermesi ile &#8220;<strong>MutluYillar CagatayUlusoy<\/strong>&#8221; etiketi ile tweet atmaya ba\u015flad\u0131lar. \u00c7a\u011fatay Ulusoy&#8217;un 27. Ya\u015f G\u00fcn\u00fcn\u00fc kutlad\u0131lar. K\u0131sa zamanda Trend Topic listesine girdiler. T\u00fcm d\u00fcnya \u00fclkelerinde tweeterda Tweet ya\u011fmuruna ba\u015flad\u0131lar. \u00dcst s\u0131ralara y\u00fckselip, 20 bine yak\u0131n tweet att\u0131lar.<\/p>\n<p>Bende kendilerine destek olmak amac\u0131yla, 3 tweet att\u0131m. Y\u00fczlerce be\u011feni ve retweet ald\u0131.<\/p>\n<p><strong>Abdurrahman Balc\u0131lar\u200f @abbalcilar\u00a0<\/strong><\/p>\n<p>G\u00f6nl\u00fc g\u00fczel, y\u00fcz\u00fc g\u00fczel, oyunculu\u011fu s\u00fcper adam iyi ki do\u011fdun. 27.ya\u015f g\u00fcn\u00fcn kutlu olsun\u2026 \u0130yi ki vars\u0131n! MutluYillar CagatayUlusoy<\/p>\n<p><strong>Abdurrahman Balc\u0131lar\u200f @abbalcilar\u00a0<\/strong><\/p>\n<p>2011\u2019de Feriha\u2019ya tutkulu a\u015fk\u0131n ile tan\u0131d\u0131 sevenlerin seni.7 y\u0131l ge\u00e7ti. 27.ya\u015fa bast\u0131n, oyunculu\u011fun ile devle\u015ftin.MutluYillar @cagatayulusoyy<\/p>\n<p><img loading=\"lazy\" decoding=\"async\" class=\"alignnone size-full wp-image-20732\" src=\"http:\/\/balcilar-blog.com\/wp-content\/uploads\/2017\/09\/DKT_O4NXoAATFg7.jpg\" alt=\"DKT_O4NXoAATFg7\" width=\"445\" height=\"336\" srcset=\"https:\/\/balcilar-blog.com\/wp-content\/uploads\/2017\/09\/DKT_O4NXoAATFg7.jpg 445w, https:\/\/balcilar-blog.com\/wp-content\/uploads\/2017\/09\/DKT_O4NXoAATFg7-300x227.jpg 300w\" sizes=\"auto, (max-width: 445px) 100vw, 445px\" \/><\/p>\n<p><strong>Abdurrahman Balc\u0131lar\u200f @abbalcilar\u00a0<\/strong><\/p>\n<p>@cagatayulusoyy, Emir, Ahmet Onur, Yaman, Bar\u0131\u015f ve Sarp\u2019\u0131 sen yaratt\u0131n. Can verdin. Herbirini seninle sevdik. MutluYillar CagatayUlusoy<br \/>\n\u00c7a\u011fatay Ulusoy&#8217;un 27.ya\u015f g\u00fcn\u00fcn kutlamak amac\u0131yla g\u00fcnler \u00f6nceden haz\u0131rl\u0131klara ba\u015flad\u0131lar.<\/p>\n<p><img loading=\"lazy\" decoding=\"async\" class=\"alignnone size-full wp-image-20734\" src=\"http:\/\/balcilar-blog.com\/wp-content\/uploads\/2017\/09\/DJ68cAwXUAAMhif-1.jpg\" alt=\"DJ68cAwXUAAMhif\" width=\"480\" height=\"480\" srcset=\"https:\/\/balcilar-blog.com\/wp-content\/uploads\/2017\/09\/DJ68cAwXUAAMhif-1.jpg 480w, https:\/\/balcilar-blog.com\/wp-content\/uploads\/2017\/09\/DJ68cAwXUAAMhif-1-150x150.jpg 150w, https:\/\/balcilar-blog.com\/wp-content\/uploads\/2017\/09\/DJ68cAwXUAAMhif-1-300x300.jpg 300w\" sizes=\"auto, (max-width: 480px) 100vw, 480px\" \/><\/p>\n<p><strong>\u00dclkemiz haricinde baz\u0131 D\u00fcnya \u00fclkelerinde TT listesine girdiler.<\/strong><\/p>\n<p><img loading=\"lazy\" decoding=\"async\" class=\"alignnone size-full wp-image-20733\" src=\"http:\/\/balcilar-blog.com\/wp-content\/uploads\/2017\/09\/DKXOhlzWAAESY1D.jpg\" alt=\"DKXOhlzWAAESY1D\" width=\"480\" height=\"480\" srcset=\"https:\/\/balcilar-blog.com\/wp-content\/uploads\/2017\/09\/DKXOhlzWAAESY1D.jpg 480w, https:\/\/balcilar-blog.com\/wp-content\/uploads\/2017\/09\/DKXOhlzWAAESY1D-150x150.jpg 150w, https:\/\/balcilar-blog.com\/wp-content\/uploads\/2017\/09\/DKXOhlzWAAESY1D-300x300.jpg 300w\" sizes=\"auto, (max-width: 480px) 100vw, 480px\" \/><\/p>\n<p><strong>Di\u011fer baz\u0131 D\u00fcnya \u00fclkelerinde TT Listesinde:<\/strong><\/p>\n<p><img loading=\"lazy\" decoding=\"async\" class=\"alignnone size-full wp-image-20731\" src=\"http:\/\/balcilar-blog.com\/wp-content\/uploads\/2017\/09\/DKZfIsjX0AA7JA0.jpg\" alt=\"DKZfIsjX0AA7JA0\" width=\"356\" height=\"640\" srcset=\"https:\/\/balcilar-blog.com\/wp-content\/uploads\/2017\/09\/DKZfIsjX0AA7JA0.jpg 356w, https:\/\/balcilar-blog.com\/wp-content\/uploads\/2017\/09\/DKZfIsjX0AA7JA0-167x300.jpg 167w\" sizes=\"auto, (max-width: 356px) 100vw, 356px\" \/><\/p>\n<p>Bilindi\u011fi gibi \u00c7a\u011fatay Ulusoy, bir ayd\u0131r Amerika&#8217;da oyunculuk e\u011fitimi al\u0131yor, yabanc\u0131 dilini geli\u015ftiriyor ve tatil yap\u0131yor. Tahminen bir ay sonra \u00dclkemiz&#8217;e d\u00f6n\u00fcp 2018&#8217;de internette yay\u0131nlanacak olan Netflix&#8217;in dizi projesi i\u00e7in \u00e7al\u0131\u015fmalara ba\u015flayacakt\u0131r.<\/p>\n<p><strong>KISACA \u00c7A\u011eATAY ULUSOY;<\/strong><\/p>\n<p>\u00c7a\u011fatay Ulusoy; 23 Eyl\u00fcl 1990 tarihinde \u0130stanbul&#8217;da d\u00fcnyaya gelmi\u015ftir.<\/p>\n<p>2010 y\u0131l\u0131nda &#8220;Best Model Of Turkey&#8221; yar\u0131\u015fmas\u0131na kat\u0131lm\u0131\u015f ve birinci se\u00e7ilmi\u015ftir.<\/p>\n<p>Ulusoy; Ayla Algan&#8217;dan ve Vahide Per\u00e7in ile Altan G\u00f6rd\u00fcm&#8217;\u00fcn Sanat Okulunda oyunculuk dersleri alm\u0131\u015ft\u0131r.<\/p>\n<p>14 Ocak 2011&#8217;de Show Tv&#8217;de yay\u0131na ba\u015flayan &#8220;Ad\u0131n\u0131 Feriha Koydum&#8221; dizisinde Hazal Kaya ile oynam\u0131\u015f, b\u00fcy\u00fck be\u011feni toplayan Emir Sarrafo\u011fl\u0131 karakterini canland\u0131rm\u0131\u015ft\u0131r. Reytinglerin tepesinde yer alm\u0131\u015ft\u0131r.<\/p>\n<p>2011 yaz\u0131nda ilk sinema filmi &#8220;Anadolu Kartallar\u0131&#8221; da \u00dcste\u011fmen Ahmet Onur karakterini canland\u0131rm\u0131\u015f film ve \u00c7a\u011fatay&#8217;\u0131n oyunculu\u011fu takdir toplam\u0131\u015ft\u0131r.<\/p>\n<p>\u00c7a\u011fatay Ulusoy, 2013 y\u0131l\u0131nda Serenay Sar\u0131kaya ile Star TV&#8217;de yay\u0131nlanan &#8220;Medcezir&#8221; dizide &#8220;Yaman Koper&#8221; karakterini can vermi\u015f ve Yaman Koper&#8217;i oynam\u0131\u015ft\u0131r. Bu rol\u00fcndeki performans\u0131 ile Alt\u0131n Kelebek En \u0130yi Erkek Oyuncu dal\u0131nda birincilik \u00f6d\u00fcl\u00fc alm\u0131\u015ft\u0131r.<\/p>\n<p>Ulusoy; 25 Aral\u0131k 2015&#8217;de vizyona giren olan \u201cDelibal\u201d sinema filminde \u201cBar\u0131\u015f Ayaz\u201d karakteri canland\u0131rm\u0131\u015f ve ba\u015frol\u00fc Leyla Lydia Tu\u011futlu ile oynam\u0131\u015f, film 1,5 milyon ki\u015fi taraf\u0131ndan izlenmi\u015ftir.<\/p>\n<p>\u00c7a\u011fatay Ulusoy; \u0130lk reklam filmini bir Jean firmas\u0131 olan Colin&#8217;s de ger\u00e7ekle\u015ftirmi\u015f ve 2016 y\u0131l\u0131 itibariyle Colin&#8217;s reklam y\u00fcz\u00fc olmu\u015ftur.<\/p>\n<p>\u00c7a\u011fatay Ulusoy, son olarak ge\u00e7ti\u011fimiz 2016 &#8211; 2017 dizi sezonunda &#8220;\u0130\u00e7erde&#8221; dizisinde Sarp Y\u0131lmaz karakterini canland\u0131rm\u0131\u015ft\u0131r. Bu dizi ile \u00fcn\u00fcne \u00fcn katm\u0131\u015ft\u0131r.<\/p>\n<p><img loading=\"lazy\" decoding=\"async\" class=\"alignnone size-full wp-image-20735\" src=\"http:\/\/balcilar-blog.com\/wp-content\/uploads\/2017\/09\/DKS_Z-7W0AA3o_z.jpg\" alt=\"DKS_Z-7W0AA3o_z\" width=\"346\" height=\"336\" srcset=\"https:\/\/balcilar-blog.com\/wp-content\/uploads\/2017\/09\/DKS_Z-7W0AA3o_z.jpg 346w, https:\/\/balcilar-blog.com\/wp-content\/uploads\/2017\/09\/DKS_Z-7W0AA3o_z-300x291.jpg 300w\" sizes=\"auto, (max-width: 346px) 100vw, 346px\" \/><\/p>\n<p>7 Y\u0131lda \u00e7ok g\u00fczel i\u015flere imza atan \u00c7a\u011fatay Ulusoy, \u015fimdi D\u00fcnya Sanat\u00e7\u0131s\u0131 oldu. Netflix dizisi le onu t\u00fcm d\u00fcnya izleyecektir.<\/p>\n<p><strong>27. ya\u015f\u0131n tekrar kutlu, her \u015feyin g\u00f6nl\u00fcnce, ba\u015far\u0131lar\u0131n daim olsun.<\/strong><\/p>\n<p>\u00c7a\u011fatay Ulusoy, do\u011fum g\u00fcn\u00fc i\u00e7in sevenlerinin ilgisine \u015fu c\u00fcmlelerle kar\u015f\u0131l\u0131k verdi:<\/p>\n<p>\u201c<strong>Do\u011fum g\u00fcn\u00fcmde beni yaln\u0131z b\u0131rakmad\u0131\u011f\u0131n\u0131z i\u00e7in hepinize te\u015fekk\u00fcr ederim. G\u00f6nderdi\u011finiz mesajlar ve hediyeler beni \u00e7ok mutlu etti \u00f6zellikle benim ad\u0131ma d\u00fcnyan\u0131n farkl\u0131 yerlerindeki ihtiyac\u0131 olan \u00e7ocuklara yapt\u0131\u011f\u0131n\u0131z yard\u0131mlar en g\u00fczel do\u011fum g\u00fcn\u00fc hediyesiydi b\u00f6yle hassas d\u00fc\u015f\u00fcnd\u00fc\u011f\u00fcn\u00fcz i\u00e7in g\u00fczel kalplerinize ve size sonsuz te\u015fekk\u00fcrler! Hep deste\u011finizi hissettirdiniz. \u0130yi ki vars\u0131n\u0131z..<\/strong>\u201d<\/p>\n<p>Sayg\u0131lar ve sevgiler.<\/p>\n<p>Sayg\u0131lar ve sevgiler.<\/p>\n<p>Abdurrahman Balc\u0131lar<\/p>\n<p>Twitter:\u00a0<a href=\"https:\/\/twitter.com\/abbalcilar\">abdurrahman balc\u0131lar<\/a><a href=\"https:\/\/twitter.com\/abbalcilar\"><strong>@abbalcilar<\/strong><\/a><\/p>\n<p>Mail :\u00a0<a href=\"mailto:ab.balcilar@hotmail.com\">ab.balcilar@hotmail.com<\/a><\/p>\n<p>Blog:\u00a0<a href=\"http:\/\/t.co\/znqmIZgIqn\">blog.milliyet.com.tr\/cansever<\/a><\/p>\n<p>Blog:\u00a0<a href=\"http:\/\/balcilar-blog.com\/\">Abdurrahman Balc\u0131lar Blog Sayfas\u0131<\/a><\/p>\n<p><strong>*\u015eahsi Blog sayfamda ve Milliyet Blog\u2019da yay\u0131nlanan blog yaz\u0131lar\u0131 b\u00fcy\u00fck bir \u00e7al\u0131\u015fman\u0131n \u00fcr\u00fcn\u00fc olup, izinsiz ya da kaynak g\u00f6stermeden al\u0131nt\u0131 yap\u0131lamaz. Aksi halde kanuni i\u015flem yap\u0131l\u0131r.<\/strong><\/p>\n<p>&nbsp;<\/p>\n","protected":false},"excerpt":{"rendered":"<p>\u00dcn\u00fc \u00fclkemiz s\u0131n\u0131rlar\u0131n\u0131 a\u015fan, yak\u0131\u015f\u0131kl\u0131 oyuncu\u00a0\u00c7a\u011fatay Ulusoy&#8216;un sevenleri d\u00fcn gece yar\u0131s\u0131 23 Eyl\u00fcl&#8217;de saatlerin 00.00 g\u00f6stermesi ile &#8220;MutluYillar CagatayUlusoy&#8221; etiketi ile tweet atmaya ba\u015flad\u0131lar. \u00c7a\u011fatay Ulusoy&#8217;un 27. Ya\u015f G\u00fcn\u00fcn\u00fc kutlad\u0131lar. K\u0131sa zamanda Trend Topic listesine girdiler. T\u00fcm d\u00fcnya \u00fclkelerinde tweeterda Tweet ya\u011fmuruna ba\u015flad\u0131lar. \u00dcst s\u0131ralara y\u00fckselip, 20 bine yak\u0131n tweet att\u0131lar. Bende kendilerine destek olmak [&hellip;]<\/p>\n","protected":false},"author":3,"featured_media":20730,"comment_status":"open","ping_status":"open","sticky":false,"template":"","format":"standard","meta":{"footnotes":""},"categories":[7],"tags":[1553,15,1478,1552],"class_list":["post-20728","post","type-post","status-publish","format-standard","has-post-thumbnail","hentry","category-magazin","tag-27-yas-gunu","tag-cagatay-ulusoy","tag-netflix","tag-trend-topic"],"views":3893,"blog_post_layout_featured_media_urls":{"thumbnail":["https:\/\/balcilar-blog.com\/wp-content\/uploads\/2017\/09\/DKWK84OWAAAN2bA-150x150.jpg",150,150,true],"full":["https:\/\/balcilar-blog.com\/wp-content\/uploads\/2017\/09\/DKWK84OWAAAN2bA.jpg",480,480,false]},"categories_names":{"7":{"name":"Magazin","link":"https:\/\/balcilar-blog.com\/?cat=7"}},"tags_names":{"1553":{"name":"27. ya\u015f g\u00fcn\u00fc","link":"https:\/\/balcilar-blog.com\/?tag=27-yas-gunu"},"15":{"name":"\u00e7a\u011fatay ulusoy","link":"https:\/\/balcilar-blog.com\/?tag=cagatay-ulusoy"},"1478":{"name":"Netflix","link":"https:\/\/balcilar-blog.com\/?tag=netflix"},"1552":{"name":"Trend Topic","link":"https:\/\/balcilar-blog.com\/?tag=trend-topic"}},"comments_number":"0","wpmagazine_modules_lite_featured_media_urls":{"thumbnail":["https:\/\/balcilar-blog.com\/wp-content\/uploads\/2017\/09\/DKWK84OWAAAN2bA-150x150.jpg",150,150,true],"cvmm-medium":["https:\/\/balcilar-blog.com\/wp-content\/uploads\/2017\/09\/DKWK84OWAAAN2bA.jpg",300,300,false],"cvmm-medium-plus":["https:\/\/balcilar-blog.com\/wp-content\/uploads\/2017\/09\/DKWK84OWAAAN2bA.jpg",207,207,false],"cvmm-portrait":["https:\/\/balcilar-blog.com\/wp-content\/uploads\/2017\/09\/DKWK84OWAAAN2bA.jpg",400,400,false],"cvmm-medium-square":["https:\/\/balcilar-blog.com\/wp-content\/uploads\/2017\/09\/DKWK84OWAAAN2bA.jpg",480,480,false],"cvmm-large":["https:\/\/balcilar-blog.com\/wp-content\/uploads\/2017\/09\/DKWK84OWAAAN2bA.jpg",480,480,false],"cvmm-small":["https:\/\/balcilar-blog.com\/wp-content\/uploads\/2017\/09\/DKWK84OWAAAN2bA.jpg",95,95,false],"full":["https:\/\/balcilar-blog.com\/wp-content\/uploads\/2017\/09\/DKWK84OWAAAN2bA.jpg",480,480,false]},"_links":{"self":[{"href":"https:\/\/balcilar-blog.com\/index.php?rest_route=\/wp\/v2\/posts\/20728","targetHints":{"allow":["GET"]}}],"collection":[{"href":"https:\/\/balcilar-blog.com\/index.php?rest_route=\/wp\/v2\/posts"}],"about":[{"href":"https:\/\/balcilar-blog.com\/index.php?rest_route=\/wp\/v2\/types\/post"}],"author":[{"embeddable":true,"href":"https:\/\/balcilar-blog.com\/index.php?rest_route=\/wp\/v2\/users\/3"}],"replies":[{"embeddable":true,"href":"https:\/\/balcilar-blog.com\/index.php?rest_route=%2Fwp%2Fv2%2Fcomments&post=20728"}],"version-history":[{"count":6,"href":"https:\/\/balcilar-blog.com\/index.php?rest_route=\/wp\/v2\/posts\/20728\/revisions"}],"predecessor-version":[{"id":20767,"href":"https:\/\/balcilar-blog.com\/index.php?rest_route=\/wp\/v2\/posts\/20728\/revisions\/20767"}],"wp:featuredmedia":[{"embeddable":true,"href":"https:\/\/balcilar-blog.com\/index.php?rest_route=\/wp\/v2\/media\/20730"}],"wp:attachment":[{"href":"https:\/\/balcilar-blog.com\/index.php?rest_route=%2Fwp%2Fv2%2Fmedia&parent=20728"}],"wp:term":[{"taxonomy":"category","embeddable":true,"href":"https:\/\/balcilar-blog.com\/index.php?rest_route=%2Fwp%2Fv2%2Fcategories&post=20728"},{"taxonomy":"post_tag","embeddable":true,"href":"https:\/\/balcilar-blog.com\/index.php?rest_route=%2Fwp%2Fv2%2Ftags&post=20728"}],"curies":[{"name":"wp","href":"https:\/\/api.w.org\/{rel}","templated":true}]}}