{"id":20621,"date":"2017-09-13T19:04:04","date_gmt":"2017-09-13T16:04:04","guid":{"rendered":"http:\/\/balcilar-blog.com\/?p=20621"},"modified":"2017-09-14T12:05:55","modified_gmt":"2017-09-14T09:05:55","slug":"bizim-hikaye-yarin-aksam-14-eyul-fox-tv-ekranlarinda","status":"publish","type":"post","link":"https:\/\/balcilar-blog.com\/?p=20621","title":{"rendered":"&#8220;Bizim Hikaye&#8221; Bu ak\u015fam (14 Eyl\u00fcl) Fox Tv. ekranlar\u0131nda!"},"content":{"rendered":"<div class=\"col span_12_of_12 tl\">\n<p><img loading=\"lazy\" decoding=\"async\" class=\"alignnone size-full wp-image-20635\" src=\"http:\/\/balcilar-blog.com\/wp-content\/uploads\/2017\/09\/cats-B\u0130Z\u0130M-H\u0130KAYE-1.jpg\" alt=\"cats B\u0130Z\u0130M H\u0130KAYE 1\" width=\"640\" height=\"358\" srcset=\"https:\/\/balcilar-blog.com\/wp-content\/uploads\/2017\/09\/cats-B\u0130Z\u0130M-H\u0130KAYE-1.jpg 640w, https:\/\/balcilar-blog.com\/wp-content\/uploads\/2017\/09\/cats-B\u0130Z\u0130M-H\u0130KAYE-1-300x168.jpg 300w\" sizes=\"auto, (max-width: 640px) 100vw, 640px\" \/><\/p>\n<p><strong>Hazal Kaya<\/strong>&#8216;n\u0131n aylard\u0131r beklenen dizisi &#8220;<strong>Bizim Hikaye<\/strong>&#8221; yar\u0131n ak\u015fam (14 Eyl\u00fcl) Fox Tv. ekranlar\u0131nda ba\u015fl\u0131yor.<\/p>\n<p>Yap\u0131mc\u0131l\u0131\u011f\u0131n\u0131 Med Yap\u0131m&#8217;\u0131n \u00fcstlendi\u011fi, Uygulamac\u0131 Yap\u0131mc\u0131 Diren\u00e7 Aksoy, Senaryo Hatice Meryem &#8211; Banu Kiremit\u00e7i Bozkurt ve Serdar G\u00f6zelekli y\u00f6netmen koltu\u011funda oturuyor.<\/p>\n<p><strong>Oyuncular\u0131m\u0131z:<\/strong> Hazal Kaya (Filiz), Burak Deniz (Bar\u0131\u015f), Reha \u00d6zcan (Fikri), Ya\u011f\u0131zcan Konyal\u0131 (Rahmet), Nejat Uygur (Hikmet), Zeynep Selimo\u011flu (Kiraz), Alp Akar (Fikret) ve \u00d6mer Sevgi (\u0130smet) rol al\u0131yor.<\/p>\n<p><strong>1.B\u00d6L\u00dcM :<\/strong><br \/>\n5 karde\u015fine hem annelik hem babal\u0131k yapmaya \u00e7al\u0131\u015fan Filiz, g\u00fcne \u00f6denmemi\u015f fatura s\u00fcrpriziyle ba\u015flar. Evin ge\u00e7imi, faturalar derken i\u015ften i\u015fe ko\u015fturan Filiz&#8217;in en yak\u0131n arkada\u015f\u0131 T\u00fclay&#8217;\u0131n \u0131srar\u0131yla kom\u015fular\u0131n\u0131n k\u0131nas\u0131na gitmesi hayat\u0131nda yeni bir sayfa a\u00e7acakt\u0131r. O gece Filiz&#8217;in ba\u015f\u0131na gelen k\u00f6t\u00fc bir olay hayat\u0131na Bar\u0131\u015f&#8217;\u0131n girmesine sebep olur. Bu olay sayesinde Bar\u0131\u015f ise bir s\u00fcredir tekrar kar\u015f\u0131la\u015fmay\u0131 istedi\u011fi k\u0131z\u0131n Filiz oldu\u011funu \u00f6\u011frenir ve bu defa k\u0131z\u0131n hayat\u0131ndan ge\u00e7ip gitmesine izin vermez. Filiz&#8217;in hayat\u0131na dokunabilmek i\u00e7in elinden geleni yapmaya \u00e7al\u0131\u015fsa da, Filiz&#8217;in kolay kolay buna izin vermeyece\u011fi a\u00e7\u0131kt\u0131r.<\/p>\n<p><img loading=\"lazy\" decoding=\"async\" class=\"alignnone size-full wp-image-20633\" src=\"http:\/\/balcilar-blog.com\/wp-content\/uploads\/2017\/09\/Bizim-Hikaye-haber-resim-87429f2c-be24-46a5-86f4-f7989538f7bd-mpositioned-640x360.jpg\" alt=\"Bizim-Hikaye-haber-resim-87429f2c-be24-46a5-86f4-f7989538f7bd-mpositioned-640x360\" width=\"640\" height=\"360\" srcset=\"https:\/\/balcilar-blog.com\/wp-content\/uploads\/2017\/09\/Bizim-Hikaye-haber-resim-87429f2c-be24-46a5-86f4-f7989538f7bd-mpositioned-640x360.jpg 640w, https:\/\/balcilar-blog.com\/wp-content\/uploads\/2017\/09\/Bizim-Hikaye-haber-resim-87429f2c-be24-46a5-86f4-f7989538f7bd-mpositioned-640x360-300x169.jpg 300w\" sizes=\"auto, (max-width: 640px) 100vw, 640px\" \/><\/p>\n<p>Eve destek olmak i\u00e7in ders veren Rahmet yeni \u00f6\u011frencisi M\u00fcjde\u2019nin babas\u0131n\u0131n h\u0131\u015fm\u0131yla kar\u015f\u0131la\u015f\u0131r ve kendini zor kurtar\u0131r. Karde\u015fi Hikmet ise ya\u015fad\u0131\u011f\u0131 imkans\u0131z a\u015fkta \u015fiirlerle teselli olmaya \u00e7al\u0131\u015fmaktad\u0131r. T\u00fcm yapt\u0131klar\u0131na ra\u011fmen babas\u0131na k\u0131yamayan Kiraz Filiz&#8217;e yard\u0131m etmeye \u00e7al\u0131\u015f\u0131rken, Fikret ise tam tersine Filiz&#8217;in ba\u015f\u0131na daha \u00e7ok i\u015f a\u00e7ar. Tek d\u00fc\u015f\u00fcnd\u00fc\u011f\u00fc i\u00e7mek olan Fikri i\u00e7ki paras\u0131 bulabilmek i\u00e7in yapt\u0131\u011f\u0131 sahtekarl\u0131ktan Bar\u0131\u015f&#8217;\u0131n yard\u0131mlar\u0131yla kurtulur. \u00dcstelik Bar\u0131\u015f\u2019\u0131n Filiz\u2019e yapt\u0131\u011f\u0131 iyili\u011fi paraya d\u00f6n\u00fc\u015ft\u00fcrmenin de yolunu bulacakt\u0131r.<\/p>\n<p>&nbsp;<\/p>\n<p><strong>B\u0130Z\u0130M H\u0130KAYE&#8217;nin Oyuncular\u0131 ve Canland\u0131rd\u0131klar\u0131 karakterlerini Tan\u0131yal\u0131m :<\/strong><\/p>\n<p><strong>Hazal Kaya &#8211; Filiz<\/strong><\/p>\n<p><img loading=\"lazy\" decoding=\"async\" class=\"alignnone size-full wp-image-20628\" src=\"http:\/\/balcilar-blog.com\/wp-content\/uploads\/2017\/09\/Bizim-Hikaye-act-filiz.jpg\" alt=\"Bizim-Hikaye-act-filiz\" width=\"336\" height=\"387\" srcset=\"https:\/\/balcilar-blog.com\/wp-content\/uploads\/2017\/09\/Bizim-Hikaye-act-filiz.jpg 336w, https:\/\/balcilar-blog.com\/wp-content\/uploads\/2017\/09\/Bizim-Hikaye-act-filiz-260x300.jpg 260w\" sizes=\"auto, (max-width: 336px) 100vw, 336px\" \/><\/p>\n<p>Filiz evin g\u00fczeller g\u00fczeli, bahts\u0131z en b\u00fcy\u00fck k\u0131z\u0131d\u0131r. Karde\u015flerine annelik edebilmek i\u00e7in liseden sonra okumam\u0131\u015f, evin maddi y\u00fck\u00fcn\u00fc, karde\u015flerinin bak\u0131m\u0131n\u0131 ve sorumlulu\u011funu \u00fcstlenmi\u015ftir.<\/p>\n<p>Gururlu ve dik ba\u015fl\u0131d\u0131r. Karde\u015flerini bir anne gibi sahiplenmi\u015ftir ve onlar\u0131n e\u011fitimiyle yak\u0131ndan ilgilenir, hata yapmalar\u0131na f\u0131rsat vermez, tavizsiz ve serttir. En b\u00fcy\u00fck korkusu ailesinin da\u011f\u0131lmas\u0131, karde\u015flerinin okulu b\u0131rakmas\u0131 ve devlet taraf\u0131ndan al\u0131n\u0131p \u00e7ocuk yeti\u015ftirme yurtlar\u0131na verilmesidir.<\/p>\n<p>Ailesini bir arada tutabilmek i\u00e7in babas\u0131 Fikri\u2019nin her t\u00fcrl\u00fc h\u0131rtl\u0131\u011f\u0131na katlanmak, yer yer ona bile anne olmak zorunda kal\u0131r.<\/p>\n<p>&nbsp;<\/p>\n<p><strong>Burak Deniz &#8211; Bar\u0131\u015f<\/strong><\/p>\n<p><img loading=\"lazy\" decoding=\"async\" class=\"alignnone size-full wp-image-20636\" src=\"http:\/\/balcilar-blog.com\/wp-content\/uploads\/2017\/09\/Bizim-Hikaye-act-bar\u0131\u015f.jpg\" alt=\"Bizim-Hikaye-act-bar\u0131\u015f\" width=\"336\" height=\"387\" srcset=\"https:\/\/balcilar-blog.com\/wp-content\/uploads\/2017\/09\/Bizim-Hikaye-act-bar\u0131\u015f.jpg 336w, https:\/\/balcilar-blog.com\/wp-content\/uploads\/2017\/09\/Bizim-Hikaye-act-bar\u0131\u015f-260x300.jpg 260w\" sizes=\"auto, (max-width: 336px) 100vw, 336px\" \/><\/p>\n<p>Bar\u0131\u015f zeki, dik kafal\u0131 ve kendine g\u00fcvenlidir. Filiz\u2019in hayat\u0131na giren gizemli bir gen\u00e7 adamd\u0131r.<\/p>\n<p>\u0130lk bak\u0131\u015fta s\u0131radan bir araba h\u0131rs\u0131z\u0131 m\u0131 yoksa vale mi; zengin mi yoksul mu anla\u015f\u0131lmaz; \u00e7\u00fcnk\u00fc Bar\u0131\u015f hayat\u0131n\u0131n yak\u0131n bir d\u00f6neminde b\u00fcy\u00fck bir k\u0131r\u0131lma ya\u015fam\u0131\u015f ve kendisine yeni bir hayat kurmak zorunda kalm\u0131\u015ft\u0131r.<\/p>\n<p>Filiz\u2019le kar\u015f\u0131la\u015f\u0131p ona a\u015f\u0131k olur, onun g\u00fc\u00e7l\u00fc karakterinden etkilenir. Ancak yoksul d\u00fcnyas\u0131nda ailesine sahip \u00e7\u0131kmaya \u00e7al\u0131\u015fan ve ayaklar\u0131 yere sa\u011flam basan bu gen\u00e7 k\u0131z\u0131n g\u00fcvenini kazanmas\u0131 hi\u00e7 de kolay de\u011fildir. Bar\u0131\u015f onun g\u00fcvenini kazanabilmek i\u00e7in \u00e7ok u\u011fra\u015f\u0131r, ancak s\u00f6ylemek zorunda kald\u0131\u011f\u0131 yalanlar onu k\u00f6\u015feye s\u0131k\u0131\u015ft\u0131r\u0131r. Filiz\u2019i kaybetme noktas\u0131na gelir.<br \/>\n<strong>Reha \u00d6zcan &#8211; Fikri<\/strong><\/p>\n<p><img loading=\"lazy\" decoding=\"async\" class=\"alignnone size-full wp-image-20627\" src=\"http:\/\/balcilar-blog.com\/wp-content\/uploads\/2017\/09\/Bizim-Hikaye-act-fikri.jpg\" alt=\"Bizim-Hikaye-act-fikri\" width=\"336\" height=\"387\" srcset=\"https:\/\/balcilar-blog.com\/wp-content\/uploads\/2017\/09\/Bizim-Hikaye-act-fikri.jpg 336w, https:\/\/balcilar-blog.com\/wp-content\/uploads\/2017\/09\/Bizim-Hikaye-act-fikri-260x300.jpg 260w\" sizes=\"auto, (max-width: 336px) 100vw, 336px\" \/><\/p>\n<p>6 \u00e7ocu\u011fun babas\u0131d\u0131r ama pek babal\u0131k yapt\u0131\u011f\u0131 s\u00f6ylenemez. B\u00fct\u00fcn sorumlulu\u011fu b\u00fcy\u00fck k\u0131z\u0131 Filiz\u2019in \u00fczerine y\u0131km\u0131\u015f, k\u00fc\u00e7\u00fck hesaplar\u0131n\u0131n pe\u015finde kendi hayat\u0131n\u0131 ya\u015famaktad\u0131r.<\/p>\n<p>\u00c7al\u0131\u015fmamay\u0131 \u015fiar edinmi\u015ftir.<\/p>\n<p>\u00c7ocuklar\u0131n\u0131 do\u011fru d\u00fczg\u00fcn tan\u0131maz, neyi sevip neyi sevmediklerini bilmez, bilmek i\u00e7in de bir \u00e7aba sarf etmez. S\u00f6z\u00fcn\u00fc sak\u0131nmayan, kavgac\u0131 ve \u00e7\u0131karc\u0131 bir adamd\u0131r. Ba\u015f\u0131na gelen her olaydan optimum fayda sa\u011flamaya bakar.<\/p>\n<p>Pek seveni olmasa da, o kendinden \u00f6yle memnundur ki, de\u011fi\u015fmeyi akl\u0131na bile getirmez.<\/p>\n<p>&nbsp;<\/p>\n<p><strong>Ya\u011f\u0131zcan Konyal\u0131 &#8211; Rahmet<\/strong><\/p>\n<p><img loading=\"lazy\" decoding=\"async\" class=\"alignnone size-full wp-image-20630\" src=\"http:\/\/balcilar-blog.com\/wp-content\/uploads\/2017\/09\/Bizim-Hikaye-act-image-da365d78-fcdb-48dc-9e94-a76ecf26c575-mpositioned-256x295.jpg\" alt=\"Bizim-Hikaye-act-image-da365d78-fcdb-48dc-9e94-a76ecf26c575-mpositioned-256x295\" width=\"336\" height=\"387\" srcset=\"https:\/\/balcilar-blog.com\/wp-content\/uploads\/2017\/09\/Bizim-Hikaye-act-image-da365d78-fcdb-48dc-9e94-a76ecf26c575-mpositioned-256x295.jpg 336w, https:\/\/balcilar-blog.com\/wp-content\/uploads\/2017\/09\/Bizim-Hikaye-act-image-da365d78-fcdb-48dc-9e94-a76ecf26c575-mpositioned-256x295-260x300.jpg 260w\" sizes=\"auto, (max-width: 336px) 100vw, 336px\" \/><\/p>\n<p>Rahmet lise son s\u0131n\u0131f \u00f6\u011frencisidir. Derslerinde \u00e7ok ba\u015far\u0131l\u0131, zeki ve atak bir gen\u00e7tir. Ancak okul ba\u015far\u0131s\u0131 onun i\u00e7in fazla bir \u015fey ifade etmez. Okulu ve arkada\u015f \u00e7evresini para kazanmak i\u00e7in kullan\u0131r. Kimi zaman arkada\u015flar\u0131n\u0131n yerine s\u0131nava girerek kimi zaman da \u00f6zel ders vererek evin ge\u00e7imine katk\u0131 sa\u011flar. Derinli\u011fi ve alg\u0131s\u0131 y\u00fcksek bir gen\u00e7tir.<br \/>\nZekas\u0131n\u0131 ve yetene\u011fini ciddiye almaz, ablas\u0131 Filiz b\u00f6yle giderse \u2018harcanaca\u011f\u0131ndan\u2019 korkar.<\/p>\n<p>Ablas\u0131na her konuda destek olur, karde\u015flerine d\u00fc\u015fk\u00fcn ve korumac\u0131d\u0131r. Annesine ise terk edip gitti\u011fi i\u00e7in k\u0131zg\u0131nd\u0131r.<\/p>\n<p>&nbsp;<\/p>\n<p><strong>Nejat Uygur &#8211; Hikmet<\/strong><\/p>\n<p><img loading=\"lazy\" decoding=\"async\" class=\"alignnone size-full wp-image-20623\" src=\"http:\/\/balcilar-blog.com\/wp-content\/uploads\/2017\/09\/Bizim-Hikaye-act-image-fa4db526-71f3-4d8b-8bc8-dd257502759c-mpositioned-256x295.jpg\" alt=\"Bizim-Hikaye-act-image-fa4db526-71f3-4d8b-8bc8-dd257502759c-mpositioned-256x295\" width=\"336\" height=\"387\" srcset=\"https:\/\/balcilar-blog.com\/wp-content\/uploads\/2017\/09\/Bizim-Hikaye-act-image-fa4db526-71f3-4d8b-8bc8-dd257502759c-mpositioned-256x295.jpg 336w, https:\/\/balcilar-blog.com\/wp-content\/uploads\/2017\/09\/Bizim-Hikaye-act-image-fa4db526-71f3-4d8b-8bc8-dd257502759c-mpositioned-256x295-260x300.jpg 260w\" sizes=\"auto, (max-width: 336px) 100vw, 336px\" \/><\/p>\n<p>Hikmet lise \u00f6\u011frencisidir. \u0130\u00e7e kapal\u0131, duygulu ve utanga\u00e7 bir \u00e7ocuktur. Okuldan arta kalan zamanlar\u0131nda markette \u00e7al\u0131\u015f\u0131p eve katk\u0131 sa\u011flar. Annesine en \u00e7ok benzeyen o oldu\u011fu i\u00e7in Babalar\u0131n\u0131n hiddetinden nasibini en \u00e7ok o al\u0131r ve s\u00fcrekli onun sata\u015fmalar\u0131na maruz kal\u0131r.<\/p>\n<p>Market sahibinin gen\u00e7 kar\u0131s\u0131 Esra\u2019ya a\u015f\u0131kt\u0131r. Bu a\u015fk\u0131n platonik mi kalaca\u011f\u0131 yoksa Hikmet\u2019in harekete mi ge\u00e7ece\u011fi belirsizdir.<\/p>\n<p>Kendine g\u00fcvenmez, fiziki g\u00f6r\u00fcn\u00fcm\u00fcn\u00fc be\u011fenmez, i\u00e7ine kapal\u0131 ve sessizdir.<\/p>\n<p>&nbsp;<\/p>\n<p><strong>Zeynep Selimo\u011flu &#8211; Kiraz<\/strong><\/p>\n<p><img loading=\"lazy\" decoding=\"async\" class=\"alignnone size-full wp-image-20624\" src=\"http:\/\/balcilar-blog.com\/wp-content\/uploads\/2017\/09\/Bizim-Hikaye-ac-kiraz.jpg\" alt=\"Bizim-Hikaye-ac kiraz\" width=\"336\" height=\"387\" srcset=\"https:\/\/balcilar-blog.com\/wp-content\/uploads\/2017\/09\/Bizim-Hikaye-ac-kiraz.jpg 336w, https:\/\/balcilar-blog.com\/wp-content\/uploads\/2017\/09\/Bizim-Hikaye-ac-kiraz-260x300.jpg 260w\" sizes=\"auto, (max-width: 336px) 100vw, 336px\" \/><\/p>\n<p>Kiraz ortaokul \u00f6\u011frencisidir. Ya\u015f\u0131ndan daha b\u00fcy\u00fck bir olgunluktad\u0131r. Duyarl\u0131 ve iyi niyetlidir. Ev i\u015flerinde ve k\u00fc\u00e7\u00fck karde\u015flerinin bak\u0131m\u0131nda ablas\u0131na yard\u0131m eder.<\/p>\n<p>Di\u011fer karde\u015flerinin aksine babas\u0131na d\u00fc\u015fk\u00fcnd\u00fcr, ona her zaman \u015fefkatle ve sevgiyle yakla\u015f\u0131r. Fikri i\u00e7in de Kiraz\u2019\u0131n yeri ayr\u0131d\u0131r, kendisini bir tek onun sevdi\u011fine inan\u0131r.<\/p>\n<p>&nbsp;<\/p>\n<p><strong>Alp Akar &#8211; Fikret<\/strong><\/p>\n<p><img loading=\"lazy\" decoding=\"async\" class=\"alignnone size-full wp-image-20625\" src=\"http:\/\/balcilar-blog.com\/wp-content\/uploads\/2017\/09\/Bizim-Hikaye-act-alp.jpg\" alt=\"Bizim-Hikaye-act- alp\" width=\"336\" height=\"387\" srcset=\"https:\/\/balcilar-blog.com\/wp-content\/uploads\/2017\/09\/Bizim-Hikaye-act-alp.jpg 336w, https:\/\/balcilar-blog.com\/wp-content\/uploads\/2017\/09\/Bizim-Hikaye-act-alp-260x300.jpg 260w\" sizes=\"auto, (max-width: 336px) 100vw, 336px\" \/><\/p>\n<p>Fikret ortaokul \u00f6\u011frencisidir. Haylaz ve hareketlidir. Soka\u011f\u0131n en ha\u015far\u0131 \u00e7ocu\u011fudur. Elinden man\u00e7ukas\u0131 eksik olmaz. Kendinden ya\u015f\u00e7a b\u00fcy\u00fck serseri \u00e7ocuklara \u00f6zenir. Duygular\u0131n\u0131 belli etmeyen, kapal\u0131 bir \u00e7ocuktur. Babas\u0131na kar\u015f\u0131 o da ilgisizdir. Kendine rol model olarak abilerini al\u0131r. O da di\u011ferleri gibi zor hayatlar\u0131n\u0131n fark\u0131ndad\u0131r.<\/p>\n<p>&nbsp;<\/p>\n<p><strong>\u00d6mer Sevgi &#8211; \u0130smet<\/strong><\/p>\n<p><img loading=\"lazy\" decoding=\"async\" class=\"alignnone size-full wp-image-20629\" src=\"http:\/\/balcilar-blog.com\/wp-content\/uploads\/2017\/09\/Bizim-Hikaye-act-image-28a8b992-2429-4c04-9e5d-03af8cba6f2b-mpositioned-151x174.jpg\" alt=\"Bizim-Hikaye-act-image-28a8b992-2429-4c04-9e5d-03af8cba6f2b-mpositioned-151x174\" width=\"336\" height=\"387\" srcset=\"https:\/\/balcilar-blog.com\/wp-content\/uploads\/2017\/09\/Bizim-Hikaye-act-image-28a8b992-2429-4c04-9e5d-03af8cba6f2b-mpositioned-151x174.jpg 336w, https:\/\/balcilar-blog.com\/wp-content\/uploads\/2017\/09\/Bizim-Hikaye-act-image-28a8b992-2429-4c04-9e5d-03af8cba6f2b-mpositioned-151x174-260x300.jpg 260w\" sizes=\"auto, (max-width: 336px) 100vw, 336px\" \/><\/p>\n<p>Evin en k\u00fc\u00e7\u00fck erkek \u00e7ocu\u011fudur. Sessiz sakin ve uyumlu bir \u00e7ocuktur. S\u0131rad\u0131\u015f\u0131 g\u00f6r\u00fcn\u00fcml\u00fcd\u00fcr. Babas\u0131 yak\u0131\u015f\u0131kl\u0131 \u0130smet&#8217;in oyuncu olup kendisini bu hayattan kurtaraca\u011f\u0131n\u0131 d\u00fc\u015f\u00fcn\u00fcr.<\/p>\n<p>Evin en k\u00fc\u00e7\u00fc\u011f\u00fc oldu\u011fu i\u00e7in anne ihtiyac\u0131 en y\u00fcksek oland\u0131r ve ailenin annesi eve geldi\u011finde di\u011fer \u00e7ocuklar kad\u0131n\u0131 reddetse de ilk o \u201canne\u201d der.<\/p>\n<p><strong>Bizim Hikaye&#8217;de g\u00f6r\u00fcld\u00fc\u011f\u00fc gibi 6 karde\u015f ve bir baba ile tam 7 ki\u015filik bir ailenin hikayesi anlat\u0131yor.<\/strong> <strong>Bizim Hikaye ile kah g\u00fclecek, kah a\u011flayacak, sevin\u00e7lerine ortak olacak, \u00fcz\u00fcnt\u00fclerini siz de kederlenecek siniz.<\/strong><\/p>\n<p>Laf\u0131n k\u0131sas\u0131 bu aileyi seveceksiniz! Hele bir seyredin pi\u015fman olmayacaks\u0131n\u0131z!<\/p>\n<p><strong>&#8220;Bizim Hikaye&#8221; 14 Eyl\u00fcl ak\u015fam\u0131 saat:20.00&#8217;de Fox Tv ekranlar\u0131nda&#8230;<\/strong><\/p>\n<p>Keyifli Seyirler.<\/p>\n<p>&nbsp;<\/p>\n<p>Sayg\u0131lar ve sevgiler.<\/p>\n<p>Abdurrahman Balc\u0131lar<\/p>\n<p>Twitter:\u00a0<a href=\"https:\/\/twitter.com\/abbalcilar\">abdurrahman balc\u0131lar<\/a><a href=\"https:\/\/twitter.com\/abbalcilar\"><strong>@abbalcilar<\/strong><\/a><\/p>\n<p>Mail :\u00a0<a href=\"mailto:ab.balcilar@hotmail.com\">ab.balcilar@hotmail.com<\/a><\/p>\n<p>Blog:\u00a0<a href=\"http:\/\/t.co\/znqmIZgIqn\">blog.milliyet.com.tr\/cansever<\/a><\/p>\n<p>Blog:\u00a0<a href=\"http:\/\/balcilar-blog.com\/\">Abdurrahman Balc\u0131lar Blog Sayfas\u0131<\/a><\/p>\n<p>Not: Kaynak haber ve g\u00f6rseller Fox Tv sayfas\u0131ndan al\u0131nm\u0131\u015ft\u0131r.<\/p>\n<p><strong>*\u015eahsi Blog sayfamda ve Milliyet Blog\u2019da yay\u0131nlanan blog yaz\u0131lar\u0131 b\u00fcy\u00fck bir \u00e7al\u0131\u015fman\u0131n \u00fcr\u00fcn\u00fc olup, izinsiz ya da kaynak g\u00f6stermeden al\u0131nt\u0131 yap\u0131lamaz. Aksi halde kanuni i\u015flem yap\u0131l\u0131r.<\/strong><\/p>\n<\/div>\n","protected":false},"excerpt":{"rendered":"<p>Hazal Kaya&#8216;n\u0131n aylard\u0131r beklenen dizisi &#8220;Bizim Hikaye&#8221; yar\u0131n ak\u015fam (14 Eyl\u00fcl) Fox Tv. ekranlar\u0131nda ba\u015fl\u0131yor. Yap\u0131mc\u0131l\u0131\u011f\u0131n\u0131 Med Yap\u0131m&#8217;\u0131n \u00fcstlendi\u011fi, Uygulamac\u0131 Yap\u0131mc\u0131 Diren\u00e7 Aksoy, Senaryo Hatice Meryem &#8211; Banu Kiremit\u00e7i Bozkurt ve Serdar G\u00f6zelekli y\u00f6netmen koltu\u011funda oturuyor. Oyuncular\u0131m\u0131z: Hazal Kaya (Filiz), Burak Deniz (Bar\u0131\u015f), Reha \u00d6zcan (Fikri), Ya\u011f\u0131zcan Konyal\u0131 (Rahmet), Nejat Uygur (Hikmet), Zeynep Selimo\u011flu (Kiraz), [&hellip;]<\/p>\n","protected":false},"author":3,"featured_media":20635,"comment_status":"open","ping_status":"open","sticky":false,"template":"","format":"standard","meta":{"footnotes":""},"categories":[2],"tags":[1544,1520,654,129,19,383,1542,1545,1493,1546,1494,1543],"class_list":["post-20621","post","type-post","status-publish","format-standard","has-post-thumbnail","hentry","category-tv-programlari","tag-alp-akar","tag-bizim-hikaye","tag-burak-deniz","tag-fox-tv","tag-hazal-kaya","tag-med-yapim","tag-nejat-uygur","tag-omer-sevgi","tag-reha-ozcan","tag-sedar-gozelekli","tag-yagizcan-konyali","tag-zeynep-selimoglu"],"views":3841,"blog_post_layout_featured_media_urls":{"thumbnail":["https:\/\/balcilar-blog.com\/wp-content\/uploads\/2017\/09\/cats-B\u0130Z\u0130M-H\u0130KAYE-1-150x150.jpg",150,150,true],"full":["https:\/\/balcilar-blog.com\/wp-content\/uploads\/2017\/09\/cats-B\u0130Z\u0130M-H\u0130KAYE-1.jpg",640,358,false]},"categories_names":{"2":{"name":"TV Programlar\u0131","link":"https:\/\/balcilar-blog.com\/?cat=2"}},"tags_names":{"1544":{"name":"Alp Akar","link":"https:\/\/balcilar-blog.com\/?tag=alp-akar"},"1520":{"name":"Bizim Hikaye","link":"https:\/\/balcilar-blog.com\/?tag=bizim-hikaye"},"654":{"name":"Burak Deniz","link":"https:\/\/balcilar-blog.com\/?tag=burak-deniz"},"129":{"name":"Fox Tv","link":"https:\/\/balcilar-blog.com\/?tag=fox-tv"},"19":{"name":"Hazal Kaya","link":"https:\/\/balcilar-blog.com\/?tag=hazal-kaya"},"383":{"name":"Med Yap\u0131m","link":"https:\/\/balcilar-blog.com\/?tag=med-yapim"},"1542":{"name":"Nejat Uygur","link":"https:\/\/balcilar-blog.com\/?tag=nejat-uygur"},"1545":{"name":"\u00d6mer sevgi","link":"https:\/\/balcilar-blog.com\/?tag=omer-sevgi"},"1493":{"name":"Reha \u00d6zcan","link":"https:\/\/balcilar-blog.com\/?tag=reha-ozcan"},"1546":{"name":"Sedar G\u00f6zelekli","link":"https:\/\/balcilar-blog.com\/?tag=sedar-gozelekli"},"1494":{"name":"Ya\u011f\u0131zcan Konyal\u0131","link":"https:\/\/balcilar-blog.com\/?tag=yagizcan-konyali"},"1543":{"name":"Zeynep Selimo\u011flu","link":"https:\/\/balcilar-blog.com\/?tag=zeynep-selimoglu"}},"comments_number":"0","wpmagazine_modules_lite_featured_media_urls":{"thumbnail":["https:\/\/balcilar-blog.com\/wp-content\/uploads\/2017\/09\/cats-B\u0130Z\u0130M-H\u0130KAYE-1-150x150.jpg",150,150,true],"cvmm-medium":["https:\/\/balcilar-blog.com\/wp-content\/uploads\/2017\/09\/cats-B\u0130Z\u0130M-H\u0130KAYE-1.jpg",300,168,false],"cvmm-medium-plus":["https:\/\/balcilar-blog.com\/wp-content\/uploads\/2017\/09\/cats-B\u0130Z\u0130M-H\u0130KAYE-1.jpg",305,171,false],"cvmm-portrait":["https:\/\/balcilar-blog.com\/wp-content\/uploads\/2017\/09\/cats-B\u0130Z\u0130M-H\u0130KAYE-1.jpg",400,224,false],"cvmm-medium-square":["https:\/\/balcilar-blog.com\/wp-content\/uploads\/2017\/09\/cats-B\u0130Z\u0130M-H\u0130KAYE-1.jpg",600,336,false],"cvmm-large":["https:\/\/balcilar-blog.com\/wp-content\/uploads\/2017\/09\/cats-B\u0130Z\u0130M-H\u0130KAYE-1.jpg",640,358,false],"cvmm-small":["https:\/\/balcilar-blog.com\/wp-content\/uploads\/2017\/09\/cats-B\u0130Z\u0130M-H\u0130KAYE-1.jpg",130,73,false],"full":["https:\/\/balcilar-blog.com\/wp-content\/uploads\/2017\/09\/cats-B\u0130Z\u0130M-H\u0130KAYE-1.jpg",640,358,false]},"_links":{"self":[{"href":"https:\/\/balcilar-blog.com\/index.php?rest_route=\/wp\/v2\/posts\/20621","targetHints":{"allow":["GET"]}}],"collection":[{"href":"https:\/\/balcilar-blog.com\/index.php?rest_route=\/wp\/v2\/posts"}],"about":[{"href":"https:\/\/balcilar-blog.com\/index.php?rest_route=\/wp\/v2\/types\/post"}],"author":[{"embeddable":true,"href":"https:\/\/balcilar-blog.com\/index.php?rest_route=\/wp\/v2\/users\/3"}],"replies":[{"embeddable":true,"href":"https:\/\/balcilar-blog.com\/index.php?rest_route=%2Fwp%2Fv2%2Fcomments&post=20621"}],"version-history":[{"count":7,"href":"https:\/\/balcilar-blog.com\/index.php?rest_route=\/wp\/v2\/posts\/20621\/revisions"}],"predecessor-version":[{"id":20643,"href":"https:\/\/balcilar-blog.com\/index.php?rest_route=\/wp\/v2\/posts\/20621\/revisions\/20643"}],"wp:featuredmedia":[{"embeddable":true,"href":"https:\/\/balcilar-blog.com\/index.php?rest_route=\/wp\/v2\/media\/20635"}],"wp:attachment":[{"href":"https:\/\/balcilar-blog.com\/index.php?rest_route=%2Fwp%2Fv2%2Fmedia&parent=20621"}],"wp:term":[{"taxonomy":"category","embeddable":true,"href":"https:\/\/balcilar-blog.com\/index.php?rest_route=%2Fwp%2Fv2%2Fcategories&post=20621"},{"taxonomy":"post_tag","embeddable":true,"href":"https:\/\/balcilar-blog.com\/index.php?rest_route=%2Fwp%2Fv2%2Ftags&post=20621"}],"curies":[{"name":"wp","href":"https:\/\/api.w.org\/{rel}","templated":true}]}}