{"id":20600,"date":"2017-09-11T18:15:42","date_gmt":"2017-09-11T15:15:42","guid":{"rendered":"http:\/\/balcilar-blog.com\/?p=20600"},"modified":"2017-09-11T18:37:52","modified_gmt":"2017-09-11T15:37:52","slug":"gecen-haftanin-04-10-eylul-2017-en-cok-izlenen-dizileri","status":"publish","type":"post","link":"https:\/\/balcilar-blog.com\/?p=20600","title":{"rendered":"Ge\u00e7en Haftan\u0131n (04 \u2013 10 Eyl\u00fcl 2017) en \u00e7ok izlenen dizileri!"},"content":{"rendered":"<div class=\"ic\">\n<div class=\"o-a\">\n<div class=\"icerik\">\n<p><img loading=\"lazy\" decoding=\"async\" class=\"alignnone size-full wp-image-20610\" src=\"http:\/\/balcilar-blog.com\/wp-content\/uploads\/2017\/09\/cats-11-EYL\u00dcL.jpg\" alt=\"cats 11 EYL\u00dcL\" width=\"640\" height=\"355\" srcset=\"https:\/\/balcilar-blog.com\/wp-content\/uploads\/2017\/09\/cats-11-EYL\u00dcL.jpg 640w, https:\/\/balcilar-blog.com\/wp-content\/uploads\/2017\/09\/cats-11-EYL\u00dcL-300x166.jpg 300w\" sizes=\"auto, (max-width: 640px) 100vw, 640px\" \/><\/p>\n<p>Ge\u00e7en hafta Bayram haftas\u0131 oldu\u011fu i\u00e7in bir \u00e7ok dizinin yeni b\u00f6l\u00fcm\u00fc yay\u0131nlanmad\u0131. O nedenle 29 A\u011fustos &#8211; 3 Eyl\u00fcl haftas\u0131 kayda de\u011fer g\u00f6rmedi\u011fimden yay\u0131nlamad\u0131m.<\/p>\n<\/div>\n<div class=\"etiket\">\n<p>TNS \u00f6l\u00e7\u00fcmlerine g\u00f6re haz\u0131rlad\u0131\u011f\u0131m <strong>04 &#8211; 10 Eyl\u00fcl 2017<\/strong> Tarihleri aras\u0131nda en \u00e7ok seyredilen alt\u0131 Ulusal kanallar\u0131m\u0131zda ekranlar\u0131m\u0131za gelen 15 dizi aras\u0131nda, Total\u2019de ve AB\u2019de ilk ona giren, haftan\u0131n dizi karnesini a\u015fa\u011f\u0131da bilgilerinize sunuyorum.<\/p>\n<p><strong>Ge\u00e7en Hafta G\u00f6sterimdeki Diziler :<\/strong><\/p>\n<p>\u0130ki Yalanc\u0131 (Final), Deli G\u00f6n\u00fcl (Final), Dolunay, R\u00fcya, Meryem, Bu Say\u0131lmaz (Yeni b\u00f6l\u00fcm yay\u0131nlanmad\u0131), Sevan Ne Yapmaz (Yeni), Kanats\u0131z Ku\u015flar, Ate\u015fb\u00f6ce\u011fi, Ver Elini A\u015fk (Yeni), \u015eevkat Yerimdar, Kalp At\u0131\u015f\u0131, Kalbimdeki Deniz (Yeni Sezon), R\u00fcya (Yeni g\u00fcn\u00fcnde), Sava\u015f\u00e7\u0131 (Yeni Sezon) ve \u00c7ocuklar Duymas\u0131n dizilerinin yeni b\u00f6l\u00fcmleri yay\u0131nland\u0131.<\/p>\n<p><strong>Haftan\u0131n dizilerinde ;<\/strong><\/p>\n<p>Total\u2019in ilk s\u0131ras\u0131nda bu hafta Fox Tv\u2019nin \u015eevket Yerimdar 7,67 reyting puan\u0131 ile bu hafta da birinci s\u0131rada yer ald\u0131. Total\u2019in 10.s\u0131ras\u0131nda Fox Tv\u2019nin sezon dizisi \u2018Kalbimdeki Deniz\u2019 35.b\u00f6l\u00fcm\u00fcnde ald\u0131\u011f\u0131 4,30 puanla 1o. s\u0131rada yer ald\u0131.<\/p>\n<p>AB\u2019nin ilk s\u0131ras\u0131nda, Kanal D\u2019nin &#8220;Meryem&#8221; dizisi bu hafta 6. b\u00f6l\u00fcmde ald\u0131\u011f\u0131 7,87 puanla birinci s\u0131rada yer alm\u0131\u015ft\u0131r. Atv\u2019nin \u2018Kanats\u0131z Ku\u015flar\u2019 AB\u2019de de ald\u0131\u011f\u0131, 3,80 puanla 10.s\u0131rada yer ald\u0131.<\/p>\n<p><strong>Bu hafta iki dizi final yaparak veda etti.<\/strong><\/p>\n<p>Fox Tv&#8217;nin Deli G\u00f6n\u00fcl 10.b\u00f6l\u00fcm\u00fcnde erken final yapt\u0131. Kanal D&#8217;nin \u0130ki Yalanc\u0131 dizisi de 9.b\u00f6l\u00fcm\u00fcnde erken final yaparak ekranlara veda etti. Pazartesi gecesi ekranlara gelen her iki dizide reytinglerde ba\u015far\u0131l\u0131 olamam\u0131\u015flard\u0131.<\/p>\n<p><strong>YEN\u0130 BA\u015eLAYAN D\u0130Z\u0130LER :<\/strong><\/p>\n<p><strong>SEVEN NE YAPMAZ (Atv) :<\/strong><\/p>\n<p>Yap\u0131mc\u0131l\u0131\u011f\u0131n\u0131 MF Yap\u0131m\u2019\u0131n \u00fcstlendi\u011fi, ba\u015frollerini Yusuf \u00c7im ve Seren \u015eirince\u2019nin payla\u015ft\u0131\u011f\u0131 Seven Ne Yapmaz dizisinin ilk b\u00f6l\u00fcm\u00fc Atv&#8217;de ekranlara geldi. Di\u011fer rollerde; Ecem \u00c7al\u0131k, Serhat Par\u0131l, \u015eeyla Halis, Sertan Erka\u00e7an ve Ferzan Hekimo\u011flu rol ald\u0131.<\/p>\n<\/div>\n<div class=\"etiket\"><\/div>\n<div class=\"etiket\">\n<p><img loading=\"lazy\" decoding=\"async\" class=\"alignnone size-full wp-image-20602\" src=\"http:\/\/balcilar-blog.com\/wp-content\/uploads\/2017\/09\/seven-ne-yapmaz.jpg\" alt=\"seven-ne-yapmaz\" width=\"640\" height=\"427\" srcset=\"https:\/\/balcilar-blog.com\/wp-content\/uploads\/2017\/09\/seven-ne-yapmaz.jpg 640w, https:\/\/balcilar-blog.com\/wp-content\/uploads\/2017\/09\/seven-ne-yapmaz-300x200.jpg 300w\" sizes=\"auto, (max-width: 640px) 100vw, 640px\" \/><\/p>\n<p>Y\u00f6netmenli\u011fini Metin Baleko\u011flu\u2019nun yapt\u0131\u011f\u0131, senaryosunu \u2018Baz\u0131 Filmler Yaz\u0131 Grubu\u2019nun yazd\u0131\u011f\u0131 dizide Safranbolu\u2019dan \u0130stanbul\u2019a uzanan bir a\u015fk hikayesi i\u015fleniyor.<br \/>\nKonu: U\u00e7ar\u0131, \u00e7apk\u0131n, yak\u0131\u015f\u0131kl\u0131 Ozan Ekinsoy, T\u00fcrkiye\u2019nin b\u00fcy\u00fck holdinglerinden Ekinsoy Holding\u2019in veliaht\u0131d\u0131r. Fakat yapt\u0131\u011f\u0131 b\u00fcy\u00fck bir hata nedeniyle babas\u0131 Orhan taraf\u0131ndan k\u00f6ye g\u00f6nderilerek cezaland\u0131r\u0131l\u0131r. Ozan memlekette, o g\u00fcne kadar tan\u0131k olmad\u0131\u011f\u0131 saf bir y\u00fcre\u011fe ve g\u00fczelli\u011fe sahip Nazl\u0131\u2019yla kar\u015f\u0131la\u015f\u0131r. Annesiz ve babas\u0131z b\u00fcy\u00fcd\u00fc\u011f\u00fc halde ya\u015fad\u0131\u011f\u0131 k\u00f6y\u00fcn g\u00f6z bebe\u011fi olan Nazl\u0131, kendi ayaklar\u0131 \u00fcst\u00fcnde durmay\u0131 ba\u015farabilen, cesur ve g\u00fczel bir gen\u00e7 kad\u0131nd\u0131r. Ozan Nazl\u0131\u2019n\u0131n bu sahicili\u011finden \u00e7ok etkilenir ve Nazl\u0131\u2019ya kar\u015f\u0131 kendisinden hi\u00e7 beklemedi\u011fi duygular beslemeye ba\u015flar; Nazl\u0131\u2019ya bir anda a\u015f\u0131k olur.<\/p>\n<p><strong>VER EL\u0130N\u0130 A\u015eK (Kanal D) :<\/strong><\/p>\n<p>Romantik komedi t\u00fcr\u00fcndeki Ver Elini A\u015fk, yap\u0131mc\u0131s\u0131 Salacak Yap\u0131m &#8211; Ay\u00e7a Aral Sarangil, Y\u00f6netmeni Bora Onur, Senaryo Ferde Ery\u0131lmaz &#8211; Nehir Erdem birlikte yaz\u0131yorlar.<\/p>\n<\/div>\n<div class=\"etiket\"><\/div>\n<div class=\"etiket\"><img loading=\"lazy\" decoding=\"async\" class=\"alignnone size-full wp-image-20601\" src=\"http:\/\/balcilar-blog.com\/wp-content\/uploads\/2017\/09\/ver-elini-ask.jpg\" alt=\"ver-elini-ask\" width=\"640\" height=\"427\" srcset=\"https:\/\/balcilar-blog.com\/wp-content\/uploads\/2017\/09\/ver-elini-ask.jpg 640w, https:\/\/balcilar-blog.com\/wp-content\/uploads\/2017\/09\/ver-elini-ask-300x200.jpg 300w\" sizes=\"auto, (max-width: 640px) 100vw, 640px\" \/><br \/>\nOyuncular: Sevda Erginci (Ayperi Erdem), Ali \u0130l (Kaan Tu\u011flu), K\u00f6ksal Eng\u00fcr (Mehmet Emin Adanal\u0131), Asuman Dabak (Mine), Hakan Pi\u015fkin (Fedai), Ceren Ko\u00e7 (Lalin), B\u00fc\u015fra \u00c7am (Kiraz), Nihal Menzil (Nazmiye), Metin Ke\u00e7eci (Selo), Toygun Ate\u015f (As\u0131m Dede), Mesut Y\u0131lmaz (Mesut), Gamze Demirbilek (Ayten), Duygu Karaca (Simten), G\u00f6kay M\u00fcft\u00fco\u011flu (O\u011fuz), Burcu G\u00fcnay (Belma), Nazan Ayas (L\u00fctfiye), G\u00fcls\u00fcn Sare Fil (Su Ellen Tu\u011flu)Konu: Amerika\u2019da doktora yaparken ya\u015fad\u0131\u011f\u0131 tek gecelik bir ili\u015fkiden do\u011fan k\u0131z\u0131yla \u0130stanbul\u2019da ya\u015fayan son derece \u00e7apk\u0131n ve sorumsuz bir metropol insan\u0131 olan Kaan ile ablas\u0131n\u0131 bulmak i\u00e7in k\u00f6yden \u0130stanbul\u2019a gelen, dedi\u011fim dedik Antepli bir k\u00f6yl\u00fc k\u0131z\u0131 olan Ayperi\u2019nin yollar\u0131 kesi\u015fir. Kaan\u2019\u0131n d\u00fcnyalar tatl\u0131s\u0131 bebe\u011fi Su\u2019ya dad\u0131l\u0131k yapmaya ba\u015flayan Ayperi ile Kaan her konuda z\u0131tla\u015fsalar da bilmedikleri bir \u015fey vard\u0131r. Onlar\u0131n kaderleri bundan y\u0131llar \u00f6nce K\u0131br\u0131s Sava\u015f\u0131 s\u0131ras\u0131nda birlikte yaz\u0131lm\u0131\u015ft\u0131r.<strong>Reyting Nedir?<\/strong>Reyting, izleyici tercihlerine g\u00f6re ortaya \u00e7\u0131kan izlenme pay\u0131n\u0131n kanallara ve programlara payla\u015ft\u0131r\u0131lmas\u0131 ile olu\u015fan de\u011ferlendirmedir. Reyting de\u011ferlendirmesi kanallar ve reklam \u015firketleri ad\u0131na TNS taraf\u0131ndan ger\u00e7ekle\u015ftirilir. \u00d6l\u00e7me i\u015flemi 2012\u2019den bu yana kentsel kesimlerden yakla\u015f\u0131k 3500 haneye yerle\u015ftirilen ve gizli tutulan reyting \u00f6l\u00e7me cihazlar\u0131 ile elde edilir. Reyting sonu\u00e7lar\u0131, t\u00fcm g\u00fcn boyunca izlenen programlar\u0131n listelenmesine imkan verir.<strong>\u00d6l\u00e7\u00fcmler nas\u0131l yap\u0131l\u0131yor ?<\/strong>Ba\u011f\u0131ms\u0131z kurulu\u015f taraf\u0131ndan hesaplanan sonu\u00e7lar 3 kategoride hesaplan\u0131yor AB, Total ve ABC1 kategorileri sonu\u00e7lar\u0131nda share ve rating s\u0131ral\u0131 olarak 100 Tv program\u0131 g\u00fcnl\u00fck olarak payla\u015f\u0131l\u0131yor reklam verenler ve yap\u0131mc\u0131lar i\u00e7in \u00f6nemli yere sahip olan sonu\u00e7lar denek tv\u2019lerde ki \u00f6l\u00e7\u00fcm cihazlar\u0131 vas\u0131tas\u0131yla istatistiki bilgileri al\u0131n\u0131yor. AB grubu egitim d\u00fczeyi y\u00fcksek ailerin \u00f6l\u00e7\u00fcm sonucudur. Dolay\u0131si ile gelir d\u00fczeyi y\u00fcksek aileler olmas\u0131 nedenniyle rekram verenler AB\u2019nin sonu\u00e7lar\u0131na bakarlar. AB\u2019de y\u00fcksek reyting alan yap\u0131mlar \u00e7ok reklam al\u0131rlar ve uzun \u00f6m\u00fcrl\u00fc olurlar.<\/p>\n<p><strong>Bu hafta en \u00e7ok izlenen ilk ona giren dizlere g\u00f6z atal\u0131m.<\/strong><\/p>\n<p>Bu s\u0131ralama sadece dizilerin reytingler y\u00fczdesine g\u00f6re en \u00e7ok izlenen dizilerin ilk 10\u2019da yer alanlar\u0131n\u0131 s\u0131ralamaya koyuyorum. Yar\u0131\u015fma, e\u011flence ve haber programlar\u0131 y\u00fczdeleri y\u00fcksek olsa da bu s\u0131ralamaya koymuyorum. Bu sadece dizilerin yar\u0131\u015f\u0131d\u0131r, en \u00e7ok izlenen dizilerin s\u0131ralamas\u0131d\u0131r. Bir nevi dizilerin karnesidir.<\/p>\n<p><strong>Ge\u00e7en Haftan\u0131n En \u00c7ok \u0130zlenen Dizileri:<\/strong><\/p>\n<p><strong>Total ilk 10 :<\/strong><\/p>\n<p>1.\u015eevkat Yerimdar 15.B\u00f6l\u00fcm (Fox Tv)\u2026\u2026\u2026\u2026\u2026\u2026\u2026\u2026\u2026\u2026.7,67 &#8211; 24,08<\/p>\n<p>2.Kalp At\u0131\u015f\u0131 10.B\u00f6l\u00fcm (Show Tv)\u2026\u2026\u2026\u2026\u2026\u2026\u2026\u2026\u2026\u2026\u2026\u2026..7,42 &#8211; 22,73<\/p>\n<p>3.Meryem 6.B\u00f6l\u00fcm (Kanal D)\u2026\u2026\u2026\u2026\u2026\u2026\u2026\u2026\u2026\u2026\u2026\u2026\u2026\u2026.5,72 &#8211; 17,31<\/p>\n<p>4.Sava\u015f\u00e7\u0131 11.B\u00f6l\u00fcm (Fox)&#8230;&#8230;&#8230;&#8230;&#8230;&#8230;&#8230;&#8230;&#8230;&#8230;&#8230;&#8230;&#8230;&#8230;&#8230;&#8230;..5,29 &#8211; 16,72<\/p>\n<p>5.Dolunay 10.B\u00f6l\u00fcm (Star Tv)\u2026\u2026\u2026\u2026\u2026\u2026\u2026\u2026\u2026\u2026\u2026\u2026\u2026\u20264,94 &#8211; 14,24<\/p>\n<p>6.Kanats\u0131z Ku\u015flar 12.B\u00f6l\u00fcm (Atv)\u2026\u2026\u2026\u2026\u2026\u2026\u2026\u2026\u2026\u2026\u2026\u2026.4,93 &#8211; 15,09<\/p>\n<p>7.\u00c7ocuklar Duymas\u0131n 7.B\u00f6l\u00fcm (Kanal D)\u2026\u2026\u2026\u2026\u2026\u2026\u2026\u20264,64 &#8211; 14,77<\/p>\n<p>8.Ate\u015fb\u00f6ce\u011fi 10.B\u00f6l\u00fcm (Star Tv)\u2026\u2026\u2026\u2026\u2026\u2026\u2026\u2026\u2026\u2026\u2026\u2026.4,49 &#8211; 13,66<\/p>\n<p>9.Seven Ne Yapmaz 1.B\u00f6l\u00fcm (Atv)&#8230;&#8230;&#8230;&#8230;&#8230;&#8230;&#8230;&#8230;&#8230;&#8230;&#8230;.4,32 &#8211; 13,05<\/p>\n<p>10.Kalbimdeki Deniz 35.B\u00f6l\u00fcm (Fox)&#8230;&#8230;&#8230;&#8230;&#8230;&#8230;&#8230;&#8230;&#8230;..4,30 &#8211; 15,26<\/p>\n<p>&nbsp;<\/p>\n<p><strong>AB\u2019de ilk 10 :<\/strong><\/p>\n<p>1.Meryem 6.B\u00f6l\u00fcm (Kanal D)\u2026\u2026\u2026\u2026\u2026\u2026\u2026\u2026\u2026\u2026\u2026\u2026\u2026\u20267,87 &#8211; 23,29<\/p>\n<p>2.Kalp At\u0131\u015f\u0131 10.B\u00f6l\u00fcm (Show Tv)\u2026\u2026\u2026\u2026\u2026\u2026\u2026\u2026\u2026\u2026\u2026\u20267,80 &#8211; 25,84<\/p>\n<p>3.\u015eevkat Yerimdar 15.B\u00f6l\u00fcm (Fox Tv)\u2026\u2026\u2026\u2026\u2026\u2026\u2026\u2026\u2026..6,00 &#8211; 20,22<\/p>\n<p>4.\u00c7ocuklar Duymas\u0131n 7.B\u00f6l\u00fcm (Kanal D)\u2026\u2026\u2026\u2026\u2026\u2026\u2026..5,39 &#8211; 15,98<\/p>\n<p>5.Ver Elini A\u015fk (Kanal D)&#8230;&#8230;&#8230;&#8230;&#8230;&#8230;&#8230;&#8230;&#8230;&#8230;&#8230;&#8230;&#8230;&#8230;&#8230;&#8230;5,08 &#8211; 15,98<\/p>\n<p>6.Dolunay 10.B\u00f6l\u00fcm (Star Tv)\u2026\u2026\u2026\u2026\u2026\u2026\u2026\u2026\u2026\u2026\u2026\u2026\u2026.4,62 &#8211; 12,60<\/p>\n<p>7.Sava\u015f\u00e7\u0131 11.B\u00f6l\u00fcm (Fox)&#8230;&#8230;&#8230;&#8230;&#8230;&#8230;&#8230;&#8230;&#8230;&#8230;&#8230;&#8230;&#8230;&#8230;&#8230;&#8230;.4,58 &#8211; 13,55<\/p>\n<p>8.Ate\u015fb\u00f6ce\u011fi 10.B\u00f6l\u00fcm (Star Tv)\u2026\u2026\u2026\u2026\u2026\u2026\u2026\u2026\u2026\u2026\u2026\u2026.4,54 &#8211; 13,11<\/p>\n<p>9.Kalbimdeki Deniz 35.B\u00f6l\u00fcm (Fox)&#8230;&#8230;&#8230;&#8230;&#8230;&#8230;&#8230;&#8230;&#8230;&#8230;4,29 &#8211; 15,52<\/p>\n<p>10.Kanats\u0131z Ku\u015flar 12.B\u00f6l\u00fcm (Atv)\u2026\u2026\u2026\u2026\u2026\u2026\u2026\u2026\u2026\u2026\u2026.3,80 &#8211; 11,06<\/p>\n<p>&nbsp;<\/p>\n<p><strong>TOTAL ve AB Grubunda reytingleri en y\u00fcksek olan Haftan\u0131n ilk 5 s\u0131ralamas\u0131 :<\/strong><\/p>\n<p><strong>1.MERYEM<\/strong> : Kanal D\u2019nin yaz dizisi Meryem 6.b\u00f6l\u00fcm\u00fcnde AB\u2019de ald\u0131\u011f\u0131 7,87 reyting puan\u0131 ile 1.s\u0131raya y\u00fckseldi.<\/p>\n<p>Sava\u015f, Oktay\u2019\u0131n gizli ili\u015fkisini ortaya \u00e7\u0131kar\u0131yor!<\/p>\n<\/div>\n<div class=\"etiket\"><\/div>\n<div class=\"etiket\">\n<p><img loading=\"lazy\" decoding=\"async\" class=\"alignnone size-full wp-image-20606\" src=\"http:\/\/balcilar-blog.com\/wp-content\/uploads\/2017\/09\/fft99_mf9778634.jpeg\" alt=\"fft99_mf9778634\" width=\"640\" height=\"354\" srcset=\"https:\/\/balcilar-blog.com\/wp-content\/uploads\/2017\/09\/fft99_mf9778634.jpeg 640w, https:\/\/balcilar-blog.com\/wp-content\/uploads\/2017\/09\/fft99_mf9778634-300x166.jpeg 300w\" sizes=\"auto, (max-width: 640px) 100vw, 640px\" \/><\/p>\n<p>Sava\u015f, kendisi gibi ma\u011fdur olan Meryem\u2019e yard\u0131m etmekte kararl\u0131d\u0131r. Meryem\u2019in ger\u00e7ekleri g\u00f6rmesi i\u00e7in u\u011fra\u015f veren Sava\u015f, onu Oktay konusunda uyar\u0131r. Oktay\u2019\u0131n kirli i\u015flere kar\u0131\u015ft\u0131\u011f\u0131n\u0131 ve r\u00fc\u015fvet ald\u0131\u011f\u0131n\u0131 iddia eden Sava\u015f, Meryem\u2019e bunu kan\u0131tlamak i\u00e7in u\u011fra\u015f verir. Oktay\u2019\u0131n babas\u0131 Yurdal Sargun\u2019la birlikte \u00e7al\u0131\u015ft\u0131\u011f\u0131n\u0131 s\u00f6yleyen Sava\u015f, Meryem\u2019in ona daha fazla inanamamas\u0131na \u00e7aba sarf eder.<\/p>\n<p>Meryem ise art\u0131k Oktay\u2019\u0131n davran\u0131\u015flar\u0131n\u0131n sorgulamaya ba\u015flam\u0131\u015ft\u0131r. Her ad\u0131m\u0131n\u0131 takip eder ve Oktay ile bir kez daha kar\u015f\u0131 kar\u015f\u0131ya gelirler. Meryem, sevgilisi Oktay\u2019a inanmamaya ba\u015flar. Oktay\u2019a inanc\u0131n\u0131n kalmad\u0131\u011f\u0131n\u0131 itiraf eden Meryem\u2019in kimseye g\u00fcveni kalmaz. Bu yolda tek yolda\u015f\u0131 kendisi gibi ya\u015fanan kazada en b\u00fcy\u00fck yaray\u0131 alan Sava\u015f\u2019t\u0131r.<\/p>\n<p><strong>2.KALP ATI\u015eI<\/strong> : Show Tv\u2019nin sevilen dizisi Kalp At\u0131\u015f\u0131 10.b\u00f6l\u00fcm\u00fcnde AB\u2019de ald\u0131\u011f\u0131 7,80 puanla haftan\u0131n dizileri aras\u0131nda bu hafta 2.s\u0131rada yer ald\u0131.<\/p>\n<\/div>\n<div class=\"etiket\"><\/div>\n<div class=\"etiket\">\n<p><img loading=\"lazy\" decoding=\"async\" class=\"alignnone size-full wp-image-20605\" src=\"http:\/\/balcilar-blog.com\/wp-content\/uploads\/2017\/09\/2dcd1aac9aakalp-at\u0131\u015f\u0131.jpg\" alt=\"2dcd1aac9aakalp at\u0131\u015f\u0131\" width=\"640\" height=\"386\" srcset=\"https:\/\/balcilar-blog.com\/wp-content\/uploads\/2017\/09\/2dcd1aac9aakalp-at\u0131\u015f\u0131.jpg 640w, https:\/\/balcilar-blog.com\/wp-content\/uploads\/2017\/09\/2dcd1aac9aakalp-at\u0131\u015f\u0131-300x181.jpg 300w\" sizes=\"auto, (max-width: 640px) 100vw, 640px\" \/><\/p>\n<p>\u201cKalp At\u0131\u015f\u0131\u201dn\u0131n 10. b\u00f6l\u00fcm\u00fcnde; Eyl\u00fcl \u00e7ok b\u00fcy\u00fck bir tehlikeyle kar\u015f\u0131 kar\u015f\u0131yad\u0131r. Kar\u015f\u0131s\u0131nda onu ya\u015fananlar\u0131n tek sorumlusu olarak g\u00f6ren kontrol\u00fcn\u00fc kaybetmi\u015f bir hasta, kuca\u011f\u0131nda son nefesinde bir umut kurtulmay\u0131 bekleyen polis memuru&#8230; Acilde \u00f6l\u00fcmle pen\u00e7ele\u015fen Bahar, onu kurtarmak i\u00e7in her t\u00fcrl\u00fc tehlikeyi g\u00f6ze alan Ali Asaf, ac\u0131s\u0131ndan darmada\u011f\u0131n olmu\u015f Fatih&#8230; \u00d6zel Hareket Timlerinin kontrol alt\u0131na ald\u0131\u011f\u0131, kap\u0131lar\u0131 kilitli, giri\u015f \u00e7\u0131k\u0131\u015flar\u0131 tutulmu\u015f, fare kapan\u0131na d\u00f6nm\u00fc\u015f bir hastane&#8230; Eyl\u00fcl b\u00fcy\u00fckannesi G\u00fclay\u015fe\u2019nin adaleti i\u00e7in sava\u015f\u0131rken, kendini \u00e7ok daha tehlikeli bir sava\u015f\u0131n i\u00e7inde bulur. Bu sefer kar\u015f\u0131s\u0131ndaki d\u00fc\u015fman \u00e7ok daha tehlikelidir. Herkesin nefesini tuttu\u011fu, tehlikenin gittik\u00e7e b\u00fcy\u00fcd\u00fc\u011f\u00fc bu ortamda kimse i\u00e7in hi\u00e7bir \u015fey art\u0131k eskisi gibi olmayacakt\u0131r.<\/p>\n<p><strong>3.\u015eEVKAT YER\u0130MDAR<\/strong> : Fox Tv\u2019nin Cuma ak\u015famlar\u0131 ekranlara gelen komedi dizisinin 15.b\u00f6l\u00fcm\u00fcnde Total\u2019de ald\u0131\u011f\u0131 rekor 7,67 reyting puan\u0131 ile haftan\u0131n dizileri aras\u0131nda 3. s\u0131raya geriledi.<\/p>\n<\/div>\n<div class=\"etiket\">\n<p><img loading=\"lazy\" decoding=\"async\" class=\"alignnone size-full wp-image-20608\" src=\"http:\/\/balcilar-blog.com\/wp-content\/uploads\/2017\/09\/Sevkat-Yerimdar-4089-galeri-.jpg\" alt=\"Sevkat-Yerimdar-4089-galeri-\" width=\"640\" height=\"360\" srcset=\"https:\/\/balcilar-blog.com\/wp-content\/uploads\/2017\/09\/Sevkat-Yerimdar-4089-galeri-.jpg 640w, https:\/\/balcilar-blog.com\/wp-content\/uploads\/2017\/09\/Sevkat-Yerimdar-4089-galeri--300x169.jpg 300w\" sizes=\"auto, (max-width: 640px) 100vw, 640px\" \/><\/p>\n<p>Seval, \u015eevkat ile Esin&#8217;in aras\u0131n\u0131 a\u00e7mak i\u00e7in planlar\u0131n\u0131 devreye sokar. Bozk\u0131r&#8217;\u0131n t\u00fcrk\u00fc bar a\u00e7\u0131l\u0131\u015f\u0131na davet edilmeyen Seval, bunu f\u0131rsat bilerek sitem eder ve kendisine ho\u015fgeldin partisi d\u00fczenlenmesini ister. Mahalleli Seval&#8217;i k\u0131ramaz ve parti yap\u0131l\u0131r. Partiye son dakika gelen Esin ise, Seval ve \u015eevkat&#8217;i bir \u00e7ift gibi oynarken g\u00f6r\u00fcr. Bora mahalledeki bir binay\u0131 sat\u0131n alm\u0131\u015ft\u0131r ve g\u00f6z da\u011f\u0131 vermek i\u00e7in kep\u00e7eyle y\u0131k\u0131ma gelir. Mahalleli duruma engel olamaz. Bora ve \u015eevkat kar\u015f\u0131 kar\u015f\u0131ya kal\u0131r. \u015eevkat can\u0131 pahas\u0131na bu y\u0131k\u0131ma izin vermeyecektir. Bora ise her\u015feye ra\u011fmen ba\u015flad\u0131\u011f\u0131 i\u015fi bitirmeye kararl\u0131d\u0131r. Cuma \u015fifal\u0131 ta\u015flarla para kazanma pe\u015fine d\u00fc\u015fm\u00fc\u015ft\u00fcr. Ama i\u015fler umdu\u011fu gibi gitmez<\/p>\n<p><strong>4.\u00c7OCUKLAR DUYMASIN :<\/strong> Kanal D\u2019nin komedi dizisi 7.b\u00f6l\u00fcm\u00fcnde Total\u2019de ald\u0131\u011f\u0131 5,39 reyting puan\u0131 ile bu hafta da 4.s\u0131rada yer alm\u0131\u015ft\u0131r.<\/p>\n<\/div>\n<div class=\"etiket\">\n<p><img loading=\"lazy\" decoding=\"async\" class=\"alignnone size-full wp-image-20609\" src=\"http:\/\/balcilar-blog.com\/wp-content\/uploads\/2017\/09\/t-\u00e7ocuklar-duymas\u0131n7..jpg\" alt=\"t \u00e7ocuklar duymas\u0131n7.\" width=\"640\" height=\"400\" srcset=\"https:\/\/balcilar-blog.com\/wp-content\/uploads\/2017\/09\/t-\u00e7ocuklar-duymas\u0131n7..jpg 640w, https:\/\/balcilar-blog.com\/wp-content\/uploads\/2017\/09\/t-\u00e7ocuklar-duymas\u0131n7.-300x188.jpg 300w\" sizes=\"auto, (max-width: 640px) 100vw, 640px\" \/><\/p>\n<p>\u00c7ocuklar Duymas\u0131n 7. B\u00f6l\u00fcm&#8217;de; Bunca zaman Haluk&#8217;u i\u015f hayat\u0131nda hi\u00e7 g\u00f6rmeyen ve onun nas\u0131l bir y\u00f6netici oldu\u011funu merak eden Meltem, onunla birlikte \u015fantiyeye gidince olanlar oluyor!<br \/>\n\u00c7ocuklar\u0131n b\u00fcy\u00fcy\u00fcp evden ayr\u0131lmas\u0131yla ba\u015fba\u015fa kalan Haluk ve Meltem, bundan sonra birbirlerini daha yak\u0131ndan tan\u0131mak istiyor ve Meltem bu nedenle Haluk&#8217;un \u00e7al\u0131\u015ft\u0131\u011f\u0131 \u015fantiyeye gitmek istiyor. Meltem&#8217;in bu iste\u011fi kar\u015f\u0131s\u0131nda zor anlar ya\u015fayan Haluk, ne yapacak?<\/p>\n<p><strong>5.SAVA\u015e\u00c7I<\/strong> : Fox Tv&#8217;nin iddial\u0131 sezon dizisi Sava\u015f\u00e7\u0131, Total&#8217;de ald\u0131\u011f\u0131 5,29 puanla 5.s\u0131rada yer ald\u0131.<\/p>\n<\/div>\n<div class=\"etiket\"><img loading=\"lazy\" decoding=\"async\" class=\"alignnone size-full wp-image-20607\" src=\"http:\/\/balcilar-blog.com\/wp-content\/uploads\/2017\/09\/Savasci-4090-galeri-re1-ed-640x360.jpg\" alt=\"Savasci-4090-galeri-re1-ed-640x360\" width=\"640\" height=\"360\" srcset=\"https:\/\/balcilar-blog.com\/wp-content\/uploads\/2017\/09\/Savasci-4090-galeri-re1-ed-640x360.jpg 640w, https:\/\/balcilar-blog.com\/wp-content\/uploads\/2017\/09\/Savasci-4090-galeri-re1-ed-640x360-300x169.jpg 300w\" sizes=\"auto, (max-width: 640px) 100vw, 640px\" \/><\/div>\n<div class=\"etiket\">Albay \u0130brahim Kopuz, Y\u00fczba\u015f\u0131 Ka\u011fan ve Ba\u015f\u00e7avu\u015f Bayram\u2019\u0131n da i\u00e7inde bulundu\u011fu helikopter yere \u00e7ak\u0131l\u0131rken, kahramanlar \u00f6l\u00fcme hi\u00e7 olmad\u0131\u011f\u0131 kadar yak\u0131n. Haber Ankara\u2019da da \u015fok etkisi yapar. General Ahmet Kutalm\u0131\u015f, helikopter enkaz\u0131na ula\u015f\u0131lmas\u0131 i\u00e7in t\u00fcm olanaklar\u0131n\u0131 hi\u00e7 zaman kaybetmeden harekete ge\u00e7irir. Ancak, Albay ve arkada\u015flar\u0131na ula\u015fmak i\u00e7in harekete ge\u00e7en ba\u015fkalar\u0131 da vard\u0131r! \u201cDoktor\u201d av\u0131na yakla\u015f\u0131rken, K\u0131l\u0131\u00e7 Timi, ald\u0131klar\u0131 haberle \u00e7\u0131lg\u0131na d\u00f6nm\u00fc\u015f halde, enkaza ula\u015fmak i\u00e7in zamana kar\u015f\u0131 bir sava\u015fa girer. Canlar\u0131 pahas\u0131na o enkaza ula\u015facaklard\u0131r. \u00d6l\u00fcm sessizli\u011fi i\u00e7inde, bir kez daha, da\u011flar K\u0131l\u0131\u00e7\u2019\u0131n sesiyle yank\u0131lan\u0131r: \u201cSa\u011f ya da \u015eehit! Biz geride adam b\u0131rakmay\u0131z!&#8221;<\/div>\n<div class=\"etiket\">\n<p><strong>Her iki kategorinin ilk on\u2019da yer alan dizileri :<\/strong><\/p>\n<p>Dolunay, Meryem, Kanats\u0131z Ku\u015flar, Ate\u015fb\u00f6ce\u011fi, \u015eevkat Yerimdar, Kalp At\u0131\u015f\u0131, Kalbimdeki Deniz, Sava\u015f\u00e7\u0131 ve \u00c7ocuklar Duymas\u0131n her iki grupta yer alan diziler olmu\u015ftur.<\/p>\n<p><strong>KANALLARA G\u00d6RE SIRALAMAYA G\u00d6Z ATARSAK:<\/strong><\/p>\n<p><strong>Total grubunda ilk onda<\/strong>: Fox Tv; 3 dizi. Star Tv, Kanal D ve Atv; 2&#8217;\u015fer dizi. Show Tv; bir dizi ile yer alm\u0131\u015ft\u0131r.<\/p>\n<p><strong>AB\u2019de ilk onda<\/strong>: Fox Tv ve Kanal D; 3 dizi. Star Tv; iki dizi. Sahow Tv ve Atv birer dizi ile yer ald\u0131lar.<\/p>\n<p><strong>Bu haftan\u0131n kanal\u0131<\/strong>; Total\u2019de 3 ve AB\u2019de 3 dizi ile <strong>Fox Tv<\/strong>. haftan\u0131n kanal\u0131 olmu\u015flard\u0131r.<\/p>\n<p><strong>YEN\u0130 D\u0130Z\u0130LER :<\/strong><\/p>\n<p><strong>O\u011eUL (Fox Tv) :<\/strong><\/p>\n<p><img loading=\"lazy\" decoding=\"async\" class=\"alignnone size-medium wp-image-20612\" src=\"http:\/\/balcilar-blog.com\/wp-content\/uploads\/2017\/09\/Ekran-Al\u0131nt\u0131s\u0131-O\u011eUL-2-300x188.png\" alt=\"Ekran Al\u0131nt\u0131s\u0131 O\u011eUL 2\" width=\"300\" height=\"188\" srcset=\"https:\/\/balcilar-blog.com\/wp-content\/uploads\/2017\/09\/Ekran-Al\u0131nt\u0131s\u0131-O\u011eUL-2-300x188.png 300w, https:\/\/balcilar-blog.com\/wp-content\/uploads\/2017\/09\/Ekran-Al\u0131nt\u0131s\u0131-O\u011eUL-2.png 448w\" sizes=\"auto, (max-width: 300px) 100vw, 300px\" \/>\u00a0<img loading=\"lazy\" decoding=\"async\" class=\"alignnone size-medium wp-image-20613\" src=\"http:\/\/balcilar-blog.com\/wp-content\/uploads\/2017\/09\/Ekran-Al\u0131nt\u0131s\u0131-O\u011eUL-300x178.png\" alt=\"Ekran Al\u0131nt\u0131s\u0131 O\u011eUL\" width=\"300\" height=\"178\" srcset=\"https:\/\/balcilar-blog.com\/wp-content\/uploads\/2017\/09\/Ekran-Al\u0131nt\u0131s\u0131-O\u011eUL-300x178.png 300w, https:\/\/balcilar-blog.com\/wp-content\/uploads\/2017\/09\/Ekran-Al\u0131nt\u0131s\u0131-O\u011eUL.png 448w\" sizes=\"auto, (max-width: 300px) 100vw, 300px\" \/><\/p>\n<p><strong>Her\u015fey olabilirsin de hayatta, bir anaya o\u011ful olabilir misin?<\/strong><\/p>\n<p>Slogan\u0131yla ilk tan\u0131t\u0131m\u0131 yay\u0131nlanan Fox\u2019un yeni dizisi O\u011ful, yak\u0131nda ekranlara gelecek.<\/p>\n<\/div>\n<div class=\"etiket\">\n<p><img loading=\"lazy\" decoding=\"async\" class=\"alignnone size-full wp-image-20611\" src=\"http:\/\/balcilar-blog.com\/wp-content\/uploads\/2017\/09\/O\u011flum-Dizisi-Ekin-Mert-Daymaz.jpg\" alt=\"O\u011flum-Dizisi-Ekin-Mert-Daymaz\" width=\"640\" height=\"405\" srcset=\"https:\/\/balcilar-blog.com\/wp-content\/uploads\/2017\/09\/O\u011flum-Dizisi-Ekin-Mert-Daymaz.jpg 640w, https:\/\/balcilar-blog.com\/wp-content\/uploads\/2017\/09\/O\u011flum-Dizisi-Ekin-Mert-Daymaz-300x190.jpg 300w\" sizes=\"auto, (max-width: 640px) 100vw, 640px\" \/><\/p>\n<p>Medyatava\u2019da Birsen Altunta\u015f\u2019\u0131n haberine g\u00f6re, Digiflame\u2019nin yap\u0131mc\u0131l\u0131\u011f\u0131n\u0131 \u00fcstlendi\u011fi \u201cO\u011ful\u201dun hikayesi ve proje tasar\u0131m\u0131 deneyimli televizyoncu \u00c7i\u011fdem Sava\u015f\u00e7\u0131o\u011flu imzas\u0131 ta\u015f\u0131yor. Y\u00f6netmen ve oyuncular\u0131yla g\u00f6r\u00fc\u015fmelerin s\u00fcrd\u00fc\u011f\u00fc projenin ocak ay\u0131 gibi ekrana gelmesi planlan\u0131yor. Bar\u0131\u015f Falay, Mert Daymaz ve Ataberk Mutl&#8217;nun ad\u0131 ge\u00e7iyor.<\/p>\n<p>Hen\u00fcz oyuncu kadrorosu ve konusu net de\u011fil. \u0130lgin\u00e7 ve de ses getirecek bir dizi&#8230;<\/p>\n<p><strong>Hazal Kaya ile Bizim Hikaye 14 Eyl\u00fcl Per\u015fembe ak\u015fam\u0131 FOX Tv&#8217;de.<\/strong><\/p>\n<p><img loading=\"lazy\" decoding=\"async\" class=\"alignnone size-full wp-image-20598\" src=\"http:\/\/balcilar-blog.com\/wp-content\/uploads\/2017\/09\/catsjpg-bizim-hikaye.jpg\" alt=\"catsjpg bizim hikaye\" width=\"480\" height=\"480\" srcset=\"https:\/\/balcilar-blog.com\/wp-content\/uploads\/2017\/09\/catsjpg-bizim-hikaye.jpg 480w, https:\/\/balcilar-blog.com\/wp-content\/uploads\/2017\/09\/catsjpg-bizim-hikaye-150x150.jpg 150w, https:\/\/balcilar-blog.com\/wp-content\/uploads\/2017\/09\/catsjpg-bizim-hikaye-300x300.jpg 300w\" sizes=\"auto, (max-width: 480px) 100vw, 480px\" \/><\/p>\n<p>Fox Tv&#8217;nin as\u0131l bombas\u0131 14 Eyl\u00fcl Per\u015fembe ak\u015fam\u0131 geliyor. Hazal Kaya ve Bizim Hikaye&#8230;<\/p>\n<p>Bayram ge\u00e7ti, Eyl\u00fcl ay\u0131n\u0131n 2.haftas\u0131na geldik bile&#8230; Sezon dizileri yay\u0131na girmeye ba\u015flad\u0131.Ge\u00e7en hafta, Sava\u015f\u00e7\u0131 11. b\u00f6l\u00fcm ve Kalbimdeki Deniz 35.b\u00f6l\u00fcm\u00fc ekranlara geldi. 2017 &#8211; 2018 dizi sezonu ba\u015flad\u0131 ve reyting sava\u015flar\u0131 \u00e7etin ge\u00e7ecek.<\/p>\n<p><strong>Yeni sezon hepimize hay\u0131rl\u0131 olsun.<\/strong><\/p>\n<\/div>\n<div class=\"etiket\">\n<p>Sayg\u0131lar ve sevgiler.<\/p>\n<p>Abdurrahman Balc\u0131lar<\/p>\n<p>Twitter:\u00a0<a href=\"https:\/\/twitter.com\/abbalcilar\">abdurrahman balc\u0131lar<\/a><a href=\"https:\/\/twitter.com\/abbalcilar\"><strong>@abbalcilar<\/strong><\/a><\/p>\n<p>Mail :\u00a0<a href=\"mailto:ab.balcilar@hotmail.com\">ab.balcilar@hotmail.com<\/a><\/p>\n<p>Blog:\u00a0<a href=\"http:\/\/t.co\/znqmIZgIqn\">blog.milliyet.com.tr\/cansever<\/a><\/p>\n<p>Blog:\u00a0<a href=\"http:\/\/balcilar-blog.com\/\">Abdurrahman Balc\u0131lar Blog Sayfas\u0131<\/a><\/p>\n<p>&nbsp;<\/p>\n<p><strong>*\u015eahsi Blog sayfamda ve Milliyet Blog\u2019da yay\u0131nlanan blog yaz\u0131lar\u0131 b\u00fcy\u00fck bir \u00e7al\u0131\u015fman\u0131n \u00fcr\u00fcn\u00fc olup, izinsiz ya da kaynak g\u00f6stermeden al\u0131nt\u0131 yap\u0131lamaz. Aksi halde kanuni i\u015flem yap\u0131l\u0131r.<\/strong><\/p>\n<\/div>\n<div class=\"etiket\"><\/div>\n<\/div>\n<\/div>\n","protected":false},"excerpt":{"rendered":"<p>Ge\u00e7en hafta Bayram haftas\u0131 oldu\u011fu i\u00e7in bir \u00e7ok dizinin yeni b\u00f6l\u00fcm\u00fc yay\u0131nlanmad\u0131. O nedenle 29 A\u011fustos &#8211; 3 Eyl\u00fcl haftas\u0131 kayda de\u011fer g\u00f6rmedi\u011fimden yay\u0131nlamad\u0131m. TNS \u00f6l\u00e7\u00fcmlerine g\u00f6re haz\u0131rlad\u0131\u011f\u0131m 04 &#8211; 10 Eyl\u00fcl 2017 Tarihleri aras\u0131nda en \u00e7ok seyredilen alt\u0131 Ulusal kanallar\u0131m\u0131zda ekranlar\u0131m\u0131za gelen 15 dizi aras\u0131nda, Total\u2019de ve AB\u2019de ilk ona giren, haftan\u0131n dizi karnesini [&hellip;]<\/p>\n","protected":false},"author":3,"featured_media":20610,"comment_status":"open","ping_status":"open","sticky":false,"template":"","format":"standard","meta":{"footnotes":""},"categories":[2],"tags":[1520,1504,1523,129,19,1450,1507,1541,1396,1460,530],"class_list":["post-20600","post","type-post","status-publish","format-standard","has-post-thumbnail","hentry","category-tv-programlari","tag-bizim-hikaye","tag-cocuklar-duymasin","tag-dizi-reytingler","tag-fox-tv","tag-hazal-kaya","tag-kalp-atisi","tag-meryem","tag-ogul","tag-savasci","tag-sevkat-yerimdar","tag-tns-olcumleri"],"views":3145,"blog_post_layout_featured_media_urls":{"thumbnail":["https:\/\/balcilar-blog.com\/wp-content\/uploads\/2017\/09\/cats-11-EYL\u00dcL-150x150.jpg",150,150,true],"full":["https:\/\/balcilar-blog.com\/wp-content\/uploads\/2017\/09\/cats-11-EYL\u00dcL.jpg",640,355,false]},"categories_names":{"2":{"name":"TV Programlar\u0131","link":"https:\/\/balcilar-blog.com\/?cat=2"}},"tags_names":{"1520":{"name":"Bizim Hikaye","link":"https:\/\/balcilar-blog.com\/?tag=bizim-hikaye"},"1504":{"name":"\u00c7ocuklar Duymas\u0131n","link":"https:\/\/balcilar-blog.com\/?tag=cocuklar-duymasin"},"1523":{"name":"Dizi Reytingler","link":"https:\/\/balcilar-blog.com\/?tag=dizi-reytingler"},"129":{"name":"Fox Tv","link":"https:\/\/balcilar-blog.com\/?tag=fox-tv"},"19":{"name":"Hazal Kaya","link":"https:\/\/balcilar-blog.com\/?tag=hazal-kaya"},"1450":{"name":"Kalp At\u0131\u015f\u0131","link":"https:\/\/balcilar-blog.com\/?tag=kalp-atisi"},"1507":{"name":"Meryem","link":"https:\/\/balcilar-blog.com\/?tag=meryem"},"1541":{"name":"O\u011ful","link":"https:\/\/balcilar-blog.com\/?tag=ogul"},"1396":{"name":"Sava\u015f\u00e7\u0131","link":"https:\/\/balcilar-blog.com\/?tag=savasci"},"1460":{"name":"\u015eevkat Yerimdar","link":"https:\/\/balcilar-blog.com\/?tag=sevkat-yerimdar"},"530":{"name":"TNS \u00f6l\u00e7\u00fcmleri","link":"https:\/\/balcilar-blog.com\/?tag=tns-olcumleri"}},"comments_number":"0","wpmagazine_modules_lite_featured_media_urls":{"thumbnail":["https:\/\/balcilar-blog.com\/wp-content\/uploads\/2017\/09\/cats-11-EYL\u00dcL-150x150.jpg",150,150,true],"cvmm-medium":["https:\/\/balcilar-blog.com\/wp-content\/uploads\/2017\/09\/cats-11-EYL\u00dcL.jpg",300,166,false],"cvmm-medium-plus":["https:\/\/balcilar-blog.com\/wp-content\/uploads\/2017\/09\/cats-11-EYL\u00dcL.jpg",305,169,false],"cvmm-portrait":["https:\/\/balcilar-blog.com\/wp-content\/uploads\/2017\/09\/cats-11-EYL\u00dcL.jpg",400,222,false],"cvmm-medium-square":["https:\/\/balcilar-blog.com\/wp-content\/uploads\/2017\/09\/cats-11-EYL\u00dcL.jpg",600,333,false],"cvmm-large":["https:\/\/balcilar-blog.com\/wp-content\/uploads\/2017\/09\/cats-11-EYL\u00dcL.jpg",640,355,false],"cvmm-small":["https:\/\/balcilar-blog.com\/wp-content\/uploads\/2017\/09\/cats-11-EYL\u00dcL.jpg",130,72,false],"full":["https:\/\/balcilar-blog.com\/wp-content\/uploads\/2017\/09\/cats-11-EYL\u00dcL.jpg",640,355,false]},"_links":{"self":[{"href":"https:\/\/balcilar-blog.com\/index.php?rest_route=\/wp\/v2\/posts\/20600","targetHints":{"allow":["GET"]}}],"collection":[{"href":"https:\/\/balcilar-blog.com\/index.php?rest_route=\/wp\/v2\/posts"}],"about":[{"href":"https:\/\/balcilar-blog.com\/index.php?rest_route=\/wp\/v2\/types\/post"}],"author":[{"embeddable":true,"href":"https:\/\/balcilar-blog.com\/index.php?rest_route=\/wp\/v2\/users\/3"}],"replies":[{"embeddable":true,"href":"https:\/\/balcilar-blog.com\/index.php?rest_route=%2Fwp%2Fv2%2Fcomments&post=20600"}],"version-history":[{"count":9,"href":"https:\/\/balcilar-blog.com\/index.php?rest_route=\/wp\/v2\/posts\/20600\/revisions"}],"predecessor-version":[{"id":20620,"href":"https:\/\/balcilar-blog.com\/index.php?rest_route=\/wp\/v2\/posts\/20600\/revisions\/20620"}],"wp:featuredmedia":[{"embeddable":true,"href":"https:\/\/balcilar-blog.com\/index.php?rest_route=\/wp\/v2\/media\/20610"}],"wp:attachment":[{"href":"https:\/\/balcilar-blog.com\/index.php?rest_route=%2Fwp%2Fv2%2Fmedia&parent=20600"}],"wp:term":[{"taxonomy":"category","embeddable":true,"href":"https:\/\/balcilar-blog.com\/index.php?rest_route=%2Fwp%2Fv2%2Fcategories&post=20600"},{"taxonomy":"post_tag","embeddable":true,"href":"https:\/\/balcilar-blog.com\/index.php?rest_route=%2Fwp%2Fv2%2Ftags&post=20600"}],"curies":[{"name":"wp","href":"https:\/\/api.w.org\/{rel}","templated":true}]}}