{"id":20589,"date":"2017-09-09T14:54:10","date_gmt":"2017-09-09T11:54:10","guid":{"rendered":"http:\/\/balcilar-blog.com\/?p=20589"},"modified":"2017-09-09T14:54:10","modified_gmt":"2017-09-09T11:54:10","slug":"hazal-kayanin-bizim-hikaye-gumbur-gumbur-geliyor","status":"publish","type":"post","link":"https:\/\/balcilar-blog.com\/?p=20589","title":{"rendered":"Hazal Kaya&#8217;n\u0131n &#8220;Bizim Hikaye&#8221; g\u00fcmb\u00fcr g\u00fcmb\u00fcr geliyor!"},"content":{"rendered":"<p><img loading=\"lazy\" decoding=\"async\" class=\"alignnone size-full wp-image-20598\" src=\"http:\/\/balcilar-blog.com\/wp-content\/uploads\/2017\/09\/catsjpg-bizim-hikaye.jpg\" alt=\"catsjpg bizim hikaye\" width=\"480\" height=\"480\" srcset=\"https:\/\/balcilar-blog.com\/wp-content\/uploads\/2017\/09\/catsjpg-bizim-hikaye.jpg 480w, https:\/\/balcilar-blog.com\/wp-content\/uploads\/2017\/09\/catsjpg-bizim-hikaye-150x150.jpg 150w, https:\/\/balcilar-blog.com\/wp-content\/uploads\/2017\/09\/catsjpg-bizim-hikaye-300x300.jpg 300w\" sizes=\"auto, (max-width: 480px) 100vw, 480px\" \/><\/p>\n<p>Yap\u0131mc\u0131l\u0131\u011f\u0131n\u0131 MED Yap\u0131m\u2019\u0131n \u00fcstlendi\u011fi, senaryosunu Hatice Meryem ve Banu Kiremit\u00e7i Bozkurt\u2019un kaleme ald\u0131\u011f\u0131, y\u00f6netmen koltu\u011funda ise Serdar G\u00f6zelekli\u2019nin oturdu\u011fu Hazal Kaya!n\u0131n &#8220;Bizim Hikaye&#8221; dizisi, 14 Eyl\u00fcl Per\u015fembe g\u00fcn\u00fc saat 20.00\u2019de FOX Tv ekranlar\u0131nda g\u00fcmb\u00fcr g\u00fcmb\u00fcr geliyor.<\/p>\n<p>Uzun bir s\u00fcredir ekranlardan uzak kalan Hazal Kaya, ince eleyip s\u0131k dokudu, sonunda aylar \u00f6nce Amerikan yap\u0131m\u0131 Shameless dizisinden uyarlanan &#8216;Bizim Hikaye&#8217; dizisinde &#8216;Filiz&#8217; karakterini oynamak i\u00e7in imza att\u0131.<\/p>\n<p>\u00c7ekimleri \u0130stanbul\u2019da devam eden dizinin oyuncu kadrosunda Hazal Kaya, Burak Deniz ve Reha \u00d6zcan\u2019\u0131n yan\u0131 s\u0131ra, Nesrin Cavadzade, Ya\u011f\u0131zcan Konyal\u0131, Nejat Uygur, P\u0131nar T\u00f6re, Berkay Ak\u0131n, Evrim Do\u011fan, \u0130smail Karag\u00f6z, Korhan F\u0131rat, Mehmetcan Mincinozlu, Alp Akar, Zeynep Selimo\u011flu ve \u00d6mer Sevgi gibi deneyimli oyuncular yer al\u0131yor.<\/p>\n<p><strong>1.B\u00d6L\u00dcM\u00dcN KONUSU:<\/strong><\/p>\n<p>14 Eyl\u00fcl Per\u015fembe g\u00fcn\u00fc ekrana gelecek olan dizi, alt\u0131 \u00e7ocuk ve bir babadan olu\u015fan ailenin trajikomik hikayesini anlatacak.<\/p>\n<p><img loading=\"lazy\" decoding=\"async\" class=\"alignnone size-full wp-image-20596\" src=\"http:\/\/balcilar-blog.com\/wp-content\/uploads\/2017\/09\/Bizim-Hikaye-4081-galeri-resim-f9fac6bc-84e3-4b69-a03a-76ca6782b11d-mpositioned-640x360.jpg\" alt=\"Bizim-Hikaye-4081-galeri-resim-f9fac6bc-84e3-4b69-a03a-76ca6782b11d-mpositioned-640x360\" width=\"640\" height=\"360\" srcset=\"https:\/\/balcilar-blog.com\/wp-content\/uploads\/2017\/09\/Bizim-Hikaye-4081-galeri-resim-f9fac6bc-84e3-4b69-a03a-76ca6782b11d-mpositioned-640x360.jpg 640w, https:\/\/balcilar-blog.com\/wp-content\/uploads\/2017\/09\/Bizim-Hikaye-4081-galeri-resim-f9fac6bc-84e3-4b69-a03a-76ca6782b11d-mpositioned-640x360-300x169.jpg 300w\" sizes=\"auto, (max-width: 640px) 100vw, 640px\" \/><\/p>\n<p>Baba Fikret\u2019in (Reha \u00d6zcan) sorumsuzlu\u011fu sebebiyle, \u00e7ocuklar\u0131n en b\u00fcy\u00fc\u011f\u00fc Filiz (Hazal Kaya) karde\u015flerini bir \u015fekilde okutma ve ge\u00e7indirme derdindedir. \u00d6n\u00fcne gelen her i\u015fte \u00e7al\u0131\u015f\u0131r.<\/p>\n<p><img loading=\"lazy\" decoding=\"async\" class=\"alignnone size-full wp-image-20594\" src=\"http:\/\/balcilar-blog.com\/wp-content\/uploads\/2017\/09\/Bizim-Hikaye-4081-galeri-resim-743f7415-b558-49b8-944b-dd4c11eb5184-mpositioned-640x360.jpg\" alt=\"Bizim-Hikaye-4081-galeri-resim-743f7415-b558-49b8-944b-dd4c11eb5184-mpositioned-640x360\" width=\"640\" height=\"360\" srcset=\"https:\/\/balcilar-blog.com\/wp-content\/uploads\/2017\/09\/Bizim-Hikaye-4081-galeri-resim-743f7415-b558-49b8-944b-dd4c11eb5184-mpositioned-640x360.jpg 640w, https:\/\/balcilar-blog.com\/wp-content\/uploads\/2017\/09\/Bizim-Hikaye-4081-galeri-resim-743f7415-b558-49b8-944b-dd4c11eb5184-mpositioned-640x360-300x169.jpg 300w\" sizes=\"auto, (max-width: 640px) 100vw, 640px\" \/><\/p>\n<p>Filiz, sorumluluklar\u0131 kendinden b\u00fcy\u00fck bir gen\u00e7 k\u0131zken birden hayat\u0131na yak\u0131\u015f\u0131kl\u0131 ve karizmatik Bar\u0131\u015f (Burak Deniz) girecek.<\/p>\n<p><img loading=\"lazy\" decoding=\"async\" class=\"size-full wp-image-20592\" src=\"http:\/\/balcilar-blog.com\/wp-content\/uploads\/2017\/09\/Bizim-Hikaye-4081-galeri-resim-5ccd2d3c-4e13-4e27-8357-2ea0bdd49b46-mpositioned-640x360.jpg\" alt=\"CREATOR: gd-jpeg v1.0 (using IJG JPEG v62), quality = 90\" width=\"640\" height=\"360\" srcset=\"https:\/\/balcilar-blog.com\/wp-content\/uploads\/2017\/09\/Bizim-Hikaye-4081-galeri-resim-5ccd2d3c-4e13-4e27-8357-2ea0bdd49b46-mpositioned-640x360.jpg 640w, https:\/\/balcilar-blog.com\/wp-content\/uploads\/2017\/09\/Bizim-Hikaye-4081-galeri-resim-5ccd2d3c-4e13-4e27-8357-2ea0bdd49b46-mpositioned-640x360-300x169.jpg 300w\" sizes=\"auto, (max-width: 640px) 100vw, 640px\" \/><\/p>\n<p>Burak, hem Filiz\u2019in kalbini kazanmak hem de ailenin bir par\u00e7as\u0131 olabilmek i\u00e7in elinden geleni yapacakt\u0131r.<\/p>\n<p><img loading=\"lazy\" decoding=\"async\" class=\"alignnone size-full wp-image-20597\" src=\"http:\/\/balcilar-blog.com\/wp-content\/uploads\/2017\/09\/Bizim-Hikaye-4081-galeri-resim-f0840dc9-af3f-4a95-97a8-4db026975a08-mpositioned-640x360.jpg\" alt=\"Bizim-Hikaye-4081-galeri-resim-f0840dc9-af3f-4a95-97a8-4db026975a08-mpositioned-640x360\" width=\"640\" height=\"360\" srcset=\"https:\/\/balcilar-blog.com\/wp-content\/uploads\/2017\/09\/Bizim-Hikaye-4081-galeri-resim-f0840dc9-af3f-4a95-97a8-4db026975a08-mpositioned-640x360.jpg 640w, https:\/\/balcilar-blog.com\/wp-content\/uploads\/2017\/09\/Bizim-Hikaye-4081-galeri-resim-f0840dc9-af3f-4a95-97a8-4db026975a08-mpositioned-640x360-300x169.jpg 300w\" sizes=\"auto, (max-width: 640px) 100vw, 640px\" \/><\/p>\n<p>Aile zaman zaman komik, \u00e7o\u011fu zamansa y\u00fcrekleri s\u0131zlatan olaylar ya\u015fayacak.<\/p>\n<p><img loading=\"lazy\" decoding=\"async\" class=\"alignnone size-full wp-image-20595\" src=\"http:\/\/balcilar-blog.com\/wp-content\/uploads\/2017\/09\/Bizim-Hikaye-4081-galeri-resim-8877729e-7143-4af9-8b52-b61aa0066c34-mpositioned-640x360.jpg\" alt=\"Bizim-Hikaye-4081-galeri-resim-8877729e-7143-4af9-8b52-b61aa0066c34-mpositioned-640x360\" width=\"640\" height=\"360\" srcset=\"https:\/\/balcilar-blog.com\/wp-content\/uploads\/2017\/09\/Bizim-Hikaye-4081-galeri-resim-8877729e-7143-4af9-8b52-b61aa0066c34-mpositioned-640x360.jpg 640w, https:\/\/balcilar-blog.com\/wp-content\/uploads\/2017\/09\/Bizim-Hikaye-4081-galeri-resim-8877729e-7143-4af9-8b52-b61aa0066c34-mpositioned-640x360-300x169.jpg 300w\" sizes=\"auto, (max-width: 640px) 100vw, 640px\" \/><\/p>\n<p>Ne olursa olsun her t\u00fcrl\u00fc zorlu\u011fun \u00fcstesinden gelecek bu ailenin hikayesi i\u00e7in \u015fimdiden nefesler tutuldu.<\/p>\n<p>Filiz&#8217;in karde\u015flerinin bak\u0131m\u0131 ve onlar\u0131n sorumlu\u011fu \u00fcst\u00fcne y\u00fcklenir.<\/p>\n<p><img loading=\"lazy\" decoding=\"async\" class=\"alignnone size-full wp-image-20593\" src=\"http:\/\/balcilar-blog.com\/wp-content\/uploads\/2017\/09\/Bizim-Hikaye-4081-galeri-resim-59d10374-9cc9-4d11-bafa-e73fbd4d71e7-mpositioned-640x360.jpg\" alt=\"Bizim-Hikaye-4081-galeri-resim-59d10374-9cc9-4d11-bafa-e73fbd4d71e7-mpositioned-640x360\" width=\"640\" height=\"360\" srcset=\"https:\/\/balcilar-blog.com\/wp-content\/uploads\/2017\/09\/Bizim-Hikaye-4081-galeri-resim-59d10374-9cc9-4d11-bafa-e73fbd4d71e7-mpositioned-640x360.jpg 640w, https:\/\/balcilar-blog.com\/wp-content\/uploads\/2017\/09\/Bizim-Hikaye-4081-galeri-resim-59d10374-9cc9-4d11-bafa-e73fbd4d71e7-mpositioned-640x360-300x169.jpg 300w\" sizes=\"auto, (max-width: 640px) 100vw, 640px\" \/><\/p>\n<p>Sevdi\u011fi adam Bar\u0131\u015f filize yard\u0131mc\u0131 olmak i\u00e7in elinden geleni yapar.<\/p>\n<p><img loading=\"lazy\" decoding=\"async\" class=\"alignnone size-full wp-image-20591\" src=\"http:\/\/balcilar-blog.com\/wp-content\/uploads\/2017\/09\/Bizim-Hikaye-4081-galeri-resim-4c1320f3-75bc-470d-baee-3dd5bf0fd46e-mpositioned-640x360.jpg\" alt=\"Bizim-Hikaye-4081-galeri-resim-4c1320f3-75bc-470d-baee-3dd5bf0fd46e-mpositioned-640x360\" width=\"640\" height=\"360\" srcset=\"https:\/\/balcilar-blog.com\/wp-content\/uploads\/2017\/09\/Bizim-Hikaye-4081-galeri-resim-4c1320f3-75bc-470d-baee-3dd5bf0fd46e-mpositioned-640x360.jpg 640w, https:\/\/balcilar-blog.com\/wp-content\/uploads\/2017\/09\/Bizim-Hikaye-4081-galeri-resim-4c1320f3-75bc-470d-baee-3dd5bf0fd46e-mpositioned-640x360-300x169.jpg 300w\" sizes=\"auto, (max-width: 640px) 100vw, 640px\" \/><\/p>\n<p>Hazal Kaya&#8217;n\u0131n t\u00fcm d\u00fcnya \u00fclkelerinde milyonlarca seveni ve fan\u0131 bu diziyi sab\u0131rs\u0131zl\u0131kla bekliyor. 14 Eyl\u00fcl Per\u015fembe ak\u015fam\u0131, Bizim Hikaye g\u00fcmb\u00fcr g\u00fcmb\u00fcr geliyor.<\/p>\n<p>&nbsp;<\/p>\n<p>&nbsp;<\/p>\n<p><iframe loading=\"lazy\" title=\"Bizim Hikaye 3 Teaser\" width=\"640\" height=\"360\" src=\"https:\/\/www.youtube.com\/embed\/MmICUcmC1XI?feature=oembed\" frameborder=\"0\" allow=\"accelerometer; autoplay; clipboard-write; encrypted-media; gyroscope; picture-in-picture; web-share\" referrerpolicy=\"strict-origin-when-cross-origin\" allowfullscreen><\/iframe><\/p>\n<p>&nbsp;<\/p>\n<p>https:\/\/www.youtube.com\/watch?v=VEzJ0n8RK5o<\/p>\n<p>Hazal Kaya&#8217;n\u0131n Burak Deniz ile ba\u015frol\u00fc oynad\u0131\u011f\u0131 &#8220;Bizim Hikaye&#8221; Fox ekranlar\u0131nda fenomen bir dizi olaca\u011f\u0131n\u0131 tahmin ediyor, t\u00fcm ekibe ba\u015far\u0131lar ve uzun soluklu bir yap\u0131m olmas\u0131n\u0131 diliyorum.<\/p>\n<p>Keyifli Seyirler<\/p>\n<p>Sayg\u0131lar ve sevgiler.<\/p>\n<p>Abdurrahman Balc\u0131lar<\/p>\n<p>Twitter:\u00a0<a href=\"https:\/\/twitter.com\/abbalcilar\">abdurrahman balc\u0131lar<\/a><a href=\"https:\/\/twitter.com\/abbalcilar\"><strong>@abbalcilar<\/strong><\/a><\/p>\n<p>Mail :\u00a0<a href=\"mailto:ab.balcilar@hotmail.com\">ab.balcilar@hotmail.com<\/a><\/p>\n<p>Blog:\u00a0<a href=\"http:\/\/t.co\/znqmIZgIqn\">blog.milliyet.com.tr\/cansever<\/a><\/p>\n<p>Blog:\u00a0<a href=\"http:\/\/balcilar-blog.com\/\">Abdurrahman Balc\u0131lar Blog Sayfas\u0131<\/a><\/p>\n<p>Not: Kaynak haber ve g\u00f6rseller Fox Tv sayfas\u0131ndan al\u0131nm\u0131\u015ft\u0131r.<\/p>\n<p><strong>*\u015eahsi Blog sayfamda ve Milliyet Blog\u2019da yay\u0131nlanan blog yaz\u0131lar\u0131 b\u00fcy\u00fck bir \u00e7al\u0131\u015fman\u0131n \u00fcr\u00fcn\u00fc olup, izinsiz ya da kaynak g\u00f6stermeden al\u0131nt\u0131 yap\u0131lamaz. Aksi halde kanuni i\u015flem yap\u0131l\u0131r.<\/strong><\/p>\n<p>&nbsp;<\/p>\n","protected":false},"excerpt":{"rendered":"<p>Yap\u0131mc\u0131l\u0131\u011f\u0131n\u0131 MED Yap\u0131m\u2019\u0131n \u00fcstlendi\u011fi, senaryosunu Hatice Meryem ve Banu Kiremit\u00e7i Bozkurt\u2019un kaleme ald\u0131\u011f\u0131, y\u00f6netmen koltu\u011funda ise Serdar G\u00f6zelekli\u2019nin oturdu\u011fu Hazal Kaya!n\u0131n &#8220;Bizim Hikaye&#8221; dizisi, 14 Eyl\u00fcl Per\u015fembe g\u00fcn\u00fc saat 20.00\u2019de FOX Tv ekranlar\u0131nda g\u00fcmb\u00fcr g\u00fcmb\u00fcr geliyor. Uzun bir s\u00fcredir ekranlardan uzak kalan Hazal Kaya, ince eleyip s\u0131k dokudu, sonunda aylar \u00f6nce Amerikan yap\u0131m\u0131 Shameless dizisinden [&hellip;]<\/p>\n","protected":false},"author":3,"featured_media":20598,"comment_status":"open","ping_status":"open","sticky":false,"template":"","format":"standard","meta":{"footnotes":""},"categories":[2],"tags":[1520,654,129,19,383,1493,1540,1325],"class_list":["post-20589","post","type-post","status-publish","format-standard","has-post-thumbnail","hentry","category-tv-programlari","tag-bizim-hikaye","tag-burak-deniz","tag-fox-tv","tag-hazal-kaya","tag-med-yapim","tag-reha-ozcan","tag-serdar-gozelekli","tag-shameless"],"views":3924,"blog_post_layout_featured_media_urls":{"thumbnail":["https:\/\/balcilar-blog.com\/wp-content\/uploads\/2017\/09\/catsjpg-bizim-hikaye-150x150.jpg",150,150,true],"full":["https:\/\/balcilar-blog.com\/wp-content\/uploads\/2017\/09\/catsjpg-bizim-hikaye.jpg",480,480,false]},"categories_names":{"2":{"name":"TV Programlar\u0131","link":"https:\/\/balcilar-blog.com\/?cat=2"}},"tags_names":{"1520":{"name":"Bizim Hikaye","link":"https:\/\/balcilar-blog.com\/?tag=bizim-hikaye"},"654":{"name":"Burak Deniz","link":"https:\/\/balcilar-blog.com\/?tag=burak-deniz"},"129":{"name":"Fox Tv","link":"https:\/\/balcilar-blog.com\/?tag=fox-tv"},"19":{"name":"Hazal Kaya","link":"https:\/\/balcilar-blog.com\/?tag=hazal-kaya"},"383":{"name":"Med Yap\u0131m","link":"https:\/\/balcilar-blog.com\/?tag=med-yapim"},"1493":{"name":"Reha \u00d6zcan","link":"https:\/\/balcilar-blog.com\/?tag=reha-ozcan"},"1540":{"name":"Serdar G\u00f6zelekli","link":"https:\/\/balcilar-blog.com\/?tag=serdar-gozelekli"},"1325":{"name":"Shameless","link":"https:\/\/balcilar-blog.com\/?tag=shameless"}},"comments_number":"0","wpmagazine_modules_lite_featured_media_urls":{"thumbnail":["https:\/\/balcilar-blog.com\/wp-content\/uploads\/2017\/09\/catsjpg-bizim-hikaye-150x150.jpg",150,150,true],"cvmm-medium":["https:\/\/balcilar-blog.com\/wp-content\/uploads\/2017\/09\/catsjpg-bizim-hikaye.jpg",300,300,false],"cvmm-medium-plus":["https:\/\/balcilar-blog.com\/wp-content\/uploads\/2017\/09\/catsjpg-bizim-hikaye.jpg",207,207,false],"cvmm-portrait":["https:\/\/balcilar-blog.com\/wp-content\/uploads\/2017\/09\/catsjpg-bizim-hikaye.jpg",400,400,false],"cvmm-medium-square":["https:\/\/balcilar-blog.com\/wp-content\/uploads\/2017\/09\/catsjpg-bizim-hikaye.jpg",480,480,false],"cvmm-large":["https:\/\/balcilar-blog.com\/wp-content\/uploads\/2017\/09\/catsjpg-bizim-hikaye.jpg",480,480,false],"cvmm-small":["https:\/\/balcilar-blog.com\/wp-content\/uploads\/2017\/09\/catsjpg-bizim-hikaye.jpg",95,95,false],"full":["https:\/\/balcilar-blog.com\/wp-content\/uploads\/2017\/09\/catsjpg-bizim-hikaye.jpg",480,480,false]},"_links":{"self":[{"href":"https:\/\/balcilar-blog.com\/index.php?rest_route=\/wp\/v2\/posts\/20589","targetHints":{"allow":["GET"]}}],"collection":[{"href":"https:\/\/balcilar-blog.com\/index.php?rest_route=\/wp\/v2\/posts"}],"about":[{"href":"https:\/\/balcilar-blog.com\/index.php?rest_route=\/wp\/v2\/types\/post"}],"author":[{"embeddable":true,"href":"https:\/\/balcilar-blog.com\/index.php?rest_route=\/wp\/v2\/users\/3"}],"replies":[{"embeddable":true,"href":"https:\/\/balcilar-blog.com\/index.php?rest_route=%2Fwp%2Fv2%2Fcomments&post=20589"}],"version-history":[{"count":1,"href":"https:\/\/balcilar-blog.com\/index.php?rest_route=\/wp\/v2\/posts\/20589\/revisions"}],"predecessor-version":[{"id":20599,"href":"https:\/\/balcilar-blog.com\/index.php?rest_route=\/wp\/v2\/posts\/20589\/revisions\/20599"}],"wp:featuredmedia":[{"embeddable":true,"href":"https:\/\/balcilar-blog.com\/index.php?rest_route=\/wp\/v2\/media\/20598"}],"wp:attachment":[{"href":"https:\/\/balcilar-blog.com\/index.php?rest_route=%2Fwp%2Fv2%2Fmedia&parent=20589"}],"wp:term":[{"taxonomy":"category","embeddable":true,"href":"https:\/\/balcilar-blog.com\/index.php?rest_route=%2Fwp%2Fv2%2Fcategories&post=20589"},{"taxonomy":"post_tag","embeddable":true,"href":"https:\/\/balcilar-blog.com\/index.php?rest_route=%2Fwp%2Fv2%2Ftags&post=20589"}],"curies":[{"name":"wp","href":"https:\/\/api.w.org\/{rel}","templated":true}]}}