{"id":205,"date":"2013-11-01T20:44:42","date_gmt":"2013-11-01T18:44:42","guid":{"rendered":"http:\/\/balcilar-blog.com\/?p=205"},"modified":"2014-02-20T20:49:46","modified_gmt":"2014-02-20T18:49:46","slug":"askin-yolu-bir-cagatay-ulusoy-hazal-kaya-1-bolum-yayinlandi","status":"publish","type":"post","link":"https:\/\/balcilar-blog.com\/?p=205","title":{"rendered":"A\u015fk\u0131n Yolu Bir &#8211; \u00c7a\u011fatay Ulusoy &#038; Hazal Kaya 1.b\u00f6l\u00fcm yay\u0131nland\u0131."},"content":{"rendered":"<div>\n<h4>01 Kas\u0131m &#8217;13<\/h4>\n<\/div>\n<dl>\n<dt>Kategori<\/dt>\n<dd><a href=\"http:\/\/blog.milliyet.com.tr\/magazin\/Kategori\/?KategoriNo=312\"><strong>Magazin<\/strong><\/a><\/dd>\n<\/dl>\n<div><\/div>\n<div>\n<div><img loading=\"lazy\" decoding=\"async\" alt=\"A\u015fk\u0131n Yolu Bir - \u00c7a\u011fatay Ulusoy &amp; Hazal Kaya 1.b\u00f6l\u00fcm yay\u0131nland\u0131.\" src=\"http:\/\/iblog.milliyet.com.tr\/imgroot\/blogv7\/Blog333\/2013\/10\/31\/47\/434384-3-4-6fd3c.jpg\" width=\"333\" height=\"240\" \/><\/p>\n<div><\/div>\n<\/div>\n<div id=\"BlogDetail\">\n<p>Ge\u00e7en haftaki 22 Ekim tarihli, \u201c<a href=\"http:\/\/blog.milliyet.com.tr\/AramaBlog\/?search=A%C5%9Fk%C4%B1n%20Yolu%20Bir\" rel=\"external nofollow\">A\u015fk\u0131n Yolu Bir<\/a>\u00a0\u2013<a href=\"http:\/\/blog.milliyet.com.tr\/AramaBlog\/?search=%C3%87a%C4%9Fatay%20Ulusoy\" rel=\"external nofollow\">\u00c7a\u011fatay Ulusoy<\/a>\u00a0&amp;\u00a0<a href=\"http:\/\/blog.milliyet.com.tr\/AramaBlog\/?search=Hazal%20Kaya\" rel=\"external nofollow\">Hazal Kaya<\/a>\u201d ba\u015fl\u0131kl\u0131 blog yaz\u0131mda,\u00a0<a href=\"http:\/\/blog.milliyet.com.tr\/AramaBlog\/?search=AFK\" rel=\"external nofollow\">AFK<\/a>\u00a0hayranlar\u0131 bu filmle ilgili bir fragman yay\u0131nlad\u0131klar\u0131ndan bahsetmi\u015ftim.<\/p>\n<p>O fragman\u0131 yap\u0131lan dizinin birinci b\u00f6l\u00fcm\u00fc yap\u0131lm\u0131\u015f ve d\u00fcn mail kutuma d\u00fc\u015ft\u00fc. \u0130\u015fte o, Kaya &amp; Ulusoy\u2019dan gelen mail.<\/p>\n<p><a href=\"https:\/\/twitter.com\/jhuc_gul\" target=\"_blank\"><strong>KAYA &amp; ULUSOY\u00a0<\/strong>?@jhuc_gul\u00a0<\/a><a title=\"10:58 AM - 30 Ekim 13\" href=\"https:\/\/twitter.com\/jhuc_gul\/status\/395474870664187904\" target=\"_blank\">30 Ekim<\/a><\/p>\n<p><a href=\"https:\/\/twitter.com\/abbalcilar\" target=\"_blank\">@abbalcilar<\/a><a href=\"https:\/\/twitter.com\/yaseminozbudun\" target=\"_blank\">@yaseminozbudun<\/a><a href=\"https:\/\/twitter.com\/selcukozdemir\" target=\"_blank\">@selcukozdemir<\/a>A\u015fk\u0131n Yolu Bir-1.B\u00f6l\u00fcm (Fan Yap\u0131m):<a title=\"http:\/\/youtu.be\/3mcxXiGLpYA\" href=\"http:\/\/t.co\/TI33vXwJ5Z\" target=\"_blank\">http:\/\/youtu.be\/3mcxXiGLpYA\u00a0<\/a>\u0130yi seyirler.<\/p>\n<p><em>Birinci b\u00f6l\u00fcm\u00fcn a\u015fa\u011f\u0131-yukar\u0131 5 dakikal\u0131k bir videosu mevcut. Alt\u0131nda da gayet masumane bir not d\u00fc\u015f\u00fclm\u00fc\u015f.<\/em><\/p>\n<p><strong>Yay\u0131nlanma tarihi:\u00a0<\/strong><strong>29 Eki 2013<\/strong><\/p>\n<p>Hayal d\u00fcnyam\u0131z\u0131n ilk b\u00f6l\u00fcm\u00fc kar\u015f\u0131n\u0131zda :)) Valla bizim kimseye bi zarar\u0131m\u0131z yok. \u0130kisinin dizilerini de izliyoruz, destekliyoruz. Zaten biz asla Onlar&#8217;a zarar verecek bi\u015fey yapmay\u0131z. Biz b\u00f6yle masumane videolarla hasret gideriyoruz sadece \ud83d\ude42 \u00c7\u00fcnk\u00fc bizim gibi bu ikiliyi izlemeyi seven \u00e7ok ki\u015finin oldu\u011funu biliyoruz. \u0130kisinin de ba\u015far\u0131l\u0131, mutlu olmas\u0131n\u0131 bizden fazla kimse isteyemez.Ne dizilerini ne de partnerlerini k\u00f6t\u00fclemek gibi bi amac\u0131m\u0131z kesinlikle yok. Ama madem sesimizi duyuramad\u0131k bunu yapmaya da hakk\u0131m\u0131z var diye d\u00fc\u015f\u00fcnd\u00fck.Daha g\u00fczel bi\u015feyler yap\u0131l\u0131rd\u0131 ama Movie Maker&#8217;la anca bu kadar oluyo,idare edicez :)) <a href=\"http:\/\/blog.milliyet.com.tr\/AramaBlog\/?search=Ay%20Yap%C4%B1m\" rel=\"external nofollow\">Ay Yap\u0131m<\/a>&#8216;a ve\u00a0<a href=\"http:\/\/blog.milliyet.com.tr\/AramaBlog\/?search=Gold%20Yap%C4%B1m\" rel=\"external nofollow\">Gold Yap\u0131m<\/a>&#8216;a sayg\u0131lar.. Hazal &amp; \u00c7a\u011fatay..Sizi seviyoruz. \ud83d\ude42 \u0130yi Seyirler \ud83d\ude42<\/p>\n<p>Bu montaj\u0131 izledim. Hazal Kaya\u2019n\u0131n A\u015eK dizisindeki, Azra&#8217;n\u0131n sahnelerinden al\u0131nm\u0131\u015f. \u00c7a\u011fatay Ulusoy\u2019un da Medcezir dizisindeki Yaman sahneleri ile \u00f6rt\u00fc\u015ft\u00fcr\u00fclm\u00fc\u015f, \u00e7ok g\u00fczel bir \u00e7al\u0131\u015fma \u00e7\u0131km\u0131\u015f ortaya. Bire bir orijinalinden seslere ve konu\u015fmalar ,efektler harika olmu\u015f. Fonda \u00e7al\u0131nan \u015fark\u0131, s\u00f6z-m\u00fczik: Alper Narman &#8211; Fettah Can\u2019a ait &#8220;Mandalinalar&#8221; \u015fark\u0131s\u0131 \u00e7ok da g\u00fczel gitmi\u015f.<\/p>\n<p>\u201cAyr\u0131 ayr\u0131, uyusak yaz gelse a\u00e7\u0131lsak.<\/p>\n<p>Ayr\u0131 ayr\u0131 iki yar\u0131mdan bir tam olsak.<\/p>\n<p>Sizi yaln\u0131z severken birden sen ve ben olsak<\/p>\n<p>Beni yaln\u0131z b\u0131raksan hatta sevgili olsak<\/p>\n<p>Mandalinalar tezg\u00e2hta kokusu girse kan\u0131ma<\/p>\n<p>Beni uyand\u0131rsa seni kand\u0131rsa tamd\u0131r a\u015f\u0131k olsak<\/p>\n<p>Tamd\u0131r a\u015f\u0131k olsak<\/p>\n<p>Yeniden tan\u0131\u015f\u0131r gibi\u2026\u201d<\/p>\n<p>Hazal ve \u00c7a\u011fatay\u00a0<a href=\"http:\/\/blog.milliyet.com.tr\/AramaBlog\/?search=Ad%C4%B1n%C4%B1%20Feriha%20Koydum\" rel=\"external nofollow\">Ad\u0131n\u0131 Feriha Koydum<\/a>\u00a0dizisindeki,\u00a0<a href=\"http:\/\/blog.milliyet.com.tr\/AramaBlog\/?search=Feriha\" rel=\"external nofollow\">Feriha<\/a>\u00a0ve\u00a0<a href=\"http:\/\/blog.milliyet.com.tr\/AramaBlog\/?search=Emir\" rel=\"external nofollow\">Emir<\/a>\u00a0gibi, o unutulmayan an\u0131lar\u0131 an\u0131msat\u0131yorlar izleyicilere\u2026<\/p>\n<p>\u00c7ok g\u00fczel bir montaj ve kurgu, buradan Fan Yap\u0131ma te\u015fekk\u00fcrler. Ger\u00e7ek yap\u0131mc\u0131 kurulu\u015flar, (Ay Yap\u0131m \u2013 Gold Film) daha ne kadar sessiz kalacaklar merak ediyorum. C\u00fcmle Alem biliyor sevenlerinin tek bir iste\u011fi var;<\/p>\n<p>Onlar\u0131 tekrar bir arada g\u00f6rmek\u2026<\/p>\n<p>Tekrar ediyorum, mevcut dizilerinin sezon finallerinden sonra, \u00f6n\u00fcm\u00fczdeki Temmuz ay\u0131nda bir araya getirilip, bir sinema filmi yap\u0131lmas\u0131 \u015fart oldu.<\/p>\n<p>Sayg\u0131de\u011fer Yap\u0131mc\u0131 Firmalar; Bu Fan gruplar\u0131n\u0131, sevenlerini ve izleyiciyi yok sayamaz, susturamayacaks\u0131n\u0131z.<\/p>\n<p>Not:\u00a0<a href=\"http:\/\/youtu.be\/3mcxXiGLpYA\" target=\"_blank\">http:\/\/youtu.be\/3mcxXiGLpYA<\/a>\u00a0t\u0131klay\u0131p izlemenizi \u00f6neririm.<\/p>\n<p>&nbsp;<\/p>\n<p>Sayg\u0131lar, sevgiler.<\/p>\n<p>Abdurrahman Balc\u0131lar<\/p>\n<p>Twitter: abdurrahman\u00a0<a href=\"mailto:balc%C4%B1lar@abbalcilar\" target=\"_blank\">balc\u0131lar@abbalcilar<\/a><\/p>\n<p>mail :\u00a0<a href=\"mailto:ab.balcilar@hotmail.com\" target=\"_blank\">ab.balcilar@hotmail.com<\/a><\/p>\n<\/div>\n<\/div>\n","protected":false},"excerpt":{"rendered":"<p>01 Kas\u0131m &#8217;13 Kategori Magazin Ge\u00e7en haftaki 22 Ekim tarihli, \u201cA\u015fk\u0131n Yolu Bir\u00a0\u2013\u00c7a\u011fatay Ulusoy\u00a0&amp;\u00a0Hazal Kaya\u201d ba\u015fl\u0131kl\u0131 blog yaz\u0131mda,\u00a0AFK\u00a0hayranlar\u0131 bu filmle ilgili bir fragman yay\u0131nlad\u0131klar\u0131ndan bahsetmi\u015ftim. O fragman\u0131 yap\u0131lan dizinin birinci b\u00f6l\u00fcm\u00fc yap\u0131lm\u0131\u015f ve d\u00fcn mail kutuma d\u00fc\u015ft\u00fc. \u0130\u015fte o, Kaya &amp; Ulusoy\u2019dan gelen mail. KAYA &amp; ULUSOY\u00a0?@jhuc_gul\u00a030 Ekim @abbalcilar@yaseminozbudun@selcukozdemirA\u015fk\u0131n Yolu Bir-1.B\u00f6l\u00fcm (Fan Yap\u0131m):http:\/\/youtu.be\/3mcxXiGLpYA\u00a0\u0130yi seyirler. Birinci [&hellip;]<\/p>\n","protected":false},"author":3,"featured_media":0,"comment_status":"open","ping_status":"open","sticky":false,"template":"","format":"standard","meta":{"footnotes":""},"categories":[7],"tags":[128,127,15,19],"class_list":["post-205","post","type-post","status-publish","format-standard","hentry","category-magazin","tag-afk","tag-askin-yolu","tag-cagatay-ulusoy","tag-hazal-kaya"],"views":4993,"blog_post_layout_featured_media_urls":{"thumbnail":"","full":""},"categories_names":{"7":{"name":"Magazin","link":"https:\/\/balcilar-blog.com\/?cat=7"}},"tags_names":{"128":{"name":"AFK","link":"https:\/\/balcilar-blog.com\/?tag=afk"},"127":{"name":"A\u015fk\u0131n Yolu","link":"https:\/\/balcilar-blog.com\/?tag=askin-yolu"},"15":{"name":"\u00e7a\u011fatay ulusoy","link":"https:\/\/balcilar-blog.com\/?tag=cagatay-ulusoy"},"19":{"name":"Hazal Kaya","link":"https:\/\/balcilar-blog.com\/?tag=hazal-kaya"}},"comments_number":"0","wpmagazine_modules_lite_featured_media_urls":{"thumbnail":"","cvmm-medium":"","cvmm-medium-plus":"","cvmm-portrait":"","cvmm-medium-square":"","cvmm-large":"","cvmm-small":"","full":""},"_links":{"self":[{"href":"https:\/\/balcilar-blog.com\/index.php?rest_route=\/wp\/v2\/posts\/205","targetHints":{"allow":["GET"]}}],"collection":[{"href":"https:\/\/balcilar-blog.com\/index.php?rest_route=\/wp\/v2\/posts"}],"about":[{"href":"https:\/\/balcilar-blog.com\/index.php?rest_route=\/wp\/v2\/types\/post"}],"author":[{"embeddable":true,"href":"https:\/\/balcilar-blog.com\/index.php?rest_route=\/wp\/v2\/users\/3"}],"replies":[{"embeddable":true,"href":"https:\/\/balcilar-blog.com\/index.php?rest_route=%2Fwp%2Fv2%2Fcomments&post=205"}],"version-history":[{"count":1,"href":"https:\/\/balcilar-blog.com\/index.php?rest_route=\/wp\/v2\/posts\/205\/revisions"}],"predecessor-version":[{"id":206,"href":"https:\/\/balcilar-blog.com\/index.php?rest_route=\/wp\/v2\/posts\/205\/revisions\/206"}],"wp:attachment":[{"href":"https:\/\/balcilar-blog.com\/index.php?rest_route=%2Fwp%2Fv2%2Fmedia&parent=205"}],"wp:term":[{"taxonomy":"category","embeddable":true,"href":"https:\/\/balcilar-blog.com\/index.php?rest_route=%2Fwp%2Fv2%2Fcategories&post=205"},{"taxonomy":"post_tag","embeddable":true,"href":"https:\/\/balcilar-blog.com\/index.php?rest_route=%2Fwp%2Fv2%2Ftags&post=205"}],"curies":[{"name":"wp","href":"https:\/\/api.w.org\/{rel}","templated":true}]}}